{"id":40406,"date":"2019-03-19T15:04:48","date_gmt":"2019-03-19T15:04:48","guid":{"rendered":"http:\/\/www.celttv.com.ar\/?p=40406"},"modified":"2019-03-19T15:04:48","modified_gmt":"2019-03-19T15:04:48","slug":"sesiona-el-honorable-concejo-deliberante-2","status":"publish","type":"post","link":"https:\/\/www.celttv.com.ar\/index.php\/2019\/03\/19\/sesiona-el-honorable-concejo-deliberante-2\/","title":{"rendered":"SESIONA EL HONORABLE CONCEJO DELIBERANTE"},"content":{"rendered":"<p><strong><u>Orden del D\u00eda<\/u><\/strong><\/p>\n<p><strong>\u00a0<\/strong><\/p>\n<p><strong>1.- Aprobaci\u00f3n de las Actas N\u00ba 1080\/19, 1081\/19 y 1082\/19<\/strong>.&#8212;&#8212;&#8212;&#8212;&#8212;&#8212;&#8212;&#8212;&#8212;<\/p>\n<p>&nbsp;<\/p>\n<p><strong>2.- Comunicaciones Oficiales: <\/strong>&#8212;&#8212;&#8212;&#8212;&#8212;&#8212;&#8212;&#8212;&#8212;&#8212;&#8212;&#8212;&#8212;&#8212;&#8212;&#8212;&#8212;&#8212;&#8212;&#8212;&#8212;&#8212;-<\/p>\n<p>#<strong><u>Expte. <\/u><\/strong><strong><u>N\u00ba 027\/19:<\/u><\/strong> &#8211; D.E. &#8211; Convalida la firma del Convenio de Uso y Colaboraci\u00f3n celebrado entre el C.E.N.S. N\u00ba 451, la E.E.S. N\u00ba 4, la U.P.S.O. y la Municipalidad de Tornquist.&#8212;&#8212;&#8212;&#8212;&#8212;&#8212;&#8212;&#8212;&#8212;&#8212;&#8212;&#8212;&#8212;&#8212;&#8212;&#8212;&#8212;&#8212;&#8212;&#8212;&#8212;&#8212;&#8212;&#8212;&#8212;&#8212;&#8212;&#8212;&#8212;&#8212;&#8212;<\/p>\n<p>#<strong><u>Expte. <\/u><\/strong><strong><u>N\u00ba 039\/19:<\/u><\/strong> &#8211; Direcci\u00f3n de Cultura- Proyecto de Ordenanza: Zapperi Jovita &#8211; Donaci\u00f3n Piano Alem\u00e1n.&#8212;&#8212;&#8212;&#8212;&#8212;&#8212;&#8212;&#8212;&#8212;&#8212;&#8212;&#8212;&#8212;&#8212;&#8212;&#8212;&#8212;&#8212;&#8212;&#8212;&#8212;&#8212;&#8212;&#8212;&#8212;<\/p>\n<p>#<strong><u>Expte. <\/u><\/strong><strong><u>N\u00ba 041\/19:<\/u><\/strong> &#8211; D.E. \u2013 Convalida Convenio Servicio de Hemoterapia.&#8212;&#8212;&#8212;&#8211;<\/p>\n<p>#<strong><u>Expte. <\/u><\/strong><strong><u>N\u00ba 044\/19:<\/u><\/strong> &#8211; Plan Especial de Regularizaci\u00f3n de Deudas (Moratoria).&#8212;&#8212;-<\/p>\n<p>#<strong><u>Expte. <\/u><\/strong><strong><u>N\u00ba 048\/19:<\/u><\/strong> &#8211; D.E. \u2013 Convalida el Convenio Marco de Cooperaci\u00f3n celebrado con la Oficina Anticorrupci\u00f3n y la Oficina de Fortalecimiento Institucional.&#8212;&#8212;&#8212;&#8212;&#8212;&#8212;&#8212;&#8212;&#8212;&#8212;&#8212;&#8212;&#8212;&#8212;&#8212;&#8212;&#8212;&#8212;&#8212;&#8212;&#8212;&#8212;&#8212;&#8212;&#8212;&#8212;&#8212;&#8212;&#8212;&#8212;&#8212;<\/p>\n<p>#<strong><u>Expte. <\/u><\/strong><strong><u>N\u00ba 7088\/18:<\/u><\/strong> &#8211; Bloque Cambiemos Bs. As. \u2013 Minuta de Comunicaci\u00f3n: Ref. terminal de \u00f3mnibus en Saldungaray.&#8212;&#8212;&#8212;&#8212;&#8212;&#8212;&#8212;&#8212;&#8212;&#8212;&#8212;&#8212;&#8212;&#8212;&#8212;&#8212;&#8212;&#8212;&#8212;&#8212;<\/p>\n<p><strong>\u00a0<\/strong><\/p>\n<p><strong>3.-Dict\u00e1menes de las Comisiones<\/strong>: &#8212;&#8212;&#8212;&#8212;&#8212;&#8212;&#8212;&#8212;&#8212;&#8212;&#8212;&#8212;&#8212;&#8212;&#8212;&#8212;&#8212;&#8212;&#8212;&#8212;-<\/p>\n<p>#<strong><u>Expte. <\/u><\/strong><strong><u>N\u00ba 090\/17:<\/u><\/strong> &#8211; D.E. \u2013 Secretar\u00eda de Turismo \u2013 Proyecto de Ordenanza: Regulaci\u00f3n del servicio de alquiler de bicicletas.&#8212;&#8212;&#8212;&#8212;&#8212;&#8212;&#8212;&#8212;&#8212;&#8212;&#8212;&#8212;&#8212;&#8212;&#8212;-<\/p>\n<p>#<strong><u>Expte. <\/u><\/strong><strong><u>N\u00ba 6922\/17:<\/u><\/strong> &#8211; Bloque F.P.V. \u2013 Concejal Ant\u00f3n: Pedido de Informe: Solicita se informen las acciones tomadas para concluir la obra de energizaci\u00f3n del acueducto Sauce Grande y El Pinar.&#8212;&#8212;&#8212;&#8212;&#8212;&#8212;&#8212;&#8212;&#8212;&#8212;&#8212;&#8212;&#8212;&#8212;&#8212;&#8212;&#8212;&#8212;&#8212;&#8212;&#8211;<\/p>\n<p>#<strong><u>Expte. <\/u><\/strong><strong><u>N\u00ba 6936\/17:<\/u><\/strong> &#8211; Bloque F.P.V. \u2013 Proyecto de Ordenanza: Creaci\u00f3n en el \u00e1mbito del Distrito de Tornquist del Programa \u201cEn la Escuela te veo bien\u201d.&#8212;&#8212;&#8212;&#8212;<\/p>\n<p>#<strong><u>Expte. <\/u><\/strong><strong><u>N\u00ba 6939\/17:<\/u><\/strong> &#8211; Bloque F.P.V. \u2013 Proyecto de Ordenanza: Eximici\u00f3n pago Tasa de Servicios P\u00fablicos Urbanos a integrantes de los Cuerpos Activos de Asociaciones de Bomberos Voluntarios del Distrito de Tornquist (Deroga Ordenanza N\u00ba 795\/92).&#8212;&#8212;&#8212;&#8212;&#8212;&#8212;&#8212;&#8212;&#8212;&#8212;&#8212;&#8212;&#8212;&#8212;&#8212;&#8212;&#8212;&#8212;&#8212;&#8212;&#8212;&#8212;&#8212;&#8212;&#8212;&#8212;-<\/p>\n<p>#<strong><u>Expte. <\/u><\/strong><strong><u>N\u00ba 6996\/18:<\/u><\/strong> &#8211; Bloque Cambiemos Bs. As. \u2013 Pedido de Informe: Ref. luminarias en sector del Paseo Peatonal Gerardo Rattero de Tornquist.&#8212;&#8212;&#8212;&#8212;&#8212;<\/p>\n<p>#<strong><u>Expte. <\/u><\/strong><strong><u>N\u00ba 7032\/18:<\/u><\/strong> &#8211; N.P. \u2013 Mujer Arte y Memoria: Ref. Pedido de elevaci\u00f3n de cambios en la Ley 14.848 a ambas C\u00e1maras Provinciales.&#8212;&#8212;&#8212;&#8212;&#8212;&#8212;&#8212;&#8212;&#8212;&#8212;&#8212;<\/p>\n<p>#<strong><u>Expte. <\/u><\/strong><strong><u>N\u00ba 7034\/18:<\/u><\/strong> &#8211; Bloque Cambiemos Bs. As. \u2013 Proyecto de Resoluci\u00f3n: Ref. Proyecto de Ley sobre Extinci\u00f3n de Dominio y Reparaci\u00f3n de Bienes.&#8212;&#8212;&#8212;&#8212;&#8212;&#8211;<\/p>\n<p>#<strong><u>Expte. <\/u><\/strong><strong><u>N\u00ba 7056\/18:<\/u><\/strong> &#8211; N.P. \u2013 Delegado Coordinador Sitraic, Mart\u00edn Parada: Presenta Proyecto de Ordenanza ref. a garantizar el principio de Libertad Sindical.&#8212;&#8212;&#8212;&#8212;&#8212;&#8212;&#8212;&#8212;&#8212;&#8212;&#8212;&#8212;&#8212;&#8212;&#8212;&#8212;&#8212;&#8212;&#8212;&#8212;&#8212;&#8212;&#8212;&#8212;&#8212;&#8212;&#8212;&#8212;&#8212;&#8212;&#8212;&#8212;&#8212;<\/p>\n<p>#<strong><u>Expte. <\/u><\/strong><strong><u>N\u00ba 7064\/18:<\/u><\/strong> &#8211; N.P. \u2013 Manuel Gonz\u00e1lez Saenz: Presenta Proyecto de Ordenanza referente a la realizaci\u00f3n de un curso de capacitaci\u00f3n para candidatos a Concejales del Distrito.&#8212;&#8212;&#8212;&#8212;&#8212;&#8212;&#8212;&#8212;&#8212;&#8212;&#8212;&#8212;&#8212;&#8212;&#8212;&#8212;&#8212;&#8212;&#8212;&#8212;&#8212;&#8212;&#8212;&#8212;&#8212;&#8211;<\/p>\n<p>#<strong><u>Expte. <\/u><\/strong><strong><u>N\u00ba 7075\/18:<\/u><\/strong> &#8211; Bloques F.P.V. y P.J. \u2013 Solicita consulta al H.T.C. ref. Expte. N\u00ba 333\/18, Caratulado: \u201c- D.E. \u2013 Convalida la firma del Convenio Celebrado entre Luz de Tres Picos S.A. y la Municipalidad de Tornquist\u201d y Expte. N\u00ba 334\/18, Caratulado: \u201cD.E. \u2013 Convalida la firma del Convenio celebrado entre Energ\u00e9tica Argentina S.A. y la Municipalidad de Tornquist\u201d.&#8212;&#8212;&#8212;&#8212;&#8212;&#8212;&#8212;&#8212;&#8212;&#8212;&#8212;&#8212;&#8212;&#8212;&#8212;&#8211;<\/p>\n<p>#<strong><u>Expte. <\/u><\/strong><strong><u>N\u00ba 7085\/18:<\/u><\/strong> &#8211; N.P. &#8211; Mariana Devoto: Solicita considerar de Inter\u00e9s Cultural el Paseo Bonsai de Villa Ventana.&#8212;&#8212;&#8212;&#8212;&#8212;&#8212;&#8212;&#8212;&#8212;&#8212;&#8212;&#8212;&#8212;&#8212;&#8212;&#8212;&#8212;&#8212;<\/p>\n<p>#<strong><u>Expte. <\/u><\/strong><strong><u>N\u00ba 7090\/18:<\/u><\/strong> &#8211; N.P. Armando Arias: Solicita realizar un reconocimiento y colocaci\u00f3n de una placa en el Gimnasio Municipal en Memoria del Sr. H\u00e9ctor \u201cTito\u201d Mold\u00fa.&#8212;&#8212;&#8212;&#8212;&#8212;&#8212;&#8212;&#8212;&#8212;&#8212;&#8212;&#8212;&#8212;&#8212;&#8212;&#8212;&#8212;&#8212;&#8212;&#8212;&#8212;&#8212;&#8212;&#8212;&#8212;&#8212;&#8212;&#8212;&#8212;&#8212;&#8212;&#8212;&#8212;&#8211;<\/p>\n<p>#<strong><u>Expte. <\/u><\/strong><strong><u>N\u00ba 7092\/19:<\/u><\/strong> &#8211; Bloque Cambiemos Bs. As. \u2013 Proyecto de Ordenanza: Ref. uso terap\u00e9utico del cannabis.&#8212;&#8212;&#8212;&#8212;&#8212;&#8212;&#8212;&#8212;&#8212;&#8212;&#8212;&#8212;&#8212;&#8212;&#8212;&#8212;&#8212;&#8212;&#8212;&#8212;&#8212;&#8212;&#8212;&#8211;<\/p>\n<p>#<strong><u>Expte. <\/u><\/strong><strong><u>N\u00ba 7094\/19:<\/u><\/strong> &#8211; N.P. \u2013 Universidad Nacional del Sur: Solicita apoyo para el desarrollo de un proyecto de investigaci\u00f3n destinado a la conservaci\u00f3n de la Iguana de Cobre.&#8212;&#8212;&#8212;&#8212;&#8212;&#8212;&#8212;&#8212;&#8212;&#8212;&#8212;&#8212;&#8212;&#8212;&#8212;&#8212;&#8212;&#8212;&#8212;&#8212;&#8212;&#8212;&#8212;&#8212;&#8212;&#8212;&#8212;&#8212;&#8212;<\/p>\n<p>#<strong><u>Expte. <\/u><\/strong><strong><u>N\u00ba 7095\/19:<\/u><\/strong> &#8211; N.P. \u2013 Franco Mariano Badana: Ref. Reclamo sobre pauta publicitaria Emisora Fm Disco.&#8212;&#8212;&#8212;&#8212;&#8212;&#8212;&#8212;&#8212;&#8212;&#8212;&#8212;&#8212;&#8212;&#8212;&#8212;&#8212;&#8212;&#8212;&#8212;&#8212;&#8212;&#8212;&#8212;-<\/p>\n<p>#<strong><u>Expte. <\/u><\/strong><strong><u>N\u00ba 7096\/19:<\/u><\/strong> &#8211; N.P. \u2013 Maximiliano Oscar Bedouret: Solicita vi\u00e1tico para participar de competencias cicl\u00edsticas de alto rendimiento.&#8212;&#8212;&#8212;&#8212;&#8212;&#8212;&#8212;&#8212;&#8212;&#8212;&#8212;<\/p>\n<p>#<strong><u>Expte. <\/u><\/strong><strong><u>N\u00ba 7097\/19:<\/u><\/strong> &#8211; N.P. \u2013 Osvado Oscar Lofredo: Solicita se declare de Inter\u00e9s Municipal el medio gr\u00e1fico \u201cAvisos de la Sierra\u201d y su suplemento \u201cVentaneando en la Sierra\u201d.&#8212;&#8212;&#8212;&#8212;&#8212;&#8212;&#8212;&#8212;&#8212;&#8212;&#8212;&#8212;&#8212;&#8212;&#8212;&#8212;&#8212;&#8212;&#8212;&#8212;&#8212;&#8212;&#8212;&#8212;&#8212;&#8212;&#8212;&#8212;&#8212;&#8212;&#8212;&#8212;-<\/p>\n<p>#<strong><u>Expte. <\/u><\/strong><strong><u>N\u00ba 7098\/19:<\/u><\/strong> &#8211; N.P. \u2013 Equipo Organizador de la Feria del Libro en Sierra de la Ventana: Solicita se declare de Inter\u00e9s Municipal la 10\u00ba Edici\u00f3n de la Feria del Libro Sierra de la Ventana.&#8212;&#8212;&#8212;&#8212;&#8212;&#8212;&#8212;&#8212;&#8212;&#8212;&#8212;&#8212;&#8212;&#8212;&#8212;&#8212;&#8212;&#8212;&#8212;&#8212;&#8212;&#8212;&#8212;&#8212;&#8211;<\/p>\n<p>&nbsp;<\/p>\n<p><strong>4.- Proyectos Presentados.<\/strong>&#8212;&#8212;&#8212;&#8212;&#8212;&#8212;&#8212;&#8212;&#8212;&#8212;&#8212;&#8212;&#8212;&#8212;&#8212;&#8212;&#8212;&#8212;&#8212;&#8212;&#8212;&#8212;&#8212;&#8212;<\/p>\n<p><strong>5.- Asuntos Particulares.<\/strong> &#8212;&#8212;&#8212;&#8212;&#8212;&#8212;&#8212;&#8212;&#8212;&#8212;&#8212;&#8212;&#8212;&#8212;&#8212;&#8212;&#8212;&#8212;&#8212;&#8212;&#8212;&#8212;&#8212;&#8212;&#8211;<\/p>\n<p>&nbsp;<\/p>\n<p><strong><u>DIA DE LA SESION:<\/u><\/strong> 19 de marzo de 2019.-<\/p>\n<p><strong><u>HORA DE COMIENZO:<\/u><\/strong> 20:00 Hs.-<\/p>\n<p>&nbsp;<\/p>\n<p>&nbsp;<\/p>\n<p>&nbsp;<\/p>\n<p><strong>\u00a0\u00a0\u00a0\u00a0\u00a0\u00a0\u00a0 Germ\u00e1n de Larena\u00a0\u00a0\u00a0\u00a0\u00a0\u00a0\u00a0\u00a0\u00a0\u00a0\u00a0\u00a0\u00a0\u00a0\u00a0\u00a0\u00a0\u00a0\u00a0\u00a0\u00a0\u00a0\u00a0\u00a0\u00a0\u00a0\u00a0\u00a0\u00a0\u00a0\u00a0\u00a0\u00a0\u00a0\u00a0\u00a0\u00a0\u00a0\u00a0\u00a0\u00a0\u00a0\u00a0\u00a0\u00a0\u00a0\u00a0 Gustavo Moroncini<\/strong><\/p>\n<p><strong>\u00a0\u00a0\u00a0\u00a0\u00a0\u00a0\u00a0\u00a0\u00a0\u00a0\u00a0\u00a0\u00a0 Secretario\u00a0\u00a0\u00a0\u00a0\u00a0\u00a0\u00a0\u00a0\u00a0\u00a0\u00a0\u00a0\u00a0\u00a0\u00a0\u00a0 \u00a0\u00a0\u00a0\u00a0\u00a0\u00a0\u00a0\u00a0\u00a0\u00a0\u00a0\u00a0\u00a0\u00a0\u00a0\u00a0\u00a0\u00a0\u00a0\u00a0\u00a0\u00a0\u00a0\u00a0\u00a0\u00a0\u00a0\u00a0\u00a0\u00a0\u00a0\u00a0\u00a0\u00a0\u00a0\u00a0\u00a0\u00a0\u00a0\u00a0\u00a0\u00a0\u00a0\u00a0\u00a0\u00a0\u00a0Presidente<\/strong><\/p>\n<p><strong>\u00a0\u00a0\u00a0\u00a0\u00a0\u00a0\u00a0\u00a0\u00a0\u00a0\u00a0\u00a0\u00a0\u00a0\u00a0\u00a0\u00a0 H.C.D.\u00a0\u00a0\u00a0\u00a0\u00a0\u00a0\u00a0\u00a0\u00a0\u00a0\u00a0\u00a0\u00a0\u00a0\u00a0\u00a0\u00a0\u00a0\u00a0\u00a0\u00a0\u00a0\u00a0\u00a0\u00a0\u00a0\u00a0\u00a0\u00a0\u00a0\u00a0\u00a0\u00a0\u00a0\u00a0\u00a0\u00a0\u00a0\u00a0\u00a0\u00a0\u00a0\u00a0\u00a0\u00a0\u00a0\u00a0\u00a0\u00a0\u00a0\u00a0\u00a0\u00a0\u00a0\u00a0\u00a0\u00a0\u00a0\u00a0\u00a0\u00a0\u00a0\u00a0\u00a0\u00a0\u00a0\u00a0\u00a0\u00a0\u00a0\u00a0 H.C.D.<\/strong><\/p>\n<p>&nbsp;<\/p>\n<p>&nbsp;<\/p>\n","protected":false},"excerpt":{"rendered":"<p>Orden del D\u00eda \u00a0 1.- Aprobaci\u00f3n de las Actas N\u00ba 1080\/19, 1081\/19 y 1082\/19.&#8212;&#8212;&#8212;&#8212;&#8212;&#8212;&#8212;&#8212;&#8212; &nbsp; 2.- Comunicaciones Oficiales: &#8212;&#8212;&#8212;&#8212;&#8212;&#8212;&#8212;&#8212;&#8212;&#8212;&#8212;&#8212;&#8212;&#8212;&#8212;&#8212;&#8212;&#8212;&#8212;&#8212;&#8212;&#8212;- #Expte. N\u00ba 027\/19: &#8211; D.E. &#8211; Convalida la firma del Convenio de Uso y Colaboraci\u00f3n celebrado entre el C.E.N.S. N\u00ba 451, la E.E.S. N\u00ba 4, la U.P.S.O. y la Municipalidad de Tornquist.&#8212;&#8212;&#8212;&#8212;&#8212;&#8212;&#8212;&#8212;&#8212;&#8212;&#8212;&#8212;&#8212;&#8212;&#8212;&#8212;&#8212;&#8212;&#8212;&#8212;&#8212;&#8212;&#8212;&#8212;&#8212;&#8212;&#8212;&#8212;&#8212;&#8212;&#8212; #Expte. N\u00ba 039\/19: &#8211; [&hellip;]<\/p>\n","protected":false},"author":1,"featured_media":40407,"comment_status":"closed","ping_status":"open","sticky":false,"template":"","format":"standard","meta":{"footnotes":""},"categories":[55,52,53],"tags":[],"class_list":["post-40406","post","type-post","status-publish","format-standard","has-post-thumbnail","hentry","category-celt-tv-noticias","category-destacadas","category-politica"],"yoast_head":"<!-- This site is optimized with the Yoast SEO plugin v19.7.1 - https:\/\/yoast.com\/wordpress\/plugins\/seo\/ -->\n<title>SESIONA EL HONORABLE CONCEJO DELIBERANTE - CELTTV<\/title>\n<meta name=\"description\" content=\"Sitio web de noticias de la localidad de Tornquist, provincia de Buenos Aires, Rep\u00fablica Argentina. Contenido propio originado por periodistas de CELTTV, el canal de TV local de la Cooperativa El\u00e9ctrica de Tornquist. Turismo, Pol\u00edtica, Sociedad, Deporte, Cultura y todo el contenido de inter\u00e9s general que la gente del pueblo y la regi\u00f3n debe conocer.\" \/>\n<meta name=\"robots\" content=\"index, follow, max-snippet:-1, max-image-preview:large, max-video-preview:-1\" \/>\n<link rel=\"canonical\" href=\"https:\/\/www.celttv.com.ar\/index.php\/2019\/03\/19\/sesiona-el-honorable-concejo-deliberante-2\/\" \/>\n<meta property=\"og:locale\" content=\"es_ES\" \/>\n<meta property=\"og:type\" content=\"article\" \/>\n<meta property=\"og:title\" content=\"SESIONA EL HONORABLE CONCEJO DELIBERANTE - CELTTV\" \/>\n<meta property=\"og:description\" content=\"Sitio web de noticias de la localidad de Tornquist, provincia de Buenos Aires, Rep\u00fablica Argentina. Contenido propio originado por periodistas de CELTTV, el canal de TV local de la Cooperativa El\u00e9ctrica de Tornquist. Turismo, Pol\u00edtica, Sociedad, Deporte, Cultura y todo el contenido de inter\u00e9s general que la gente del pueblo y la regi\u00f3n debe conocer.\" \/>\n<meta property=\"og:url\" content=\"https:\/\/www.celttv.com.ar\/index.php\/2019\/03\/19\/sesiona-el-honorable-concejo-deliberante-2\/\" \/>\n<meta property=\"og:site_name\" content=\"CELTTV\" \/>\n<meta property=\"article:publisher\" content=\"https:\/\/www.facebook.com\/celtTV\/\" \/>\n<meta property=\"article:published_time\" content=\"2019-03-19T15:04:48+00:00\" \/>\n<meta property=\"og:image\" content=\"https:\/\/www.celttv.com.ar\/wp-content\/uploads\/2019\/03\/descarga-2.jpg\" \/>\n\t<meta property=\"og:image:width\" content=\"275\" \/>\n\t<meta property=\"og:image:height\" content=\"183\" \/>\n\t<meta property=\"og:image:type\" content=\"image\/jpeg\" \/>\n<meta name=\"author\" content=\"ulises\" \/>\n<meta name=\"twitter:card\" content=\"summary_large_image\" \/>\n<meta name=\"twitter:label1\" content=\"Escrito por\" \/>\n\t<meta name=\"twitter:data1\" content=\"ulises\" \/>\n\t<meta name=\"twitter:label2\" content=\"Tiempo de lectura\" \/>\n\t<meta name=\"twitter:data2\" content=\"4 minutos\" \/>\n<script type=\"application\/ld+json\" class=\"yoast-schema-graph\">{\"@context\":\"https:\/\/schema.org\",\"@graph\":[{\"@type\":\"NewsArticle\",\"@id\":\"https:\/\/www.celttv.com.ar\/index.php\/2019\/03\/19\/sesiona-el-honorable-concejo-deliberante-2\/#article\",\"isPartOf\":{\"@id\":\"https:\/\/www.celttv.com.ar\/index.php\/2019\/03\/19\/sesiona-el-honorable-concejo-deliberante-2\/\"},\"author\":{\"name\":\"ulises\",\"@id\":\"https:\/\/www.celttv.com.ar\/#\/schema\/person\/6d99c072dba59953809c81446e9d0ace\"},\"headline\":\"SESIONA EL HONORABLE CONCEJO DELIBERANTE\",\"datePublished\":\"2019-03-19T15:04:48+00:00\",\"dateModified\":\"2019-03-19T15:04:48+00:00\",\"mainEntityOfPage\":{\"@id\":\"https:\/\/www.celttv.com.ar\/index.php\/2019\/03\/19\/sesiona-el-honorable-concejo-deliberante-2\/\"},\"wordCount\":715,\"publisher\":{\"@id\":\"https:\/\/www.celttv.com.ar\/#organization\"},\"articleSection\":[\"Celt TV Noticias\",\"Destacadas\",\"Pol\u00edtica\"],\"inLanguage\":\"es\"},{\"@type\":\"WebPage\",\"@id\":\"https:\/\/www.celttv.com.ar\/index.php\/2019\/03\/19\/sesiona-el-honorable-concejo-deliberante-2\/\",\"url\":\"https:\/\/www.celttv.com.ar\/index.php\/2019\/03\/19\/sesiona-el-honorable-concejo-deliberante-2\/\",\"name\":\"SESIONA EL HONORABLE CONCEJO DELIBERANTE - CELTTV\",\"isPartOf\":{\"@id\":\"https:\/\/www.celttv.com.ar\/#website\"},\"datePublished\":\"2019-03-19T15:04:48+00:00\",\"dateModified\":\"2019-03-19T15:04:48+00:00\",\"description\":\"Sitio web de noticias de la localidad de Tornquist, provincia de Buenos Aires, Rep\u00fablica Argentina. Contenido propio originado por periodistas de CELTTV, el canal de TV local de la Cooperativa El\u00e9ctrica de Tornquist. Turismo, Pol\u00edtica, Sociedad, Deporte, Cultura y todo el contenido de inter\u00e9s general que la gente del pueblo y la regi\u00f3n debe conocer.\",\"breadcrumb\":{\"@id\":\"https:\/\/www.celttv.com.ar\/index.php\/2019\/03\/19\/sesiona-el-honorable-concejo-deliberante-2\/#breadcrumb\"},\"inLanguage\":\"es\",\"potentialAction\":[{\"@type\":\"ReadAction\",\"target\":[\"https:\/\/www.celttv.com.ar\/index.php\/2019\/03\/19\/sesiona-el-honorable-concejo-deliberante-2\/\"]}]},{\"@type\":\"BreadcrumbList\",\"@id\":\"https:\/\/www.celttv.com.ar\/index.php\/2019\/03\/19\/sesiona-el-honorable-concejo-deliberante-2\/#breadcrumb\",\"itemListElement\":[{\"@type\":\"ListItem\",\"position\":1,\"name\":\"Inicio\",\"item\":\"https:\/\/www.celttv.com.ar\/\"},{\"@type\":\"ListItem\",\"position\":2,\"name\":\"SESIONA EL HONORABLE CONCEJO DELIBERANTE\"}]},{\"@type\":\"WebSite\",\"@id\":\"https:\/\/www.celttv.com.ar\/#website\",\"url\":\"https:\/\/www.celttv.com.ar\/\",\"name\":\"CELTTV\",\"description\":\"Cooperativa El\u00e9ctrica de Tornquist\",\"publisher\":{\"@id\":\"https:\/\/www.celttv.com.ar\/#organization\"},\"potentialAction\":[{\"@type\":\"SearchAction\",\"target\":{\"@type\":\"EntryPoint\",\"urlTemplate\":\"https:\/\/www.celttv.com.ar\/?s={search_term_string}\"},\"query-input\":\"required name=search_term_string\"}],\"inLanguage\":\"es\"},{\"@type\":\"Organization\",\"@id\":\"https:\/\/www.celttv.com.ar\/#organization\",\"name\":\"CELTTV\",\"url\":\"https:\/\/www.celttv.com.ar\/\",\"sameAs\":[\"https:\/\/www.youtube.com\/channel\/UCz_oIt8Hig64Ub-EmcNPIhg\",\"https:\/\/www.facebook.com\/celtTV\/\"],\"logo\":{\"@type\":\"ImageObject\",\"inLanguage\":\"es\",\"@id\":\"https:\/\/www.celttv.com.ar\/#\/schema\/logo\/image\/\",\"url\":\"http:\/\/www.celttv.com.ar\/wp-content\/uploads\/2022\/08\/logo-1.png\",\"contentUrl\":\"http:\/\/www.celttv.com.ar\/wp-content\/uploads\/2022\/08\/logo-1.png\",\"width\":461,\"height\":159,\"caption\":\"CELTTV\"},\"image\":{\"@id\":\"https:\/\/www.celttv.com.ar\/#\/schema\/logo\/image\/\"}},{\"@type\":\"Person\",\"@id\":\"https:\/\/www.celttv.com.ar\/#\/schema\/person\/6d99c072dba59953809c81446e9d0ace\",\"name\":\"ulises\",\"image\":{\"@type\":\"ImageObject\",\"inLanguage\":\"es\",\"@id\":\"https:\/\/www.celttv.com.ar\/#\/schema\/person\/image\/\",\"url\":\"https:\/\/secure.gravatar.com\/avatar\/7f2c48bdc33b30088f941fb6082e555f2874c98e20cb159d7b92b50eadfce793?s=96&d=mm&r=g\",\"contentUrl\":\"https:\/\/secure.gravatar.com\/avatar\/7f2c48bdc33b30088f941fb6082e555f2874c98e20cb159d7b92b50eadfce793?s=96&d=mm&r=g\",\"caption\":\"ulises\"},\"sameAs\":[\"http:\/\/www.celttv.com.ar\"]}]}<\/script>\n<!-- \/ Yoast SEO plugin. -->","yoast_head_json":{"title":"SESIONA EL HONORABLE CONCEJO DELIBERANTE - CELTTV","description":"Sitio web de noticias de la localidad de Tornquist, provincia de Buenos Aires, Rep\u00fablica Argentina. Contenido propio originado por periodistas de CELTTV, el canal de TV local de la Cooperativa El\u00e9ctrica de Tornquist. Turismo, Pol\u00edtica, Sociedad, Deporte, Cultura y todo el contenido de inter\u00e9s general que la gente del pueblo y la regi\u00f3n debe conocer.","robots":{"index":"index","follow":"follow","max-snippet":"max-snippet:-1","max-image-preview":"max-image-preview:large","max-video-preview":"max-video-preview:-1"},"canonical":"https:\/\/www.celttv.com.ar\/index.php\/2019\/03\/19\/sesiona-el-honorable-concejo-deliberante-2\/","og_locale":"es_ES","og_type":"article","og_title":"SESIONA EL HONORABLE CONCEJO DELIBERANTE - CELTTV","og_description":"Sitio web de noticias de la localidad de Tornquist, provincia de Buenos Aires, Rep\u00fablica Argentina. Contenido propio originado por periodistas de CELTTV, el canal de TV local de la Cooperativa El\u00e9ctrica de Tornquist. Turismo, Pol\u00edtica, Sociedad, Deporte, Cultura y todo el contenido de inter\u00e9s general que la gente del pueblo y la regi\u00f3n debe conocer.","og_url":"https:\/\/www.celttv.com.ar\/index.php\/2019\/03\/19\/sesiona-el-honorable-concejo-deliberante-2\/","og_site_name":"CELTTV","article_publisher":"https:\/\/www.facebook.com\/celtTV\/","article_published_time":"2019-03-19T15:04:48+00:00","og_image":[{"width":275,"height":183,"url":"https:\/\/www.celttv.com.ar\/wp-content\/uploads\/2019\/03\/descarga-2.jpg","type":"image\/jpeg"}],"author":"ulises","twitter_card":"summary_large_image","twitter_misc":{"Escrito por":"ulises","Tiempo de lectura":"4 minutos"},"schema":{"@context":"https:\/\/schema.org","@graph":[{"@type":"NewsArticle","@id":"https:\/\/www.celttv.com.ar\/index.php\/2019\/03\/19\/sesiona-el-honorable-concejo-deliberante-2\/#article","isPartOf":{"@id":"https:\/\/www.celttv.com.ar\/index.php\/2019\/03\/19\/sesiona-el-honorable-concejo-deliberante-2\/"},"author":{"name":"ulises","@id":"https:\/\/www.celttv.com.ar\/#\/schema\/person\/6d99c072dba59953809c81446e9d0ace"},"headline":"SESIONA EL HONORABLE CONCEJO DELIBERANTE","datePublished":"2019-03-19T15:04:48+00:00","dateModified":"2019-03-19T15:04:48+00:00","mainEntityOfPage":{"@id":"https:\/\/www.celttv.com.ar\/index.php\/2019\/03\/19\/sesiona-el-honorable-concejo-deliberante-2\/"},"wordCount":715,"publisher":{"@id":"https:\/\/www.celttv.com.ar\/#organization"},"articleSection":["Celt TV Noticias","Destacadas","Pol\u00edtica"],"inLanguage":"es"},{"@type":"WebPage","@id":"https:\/\/www.celttv.com.ar\/index.php\/2019\/03\/19\/sesiona-el-honorable-concejo-deliberante-2\/","url":"https:\/\/www.celttv.com.ar\/index.php\/2019\/03\/19\/sesiona-el-honorable-concejo-deliberante-2\/","name":"SESIONA EL HONORABLE CONCEJO DELIBERANTE - CELTTV","isPartOf":{"@id":"https:\/\/www.celttv.com.ar\/#website"},"datePublished":"2019-03-19T15:04:48+00:00","dateModified":"2019-03-19T15:04:48+00:00","description":"Sitio web de noticias de la localidad de Tornquist, provincia de Buenos Aires, Rep\u00fablica Argentina. Contenido propio originado por periodistas de CELTTV, el canal de TV local de la Cooperativa El\u00e9ctrica de Tornquist. Turismo, Pol\u00edtica, Sociedad, Deporte, Cultura y todo el contenido de inter\u00e9s general que la gente del pueblo y la regi\u00f3n debe conocer.","breadcrumb":{"@id":"https:\/\/www.celttv.com.ar\/index.php\/2019\/03\/19\/sesiona-el-honorable-concejo-deliberante-2\/#breadcrumb"},"inLanguage":"es","potentialAction":[{"@type":"ReadAction","target":["https:\/\/www.celttv.com.ar\/index.php\/2019\/03\/19\/sesiona-el-honorable-concejo-deliberante-2\/"]}]},{"@type":"BreadcrumbList","@id":"https:\/\/www.celttv.com.ar\/index.php\/2019\/03\/19\/sesiona-el-honorable-concejo-deliberante-2\/#breadcrumb","itemListElement":[{"@type":"ListItem","position":1,"name":"Inicio","item":"https:\/\/www.celttv.com.ar\/"},{"@type":"ListItem","position":2,"name":"SESIONA EL HONORABLE CONCEJO DELIBERANTE"}]},{"@type":"WebSite","@id":"https:\/\/www.celttv.com.ar\/#website","url":"https:\/\/www.celttv.com.ar\/","name":"CELTTV","description":"Cooperativa El\u00e9ctrica de Tornquist","publisher":{"@id":"https:\/\/www.celttv.com.ar\/#organization"},"potentialAction":[{"@type":"SearchAction","target":{"@type":"EntryPoint","urlTemplate":"https:\/\/www.celttv.com.ar\/?s={search_term_string}"},"query-input":"required name=search_term_string"}],"inLanguage":"es"},{"@type":"Organization","@id":"https:\/\/www.celttv.com.ar\/#organization","name":"CELTTV","url":"https:\/\/www.celttv.com.ar\/","sameAs":["https:\/\/www.youtube.com\/channel\/UCz_oIt8Hig64Ub-EmcNPIhg","https:\/\/www.facebook.com\/celtTV\/"],"logo":{"@type":"ImageObject","inLanguage":"es","@id":"https:\/\/www.celttv.com.ar\/#\/schema\/logo\/image\/","url":"http:\/\/www.celttv.com.ar\/wp-content\/uploads\/2022\/08\/logo-1.png","contentUrl":"http:\/\/www.celttv.com.ar\/wp-content\/uploads\/2022\/08\/logo-1.png","width":461,"height":159,"caption":"CELTTV"},"image":{"@id":"https:\/\/www.celttv.com.ar\/#\/schema\/logo\/image\/"}},{"@type":"Person","@id":"https:\/\/www.celttv.com.ar\/#\/schema\/person\/6d99c072dba59953809c81446e9d0ace","name":"ulises","image":{"@type":"ImageObject","inLanguage":"es","@id":"https:\/\/www.celttv.com.ar\/#\/schema\/person\/image\/","url":"https:\/\/secure.gravatar.com\/avatar\/7f2c48bdc33b30088f941fb6082e555f2874c98e20cb159d7b92b50eadfce793?s=96&d=mm&r=g","contentUrl":"https:\/\/secure.gravatar.com\/avatar\/7f2c48bdc33b30088f941fb6082e555f2874c98e20cb159d7b92b50eadfce793?s=96&d=mm&r=g","caption":"ulises"},"sameAs":["http:\/\/www.celttv.com.ar"]}]}},"_links":{"self":[{"href":"https:\/\/www.celttv.com.ar\/index.php\/wp-json\/wp\/v2\/posts\/40406","targetHints":{"allow":["GET"]}}],"collection":[{"href":"https:\/\/www.celttv.com.ar\/index.php\/wp-json\/wp\/v2\/posts"}],"about":[{"href":"https:\/\/www.celttv.com.ar\/index.php\/wp-json\/wp\/v2\/types\/post"}],"author":[{"embeddable":true,"href":"https:\/\/www.celttv.com.ar\/index.php\/wp-json\/wp\/v2\/users\/1"}],"replies":[{"embeddable":true,"href":"https:\/\/www.celttv.com.ar\/index.php\/wp-json\/wp\/v2\/comments?post=40406"}],"version-history":[{"count":0,"href":"https:\/\/www.celttv.com.ar\/index.php\/wp-json\/wp\/v2\/posts\/40406\/revisions"}],"wp:featuredmedia":[{"embeddable":true,"href":"https:\/\/www.celttv.com.ar\/index.php\/wp-json\/wp\/v2\/media\/40407"}],"wp:attachment":[{"href":"https:\/\/www.celttv.com.ar\/index.php\/wp-json\/wp\/v2\/media?parent=40406"}],"wp:term":[{"taxonomy":"category","embeddable":true,"href":"https:\/\/www.celttv.com.ar\/index.php\/wp-json\/wp\/v2\/categories?post=40406"},{"taxonomy":"post_tag","embeddable":true,"href":"https:\/\/www.celttv.com.ar\/index.php\/wp-json\/wp\/v2\/tags?post=40406"}],"curies":[{"name":"wp","href":"https:\/\/api.w.org\/{rel}","templated":true}]}}