{"id":40409,"date":"2019-03-19T15:08:01","date_gmt":"2019-03-19T15:08:01","guid":{"rendered":"http:\/\/www.celttv.com.ar\/?p=40409"},"modified":"2019-03-19T15:08:01","modified_gmt":"2019-03-19T15:08:01","slug":"inscripcion-abierta-para-los-torneos-bonaerenses-2019","status":"publish","type":"post","link":"https:\/\/www.celttv.com.ar\/index.php\/2019\/03\/19\/inscripcion-abierta-para-los-torneos-bonaerenses-2019\/","title":{"rendered":"Inscripci\u00f3n abierta para los Torneos Bonaerenses 2019"},"content":{"rendered":"<p>La Direcci\u00f3n de Deportes Municipal informa a todos los interesados, que comienza la inscripci\u00f3n para la pr\u00f3xima edici\u00f3n de los Torneos Bonaerenses.<\/p>\n<p>Los interesados podr\u00e1n anotarse a trav\u00e9s de la p\u00e1gina: plenus.juego.gba.gob.ar hasta el d\u00eda 26 de abril.<\/p>\n<p>Para mayor informaci\u00f3n acercarse a la Direcci\u00f3n de Deportes (Moreno N\u00b095) de 8 a 14hs, o a las distintas delegaciones municipales.<\/p>\n<p><a href=\"http:\/\/www.celttv.com.ar\/?attachment_id=40411\" rel=\"attachment wp-att-40411\"><img loading=\"lazy\" decoding=\"async\" class=\"alignleft size-medium wp-image-40411\" src=\"http:\/\/www.celttv.com.ar\/wp-content\/uploads\/2019\/03\/WhatsApp-Image-2019-03-19-at-09.44.24-1.jpeg\" alt=\"\" width=\"780\" height=\"780\" srcset=\"https:\/\/www.celttv.com.ar\/wp-content\/uploads\/2019\/03\/WhatsApp-Image-2019-03-19-at-09.44.24-1.jpeg 1080w, https:\/\/www.celttv.com.ar\/wp-content\/uploads\/2019\/03\/WhatsApp-Image-2019-03-19-at-09.44.24-1-300x300.jpeg 300w, https:\/\/www.celttv.com.ar\/wp-content\/uploads\/2019\/03\/WhatsApp-Image-2019-03-19-at-09.44.24-1-1024x1024.jpeg 1024w, https:\/\/www.celttv.com.ar\/wp-content\/uploads\/2019\/03\/WhatsApp-Image-2019-03-19-at-09.44.24-1-150x150.jpeg 150w, https:\/\/www.celttv.com.ar\/wp-content\/uploads\/2019\/03\/WhatsApp-Image-2019-03-19-at-09.44.24-1-768x768.jpeg 768w, https:\/\/www.celttv.com.ar\/wp-content\/uploads\/2019\/03\/WhatsApp-Image-2019-03-19-at-09.44.24-1-75x75.jpeg 75w, https:\/\/www.celttv.com.ar\/wp-content\/uploads\/2019\/03\/WhatsApp-Image-2019-03-19-at-09.44.24-1-750x750.jpeg 750w\" sizes=\"auto, (max-width: 780px) 100vw, 780px\" \/><\/a> <a href=\"http:\/\/www.celttv.com.ar\/?attachment_id=40412\" rel=\"attachment wp-att-40412\"><img loading=\"lazy\" decoding=\"async\" class=\"alignleft size-medium wp-image-40412\" src=\"http:\/\/www.celttv.com.ar\/wp-content\/uploads\/2019\/03\/WhatsApp-Image-2019-03-19-at-09.44.24.jpeg\" alt=\"\" width=\"780\" height=\"780\" srcset=\"https:\/\/www.celttv.com.ar\/wp-content\/uploads\/2019\/03\/WhatsApp-Image-2019-03-19-at-09.44.24.jpeg 1080w, https:\/\/www.celttv.com.ar\/wp-content\/uploads\/2019\/03\/WhatsApp-Image-2019-03-19-at-09.44.24-300x300.jpeg 300w, https:\/\/www.celttv.com.ar\/wp-content\/uploads\/2019\/03\/WhatsApp-Image-2019-03-19-at-09.44.24-1024x1024.jpeg 1024w, https:\/\/www.celttv.com.ar\/wp-content\/uploads\/2019\/03\/WhatsApp-Image-2019-03-19-at-09.44.24-150x150.jpeg 150w, https:\/\/www.celttv.com.ar\/wp-content\/uploads\/2019\/03\/WhatsApp-Image-2019-03-19-at-09.44.24-768x768.jpeg 768w, https:\/\/www.celttv.com.ar\/wp-content\/uploads\/2019\/03\/WhatsApp-Image-2019-03-19-at-09.44.24-75x75.jpeg 75w, https:\/\/www.celttv.com.ar\/wp-content\/uploads\/2019\/03\/WhatsApp-Image-2019-03-19-at-09.44.24-750x750.jpeg 750w\" sizes=\"auto, (max-width: 780px) 100vw, 780px\" \/><\/a> <a href=\"http:\/\/www.celttv.com.ar\/?attachment_id=40413\" rel=\"attachment wp-att-40413\"><img loading=\"lazy\" decoding=\"async\" class=\"alignleft size-medium wp-image-40413\" src=\"http:\/\/www.celttv.com.ar\/wp-content\/uploads\/2019\/03\/WhatsApp-Image-2019-03-19-at-09.44.25-1.jpeg\" alt=\"\" width=\"780\" height=\"780\" srcset=\"https:\/\/www.celttv.com.ar\/wp-content\/uploads\/2019\/03\/WhatsApp-Image-2019-03-19-at-09.44.25-1.jpeg 1080w, https:\/\/www.celttv.com.ar\/wp-content\/uploads\/2019\/03\/WhatsApp-Image-2019-03-19-at-09.44.25-1-300x300.jpeg 300w, https:\/\/www.celttv.com.ar\/wp-content\/uploads\/2019\/03\/WhatsApp-Image-2019-03-19-at-09.44.25-1-1024x1024.jpeg 1024w, https:\/\/www.celttv.com.ar\/wp-content\/uploads\/2019\/03\/WhatsApp-Image-2019-03-19-at-09.44.25-1-150x150.jpeg 150w, https:\/\/www.celttv.com.ar\/wp-content\/uploads\/2019\/03\/WhatsApp-Image-2019-03-19-at-09.44.25-1-768x768.jpeg 768w, https:\/\/www.celttv.com.ar\/wp-content\/uploads\/2019\/03\/WhatsApp-Image-2019-03-19-at-09.44.25-1-75x75.jpeg 75w, https:\/\/www.celttv.com.ar\/wp-content\/uploads\/2019\/03\/WhatsApp-Image-2019-03-19-at-09.44.25-1-750x750.jpeg 750w\" sizes=\"auto, (max-width: 780px) 100vw, 780px\" \/><\/a> <a href=\"http:\/\/www.celttv.com.ar\/?attachment_id=40414\" rel=\"attachment wp-att-40414\"><img loading=\"lazy\" decoding=\"async\" class=\"alignleft size-full wp-image-40414\" src=\"http:\/\/www.celttv.com.ar\/wp-content\/uploads\/2019\/03\/WhatsApp-Image-2019-03-19-at-09.44.25.jpeg\" alt=\"\" width=\"1080\" height=\"1080\" srcset=\"https:\/\/www.celttv.com.ar\/wp-content\/uploads\/2019\/03\/WhatsApp-Image-2019-03-19-at-09.44.25.jpeg 1080w, https:\/\/www.celttv.com.ar\/wp-content\/uploads\/2019\/03\/WhatsApp-Image-2019-03-19-at-09.44.25-300x300.jpeg 300w, https:\/\/www.celttv.com.ar\/wp-content\/uploads\/2019\/03\/WhatsApp-Image-2019-03-19-at-09.44.25-1024x1024.jpeg 1024w, https:\/\/www.celttv.com.ar\/wp-content\/uploads\/2019\/03\/WhatsApp-Image-2019-03-19-at-09.44.25-150x150.jpeg 150w, https:\/\/www.celttv.com.ar\/wp-content\/uploads\/2019\/03\/WhatsApp-Image-2019-03-19-at-09.44.25-768x768.jpeg 768w, https:\/\/www.celttv.com.ar\/wp-content\/uploads\/2019\/03\/WhatsApp-Image-2019-03-19-at-09.44.25-75x75.jpeg 75w, https:\/\/www.celttv.com.ar\/wp-content\/uploads\/2019\/03\/WhatsApp-Image-2019-03-19-at-09.44.25-750x750.jpeg 750w\" sizes=\"auto, (max-width: 1080px) 100vw, 1080px\" \/><\/a><\/p>\n<p>&nbsp;<\/p>\n","protected":false},"excerpt":{"rendered":"<p>La Direcci\u00f3n de Deportes Municipal informa a todos los interesados, que comienza la inscripci\u00f3n para la pr\u00f3xima edici\u00f3n de los Torneos Bonaerenses. Los interesados podr\u00e1n anotarse a trav\u00e9s de la p\u00e1gina: plenus.juego.gba.gob.ar hasta el d\u00eda 26 de abril. Para mayor informaci\u00f3n acercarse a la Direcci\u00f3n de Deportes (Moreno N\u00b095) de 8 a 14hs, o a [&hellip;]<\/p>\n","protected":false},"author":1,"featured_media":40410,"comment_status":"closed","ping_status":"open","sticky":false,"template":"","format":"standard","meta":{"footnotes":""},"categories":[55,60,52,63],"tags":[],"class_list":["post-40409","post","type-post","status-publish","format-standard","has-post-thumbnail","hentry","category-celt-tv-noticias","category-deporte","category-destacadas","category-magazine-sport"],"yoast_head":"<!-- This site is optimized with the Yoast SEO plugin v19.7.1 - https:\/\/yoast.com\/wordpress\/plugins\/seo\/ -->\n<title>Inscripci\u00f3n abierta para los Torneos Bonaerenses 2019 - CELTTV<\/title>\n<meta name=\"description\" content=\"Sitio web de noticias de la localidad de Tornquist, provincia de Buenos Aires, Rep\u00fablica Argentina. Contenido propio originado por periodistas de CELTTV, el canal de TV local de la Cooperativa El\u00e9ctrica de Tornquist. Turismo, Pol\u00edtica, Sociedad, Deporte, Cultura y todo el contenido de inter\u00e9s general que la gente del pueblo y la regi\u00f3n debe conocer.\" \/>\n<meta name=\"robots\" content=\"index, follow, max-snippet:-1, max-image-preview:large, max-video-preview:-1\" \/>\n<link rel=\"canonical\" href=\"https:\/\/www.celttv.com.ar\/index.php\/2019\/03\/19\/inscripcion-abierta-para-los-torneos-bonaerenses-2019\/\" \/>\n<meta property=\"og:locale\" content=\"es_ES\" \/>\n<meta property=\"og:type\" content=\"article\" \/>\n<meta property=\"og:title\" content=\"Inscripci\u00f3n abierta para los Torneos Bonaerenses 2019 - CELTTV\" \/>\n<meta property=\"og:description\" content=\"Sitio web de noticias de la localidad de Tornquist, provincia de Buenos Aires, Rep\u00fablica Argentina. Contenido propio originado por periodistas de CELTTV, el canal de TV local de la Cooperativa El\u00e9ctrica de Tornquist. Turismo, Pol\u00edtica, Sociedad, Deporte, Cultura y todo el contenido de inter\u00e9s general que la gente del pueblo y la regi\u00f3n debe conocer.\" \/>\n<meta property=\"og:url\" content=\"https:\/\/www.celttv.com.ar\/index.php\/2019\/03\/19\/inscripcion-abierta-para-los-torneos-bonaerenses-2019\/\" \/>\n<meta property=\"og:site_name\" content=\"CELTTV\" \/>\n<meta property=\"article:publisher\" content=\"https:\/\/www.facebook.com\/celtTV\/\" \/>\n<meta property=\"article:published_time\" content=\"2019-03-19T15:08:01+00:00\" \/>\n<meta property=\"og:image\" content=\"https:\/\/www.celttv.com.ar\/wp-content\/uploads\/2019\/03\/WhatsApp-Image-2019-03-19-at-09.44.23.jpeg\" \/>\n\t<meta property=\"og:image:width\" content=\"1080\" \/>\n\t<meta property=\"og:image:height\" content=\"1080\" \/>\n\t<meta property=\"og:image:type\" content=\"image\/jpeg\" \/>\n<meta name=\"author\" content=\"ulises\" \/>\n<meta name=\"twitter:card\" content=\"summary_large_image\" \/>\n<meta name=\"twitter:label1\" content=\"Escrito por\" \/>\n\t<meta name=\"twitter:data1\" content=\"ulises\" \/>\n<script type=\"application\/ld+json\" class=\"yoast-schema-graph\">{\"@context\":\"https:\/\/schema.org\",\"@graph\":[{\"@type\":\"NewsArticle\",\"@id\":\"https:\/\/www.celttv.com.ar\/index.php\/2019\/03\/19\/inscripcion-abierta-para-los-torneos-bonaerenses-2019\/#article\",\"isPartOf\":{\"@id\":\"https:\/\/www.celttv.com.ar\/index.php\/2019\/03\/19\/inscripcion-abierta-para-los-torneos-bonaerenses-2019\/\"},\"author\":{\"name\":\"ulises\",\"@id\":\"https:\/\/www.celttv.com.ar\/#\/schema\/person\/6d99c072dba59953809c81446e9d0ace\"},\"headline\":\"Inscripci\u00f3n abierta para los Torneos Bonaerenses 2019\",\"datePublished\":\"2019-03-19T15:08:01+00:00\",\"dateModified\":\"2019-03-19T15:08:01+00:00\",\"mainEntityOfPage\":{\"@id\":\"https:\/\/www.celttv.com.ar\/index.php\/2019\/03\/19\/inscripcion-abierta-para-los-torneos-bonaerenses-2019\/\"},\"wordCount\":79,\"publisher\":{\"@id\":\"https:\/\/www.celttv.com.ar\/#organization\"},\"articleSection\":[\"Celt TV Noticias\",\"Deporte\",\"Destacadas\",\"Magazine Sport\"],\"inLanguage\":\"es\"},{\"@type\":\"WebPage\",\"@id\":\"https:\/\/www.celttv.com.ar\/index.php\/2019\/03\/19\/inscripcion-abierta-para-los-torneos-bonaerenses-2019\/\",\"url\":\"https:\/\/www.celttv.com.ar\/index.php\/2019\/03\/19\/inscripcion-abierta-para-los-torneos-bonaerenses-2019\/\",\"name\":\"Inscripci\u00f3n abierta para los Torneos Bonaerenses 2019 - CELTTV\",\"isPartOf\":{\"@id\":\"https:\/\/www.celttv.com.ar\/#website\"},\"datePublished\":\"2019-03-19T15:08:01+00:00\",\"dateModified\":\"2019-03-19T15:08:01+00:00\",\"description\":\"Sitio web de noticias de la localidad de Tornquist, provincia de Buenos Aires, Rep\u00fablica Argentina. Contenido propio originado por periodistas de CELTTV, el canal de TV local de la Cooperativa El\u00e9ctrica de Tornquist. Turismo, Pol\u00edtica, Sociedad, Deporte, Cultura y todo el contenido de inter\u00e9s general que la gente del pueblo y la regi\u00f3n debe conocer.\",\"breadcrumb\":{\"@id\":\"https:\/\/www.celttv.com.ar\/index.php\/2019\/03\/19\/inscripcion-abierta-para-los-torneos-bonaerenses-2019\/#breadcrumb\"},\"inLanguage\":\"es\",\"potentialAction\":[{\"@type\":\"ReadAction\",\"target\":[\"https:\/\/www.celttv.com.ar\/index.php\/2019\/03\/19\/inscripcion-abierta-para-los-torneos-bonaerenses-2019\/\"]}]},{\"@type\":\"BreadcrumbList\",\"@id\":\"https:\/\/www.celttv.com.ar\/index.php\/2019\/03\/19\/inscripcion-abierta-para-los-torneos-bonaerenses-2019\/#breadcrumb\",\"itemListElement\":[{\"@type\":\"ListItem\",\"position\":1,\"name\":\"Inicio\",\"item\":\"https:\/\/www.celttv.com.ar\/\"},{\"@type\":\"ListItem\",\"position\":2,\"name\":\"Inscripci\u00f3n abierta para los Torneos Bonaerenses 2019\"}]},{\"@type\":\"WebSite\",\"@id\":\"https:\/\/www.celttv.com.ar\/#website\",\"url\":\"https:\/\/www.celttv.com.ar\/\",\"name\":\"CELTTV\",\"description\":\"Cooperativa El\u00e9ctrica de Tornquist\",\"publisher\":{\"@id\":\"https:\/\/www.celttv.com.ar\/#organization\"},\"potentialAction\":[{\"@type\":\"SearchAction\",\"target\":{\"@type\":\"EntryPoint\",\"urlTemplate\":\"https:\/\/www.celttv.com.ar\/?s={search_term_string}\"},\"query-input\":\"required name=search_term_string\"}],\"inLanguage\":\"es\"},{\"@type\":\"Organization\",\"@id\":\"https:\/\/www.celttv.com.ar\/#organization\",\"name\":\"CELTTV\",\"url\":\"https:\/\/www.celttv.com.ar\/\",\"sameAs\":[\"https:\/\/www.youtube.com\/channel\/UCz_oIt8Hig64Ub-EmcNPIhg\",\"https:\/\/www.facebook.com\/celtTV\/\"],\"logo\":{\"@type\":\"ImageObject\",\"inLanguage\":\"es\",\"@id\":\"https:\/\/www.celttv.com.ar\/#\/schema\/logo\/image\/\",\"url\":\"http:\/\/www.celttv.com.ar\/wp-content\/uploads\/2022\/08\/logo-1.png\",\"contentUrl\":\"http:\/\/www.celttv.com.ar\/wp-content\/uploads\/2022\/08\/logo-1.png\",\"width\":461,\"height\":159,\"caption\":\"CELTTV\"},\"image\":{\"@id\":\"https:\/\/www.celttv.com.ar\/#\/schema\/logo\/image\/\"}},{\"@type\":\"Person\",\"@id\":\"https:\/\/www.celttv.com.ar\/#\/schema\/person\/6d99c072dba59953809c81446e9d0ace\",\"name\":\"ulises\",\"image\":{\"@type\":\"ImageObject\",\"inLanguage\":\"es\",\"@id\":\"https:\/\/www.celttv.com.ar\/#\/schema\/person\/image\/\",\"url\":\"https:\/\/secure.gravatar.com\/avatar\/7f2c48bdc33b30088f941fb6082e555f2874c98e20cb159d7b92b50eadfce793?s=96&d=mm&r=g\",\"contentUrl\":\"https:\/\/secure.gravatar.com\/avatar\/7f2c48bdc33b30088f941fb6082e555f2874c98e20cb159d7b92b50eadfce793?s=96&d=mm&r=g\",\"caption\":\"ulises\"},\"sameAs\":[\"http:\/\/www.celttv.com.ar\"]}]}<\/script>\n<!-- \/ Yoast SEO plugin. -->","yoast_head_json":{"title":"Inscripci\u00f3n abierta para los Torneos Bonaerenses 2019 - CELTTV","description":"Sitio web de noticias de la localidad de Tornquist, provincia de Buenos Aires, Rep\u00fablica Argentina. Contenido propio originado por periodistas de CELTTV, el canal de TV local de la Cooperativa El\u00e9ctrica de Tornquist. Turismo, Pol\u00edtica, Sociedad, Deporte, Cultura y todo el contenido de inter\u00e9s general que la gente del pueblo y la regi\u00f3n debe conocer.","robots":{"index":"index","follow":"follow","max-snippet":"max-snippet:-1","max-image-preview":"max-image-preview:large","max-video-preview":"max-video-preview:-1"},"canonical":"https:\/\/www.celttv.com.ar\/index.php\/2019\/03\/19\/inscripcion-abierta-para-los-torneos-bonaerenses-2019\/","og_locale":"es_ES","og_type":"article","og_title":"Inscripci\u00f3n abierta para los Torneos Bonaerenses 2019 - CELTTV","og_description":"Sitio web de noticias de la localidad de Tornquist, provincia de Buenos Aires, Rep\u00fablica Argentina. Contenido propio originado por periodistas de CELTTV, el canal de TV local de la Cooperativa El\u00e9ctrica de Tornquist. Turismo, Pol\u00edtica, Sociedad, Deporte, Cultura y todo el contenido de inter\u00e9s general que la gente del pueblo y la regi\u00f3n debe conocer.","og_url":"https:\/\/www.celttv.com.ar\/index.php\/2019\/03\/19\/inscripcion-abierta-para-los-torneos-bonaerenses-2019\/","og_site_name":"CELTTV","article_publisher":"https:\/\/www.facebook.com\/celtTV\/","article_published_time":"2019-03-19T15:08:01+00:00","og_image":[{"width":1080,"height":1080,"url":"https:\/\/www.celttv.com.ar\/wp-content\/uploads\/2019\/03\/WhatsApp-Image-2019-03-19-at-09.44.23.jpeg","type":"image\/jpeg"}],"author":"ulises","twitter_card":"summary_large_image","twitter_misc":{"Escrito por":"ulises"},"schema":{"@context":"https:\/\/schema.org","@graph":[{"@type":"NewsArticle","@id":"https:\/\/www.celttv.com.ar\/index.php\/2019\/03\/19\/inscripcion-abierta-para-los-torneos-bonaerenses-2019\/#article","isPartOf":{"@id":"https:\/\/www.celttv.com.ar\/index.php\/2019\/03\/19\/inscripcion-abierta-para-los-torneos-bonaerenses-2019\/"},"author":{"name":"ulises","@id":"https:\/\/www.celttv.com.ar\/#\/schema\/person\/6d99c072dba59953809c81446e9d0ace"},"headline":"Inscripci\u00f3n abierta para los Torneos Bonaerenses 2019","datePublished":"2019-03-19T15:08:01+00:00","dateModified":"2019-03-19T15:08:01+00:00","mainEntityOfPage":{"@id":"https:\/\/www.celttv.com.ar\/index.php\/2019\/03\/19\/inscripcion-abierta-para-los-torneos-bonaerenses-2019\/"},"wordCount":79,"publisher":{"@id":"https:\/\/www.celttv.com.ar\/#organization"},"articleSection":["Celt TV Noticias","Deporte","Destacadas","Magazine Sport"],"inLanguage":"es"},{"@type":"WebPage","@id":"https:\/\/www.celttv.com.ar\/index.php\/2019\/03\/19\/inscripcion-abierta-para-los-torneos-bonaerenses-2019\/","url":"https:\/\/www.celttv.com.ar\/index.php\/2019\/03\/19\/inscripcion-abierta-para-los-torneos-bonaerenses-2019\/","name":"Inscripci\u00f3n abierta para los Torneos Bonaerenses 2019 - CELTTV","isPartOf":{"@id":"https:\/\/www.celttv.com.ar\/#website"},"datePublished":"2019-03-19T15:08:01+00:00","dateModified":"2019-03-19T15:08:01+00:00","description":"Sitio web de noticias de la localidad de Tornquist, provincia de Buenos Aires, Rep\u00fablica Argentina. Contenido propio originado por periodistas de CELTTV, el canal de TV local de la Cooperativa El\u00e9ctrica de Tornquist. Turismo, Pol\u00edtica, Sociedad, Deporte, Cultura y todo el contenido de inter\u00e9s general que la gente del pueblo y la regi\u00f3n debe conocer.","breadcrumb":{"@id":"https:\/\/www.celttv.com.ar\/index.php\/2019\/03\/19\/inscripcion-abierta-para-los-torneos-bonaerenses-2019\/#breadcrumb"},"inLanguage":"es","potentialAction":[{"@type":"ReadAction","target":["https:\/\/www.celttv.com.ar\/index.php\/2019\/03\/19\/inscripcion-abierta-para-los-torneos-bonaerenses-2019\/"]}]},{"@type":"BreadcrumbList","@id":"https:\/\/www.celttv.com.ar\/index.php\/2019\/03\/19\/inscripcion-abierta-para-los-torneos-bonaerenses-2019\/#breadcrumb","itemListElement":[{"@type":"ListItem","position":1,"name":"Inicio","item":"https:\/\/www.celttv.com.ar\/"},{"@type":"ListItem","position":2,"name":"Inscripci\u00f3n abierta para los Torneos Bonaerenses 2019"}]},{"@type":"WebSite","@id":"https:\/\/www.celttv.com.ar\/#website","url":"https:\/\/www.celttv.com.ar\/","name":"CELTTV","description":"Cooperativa El\u00e9ctrica de Tornquist","publisher":{"@id":"https:\/\/www.celttv.com.ar\/#organization"},"potentialAction":[{"@type":"SearchAction","target":{"@type":"EntryPoint","urlTemplate":"https:\/\/www.celttv.com.ar\/?s={search_term_string}"},"query-input":"required name=search_term_string"}],"inLanguage":"es"},{"@type":"Organization","@id":"https:\/\/www.celttv.com.ar\/#organization","name":"CELTTV","url":"https:\/\/www.celttv.com.ar\/","sameAs":["https:\/\/www.youtube.com\/channel\/UCz_oIt8Hig64Ub-EmcNPIhg","https:\/\/www.facebook.com\/celtTV\/"],"logo":{"@type":"ImageObject","inLanguage":"es","@id":"https:\/\/www.celttv.com.ar\/#\/schema\/logo\/image\/","url":"http:\/\/www.celttv.com.ar\/wp-content\/uploads\/2022\/08\/logo-1.png","contentUrl":"http:\/\/www.celttv.com.ar\/wp-content\/uploads\/2022\/08\/logo-1.png","width":461,"height":159,"caption":"CELTTV"},"image":{"@id":"https:\/\/www.celttv.com.ar\/#\/schema\/logo\/image\/"}},{"@type":"Person","@id":"https:\/\/www.celttv.com.ar\/#\/schema\/person\/6d99c072dba59953809c81446e9d0ace","name":"ulises","image":{"@type":"ImageObject","inLanguage":"es","@id":"https:\/\/www.celttv.com.ar\/#\/schema\/person\/image\/","url":"https:\/\/secure.gravatar.com\/avatar\/7f2c48bdc33b30088f941fb6082e555f2874c98e20cb159d7b92b50eadfce793?s=96&d=mm&r=g","contentUrl":"https:\/\/secure.gravatar.com\/avatar\/7f2c48bdc33b30088f941fb6082e555f2874c98e20cb159d7b92b50eadfce793?s=96&d=mm&r=g","caption":"ulises"},"sameAs":["http:\/\/www.celttv.com.ar"]}]}},"_links":{"self":[{"href":"https:\/\/www.celttv.com.ar\/index.php\/wp-json\/wp\/v2\/posts\/40409","targetHints":{"allow":["GET"]}}],"collection":[{"href":"https:\/\/www.celttv.com.ar\/index.php\/wp-json\/wp\/v2\/posts"}],"about":[{"href":"https:\/\/www.celttv.com.ar\/index.php\/wp-json\/wp\/v2\/types\/post"}],"author":[{"embeddable":true,"href":"https:\/\/www.celttv.com.ar\/index.php\/wp-json\/wp\/v2\/users\/1"}],"replies":[{"embeddable":true,"href":"https:\/\/www.celttv.com.ar\/index.php\/wp-json\/wp\/v2\/comments?post=40409"}],"version-history":[{"count":0,"href":"https:\/\/www.celttv.com.ar\/index.php\/wp-json\/wp\/v2\/posts\/40409\/revisions"}],"wp:featuredmedia":[{"embeddable":true,"href":"https:\/\/www.celttv.com.ar\/index.php\/wp-json\/wp\/v2\/media\/40410"}],"wp:attachment":[{"href":"https:\/\/www.celttv.com.ar\/index.php\/wp-json\/wp\/v2\/media?parent=40409"}],"wp:term":[{"taxonomy":"category","embeddable":true,"href":"https:\/\/www.celttv.com.ar\/index.php\/wp-json\/wp\/v2\/categories?post=40409"},{"taxonomy":"post_tag","embeddable":true,"href":"https:\/\/www.celttv.com.ar\/index.php\/wp-json\/wp\/v2\/tags?post=40409"}],"curies":[{"name":"wp","href":"https:\/\/api.w.org\/{rel}","templated":true}]}}