{"id":40419,"date":"2019-03-20T14:41:32","date_gmt":"2019-03-20T14:41:32","guid":{"rendered":"http:\/\/www.celttv.com.ar\/?p=40419"},"modified":"2019-03-20T14:41:32","modified_gmt":"2019-03-20T14:41:32","slug":"el-plantel-de-club-porteno-de-saldungaray-bsuca-ser-protagonista-en-la-liga-de-dorrego-video-entrevista","status":"publish","type":"post","link":"https:\/\/www.celttv.com.ar\/index.php\/2019\/03\/20\/el-plantel-de-club-porteno-de-saldungaray-bsuca-ser-protagonista-en-la-liga-de-dorrego-video-entrevista\/","title":{"rendered":"EL PLANTEL DE CLUB PORTE\u00d1O DE SALDUNGARAY QUIERE SER PROTAGONISTA EN LA LIGA DE DORREGO (VIDEO ENTREVISTA)"},"content":{"rendered":"<p>Integrantes del plantel de Club Porte\u00f1o de Saldungaray, estuvieron en el programa MAGAZINE SPORT de Canal 2 CELTTV.<\/p>\n<p>El DT Carlos Bordoni junto a los jugadores Mat\u00edas Beilman, Justo Zas y Jerem\u00edas Lacasta, se refirieron a los objetivos planteados para el 2019, donde coincidieron en que el equipo podr\u00e1 pelear el campeonato.<\/p>\n<div class=\"jeg_video_container jeg_video_content\"><iframe loading=\"lazy\" title=\"2019 03 19 \/\/ MAGAZINE SPORT: CARLOS BORDONI, JUSTO ZAS, MATIAS BEILMAN Y JEREM\u00cdAS LACASTA (PORTE\u00d1O)\" width=\"500\" height=\"281\" src=\"https:\/\/www.youtube.com\/embed\/hyo6f0a3wGU?start=995&#038;feature=oembed\" frameborder=\"0\" allow=\"accelerometer; autoplay; clipboard-write; encrypted-media; gyroscope; picture-in-picture; web-share\" referrerpolicy=\"strict-origin-when-cross-origin\" allowfullscreen><\/iframe><\/div>\n<p><a href=\"http:\/\/www.celttv.com.ar\/?attachment_id=40420\" rel=\"attachment wp-att-40420\"><img loading=\"lazy\" decoding=\"async\" class=\"alignleft size-full wp-image-40420\" src=\"http:\/\/www.celttv.com.ar\/wp-content\/uploads\/2019\/03\/IMG-20190319-WA0012-1.jpg\" alt=\"\" width=\"994\" height=\"262\" srcset=\"https:\/\/www.celttv.com.ar\/wp-content\/uploads\/2019\/03\/IMG-20190319-WA0012-1.jpg 994w, https:\/\/www.celttv.com.ar\/wp-content\/uploads\/2019\/03\/IMG-20190319-WA0012-1-300x79.jpg 300w, https:\/\/www.celttv.com.ar\/wp-content\/uploads\/2019\/03\/IMG-20190319-WA0012-1-768x202.jpg 768w, https:\/\/www.celttv.com.ar\/wp-content\/uploads\/2019\/03\/IMG-20190319-WA0012-1-750x198.jpg 750w\" sizes=\"auto, (max-width: 994px) 100vw, 994px\" \/><\/a><\/p>\n","protected":false},"excerpt":{"rendered":"<p>Integrantes del plantel de Club Porte\u00f1o de Saldungaray, estuvieron en el programa MAGAZINE SPORT de Canal 2 CELTTV. El DT Carlos Bordoni junto a los jugadores Mat\u00edas Beilman, Justo Zas y Jerem\u00edas Lacasta, se refirieron a los objetivos planteados para el 2019, donde coincidieron en que el equipo podr\u00e1 pelear el campeonato.<\/p>\n","protected":false},"author":1,"featured_media":40422,"comment_status":"closed","ping_status":"open","sticky":false,"template":"","format":"standard","meta":{"footnotes":""},"categories":[55,60,52,63],"tags":[],"class_list":["post-40419","post","type-post","status-publish","format-standard","has-post-thumbnail","hentry","category-celt-tv-noticias","category-deporte","category-destacadas","category-magazine-sport"],"yoast_head":"<!-- This site is optimized with the Yoast SEO plugin v19.7.1 - https:\/\/yoast.com\/wordpress\/plugins\/seo\/ -->\n<title>EL PLANTEL DE CLUB PORTE\u00d1O DE SALDUNGARAY QUIERE SER PROTAGONISTA EN LA LIGA DE DORREGO (VIDEO ENTREVISTA) - CELTTV<\/title>\n<meta name=\"description\" content=\"Sitio web de noticias de la localidad de Tornquist, provincia de Buenos Aires, Rep\u00fablica Argentina. Contenido propio originado por periodistas de CELTTV, el canal de TV local de la Cooperativa El\u00e9ctrica de Tornquist. Turismo, Pol\u00edtica, Sociedad, Deporte, Cultura y todo el contenido de inter\u00e9s general que la gente del pueblo y la regi\u00f3n debe conocer.\" \/>\n<meta name=\"robots\" content=\"index, follow, max-snippet:-1, max-image-preview:large, max-video-preview:-1\" \/>\n<link rel=\"canonical\" href=\"https:\/\/www.celttv.com.ar\/index.php\/2019\/03\/20\/el-plantel-de-club-porteno-de-saldungaray-bsuca-ser-protagonista-en-la-liga-de-dorrego-video-entrevista\/\" \/>\n<meta property=\"og:locale\" content=\"es_ES\" \/>\n<meta property=\"og:type\" content=\"article\" \/>\n<meta property=\"og:title\" content=\"EL PLANTEL DE CLUB PORTE\u00d1O DE SALDUNGARAY QUIERE SER PROTAGONISTA EN LA LIGA DE DORREGO (VIDEO ENTREVISTA) - CELTTV\" \/>\n<meta property=\"og:description\" content=\"Sitio web de noticias de la localidad de Tornquist, provincia de Buenos Aires, Rep\u00fablica Argentina. Contenido propio originado por periodistas de CELTTV, el canal de TV local de la Cooperativa El\u00e9ctrica de Tornquist. Turismo, Pol\u00edtica, Sociedad, Deporte, Cultura y todo el contenido de inter\u00e9s general que la gente del pueblo y la regi\u00f3n debe conocer.\" \/>\n<meta property=\"og:url\" content=\"https:\/\/www.celttv.com.ar\/index.php\/2019\/03\/20\/el-plantel-de-club-porteno-de-saldungaray-bsuca-ser-protagonista-en-la-liga-de-dorrego-video-entrevista\/\" \/>\n<meta property=\"og:site_name\" content=\"CELTTV\" \/>\n<meta property=\"article:publisher\" content=\"https:\/\/www.facebook.com\/celtTV\/\" \/>\n<meta property=\"article:published_time\" content=\"2019-03-20T14:41:32+00:00\" \/>\n<meta property=\"og:image\" content=\"https:\/\/www.celttv.com.ar\/wp-content\/uploads\/2019\/03\/IMG-20190320-WA0006.jpg\" \/>\n\t<meta property=\"og:image:width\" content=\"1032\" \/>\n\t<meta property=\"og:image:height\" content=\"774\" \/>\n\t<meta property=\"og:image:type\" content=\"image\/jpeg\" \/>\n<meta name=\"author\" content=\"ulises\" \/>\n<meta name=\"twitter:card\" content=\"summary_large_image\" \/>\n<meta name=\"twitter:label1\" content=\"Escrito por\" \/>\n\t<meta name=\"twitter:data1\" content=\"ulises\" \/>\n<script type=\"application\/ld+json\" class=\"yoast-schema-graph\">{\"@context\":\"https:\/\/schema.org\",\"@graph\":[{\"@type\":\"NewsArticle\",\"@id\":\"https:\/\/www.celttv.com.ar\/index.php\/2019\/03\/20\/el-plantel-de-club-porteno-de-saldungaray-bsuca-ser-protagonista-en-la-liga-de-dorrego-video-entrevista\/#article\",\"isPartOf\":{\"@id\":\"https:\/\/www.celttv.com.ar\/index.php\/2019\/03\/20\/el-plantel-de-club-porteno-de-saldungaray-bsuca-ser-protagonista-en-la-liga-de-dorrego-video-entrevista\/\"},\"author\":{\"name\":\"ulises\",\"@id\":\"https:\/\/www.celttv.com.ar\/#\/schema\/person\/6d99c072dba59953809c81446e9d0ace\"},\"headline\":\"EL PLANTEL DE CLUB PORTE\u00d1O DE SALDUNGARAY QUIERE SER PROTAGONISTA EN LA LIGA DE DORREGO (VIDEO ENTREVISTA)\",\"datePublished\":\"2019-03-20T14:41:32+00:00\",\"dateModified\":\"2019-03-20T14:41:32+00:00\",\"mainEntityOfPage\":{\"@id\":\"https:\/\/www.celttv.com.ar\/index.php\/2019\/03\/20\/el-plantel-de-club-porteno-de-saldungaray-bsuca-ser-protagonista-en-la-liga-de-dorrego-video-entrevista\/\"},\"wordCount\":84,\"publisher\":{\"@id\":\"https:\/\/www.celttv.com.ar\/#organization\"},\"articleSection\":[\"Celt TV Noticias\",\"Deporte\",\"Destacadas\",\"Magazine Sport\"],\"inLanguage\":\"es\"},{\"@type\":\"WebPage\",\"@id\":\"https:\/\/www.celttv.com.ar\/index.php\/2019\/03\/20\/el-plantel-de-club-porteno-de-saldungaray-bsuca-ser-protagonista-en-la-liga-de-dorrego-video-entrevista\/\",\"url\":\"https:\/\/www.celttv.com.ar\/index.php\/2019\/03\/20\/el-plantel-de-club-porteno-de-saldungaray-bsuca-ser-protagonista-en-la-liga-de-dorrego-video-entrevista\/\",\"name\":\"EL PLANTEL DE CLUB PORTE\u00d1O DE SALDUNGARAY QUIERE SER PROTAGONISTA EN LA LIGA DE DORREGO (VIDEO ENTREVISTA) - CELTTV\",\"isPartOf\":{\"@id\":\"https:\/\/www.celttv.com.ar\/#website\"},\"datePublished\":\"2019-03-20T14:41:32+00:00\",\"dateModified\":\"2019-03-20T14:41:32+00:00\",\"description\":\"Sitio web de noticias de la localidad de Tornquist, provincia de Buenos Aires, Rep\u00fablica Argentina. Contenido propio originado por periodistas de CELTTV, el canal de TV local de la Cooperativa El\u00e9ctrica de Tornquist. Turismo, Pol\u00edtica, Sociedad, Deporte, Cultura y todo el contenido de inter\u00e9s general que la gente del pueblo y la regi\u00f3n debe conocer.\",\"breadcrumb\":{\"@id\":\"https:\/\/www.celttv.com.ar\/index.php\/2019\/03\/20\/el-plantel-de-club-porteno-de-saldungaray-bsuca-ser-protagonista-en-la-liga-de-dorrego-video-entrevista\/#breadcrumb\"},\"inLanguage\":\"es\",\"potentialAction\":[{\"@type\":\"ReadAction\",\"target\":[\"https:\/\/www.celttv.com.ar\/index.php\/2019\/03\/20\/el-plantel-de-club-porteno-de-saldungaray-bsuca-ser-protagonista-en-la-liga-de-dorrego-video-entrevista\/\"]}]},{\"@type\":\"BreadcrumbList\",\"@id\":\"https:\/\/www.celttv.com.ar\/index.php\/2019\/03\/20\/el-plantel-de-club-porteno-de-saldungaray-bsuca-ser-protagonista-en-la-liga-de-dorrego-video-entrevista\/#breadcrumb\",\"itemListElement\":[{\"@type\":\"ListItem\",\"position\":1,\"name\":\"Inicio\",\"item\":\"https:\/\/www.celttv.com.ar\/\"},{\"@type\":\"ListItem\",\"position\":2,\"name\":\"EL PLANTEL DE CLUB PORTE\u00d1O DE SALDUNGARAY QUIERE SER PROTAGONISTA EN LA LIGA DE DORREGO (VIDEO ENTREVISTA)\"}]},{\"@type\":\"WebSite\",\"@id\":\"https:\/\/www.celttv.com.ar\/#website\",\"url\":\"https:\/\/www.celttv.com.ar\/\",\"name\":\"CELTTV\",\"description\":\"Cooperativa El\u00e9ctrica de Tornquist\",\"publisher\":{\"@id\":\"https:\/\/www.celttv.com.ar\/#organization\"},\"potentialAction\":[{\"@type\":\"SearchAction\",\"target\":{\"@type\":\"EntryPoint\",\"urlTemplate\":\"https:\/\/www.celttv.com.ar\/?s={search_term_string}\"},\"query-input\":\"required name=search_term_string\"}],\"inLanguage\":\"es\"},{\"@type\":\"Organization\",\"@id\":\"https:\/\/www.celttv.com.ar\/#organization\",\"name\":\"CELTTV\",\"url\":\"https:\/\/www.celttv.com.ar\/\",\"sameAs\":[\"https:\/\/www.youtube.com\/channel\/UCz_oIt8Hig64Ub-EmcNPIhg\",\"https:\/\/www.facebook.com\/celtTV\/\"],\"logo\":{\"@type\":\"ImageObject\",\"inLanguage\":\"es\",\"@id\":\"https:\/\/www.celttv.com.ar\/#\/schema\/logo\/image\/\",\"url\":\"http:\/\/www.celttv.com.ar\/wp-content\/uploads\/2022\/08\/logo-1.png\",\"contentUrl\":\"http:\/\/www.celttv.com.ar\/wp-content\/uploads\/2022\/08\/logo-1.png\",\"width\":461,\"height\":159,\"caption\":\"CELTTV\"},\"image\":{\"@id\":\"https:\/\/www.celttv.com.ar\/#\/schema\/logo\/image\/\"}},{\"@type\":\"Person\",\"@id\":\"https:\/\/www.celttv.com.ar\/#\/schema\/person\/6d99c072dba59953809c81446e9d0ace\",\"name\":\"ulises\",\"image\":{\"@type\":\"ImageObject\",\"inLanguage\":\"es\",\"@id\":\"https:\/\/www.celttv.com.ar\/#\/schema\/person\/image\/\",\"url\":\"https:\/\/secure.gravatar.com\/avatar\/7f2c48bdc33b30088f941fb6082e555f2874c98e20cb159d7b92b50eadfce793?s=96&d=mm&r=g\",\"contentUrl\":\"https:\/\/secure.gravatar.com\/avatar\/7f2c48bdc33b30088f941fb6082e555f2874c98e20cb159d7b92b50eadfce793?s=96&d=mm&r=g\",\"caption\":\"ulises\"},\"sameAs\":[\"http:\/\/www.celttv.com.ar\"]}]}<\/script>\n<!-- \/ Yoast SEO plugin. -->","yoast_head_json":{"title":"EL PLANTEL DE CLUB PORTE\u00d1O DE SALDUNGARAY QUIERE SER PROTAGONISTA EN LA LIGA DE DORREGO (VIDEO ENTREVISTA) - CELTTV","description":"Sitio web de noticias de la localidad de Tornquist, provincia de Buenos Aires, Rep\u00fablica Argentina. Contenido propio originado por periodistas de CELTTV, el canal de TV local de la Cooperativa El\u00e9ctrica de Tornquist. Turismo, Pol\u00edtica, Sociedad, Deporte, Cultura y todo el contenido de inter\u00e9s general que la gente del pueblo y la regi\u00f3n debe conocer.","robots":{"index":"index","follow":"follow","max-snippet":"max-snippet:-1","max-image-preview":"max-image-preview:large","max-video-preview":"max-video-preview:-1"},"canonical":"https:\/\/www.celttv.com.ar\/index.php\/2019\/03\/20\/el-plantel-de-club-porteno-de-saldungaray-bsuca-ser-protagonista-en-la-liga-de-dorrego-video-entrevista\/","og_locale":"es_ES","og_type":"article","og_title":"EL PLANTEL DE CLUB PORTE\u00d1O DE SALDUNGARAY QUIERE SER PROTAGONISTA EN LA LIGA DE DORREGO (VIDEO ENTREVISTA) - CELTTV","og_description":"Sitio web de noticias de la localidad de Tornquist, provincia de Buenos Aires, Rep\u00fablica Argentina. Contenido propio originado por periodistas de CELTTV, el canal de TV local de la Cooperativa El\u00e9ctrica de Tornquist. Turismo, Pol\u00edtica, Sociedad, Deporte, Cultura y todo el contenido de inter\u00e9s general que la gente del pueblo y la regi\u00f3n debe conocer.","og_url":"https:\/\/www.celttv.com.ar\/index.php\/2019\/03\/20\/el-plantel-de-club-porteno-de-saldungaray-bsuca-ser-protagonista-en-la-liga-de-dorrego-video-entrevista\/","og_site_name":"CELTTV","article_publisher":"https:\/\/www.facebook.com\/celtTV\/","article_published_time":"2019-03-20T14:41:32+00:00","og_image":[{"width":1032,"height":774,"url":"https:\/\/www.celttv.com.ar\/wp-content\/uploads\/2019\/03\/IMG-20190320-WA0006.jpg","type":"image\/jpeg"}],"author":"ulises","twitter_card":"summary_large_image","twitter_misc":{"Escrito por":"ulises"},"schema":{"@context":"https:\/\/schema.org","@graph":[{"@type":"NewsArticle","@id":"https:\/\/www.celttv.com.ar\/index.php\/2019\/03\/20\/el-plantel-de-club-porteno-de-saldungaray-bsuca-ser-protagonista-en-la-liga-de-dorrego-video-entrevista\/#article","isPartOf":{"@id":"https:\/\/www.celttv.com.ar\/index.php\/2019\/03\/20\/el-plantel-de-club-porteno-de-saldungaray-bsuca-ser-protagonista-en-la-liga-de-dorrego-video-entrevista\/"},"author":{"name":"ulises","@id":"https:\/\/www.celttv.com.ar\/#\/schema\/person\/6d99c072dba59953809c81446e9d0ace"},"headline":"EL PLANTEL DE CLUB PORTE\u00d1O DE SALDUNGARAY QUIERE SER PROTAGONISTA EN LA LIGA DE DORREGO (VIDEO ENTREVISTA)","datePublished":"2019-03-20T14:41:32+00:00","dateModified":"2019-03-20T14:41:32+00:00","mainEntityOfPage":{"@id":"https:\/\/www.celttv.com.ar\/index.php\/2019\/03\/20\/el-plantel-de-club-porteno-de-saldungaray-bsuca-ser-protagonista-en-la-liga-de-dorrego-video-entrevista\/"},"wordCount":84,"publisher":{"@id":"https:\/\/www.celttv.com.ar\/#organization"},"articleSection":["Celt TV Noticias","Deporte","Destacadas","Magazine Sport"],"inLanguage":"es"},{"@type":"WebPage","@id":"https:\/\/www.celttv.com.ar\/index.php\/2019\/03\/20\/el-plantel-de-club-porteno-de-saldungaray-bsuca-ser-protagonista-en-la-liga-de-dorrego-video-entrevista\/","url":"https:\/\/www.celttv.com.ar\/index.php\/2019\/03\/20\/el-plantel-de-club-porteno-de-saldungaray-bsuca-ser-protagonista-en-la-liga-de-dorrego-video-entrevista\/","name":"EL PLANTEL DE CLUB PORTE\u00d1O DE SALDUNGARAY QUIERE SER PROTAGONISTA EN LA LIGA DE DORREGO (VIDEO ENTREVISTA) - CELTTV","isPartOf":{"@id":"https:\/\/www.celttv.com.ar\/#website"},"datePublished":"2019-03-20T14:41:32+00:00","dateModified":"2019-03-20T14:41:32+00:00","description":"Sitio web de noticias de la localidad de Tornquist, provincia de Buenos Aires, Rep\u00fablica Argentina. Contenido propio originado por periodistas de CELTTV, el canal de TV local de la Cooperativa El\u00e9ctrica de Tornquist. Turismo, Pol\u00edtica, Sociedad, Deporte, Cultura y todo el contenido de inter\u00e9s general que la gente del pueblo y la regi\u00f3n debe conocer.","breadcrumb":{"@id":"https:\/\/www.celttv.com.ar\/index.php\/2019\/03\/20\/el-plantel-de-club-porteno-de-saldungaray-bsuca-ser-protagonista-en-la-liga-de-dorrego-video-entrevista\/#breadcrumb"},"inLanguage":"es","potentialAction":[{"@type":"ReadAction","target":["https:\/\/www.celttv.com.ar\/index.php\/2019\/03\/20\/el-plantel-de-club-porteno-de-saldungaray-bsuca-ser-protagonista-en-la-liga-de-dorrego-video-entrevista\/"]}]},{"@type":"BreadcrumbList","@id":"https:\/\/www.celttv.com.ar\/index.php\/2019\/03\/20\/el-plantel-de-club-porteno-de-saldungaray-bsuca-ser-protagonista-en-la-liga-de-dorrego-video-entrevista\/#breadcrumb","itemListElement":[{"@type":"ListItem","position":1,"name":"Inicio","item":"https:\/\/www.celttv.com.ar\/"},{"@type":"ListItem","position":2,"name":"EL PLANTEL DE CLUB PORTE\u00d1O DE SALDUNGARAY QUIERE SER PROTAGONISTA EN LA LIGA DE DORREGO (VIDEO ENTREVISTA)"}]},{"@type":"WebSite","@id":"https:\/\/www.celttv.com.ar\/#website","url":"https:\/\/www.celttv.com.ar\/","name":"CELTTV","description":"Cooperativa El\u00e9ctrica de Tornquist","publisher":{"@id":"https:\/\/www.celttv.com.ar\/#organization"},"potentialAction":[{"@type":"SearchAction","target":{"@type":"EntryPoint","urlTemplate":"https:\/\/www.celttv.com.ar\/?s={search_term_string}"},"query-input":"required name=search_term_string"}],"inLanguage":"es"},{"@type":"Organization","@id":"https:\/\/www.celttv.com.ar\/#organization","name":"CELTTV","url":"https:\/\/www.celttv.com.ar\/","sameAs":["https:\/\/www.youtube.com\/channel\/UCz_oIt8Hig64Ub-EmcNPIhg","https:\/\/www.facebook.com\/celtTV\/"],"logo":{"@type":"ImageObject","inLanguage":"es","@id":"https:\/\/www.celttv.com.ar\/#\/schema\/logo\/image\/","url":"http:\/\/www.celttv.com.ar\/wp-content\/uploads\/2022\/08\/logo-1.png","contentUrl":"http:\/\/www.celttv.com.ar\/wp-content\/uploads\/2022\/08\/logo-1.png","width":461,"height":159,"caption":"CELTTV"},"image":{"@id":"https:\/\/www.celttv.com.ar\/#\/schema\/logo\/image\/"}},{"@type":"Person","@id":"https:\/\/www.celttv.com.ar\/#\/schema\/person\/6d99c072dba59953809c81446e9d0ace","name":"ulises","image":{"@type":"ImageObject","inLanguage":"es","@id":"https:\/\/www.celttv.com.ar\/#\/schema\/person\/image\/","url":"https:\/\/secure.gravatar.com\/avatar\/7f2c48bdc33b30088f941fb6082e555f2874c98e20cb159d7b92b50eadfce793?s=96&d=mm&r=g","contentUrl":"https:\/\/secure.gravatar.com\/avatar\/7f2c48bdc33b30088f941fb6082e555f2874c98e20cb159d7b92b50eadfce793?s=96&d=mm&r=g","caption":"ulises"},"sameAs":["http:\/\/www.celttv.com.ar"]}]}},"_links":{"self":[{"href":"https:\/\/www.celttv.com.ar\/index.php\/wp-json\/wp\/v2\/posts\/40419","targetHints":{"allow":["GET"]}}],"collection":[{"href":"https:\/\/www.celttv.com.ar\/index.php\/wp-json\/wp\/v2\/posts"}],"about":[{"href":"https:\/\/www.celttv.com.ar\/index.php\/wp-json\/wp\/v2\/types\/post"}],"author":[{"embeddable":true,"href":"https:\/\/www.celttv.com.ar\/index.php\/wp-json\/wp\/v2\/users\/1"}],"replies":[{"embeddable":true,"href":"https:\/\/www.celttv.com.ar\/index.php\/wp-json\/wp\/v2\/comments?post=40419"}],"version-history":[{"count":0,"href":"https:\/\/www.celttv.com.ar\/index.php\/wp-json\/wp\/v2\/posts\/40419\/revisions"}],"wp:featuredmedia":[{"embeddable":true,"href":"https:\/\/www.celttv.com.ar\/index.php\/wp-json\/wp\/v2\/media\/40422"}],"wp:attachment":[{"href":"https:\/\/www.celttv.com.ar\/index.php\/wp-json\/wp\/v2\/media?parent=40419"}],"wp:term":[{"taxonomy":"category","embeddable":true,"href":"https:\/\/www.celttv.com.ar\/index.php\/wp-json\/wp\/v2\/categories?post=40419"},{"taxonomy":"post_tag","embeddable":true,"href":"https:\/\/www.celttv.com.ar\/index.php\/wp-json\/wp\/v2\/tags?post=40419"}],"curies":[{"name":"wp","href":"https:\/\/api.w.org\/{rel}","templated":true}]}}