{"id":40451,"date":"2019-03-21T15:27:59","date_gmt":"2019-03-21T15:27:59","guid":{"rendered":"http:\/\/www.celttv.com.ar\/?p=40451"},"modified":"2019-03-21T15:27:59","modified_gmt":"2019-03-21T15:27:59","slug":"sagredo-pidio-que-se-vuelva-a-colocar-el-mural-homenaje-a-ma-cristina-garofoli-en-el-hcd-video","status":"publish","type":"post","link":"https:\/\/www.celttv.com.ar\/index.php\/2019\/03\/21\/sagredo-pidio-que-se-vuelva-a-colocar-el-mural-homenaje-a-ma-cristina-garofoli-en-el-hcd-video\/","title":{"rendered":"Sagredo pidi\u00f3 que se vuelva a colocar el mural homenaje a Ma. Cristina Gar\u00f3foli en el HCD (Video)"},"content":{"rendered":"<p>INFORME DEL HCD<\/p>\n<p>Palabra de la concejal M\u00f3nica Sagredo:<\/p>\n<p>\u201cQuiero en primer lugar agregar como dato a la alocuci\u00f3n de la Concejal Rosatelli que en estos tres a\u00f1os de nuestra parte como Concejales de la oposici\u00f3n, hemos presentado 94 proyectos, de los cuales el se\u00f1or Intendente dice que ninguno es coherente, y entre ellos se encuentran algunos, por ejemplo, relacionados a subsidios a clubes, que\u00a0 no fue tenido en cuenta, creaci\u00f3n municipal de la Comisi\u00f3n de Box, el proyecto \u201cEn la escuela te veo bien\u201d que estamos a la espera de lo que sucede, muchos que son resoluciones adhiriendo proyectos de ley que tienen que ver con medidas que ayuden a aliviar la situaci\u00f3n econ\u00f3mica que estamos viviendo los argentinos, como lo que sucedi\u00f3 esta noche con este de las tarifas. Muchos relacionados al medio ambiente, como los Grandes Generadores de Residuos, los Neum\u00e1ticos en Desuso, los Bidones de Agroqu\u00edmicos, el Manejo de los Medicamentos Vencidos, y bueno, hay un, vuelvo a decir, 94, por lo tanto solo enumer\u00e9 algunos. Pero eso solo fue para agregar un dato a la alocuci\u00f3n de la Concejal Rosatelli. En realidad quer\u00eda referirme a una fecha que estamos por conmemorar en unos d\u00edas, que es el cuarenta y tres aniversario del inicio de una de las \u00e9pocas m\u00e1s oscuras de nuestro pa\u00eds. El 24 de marzo es el D\u00eda Nacional de la Memoria por la Verdad y la Justicia. En ese d\u00eda se pretende conmemorar y mantener vivos en la memoria social todos los atroces hechos que ocurrieron durante la dictadura militar. En el a\u00f1o 2007 los alumnos de segundo a\u00f1o y docentes de la Escuela de Ense\u00f1anza Media N\u00ba 3 de Tornquist realizaron un mural en homenaje a Mar\u00eda Cristina Gar\u00f3foli, tornquistense desaparecida durante la \u00faltima dictadura militar, a quien se le realiz\u00f3 hace unos pocos a\u00f1os tambi\u00e9n un homenaje colocando una baldosa recordatoria en el lugar en el que ella viv\u00eda. En el a\u00f1o 2012 se vivi\u00f3 una jornada de emoci\u00f3n, de congoja, de reflexi\u00f3n porque se descubr\u00eda esa pintura colocada en el ingreso al Concejo Deliberante. En el a\u00f1o 2016 la actual gesti\u00f3n de gobierno del se\u00f1or Sergio Bordoni decidi\u00f3 retirar el mural del hall para ubicarlo en otro lugar. En ese momento expresamos nuestra opini\u00f3n con respecto a esa decisi\u00f3n, m\u00e1s espec\u00edficamente el Concejal Ant\u00f3n hizo referencia a ese hecho. Una vez m\u00e1s hoy queremos solicitar que en este 24 de marzo ese mural vuelva a colocarse en el lugar el cual se le hab\u00eda designado, y este pedido quiero reforzarlo trayendo a la memoria textuales palabras que se dijeran en ese momento, que dijera en ese momento el Intendente Gustavo Trankels,\u00a0 ahora ex Intendente Gustavo Trankels. \u00c9l dec\u00eda en esa jornada, vuelvo a decir, de emoci\u00f3n, de reflexi\u00f3n, de congoja, dejaba esta reflexi\u00f3n: \u201cEntre todos tenemos que lograr crecer y evolucionar como sociedad para que nunca m\u00e1s ning\u00fan joven o mayor tenga que perder la vida simplemente por el hecho de pensar diferente. En honor a Mar\u00eda Cristina Gar\u00f3foli, Ana Teresa Diego, los otros treinta mil desaparecidos y las familias que llevan el dolor en sus corazones, es que nosotros tenemos que aportar un granito de arena para que no volvamos a pasar por un proceso como el que hoy recordamos\u201d. Creo que nuestro granito de arena en este a\u00f1o, en estos cuarenta y tres a\u00f1os puede ser este domingo volver a colocar el mural en el hall en el que fue asignado. Nada m\u00e1s se\u00f1or Presidente\u201d.<\/p>\n<div class=\"jeg_video_container jeg_video_content\"><iframe loading=\"lazy\" title=\"2019 03 20 HCD 3 MONICA SAGREDO\" width=\"500\" height=\"281\" src=\"https:\/\/www.youtube.com\/embed\/uY4gOnCQ8qc?feature=oembed\" frameborder=\"0\" allow=\"accelerometer; autoplay; clipboard-write; encrypted-media; gyroscope; picture-in-picture; web-share\" referrerpolicy=\"strict-origin-when-cross-origin\" allowfullscreen><\/iframe><\/div>\n","protected":false},"excerpt":{"rendered":"<p>INFORME DEL HCD Palabra de la concejal M\u00f3nica Sagredo: \u201cQuiero en primer lugar agregar como dato a la alocuci\u00f3n de la Concejal Rosatelli que en estos tres a\u00f1os de nuestra parte como Concejales de la oposici\u00f3n, hemos presentado 94 proyectos, de los cuales el se\u00f1or Intendente dice que ninguno es coherente, y entre ellos se [&hellip;]<\/p>\n","protected":false},"author":1,"featured_media":40452,"comment_status":"closed","ping_status":"open","sticky":false,"template":"","format":"standard","meta":{"footnotes":""},"categories":[55,52,53],"tags":[],"class_list":["post-40451","post","type-post","status-publish","format-standard","has-post-thumbnail","hentry","category-celt-tv-noticias","category-destacadas","category-politica"],"yoast_head":"<!-- This site is optimized with the Yoast SEO plugin v19.7.1 - https:\/\/yoast.com\/wordpress\/plugins\/seo\/ -->\n<title>Sagredo pidi\u00f3 que se vuelva a colocar el mural homenaje a Ma. Cristina Gar\u00f3foli en el HCD (Video) - CELTTV<\/title>\n<meta name=\"description\" content=\"Sitio web de noticias de la localidad de Tornquist, provincia de Buenos Aires, Rep\u00fablica Argentina. Contenido propio originado por periodistas de CELTTV, el canal de TV local de la Cooperativa El\u00e9ctrica de Tornquist. Turismo, Pol\u00edtica, Sociedad, Deporte, Cultura y todo el contenido de inter\u00e9s general que la gente del pueblo y la regi\u00f3n debe conocer.\" \/>\n<meta name=\"robots\" content=\"index, follow, max-snippet:-1, max-image-preview:large, max-video-preview:-1\" \/>\n<link rel=\"canonical\" href=\"https:\/\/www.celttv.com.ar\/index.php\/2019\/03\/21\/sagredo-pidio-que-se-vuelva-a-colocar-el-mural-homenaje-a-ma-cristina-garofoli-en-el-hcd-video\/\" \/>\n<meta property=\"og:locale\" content=\"es_ES\" \/>\n<meta property=\"og:type\" content=\"article\" \/>\n<meta property=\"og:title\" content=\"Sagredo pidi\u00f3 que se vuelva a colocar el mural homenaje a Ma. Cristina Gar\u00f3foli en el HCD (Video) - CELTTV\" \/>\n<meta property=\"og:description\" content=\"Sitio web de noticias de la localidad de Tornquist, provincia de Buenos Aires, Rep\u00fablica Argentina. Contenido propio originado por periodistas de CELTTV, el canal de TV local de la Cooperativa El\u00e9ctrica de Tornquist. Turismo, Pol\u00edtica, Sociedad, Deporte, Cultura y todo el contenido de inter\u00e9s general que la gente del pueblo y la regi\u00f3n debe conocer.\" \/>\n<meta property=\"og:url\" content=\"https:\/\/www.celttv.com.ar\/index.php\/2019\/03\/21\/sagredo-pidio-que-se-vuelva-a-colocar-el-mural-homenaje-a-ma-cristina-garofoli-en-el-hcd-video\/\" \/>\n<meta property=\"og:site_name\" content=\"CELTTV\" \/>\n<meta property=\"article:publisher\" content=\"https:\/\/www.facebook.com\/celtTV\/\" \/>\n<meta property=\"article:published_time\" content=\"2019-03-21T15:27:59+00:00\" \/>\n<meta property=\"og:image\" content=\"https:\/\/www.celttv.com.ar\/wp-content\/uploads\/2019\/03\/P1090013.jpg\" \/>\n\t<meta property=\"og:image:width\" content=\"1024\" \/>\n\t<meta property=\"og:image:height\" content=\"768\" \/>\n\t<meta property=\"og:image:type\" content=\"image\/jpeg\" \/>\n<meta name=\"author\" content=\"ulises\" \/>\n<meta name=\"twitter:card\" content=\"summary_large_image\" \/>\n<meta name=\"twitter:label1\" content=\"Escrito por\" \/>\n\t<meta name=\"twitter:data1\" content=\"ulises\" \/>\n\t<meta name=\"twitter:label2\" content=\"Tiempo de lectura\" \/>\n\t<meta name=\"twitter:data2\" content=\"3 minutos\" \/>\n<script type=\"application\/ld+json\" class=\"yoast-schema-graph\">{\"@context\":\"https:\/\/schema.org\",\"@graph\":[{\"@type\":\"NewsArticle\",\"@id\":\"https:\/\/www.celttv.com.ar\/index.php\/2019\/03\/21\/sagredo-pidio-que-se-vuelva-a-colocar-el-mural-homenaje-a-ma-cristina-garofoli-en-el-hcd-video\/#article\",\"isPartOf\":{\"@id\":\"https:\/\/www.celttv.com.ar\/index.php\/2019\/03\/21\/sagredo-pidio-que-se-vuelva-a-colocar-el-mural-homenaje-a-ma-cristina-garofoli-en-el-hcd-video\/\"},\"author\":{\"name\":\"ulises\",\"@id\":\"https:\/\/www.celttv.com.ar\/#\/schema\/person\/6d99c072dba59953809c81446e9d0ace\"},\"headline\":\"Sagredo pidi\u00f3 que se vuelva a colocar el mural homenaje a Ma. Cristina Gar\u00f3foli en el HCD (Video)\",\"datePublished\":\"2019-03-21T15:27:59+00:00\",\"dateModified\":\"2019-03-21T15:27:59+00:00\",\"mainEntityOfPage\":{\"@id\":\"https:\/\/www.celttv.com.ar\/index.php\/2019\/03\/21\/sagredo-pidio-que-se-vuelva-a-colocar-el-mural-homenaje-a-ma-cristina-garofoli-en-el-hcd-video\/\"},\"wordCount\":650,\"publisher\":{\"@id\":\"https:\/\/www.celttv.com.ar\/#organization\"},\"articleSection\":[\"Celt TV Noticias\",\"Destacadas\",\"Pol\u00edtica\"],\"inLanguage\":\"es\"},{\"@type\":\"WebPage\",\"@id\":\"https:\/\/www.celttv.com.ar\/index.php\/2019\/03\/21\/sagredo-pidio-que-se-vuelva-a-colocar-el-mural-homenaje-a-ma-cristina-garofoli-en-el-hcd-video\/\",\"url\":\"https:\/\/www.celttv.com.ar\/index.php\/2019\/03\/21\/sagredo-pidio-que-se-vuelva-a-colocar-el-mural-homenaje-a-ma-cristina-garofoli-en-el-hcd-video\/\",\"name\":\"Sagredo pidi\u00f3 que se vuelva a colocar el mural homenaje a Ma. Cristina Gar\u00f3foli en el HCD (Video) - CELTTV\",\"isPartOf\":{\"@id\":\"https:\/\/www.celttv.com.ar\/#website\"},\"datePublished\":\"2019-03-21T15:27:59+00:00\",\"dateModified\":\"2019-03-21T15:27:59+00:00\",\"description\":\"Sitio web de noticias de la localidad de Tornquist, provincia de Buenos Aires, Rep\u00fablica Argentina. Contenido propio originado por periodistas de CELTTV, el canal de TV local de la Cooperativa El\u00e9ctrica de Tornquist. Turismo, Pol\u00edtica, Sociedad, Deporte, Cultura y todo el contenido de inter\u00e9s general que la gente del pueblo y la regi\u00f3n debe conocer.\",\"breadcrumb\":{\"@id\":\"https:\/\/www.celttv.com.ar\/index.php\/2019\/03\/21\/sagredo-pidio-que-se-vuelva-a-colocar-el-mural-homenaje-a-ma-cristina-garofoli-en-el-hcd-video\/#breadcrumb\"},\"inLanguage\":\"es\",\"potentialAction\":[{\"@type\":\"ReadAction\",\"target\":[\"https:\/\/www.celttv.com.ar\/index.php\/2019\/03\/21\/sagredo-pidio-que-se-vuelva-a-colocar-el-mural-homenaje-a-ma-cristina-garofoli-en-el-hcd-video\/\"]}]},{\"@type\":\"BreadcrumbList\",\"@id\":\"https:\/\/www.celttv.com.ar\/index.php\/2019\/03\/21\/sagredo-pidio-que-se-vuelva-a-colocar-el-mural-homenaje-a-ma-cristina-garofoli-en-el-hcd-video\/#breadcrumb\",\"itemListElement\":[{\"@type\":\"ListItem\",\"position\":1,\"name\":\"Inicio\",\"item\":\"https:\/\/www.celttv.com.ar\/\"},{\"@type\":\"ListItem\",\"position\":2,\"name\":\"Sagredo pidi\u00f3 que se vuelva a colocar el mural homenaje a Ma. Cristina Gar\u00f3foli en el HCD (Video)\"}]},{\"@type\":\"WebSite\",\"@id\":\"https:\/\/www.celttv.com.ar\/#website\",\"url\":\"https:\/\/www.celttv.com.ar\/\",\"name\":\"CELTTV\",\"description\":\"Cooperativa El\u00e9ctrica de Tornquist\",\"publisher\":{\"@id\":\"https:\/\/www.celttv.com.ar\/#organization\"},\"potentialAction\":[{\"@type\":\"SearchAction\",\"target\":{\"@type\":\"EntryPoint\",\"urlTemplate\":\"https:\/\/www.celttv.com.ar\/?s={search_term_string}\"},\"query-input\":\"required name=search_term_string\"}],\"inLanguage\":\"es\"},{\"@type\":\"Organization\",\"@id\":\"https:\/\/www.celttv.com.ar\/#organization\",\"name\":\"CELTTV\",\"url\":\"https:\/\/www.celttv.com.ar\/\",\"sameAs\":[\"https:\/\/www.youtube.com\/channel\/UCz_oIt8Hig64Ub-EmcNPIhg\",\"https:\/\/www.facebook.com\/celtTV\/\"],\"logo\":{\"@type\":\"ImageObject\",\"inLanguage\":\"es\",\"@id\":\"https:\/\/www.celttv.com.ar\/#\/schema\/logo\/image\/\",\"url\":\"http:\/\/www.celttv.com.ar\/wp-content\/uploads\/2022\/08\/logo-1.png\",\"contentUrl\":\"http:\/\/www.celttv.com.ar\/wp-content\/uploads\/2022\/08\/logo-1.png\",\"width\":461,\"height\":159,\"caption\":\"CELTTV\"},\"image\":{\"@id\":\"https:\/\/www.celttv.com.ar\/#\/schema\/logo\/image\/\"}},{\"@type\":\"Person\",\"@id\":\"https:\/\/www.celttv.com.ar\/#\/schema\/person\/6d99c072dba59953809c81446e9d0ace\",\"name\":\"ulises\",\"image\":{\"@type\":\"ImageObject\",\"inLanguage\":\"es\",\"@id\":\"https:\/\/www.celttv.com.ar\/#\/schema\/person\/image\/\",\"url\":\"https:\/\/secure.gravatar.com\/avatar\/7f2c48bdc33b30088f941fb6082e555f2874c98e20cb159d7b92b50eadfce793?s=96&d=mm&r=g\",\"contentUrl\":\"https:\/\/secure.gravatar.com\/avatar\/7f2c48bdc33b30088f941fb6082e555f2874c98e20cb159d7b92b50eadfce793?s=96&d=mm&r=g\",\"caption\":\"ulises\"},\"sameAs\":[\"http:\/\/www.celttv.com.ar\"]}]}<\/script>\n<!-- \/ Yoast SEO plugin. -->","yoast_head_json":{"title":"Sagredo pidi\u00f3 que se vuelva a colocar el mural homenaje a Ma. Cristina Gar\u00f3foli en el HCD (Video) - CELTTV","description":"Sitio web de noticias de la localidad de Tornquist, provincia de Buenos Aires, Rep\u00fablica Argentina. Contenido propio originado por periodistas de CELTTV, el canal de TV local de la Cooperativa El\u00e9ctrica de Tornquist. Turismo, Pol\u00edtica, Sociedad, Deporte, Cultura y todo el contenido de inter\u00e9s general que la gente del pueblo y la regi\u00f3n debe conocer.","robots":{"index":"index","follow":"follow","max-snippet":"max-snippet:-1","max-image-preview":"max-image-preview:large","max-video-preview":"max-video-preview:-1"},"canonical":"https:\/\/www.celttv.com.ar\/index.php\/2019\/03\/21\/sagredo-pidio-que-se-vuelva-a-colocar-el-mural-homenaje-a-ma-cristina-garofoli-en-el-hcd-video\/","og_locale":"es_ES","og_type":"article","og_title":"Sagredo pidi\u00f3 que se vuelva a colocar el mural homenaje a Ma. Cristina Gar\u00f3foli en el HCD (Video) - CELTTV","og_description":"Sitio web de noticias de la localidad de Tornquist, provincia de Buenos Aires, Rep\u00fablica Argentina. Contenido propio originado por periodistas de CELTTV, el canal de TV local de la Cooperativa El\u00e9ctrica de Tornquist. Turismo, Pol\u00edtica, Sociedad, Deporte, Cultura y todo el contenido de inter\u00e9s general que la gente del pueblo y la regi\u00f3n debe conocer.","og_url":"https:\/\/www.celttv.com.ar\/index.php\/2019\/03\/21\/sagredo-pidio-que-se-vuelva-a-colocar-el-mural-homenaje-a-ma-cristina-garofoli-en-el-hcd-video\/","og_site_name":"CELTTV","article_publisher":"https:\/\/www.facebook.com\/celtTV\/","article_published_time":"2019-03-21T15:27:59+00:00","og_image":[{"width":1024,"height":768,"url":"https:\/\/www.celttv.com.ar\/wp-content\/uploads\/2019\/03\/P1090013.jpg","type":"image\/jpeg"}],"author":"ulises","twitter_card":"summary_large_image","twitter_misc":{"Escrito por":"ulises","Tiempo de lectura":"3 minutos"},"schema":{"@context":"https:\/\/schema.org","@graph":[{"@type":"NewsArticle","@id":"https:\/\/www.celttv.com.ar\/index.php\/2019\/03\/21\/sagredo-pidio-que-se-vuelva-a-colocar-el-mural-homenaje-a-ma-cristina-garofoli-en-el-hcd-video\/#article","isPartOf":{"@id":"https:\/\/www.celttv.com.ar\/index.php\/2019\/03\/21\/sagredo-pidio-que-se-vuelva-a-colocar-el-mural-homenaje-a-ma-cristina-garofoli-en-el-hcd-video\/"},"author":{"name":"ulises","@id":"https:\/\/www.celttv.com.ar\/#\/schema\/person\/6d99c072dba59953809c81446e9d0ace"},"headline":"Sagredo pidi\u00f3 que se vuelva a colocar el mural homenaje a Ma. Cristina Gar\u00f3foli en el HCD (Video)","datePublished":"2019-03-21T15:27:59+00:00","dateModified":"2019-03-21T15:27:59+00:00","mainEntityOfPage":{"@id":"https:\/\/www.celttv.com.ar\/index.php\/2019\/03\/21\/sagredo-pidio-que-se-vuelva-a-colocar-el-mural-homenaje-a-ma-cristina-garofoli-en-el-hcd-video\/"},"wordCount":650,"publisher":{"@id":"https:\/\/www.celttv.com.ar\/#organization"},"articleSection":["Celt TV Noticias","Destacadas","Pol\u00edtica"],"inLanguage":"es"},{"@type":"WebPage","@id":"https:\/\/www.celttv.com.ar\/index.php\/2019\/03\/21\/sagredo-pidio-que-se-vuelva-a-colocar-el-mural-homenaje-a-ma-cristina-garofoli-en-el-hcd-video\/","url":"https:\/\/www.celttv.com.ar\/index.php\/2019\/03\/21\/sagredo-pidio-que-se-vuelva-a-colocar-el-mural-homenaje-a-ma-cristina-garofoli-en-el-hcd-video\/","name":"Sagredo pidi\u00f3 que se vuelva a colocar el mural homenaje a Ma. Cristina Gar\u00f3foli en el HCD (Video) - CELTTV","isPartOf":{"@id":"https:\/\/www.celttv.com.ar\/#website"},"datePublished":"2019-03-21T15:27:59+00:00","dateModified":"2019-03-21T15:27:59+00:00","description":"Sitio web de noticias de la localidad de Tornquist, provincia de Buenos Aires, Rep\u00fablica Argentina. Contenido propio originado por periodistas de CELTTV, el canal de TV local de la Cooperativa El\u00e9ctrica de Tornquist. Turismo, Pol\u00edtica, Sociedad, Deporte, Cultura y todo el contenido de inter\u00e9s general que la gente del pueblo y la regi\u00f3n debe conocer.","breadcrumb":{"@id":"https:\/\/www.celttv.com.ar\/index.php\/2019\/03\/21\/sagredo-pidio-que-se-vuelva-a-colocar-el-mural-homenaje-a-ma-cristina-garofoli-en-el-hcd-video\/#breadcrumb"},"inLanguage":"es","potentialAction":[{"@type":"ReadAction","target":["https:\/\/www.celttv.com.ar\/index.php\/2019\/03\/21\/sagredo-pidio-que-se-vuelva-a-colocar-el-mural-homenaje-a-ma-cristina-garofoli-en-el-hcd-video\/"]}]},{"@type":"BreadcrumbList","@id":"https:\/\/www.celttv.com.ar\/index.php\/2019\/03\/21\/sagredo-pidio-que-se-vuelva-a-colocar-el-mural-homenaje-a-ma-cristina-garofoli-en-el-hcd-video\/#breadcrumb","itemListElement":[{"@type":"ListItem","position":1,"name":"Inicio","item":"https:\/\/www.celttv.com.ar\/"},{"@type":"ListItem","position":2,"name":"Sagredo pidi\u00f3 que se vuelva a colocar el mural homenaje a Ma. Cristina Gar\u00f3foli en el HCD (Video)"}]},{"@type":"WebSite","@id":"https:\/\/www.celttv.com.ar\/#website","url":"https:\/\/www.celttv.com.ar\/","name":"CELTTV","description":"Cooperativa El\u00e9ctrica de Tornquist","publisher":{"@id":"https:\/\/www.celttv.com.ar\/#organization"},"potentialAction":[{"@type":"SearchAction","target":{"@type":"EntryPoint","urlTemplate":"https:\/\/www.celttv.com.ar\/?s={search_term_string}"},"query-input":"required name=search_term_string"}],"inLanguage":"es"},{"@type":"Organization","@id":"https:\/\/www.celttv.com.ar\/#organization","name":"CELTTV","url":"https:\/\/www.celttv.com.ar\/","sameAs":["https:\/\/www.youtube.com\/channel\/UCz_oIt8Hig64Ub-EmcNPIhg","https:\/\/www.facebook.com\/celtTV\/"],"logo":{"@type":"ImageObject","inLanguage":"es","@id":"https:\/\/www.celttv.com.ar\/#\/schema\/logo\/image\/","url":"http:\/\/www.celttv.com.ar\/wp-content\/uploads\/2022\/08\/logo-1.png","contentUrl":"http:\/\/www.celttv.com.ar\/wp-content\/uploads\/2022\/08\/logo-1.png","width":461,"height":159,"caption":"CELTTV"},"image":{"@id":"https:\/\/www.celttv.com.ar\/#\/schema\/logo\/image\/"}},{"@type":"Person","@id":"https:\/\/www.celttv.com.ar\/#\/schema\/person\/6d99c072dba59953809c81446e9d0ace","name":"ulises","image":{"@type":"ImageObject","inLanguage":"es","@id":"https:\/\/www.celttv.com.ar\/#\/schema\/person\/image\/","url":"https:\/\/secure.gravatar.com\/avatar\/7f2c48bdc33b30088f941fb6082e555f2874c98e20cb159d7b92b50eadfce793?s=96&d=mm&r=g","contentUrl":"https:\/\/secure.gravatar.com\/avatar\/7f2c48bdc33b30088f941fb6082e555f2874c98e20cb159d7b92b50eadfce793?s=96&d=mm&r=g","caption":"ulises"},"sameAs":["http:\/\/www.celttv.com.ar"]}]}},"_links":{"self":[{"href":"https:\/\/www.celttv.com.ar\/index.php\/wp-json\/wp\/v2\/posts\/40451","targetHints":{"allow":["GET"]}}],"collection":[{"href":"https:\/\/www.celttv.com.ar\/index.php\/wp-json\/wp\/v2\/posts"}],"about":[{"href":"https:\/\/www.celttv.com.ar\/index.php\/wp-json\/wp\/v2\/types\/post"}],"author":[{"embeddable":true,"href":"https:\/\/www.celttv.com.ar\/index.php\/wp-json\/wp\/v2\/users\/1"}],"replies":[{"embeddable":true,"href":"https:\/\/www.celttv.com.ar\/index.php\/wp-json\/wp\/v2\/comments?post=40451"}],"version-history":[{"count":0,"href":"https:\/\/www.celttv.com.ar\/index.php\/wp-json\/wp\/v2\/posts\/40451\/revisions"}],"wp:featuredmedia":[{"embeddable":true,"href":"https:\/\/www.celttv.com.ar\/index.php\/wp-json\/wp\/v2\/media\/40452"}],"wp:attachment":[{"href":"https:\/\/www.celttv.com.ar\/index.php\/wp-json\/wp\/v2\/media?parent=40451"}],"wp:term":[{"taxonomy":"category","embeddable":true,"href":"https:\/\/www.celttv.com.ar\/index.php\/wp-json\/wp\/v2\/categories?post=40451"},{"taxonomy":"post_tag","embeddable":true,"href":"https:\/\/www.celttv.com.ar\/index.php\/wp-json\/wp\/v2\/tags?post=40451"}],"curies":[{"name":"wp","href":"https:\/\/api.w.org\/{rel}","templated":true}]}}