{"id":40454,"date":"2019-03-21T23:33:32","date_gmt":"2019-03-21T23:33:32","guid":{"rendered":"http:\/\/www.celttv.com.ar\/?p=40454"},"modified":"2019-03-21T23:33:32","modified_gmt":"2019-03-21T23:33:32","slug":"el-concejal-raising-destaco-la-aprovacion-de-la-ordenanza-del-uso-terapeutico-del-cannabis-video","status":"publish","type":"post","link":"https:\/\/www.celttv.com.ar\/index.php\/2019\/03\/21\/el-concejal-raising-destaco-la-aprovacion-de-la-ordenanza-del-uso-terapeutico-del-cannabis-video\/","title":{"rendered":"EL CONCEJAL RAISING DESTAC\u00d3 LA APROBACI\u00d3N DE LA ORDENANZA DEL USO TERAP\u00c9UTICO DEL CANNABIS (VIDEO)"},"content":{"rendered":"<p>INFORME DEL HCD<\/p>\n<p>Palabras del concejal Raising Cristian:<\/p>\n<p>\u201cNo, voy a ser muy breve, quer\u00eda agradecerles al resto de los Bloques que componen este Cuerpo por el acompa\u00f1amiento a la Ordenanza del Uso Terap\u00e9utico del Cannabis. La verdad es que es un peque\u00f1o gran paso ya, que se discuta y se hable del tema en la localidad. Y bueno, quiero mandarle un abrazo especial a todas esas personas que hoy sostienen sus tratamientos desde la ilegalidad, porque es as\u00ed, hay una Ley que no los protege, no los cubre tampoco, y bueno, tama\u00f1a tarea tienen todas esas personas desde la ilegalidad sostener el tratamiento para alg\u00fan familiar, amigo, conocido. As\u00ed que vaya un fuerte abrazo para todas esas personas, que bueno, son un poco los autores del proyecto que hoy presentamos. Nada m\u00e1s se\u00f1or Presidente\u201d.<\/p>\n<div class=\"jeg_video_container jeg_video_content\"><iframe loading=\"lazy\" title=\"2019 03 20 HCD 4 CRISTIAN RAISING\" width=\"500\" height=\"281\" src=\"https:\/\/www.youtube.com\/embed\/98jLWVtRwSY?feature=oembed\" frameborder=\"0\" allow=\"accelerometer; autoplay; clipboard-write; encrypted-media; gyroscope; picture-in-picture; web-share\" referrerpolicy=\"strict-origin-when-cross-origin\" allowfullscreen><\/iframe><\/div>\n","protected":false},"excerpt":{"rendered":"<p>INFORME DEL HCD Palabras del concejal Raising Cristian: \u201cNo, voy a ser muy breve, quer\u00eda agradecerles al resto de los Bloques que componen este Cuerpo por el acompa\u00f1amiento a la Ordenanza del Uso Terap\u00e9utico del Cannabis. La verdad es que es un peque\u00f1o gran paso ya, que se discuta y se hable del tema en [&hellip;]<\/p>\n","protected":false},"author":1,"featured_media":40455,"comment_status":"closed","ping_status":"open","sticky":false,"template":"","format":"standard","meta":{"footnotes":""},"categories":[55,51,52,53],"tags":[],"class_list":["post-40454","post","type-post","status-publish","format-standard","has-post-thumbnail","hentry","category-celt-tv-noticias","category-comunidad","category-destacadas","category-politica"],"yoast_head":"<!-- This site is optimized with the Yoast SEO plugin v19.7.1 - https:\/\/yoast.com\/wordpress\/plugins\/seo\/ -->\n<title>EL CONCEJAL RAISING DESTAC\u00d3 LA APROBACI\u00d3N DE LA ORDENANZA DEL USO TERAP\u00c9UTICO DEL CANNABIS (VIDEO) - CELTTV<\/title>\n<meta name=\"description\" content=\"Sitio web de noticias de la localidad de Tornquist, provincia de Buenos Aires, Rep\u00fablica Argentina. Contenido propio originado por periodistas de CELTTV, el canal de TV local de la Cooperativa El\u00e9ctrica de Tornquist. Turismo, Pol\u00edtica, Sociedad, Deporte, Cultura y todo el contenido de inter\u00e9s general que la gente del pueblo y la regi\u00f3n debe conocer.\" \/>\n<meta name=\"robots\" content=\"index, follow, max-snippet:-1, max-image-preview:large, max-video-preview:-1\" \/>\n<link rel=\"canonical\" href=\"https:\/\/www.celttv.com.ar\/index.php\/2019\/03\/21\/el-concejal-raising-destaco-la-aprovacion-de-la-ordenanza-del-uso-terapeutico-del-cannabis-video\/\" \/>\n<meta property=\"og:locale\" content=\"es_ES\" \/>\n<meta property=\"og:type\" content=\"article\" \/>\n<meta property=\"og:title\" content=\"EL CONCEJAL RAISING DESTAC\u00d3 LA APROBACI\u00d3N DE LA ORDENANZA DEL USO TERAP\u00c9UTICO DEL CANNABIS (VIDEO) - CELTTV\" \/>\n<meta property=\"og:description\" content=\"Sitio web de noticias de la localidad de Tornquist, provincia de Buenos Aires, Rep\u00fablica Argentina. Contenido propio originado por periodistas de CELTTV, el canal de TV local de la Cooperativa El\u00e9ctrica de Tornquist. Turismo, Pol\u00edtica, Sociedad, Deporte, Cultura y todo el contenido de inter\u00e9s general que la gente del pueblo y la regi\u00f3n debe conocer.\" \/>\n<meta property=\"og:url\" content=\"https:\/\/www.celttv.com.ar\/index.php\/2019\/03\/21\/el-concejal-raising-destaco-la-aprovacion-de-la-ordenanza-del-uso-terapeutico-del-cannabis-video\/\" \/>\n<meta property=\"og:site_name\" content=\"CELTTV\" \/>\n<meta property=\"article:publisher\" content=\"https:\/\/www.facebook.com\/celtTV\/\" \/>\n<meta property=\"article:published_time\" content=\"2019-03-21T23:33:32+00:00\" \/>\n<meta property=\"og:image\" content=\"https:\/\/www.celttv.com.ar\/wp-content\/uploads\/2019\/03\/P1090018.jpg\" \/>\n\t<meta property=\"og:image:width\" content=\"1024\" \/>\n\t<meta property=\"og:image:height\" content=\"768\" \/>\n\t<meta property=\"og:image:type\" content=\"image\/jpeg\" \/>\n<meta name=\"author\" content=\"ulises\" \/>\n<meta name=\"twitter:card\" content=\"summary_large_image\" \/>\n<meta name=\"twitter:label1\" content=\"Escrito por\" \/>\n\t<meta name=\"twitter:data1\" content=\"ulises\" \/>\n\t<meta name=\"twitter:label2\" content=\"Tiempo de lectura\" \/>\n\t<meta name=\"twitter:data2\" content=\"1 minuto\" \/>\n<script type=\"application\/ld+json\" class=\"yoast-schema-graph\">{\"@context\":\"https:\/\/schema.org\",\"@graph\":[{\"@type\":\"NewsArticle\",\"@id\":\"https:\/\/www.celttv.com.ar\/index.php\/2019\/03\/21\/el-concejal-raising-destaco-la-aprovacion-de-la-ordenanza-del-uso-terapeutico-del-cannabis-video\/#article\",\"isPartOf\":{\"@id\":\"https:\/\/www.celttv.com.ar\/index.php\/2019\/03\/21\/el-concejal-raising-destaco-la-aprovacion-de-la-ordenanza-del-uso-terapeutico-del-cannabis-video\/\"},\"author\":{\"name\":\"ulises\",\"@id\":\"https:\/\/www.celttv.com.ar\/#\/schema\/person\/6d99c072dba59953809c81446e9d0ace\"},\"headline\":\"EL CONCEJAL RAISING DESTAC\u00d3 LA APROBACI\u00d3N DE LA ORDENANZA DEL USO TERAP\u00c9UTICO DEL CANNABIS (VIDEO)\",\"datePublished\":\"2019-03-21T23:33:32+00:00\",\"dateModified\":\"2019-03-21T23:33:32+00:00\",\"mainEntityOfPage\":{\"@id\":\"https:\/\/www.celttv.com.ar\/index.php\/2019\/03\/21\/el-concejal-raising-destaco-la-aprovacion-de-la-ordenanza-del-uso-terapeutico-del-cannabis-video\/\"},\"wordCount\":167,\"publisher\":{\"@id\":\"https:\/\/www.celttv.com.ar\/#organization\"},\"articleSection\":[\"Celt TV Noticias\",\"Comunidad\",\"Destacadas\",\"Pol\u00edtica\"],\"inLanguage\":\"es\"},{\"@type\":\"WebPage\",\"@id\":\"https:\/\/www.celttv.com.ar\/index.php\/2019\/03\/21\/el-concejal-raising-destaco-la-aprovacion-de-la-ordenanza-del-uso-terapeutico-del-cannabis-video\/\",\"url\":\"https:\/\/www.celttv.com.ar\/index.php\/2019\/03\/21\/el-concejal-raising-destaco-la-aprovacion-de-la-ordenanza-del-uso-terapeutico-del-cannabis-video\/\",\"name\":\"EL CONCEJAL RAISING DESTAC\u00d3 LA APROBACI\u00d3N DE LA ORDENANZA DEL USO TERAP\u00c9UTICO DEL CANNABIS (VIDEO) - CELTTV\",\"isPartOf\":{\"@id\":\"https:\/\/www.celttv.com.ar\/#website\"},\"datePublished\":\"2019-03-21T23:33:32+00:00\",\"dateModified\":\"2019-03-21T23:33:32+00:00\",\"description\":\"Sitio web de noticias de la localidad de Tornquist, provincia de Buenos Aires, Rep\u00fablica Argentina. Contenido propio originado por periodistas de CELTTV, el canal de TV local de la Cooperativa El\u00e9ctrica de Tornquist. Turismo, Pol\u00edtica, Sociedad, Deporte, Cultura y todo el contenido de inter\u00e9s general que la gente del pueblo y la regi\u00f3n debe conocer.\",\"breadcrumb\":{\"@id\":\"https:\/\/www.celttv.com.ar\/index.php\/2019\/03\/21\/el-concejal-raising-destaco-la-aprovacion-de-la-ordenanza-del-uso-terapeutico-del-cannabis-video\/#breadcrumb\"},\"inLanguage\":\"es\",\"potentialAction\":[{\"@type\":\"ReadAction\",\"target\":[\"https:\/\/www.celttv.com.ar\/index.php\/2019\/03\/21\/el-concejal-raising-destaco-la-aprovacion-de-la-ordenanza-del-uso-terapeutico-del-cannabis-video\/\"]}]},{\"@type\":\"BreadcrumbList\",\"@id\":\"https:\/\/www.celttv.com.ar\/index.php\/2019\/03\/21\/el-concejal-raising-destaco-la-aprovacion-de-la-ordenanza-del-uso-terapeutico-del-cannabis-video\/#breadcrumb\",\"itemListElement\":[{\"@type\":\"ListItem\",\"position\":1,\"name\":\"Inicio\",\"item\":\"https:\/\/www.celttv.com.ar\/\"},{\"@type\":\"ListItem\",\"position\":2,\"name\":\"EL CONCEJAL RAISING DESTAC\u00d3 LA APROBACI\u00d3N DE LA ORDENANZA DEL USO TERAP\u00c9UTICO DEL CANNABIS (VIDEO)\"}]},{\"@type\":\"WebSite\",\"@id\":\"https:\/\/www.celttv.com.ar\/#website\",\"url\":\"https:\/\/www.celttv.com.ar\/\",\"name\":\"CELTTV\",\"description\":\"Cooperativa El\u00e9ctrica de Tornquist\",\"publisher\":{\"@id\":\"https:\/\/www.celttv.com.ar\/#organization\"},\"potentialAction\":[{\"@type\":\"SearchAction\",\"target\":{\"@type\":\"EntryPoint\",\"urlTemplate\":\"https:\/\/www.celttv.com.ar\/?s={search_term_string}\"},\"query-input\":\"required name=search_term_string\"}],\"inLanguage\":\"es\"},{\"@type\":\"Organization\",\"@id\":\"https:\/\/www.celttv.com.ar\/#organization\",\"name\":\"CELTTV\",\"url\":\"https:\/\/www.celttv.com.ar\/\",\"sameAs\":[\"https:\/\/www.youtube.com\/channel\/UCz_oIt8Hig64Ub-EmcNPIhg\",\"https:\/\/www.facebook.com\/celtTV\/\"],\"logo\":{\"@type\":\"ImageObject\",\"inLanguage\":\"es\",\"@id\":\"https:\/\/www.celttv.com.ar\/#\/schema\/logo\/image\/\",\"url\":\"http:\/\/www.celttv.com.ar\/wp-content\/uploads\/2022\/08\/logo-1.png\",\"contentUrl\":\"http:\/\/www.celttv.com.ar\/wp-content\/uploads\/2022\/08\/logo-1.png\",\"width\":461,\"height\":159,\"caption\":\"CELTTV\"},\"image\":{\"@id\":\"https:\/\/www.celttv.com.ar\/#\/schema\/logo\/image\/\"}},{\"@type\":\"Person\",\"@id\":\"https:\/\/www.celttv.com.ar\/#\/schema\/person\/6d99c072dba59953809c81446e9d0ace\",\"name\":\"ulises\",\"image\":{\"@type\":\"ImageObject\",\"inLanguage\":\"es\",\"@id\":\"https:\/\/www.celttv.com.ar\/#\/schema\/person\/image\/\",\"url\":\"https:\/\/secure.gravatar.com\/avatar\/7f2c48bdc33b30088f941fb6082e555f2874c98e20cb159d7b92b50eadfce793?s=96&d=mm&r=g\",\"contentUrl\":\"https:\/\/secure.gravatar.com\/avatar\/7f2c48bdc33b30088f941fb6082e555f2874c98e20cb159d7b92b50eadfce793?s=96&d=mm&r=g\",\"caption\":\"ulises\"},\"sameAs\":[\"http:\/\/www.celttv.com.ar\"]}]}<\/script>\n<!-- \/ Yoast SEO plugin. -->","yoast_head_json":{"title":"EL CONCEJAL RAISING DESTAC\u00d3 LA APROBACI\u00d3N DE LA ORDENANZA DEL USO TERAP\u00c9UTICO DEL CANNABIS (VIDEO) - CELTTV","description":"Sitio web de noticias de la localidad de Tornquist, provincia de Buenos Aires, Rep\u00fablica Argentina. Contenido propio originado por periodistas de CELTTV, el canal de TV local de la Cooperativa El\u00e9ctrica de Tornquist. Turismo, Pol\u00edtica, Sociedad, Deporte, Cultura y todo el contenido de inter\u00e9s general que la gente del pueblo y la regi\u00f3n debe conocer.","robots":{"index":"index","follow":"follow","max-snippet":"max-snippet:-1","max-image-preview":"max-image-preview:large","max-video-preview":"max-video-preview:-1"},"canonical":"https:\/\/www.celttv.com.ar\/index.php\/2019\/03\/21\/el-concejal-raising-destaco-la-aprovacion-de-la-ordenanza-del-uso-terapeutico-del-cannabis-video\/","og_locale":"es_ES","og_type":"article","og_title":"EL CONCEJAL RAISING DESTAC\u00d3 LA APROBACI\u00d3N DE LA ORDENANZA DEL USO TERAP\u00c9UTICO DEL CANNABIS (VIDEO) - CELTTV","og_description":"Sitio web de noticias de la localidad de Tornquist, provincia de Buenos Aires, Rep\u00fablica Argentina. Contenido propio originado por periodistas de CELTTV, el canal de TV local de la Cooperativa El\u00e9ctrica de Tornquist. Turismo, Pol\u00edtica, Sociedad, Deporte, Cultura y todo el contenido de inter\u00e9s general que la gente del pueblo y la regi\u00f3n debe conocer.","og_url":"https:\/\/www.celttv.com.ar\/index.php\/2019\/03\/21\/el-concejal-raising-destaco-la-aprovacion-de-la-ordenanza-del-uso-terapeutico-del-cannabis-video\/","og_site_name":"CELTTV","article_publisher":"https:\/\/www.facebook.com\/celtTV\/","article_published_time":"2019-03-21T23:33:32+00:00","og_image":[{"width":1024,"height":768,"url":"https:\/\/www.celttv.com.ar\/wp-content\/uploads\/2019\/03\/P1090018.jpg","type":"image\/jpeg"}],"author":"ulises","twitter_card":"summary_large_image","twitter_misc":{"Escrito por":"ulises","Tiempo de lectura":"1 minuto"},"schema":{"@context":"https:\/\/schema.org","@graph":[{"@type":"NewsArticle","@id":"https:\/\/www.celttv.com.ar\/index.php\/2019\/03\/21\/el-concejal-raising-destaco-la-aprovacion-de-la-ordenanza-del-uso-terapeutico-del-cannabis-video\/#article","isPartOf":{"@id":"https:\/\/www.celttv.com.ar\/index.php\/2019\/03\/21\/el-concejal-raising-destaco-la-aprovacion-de-la-ordenanza-del-uso-terapeutico-del-cannabis-video\/"},"author":{"name":"ulises","@id":"https:\/\/www.celttv.com.ar\/#\/schema\/person\/6d99c072dba59953809c81446e9d0ace"},"headline":"EL CONCEJAL RAISING DESTAC\u00d3 LA APROBACI\u00d3N DE LA ORDENANZA DEL USO TERAP\u00c9UTICO DEL CANNABIS (VIDEO)","datePublished":"2019-03-21T23:33:32+00:00","dateModified":"2019-03-21T23:33:32+00:00","mainEntityOfPage":{"@id":"https:\/\/www.celttv.com.ar\/index.php\/2019\/03\/21\/el-concejal-raising-destaco-la-aprovacion-de-la-ordenanza-del-uso-terapeutico-del-cannabis-video\/"},"wordCount":167,"publisher":{"@id":"https:\/\/www.celttv.com.ar\/#organization"},"articleSection":["Celt TV Noticias","Comunidad","Destacadas","Pol\u00edtica"],"inLanguage":"es"},{"@type":"WebPage","@id":"https:\/\/www.celttv.com.ar\/index.php\/2019\/03\/21\/el-concejal-raising-destaco-la-aprovacion-de-la-ordenanza-del-uso-terapeutico-del-cannabis-video\/","url":"https:\/\/www.celttv.com.ar\/index.php\/2019\/03\/21\/el-concejal-raising-destaco-la-aprovacion-de-la-ordenanza-del-uso-terapeutico-del-cannabis-video\/","name":"EL CONCEJAL RAISING DESTAC\u00d3 LA APROBACI\u00d3N DE LA ORDENANZA DEL USO TERAP\u00c9UTICO DEL CANNABIS (VIDEO) - CELTTV","isPartOf":{"@id":"https:\/\/www.celttv.com.ar\/#website"},"datePublished":"2019-03-21T23:33:32+00:00","dateModified":"2019-03-21T23:33:32+00:00","description":"Sitio web de noticias de la localidad de Tornquist, provincia de Buenos Aires, Rep\u00fablica Argentina. Contenido propio originado por periodistas de CELTTV, el canal de TV local de la Cooperativa El\u00e9ctrica de Tornquist. Turismo, Pol\u00edtica, Sociedad, Deporte, Cultura y todo el contenido de inter\u00e9s general que la gente del pueblo y la regi\u00f3n debe conocer.","breadcrumb":{"@id":"https:\/\/www.celttv.com.ar\/index.php\/2019\/03\/21\/el-concejal-raising-destaco-la-aprovacion-de-la-ordenanza-del-uso-terapeutico-del-cannabis-video\/#breadcrumb"},"inLanguage":"es","potentialAction":[{"@type":"ReadAction","target":["https:\/\/www.celttv.com.ar\/index.php\/2019\/03\/21\/el-concejal-raising-destaco-la-aprovacion-de-la-ordenanza-del-uso-terapeutico-del-cannabis-video\/"]}]},{"@type":"BreadcrumbList","@id":"https:\/\/www.celttv.com.ar\/index.php\/2019\/03\/21\/el-concejal-raising-destaco-la-aprovacion-de-la-ordenanza-del-uso-terapeutico-del-cannabis-video\/#breadcrumb","itemListElement":[{"@type":"ListItem","position":1,"name":"Inicio","item":"https:\/\/www.celttv.com.ar\/"},{"@type":"ListItem","position":2,"name":"EL CONCEJAL RAISING DESTAC\u00d3 LA APROBACI\u00d3N DE LA ORDENANZA DEL USO TERAP\u00c9UTICO DEL CANNABIS (VIDEO)"}]},{"@type":"WebSite","@id":"https:\/\/www.celttv.com.ar\/#website","url":"https:\/\/www.celttv.com.ar\/","name":"CELTTV","description":"Cooperativa El\u00e9ctrica de Tornquist","publisher":{"@id":"https:\/\/www.celttv.com.ar\/#organization"},"potentialAction":[{"@type":"SearchAction","target":{"@type":"EntryPoint","urlTemplate":"https:\/\/www.celttv.com.ar\/?s={search_term_string}"},"query-input":"required name=search_term_string"}],"inLanguage":"es"},{"@type":"Organization","@id":"https:\/\/www.celttv.com.ar\/#organization","name":"CELTTV","url":"https:\/\/www.celttv.com.ar\/","sameAs":["https:\/\/www.youtube.com\/channel\/UCz_oIt8Hig64Ub-EmcNPIhg","https:\/\/www.facebook.com\/celtTV\/"],"logo":{"@type":"ImageObject","inLanguage":"es","@id":"https:\/\/www.celttv.com.ar\/#\/schema\/logo\/image\/","url":"http:\/\/www.celttv.com.ar\/wp-content\/uploads\/2022\/08\/logo-1.png","contentUrl":"http:\/\/www.celttv.com.ar\/wp-content\/uploads\/2022\/08\/logo-1.png","width":461,"height":159,"caption":"CELTTV"},"image":{"@id":"https:\/\/www.celttv.com.ar\/#\/schema\/logo\/image\/"}},{"@type":"Person","@id":"https:\/\/www.celttv.com.ar\/#\/schema\/person\/6d99c072dba59953809c81446e9d0ace","name":"ulises","image":{"@type":"ImageObject","inLanguage":"es","@id":"https:\/\/www.celttv.com.ar\/#\/schema\/person\/image\/","url":"https:\/\/secure.gravatar.com\/avatar\/7f2c48bdc33b30088f941fb6082e555f2874c98e20cb159d7b92b50eadfce793?s=96&d=mm&r=g","contentUrl":"https:\/\/secure.gravatar.com\/avatar\/7f2c48bdc33b30088f941fb6082e555f2874c98e20cb159d7b92b50eadfce793?s=96&d=mm&r=g","caption":"ulises"},"sameAs":["http:\/\/www.celttv.com.ar"]}]}},"_links":{"self":[{"href":"https:\/\/www.celttv.com.ar\/index.php\/wp-json\/wp\/v2\/posts\/40454","targetHints":{"allow":["GET"]}}],"collection":[{"href":"https:\/\/www.celttv.com.ar\/index.php\/wp-json\/wp\/v2\/posts"}],"about":[{"href":"https:\/\/www.celttv.com.ar\/index.php\/wp-json\/wp\/v2\/types\/post"}],"author":[{"embeddable":true,"href":"https:\/\/www.celttv.com.ar\/index.php\/wp-json\/wp\/v2\/users\/1"}],"replies":[{"embeddable":true,"href":"https:\/\/www.celttv.com.ar\/index.php\/wp-json\/wp\/v2\/comments?post=40454"}],"version-history":[{"count":0,"href":"https:\/\/www.celttv.com.ar\/index.php\/wp-json\/wp\/v2\/posts\/40454\/revisions"}],"wp:featuredmedia":[{"embeddable":true,"href":"https:\/\/www.celttv.com.ar\/index.php\/wp-json\/wp\/v2\/media\/40455"}],"wp:attachment":[{"href":"https:\/\/www.celttv.com.ar\/index.php\/wp-json\/wp\/v2\/media?parent=40454"}],"wp:term":[{"taxonomy":"category","embeddable":true,"href":"https:\/\/www.celttv.com.ar\/index.php\/wp-json\/wp\/v2\/categories?post=40454"},{"taxonomy":"post_tag","embeddable":true,"href":"https:\/\/www.celttv.com.ar\/index.php\/wp-json\/wp\/v2\/tags?post=40454"}],"curies":[{"name":"wp","href":"https:\/\/api.w.org\/{rel}","templated":true}]}}