{"id":40460,"date":"2019-03-21T23:47:32","date_gmt":"2019-03-21T23:47:32","guid":{"rendered":"http:\/\/www.celttv.com.ar\/?p=40460"},"modified":"2019-03-21T23:47:32","modified_gmt":"2019-03-21T23:47:32","slug":"actividades-deportivas-en-sierra-de-la-ventana-y-tornquist","status":"publish","type":"post","link":"https:\/\/www.celttv.com.ar\/index.php\/2019\/03\/21\/actividades-deportivas-en-sierra-de-la-ventana-y-tornquist\/","title":{"rendered":"Actividades deportivas en Sierra de la Ventana y Tornquist"},"content":{"rendered":"<p>La Direcci\u00f3n de Deportes Municipal te invita a sumarte a las actividades programadas desde dicho \u00e1rea, para este nuevo a\u00f1o:<\/p>\n<p><strong>\u00a0<\/strong><\/p>\n<p><strong>TORNQUIST: <\/strong><\/p>\n<ul>\n<li><u>Atletismo<\/u>: Ni\u00f1os y J\u00f3venes. Prof. Bruno Polinori<\/li>\n<\/ul>\n<p>Lugar: Pista de Atletismo<\/p>\n<p>D\u00edas y Horarios: lunes de 17.15 a 18.15hs<\/p>\n<p>Mi\u00e9rcoles de 9.30 a 10.30hs<\/p>\n<ul>\n<li><u>B\u00e1squet:<\/u> A partir de 13 a\u00f1os. Entrenador Sergio Pettoroso<\/li>\n<\/ul>\n<p>Lugar: Gimnasio Municipal \u201cEva Per\u00f3n\u201d<\/p>\n<p>D\u00edas y Horarios: martes y jueves de 19 a 20.30hs.<\/p>\n<ul>\n<li><u>Handball:<\/u> A partir de 15 a\u00f1os. Prof. Juan Gisler<\/li>\n<\/ul>\n<p>Lugar: Gimnasio Municipal \u201cEva Per\u00f3n\u201d<\/p>\n<p>D\u00edas y Horarios: lunes, mi\u00e9rcoles y viernes a partir de las 21hs.<\/p>\n<ul>\n<li><u>F\u00fatbol Femenino:<\/u> Entrenador Pablo D\u00edaz<\/li>\n<\/ul>\n<p>Lugar: Club Uni\u00f3n (lunes), Parque Lineal (Miercoles)<\/p>\n<p>D\u00edas y Horarios: lunes y mi\u00e9rcoles de 20.30 a 22.30hs.<\/p>\n<ul>\n<li><u>F\u00fatbol Femenino<\/u>: de 10 a 18 a\u00f1os. Prof. Pablo D\u00edaz<\/li>\n<\/ul>\n<p>Lugar: Gimnasio Municipal \u201cEva Per\u00f3n\u201d(miercoles) y club uni\u00f3n (lunes)<\/p>\n<p>D\u00edas y Horarios: lunes y mi\u00e9rcoles de 19.30 a 20.30hs.<\/p>\n<ul>\n<li><u>Newcom (v\u00f3ley adaptado):<\/u> Adultos mayores de 50 a\u00f1os. Prof. Ivana Schmidtke y Prof. Sofia Urriaga.<\/li>\n<\/ul>\n<p>Lugar: Gimnasio Municipal \u201cEva Per\u00f3n\u201d<\/p>\n<p>D\u00edas y Horarios: martes y jueves de 15 a 16.30hs.<\/p>\n<ul>\n<li><u>Running: <\/u> Prof. Juan Gisler<\/li>\n<\/ul>\n<p>Lugar: Pista de atletismo. Parque Lineal.<\/p>\n<p>D\u00edas y Horarios: lunes, mi\u00e9rcoles y jueves a partir de las 14hs<\/p>\n<p>&nbsp;<\/p>\n<p>&nbsp;<\/p>\n<p><strong>SIERRA DE LA VENTANA: <\/strong><\/p>\n<p>&nbsp;<\/p>\n<ul>\n<li><u>Running:<\/u> Prof. Pablo Parotti<\/li>\n<\/ul>\n<p>Lugar: Centro Cultural.<\/p>\n<p>D\u00edas y Horarios: martes y jueves a partir de las 13.45hs<\/p>\n<p>&nbsp;<\/p>\n<p>La pr\u00f3xima semana se informar\u00e1 las distintas actividades programadas para las localidades de Saldungaray y Tres Picos.<\/p>\n<p><a href=\"http:\/\/www.celttv.com.ar\/?attachment_id=40461\" rel=\"attachment wp-att-40461\"><img loading=\"lazy\" decoding=\"async\" class=\"alignleft size-full wp-image-40461\" src=\"http:\/\/www.celttv.com.ar\/wp-content\/uploads\/2019\/03\/WhatsApp-Image-2019-03-21-at-10.21.08.jpeg\" alt=\"\" width=\"1080\" height=\"1080\" srcset=\"https:\/\/www.celttv.com.ar\/wp-content\/uploads\/2019\/03\/WhatsApp-Image-2019-03-21-at-10.21.08.jpeg 1080w, https:\/\/www.celttv.com.ar\/wp-content\/uploads\/2019\/03\/WhatsApp-Image-2019-03-21-at-10.21.08-300x300.jpeg 300w, https:\/\/www.celttv.com.ar\/wp-content\/uploads\/2019\/03\/WhatsApp-Image-2019-03-21-at-10.21.08-1024x1024.jpeg 1024w, https:\/\/www.celttv.com.ar\/wp-content\/uploads\/2019\/03\/WhatsApp-Image-2019-03-21-at-10.21.08-150x150.jpeg 150w, https:\/\/www.celttv.com.ar\/wp-content\/uploads\/2019\/03\/WhatsApp-Image-2019-03-21-at-10.21.08-768x768.jpeg 768w, https:\/\/www.celttv.com.ar\/wp-content\/uploads\/2019\/03\/WhatsApp-Image-2019-03-21-at-10.21.08-75x75.jpeg 75w, https:\/\/www.celttv.com.ar\/wp-content\/uploads\/2019\/03\/WhatsApp-Image-2019-03-21-at-10.21.08-750x750.jpeg 750w\" sizes=\"auto, (max-width: 1080px) 100vw, 1080px\" \/><\/a> <a href=\"http:\/\/www.celttv.com.ar\/?attachment_id=40462\" rel=\"attachment wp-att-40462\"><img loading=\"lazy\" decoding=\"async\" class=\"alignleft size-medium wp-image-40462\" src=\"http:\/\/www.celttv.com.ar\/wp-content\/uploads\/2019\/03\/WhatsApp-Image-2019-03-21-at-10.21.11.jpeg\" alt=\"\" width=\"780\" height=\"780\" srcset=\"https:\/\/www.celttv.com.ar\/wp-content\/uploads\/2019\/03\/WhatsApp-Image-2019-03-21-at-10.21.11.jpeg 1080w, https:\/\/www.celttv.com.ar\/wp-content\/uploads\/2019\/03\/WhatsApp-Image-2019-03-21-at-10.21.11-300x300.jpeg 300w, https:\/\/www.celttv.com.ar\/wp-content\/uploads\/2019\/03\/WhatsApp-Image-2019-03-21-at-10.21.11-1024x1024.jpeg 1024w, https:\/\/www.celttv.com.ar\/wp-content\/uploads\/2019\/03\/WhatsApp-Image-2019-03-21-at-10.21.11-150x150.jpeg 150w, https:\/\/www.celttv.com.ar\/wp-content\/uploads\/2019\/03\/WhatsApp-Image-2019-03-21-at-10.21.11-768x768.jpeg 768w, https:\/\/www.celttv.com.ar\/wp-content\/uploads\/2019\/03\/WhatsApp-Image-2019-03-21-at-10.21.11-75x75.jpeg 75w, https:\/\/www.celttv.com.ar\/wp-content\/uploads\/2019\/03\/WhatsApp-Image-2019-03-21-at-10.21.11-750x750.jpeg 750w\" sizes=\"auto, (max-width: 780px) 100vw, 780px\" \/><\/a> <a href=\"http:\/\/www.celttv.com.ar\/?attachment_id=40463\" rel=\"attachment wp-att-40463\"><img loading=\"lazy\" decoding=\"async\" class=\"alignleft size-medium wp-image-40463\" src=\"http:\/\/www.celttv.com.ar\/wp-content\/uploads\/2019\/03\/WhatsApp-Image-2019-03-21-at-10.21.14.jpeg\" alt=\"\" width=\"780\" height=\"780\" srcset=\"https:\/\/www.celttv.com.ar\/wp-content\/uploads\/2019\/03\/WhatsApp-Image-2019-03-21-at-10.21.14.jpeg 1080w, https:\/\/www.celttv.com.ar\/wp-content\/uploads\/2019\/03\/WhatsApp-Image-2019-03-21-at-10.21.14-300x300.jpeg 300w, https:\/\/www.celttv.com.ar\/wp-content\/uploads\/2019\/03\/WhatsApp-Image-2019-03-21-at-10.21.14-1024x1024.jpeg 1024w, https:\/\/www.celttv.com.ar\/wp-content\/uploads\/2019\/03\/WhatsApp-Image-2019-03-21-at-10.21.14-150x150.jpeg 150w, https:\/\/www.celttv.com.ar\/wp-content\/uploads\/2019\/03\/WhatsApp-Image-2019-03-21-at-10.21.14-768x768.jpeg 768w, https:\/\/www.celttv.com.ar\/wp-content\/uploads\/2019\/03\/WhatsApp-Image-2019-03-21-at-10.21.14-75x75.jpeg 75w, https:\/\/www.celttv.com.ar\/wp-content\/uploads\/2019\/03\/WhatsApp-Image-2019-03-21-at-10.21.14-750x750.jpeg 750w\" sizes=\"auto, (max-width: 780px) 100vw, 780px\" \/><\/a> <a href=\"http:\/\/www.celttv.com.ar\/?attachment_id=40464\" rel=\"attachment wp-att-40464\"><img loading=\"lazy\" decoding=\"async\" class=\"alignleft size-medium wp-image-40464\" src=\"http:\/\/www.celttv.com.ar\/wp-content\/uploads\/2019\/03\/WhatsApp-Image-2019-03-21-at-10.21.32.jpeg\" alt=\"\" width=\"780\" height=\"780\" srcset=\"https:\/\/www.celttv.com.ar\/wp-content\/uploads\/2019\/03\/WhatsApp-Image-2019-03-21-at-10.21.32.jpeg 1080w, https:\/\/www.celttv.com.ar\/wp-content\/uploads\/2019\/03\/WhatsApp-Image-2019-03-21-at-10.21.32-300x300.jpeg 300w, https:\/\/www.celttv.com.ar\/wp-content\/uploads\/2019\/03\/WhatsApp-Image-2019-03-21-at-10.21.32-1024x1024.jpeg 1024w, https:\/\/www.celttv.com.ar\/wp-content\/uploads\/2019\/03\/WhatsApp-Image-2019-03-21-at-10.21.32-150x150.jpeg 150w, https:\/\/www.celttv.com.ar\/wp-content\/uploads\/2019\/03\/WhatsApp-Image-2019-03-21-at-10.21.32-768x768.jpeg 768w, https:\/\/www.celttv.com.ar\/wp-content\/uploads\/2019\/03\/WhatsApp-Image-2019-03-21-at-10.21.32-75x75.jpeg 75w, https:\/\/www.celttv.com.ar\/wp-content\/uploads\/2019\/03\/WhatsApp-Image-2019-03-21-at-10.21.32-750x750.jpeg 750w\" sizes=\"auto, (max-width: 780px) 100vw, 780px\" \/><\/a> <a href=\"http:\/\/www.celttv.com.ar\/?attachment_id=40465\" rel=\"attachment wp-att-40465\"><img loading=\"lazy\" decoding=\"async\" class=\"alignleft size-medium wp-image-40465\" src=\"http:\/\/www.celttv.com.ar\/wp-content\/uploads\/2019\/03\/WhatsApp-Image-2019-03-21-at-10.21.36.jpeg\" alt=\"\" width=\"780\" height=\"780\" srcset=\"https:\/\/www.celttv.com.ar\/wp-content\/uploads\/2019\/03\/WhatsApp-Image-2019-03-21-at-10.21.36.jpeg 1080w, https:\/\/www.celttv.com.ar\/wp-content\/uploads\/2019\/03\/WhatsApp-Image-2019-03-21-at-10.21.36-300x300.jpeg 300w, https:\/\/www.celttv.com.ar\/wp-content\/uploads\/2019\/03\/WhatsApp-Image-2019-03-21-at-10.21.36-1024x1024.jpeg 1024w, https:\/\/www.celttv.com.ar\/wp-content\/uploads\/2019\/03\/WhatsApp-Image-2019-03-21-at-10.21.36-150x150.jpeg 150w, https:\/\/www.celttv.com.ar\/wp-content\/uploads\/2019\/03\/WhatsApp-Image-2019-03-21-at-10.21.36-768x768.jpeg 768w, https:\/\/www.celttv.com.ar\/wp-content\/uploads\/2019\/03\/WhatsApp-Image-2019-03-21-at-10.21.36-75x75.jpeg 75w, https:\/\/www.celttv.com.ar\/wp-content\/uploads\/2019\/03\/WhatsApp-Image-2019-03-21-at-10.21.36-750x750.jpeg 750w\" sizes=\"auto, (max-width: 780px) 100vw, 780px\" \/><\/a> <a href=\"http:\/\/www.celttv.com.ar\/?attachment_id=40466\" rel=\"attachment wp-att-40466\"><img loading=\"lazy\" decoding=\"async\" class=\"alignleft size-medium wp-image-40466\" src=\"http:\/\/www.celttv.com.ar\/wp-content\/uploads\/2019\/03\/WhatsApp-Image-2019-03-21-at-10.21.38.jpeg\" alt=\"\" width=\"780\" height=\"780\" srcset=\"https:\/\/www.celttv.com.ar\/wp-content\/uploads\/2019\/03\/WhatsApp-Image-2019-03-21-at-10.21.38.jpeg 1080w, https:\/\/www.celttv.com.ar\/wp-content\/uploads\/2019\/03\/WhatsApp-Image-2019-03-21-at-10.21.38-300x300.jpeg 300w, https:\/\/www.celttv.com.ar\/wp-content\/uploads\/2019\/03\/WhatsApp-Image-2019-03-21-at-10.21.38-1024x1024.jpeg 1024w, https:\/\/www.celttv.com.ar\/wp-content\/uploads\/2019\/03\/WhatsApp-Image-2019-03-21-at-10.21.38-150x150.jpeg 150w, https:\/\/www.celttv.com.ar\/wp-content\/uploads\/2019\/03\/WhatsApp-Image-2019-03-21-at-10.21.38-768x768.jpeg 768w, https:\/\/www.celttv.com.ar\/wp-content\/uploads\/2019\/03\/WhatsApp-Image-2019-03-21-at-10.21.38-75x75.jpeg 75w, https:\/\/www.celttv.com.ar\/wp-content\/uploads\/2019\/03\/WhatsApp-Image-2019-03-21-at-10.21.38-750x750.jpeg 750w\" sizes=\"auto, (max-width: 780px) 100vw, 780px\" \/><\/a> <a href=\"http:\/\/www.celttv.com.ar\/?attachment_id=40467\" rel=\"attachment wp-att-40467\"><img loading=\"lazy\" decoding=\"async\" class=\"alignleft size-medium wp-image-40467\" src=\"http:\/\/www.celttv.com.ar\/wp-content\/uploads\/2019\/03\/WhatsApp-Image-2019-03-21-at-10.21.40.jpeg\" alt=\"\" width=\"780\" height=\"780\" srcset=\"https:\/\/www.celttv.com.ar\/wp-content\/uploads\/2019\/03\/WhatsApp-Image-2019-03-21-at-10.21.40.jpeg 1080w, https:\/\/www.celttv.com.ar\/wp-content\/uploads\/2019\/03\/WhatsApp-Image-2019-03-21-at-10.21.40-300x300.jpeg 300w, https:\/\/www.celttv.com.ar\/wp-content\/uploads\/2019\/03\/WhatsApp-Image-2019-03-21-at-10.21.40-1024x1024.jpeg 1024w, https:\/\/www.celttv.com.ar\/wp-content\/uploads\/2019\/03\/WhatsApp-Image-2019-03-21-at-10.21.40-150x150.jpeg 150w, https:\/\/www.celttv.com.ar\/wp-content\/uploads\/2019\/03\/WhatsApp-Image-2019-03-21-at-10.21.40-768x768.jpeg 768w, https:\/\/www.celttv.com.ar\/wp-content\/uploads\/2019\/03\/WhatsApp-Image-2019-03-21-at-10.21.40-75x75.jpeg 75w, https:\/\/www.celttv.com.ar\/wp-content\/uploads\/2019\/03\/WhatsApp-Image-2019-03-21-at-10.21.40-750x750.jpeg 750w\" sizes=\"auto, (max-width: 780px) 100vw, 780px\" \/><\/a> <a href=\"http:\/\/www.celttv.com.ar\/?attachment_id=40468\" rel=\"attachment wp-att-40468\"><img loading=\"lazy\" decoding=\"async\" class=\"alignleft size-medium wp-image-40468\" src=\"http:\/\/www.celttv.com.ar\/wp-content\/uploads\/2019\/03\/WhatsApp-Image-2019-03-21-at-10.21.42.jpeg\" alt=\"\" width=\"780\" height=\"780\" srcset=\"https:\/\/www.celttv.com.ar\/wp-content\/uploads\/2019\/03\/WhatsApp-Image-2019-03-21-at-10.21.42.jpeg 1080w, https:\/\/www.celttv.com.ar\/wp-content\/uploads\/2019\/03\/WhatsApp-Image-2019-03-21-at-10.21.42-300x300.jpeg 300w, https:\/\/www.celttv.com.ar\/wp-content\/uploads\/2019\/03\/WhatsApp-Image-2019-03-21-at-10.21.42-1024x1024.jpeg 1024w, https:\/\/www.celttv.com.ar\/wp-content\/uploads\/2019\/03\/WhatsApp-Image-2019-03-21-at-10.21.42-150x150.jpeg 150w, https:\/\/www.celttv.com.ar\/wp-content\/uploads\/2019\/03\/WhatsApp-Image-2019-03-21-at-10.21.42-768x768.jpeg 768w, https:\/\/www.celttv.com.ar\/wp-content\/uploads\/2019\/03\/WhatsApp-Image-2019-03-21-at-10.21.42-75x75.jpeg 75w, https:\/\/www.celttv.com.ar\/wp-content\/uploads\/2019\/03\/WhatsApp-Image-2019-03-21-at-10.21.42-750x750.jpeg 750w\" sizes=\"auto, (max-width: 780px) 100vw, 780px\" \/><\/a><\/p>\n<p>&nbsp;<\/p>\n","protected":false},"excerpt":{"rendered":"<p>La Direcci\u00f3n de Deportes Municipal te invita a sumarte a las actividades programadas desde dicho \u00e1rea, para este nuevo a\u00f1o: \u00a0 TORNQUIST: Atletismo: Ni\u00f1os y J\u00f3venes. Prof. Bruno Polinori Lugar: Pista de Atletismo D\u00edas y Horarios: lunes de 17.15 a 18.15hs Mi\u00e9rcoles de 9.30 a 10.30hs B\u00e1squet: A partir de 13 a\u00f1os. Entrenador Sergio Pettoroso [&hellip;]<\/p>\n","protected":false},"author":1,"featured_media":40469,"comment_status":"closed","ping_status":"open","sticky":false,"template":"","format":"standard","meta":{"footnotes":""},"categories":[55,60,52,63],"tags":[],"class_list":["post-40460","post","type-post","status-publish","format-standard","has-post-thumbnail","hentry","category-celt-tv-noticias","category-deporte","category-destacadas","category-magazine-sport"],"yoast_head":"<!-- This site is optimized with the Yoast SEO plugin v19.7.1 - https:\/\/yoast.com\/wordpress\/plugins\/seo\/ -->\n<title>Actividades deportivas en Sierra de la Ventana y Tornquist - CELTTV<\/title>\n<meta name=\"description\" content=\"Sitio web de noticias de la localidad de Tornquist, provincia de Buenos Aires, Rep\u00fablica Argentina. Contenido propio originado por periodistas de CELTTV, el canal de TV local de la Cooperativa El\u00e9ctrica de Tornquist. Turismo, Pol\u00edtica, Sociedad, Deporte, Cultura y todo el contenido de inter\u00e9s general que la gente del pueblo y la regi\u00f3n debe conocer.\" \/>\n<meta name=\"robots\" content=\"index, follow, max-snippet:-1, max-image-preview:large, max-video-preview:-1\" \/>\n<link rel=\"canonical\" href=\"https:\/\/www.celttv.com.ar\/index.php\/2019\/03\/21\/actividades-deportivas-en-sierra-de-la-ventana-y-tornquist\/\" \/>\n<meta property=\"og:locale\" content=\"es_ES\" \/>\n<meta property=\"og:type\" content=\"article\" \/>\n<meta property=\"og:title\" content=\"Actividades deportivas en Sierra de la Ventana y Tornquist - CELTTV\" \/>\n<meta property=\"og:description\" content=\"Sitio web de noticias de la localidad de Tornquist, provincia de Buenos Aires, Rep\u00fablica Argentina. Contenido propio originado por periodistas de CELTTV, el canal de TV local de la Cooperativa El\u00e9ctrica de Tornquist. Turismo, Pol\u00edtica, Sociedad, Deporte, Cultura y todo el contenido de inter\u00e9s general que la gente del pueblo y la regi\u00f3n debe conocer.\" \/>\n<meta property=\"og:url\" content=\"https:\/\/www.celttv.com.ar\/index.php\/2019\/03\/21\/actividades-deportivas-en-sierra-de-la-ventana-y-tornquist\/\" \/>\n<meta property=\"og:site_name\" content=\"CELTTV\" \/>\n<meta property=\"article:publisher\" content=\"https:\/\/www.facebook.com\/celtTV\/\" \/>\n<meta property=\"article:published_time\" content=\"2019-03-21T23:47:32+00:00\" \/>\n<meta property=\"og:image\" content=\"https:\/\/www.celttv.com.ar\/wp-content\/uploads\/2019\/03\/000.jpg\" \/>\n\t<meta property=\"og:image:width\" content=\"500\" \/>\n\t<meta property=\"og:image:height\" content=\"300\" \/>\n\t<meta property=\"og:image:type\" content=\"image\/jpeg\" \/>\n<meta name=\"author\" content=\"ulises\" \/>\n<meta name=\"twitter:card\" content=\"summary_large_image\" \/>\n<meta name=\"twitter:label1\" content=\"Escrito por\" \/>\n\t<meta name=\"twitter:data1\" content=\"ulises\" \/>\n\t<meta name=\"twitter:label2\" content=\"Tiempo de lectura\" \/>\n\t<meta name=\"twitter:data2\" content=\"1 minuto\" \/>\n<script type=\"application\/ld+json\" class=\"yoast-schema-graph\">{\"@context\":\"https:\/\/schema.org\",\"@graph\":[{\"@type\":\"NewsArticle\",\"@id\":\"https:\/\/www.celttv.com.ar\/index.php\/2019\/03\/21\/actividades-deportivas-en-sierra-de-la-ventana-y-tornquist\/#article\",\"isPartOf\":{\"@id\":\"https:\/\/www.celttv.com.ar\/index.php\/2019\/03\/21\/actividades-deportivas-en-sierra-de-la-ventana-y-tornquist\/\"},\"author\":{\"name\":\"ulises\",\"@id\":\"https:\/\/www.celttv.com.ar\/#\/schema\/person\/6d99c072dba59953809c81446e9d0ace\"},\"headline\":\"Actividades deportivas en Sierra de la Ventana y Tornquist\",\"datePublished\":\"2019-03-21T23:47:32+00:00\",\"dateModified\":\"2019-03-21T23:47:32+00:00\",\"mainEntityOfPage\":{\"@id\":\"https:\/\/www.celttv.com.ar\/index.php\/2019\/03\/21\/actividades-deportivas-en-sierra-de-la-ventana-y-tornquist\/\"},\"wordCount\":275,\"publisher\":{\"@id\":\"https:\/\/www.celttv.com.ar\/#organization\"},\"articleSection\":[\"Celt TV Noticias\",\"Deporte\",\"Destacadas\",\"Magazine Sport\"],\"inLanguage\":\"es\"},{\"@type\":\"WebPage\",\"@id\":\"https:\/\/www.celttv.com.ar\/index.php\/2019\/03\/21\/actividades-deportivas-en-sierra-de-la-ventana-y-tornquist\/\",\"url\":\"https:\/\/www.celttv.com.ar\/index.php\/2019\/03\/21\/actividades-deportivas-en-sierra-de-la-ventana-y-tornquist\/\",\"name\":\"Actividades deportivas en Sierra de la Ventana y Tornquist - CELTTV\",\"isPartOf\":{\"@id\":\"https:\/\/www.celttv.com.ar\/#website\"},\"datePublished\":\"2019-03-21T23:47:32+00:00\",\"dateModified\":\"2019-03-21T23:47:32+00:00\",\"description\":\"Sitio web de noticias de la localidad de Tornquist, provincia de Buenos Aires, Rep\u00fablica Argentina. Contenido propio originado por periodistas de CELTTV, el canal de TV local de la Cooperativa El\u00e9ctrica de Tornquist. Turismo, Pol\u00edtica, Sociedad, Deporte, Cultura y todo el contenido de inter\u00e9s general que la gente del pueblo y la regi\u00f3n debe conocer.\",\"breadcrumb\":{\"@id\":\"https:\/\/www.celttv.com.ar\/index.php\/2019\/03\/21\/actividades-deportivas-en-sierra-de-la-ventana-y-tornquist\/#breadcrumb\"},\"inLanguage\":\"es\",\"potentialAction\":[{\"@type\":\"ReadAction\",\"target\":[\"https:\/\/www.celttv.com.ar\/index.php\/2019\/03\/21\/actividades-deportivas-en-sierra-de-la-ventana-y-tornquist\/\"]}]},{\"@type\":\"BreadcrumbList\",\"@id\":\"https:\/\/www.celttv.com.ar\/index.php\/2019\/03\/21\/actividades-deportivas-en-sierra-de-la-ventana-y-tornquist\/#breadcrumb\",\"itemListElement\":[{\"@type\":\"ListItem\",\"position\":1,\"name\":\"Inicio\",\"item\":\"https:\/\/www.celttv.com.ar\/\"},{\"@type\":\"ListItem\",\"position\":2,\"name\":\"Actividades deportivas en Sierra de la Ventana y Tornquist\"}]},{\"@type\":\"WebSite\",\"@id\":\"https:\/\/www.celttv.com.ar\/#website\",\"url\":\"https:\/\/www.celttv.com.ar\/\",\"name\":\"CELTTV\",\"description\":\"Cooperativa El\u00e9ctrica de Tornquist\",\"publisher\":{\"@id\":\"https:\/\/www.celttv.com.ar\/#organization\"},\"potentialAction\":[{\"@type\":\"SearchAction\",\"target\":{\"@type\":\"EntryPoint\",\"urlTemplate\":\"https:\/\/www.celttv.com.ar\/?s={search_term_string}\"},\"query-input\":\"required name=search_term_string\"}],\"inLanguage\":\"es\"},{\"@type\":\"Organization\",\"@id\":\"https:\/\/www.celttv.com.ar\/#organization\",\"name\":\"CELTTV\",\"url\":\"https:\/\/www.celttv.com.ar\/\",\"sameAs\":[\"https:\/\/www.youtube.com\/channel\/UCz_oIt8Hig64Ub-EmcNPIhg\",\"https:\/\/www.facebook.com\/celtTV\/\"],\"logo\":{\"@type\":\"ImageObject\",\"inLanguage\":\"es\",\"@id\":\"https:\/\/www.celttv.com.ar\/#\/schema\/logo\/image\/\",\"url\":\"http:\/\/www.celttv.com.ar\/wp-content\/uploads\/2022\/08\/logo-1.png\",\"contentUrl\":\"http:\/\/www.celttv.com.ar\/wp-content\/uploads\/2022\/08\/logo-1.png\",\"width\":461,\"height\":159,\"caption\":\"CELTTV\"},\"image\":{\"@id\":\"https:\/\/www.celttv.com.ar\/#\/schema\/logo\/image\/\"}},{\"@type\":\"Person\",\"@id\":\"https:\/\/www.celttv.com.ar\/#\/schema\/person\/6d99c072dba59953809c81446e9d0ace\",\"name\":\"ulises\",\"image\":{\"@type\":\"ImageObject\",\"inLanguage\":\"es\",\"@id\":\"https:\/\/www.celttv.com.ar\/#\/schema\/person\/image\/\",\"url\":\"https:\/\/secure.gravatar.com\/avatar\/7f2c48bdc33b30088f941fb6082e555f2874c98e20cb159d7b92b50eadfce793?s=96&d=mm&r=g\",\"contentUrl\":\"https:\/\/secure.gravatar.com\/avatar\/7f2c48bdc33b30088f941fb6082e555f2874c98e20cb159d7b92b50eadfce793?s=96&d=mm&r=g\",\"caption\":\"ulises\"},\"sameAs\":[\"http:\/\/www.celttv.com.ar\"]}]}<\/script>\n<!-- \/ Yoast SEO plugin. -->","yoast_head_json":{"title":"Actividades deportivas en Sierra de la Ventana y Tornquist - CELTTV","description":"Sitio web de noticias de la localidad de Tornquist, provincia de Buenos Aires, Rep\u00fablica Argentina. Contenido propio originado por periodistas de CELTTV, el canal de TV local de la Cooperativa El\u00e9ctrica de Tornquist. Turismo, Pol\u00edtica, Sociedad, Deporte, Cultura y todo el contenido de inter\u00e9s general que la gente del pueblo y la regi\u00f3n debe conocer.","robots":{"index":"index","follow":"follow","max-snippet":"max-snippet:-1","max-image-preview":"max-image-preview:large","max-video-preview":"max-video-preview:-1"},"canonical":"https:\/\/www.celttv.com.ar\/index.php\/2019\/03\/21\/actividades-deportivas-en-sierra-de-la-ventana-y-tornquist\/","og_locale":"es_ES","og_type":"article","og_title":"Actividades deportivas en Sierra de la Ventana y Tornquist - CELTTV","og_description":"Sitio web de noticias de la localidad de Tornquist, provincia de Buenos Aires, Rep\u00fablica Argentina. Contenido propio originado por periodistas de CELTTV, el canal de TV local de la Cooperativa El\u00e9ctrica de Tornquist. Turismo, Pol\u00edtica, Sociedad, Deporte, Cultura y todo el contenido de inter\u00e9s general que la gente del pueblo y la regi\u00f3n debe conocer.","og_url":"https:\/\/www.celttv.com.ar\/index.php\/2019\/03\/21\/actividades-deportivas-en-sierra-de-la-ventana-y-tornquist\/","og_site_name":"CELTTV","article_publisher":"https:\/\/www.facebook.com\/celtTV\/","article_published_time":"2019-03-21T23:47:32+00:00","og_image":[{"width":500,"height":300,"url":"https:\/\/www.celttv.com.ar\/wp-content\/uploads\/2019\/03\/000.jpg","type":"image\/jpeg"}],"author":"ulises","twitter_card":"summary_large_image","twitter_misc":{"Escrito por":"ulises","Tiempo de lectura":"1 minuto"},"schema":{"@context":"https:\/\/schema.org","@graph":[{"@type":"NewsArticle","@id":"https:\/\/www.celttv.com.ar\/index.php\/2019\/03\/21\/actividades-deportivas-en-sierra-de-la-ventana-y-tornquist\/#article","isPartOf":{"@id":"https:\/\/www.celttv.com.ar\/index.php\/2019\/03\/21\/actividades-deportivas-en-sierra-de-la-ventana-y-tornquist\/"},"author":{"name":"ulises","@id":"https:\/\/www.celttv.com.ar\/#\/schema\/person\/6d99c072dba59953809c81446e9d0ace"},"headline":"Actividades deportivas en Sierra de la Ventana y Tornquist","datePublished":"2019-03-21T23:47:32+00:00","dateModified":"2019-03-21T23:47:32+00:00","mainEntityOfPage":{"@id":"https:\/\/www.celttv.com.ar\/index.php\/2019\/03\/21\/actividades-deportivas-en-sierra-de-la-ventana-y-tornquist\/"},"wordCount":275,"publisher":{"@id":"https:\/\/www.celttv.com.ar\/#organization"},"articleSection":["Celt TV Noticias","Deporte","Destacadas","Magazine Sport"],"inLanguage":"es"},{"@type":"WebPage","@id":"https:\/\/www.celttv.com.ar\/index.php\/2019\/03\/21\/actividades-deportivas-en-sierra-de-la-ventana-y-tornquist\/","url":"https:\/\/www.celttv.com.ar\/index.php\/2019\/03\/21\/actividades-deportivas-en-sierra-de-la-ventana-y-tornquist\/","name":"Actividades deportivas en Sierra de la Ventana y Tornquist - CELTTV","isPartOf":{"@id":"https:\/\/www.celttv.com.ar\/#website"},"datePublished":"2019-03-21T23:47:32+00:00","dateModified":"2019-03-21T23:47:32+00:00","description":"Sitio web de noticias de la localidad de Tornquist, provincia de Buenos Aires, Rep\u00fablica Argentina. Contenido propio originado por periodistas de CELTTV, el canal de TV local de la Cooperativa El\u00e9ctrica de Tornquist. Turismo, Pol\u00edtica, Sociedad, Deporte, Cultura y todo el contenido de inter\u00e9s general que la gente del pueblo y la regi\u00f3n debe conocer.","breadcrumb":{"@id":"https:\/\/www.celttv.com.ar\/index.php\/2019\/03\/21\/actividades-deportivas-en-sierra-de-la-ventana-y-tornquist\/#breadcrumb"},"inLanguage":"es","potentialAction":[{"@type":"ReadAction","target":["https:\/\/www.celttv.com.ar\/index.php\/2019\/03\/21\/actividades-deportivas-en-sierra-de-la-ventana-y-tornquist\/"]}]},{"@type":"BreadcrumbList","@id":"https:\/\/www.celttv.com.ar\/index.php\/2019\/03\/21\/actividades-deportivas-en-sierra-de-la-ventana-y-tornquist\/#breadcrumb","itemListElement":[{"@type":"ListItem","position":1,"name":"Inicio","item":"https:\/\/www.celttv.com.ar\/"},{"@type":"ListItem","position":2,"name":"Actividades deportivas en Sierra de la Ventana y Tornquist"}]},{"@type":"WebSite","@id":"https:\/\/www.celttv.com.ar\/#website","url":"https:\/\/www.celttv.com.ar\/","name":"CELTTV","description":"Cooperativa El\u00e9ctrica de Tornquist","publisher":{"@id":"https:\/\/www.celttv.com.ar\/#organization"},"potentialAction":[{"@type":"SearchAction","target":{"@type":"EntryPoint","urlTemplate":"https:\/\/www.celttv.com.ar\/?s={search_term_string}"},"query-input":"required name=search_term_string"}],"inLanguage":"es"},{"@type":"Organization","@id":"https:\/\/www.celttv.com.ar\/#organization","name":"CELTTV","url":"https:\/\/www.celttv.com.ar\/","sameAs":["https:\/\/www.youtube.com\/channel\/UCz_oIt8Hig64Ub-EmcNPIhg","https:\/\/www.facebook.com\/celtTV\/"],"logo":{"@type":"ImageObject","inLanguage":"es","@id":"https:\/\/www.celttv.com.ar\/#\/schema\/logo\/image\/","url":"http:\/\/www.celttv.com.ar\/wp-content\/uploads\/2022\/08\/logo-1.png","contentUrl":"http:\/\/www.celttv.com.ar\/wp-content\/uploads\/2022\/08\/logo-1.png","width":461,"height":159,"caption":"CELTTV"},"image":{"@id":"https:\/\/www.celttv.com.ar\/#\/schema\/logo\/image\/"}},{"@type":"Person","@id":"https:\/\/www.celttv.com.ar\/#\/schema\/person\/6d99c072dba59953809c81446e9d0ace","name":"ulises","image":{"@type":"ImageObject","inLanguage":"es","@id":"https:\/\/www.celttv.com.ar\/#\/schema\/person\/image\/","url":"https:\/\/secure.gravatar.com\/avatar\/7f2c48bdc33b30088f941fb6082e555f2874c98e20cb159d7b92b50eadfce793?s=96&d=mm&r=g","contentUrl":"https:\/\/secure.gravatar.com\/avatar\/7f2c48bdc33b30088f941fb6082e555f2874c98e20cb159d7b92b50eadfce793?s=96&d=mm&r=g","caption":"ulises"},"sameAs":["http:\/\/www.celttv.com.ar"]}]}},"_links":{"self":[{"href":"https:\/\/www.celttv.com.ar\/index.php\/wp-json\/wp\/v2\/posts\/40460","targetHints":{"allow":["GET"]}}],"collection":[{"href":"https:\/\/www.celttv.com.ar\/index.php\/wp-json\/wp\/v2\/posts"}],"about":[{"href":"https:\/\/www.celttv.com.ar\/index.php\/wp-json\/wp\/v2\/types\/post"}],"author":[{"embeddable":true,"href":"https:\/\/www.celttv.com.ar\/index.php\/wp-json\/wp\/v2\/users\/1"}],"replies":[{"embeddable":true,"href":"https:\/\/www.celttv.com.ar\/index.php\/wp-json\/wp\/v2\/comments?post=40460"}],"version-history":[{"count":0,"href":"https:\/\/www.celttv.com.ar\/index.php\/wp-json\/wp\/v2\/posts\/40460\/revisions"}],"wp:featuredmedia":[{"embeddable":true,"href":"https:\/\/www.celttv.com.ar\/index.php\/wp-json\/wp\/v2\/media\/40469"}],"wp:attachment":[{"href":"https:\/\/www.celttv.com.ar\/index.php\/wp-json\/wp\/v2\/media?parent=40460"}],"wp:term":[{"taxonomy":"category","embeddable":true,"href":"https:\/\/www.celttv.com.ar\/index.php\/wp-json\/wp\/v2\/categories?post=40460"},{"taxonomy":"post_tag","embeddable":true,"href":"https:\/\/www.celttv.com.ar\/index.php\/wp-json\/wp\/v2\/tags?post=40460"}],"curies":[{"name":"wp","href":"https:\/\/api.w.org\/{rel}","templated":true}]}}