{"id":40480,"date":"2019-03-22T19:39:21","date_gmt":"2019-03-22T19:39:21","guid":{"rendered":"http:\/\/www.celttv.com.ar\/?p=40480"},"modified":"2019-03-22T19:39:21","modified_gmt":"2019-03-22T19:39:21","slug":"abordaje-de-conflictos-en-el-ambito-educativo-fotos","status":"publish","type":"post","link":"https:\/\/www.celttv.com.ar\/index.php\/2019\/03\/22\/abordaje-de-conflictos-en-el-ambito-educativo-fotos\/","title":{"rendered":"ABORDAJE DE CONFLICTOS EN EL \u00c1MBITO EDUCATIVO (FOTOS)"},"content":{"rendered":"<p>El taller cont\u00f3 con la presencia de docentes y directivos de diferentes establecimientos educativos de Tornquist, el cual estuvo a cargo del diputado provincial de Cambiemos, <strong>Emiliano Balb\u00edn<\/strong> y la subsecretaria de Acceso a la Justicia del Ministerio de Justicia de la provincia de Buenos Aires, <strong>Rosario S\u00e1nchez<\/strong>.<\/p>\n<p>El mismo, se desarrollo en la sala de Situaciones del palacio municipal y tuvo como objetivo realizar un an\u00e1lisis de los conflictos en el \u00e1mbito educativo y la co-construcci\u00f3n de pr\u00e1cticas efectivas para la generaci\u00f3n de un buen clima escolar.<\/p>\n<p><strong>Pr\u00f3ximamente notas en CELTTV NOTICIAS.<\/strong><\/p>\n<p><a href=\"http:\/\/www.celttv.com.ar\/?attachment_id=40482\" rel=\"attachment wp-att-40482\"><img loading=\"lazy\" decoding=\"async\" class=\"alignleft size-full wp-image-40482\" src=\"http:\/\/www.celttv.com.ar\/wp-content\/uploads\/2019\/03\/20190322_161100.jpg\" alt=\"\" width=\"2048\" height=\"1536\" srcset=\"https:\/\/www.celttv.com.ar\/wp-content\/uploads\/2019\/03\/20190322_161100.jpg 2048w, https:\/\/www.celttv.com.ar\/wp-content\/uploads\/2019\/03\/20190322_161100-300x225.jpg 300w, https:\/\/www.celttv.com.ar\/wp-content\/uploads\/2019\/03\/20190322_161100-1024x768.jpg 1024w, https:\/\/www.celttv.com.ar\/wp-content\/uploads\/2019\/03\/20190322_161100-768x576.jpg 768w, https:\/\/www.celttv.com.ar\/wp-content\/uploads\/2019\/03\/20190322_161100-1536x1152.jpg 1536w, https:\/\/www.celttv.com.ar\/wp-content\/uploads\/2019\/03\/20190322_161100-750x563.jpg 750w, https:\/\/www.celttv.com.ar\/wp-content\/uploads\/2019\/03\/20190322_161100-1140x855.jpg 1140w\" sizes=\"auto, (max-width: 2048px) 100vw, 2048px\" \/><\/a> <a href=\"http:\/\/www.celttv.com.ar\/?attachment_id=40483\" rel=\"attachment wp-att-40483\"><img loading=\"lazy\" decoding=\"async\" class=\"alignleft size-medium wp-image-40483\" src=\"http:\/\/www.celttv.com.ar\/wp-content\/uploads\/2019\/03\/20190322_161206.jpg\" alt=\"\" width=\"780\" height=\"585\" srcset=\"https:\/\/www.celttv.com.ar\/wp-content\/uploads\/2019\/03\/20190322_161206.jpg 2048w, https:\/\/www.celttv.com.ar\/wp-content\/uploads\/2019\/03\/20190322_161206-300x225.jpg 300w, https:\/\/www.celttv.com.ar\/wp-content\/uploads\/2019\/03\/20190322_161206-1024x768.jpg 1024w, https:\/\/www.celttv.com.ar\/wp-content\/uploads\/2019\/03\/20190322_161206-768x576.jpg 768w, https:\/\/www.celttv.com.ar\/wp-content\/uploads\/2019\/03\/20190322_161206-1536x1152.jpg 1536w, https:\/\/www.celttv.com.ar\/wp-content\/uploads\/2019\/03\/20190322_161206-750x563.jpg 750w, https:\/\/www.celttv.com.ar\/wp-content\/uploads\/2019\/03\/20190322_161206-1140x855.jpg 1140w\" sizes=\"auto, (max-width: 780px) 100vw, 780px\" \/><\/a> <a href=\"http:\/\/www.celttv.com.ar\/?attachment_id=40484\" rel=\"attachment wp-att-40484\"><img loading=\"lazy\" decoding=\"async\" class=\"alignleft size-medium wp-image-40484\" src=\"http:\/\/www.celttv.com.ar\/wp-content\/uploads\/2019\/03\/20190322_161216.jpg\" alt=\"\" width=\"780\" height=\"585\" srcset=\"https:\/\/www.celttv.com.ar\/wp-content\/uploads\/2019\/03\/20190322_161216.jpg 2048w, https:\/\/www.celttv.com.ar\/wp-content\/uploads\/2019\/03\/20190322_161216-300x225.jpg 300w, https:\/\/www.celttv.com.ar\/wp-content\/uploads\/2019\/03\/20190322_161216-1024x768.jpg 1024w, https:\/\/www.celttv.com.ar\/wp-content\/uploads\/2019\/03\/20190322_161216-768x576.jpg 768w, https:\/\/www.celttv.com.ar\/wp-content\/uploads\/2019\/03\/20190322_161216-1536x1152.jpg 1536w, https:\/\/www.celttv.com.ar\/wp-content\/uploads\/2019\/03\/20190322_161216-750x563.jpg 750w, https:\/\/www.celttv.com.ar\/wp-content\/uploads\/2019\/03\/20190322_161216-1140x855.jpg 1140w\" sizes=\"auto, (max-width: 780px) 100vw, 780px\" \/><\/a> <a href=\"http:\/\/www.celttv.com.ar\/?attachment_id=40485\" rel=\"attachment wp-att-40485\"><img loading=\"lazy\" decoding=\"async\" class=\"alignleft size-medium wp-image-40485\" src=\"http:\/\/www.celttv.com.ar\/wp-content\/uploads\/2019\/03\/20190322_161229.jpg\" alt=\"\" width=\"780\" height=\"585\" srcset=\"https:\/\/www.celttv.com.ar\/wp-content\/uploads\/2019\/03\/20190322_161229.jpg 2048w, https:\/\/www.celttv.com.ar\/wp-content\/uploads\/2019\/03\/20190322_161229-300x225.jpg 300w, https:\/\/www.celttv.com.ar\/wp-content\/uploads\/2019\/03\/20190322_161229-1024x768.jpg 1024w, https:\/\/www.celttv.com.ar\/wp-content\/uploads\/2019\/03\/20190322_161229-768x576.jpg 768w, https:\/\/www.celttv.com.ar\/wp-content\/uploads\/2019\/03\/20190322_161229-1536x1152.jpg 1536w, https:\/\/www.celttv.com.ar\/wp-content\/uploads\/2019\/03\/20190322_161229-750x563.jpg 750w, https:\/\/www.celttv.com.ar\/wp-content\/uploads\/2019\/03\/20190322_161229-1140x855.jpg 1140w\" sizes=\"auto, (max-width: 780px) 100vw, 780px\" \/><\/a> <a href=\"http:\/\/www.celttv.com.ar\/?attachment_id=40486\" rel=\"attachment wp-att-40486\"><img loading=\"lazy\" decoding=\"async\" class=\"alignleft size-medium wp-image-40486\" src=\"http:\/\/www.celttv.com.ar\/wp-content\/uploads\/2019\/03\/20190322_161259.jpg\" alt=\"\" width=\"759\" height=\"780\" srcset=\"https:\/\/www.celttv.com.ar\/wp-content\/uploads\/2019\/03\/20190322_161259.jpg 1362w, https:\/\/www.celttv.com.ar\/wp-content\/uploads\/2019\/03\/20190322_161259-292x300.jpg 292w, https:\/\/www.celttv.com.ar\/wp-content\/uploads\/2019\/03\/20190322_161259-996x1024.jpg 996w, https:\/\/www.celttv.com.ar\/wp-content\/uploads\/2019\/03\/20190322_161259-768x789.jpg 768w, https:\/\/www.celttv.com.ar\/wp-content\/uploads\/2019\/03\/20190322_161259-750x771.jpg 750w, https:\/\/www.celttv.com.ar\/wp-content\/uploads\/2019\/03\/20190322_161259-1140x1172.jpg 1140w\" sizes=\"auto, (max-width: 759px) 100vw, 759px\" \/><\/a> <a href=\"http:\/\/www.celttv.com.ar\/?attachment_id=40487\" rel=\"attachment wp-att-40487\"><img loading=\"lazy\" decoding=\"async\" class=\"alignleft size-medium wp-image-40487\" src=\"http:\/\/www.celttv.com.ar\/wp-content\/uploads\/2019\/03\/20190322_161306.jpg\" alt=\"\" width=\"780\" height=\"585\" srcset=\"https:\/\/www.celttv.com.ar\/wp-content\/uploads\/2019\/03\/20190322_161306.jpg 2048w, https:\/\/www.celttv.com.ar\/wp-content\/uploads\/2019\/03\/20190322_161306-300x225.jpg 300w, https:\/\/www.celttv.com.ar\/wp-content\/uploads\/2019\/03\/20190322_161306-1024x768.jpg 1024w, https:\/\/www.celttv.com.ar\/wp-content\/uploads\/2019\/03\/20190322_161306-768x576.jpg 768w, https:\/\/www.celttv.com.ar\/wp-content\/uploads\/2019\/03\/20190322_161306-1536x1152.jpg 1536w, https:\/\/www.celttv.com.ar\/wp-content\/uploads\/2019\/03\/20190322_161306-750x563.jpg 750w, https:\/\/www.celttv.com.ar\/wp-content\/uploads\/2019\/03\/20190322_161306-1140x855.jpg 1140w\" sizes=\"auto, (max-width: 780px) 100vw, 780px\" \/><\/a> <a href=\"http:\/\/www.celttv.com.ar\/?attachment_id=40488\" rel=\"attachment wp-att-40488\"><img loading=\"lazy\" decoding=\"async\" class=\"alignleft size-medium wp-image-40488\" src=\"http:\/\/www.celttv.com.ar\/wp-content\/uploads\/2019\/03\/20190322_161309.jpg\" alt=\"\" width=\"780\" height=\"585\" srcset=\"https:\/\/www.celttv.com.ar\/wp-content\/uploads\/2019\/03\/20190322_161309.jpg 2048w, https:\/\/www.celttv.com.ar\/wp-content\/uploads\/2019\/03\/20190322_161309-300x225.jpg 300w, https:\/\/www.celttv.com.ar\/wp-content\/uploads\/2019\/03\/20190322_161309-1024x768.jpg 1024w, https:\/\/www.celttv.com.ar\/wp-content\/uploads\/2019\/03\/20190322_161309-768x576.jpg 768w, https:\/\/www.celttv.com.ar\/wp-content\/uploads\/2019\/03\/20190322_161309-1536x1152.jpg 1536w, https:\/\/www.celttv.com.ar\/wp-content\/uploads\/2019\/03\/20190322_161309-750x563.jpg 750w, https:\/\/www.celttv.com.ar\/wp-content\/uploads\/2019\/03\/20190322_161309-1140x855.jpg 1140w\" sizes=\"auto, (max-width: 780px) 100vw, 780px\" \/><\/a> <a href=\"http:\/\/www.celttv.com.ar\/?attachment_id=40489\" rel=\"attachment wp-att-40489\"><img loading=\"lazy\" decoding=\"async\" class=\"alignleft size-medium wp-image-40489\" src=\"http:\/\/www.celttv.com.ar\/wp-content\/uploads\/2019\/03\/20190322_161405.jpg\" alt=\"\" width=\"780\" height=\"585\" srcset=\"https:\/\/www.celttv.com.ar\/wp-content\/uploads\/2019\/03\/20190322_161405.jpg 2048w, https:\/\/www.celttv.com.ar\/wp-content\/uploads\/2019\/03\/20190322_161405-300x225.jpg 300w, https:\/\/www.celttv.com.ar\/wp-content\/uploads\/2019\/03\/20190322_161405-1024x768.jpg 1024w, https:\/\/www.celttv.com.ar\/wp-content\/uploads\/2019\/03\/20190322_161405-768x576.jpg 768w, https:\/\/www.celttv.com.ar\/wp-content\/uploads\/2019\/03\/20190322_161405-1536x1152.jpg 1536w, https:\/\/www.celttv.com.ar\/wp-content\/uploads\/2019\/03\/20190322_161405-750x563.jpg 750w, https:\/\/www.celttv.com.ar\/wp-content\/uploads\/2019\/03\/20190322_161405-1140x855.jpg 1140w\" sizes=\"auto, (max-width: 780px) 100vw, 780px\" \/><\/a> <a href=\"http:\/\/www.celttv.com.ar\/?attachment_id=40490\" rel=\"attachment wp-att-40490\"><img loading=\"lazy\" decoding=\"async\" class=\"alignleft size-medium wp-image-40490\" src=\"http:\/\/www.celttv.com.ar\/wp-content\/uploads\/2019\/03\/20190322_161417.jpg\" alt=\"\" width=\"780\" height=\"585\" srcset=\"https:\/\/www.celttv.com.ar\/wp-content\/uploads\/2019\/03\/20190322_161417.jpg 2048w, https:\/\/www.celttv.com.ar\/wp-content\/uploads\/2019\/03\/20190322_161417-300x225.jpg 300w, https:\/\/www.celttv.com.ar\/wp-content\/uploads\/2019\/03\/20190322_161417-1024x768.jpg 1024w, https:\/\/www.celttv.com.ar\/wp-content\/uploads\/2019\/03\/20190322_161417-768x576.jpg 768w, https:\/\/www.celttv.com.ar\/wp-content\/uploads\/2019\/03\/20190322_161417-1536x1152.jpg 1536w, https:\/\/www.celttv.com.ar\/wp-content\/uploads\/2019\/03\/20190322_161417-750x563.jpg 750w, https:\/\/www.celttv.com.ar\/wp-content\/uploads\/2019\/03\/20190322_161417-1140x855.jpg 1140w\" sizes=\"auto, (max-width: 780px) 100vw, 780px\" \/><\/a><\/p>\n","protected":false},"excerpt":{"rendered":"<p>El taller cont\u00f3 con la presencia de docentes y directivos de diferentes establecimientos educativos de Tornquist, el cual estuvo a cargo del diputado provincial de Cambiemos, Emiliano Balb\u00edn y la subsecretaria de Acceso a la Justicia del Ministerio de Justicia de la provincia de Buenos Aires, Rosario S\u00e1nchez. El mismo, se desarrollo en la sala [&hellip;]<\/p>\n","protected":false},"author":1,"featured_media":40489,"comment_status":"closed","ping_status":"open","sticky":false,"template":"","format":"standard","meta":{"footnotes":""},"categories":[55,51,52],"tags":[],"class_list":["post-40480","post","type-post","status-publish","format-standard","has-post-thumbnail","hentry","category-celt-tv-noticias","category-comunidad","category-destacadas"],"yoast_head":"<!-- This site is optimized with the Yoast SEO plugin v19.7.1 - https:\/\/yoast.com\/wordpress\/plugins\/seo\/ -->\n<title>ABORDAJE DE CONFLICTOS EN EL \u00c1MBITO EDUCATIVO (FOTOS) - CELTTV<\/title>\n<meta name=\"description\" content=\"Sitio web de noticias de la localidad de Tornquist, provincia de Buenos Aires, Rep\u00fablica Argentina. Contenido propio originado por periodistas de CELTTV, el canal de TV local de la Cooperativa El\u00e9ctrica de Tornquist. Turismo, Pol\u00edtica, Sociedad, Deporte, Cultura y todo el contenido de inter\u00e9s general que la gente del pueblo y la regi\u00f3n debe conocer.\" \/>\n<meta name=\"robots\" content=\"index, follow, max-snippet:-1, max-image-preview:large, max-video-preview:-1\" \/>\n<link rel=\"canonical\" href=\"https:\/\/www.celttv.com.ar\/index.php\/2019\/03\/22\/abordaje-de-conflictos-en-el-ambito-educativo-fotos\/\" \/>\n<meta property=\"og:locale\" content=\"es_ES\" \/>\n<meta property=\"og:type\" content=\"article\" \/>\n<meta property=\"og:title\" content=\"ABORDAJE DE CONFLICTOS EN EL \u00c1MBITO EDUCATIVO (FOTOS) - CELTTV\" \/>\n<meta property=\"og:description\" content=\"Sitio web de noticias de la localidad de Tornquist, provincia de Buenos Aires, Rep\u00fablica Argentina. Contenido propio originado por periodistas de CELTTV, el canal de TV local de la Cooperativa El\u00e9ctrica de Tornquist. Turismo, Pol\u00edtica, Sociedad, Deporte, Cultura y todo el contenido de inter\u00e9s general que la gente del pueblo y la regi\u00f3n debe conocer.\" \/>\n<meta property=\"og:url\" content=\"https:\/\/www.celttv.com.ar\/index.php\/2019\/03\/22\/abordaje-de-conflictos-en-el-ambito-educativo-fotos\/\" \/>\n<meta property=\"og:site_name\" content=\"CELTTV\" \/>\n<meta property=\"article:publisher\" content=\"https:\/\/www.facebook.com\/celtTV\/\" \/>\n<meta property=\"article:published_time\" content=\"2019-03-22T19:39:21+00:00\" \/>\n<meta property=\"og:image\" content=\"https:\/\/www.celttv.com.ar\/wp-content\/uploads\/2019\/03\/20190322_161405.jpg\" \/>\n\t<meta property=\"og:image:width\" content=\"2048\" \/>\n\t<meta property=\"og:image:height\" content=\"1536\" \/>\n\t<meta property=\"og:image:type\" content=\"image\/jpeg\" \/>\n<meta name=\"author\" content=\"ulises\" \/>\n<meta name=\"twitter:card\" content=\"summary_large_image\" \/>\n<meta name=\"twitter:label1\" content=\"Escrito por\" \/>\n\t<meta name=\"twitter:data1\" content=\"ulises\" \/>\n\t<meta name=\"twitter:label2\" content=\"Tiempo de lectura\" \/>\n\t<meta name=\"twitter:data2\" content=\"1 minuto\" \/>\n<script type=\"application\/ld+json\" class=\"yoast-schema-graph\">{\"@context\":\"https:\/\/schema.org\",\"@graph\":[{\"@type\":\"NewsArticle\",\"@id\":\"https:\/\/www.celttv.com.ar\/index.php\/2019\/03\/22\/abordaje-de-conflictos-en-el-ambito-educativo-fotos\/#article\",\"isPartOf\":{\"@id\":\"https:\/\/www.celttv.com.ar\/index.php\/2019\/03\/22\/abordaje-de-conflictos-en-el-ambito-educativo-fotos\/\"},\"author\":{\"name\":\"ulises\",\"@id\":\"https:\/\/www.celttv.com.ar\/#\/schema\/person\/6d99c072dba59953809c81446e9d0ace\"},\"headline\":\"ABORDAJE DE CONFLICTOS EN EL \u00c1MBITO EDUCATIVO (FOTOS)\",\"datePublished\":\"2019-03-22T19:39:21+00:00\",\"dateModified\":\"2019-03-22T19:39:21+00:00\",\"mainEntityOfPage\":{\"@id\":\"https:\/\/www.celttv.com.ar\/index.php\/2019\/03\/22\/abordaje-de-conflictos-en-el-ambito-educativo-fotos\/\"},\"wordCount\":108,\"publisher\":{\"@id\":\"https:\/\/www.celttv.com.ar\/#organization\"},\"articleSection\":[\"Celt TV Noticias\",\"Comunidad\",\"Destacadas\"],\"inLanguage\":\"es\"},{\"@type\":\"WebPage\",\"@id\":\"https:\/\/www.celttv.com.ar\/index.php\/2019\/03\/22\/abordaje-de-conflictos-en-el-ambito-educativo-fotos\/\",\"url\":\"https:\/\/www.celttv.com.ar\/index.php\/2019\/03\/22\/abordaje-de-conflictos-en-el-ambito-educativo-fotos\/\",\"name\":\"ABORDAJE DE CONFLICTOS EN EL \u00c1MBITO EDUCATIVO (FOTOS) - CELTTV\",\"isPartOf\":{\"@id\":\"https:\/\/www.celttv.com.ar\/#website\"},\"datePublished\":\"2019-03-22T19:39:21+00:00\",\"dateModified\":\"2019-03-22T19:39:21+00:00\",\"description\":\"Sitio web de noticias de la localidad de Tornquist, provincia de Buenos Aires, Rep\u00fablica Argentina. Contenido propio originado por periodistas de CELTTV, el canal de TV local de la Cooperativa El\u00e9ctrica de Tornquist. Turismo, Pol\u00edtica, Sociedad, Deporte, Cultura y todo el contenido de inter\u00e9s general que la gente del pueblo y la regi\u00f3n debe conocer.\",\"breadcrumb\":{\"@id\":\"https:\/\/www.celttv.com.ar\/index.php\/2019\/03\/22\/abordaje-de-conflictos-en-el-ambito-educativo-fotos\/#breadcrumb\"},\"inLanguage\":\"es\",\"potentialAction\":[{\"@type\":\"ReadAction\",\"target\":[\"https:\/\/www.celttv.com.ar\/index.php\/2019\/03\/22\/abordaje-de-conflictos-en-el-ambito-educativo-fotos\/\"]}]},{\"@type\":\"BreadcrumbList\",\"@id\":\"https:\/\/www.celttv.com.ar\/index.php\/2019\/03\/22\/abordaje-de-conflictos-en-el-ambito-educativo-fotos\/#breadcrumb\",\"itemListElement\":[{\"@type\":\"ListItem\",\"position\":1,\"name\":\"Inicio\",\"item\":\"https:\/\/www.celttv.com.ar\/\"},{\"@type\":\"ListItem\",\"position\":2,\"name\":\"ABORDAJE DE CONFLICTOS EN EL \u00c1MBITO EDUCATIVO (FOTOS)\"}]},{\"@type\":\"WebSite\",\"@id\":\"https:\/\/www.celttv.com.ar\/#website\",\"url\":\"https:\/\/www.celttv.com.ar\/\",\"name\":\"CELTTV\",\"description\":\"Cooperativa El\u00e9ctrica de Tornquist\",\"publisher\":{\"@id\":\"https:\/\/www.celttv.com.ar\/#organization\"},\"potentialAction\":[{\"@type\":\"SearchAction\",\"target\":{\"@type\":\"EntryPoint\",\"urlTemplate\":\"https:\/\/www.celttv.com.ar\/?s={search_term_string}\"},\"query-input\":\"required name=search_term_string\"}],\"inLanguage\":\"es\"},{\"@type\":\"Organization\",\"@id\":\"https:\/\/www.celttv.com.ar\/#organization\",\"name\":\"CELTTV\",\"url\":\"https:\/\/www.celttv.com.ar\/\",\"sameAs\":[\"https:\/\/www.youtube.com\/channel\/UCz_oIt8Hig64Ub-EmcNPIhg\",\"https:\/\/www.facebook.com\/celtTV\/\"],\"logo\":{\"@type\":\"ImageObject\",\"inLanguage\":\"es\",\"@id\":\"https:\/\/www.celttv.com.ar\/#\/schema\/logo\/image\/\",\"url\":\"http:\/\/www.celttv.com.ar\/wp-content\/uploads\/2022\/08\/logo-1.png\",\"contentUrl\":\"http:\/\/www.celttv.com.ar\/wp-content\/uploads\/2022\/08\/logo-1.png\",\"width\":461,\"height\":159,\"caption\":\"CELTTV\"},\"image\":{\"@id\":\"https:\/\/www.celttv.com.ar\/#\/schema\/logo\/image\/\"}},{\"@type\":\"Person\",\"@id\":\"https:\/\/www.celttv.com.ar\/#\/schema\/person\/6d99c072dba59953809c81446e9d0ace\",\"name\":\"ulises\",\"image\":{\"@type\":\"ImageObject\",\"inLanguage\":\"es\",\"@id\":\"https:\/\/www.celttv.com.ar\/#\/schema\/person\/image\/\",\"url\":\"https:\/\/secure.gravatar.com\/avatar\/7f2c48bdc33b30088f941fb6082e555f2874c98e20cb159d7b92b50eadfce793?s=96&d=mm&r=g\",\"contentUrl\":\"https:\/\/secure.gravatar.com\/avatar\/7f2c48bdc33b30088f941fb6082e555f2874c98e20cb159d7b92b50eadfce793?s=96&d=mm&r=g\",\"caption\":\"ulises\"},\"sameAs\":[\"http:\/\/www.celttv.com.ar\"]}]}<\/script>\n<!-- \/ Yoast SEO plugin. -->","yoast_head_json":{"title":"ABORDAJE DE CONFLICTOS EN EL \u00c1MBITO EDUCATIVO (FOTOS) - CELTTV","description":"Sitio web de noticias de la localidad de Tornquist, provincia de Buenos Aires, Rep\u00fablica Argentina. Contenido propio originado por periodistas de CELTTV, el canal de TV local de la Cooperativa El\u00e9ctrica de Tornquist. Turismo, Pol\u00edtica, Sociedad, Deporte, Cultura y todo el contenido de inter\u00e9s general que la gente del pueblo y la regi\u00f3n debe conocer.","robots":{"index":"index","follow":"follow","max-snippet":"max-snippet:-1","max-image-preview":"max-image-preview:large","max-video-preview":"max-video-preview:-1"},"canonical":"https:\/\/www.celttv.com.ar\/index.php\/2019\/03\/22\/abordaje-de-conflictos-en-el-ambito-educativo-fotos\/","og_locale":"es_ES","og_type":"article","og_title":"ABORDAJE DE CONFLICTOS EN EL \u00c1MBITO EDUCATIVO (FOTOS) - CELTTV","og_description":"Sitio web de noticias de la localidad de Tornquist, provincia de Buenos Aires, Rep\u00fablica Argentina. Contenido propio originado por periodistas de CELTTV, el canal de TV local de la Cooperativa El\u00e9ctrica de Tornquist. Turismo, Pol\u00edtica, Sociedad, Deporte, Cultura y todo el contenido de inter\u00e9s general que la gente del pueblo y la regi\u00f3n debe conocer.","og_url":"https:\/\/www.celttv.com.ar\/index.php\/2019\/03\/22\/abordaje-de-conflictos-en-el-ambito-educativo-fotos\/","og_site_name":"CELTTV","article_publisher":"https:\/\/www.facebook.com\/celtTV\/","article_published_time":"2019-03-22T19:39:21+00:00","og_image":[{"width":2048,"height":1536,"url":"https:\/\/www.celttv.com.ar\/wp-content\/uploads\/2019\/03\/20190322_161405.jpg","type":"image\/jpeg"}],"author":"ulises","twitter_card":"summary_large_image","twitter_misc":{"Escrito por":"ulises","Tiempo de lectura":"1 minuto"},"schema":{"@context":"https:\/\/schema.org","@graph":[{"@type":"NewsArticle","@id":"https:\/\/www.celttv.com.ar\/index.php\/2019\/03\/22\/abordaje-de-conflictos-en-el-ambito-educativo-fotos\/#article","isPartOf":{"@id":"https:\/\/www.celttv.com.ar\/index.php\/2019\/03\/22\/abordaje-de-conflictos-en-el-ambito-educativo-fotos\/"},"author":{"name":"ulises","@id":"https:\/\/www.celttv.com.ar\/#\/schema\/person\/6d99c072dba59953809c81446e9d0ace"},"headline":"ABORDAJE DE CONFLICTOS EN EL \u00c1MBITO EDUCATIVO (FOTOS)","datePublished":"2019-03-22T19:39:21+00:00","dateModified":"2019-03-22T19:39:21+00:00","mainEntityOfPage":{"@id":"https:\/\/www.celttv.com.ar\/index.php\/2019\/03\/22\/abordaje-de-conflictos-en-el-ambito-educativo-fotos\/"},"wordCount":108,"publisher":{"@id":"https:\/\/www.celttv.com.ar\/#organization"},"articleSection":["Celt TV Noticias","Comunidad","Destacadas"],"inLanguage":"es"},{"@type":"WebPage","@id":"https:\/\/www.celttv.com.ar\/index.php\/2019\/03\/22\/abordaje-de-conflictos-en-el-ambito-educativo-fotos\/","url":"https:\/\/www.celttv.com.ar\/index.php\/2019\/03\/22\/abordaje-de-conflictos-en-el-ambito-educativo-fotos\/","name":"ABORDAJE DE CONFLICTOS EN EL \u00c1MBITO EDUCATIVO (FOTOS) - CELTTV","isPartOf":{"@id":"https:\/\/www.celttv.com.ar\/#website"},"datePublished":"2019-03-22T19:39:21+00:00","dateModified":"2019-03-22T19:39:21+00:00","description":"Sitio web de noticias de la localidad de Tornquist, provincia de Buenos Aires, Rep\u00fablica Argentina. Contenido propio originado por periodistas de CELTTV, el canal de TV local de la Cooperativa El\u00e9ctrica de Tornquist. Turismo, Pol\u00edtica, Sociedad, Deporte, Cultura y todo el contenido de inter\u00e9s general que la gente del pueblo y la regi\u00f3n debe conocer.","breadcrumb":{"@id":"https:\/\/www.celttv.com.ar\/index.php\/2019\/03\/22\/abordaje-de-conflictos-en-el-ambito-educativo-fotos\/#breadcrumb"},"inLanguage":"es","potentialAction":[{"@type":"ReadAction","target":["https:\/\/www.celttv.com.ar\/index.php\/2019\/03\/22\/abordaje-de-conflictos-en-el-ambito-educativo-fotos\/"]}]},{"@type":"BreadcrumbList","@id":"https:\/\/www.celttv.com.ar\/index.php\/2019\/03\/22\/abordaje-de-conflictos-en-el-ambito-educativo-fotos\/#breadcrumb","itemListElement":[{"@type":"ListItem","position":1,"name":"Inicio","item":"https:\/\/www.celttv.com.ar\/"},{"@type":"ListItem","position":2,"name":"ABORDAJE DE CONFLICTOS EN EL \u00c1MBITO EDUCATIVO (FOTOS)"}]},{"@type":"WebSite","@id":"https:\/\/www.celttv.com.ar\/#website","url":"https:\/\/www.celttv.com.ar\/","name":"CELTTV","description":"Cooperativa El\u00e9ctrica de Tornquist","publisher":{"@id":"https:\/\/www.celttv.com.ar\/#organization"},"potentialAction":[{"@type":"SearchAction","target":{"@type":"EntryPoint","urlTemplate":"https:\/\/www.celttv.com.ar\/?s={search_term_string}"},"query-input":"required name=search_term_string"}],"inLanguage":"es"},{"@type":"Organization","@id":"https:\/\/www.celttv.com.ar\/#organization","name":"CELTTV","url":"https:\/\/www.celttv.com.ar\/","sameAs":["https:\/\/www.youtube.com\/channel\/UCz_oIt8Hig64Ub-EmcNPIhg","https:\/\/www.facebook.com\/celtTV\/"],"logo":{"@type":"ImageObject","inLanguage":"es","@id":"https:\/\/www.celttv.com.ar\/#\/schema\/logo\/image\/","url":"http:\/\/www.celttv.com.ar\/wp-content\/uploads\/2022\/08\/logo-1.png","contentUrl":"http:\/\/www.celttv.com.ar\/wp-content\/uploads\/2022\/08\/logo-1.png","width":461,"height":159,"caption":"CELTTV"},"image":{"@id":"https:\/\/www.celttv.com.ar\/#\/schema\/logo\/image\/"}},{"@type":"Person","@id":"https:\/\/www.celttv.com.ar\/#\/schema\/person\/6d99c072dba59953809c81446e9d0ace","name":"ulises","image":{"@type":"ImageObject","inLanguage":"es","@id":"https:\/\/www.celttv.com.ar\/#\/schema\/person\/image\/","url":"https:\/\/secure.gravatar.com\/avatar\/7f2c48bdc33b30088f941fb6082e555f2874c98e20cb159d7b92b50eadfce793?s=96&d=mm&r=g","contentUrl":"https:\/\/secure.gravatar.com\/avatar\/7f2c48bdc33b30088f941fb6082e555f2874c98e20cb159d7b92b50eadfce793?s=96&d=mm&r=g","caption":"ulises"},"sameAs":["http:\/\/www.celttv.com.ar"]}]}},"_links":{"self":[{"href":"https:\/\/www.celttv.com.ar\/index.php\/wp-json\/wp\/v2\/posts\/40480","targetHints":{"allow":["GET"]}}],"collection":[{"href":"https:\/\/www.celttv.com.ar\/index.php\/wp-json\/wp\/v2\/posts"}],"about":[{"href":"https:\/\/www.celttv.com.ar\/index.php\/wp-json\/wp\/v2\/types\/post"}],"author":[{"embeddable":true,"href":"https:\/\/www.celttv.com.ar\/index.php\/wp-json\/wp\/v2\/users\/1"}],"replies":[{"embeddable":true,"href":"https:\/\/www.celttv.com.ar\/index.php\/wp-json\/wp\/v2\/comments?post=40480"}],"version-history":[{"count":0,"href":"https:\/\/www.celttv.com.ar\/index.php\/wp-json\/wp\/v2\/posts\/40480\/revisions"}],"wp:featuredmedia":[{"embeddable":true,"href":"https:\/\/www.celttv.com.ar\/index.php\/wp-json\/wp\/v2\/media\/40489"}],"wp:attachment":[{"href":"https:\/\/www.celttv.com.ar\/index.php\/wp-json\/wp\/v2\/media?parent=40480"}],"wp:term":[{"taxonomy":"category","embeddable":true,"href":"https:\/\/www.celttv.com.ar\/index.php\/wp-json\/wp\/v2\/categories?post=40480"},{"taxonomy":"post_tag","embeddable":true,"href":"https:\/\/www.celttv.com.ar\/index.php\/wp-json\/wp\/v2\/tags?post=40480"}],"curies":[{"name":"wp","href":"https:\/\/api.w.org\/{rel}","templated":true}]}}