{"id":40507,"date":"2019-03-23T18:12:48","date_gmt":"2019-03-23T18:12:48","guid":{"rendered":"http:\/\/www.celttv.com.ar\/?p=40507"},"modified":"2019-03-23T18:12:48","modified_gmt":"2019-03-23T18:12:48","slug":"40507","status":"publish","type":"post","link":"https:\/\/www.celttv.com.ar\/index.php\/2019\/03\/23\/40507\/","title":{"rendered":"Comunicado del PJ.: 24 DE MARZO MEMORIA VERDAD Y JUSTICIA"},"content":{"rendered":"<p><a href=\"http:\/\/www.celttv.com.ar\/?attachment_id=40508\" rel=\"attachment wp-att-40508\"><img loading=\"lazy\" decoding=\"async\" class=\"alignleft size-full wp-image-40508\" src=\"http:\/\/www.celttv.com.ar\/wp-content\/uploads\/2019\/03\/24-de-marzo.jpg\" alt=\"\" width=\"730\" height=\"669\" srcset=\"https:\/\/www.celttv.com.ar\/wp-content\/uploads\/2019\/03\/24-de-marzo.jpg 730w, https:\/\/www.celttv.com.ar\/wp-content\/uploads\/2019\/03\/24-de-marzo-300x275.jpg 300w\" sizes=\"auto, (max-width: 730px) 100vw, 730px\" \/><\/a><\/p>\n<p>El partido Justicialista de Tornquist desea conmemorar un nuevo aniversario del 24 de Marzo de 1976 d\u00eda en que se interrumpi\u00f3 por \u00faltima vez la democracia en nuestra querida Patria.<\/p>\n<p>Hace cuarenta y tres a\u00f1os, en nuestra Naci\u00f3n, fue posible que una dictadura genocida desarrolle un proyecto de, enorme dependencia econ\u00f3mica, de falta de soberan\u00eda pol\u00edtica, y de profunda injusticia social; porque algunos argentinos fueron c\u00f3mplices y\/o beneficiarios de esas pol\u00edticas, y tambi\u00e9n porque algunos vecinos fueron enga\u00f1ados cuando les crearon enemigos internos, y les hicieron desarrollar miedo u odio hacia ciudadanos que ten\u00edan otras ideas y valores.<\/p>\n<p>Al conmemorar esta tr\u00e1gica fecha queremos hacerlo atendiendo las urgencias de la actual situaci\u00f3n de nuestra Argentina en donde, como en aquellos a\u00f1os, se est\u00e1 instalando un proyecto pol\u00edtico, econ\u00f3mico y social como el que se desarroll\u00f3 durante 1976 y 1983.<\/p>\n<p>Nuevamente, como expres\u00f3 el presidente Macri, \u201cel problema somos los argentinos\u201d. Nuevamente nos quieren hacer creer que somos v\u00edctimas de pol\u00edticas del pasado, nuevamente nos quieren hacer creer que el problema es que somos caros, nuevamente bajan los salarios y las jubilaciones, descuidan nuestras fronteras y nuestra soberan\u00eda sobre las islas Malvinas, abren indiscriminadamente las importaciones, benefician al sector financiero, nuevamente ahogan las econom\u00edas familiares con aumentos y tarifazos. Y todo esto, nuevamente lo hacen con el apoyo de los grandes medios de comunicaci\u00f3n, el poder judicial y las fuerzas represivas.<\/p>\n<p>Esa dictadura civico-militar\u00a0 genocida, que dejo tantos muertos y desaparecidos, fue derrotada, gracias al compromiso y militancia de muchos argentinos que supieron y pudieron resistir logrando construir alternativas pol\u00edticas que nos devolvieron la tan anhelada democracia en 1983 y un proyecto diferente de Pa\u00eds y de Patria.<\/p>\n<p>Por todo esto al conmemorar un nuevo aniversario de aquella tr\u00e1gica jornada que nos atras\u00f3 como pa\u00eds y nos gener\u00f3 tantas heridas personales y colectivas, queremos hacer un llamado a ser conscientes del actual proceso social y pol\u00edtico que vive nuestra Patria y en memoria de aquellos d\u00edas, tomar las decisiones necesarias para que nuestra Argentina vuelva a tomar el rumbo so\u00f1ado y querido por tantos muertos y\u00a0 desaparecidos.<\/p>\n<p>La Memoria, la Verdad y la Justicia deben estar presente en nuestros actos cotidianos en pos de la construcci\u00f3n de una Patria m\u00e1s Justa, m\u00e1s Libre y m\u00e1s Soberana y no solo en actos protocolares de ocasi\u00f3n.<\/p>\n<p><strong>Adem\u00e1s, nos unimos al pedido de la Concejal M\u00f3nica Sagredo de colocar, en su lugar original, el mural que recuerda a Mar\u00eda Cristina Gar\u00f3foli.<\/strong><\/p>\n<p>24 de Marzo de 2019. Memoria Verdad y Justicia.<\/p>\n<p><strong><em>Partido Justicialista del Distrito de\u00a0 Tornquist.<\/em><\/strong><\/p>\n","protected":false},"excerpt":{"rendered":"<p>El partido Justicialista de Tornquist desea conmemorar un nuevo aniversario del 24 de Marzo de 1976 d\u00eda en que se interrumpi\u00f3 por \u00faltima vez la democracia en nuestra querida Patria. Hace cuarenta y tres a\u00f1os, en nuestra Naci\u00f3n, fue posible que una dictadura genocida desarrolle un proyecto de, enorme dependencia econ\u00f3mica, de falta de soberan\u00eda [&hellip;]<\/p>\n","protected":false},"author":1,"featured_media":40508,"comment_status":"closed","ping_status":"open","sticky":false,"template":"","format":"standard","meta":{"footnotes":""},"categories":[51,52],"tags":[],"class_list":["post-40507","post","type-post","status-publish","format-standard","has-post-thumbnail","hentry","category-comunidad","category-destacadas"],"yoast_head":"<!-- This site is optimized with the Yoast SEO plugin v19.7.1 - https:\/\/yoast.com\/wordpress\/plugins\/seo\/ -->\n<title>Comunicado del PJ.: 24 DE MARZO MEMORIA VERDAD Y JUSTICIA - CELTTV<\/title>\n<meta name=\"description\" content=\"Sitio web de noticias de la localidad de Tornquist, provincia de Buenos Aires, Rep\u00fablica Argentina. Contenido propio originado por periodistas de CELTTV, el canal de TV local de la Cooperativa El\u00e9ctrica de Tornquist. Turismo, Pol\u00edtica, Sociedad, Deporte, Cultura y todo el contenido de inter\u00e9s general que la gente del pueblo y la regi\u00f3n debe conocer.\" \/>\n<meta name=\"robots\" content=\"index, follow, max-snippet:-1, max-image-preview:large, max-video-preview:-1\" \/>\n<link rel=\"canonical\" href=\"https:\/\/www.celttv.com.ar\/index.php\/2019\/03\/23\/40507\/\" \/>\n<meta property=\"og:locale\" content=\"es_ES\" \/>\n<meta property=\"og:type\" content=\"article\" \/>\n<meta property=\"og:title\" content=\"Comunicado del PJ.: 24 DE MARZO MEMORIA VERDAD Y JUSTICIA - CELTTV\" \/>\n<meta property=\"og:description\" content=\"Sitio web de noticias de la localidad de Tornquist, provincia de Buenos Aires, Rep\u00fablica Argentina. Contenido propio originado por periodistas de CELTTV, el canal de TV local de la Cooperativa El\u00e9ctrica de Tornquist. Turismo, Pol\u00edtica, Sociedad, Deporte, Cultura y todo el contenido de inter\u00e9s general que la gente del pueblo y la regi\u00f3n debe conocer.\" \/>\n<meta property=\"og:url\" content=\"https:\/\/www.celttv.com.ar\/index.php\/2019\/03\/23\/40507\/\" \/>\n<meta property=\"og:site_name\" content=\"CELTTV\" \/>\n<meta property=\"article:publisher\" content=\"https:\/\/www.facebook.com\/celtTV\/\" \/>\n<meta property=\"article:published_time\" content=\"2019-03-23T18:12:48+00:00\" \/>\n<meta property=\"og:image\" content=\"https:\/\/www.celttv.com.ar\/wp-content\/uploads\/2019\/03\/24-de-marzo.jpg\" \/>\n\t<meta property=\"og:image:width\" content=\"730\" \/>\n\t<meta property=\"og:image:height\" content=\"669\" \/>\n\t<meta property=\"og:image:type\" content=\"image\/jpeg\" \/>\n<meta name=\"author\" content=\"ulises\" \/>\n<meta name=\"twitter:card\" content=\"summary_large_image\" \/>\n<meta name=\"twitter:label1\" content=\"Escrito por\" \/>\n\t<meta name=\"twitter:data1\" content=\"ulises\" \/>\n\t<meta name=\"twitter:label2\" content=\"Tiempo de lectura\" \/>\n\t<meta name=\"twitter:data2\" content=\"2 minutos\" \/>\n<script type=\"application\/ld+json\" class=\"yoast-schema-graph\">{\"@context\":\"https:\/\/schema.org\",\"@graph\":[{\"@type\":\"NewsArticle\",\"@id\":\"https:\/\/www.celttv.com.ar\/index.php\/2019\/03\/23\/40507\/#article\",\"isPartOf\":{\"@id\":\"https:\/\/www.celttv.com.ar\/index.php\/2019\/03\/23\/40507\/\"},\"author\":{\"name\":\"ulises\",\"@id\":\"https:\/\/www.celttv.com.ar\/#\/schema\/person\/6d99c072dba59953809c81446e9d0ace\"},\"headline\":\"Comunicado del PJ.: 24 DE MARZO MEMORIA VERDAD Y JUSTICIA\",\"datePublished\":\"2019-03-23T18:12:48+00:00\",\"dateModified\":\"2019-03-23T18:12:48+00:00\",\"mainEntityOfPage\":{\"@id\":\"https:\/\/www.celttv.com.ar\/index.php\/2019\/03\/23\/40507\/\"},\"wordCount\":462,\"publisher\":{\"@id\":\"https:\/\/www.celttv.com.ar\/#organization\"},\"articleSection\":[\"Comunidad\",\"Destacadas\"],\"inLanguage\":\"es\"},{\"@type\":\"WebPage\",\"@id\":\"https:\/\/www.celttv.com.ar\/index.php\/2019\/03\/23\/40507\/\",\"url\":\"https:\/\/www.celttv.com.ar\/index.php\/2019\/03\/23\/40507\/\",\"name\":\"Comunicado del PJ.: 24 DE MARZO MEMORIA VERDAD Y JUSTICIA - CELTTV\",\"isPartOf\":{\"@id\":\"https:\/\/www.celttv.com.ar\/#website\"},\"datePublished\":\"2019-03-23T18:12:48+00:00\",\"dateModified\":\"2019-03-23T18:12:48+00:00\",\"description\":\"Sitio web de noticias de la localidad de Tornquist, provincia de Buenos Aires, Rep\u00fablica Argentina. Contenido propio originado por periodistas de CELTTV, el canal de TV local de la Cooperativa El\u00e9ctrica de Tornquist. Turismo, Pol\u00edtica, Sociedad, Deporte, Cultura y todo el contenido de inter\u00e9s general que la gente del pueblo y la regi\u00f3n debe conocer.\",\"breadcrumb\":{\"@id\":\"https:\/\/www.celttv.com.ar\/index.php\/2019\/03\/23\/40507\/#breadcrumb\"},\"inLanguage\":\"es\",\"potentialAction\":[{\"@type\":\"ReadAction\",\"target\":[\"https:\/\/www.celttv.com.ar\/index.php\/2019\/03\/23\/40507\/\"]}]},{\"@type\":\"BreadcrumbList\",\"@id\":\"https:\/\/www.celttv.com.ar\/index.php\/2019\/03\/23\/40507\/#breadcrumb\",\"itemListElement\":[{\"@type\":\"ListItem\",\"position\":1,\"name\":\"Inicio\",\"item\":\"https:\/\/www.celttv.com.ar\/\"},{\"@type\":\"ListItem\",\"position\":2,\"name\":\"Comunicado del PJ.: 24 DE MARZO MEMORIA VERDAD Y JUSTICIA\"}]},{\"@type\":\"WebSite\",\"@id\":\"https:\/\/www.celttv.com.ar\/#website\",\"url\":\"https:\/\/www.celttv.com.ar\/\",\"name\":\"CELTTV\",\"description\":\"Cooperativa El\u00e9ctrica de Tornquist\",\"publisher\":{\"@id\":\"https:\/\/www.celttv.com.ar\/#organization\"},\"potentialAction\":[{\"@type\":\"SearchAction\",\"target\":{\"@type\":\"EntryPoint\",\"urlTemplate\":\"https:\/\/www.celttv.com.ar\/?s={search_term_string}\"},\"query-input\":\"required name=search_term_string\"}],\"inLanguage\":\"es\"},{\"@type\":\"Organization\",\"@id\":\"https:\/\/www.celttv.com.ar\/#organization\",\"name\":\"CELTTV\",\"url\":\"https:\/\/www.celttv.com.ar\/\",\"sameAs\":[\"https:\/\/www.youtube.com\/channel\/UCz_oIt8Hig64Ub-EmcNPIhg\",\"https:\/\/www.facebook.com\/celtTV\/\"],\"logo\":{\"@type\":\"ImageObject\",\"inLanguage\":\"es\",\"@id\":\"https:\/\/www.celttv.com.ar\/#\/schema\/logo\/image\/\",\"url\":\"http:\/\/www.celttv.com.ar\/wp-content\/uploads\/2022\/08\/logo-1.png\",\"contentUrl\":\"http:\/\/www.celttv.com.ar\/wp-content\/uploads\/2022\/08\/logo-1.png\",\"width\":461,\"height\":159,\"caption\":\"CELTTV\"},\"image\":{\"@id\":\"https:\/\/www.celttv.com.ar\/#\/schema\/logo\/image\/\"}},{\"@type\":\"Person\",\"@id\":\"https:\/\/www.celttv.com.ar\/#\/schema\/person\/6d99c072dba59953809c81446e9d0ace\",\"name\":\"ulises\",\"image\":{\"@type\":\"ImageObject\",\"inLanguage\":\"es\",\"@id\":\"https:\/\/www.celttv.com.ar\/#\/schema\/person\/image\/\",\"url\":\"https:\/\/secure.gravatar.com\/avatar\/7f2c48bdc33b30088f941fb6082e555f2874c98e20cb159d7b92b50eadfce793?s=96&d=mm&r=g\",\"contentUrl\":\"https:\/\/secure.gravatar.com\/avatar\/7f2c48bdc33b30088f941fb6082e555f2874c98e20cb159d7b92b50eadfce793?s=96&d=mm&r=g\",\"caption\":\"ulises\"},\"sameAs\":[\"http:\/\/www.celttv.com.ar\"]}]}<\/script>\n<!-- \/ Yoast SEO plugin. -->","yoast_head_json":{"title":"Comunicado del PJ.: 24 DE MARZO MEMORIA VERDAD Y JUSTICIA - CELTTV","description":"Sitio web de noticias de la localidad de Tornquist, provincia de Buenos Aires, Rep\u00fablica Argentina. Contenido propio originado por periodistas de CELTTV, el canal de TV local de la Cooperativa El\u00e9ctrica de Tornquist. Turismo, Pol\u00edtica, Sociedad, Deporte, Cultura y todo el contenido de inter\u00e9s general que la gente del pueblo y la regi\u00f3n debe conocer.","robots":{"index":"index","follow":"follow","max-snippet":"max-snippet:-1","max-image-preview":"max-image-preview:large","max-video-preview":"max-video-preview:-1"},"canonical":"https:\/\/www.celttv.com.ar\/index.php\/2019\/03\/23\/40507\/","og_locale":"es_ES","og_type":"article","og_title":"Comunicado del PJ.: 24 DE MARZO MEMORIA VERDAD Y JUSTICIA - CELTTV","og_description":"Sitio web de noticias de la localidad de Tornquist, provincia de Buenos Aires, Rep\u00fablica Argentina. Contenido propio originado por periodistas de CELTTV, el canal de TV local de la Cooperativa El\u00e9ctrica de Tornquist. Turismo, Pol\u00edtica, Sociedad, Deporte, Cultura y todo el contenido de inter\u00e9s general que la gente del pueblo y la regi\u00f3n debe conocer.","og_url":"https:\/\/www.celttv.com.ar\/index.php\/2019\/03\/23\/40507\/","og_site_name":"CELTTV","article_publisher":"https:\/\/www.facebook.com\/celtTV\/","article_published_time":"2019-03-23T18:12:48+00:00","og_image":[{"width":730,"height":669,"url":"https:\/\/www.celttv.com.ar\/wp-content\/uploads\/2019\/03\/24-de-marzo.jpg","type":"image\/jpeg"}],"author":"ulises","twitter_card":"summary_large_image","twitter_misc":{"Escrito por":"ulises","Tiempo de lectura":"2 minutos"},"schema":{"@context":"https:\/\/schema.org","@graph":[{"@type":"NewsArticle","@id":"https:\/\/www.celttv.com.ar\/index.php\/2019\/03\/23\/40507\/#article","isPartOf":{"@id":"https:\/\/www.celttv.com.ar\/index.php\/2019\/03\/23\/40507\/"},"author":{"name":"ulises","@id":"https:\/\/www.celttv.com.ar\/#\/schema\/person\/6d99c072dba59953809c81446e9d0ace"},"headline":"Comunicado del PJ.: 24 DE MARZO MEMORIA VERDAD Y JUSTICIA","datePublished":"2019-03-23T18:12:48+00:00","dateModified":"2019-03-23T18:12:48+00:00","mainEntityOfPage":{"@id":"https:\/\/www.celttv.com.ar\/index.php\/2019\/03\/23\/40507\/"},"wordCount":462,"publisher":{"@id":"https:\/\/www.celttv.com.ar\/#organization"},"articleSection":["Comunidad","Destacadas"],"inLanguage":"es"},{"@type":"WebPage","@id":"https:\/\/www.celttv.com.ar\/index.php\/2019\/03\/23\/40507\/","url":"https:\/\/www.celttv.com.ar\/index.php\/2019\/03\/23\/40507\/","name":"Comunicado del PJ.: 24 DE MARZO MEMORIA VERDAD Y JUSTICIA - CELTTV","isPartOf":{"@id":"https:\/\/www.celttv.com.ar\/#website"},"datePublished":"2019-03-23T18:12:48+00:00","dateModified":"2019-03-23T18:12:48+00:00","description":"Sitio web de noticias de la localidad de Tornquist, provincia de Buenos Aires, Rep\u00fablica Argentina. Contenido propio originado por periodistas de CELTTV, el canal de TV local de la Cooperativa El\u00e9ctrica de Tornquist. Turismo, Pol\u00edtica, Sociedad, Deporte, Cultura y todo el contenido de inter\u00e9s general que la gente del pueblo y la regi\u00f3n debe conocer.","breadcrumb":{"@id":"https:\/\/www.celttv.com.ar\/index.php\/2019\/03\/23\/40507\/#breadcrumb"},"inLanguage":"es","potentialAction":[{"@type":"ReadAction","target":["https:\/\/www.celttv.com.ar\/index.php\/2019\/03\/23\/40507\/"]}]},{"@type":"BreadcrumbList","@id":"https:\/\/www.celttv.com.ar\/index.php\/2019\/03\/23\/40507\/#breadcrumb","itemListElement":[{"@type":"ListItem","position":1,"name":"Inicio","item":"https:\/\/www.celttv.com.ar\/"},{"@type":"ListItem","position":2,"name":"Comunicado del PJ.: 24 DE MARZO MEMORIA VERDAD Y JUSTICIA"}]},{"@type":"WebSite","@id":"https:\/\/www.celttv.com.ar\/#website","url":"https:\/\/www.celttv.com.ar\/","name":"CELTTV","description":"Cooperativa El\u00e9ctrica de Tornquist","publisher":{"@id":"https:\/\/www.celttv.com.ar\/#organization"},"potentialAction":[{"@type":"SearchAction","target":{"@type":"EntryPoint","urlTemplate":"https:\/\/www.celttv.com.ar\/?s={search_term_string}"},"query-input":"required name=search_term_string"}],"inLanguage":"es"},{"@type":"Organization","@id":"https:\/\/www.celttv.com.ar\/#organization","name":"CELTTV","url":"https:\/\/www.celttv.com.ar\/","sameAs":["https:\/\/www.youtube.com\/channel\/UCz_oIt8Hig64Ub-EmcNPIhg","https:\/\/www.facebook.com\/celtTV\/"],"logo":{"@type":"ImageObject","inLanguage":"es","@id":"https:\/\/www.celttv.com.ar\/#\/schema\/logo\/image\/","url":"http:\/\/www.celttv.com.ar\/wp-content\/uploads\/2022\/08\/logo-1.png","contentUrl":"http:\/\/www.celttv.com.ar\/wp-content\/uploads\/2022\/08\/logo-1.png","width":461,"height":159,"caption":"CELTTV"},"image":{"@id":"https:\/\/www.celttv.com.ar\/#\/schema\/logo\/image\/"}},{"@type":"Person","@id":"https:\/\/www.celttv.com.ar\/#\/schema\/person\/6d99c072dba59953809c81446e9d0ace","name":"ulises","image":{"@type":"ImageObject","inLanguage":"es","@id":"https:\/\/www.celttv.com.ar\/#\/schema\/person\/image\/","url":"https:\/\/secure.gravatar.com\/avatar\/7f2c48bdc33b30088f941fb6082e555f2874c98e20cb159d7b92b50eadfce793?s=96&d=mm&r=g","contentUrl":"https:\/\/secure.gravatar.com\/avatar\/7f2c48bdc33b30088f941fb6082e555f2874c98e20cb159d7b92b50eadfce793?s=96&d=mm&r=g","caption":"ulises"},"sameAs":["http:\/\/www.celttv.com.ar"]}]}},"_links":{"self":[{"href":"https:\/\/www.celttv.com.ar\/index.php\/wp-json\/wp\/v2\/posts\/40507","targetHints":{"allow":["GET"]}}],"collection":[{"href":"https:\/\/www.celttv.com.ar\/index.php\/wp-json\/wp\/v2\/posts"}],"about":[{"href":"https:\/\/www.celttv.com.ar\/index.php\/wp-json\/wp\/v2\/types\/post"}],"author":[{"embeddable":true,"href":"https:\/\/www.celttv.com.ar\/index.php\/wp-json\/wp\/v2\/users\/1"}],"replies":[{"embeddable":true,"href":"https:\/\/www.celttv.com.ar\/index.php\/wp-json\/wp\/v2\/comments?post=40507"}],"version-history":[{"count":0,"href":"https:\/\/www.celttv.com.ar\/index.php\/wp-json\/wp\/v2\/posts\/40507\/revisions"}],"wp:featuredmedia":[{"embeddable":true,"href":"https:\/\/www.celttv.com.ar\/index.php\/wp-json\/wp\/v2\/media\/40508"}],"wp:attachment":[{"href":"https:\/\/www.celttv.com.ar\/index.php\/wp-json\/wp\/v2\/media?parent=40507"}],"wp:term":[{"taxonomy":"category","embeddable":true,"href":"https:\/\/www.celttv.com.ar\/index.php\/wp-json\/wp\/v2\/categories?post=40507"},{"taxonomy":"post_tag","embeddable":true,"href":"https:\/\/www.celttv.com.ar\/index.php\/wp-json\/wp\/v2\/tags?post=40507"}],"curies":[{"name":"wp","href":"https:\/\/api.w.org\/{rel}","templated":true}]}}