{"id":40512,"date":"2019-03-25T00:02:08","date_gmt":"2019-03-25T00:02:08","guid":{"rendered":"http:\/\/www.celttv.com.ar\/?p=40512"},"modified":"2019-03-25T00:02:08","modified_gmt":"2019-03-25T00:02:08","slug":"al-verde-se-le-escapo-en-el-final","status":"publish","type":"post","link":"https:\/\/www.celttv.com.ar\/index.php\/2019\/03\/25\/al-verde-se-le-escapo-en-el-final\/","title":{"rendered":"AL VERDE SE LE ESCAPO EN EL FINAL"},"content":{"rendered":"<p>Uni\u00f3n lo ten\u00eda pr\u00e1cticamente ganado, pero Pe\u00f1arol (Guamin\u00ed) en una de las \u00faltimas se llev\u00f3 un punto del \u201cBosque\u201d. Facundo Quiroz (de mitad de cancha) y Gonzalo Fern\u00e1ndez marcaron para la visita. Ezequiel Schmidt de penal y Maximiliano Banegas lo hicieron para la visita. Lautaro Eckardt le ataj\u00f3 un penal a Quiroz.<\/p>\n<p>En el duelo de l\u00edderes de la Zona A, el empate y como consecuencia, reparto de puntos, fue lo que mejor le cay\u00f3 al resultado final. Si bien la visita comenz\u00f3 ganando, la r\u00e1faga del final del primer tiempo le dio una mejor cara a un Uni\u00f3n que no jug\u00f3 su mejor partido. Y pese al penal atajado por Eckardt y las situaciones para liquidarlo, en el final Fern\u00e1ndez le puso el sello al empate y el reparto de unidades fue lo m\u00e1s justo.<\/p>\n<p>La visita comenz\u00f3 mejor, con un interesant\u00edsimo <strong>Facundo Quiroz<\/strong> que se par\u00f3 a espaldas del doble cinco (como un enganche de los que ya no abundan), y manej\u00f3 a gusto los hilos del inicio del encuentro. Y as\u00ed fue como a los 16 minutos, aprovecha un error en un tiro libre del verde en mitad de cancha, para levantar la cabeza, ver a Eckardt sobre la media luna (nada de responsabilidad para el arquero), y desde su propio campo gatill\u00f3 para poner el 1 a 0.<\/p>\n<p>El encuentro cay\u00f3 en un pozo y reci\u00e9n hasta la mitad de hora no se inquiet\u00f3 a los porteros, cuando Gartland gana en lo alto y cabecea por arriba. Quiroz aprovechando su buena pegada intent\u00f3 un par de veces desde afuera per sin buen destino.<\/p>\n<p>A los 40\u2019 la jugada que pudo cambiar la historia del partido. Pase en profundidad de Fritz para Schmidt, se escapa solo y de atr\u00e1s se tira R\u00edos. Si bien la falta no fue grave, la situaci\u00f3n inmejorable para que el delantero de Uni\u00f3n marcara el empate hizo que el defensor de Pe\u00f1arol vea la tarjeta roja. En un primer momento Arce hab\u00eda marcado tiro libre fuera del \u00e1rea, pero segundos despu\u00e9s y ante el llamado del asistente Manuel Mu\u00f1oz, el \u00e1rbitro cobra penal. Nobleza obliga decir que la decisi\u00f3n del asistente fue la acertada ya que, al observar detenidamente las im\u00e1genes se observa c\u00f3mo R\u00edos se tira casi sobre la l\u00ednea y la pierna derecha sobre el muslo de Schmidt que es lo que lo hace caer, es dentro del \u00e1rea.<\/p>\n<p>Luego de unos minutos de reclamo, <strong>Ezequiel Schmidt<\/strong> cambia penal por gol y pone el 1 a 1.<\/p>\n<p>Pero lejos de contentarse con el empate, Uni\u00f3n tuvo la \u00faltima del primer tiempo y fue a buscar con todo para ponerse arriba en el marcador. Tiro libre casi como un c\u00f3rner corto, despeje corto del arquero Santerre y a la carrera y llen\u00e1ndose el empeine de gol, <strong>Maximiliano Banegas<\/strong> captura el rebote y pone el 2 a 1. As\u00ed se terminaban los primeros 45 minutos.<\/p>\n<p>El segundo tiempo arranc\u00f3 con una jugada pol\u00e9mica a los dos minutos. De un tiro libre la pelota cae en profundidad para Cuello pero Teysseyre le gana la posici\u00f3n. Caen los dos y cuando Cuello se levanta (vivo el delantero ex San Mart\u00edn de Santa Trinidad) se arroja sobre la pierna del defensor de Uni\u00f3n que se estaba incorporando y cae dentro del \u00e1rea. Arce marca penal. Facundo Quiroz fue el encargado de ejecutar a la izquierda de Lautaro Eckardt que adivin\u00f3 el lugar y desvi\u00f3 el disparo. Todo segu\u00eda igual.<\/p>\n<p>Como dijimos anteriormente, la expulsi\u00f3n de R\u00edos pudo cambiar el tr\u00e1mite del partido pero no lo hizo. Uni\u00f3n nunca supo ni pudo hacer valer el hombre de m\u00e1s en cancha y Pe\u00f1arol se las ingeni\u00f3 para tejerle una red al equipo de Schumacher de tal manera que no sepa que hacer durante casi un tiempo. Y as\u00ed paso. El verde entr\u00f3 en el juego que m\u00e1s le conven\u00eda al equipo de Vadillo y no pudo liquidar el pleito. Una sola tuvo antes de que Pe\u00f1arol lo empate. Una escapada de Heiland que defini\u00f3 y el arquero Santerre respondi\u00f3 excelente.<\/p>\n<p>A los 40\u2019 lleg\u00f3 la parda en el marcador. C\u00f3rner para la visita, pelota al \u00e1rea, no puede despejar Uni\u00f3n y la bola le queda servida a <strong>Gonzalo Fern\u00e1ndez<\/strong> que remat\u00f3 para poner el 2 a 2.<\/p>\n<p>El local sinti\u00f3 el bofetazo y fue a buscar con lo \u00faltimo que le quedaba. Fritz hace una buena jugada por izquierda, tira el centro y Heiland a la carrera se lo pierde.<\/p>\n<p>As\u00ed lleg\u00f3 el final. Reparto de puntos qu\u00e9, por lo visto en el partido, es lo m\u00e1s justo. Siguen los dos invictos, siguen punteros y tendr\u00e1n que recibir a sus cl\u00e1sicos rivales en la fecha interzonal.<\/p>\n<p><strong>Uni\u00f3n:<\/strong> Lautaro Eckardt; Juli\u00e1n Sarrat, Jos\u00e9 Luis Teysseyre, Dylan Kloster, Sebasti\u00e1n Callava; Brian Lascalea, Maximiliano Banegas, Fernando Salazar, Lucas Biondo; Mat\u00edas Fritz, Ezequiel Schmidt. DT: Horacio Schumacher.<\/p>\n<p><u>Cambios:<\/u> ST: 14\u2019 Hern\u00e1n Delgado por Sarrat, 19\u2019 Juan Jos\u00e9 Heiland por Banegas, 38\u2019 Maximiliano Meriggi por Lascalea.<\/p>\n<p><u>Supl:<\/u> Juan Dorazio y Francisco Callava.<\/p>\n<p><strong>Pe\u00f1arol (G):<\/strong> Marcos Santerre; Francisco Rollhesser, Diego Lara, N\u00e9stor Gartland, Ayrton R\u00edos; Diego Su\u00e1rez, Joaqu\u00edn Guti\u00e9rrez, Braian Lara; Facundo Quiroz; Gonzalo Hern\u00e1ndez, Diego Cuello. DT: Julio Vadillo.<\/p>\n<p><u>Cambios:<\/u> ST: 24\u2019 Bautista Waigel por Su\u00e1rez, 45\u2019 Joaqu\u00edn Hern\u00e1ndez por Cuello.<\/p>\n<p><u>Supl:<\/u> Mat\u00edas Mendiz, Gonzalo Real, Gustavo Burgos.<\/p>\n<p><u>Goles:<\/u> PT: 16\u2019 Facundo Quiroz (P), 44\u2019 Ezequiel Schmidt (U) de penal, 48\u2019 Maximiliano Banegas (U). ST: 40\u2019 Gonzalo Fern\u00e1ndez (P)<\/p>\n<p><u>Expulsado:<\/u> PT: 40\u2019 Ayrton R\u00edos (P)<\/p>\n<p><u>Incidencia:<\/u> ST: 4\u2019 Lautaro Eckardt le ataj\u00f3 un penal Facundo Quiroz.<\/p>\n<p><u>\u00c1rbitro:<\/u> Cristian Arce (6)<\/p>\n<p><u>Cancha:<\/u> Estadio Juan Jos\u00e9 Bolletta<\/p>\n<p><u>Reserva:<\/u> Uni\u00f3n 1 &#8211; Pe\u00f1arol (G) 1<\/p>\n<p><a href=\"https:\/\/www.facebook.com\/pg\/solofutbolcanal2\/photos\/?tab=album&amp;album_id=1026062910936232\" target=\"_blank\" rel=\"noopener\">\u00c1lbum de Fotos: Solo F\u00fatbol<\/a><\/p>\n<p><a href=\"http:\/\/www.celttv.com.ar\/?attachment_id=40513\" rel=\"attachment wp-att-40513\"><img loading=\"lazy\" decoding=\"async\" class=\"alignleft size-full wp-image-40513\" src=\"http:\/\/www.celttv.com.ar\/wp-content\/uploads\/2019\/03\/DSC_0186.jpg\" alt=\"\" width=\"960\" height=\"640\" srcset=\"https:\/\/www.celttv.com.ar\/wp-content\/uploads\/2019\/03\/DSC_0186.jpg 960w, https:\/\/www.celttv.com.ar\/wp-content\/uploads\/2019\/03\/DSC_0186-300x200.jpg 300w, https:\/\/www.celttv.com.ar\/wp-content\/uploads\/2019\/03\/DSC_0186-768x512.jpg 768w, https:\/\/www.celttv.com.ar\/wp-content\/uploads\/2019\/03\/DSC_0186-750x500.jpg 750w\" sizes=\"auto, (max-width: 960px) 100vw, 960px\" \/><\/a> <a href=\"http:\/\/www.celttv.com.ar\/?attachment_id=40514\" rel=\"attachment wp-att-40514\"><img loading=\"lazy\" decoding=\"async\" class=\"alignleft size-medium wp-image-40514\" src=\"http:\/\/www.celttv.com.ar\/wp-content\/uploads\/2019\/03\/DSC_0188.jpg\" alt=\"\" width=\"780\" height=\"520\" srcset=\"https:\/\/www.celttv.com.ar\/wp-content\/uploads\/2019\/03\/DSC_0188.jpg 960w, https:\/\/www.celttv.com.ar\/wp-content\/uploads\/2019\/03\/DSC_0188-300x200.jpg 300w, https:\/\/www.celttv.com.ar\/wp-content\/uploads\/2019\/03\/DSC_0188-768x512.jpg 768w, https:\/\/www.celttv.com.ar\/wp-content\/uploads\/2019\/03\/DSC_0188-750x500.jpg 750w\" sizes=\"auto, (max-width: 780px) 100vw, 780px\" \/><\/a> <a href=\"http:\/\/www.celttv.com.ar\/?attachment_id=40515\" rel=\"attachment wp-att-40515\"><img loading=\"lazy\" decoding=\"async\" class=\"alignleft size-medium wp-image-40515\" src=\"http:\/\/www.celttv.com.ar\/wp-content\/uploads\/2019\/03\/DSC_0192.jpg\" alt=\"\" width=\"780\" height=\"520\" srcset=\"https:\/\/www.celttv.com.ar\/wp-content\/uploads\/2019\/03\/DSC_0192.jpg 960w, https:\/\/www.celttv.com.ar\/wp-content\/uploads\/2019\/03\/DSC_0192-300x200.jpg 300w, https:\/\/www.celttv.com.ar\/wp-content\/uploads\/2019\/03\/DSC_0192-768x512.jpg 768w, https:\/\/www.celttv.com.ar\/wp-content\/uploads\/2019\/03\/DSC_0192-750x500.jpg 750w\" sizes=\"auto, (max-width: 780px) 100vw, 780px\" \/><\/a> <a href=\"http:\/\/www.celttv.com.ar\/?attachment_id=40516\" rel=\"attachment wp-att-40516\"><img loading=\"lazy\" decoding=\"async\" class=\"alignleft size-medium wp-image-40516\" src=\"http:\/\/www.celttv.com.ar\/wp-content\/uploads\/2019\/03\/DSC_0210.jpg\" alt=\"\" width=\"780\" height=\"520\" srcset=\"https:\/\/www.celttv.com.ar\/wp-content\/uploads\/2019\/03\/DSC_0210.jpg 960w, https:\/\/www.celttv.com.ar\/wp-content\/uploads\/2019\/03\/DSC_0210-300x200.jpg 300w, https:\/\/www.celttv.com.ar\/wp-content\/uploads\/2019\/03\/DSC_0210-768x512.jpg 768w, https:\/\/www.celttv.com.ar\/wp-content\/uploads\/2019\/03\/DSC_0210-750x500.jpg 750w\" sizes=\"auto, (max-width: 780px) 100vw, 780px\" \/><\/a><\/p>\n","protected":false},"excerpt":{"rendered":"<p>Uni\u00f3n lo ten\u00eda pr\u00e1cticamente ganado, pero Pe\u00f1arol (Guamin\u00ed) en una de las \u00faltimas se llev\u00f3 un punto del \u201cBosque\u201d. Facundo Quiroz (de mitad de cancha) y Gonzalo Fern\u00e1ndez marcaron para la visita. Ezequiel Schmidt de penal y Maximiliano Banegas lo hicieron para la visita. Lautaro Eckardt le ataj\u00f3 un penal a Quiroz. En el duelo [&hellip;]<\/p>\n","protected":false},"author":1,"featured_media":40517,"comment_status":"closed","ping_status":"open","sticky":false,"template":"","format":"standard","meta":{"footnotes":""},"categories":[60,52,76],"tags":[],"class_list":["post-40512","post","type-post","status-publish","format-standard","has-post-thumbnail","hentry","category-deporte","category-destacadas","category-solo-futbol"],"yoast_head":"<!-- This site is optimized with the Yoast SEO plugin v19.7.1 - https:\/\/yoast.com\/wordpress\/plugins\/seo\/ -->\n<title>AL VERDE SE LE ESCAPO EN EL FINAL - CELTTV<\/title>\n<meta name=\"description\" content=\"Sitio web de noticias de la localidad de Tornquist, provincia de Buenos Aires, Rep\u00fablica Argentina. Contenido propio originado por periodistas de CELTTV, el canal de TV local de la Cooperativa El\u00e9ctrica de Tornquist. Turismo, Pol\u00edtica, Sociedad, Deporte, Cultura y todo el contenido de inter\u00e9s general que la gente del pueblo y la regi\u00f3n debe conocer.\" \/>\n<meta name=\"robots\" content=\"index, follow, max-snippet:-1, max-image-preview:large, max-video-preview:-1\" \/>\n<link rel=\"canonical\" href=\"https:\/\/www.celttv.com.ar\/index.php\/2019\/03\/25\/al-verde-se-le-escapo-en-el-final\/\" \/>\n<meta property=\"og:locale\" content=\"es_ES\" \/>\n<meta property=\"og:type\" content=\"article\" \/>\n<meta property=\"og:title\" content=\"AL VERDE SE LE ESCAPO EN EL FINAL - CELTTV\" \/>\n<meta property=\"og:description\" content=\"Sitio web de noticias de la localidad de Tornquist, provincia de Buenos Aires, Rep\u00fablica Argentina. Contenido propio originado por periodistas de CELTTV, el canal de TV local de la Cooperativa El\u00e9ctrica de Tornquist. Turismo, Pol\u00edtica, Sociedad, Deporte, Cultura y todo el contenido de inter\u00e9s general que la gente del pueblo y la regi\u00f3n debe conocer.\" \/>\n<meta property=\"og:url\" content=\"https:\/\/www.celttv.com.ar\/index.php\/2019\/03\/25\/al-verde-se-le-escapo-en-el-final\/\" \/>\n<meta property=\"og:site_name\" content=\"CELTTV\" \/>\n<meta property=\"article:publisher\" content=\"https:\/\/www.facebook.com\/celtTV\/\" \/>\n<meta property=\"article:published_time\" content=\"2019-03-25T00:02:08+00:00\" \/>\n<meta property=\"og:image\" content=\"https:\/\/www.celttv.com.ar\/wp-content\/uploads\/2019\/03\/DSC_0196.jpg\" \/>\n\t<meta property=\"og:image:width\" content=\"960\" \/>\n\t<meta property=\"og:image:height\" content=\"640\" \/>\n\t<meta property=\"og:image:type\" content=\"image\/jpeg\" \/>\n<meta name=\"author\" content=\"ulises\" \/>\n<meta name=\"twitter:card\" content=\"summary_large_image\" \/>\n<meta name=\"twitter:label1\" content=\"Escrito por\" \/>\n\t<meta name=\"twitter:data1\" content=\"ulises\" \/>\n\t<meta name=\"twitter:label2\" content=\"Tiempo de lectura\" \/>\n\t<meta name=\"twitter:data2\" content=\"5 minutos\" \/>\n<script type=\"application\/ld+json\" class=\"yoast-schema-graph\">{\"@context\":\"https:\/\/schema.org\",\"@graph\":[{\"@type\":\"NewsArticle\",\"@id\":\"https:\/\/www.celttv.com.ar\/index.php\/2019\/03\/25\/al-verde-se-le-escapo-en-el-final\/#article\",\"isPartOf\":{\"@id\":\"https:\/\/www.celttv.com.ar\/index.php\/2019\/03\/25\/al-verde-se-le-escapo-en-el-final\/\"},\"author\":{\"name\":\"ulises\",\"@id\":\"https:\/\/www.celttv.com.ar\/#\/schema\/person\/6d99c072dba59953809c81446e9d0ace\"},\"headline\":\"AL VERDE SE LE ESCAPO EN EL FINAL\",\"datePublished\":\"2019-03-25T00:02:08+00:00\",\"dateModified\":\"2019-03-25T00:02:08+00:00\",\"mainEntityOfPage\":{\"@id\":\"https:\/\/www.celttv.com.ar\/index.php\/2019\/03\/25\/al-verde-se-le-escapo-en-el-final\/\"},\"wordCount\":986,\"publisher\":{\"@id\":\"https:\/\/www.celttv.com.ar\/#organization\"},\"articleSection\":[\"Deporte\",\"Destacadas\",\"Solo Futbol\"],\"inLanguage\":\"es\"},{\"@type\":\"WebPage\",\"@id\":\"https:\/\/www.celttv.com.ar\/index.php\/2019\/03\/25\/al-verde-se-le-escapo-en-el-final\/\",\"url\":\"https:\/\/www.celttv.com.ar\/index.php\/2019\/03\/25\/al-verde-se-le-escapo-en-el-final\/\",\"name\":\"AL VERDE SE LE ESCAPO EN EL FINAL - CELTTV\",\"isPartOf\":{\"@id\":\"https:\/\/www.celttv.com.ar\/#website\"},\"datePublished\":\"2019-03-25T00:02:08+00:00\",\"dateModified\":\"2019-03-25T00:02:08+00:00\",\"description\":\"Sitio web de noticias de la localidad de Tornquist, provincia de Buenos Aires, Rep\u00fablica Argentina. Contenido propio originado por periodistas de CELTTV, el canal de TV local de la Cooperativa El\u00e9ctrica de Tornquist. Turismo, Pol\u00edtica, Sociedad, Deporte, Cultura y todo el contenido de inter\u00e9s general que la gente del pueblo y la regi\u00f3n debe conocer.\",\"breadcrumb\":{\"@id\":\"https:\/\/www.celttv.com.ar\/index.php\/2019\/03\/25\/al-verde-se-le-escapo-en-el-final\/#breadcrumb\"},\"inLanguage\":\"es\",\"potentialAction\":[{\"@type\":\"ReadAction\",\"target\":[\"https:\/\/www.celttv.com.ar\/index.php\/2019\/03\/25\/al-verde-se-le-escapo-en-el-final\/\"]}]},{\"@type\":\"BreadcrumbList\",\"@id\":\"https:\/\/www.celttv.com.ar\/index.php\/2019\/03\/25\/al-verde-se-le-escapo-en-el-final\/#breadcrumb\",\"itemListElement\":[{\"@type\":\"ListItem\",\"position\":1,\"name\":\"Inicio\",\"item\":\"https:\/\/www.celttv.com.ar\/\"},{\"@type\":\"ListItem\",\"position\":2,\"name\":\"AL VERDE SE LE ESCAPO EN EL FINAL\"}]},{\"@type\":\"WebSite\",\"@id\":\"https:\/\/www.celttv.com.ar\/#website\",\"url\":\"https:\/\/www.celttv.com.ar\/\",\"name\":\"CELTTV\",\"description\":\"Cooperativa El\u00e9ctrica de Tornquist\",\"publisher\":{\"@id\":\"https:\/\/www.celttv.com.ar\/#organization\"},\"potentialAction\":[{\"@type\":\"SearchAction\",\"target\":{\"@type\":\"EntryPoint\",\"urlTemplate\":\"https:\/\/www.celttv.com.ar\/?s={search_term_string}\"},\"query-input\":\"required name=search_term_string\"}],\"inLanguage\":\"es\"},{\"@type\":\"Organization\",\"@id\":\"https:\/\/www.celttv.com.ar\/#organization\",\"name\":\"CELTTV\",\"url\":\"https:\/\/www.celttv.com.ar\/\",\"sameAs\":[\"https:\/\/www.youtube.com\/channel\/UCz_oIt8Hig64Ub-EmcNPIhg\",\"https:\/\/www.facebook.com\/celtTV\/\"],\"logo\":{\"@type\":\"ImageObject\",\"inLanguage\":\"es\",\"@id\":\"https:\/\/www.celttv.com.ar\/#\/schema\/logo\/image\/\",\"url\":\"http:\/\/www.celttv.com.ar\/wp-content\/uploads\/2022\/08\/logo-1.png\",\"contentUrl\":\"http:\/\/www.celttv.com.ar\/wp-content\/uploads\/2022\/08\/logo-1.png\",\"width\":461,\"height\":159,\"caption\":\"CELTTV\"},\"image\":{\"@id\":\"https:\/\/www.celttv.com.ar\/#\/schema\/logo\/image\/\"}},{\"@type\":\"Person\",\"@id\":\"https:\/\/www.celttv.com.ar\/#\/schema\/person\/6d99c072dba59953809c81446e9d0ace\",\"name\":\"ulises\",\"image\":{\"@type\":\"ImageObject\",\"inLanguage\":\"es\",\"@id\":\"https:\/\/www.celttv.com.ar\/#\/schema\/person\/image\/\",\"url\":\"https:\/\/secure.gravatar.com\/avatar\/7f2c48bdc33b30088f941fb6082e555f2874c98e20cb159d7b92b50eadfce793?s=96&d=mm&r=g\",\"contentUrl\":\"https:\/\/secure.gravatar.com\/avatar\/7f2c48bdc33b30088f941fb6082e555f2874c98e20cb159d7b92b50eadfce793?s=96&d=mm&r=g\",\"caption\":\"ulises\"},\"sameAs\":[\"http:\/\/www.celttv.com.ar\"]}]}<\/script>\n<!-- \/ Yoast SEO plugin. -->","yoast_head_json":{"title":"AL VERDE SE LE ESCAPO EN EL FINAL - CELTTV","description":"Sitio web de noticias de la localidad de Tornquist, provincia de Buenos Aires, Rep\u00fablica Argentina. Contenido propio originado por periodistas de CELTTV, el canal de TV local de la Cooperativa El\u00e9ctrica de Tornquist. Turismo, Pol\u00edtica, Sociedad, Deporte, Cultura y todo el contenido de inter\u00e9s general que la gente del pueblo y la regi\u00f3n debe conocer.","robots":{"index":"index","follow":"follow","max-snippet":"max-snippet:-1","max-image-preview":"max-image-preview:large","max-video-preview":"max-video-preview:-1"},"canonical":"https:\/\/www.celttv.com.ar\/index.php\/2019\/03\/25\/al-verde-se-le-escapo-en-el-final\/","og_locale":"es_ES","og_type":"article","og_title":"AL VERDE SE LE ESCAPO EN EL FINAL - CELTTV","og_description":"Sitio web de noticias de la localidad de Tornquist, provincia de Buenos Aires, Rep\u00fablica Argentina. Contenido propio originado por periodistas de CELTTV, el canal de TV local de la Cooperativa El\u00e9ctrica de Tornquist. Turismo, Pol\u00edtica, Sociedad, Deporte, Cultura y todo el contenido de inter\u00e9s general que la gente del pueblo y la regi\u00f3n debe conocer.","og_url":"https:\/\/www.celttv.com.ar\/index.php\/2019\/03\/25\/al-verde-se-le-escapo-en-el-final\/","og_site_name":"CELTTV","article_publisher":"https:\/\/www.facebook.com\/celtTV\/","article_published_time":"2019-03-25T00:02:08+00:00","og_image":[{"width":960,"height":640,"url":"https:\/\/www.celttv.com.ar\/wp-content\/uploads\/2019\/03\/DSC_0196.jpg","type":"image\/jpeg"}],"author":"ulises","twitter_card":"summary_large_image","twitter_misc":{"Escrito por":"ulises","Tiempo de lectura":"5 minutos"},"schema":{"@context":"https:\/\/schema.org","@graph":[{"@type":"NewsArticle","@id":"https:\/\/www.celttv.com.ar\/index.php\/2019\/03\/25\/al-verde-se-le-escapo-en-el-final\/#article","isPartOf":{"@id":"https:\/\/www.celttv.com.ar\/index.php\/2019\/03\/25\/al-verde-se-le-escapo-en-el-final\/"},"author":{"name":"ulises","@id":"https:\/\/www.celttv.com.ar\/#\/schema\/person\/6d99c072dba59953809c81446e9d0ace"},"headline":"AL VERDE SE LE ESCAPO EN EL FINAL","datePublished":"2019-03-25T00:02:08+00:00","dateModified":"2019-03-25T00:02:08+00:00","mainEntityOfPage":{"@id":"https:\/\/www.celttv.com.ar\/index.php\/2019\/03\/25\/al-verde-se-le-escapo-en-el-final\/"},"wordCount":986,"publisher":{"@id":"https:\/\/www.celttv.com.ar\/#organization"},"articleSection":["Deporte","Destacadas","Solo Futbol"],"inLanguage":"es"},{"@type":"WebPage","@id":"https:\/\/www.celttv.com.ar\/index.php\/2019\/03\/25\/al-verde-se-le-escapo-en-el-final\/","url":"https:\/\/www.celttv.com.ar\/index.php\/2019\/03\/25\/al-verde-se-le-escapo-en-el-final\/","name":"AL VERDE SE LE ESCAPO EN EL FINAL - CELTTV","isPartOf":{"@id":"https:\/\/www.celttv.com.ar\/#website"},"datePublished":"2019-03-25T00:02:08+00:00","dateModified":"2019-03-25T00:02:08+00:00","description":"Sitio web de noticias de la localidad de Tornquist, provincia de Buenos Aires, Rep\u00fablica Argentina. Contenido propio originado por periodistas de CELTTV, el canal de TV local de la Cooperativa El\u00e9ctrica de Tornquist. Turismo, Pol\u00edtica, Sociedad, Deporte, Cultura y todo el contenido de inter\u00e9s general que la gente del pueblo y la regi\u00f3n debe conocer.","breadcrumb":{"@id":"https:\/\/www.celttv.com.ar\/index.php\/2019\/03\/25\/al-verde-se-le-escapo-en-el-final\/#breadcrumb"},"inLanguage":"es","potentialAction":[{"@type":"ReadAction","target":["https:\/\/www.celttv.com.ar\/index.php\/2019\/03\/25\/al-verde-se-le-escapo-en-el-final\/"]}]},{"@type":"BreadcrumbList","@id":"https:\/\/www.celttv.com.ar\/index.php\/2019\/03\/25\/al-verde-se-le-escapo-en-el-final\/#breadcrumb","itemListElement":[{"@type":"ListItem","position":1,"name":"Inicio","item":"https:\/\/www.celttv.com.ar\/"},{"@type":"ListItem","position":2,"name":"AL VERDE SE LE ESCAPO EN EL FINAL"}]},{"@type":"WebSite","@id":"https:\/\/www.celttv.com.ar\/#website","url":"https:\/\/www.celttv.com.ar\/","name":"CELTTV","description":"Cooperativa El\u00e9ctrica de Tornquist","publisher":{"@id":"https:\/\/www.celttv.com.ar\/#organization"},"potentialAction":[{"@type":"SearchAction","target":{"@type":"EntryPoint","urlTemplate":"https:\/\/www.celttv.com.ar\/?s={search_term_string}"},"query-input":"required name=search_term_string"}],"inLanguage":"es"},{"@type":"Organization","@id":"https:\/\/www.celttv.com.ar\/#organization","name":"CELTTV","url":"https:\/\/www.celttv.com.ar\/","sameAs":["https:\/\/www.youtube.com\/channel\/UCz_oIt8Hig64Ub-EmcNPIhg","https:\/\/www.facebook.com\/celtTV\/"],"logo":{"@type":"ImageObject","inLanguage":"es","@id":"https:\/\/www.celttv.com.ar\/#\/schema\/logo\/image\/","url":"http:\/\/www.celttv.com.ar\/wp-content\/uploads\/2022\/08\/logo-1.png","contentUrl":"http:\/\/www.celttv.com.ar\/wp-content\/uploads\/2022\/08\/logo-1.png","width":461,"height":159,"caption":"CELTTV"},"image":{"@id":"https:\/\/www.celttv.com.ar\/#\/schema\/logo\/image\/"}},{"@type":"Person","@id":"https:\/\/www.celttv.com.ar\/#\/schema\/person\/6d99c072dba59953809c81446e9d0ace","name":"ulises","image":{"@type":"ImageObject","inLanguage":"es","@id":"https:\/\/www.celttv.com.ar\/#\/schema\/person\/image\/","url":"https:\/\/secure.gravatar.com\/avatar\/7f2c48bdc33b30088f941fb6082e555f2874c98e20cb159d7b92b50eadfce793?s=96&d=mm&r=g","contentUrl":"https:\/\/secure.gravatar.com\/avatar\/7f2c48bdc33b30088f941fb6082e555f2874c98e20cb159d7b92b50eadfce793?s=96&d=mm&r=g","caption":"ulises"},"sameAs":["http:\/\/www.celttv.com.ar"]}]}},"_links":{"self":[{"href":"https:\/\/www.celttv.com.ar\/index.php\/wp-json\/wp\/v2\/posts\/40512","targetHints":{"allow":["GET"]}}],"collection":[{"href":"https:\/\/www.celttv.com.ar\/index.php\/wp-json\/wp\/v2\/posts"}],"about":[{"href":"https:\/\/www.celttv.com.ar\/index.php\/wp-json\/wp\/v2\/types\/post"}],"author":[{"embeddable":true,"href":"https:\/\/www.celttv.com.ar\/index.php\/wp-json\/wp\/v2\/users\/1"}],"replies":[{"embeddable":true,"href":"https:\/\/www.celttv.com.ar\/index.php\/wp-json\/wp\/v2\/comments?post=40512"}],"version-history":[{"count":0,"href":"https:\/\/www.celttv.com.ar\/index.php\/wp-json\/wp\/v2\/posts\/40512\/revisions"}],"wp:featuredmedia":[{"embeddable":true,"href":"https:\/\/www.celttv.com.ar\/index.php\/wp-json\/wp\/v2\/media\/40517"}],"wp:attachment":[{"href":"https:\/\/www.celttv.com.ar\/index.php\/wp-json\/wp\/v2\/media?parent=40512"}],"wp:term":[{"taxonomy":"category","embeddable":true,"href":"https:\/\/www.celttv.com.ar\/index.php\/wp-json\/wp\/v2\/categories?post=40512"},{"taxonomy":"post_tag","embeddable":true,"href":"https:\/\/www.celttv.com.ar\/index.php\/wp-json\/wp\/v2\/tags?post=40512"}],"curies":[{"name":"wp","href":"https:\/\/api.w.org\/{rel}","templated":true}]}}