{"id":40520,"date":"2019-03-25T00:29:30","date_gmt":"2019-03-25T00:29:30","guid":{"rendered":"http:\/\/www.celttv.com.ar\/?p=40520"},"modified":"2019-03-25T00:29:30","modified_gmt":"2019-03-25T00:29:30","slug":"en-tornquist-se-realizo-el-acto-por-el-dia-de-la-memoria-la-verdad-y-la-justicia-fotos","status":"publish","type":"post","link":"https:\/\/www.celttv.com.ar\/index.php\/2019\/03\/25\/en-tornquist-se-realizo-el-acto-por-el-dia-de-la-memoria-la-verdad-y-la-justicia-fotos\/","title":{"rendered":"EN TORNQUIST SE REALIZ\u00d3 EL ACTO POR EL D\u00cdA DE LA MEMORIA, LA VERDAD Y LA JUSTICIA (FOTOS)"},"content":{"rendered":"<p>Con la presencia del intendente Sergio Bordoni, integrantes del Departamento Ejecutivo; ediles; miembros del Consejo Escolar; establecimientos educativos; instituciones intermedias y vecinos de la comunidad, se llev\u00f3 a cabo el acto protocolar por el 43\u00ba aniversario del golpe militar, en el teatro municipal Rodolfo Funke.<\/p>\n<p>Las palabras alusivas estuvieron a cargor del doctor Gerardo Bucchi, Director de Juventud y luego actuaron el grupo denominado Las Gorriti y la banda de rock local Parcer\u00eda.<\/p>\n<p>Pr\u00f3ximamente imagenes del acto en CELTTV NOTICIAS de Canal 2.<\/p>\n<p><a href=\"http:\/\/www.celttv.com.ar\/?attachment_id=40521\" rel=\"attachment wp-att-40521\"><img loading=\"lazy\" decoding=\"async\" class=\"alignleft size-full wp-image-40521\" src=\"http:\/\/www.celttv.com.ar\/wp-content\/uploads\/2019\/03\/20190324_192252.jpg\" alt=\"\" width=\"2048\" height=\"1536\" srcset=\"https:\/\/www.celttv.com.ar\/wp-content\/uploads\/2019\/03\/20190324_192252.jpg 2048w, https:\/\/www.celttv.com.ar\/wp-content\/uploads\/2019\/03\/20190324_192252-300x225.jpg 300w, https:\/\/www.celttv.com.ar\/wp-content\/uploads\/2019\/03\/20190324_192252-1024x768.jpg 1024w, https:\/\/www.celttv.com.ar\/wp-content\/uploads\/2019\/03\/20190324_192252-768x576.jpg 768w, https:\/\/www.celttv.com.ar\/wp-content\/uploads\/2019\/03\/20190324_192252-1536x1152.jpg 1536w, https:\/\/www.celttv.com.ar\/wp-content\/uploads\/2019\/03\/20190324_192252-750x563.jpg 750w, https:\/\/www.celttv.com.ar\/wp-content\/uploads\/2019\/03\/20190324_192252-1140x855.jpg 1140w\" sizes=\"auto, (max-width: 2048px) 100vw, 2048px\" \/><\/a> <a href=\"http:\/\/www.celttv.com.ar\/?attachment_id=40522\" rel=\"attachment wp-att-40522\"><img loading=\"lazy\" decoding=\"async\" class=\"alignleft size-medium wp-image-40522\" src=\"http:\/\/www.celttv.com.ar\/wp-content\/uploads\/2019\/03\/20190324_192302.jpg\" alt=\"\" width=\"780\" height=\"585\" srcset=\"https:\/\/www.celttv.com.ar\/wp-content\/uploads\/2019\/03\/20190324_192302.jpg 2048w, https:\/\/www.celttv.com.ar\/wp-content\/uploads\/2019\/03\/20190324_192302-300x225.jpg 300w, https:\/\/www.celttv.com.ar\/wp-content\/uploads\/2019\/03\/20190324_192302-1024x768.jpg 1024w, https:\/\/www.celttv.com.ar\/wp-content\/uploads\/2019\/03\/20190324_192302-768x576.jpg 768w, https:\/\/www.celttv.com.ar\/wp-content\/uploads\/2019\/03\/20190324_192302-1536x1152.jpg 1536w, https:\/\/www.celttv.com.ar\/wp-content\/uploads\/2019\/03\/20190324_192302-750x563.jpg 750w, https:\/\/www.celttv.com.ar\/wp-content\/uploads\/2019\/03\/20190324_192302-1140x855.jpg 1140w\" sizes=\"auto, (max-width: 780px) 100vw, 780px\" \/><\/a> <a href=\"http:\/\/www.celttv.com.ar\/?attachment_id=40523\" rel=\"attachment wp-att-40523\"><img loading=\"lazy\" decoding=\"async\" class=\"alignleft size-medium wp-image-40523\" src=\"http:\/\/www.celttv.com.ar\/wp-content\/uploads\/2019\/03\/20190324_192330.jpg\" alt=\"\" width=\"585\" height=\"780\" srcset=\"https:\/\/www.celttv.com.ar\/wp-content\/uploads\/2019\/03\/20190324_192330.jpg 1536w, https:\/\/www.celttv.com.ar\/wp-content\/uploads\/2019\/03\/20190324_192330-225x300.jpg 225w, https:\/\/www.celttv.com.ar\/wp-content\/uploads\/2019\/03\/20190324_192330-768x1024.jpg 768w, https:\/\/www.celttv.com.ar\/wp-content\/uploads\/2019\/03\/20190324_192330-1152x1536.jpg 1152w, https:\/\/www.celttv.com.ar\/wp-content\/uploads\/2019\/03\/20190324_192330-750x1000.jpg 750w, https:\/\/www.celttv.com.ar\/wp-content\/uploads\/2019\/03\/20190324_192330-1140x1520.jpg 1140w\" sizes=\"auto, (max-width: 585px) 100vw, 585px\" \/><\/a> <a href=\"http:\/\/www.celttv.com.ar\/?attachment_id=40524\" rel=\"attachment wp-att-40524\"><img loading=\"lazy\" decoding=\"async\" class=\"alignleft size-medium wp-image-40524\" src=\"http:\/\/www.celttv.com.ar\/wp-content\/uploads\/2019\/03\/20190324_192344.jpg\" alt=\"\" width=\"585\" height=\"780\" srcset=\"https:\/\/www.celttv.com.ar\/wp-content\/uploads\/2019\/03\/20190324_192344.jpg 1536w, https:\/\/www.celttv.com.ar\/wp-content\/uploads\/2019\/03\/20190324_192344-225x300.jpg 225w, https:\/\/www.celttv.com.ar\/wp-content\/uploads\/2019\/03\/20190324_192344-768x1024.jpg 768w, https:\/\/www.celttv.com.ar\/wp-content\/uploads\/2019\/03\/20190324_192344-1152x1536.jpg 1152w, https:\/\/www.celttv.com.ar\/wp-content\/uploads\/2019\/03\/20190324_192344-750x1000.jpg 750w, https:\/\/www.celttv.com.ar\/wp-content\/uploads\/2019\/03\/20190324_192344-1140x1520.jpg 1140w\" sizes=\"auto, (max-width: 585px) 100vw, 585px\" \/><\/a> <a href=\"http:\/\/www.celttv.com.ar\/?attachment_id=40525\" rel=\"attachment wp-att-40525\"><img loading=\"lazy\" decoding=\"async\" class=\"alignleft size-medium wp-image-40525\" src=\"http:\/\/www.celttv.com.ar\/wp-content\/uploads\/2019\/03\/20190324_192354.jpg\" alt=\"\" width=\"780\" height=\"585\" srcset=\"https:\/\/www.celttv.com.ar\/wp-content\/uploads\/2019\/03\/20190324_192354.jpg 2048w, https:\/\/www.celttv.com.ar\/wp-content\/uploads\/2019\/03\/20190324_192354-300x225.jpg 300w, https:\/\/www.celttv.com.ar\/wp-content\/uploads\/2019\/03\/20190324_192354-1024x768.jpg 1024w, https:\/\/www.celttv.com.ar\/wp-content\/uploads\/2019\/03\/20190324_192354-768x576.jpg 768w, https:\/\/www.celttv.com.ar\/wp-content\/uploads\/2019\/03\/20190324_192354-1536x1152.jpg 1536w, https:\/\/www.celttv.com.ar\/wp-content\/uploads\/2019\/03\/20190324_192354-750x563.jpg 750w, https:\/\/www.celttv.com.ar\/wp-content\/uploads\/2019\/03\/20190324_192354-1140x855.jpg 1140w\" sizes=\"auto, (max-width: 780px) 100vw, 780px\" \/><\/a> <a href=\"http:\/\/www.celttv.com.ar\/?attachment_id=40526\" rel=\"attachment wp-att-40526\"><img loading=\"lazy\" decoding=\"async\" class=\"alignleft size-medium wp-image-40526\" src=\"http:\/\/www.celttv.com.ar\/wp-content\/uploads\/2019\/03\/20190324_192753.jpg\" alt=\"\" width=\"585\" height=\"780\" srcset=\"https:\/\/www.celttv.com.ar\/wp-content\/uploads\/2019\/03\/20190324_192753.jpg 1536w, https:\/\/www.celttv.com.ar\/wp-content\/uploads\/2019\/03\/20190324_192753-225x300.jpg 225w, https:\/\/www.celttv.com.ar\/wp-content\/uploads\/2019\/03\/20190324_192753-768x1024.jpg 768w, https:\/\/www.celttv.com.ar\/wp-content\/uploads\/2019\/03\/20190324_192753-1152x1536.jpg 1152w, https:\/\/www.celttv.com.ar\/wp-content\/uploads\/2019\/03\/20190324_192753-750x1000.jpg 750w, https:\/\/www.celttv.com.ar\/wp-content\/uploads\/2019\/03\/20190324_192753-1140x1520.jpg 1140w\" sizes=\"auto, (max-width: 585px) 100vw, 585px\" \/><\/a> <a href=\"http:\/\/www.celttv.com.ar\/?attachment_id=40527\" rel=\"attachment wp-att-40527\"><img loading=\"lazy\" decoding=\"async\" class=\"alignleft size-medium wp-image-40527\" src=\"http:\/\/www.celttv.com.ar\/wp-content\/uploads\/2019\/03\/20190324_192828.jpg\" alt=\"\" width=\"585\" height=\"780\" srcset=\"https:\/\/www.celttv.com.ar\/wp-content\/uploads\/2019\/03\/20190324_192828.jpg 1536w, https:\/\/www.celttv.com.ar\/wp-content\/uploads\/2019\/03\/20190324_192828-225x300.jpg 225w, https:\/\/www.celttv.com.ar\/wp-content\/uploads\/2019\/03\/20190324_192828-768x1024.jpg 768w, https:\/\/www.celttv.com.ar\/wp-content\/uploads\/2019\/03\/20190324_192828-1152x1536.jpg 1152w, https:\/\/www.celttv.com.ar\/wp-content\/uploads\/2019\/03\/20190324_192828-750x1000.jpg 750w, https:\/\/www.celttv.com.ar\/wp-content\/uploads\/2019\/03\/20190324_192828-1140x1520.jpg 1140w\" sizes=\"auto, (max-width: 585px) 100vw, 585px\" \/><\/a> <a href=\"http:\/\/www.celttv.com.ar\/?attachment_id=40528\" rel=\"attachment wp-att-40528\"><img loading=\"lazy\" decoding=\"async\" class=\"alignleft size-medium wp-image-40528\" src=\"http:\/\/www.celttv.com.ar\/wp-content\/uploads\/2019\/03\/20190324_193321.jpg\" alt=\"\" width=\"780\" height=\"585\" srcset=\"https:\/\/www.celttv.com.ar\/wp-content\/uploads\/2019\/03\/20190324_193321.jpg 2048w, https:\/\/www.celttv.com.ar\/wp-content\/uploads\/2019\/03\/20190324_193321-300x225.jpg 300w, https:\/\/www.celttv.com.ar\/wp-content\/uploads\/2019\/03\/20190324_193321-1024x768.jpg 1024w, https:\/\/www.celttv.com.ar\/wp-content\/uploads\/2019\/03\/20190324_193321-768x576.jpg 768w, https:\/\/www.celttv.com.ar\/wp-content\/uploads\/2019\/03\/20190324_193321-1536x1152.jpg 1536w, https:\/\/www.celttv.com.ar\/wp-content\/uploads\/2019\/03\/20190324_193321-750x563.jpg 750w, https:\/\/www.celttv.com.ar\/wp-content\/uploads\/2019\/03\/20190324_193321-1140x855.jpg 1140w\" sizes=\"auto, (max-width: 780px) 100vw, 780px\" \/><\/a> <a href=\"http:\/\/www.celttv.com.ar\/?attachment_id=40529\" rel=\"attachment wp-att-40529\"><img loading=\"lazy\" decoding=\"async\" class=\"alignleft size-medium wp-image-40529\" src=\"http:\/\/www.celttv.com.ar\/wp-content\/uploads\/2019\/03\/20190324_203145.jpg\" alt=\"\" width=\"780\" height=\"585\" srcset=\"https:\/\/www.celttv.com.ar\/wp-content\/uploads\/2019\/03\/20190324_203145.jpg 2048w, https:\/\/www.celttv.com.ar\/wp-content\/uploads\/2019\/03\/20190324_203145-300x225.jpg 300w, https:\/\/www.celttv.com.ar\/wp-content\/uploads\/2019\/03\/20190324_203145-1024x768.jpg 1024w, https:\/\/www.celttv.com.ar\/wp-content\/uploads\/2019\/03\/20190324_203145-768x576.jpg 768w, https:\/\/www.celttv.com.ar\/wp-content\/uploads\/2019\/03\/20190324_203145-1536x1152.jpg 1536w, https:\/\/www.celttv.com.ar\/wp-content\/uploads\/2019\/03\/20190324_203145-750x563.jpg 750w, https:\/\/www.celttv.com.ar\/wp-content\/uploads\/2019\/03\/20190324_203145-1140x855.jpg 1140w\" sizes=\"auto, (max-width: 780px) 100vw, 780px\" \/><\/a> <a href=\"http:\/\/www.celttv.com.ar\/?attachment_id=40530\" rel=\"attachment wp-att-40530\"><img loading=\"lazy\" decoding=\"async\" class=\"alignleft size-medium wp-image-40530\" src=\"http:\/\/www.celttv.com.ar\/wp-content\/uploads\/2019\/03\/20190324_203152.jpg\" alt=\"\" width=\"780\" height=\"585\" srcset=\"https:\/\/www.celttv.com.ar\/wp-content\/uploads\/2019\/03\/20190324_203152.jpg 2048w, https:\/\/www.celttv.com.ar\/wp-content\/uploads\/2019\/03\/20190324_203152-300x225.jpg 300w, https:\/\/www.celttv.com.ar\/wp-content\/uploads\/2019\/03\/20190324_203152-1024x768.jpg 1024w, https:\/\/www.celttv.com.ar\/wp-content\/uploads\/2019\/03\/20190324_203152-768x576.jpg 768w, https:\/\/www.celttv.com.ar\/wp-content\/uploads\/2019\/03\/20190324_203152-1536x1152.jpg 1536w, https:\/\/www.celttv.com.ar\/wp-content\/uploads\/2019\/03\/20190324_203152-750x563.jpg 750w, https:\/\/www.celttv.com.ar\/wp-content\/uploads\/2019\/03\/20190324_203152-1140x855.jpg 1140w\" sizes=\"auto, (max-width: 780px) 100vw, 780px\" \/><\/a><\/p>\n","protected":false},"excerpt":{"rendered":"<p>Con la presencia del intendente Sergio Bordoni, integrantes del Departamento Ejecutivo; ediles; miembros del Consejo Escolar; establecimientos educativos; instituciones intermedias y vecinos de la comunidad, se llev\u00f3 a cabo el acto protocolar por el 43\u00ba aniversario del golpe militar, en el teatro municipal Rodolfo Funke. Las palabras alusivas estuvieron a cargor del doctor Gerardo Bucchi, [&hellip;]<\/p>\n","protected":false},"author":1,"featured_media":40528,"comment_status":"closed","ping_status":"open","sticky":false,"template":"","format":"standard","meta":{"footnotes":""},"categories":[55,51,52,53],"tags":[],"class_list":["post-40520","post","type-post","status-publish","format-standard","has-post-thumbnail","hentry","category-celt-tv-noticias","category-comunidad","category-destacadas","category-politica"],"yoast_head":"<!-- This site is optimized with the Yoast SEO plugin v19.7.1 - https:\/\/yoast.com\/wordpress\/plugins\/seo\/ -->\n<title>EN TORNQUIST SE REALIZ\u00d3 EL ACTO POR EL D\u00cdA DE LA MEMORIA, LA VERDAD Y LA JUSTICIA (FOTOS) - CELTTV<\/title>\n<meta name=\"description\" content=\"Sitio web de noticias de la localidad de Tornquist, provincia de Buenos Aires, Rep\u00fablica Argentina. Contenido propio originado por periodistas de CELTTV, el canal de TV local de la Cooperativa El\u00e9ctrica de Tornquist. Turismo, Pol\u00edtica, Sociedad, Deporte, Cultura y todo el contenido de inter\u00e9s general que la gente del pueblo y la regi\u00f3n debe conocer.\" \/>\n<meta name=\"robots\" content=\"index, follow, max-snippet:-1, max-image-preview:large, max-video-preview:-1\" \/>\n<link rel=\"canonical\" href=\"https:\/\/www.celttv.com.ar\/index.php\/2019\/03\/25\/en-tornquist-se-realizo-el-acto-por-el-dia-de-la-memoria-la-verdad-y-la-justicia-fotos\/\" \/>\n<meta property=\"og:locale\" content=\"es_ES\" \/>\n<meta property=\"og:type\" content=\"article\" \/>\n<meta property=\"og:title\" content=\"EN TORNQUIST SE REALIZ\u00d3 EL ACTO POR EL D\u00cdA DE LA MEMORIA, LA VERDAD Y LA JUSTICIA (FOTOS) - CELTTV\" \/>\n<meta property=\"og:description\" content=\"Sitio web de noticias de la localidad de Tornquist, provincia de Buenos Aires, Rep\u00fablica Argentina. Contenido propio originado por periodistas de CELTTV, el canal de TV local de la Cooperativa El\u00e9ctrica de Tornquist. Turismo, Pol\u00edtica, Sociedad, Deporte, Cultura y todo el contenido de inter\u00e9s general que la gente del pueblo y la regi\u00f3n debe conocer.\" \/>\n<meta property=\"og:url\" content=\"https:\/\/www.celttv.com.ar\/index.php\/2019\/03\/25\/en-tornquist-se-realizo-el-acto-por-el-dia-de-la-memoria-la-verdad-y-la-justicia-fotos\/\" \/>\n<meta property=\"og:site_name\" content=\"CELTTV\" \/>\n<meta property=\"article:publisher\" content=\"https:\/\/www.facebook.com\/celtTV\/\" \/>\n<meta property=\"article:published_time\" content=\"2019-03-25T00:29:30+00:00\" \/>\n<meta property=\"og:image\" content=\"https:\/\/www.celttv.com.ar\/wp-content\/uploads\/2019\/03\/20190324_193321.jpg\" \/>\n\t<meta property=\"og:image:width\" content=\"2048\" \/>\n\t<meta property=\"og:image:height\" content=\"1536\" \/>\n\t<meta property=\"og:image:type\" content=\"image\/jpeg\" \/>\n<meta name=\"author\" content=\"ulises\" \/>\n<meta name=\"twitter:card\" content=\"summary_large_image\" \/>\n<meta name=\"twitter:label1\" content=\"Escrito por\" \/>\n\t<meta name=\"twitter:data1\" content=\"ulises\" \/>\n<script type=\"application\/ld+json\" class=\"yoast-schema-graph\">{\"@context\":\"https:\/\/schema.org\",\"@graph\":[{\"@type\":\"NewsArticle\",\"@id\":\"https:\/\/www.celttv.com.ar\/index.php\/2019\/03\/25\/en-tornquist-se-realizo-el-acto-por-el-dia-de-la-memoria-la-verdad-y-la-justicia-fotos\/#article\",\"isPartOf\":{\"@id\":\"https:\/\/www.celttv.com.ar\/index.php\/2019\/03\/25\/en-tornquist-se-realizo-el-acto-por-el-dia-de-la-memoria-la-verdad-y-la-justicia-fotos\/\"},\"author\":{\"name\":\"ulises\",\"@id\":\"https:\/\/www.celttv.com.ar\/#\/schema\/person\/6d99c072dba59953809c81446e9d0ace\"},\"headline\":\"EN TORNQUIST SE REALIZ\u00d3 EL ACTO POR EL D\u00cdA DE LA MEMORIA, LA VERDAD Y LA JUSTICIA (FOTOS)\",\"datePublished\":\"2019-03-25T00:29:30+00:00\",\"dateModified\":\"2019-03-25T00:29:30+00:00\",\"mainEntityOfPage\":{\"@id\":\"https:\/\/www.celttv.com.ar\/index.php\/2019\/03\/25\/en-tornquist-se-realizo-el-acto-por-el-dia-de-la-memoria-la-verdad-y-la-justicia-fotos\/\"},\"wordCount\":102,\"publisher\":{\"@id\":\"https:\/\/www.celttv.com.ar\/#organization\"},\"articleSection\":[\"Celt TV Noticias\",\"Comunidad\",\"Destacadas\",\"Pol\u00edtica\"],\"inLanguage\":\"es\"},{\"@type\":\"WebPage\",\"@id\":\"https:\/\/www.celttv.com.ar\/index.php\/2019\/03\/25\/en-tornquist-se-realizo-el-acto-por-el-dia-de-la-memoria-la-verdad-y-la-justicia-fotos\/\",\"url\":\"https:\/\/www.celttv.com.ar\/index.php\/2019\/03\/25\/en-tornquist-se-realizo-el-acto-por-el-dia-de-la-memoria-la-verdad-y-la-justicia-fotos\/\",\"name\":\"EN TORNQUIST SE REALIZ\u00d3 EL ACTO POR EL D\u00cdA DE LA MEMORIA, LA VERDAD Y LA JUSTICIA (FOTOS) - CELTTV\",\"isPartOf\":{\"@id\":\"https:\/\/www.celttv.com.ar\/#website\"},\"datePublished\":\"2019-03-25T00:29:30+00:00\",\"dateModified\":\"2019-03-25T00:29:30+00:00\",\"description\":\"Sitio web de noticias de la localidad de Tornquist, provincia de Buenos Aires, Rep\u00fablica Argentina. Contenido propio originado por periodistas de CELTTV, el canal de TV local de la Cooperativa El\u00e9ctrica de Tornquist. Turismo, Pol\u00edtica, Sociedad, Deporte, Cultura y todo el contenido de inter\u00e9s general que la gente del pueblo y la regi\u00f3n debe conocer.\",\"breadcrumb\":{\"@id\":\"https:\/\/www.celttv.com.ar\/index.php\/2019\/03\/25\/en-tornquist-se-realizo-el-acto-por-el-dia-de-la-memoria-la-verdad-y-la-justicia-fotos\/#breadcrumb\"},\"inLanguage\":\"es\",\"potentialAction\":[{\"@type\":\"ReadAction\",\"target\":[\"https:\/\/www.celttv.com.ar\/index.php\/2019\/03\/25\/en-tornquist-se-realizo-el-acto-por-el-dia-de-la-memoria-la-verdad-y-la-justicia-fotos\/\"]}]},{\"@type\":\"BreadcrumbList\",\"@id\":\"https:\/\/www.celttv.com.ar\/index.php\/2019\/03\/25\/en-tornquist-se-realizo-el-acto-por-el-dia-de-la-memoria-la-verdad-y-la-justicia-fotos\/#breadcrumb\",\"itemListElement\":[{\"@type\":\"ListItem\",\"position\":1,\"name\":\"Inicio\",\"item\":\"https:\/\/www.celttv.com.ar\/\"},{\"@type\":\"ListItem\",\"position\":2,\"name\":\"EN TORNQUIST SE REALIZ\u00d3 EL ACTO POR EL D\u00cdA DE LA MEMORIA, LA VERDAD Y LA JUSTICIA (FOTOS)\"}]},{\"@type\":\"WebSite\",\"@id\":\"https:\/\/www.celttv.com.ar\/#website\",\"url\":\"https:\/\/www.celttv.com.ar\/\",\"name\":\"CELTTV\",\"description\":\"Cooperativa El\u00e9ctrica de Tornquist\",\"publisher\":{\"@id\":\"https:\/\/www.celttv.com.ar\/#organization\"},\"potentialAction\":[{\"@type\":\"SearchAction\",\"target\":{\"@type\":\"EntryPoint\",\"urlTemplate\":\"https:\/\/www.celttv.com.ar\/?s={search_term_string}\"},\"query-input\":\"required name=search_term_string\"}],\"inLanguage\":\"es\"},{\"@type\":\"Organization\",\"@id\":\"https:\/\/www.celttv.com.ar\/#organization\",\"name\":\"CELTTV\",\"url\":\"https:\/\/www.celttv.com.ar\/\",\"sameAs\":[\"https:\/\/www.youtube.com\/channel\/UCz_oIt8Hig64Ub-EmcNPIhg\",\"https:\/\/www.facebook.com\/celtTV\/\"],\"logo\":{\"@type\":\"ImageObject\",\"inLanguage\":\"es\",\"@id\":\"https:\/\/www.celttv.com.ar\/#\/schema\/logo\/image\/\",\"url\":\"http:\/\/www.celttv.com.ar\/wp-content\/uploads\/2022\/08\/logo-1.png\",\"contentUrl\":\"http:\/\/www.celttv.com.ar\/wp-content\/uploads\/2022\/08\/logo-1.png\",\"width\":461,\"height\":159,\"caption\":\"CELTTV\"},\"image\":{\"@id\":\"https:\/\/www.celttv.com.ar\/#\/schema\/logo\/image\/\"}},{\"@type\":\"Person\",\"@id\":\"https:\/\/www.celttv.com.ar\/#\/schema\/person\/6d99c072dba59953809c81446e9d0ace\",\"name\":\"ulises\",\"image\":{\"@type\":\"ImageObject\",\"inLanguage\":\"es\",\"@id\":\"https:\/\/www.celttv.com.ar\/#\/schema\/person\/image\/\",\"url\":\"https:\/\/secure.gravatar.com\/avatar\/7f2c48bdc33b30088f941fb6082e555f2874c98e20cb159d7b92b50eadfce793?s=96&d=mm&r=g\",\"contentUrl\":\"https:\/\/secure.gravatar.com\/avatar\/7f2c48bdc33b30088f941fb6082e555f2874c98e20cb159d7b92b50eadfce793?s=96&d=mm&r=g\",\"caption\":\"ulises\"},\"sameAs\":[\"http:\/\/www.celttv.com.ar\"]}]}<\/script>\n<!-- \/ Yoast SEO plugin. -->","yoast_head_json":{"title":"EN TORNQUIST SE REALIZ\u00d3 EL ACTO POR EL D\u00cdA DE LA MEMORIA, LA VERDAD Y LA JUSTICIA (FOTOS) - CELTTV","description":"Sitio web de noticias de la localidad de Tornquist, provincia de Buenos Aires, Rep\u00fablica Argentina. Contenido propio originado por periodistas de CELTTV, el canal de TV local de la Cooperativa El\u00e9ctrica de Tornquist. Turismo, Pol\u00edtica, Sociedad, Deporte, Cultura y todo el contenido de inter\u00e9s general que la gente del pueblo y la regi\u00f3n debe conocer.","robots":{"index":"index","follow":"follow","max-snippet":"max-snippet:-1","max-image-preview":"max-image-preview:large","max-video-preview":"max-video-preview:-1"},"canonical":"https:\/\/www.celttv.com.ar\/index.php\/2019\/03\/25\/en-tornquist-se-realizo-el-acto-por-el-dia-de-la-memoria-la-verdad-y-la-justicia-fotos\/","og_locale":"es_ES","og_type":"article","og_title":"EN TORNQUIST SE REALIZ\u00d3 EL ACTO POR EL D\u00cdA DE LA MEMORIA, LA VERDAD Y LA JUSTICIA (FOTOS) - CELTTV","og_description":"Sitio web de noticias de la localidad de Tornquist, provincia de Buenos Aires, Rep\u00fablica Argentina. Contenido propio originado por periodistas de CELTTV, el canal de TV local de la Cooperativa El\u00e9ctrica de Tornquist. Turismo, Pol\u00edtica, Sociedad, Deporte, Cultura y todo el contenido de inter\u00e9s general que la gente del pueblo y la regi\u00f3n debe conocer.","og_url":"https:\/\/www.celttv.com.ar\/index.php\/2019\/03\/25\/en-tornquist-se-realizo-el-acto-por-el-dia-de-la-memoria-la-verdad-y-la-justicia-fotos\/","og_site_name":"CELTTV","article_publisher":"https:\/\/www.facebook.com\/celtTV\/","article_published_time":"2019-03-25T00:29:30+00:00","og_image":[{"width":2048,"height":1536,"url":"https:\/\/www.celttv.com.ar\/wp-content\/uploads\/2019\/03\/20190324_193321.jpg","type":"image\/jpeg"}],"author":"ulises","twitter_card":"summary_large_image","twitter_misc":{"Escrito por":"ulises"},"schema":{"@context":"https:\/\/schema.org","@graph":[{"@type":"NewsArticle","@id":"https:\/\/www.celttv.com.ar\/index.php\/2019\/03\/25\/en-tornquist-se-realizo-el-acto-por-el-dia-de-la-memoria-la-verdad-y-la-justicia-fotos\/#article","isPartOf":{"@id":"https:\/\/www.celttv.com.ar\/index.php\/2019\/03\/25\/en-tornquist-se-realizo-el-acto-por-el-dia-de-la-memoria-la-verdad-y-la-justicia-fotos\/"},"author":{"name":"ulises","@id":"https:\/\/www.celttv.com.ar\/#\/schema\/person\/6d99c072dba59953809c81446e9d0ace"},"headline":"EN TORNQUIST SE REALIZ\u00d3 EL ACTO POR EL D\u00cdA DE LA MEMORIA, LA VERDAD Y LA JUSTICIA (FOTOS)","datePublished":"2019-03-25T00:29:30+00:00","dateModified":"2019-03-25T00:29:30+00:00","mainEntityOfPage":{"@id":"https:\/\/www.celttv.com.ar\/index.php\/2019\/03\/25\/en-tornquist-se-realizo-el-acto-por-el-dia-de-la-memoria-la-verdad-y-la-justicia-fotos\/"},"wordCount":102,"publisher":{"@id":"https:\/\/www.celttv.com.ar\/#organization"},"articleSection":["Celt TV Noticias","Comunidad","Destacadas","Pol\u00edtica"],"inLanguage":"es"},{"@type":"WebPage","@id":"https:\/\/www.celttv.com.ar\/index.php\/2019\/03\/25\/en-tornquist-se-realizo-el-acto-por-el-dia-de-la-memoria-la-verdad-y-la-justicia-fotos\/","url":"https:\/\/www.celttv.com.ar\/index.php\/2019\/03\/25\/en-tornquist-se-realizo-el-acto-por-el-dia-de-la-memoria-la-verdad-y-la-justicia-fotos\/","name":"EN TORNQUIST SE REALIZ\u00d3 EL ACTO POR EL D\u00cdA DE LA MEMORIA, LA VERDAD Y LA JUSTICIA (FOTOS) - CELTTV","isPartOf":{"@id":"https:\/\/www.celttv.com.ar\/#website"},"datePublished":"2019-03-25T00:29:30+00:00","dateModified":"2019-03-25T00:29:30+00:00","description":"Sitio web de noticias de la localidad de Tornquist, provincia de Buenos Aires, Rep\u00fablica Argentina. Contenido propio originado por periodistas de CELTTV, el canal de TV local de la Cooperativa El\u00e9ctrica de Tornquist. Turismo, Pol\u00edtica, Sociedad, Deporte, Cultura y todo el contenido de inter\u00e9s general que la gente del pueblo y la regi\u00f3n debe conocer.","breadcrumb":{"@id":"https:\/\/www.celttv.com.ar\/index.php\/2019\/03\/25\/en-tornquist-se-realizo-el-acto-por-el-dia-de-la-memoria-la-verdad-y-la-justicia-fotos\/#breadcrumb"},"inLanguage":"es","potentialAction":[{"@type":"ReadAction","target":["https:\/\/www.celttv.com.ar\/index.php\/2019\/03\/25\/en-tornquist-se-realizo-el-acto-por-el-dia-de-la-memoria-la-verdad-y-la-justicia-fotos\/"]}]},{"@type":"BreadcrumbList","@id":"https:\/\/www.celttv.com.ar\/index.php\/2019\/03\/25\/en-tornquist-se-realizo-el-acto-por-el-dia-de-la-memoria-la-verdad-y-la-justicia-fotos\/#breadcrumb","itemListElement":[{"@type":"ListItem","position":1,"name":"Inicio","item":"https:\/\/www.celttv.com.ar\/"},{"@type":"ListItem","position":2,"name":"EN TORNQUIST SE REALIZ\u00d3 EL ACTO POR EL D\u00cdA DE LA MEMORIA, LA VERDAD Y LA JUSTICIA (FOTOS)"}]},{"@type":"WebSite","@id":"https:\/\/www.celttv.com.ar\/#website","url":"https:\/\/www.celttv.com.ar\/","name":"CELTTV","description":"Cooperativa El\u00e9ctrica de Tornquist","publisher":{"@id":"https:\/\/www.celttv.com.ar\/#organization"},"potentialAction":[{"@type":"SearchAction","target":{"@type":"EntryPoint","urlTemplate":"https:\/\/www.celttv.com.ar\/?s={search_term_string}"},"query-input":"required name=search_term_string"}],"inLanguage":"es"},{"@type":"Organization","@id":"https:\/\/www.celttv.com.ar\/#organization","name":"CELTTV","url":"https:\/\/www.celttv.com.ar\/","sameAs":["https:\/\/www.youtube.com\/channel\/UCz_oIt8Hig64Ub-EmcNPIhg","https:\/\/www.facebook.com\/celtTV\/"],"logo":{"@type":"ImageObject","inLanguage":"es","@id":"https:\/\/www.celttv.com.ar\/#\/schema\/logo\/image\/","url":"http:\/\/www.celttv.com.ar\/wp-content\/uploads\/2022\/08\/logo-1.png","contentUrl":"http:\/\/www.celttv.com.ar\/wp-content\/uploads\/2022\/08\/logo-1.png","width":461,"height":159,"caption":"CELTTV"},"image":{"@id":"https:\/\/www.celttv.com.ar\/#\/schema\/logo\/image\/"}},{"@type":"Person","@id":"https:\/\/www.celttv.com.ar\/#\/schema\/person\/6d99c072dba59953809c81446e9d0ace","name":"ulises","image":{"@type":"ImageObject","inLanguage":"es","@id":"https:\/\/www.celttv.com.ar\/#\/schema\/person\/image\/","url":"https:\/\/secure.gravatar.com\/avatar\/7f2c48bdc33b30088f941fb6082e555f2874c98e20cb159d7b92b50eadfce793?s=96&d=mm&r=g","contentUrl":"https:\/\/secure.gravatar.com\/avatar\/7f2c48bdc33b30088f941fb6082e555f2874c98e20cb159d7b92b50eadfce793?s=96&d=mm&r=g","caption":"ulises"},"sameAs":["http:\/\/www.celttv.com.ar"]}]}},"_links":{"self":[{"href":"https:\/\/www.celttv.com.ar\/index.php\/wp-json\/wp\/v2\/posts\/40520","targetHints":{"allow":["GET"]}}],"collection":[{"href":"https:\/\/www.celttv.com.ar\/index.php\/wp-json\/wp\/v2\/posts"}],"about":[{"href":"https:\/\/www.celttv.com.ar\/index.php\/wp-json\/wp\/v2\/types\/post"}],"author":[{"embeddable":true,"href":"https:\/\/www.celttv.com.ar\/index.php\/wp-json\/wp\/v2\/users\/1"}],"replies":[{"embeddable":true,"href":"https:\/\/www.celttv.com.ar\/index.php\/wp-json\/wp\/v2\/comments?post=40520"}],"version-history":[{"count":0,"href":"https:\/\/www.celttv.com.ar\/index.php\/wp-json\/wp\/v2\/posts\/40520\/revisions"}],"wp:featuredmedia":[{"embeddable":true,"href":"https:\/\/www.celttv.com.ar\/index.php\/wp-json\/wp\/v2\/media\/40528"}],"wp:attachment":[{"href":"https:\/\/www.celttv.com.ar\/index.php\/wp-json\/wp\/v2\/media?parent=40520"}],"wp:term":[{"taxonomy":"category","embeddable":true,"href":"https:\/\/www.celttv.com.ar\/index.php\/wp-json\/wp\/v2\/categories?post=40520"},{"taxonomy":"post_tag","embeddable":true,"href":"https:\/\/www.celttv.com.ar\/index.php\/wp-json\/wp\/v2\/tags?post=40520"}],"curies":[{"name":"wp","href":"https:\/\/api.w.org\/{rel}","templated":true}]}}