{"id":40532,"date":"2019-03-25T01:02:12","date_gmt":"2019-03-25T01:02:12","guid":{"rendered":"http:\/\/www.celttv.com.ar\/?p=40532"},"modified":"2019-03-25T01:02:12","modified_gmt":"2019-03-25T01:02:12","slug":"estadistica-de-lo-que-dejo-la-3o-fecha-del-campeonato-de-la-liga-de-coronel-suarez","status":"publish","type":"post","link":"https:\/\/www.celttv.com.ar\/index.php\/2019\/03\/25\/estadistica-de-lo-que-dejo-la-3o-fecha-del-campeonato-de-la-liga-de-coronel-suarez\/","title":{"rendered":"ESTAD\u00cdSTICA DE LO QUE DEJ\u00d3 LA 3\u00ba FECHA DEL CAMPEONATO DE LA LIGA DE CORONEL SU\u00c1REZ"},"content":{"rendered":"<p><strong>Automoto sigue firme arriba de la zona B<\/strong><\/p>\n<p>Automoto dio vuelta el partido en Guamin\u00ed, super\u00f3 a Empleados de Comercio por 2 a 1 y se mantuvo en lo m\u00e1s alto de la Zona &#8220;B&#8221; del torneo suarense.<br \/>\nLos goles del Rojo fueron marcados por Nicol\u00e1s Mill\u00e1n y Agust\u00edn Franco (foto), ambos en el segundo tiempo.<br \/>\nEl local se hab\u00eda puesto en ventaja en el per\u00edodo inicial, gracias a un disparo desde el punto del penal.<br \/>\nEn Reserva, Automoto cay\u00f3 por 2 a 1. Lautaro Alchao marc\u00f3 la \u00fanica conquista.<\/p>\n<p><strong>Cuarta fecha (Interzonales)<\/strong>: Pe\u00f1arol (Guamin\u00ed) vs. Empleados de Comercio; Racing Club vs. San Mart\u00edn (C); Puan F. Club vs. Tiro Federal (Puan); Uni\u00f3n Pig\u00fc\u00e9 vs. Deportivo Argentino;\u00a0<strong>Uni\u00f3n (Tornquist) vs. Automoto<\/strong>; Pe\u00f1arol (Pig\u00fc\u00e9) vs. Club Sarmiento; El Progreso vs. Independiente; Blanco y Negro vs. Deportivo Sarmiento; San Mart\u00edn (ST) vs. Boca Juniors y Tiro Federal (CS) vs. Atl\u00e9tico Huanguel\u00e9n.<\/p>\n<p><strong>FUENTE EDUARDO LUONGO, CLAUDIO MEIER Y CLUB AUTOMOTO.<\/strong><\/p>\n<p><a href=\"http:\/\/www.celttv.com.ar\/?attachment_id=40534\" rel=\"attachment wp-att-40534\"><img loading=\"lazy\" decoding=\"async\" class=\"alignleft size-full wp-image-40534\" src=\"http:\/\/www.celttv.com.ar\/wp-content\/uploads\/2019\/03\/54729625_2111949688854467_227351890495537152_n.jpg\" alt=\"\" width=\"960\" height=\"720\" srcset=\"https:\/\/www.celttv.com.ar\/wp-content\/uploads\/2019\/03\/54729625_2111949688854467_227351890495537152_n.jpg 960w, https:\/\/www.celttv.com.ar\/wp-content\/uploads\/2019\/03\/54729625_2111949688854467_227351890495537152_n-300x225.jpg 300w, https:\/\/www.celttv.com.ar\/wp-content\/uploads\/2019\/03\/54729625_2111949688854467_227351890495537152_n-768x576.jpg 768w, https:\/\/www.celttv.com.ar\/wp-content\/uploads\/2019\/03\/54729625_2111949688854467_227351890495537152_n-750x563.jpg 750w\" sizes=\"auto, (max-width: 960px) 100vw, 960px\" \/><\/a> <a href=\"http:\/\/www.celttv.com.ar\/?attachment_id=40535\" rel=\"attachment wp-att-40535\"><img loading=\"lazy\" decoding=\"async\" class=\"alignleft size-full wp-image-40535\" src=\"http:\/\/www.celttv.com.ar\/wp-content\/uploads\/2019\/03\/54727577_2111983612184408_6035536851794657280_n.jpg\" alt=\"\" width=\"960\" height=\"720\" srcset=\"https:\/\/www.celttv.com.ar\/wp-content\/uploads\/2019\/03\/54727577_2111983612184408_6035536851794657280_n.jpg 960w, https:\/\/www.celttv.com.ar\/wp-content\/uploads\/2019\/03\/54727577_2111983612184408_6035536851794657280_n-300x225.jpg 300w, https:\/\/www.celttv.com.ar\/wp-content\/uploads\/2019\/03\/54727577_2111983612184408_6035536851794657280_n-768x576.jpg 768w, https:\/\/www.celttv.com.ar\/wp-content\/uploads\/2019\/03\/54727577_2111983612184408_6035536851794657280_n-750x563.jpg 750w\" sizes=\"auto, (max-width: 960px) 100vw, 960px\" \/><\/a> <a href=\"http:\/\/www.celttv.com.ar\/?attachment_id=40533\" rel=\"attachment wp-att-40533\"><img loading=\"lazy\" decoding=\"async\" class=\"alignleft size-full wp-image-40533\" src=\"http:\/\/www.celttv.com.ar\/wp-content\/uploads\/2019\/03\/54520402_2111962005519902_4281528656863428608_n.jpg\" alt=\"\" width=\"960\" height=\"720\" srcset=\"https:\/\/www.celttv.com.ar\/wp-content\/uploads\/2019\/03\/54520402_2111962005519902_4281528656863428608_n.jpg 960w, https:\/\/www.celttv.com.ar\/wp-content\/uploads\/2019\/03\/54520402_2111962005519902_4281528656863428608_n-300x225.jpg 300w, https:\/\/www.celttv.com.ar\/wp-content\/uploads\/2019\/03\/54520402_2111962005519902_4281528656863428608_n-768x576.jpg 768w, https:\/\/www.celttv.com.ar\/wp-content\/uploads\/2019\/03\/54520402_2111962005519902_4281528656863428608_n-750x563.jpg 750w\" sizes=\"auto, (max-width: 960px) 100vw, 960px\" \/><\/a> <a href=\"http:\/\/www.celttv.com.ar\/?attachment_id=40536\" rel=\"attachment wp-att-40536\"><img loading=\"lazy\" decoding=\"async\" class=\"alignleft size-full wp-image-40536\" src=\"http:\/\/www.celttv.com.ar\/wp-content\/uploads\/2019\/03\/55644660_2111991685516934_3439415595957747712_n.jpg\" alt=\"\" width=\"960\" height=\"720\" srcset=\"https:\/\/www.celttv.com.ar\/wp-content\/uploads\/2019\/03\/55644660_2111991685516934_3439415595957747712_n.jpg 960w, https:\/\/www.celttv.com.ar\/wp-content\/uploads\/2019\/03\/55644660_2111991685516934_3439415595957747712_n-300x225.jpg 300w, https:\/\/www.celttv.com.ar\/wp-content\/uploads\/2019\/03\/55644660_2111991685516934_3439415595957747712_n-768x576.jpg 768w, https:\/\/www.celttv.com.ar\/wp-content\/uploads\/2019\/03\/55644660_2111991685516934_3439415595957747712_n-750x563.jpg 750w\" sizes=\"auto, (max-width: 960px) 100vw, 960px\" \/><\/a><\/p>\n<p>&nbsp;<\/p>\n<p>&nbsp;<\/p>\n<p>&nbsp;<\/p>\n<p>&nbsp;<\/p>\n<p>&nbsp;<\/p>\n<p>&nbsp;<\/p>\n<p>&nbsp;<\/p>\n<p>&nbsp;<\/p>\n<p>&nbsp;<\/p>\n<p>&nbsp;<\/p>\n<p>&nbsp;<\/p>\n","protected":false},"excerpt":{"rendered":"<p>Automoto sigue firme arriba de la zona B Automoto dio vuelta el partido en Guamin\u00ed, super\u00f3 a Empleados de Comercio por 2 a 1 y se mantuvo en lo m\u00e1s alto de la Zona &#8220;B&#8221; del torneo suarense. Los goles del Rojo fueron marcados por Nicol\u00e1s Mill\u00e1n y Agust\u00edn Franco (foto), ambos en el segundo [&hellip;]<\/p>\n","protected":false},"author":1,"featured_media":40539,"comment_status":"closed","ping_status":"open","sticky":false,"template":"","format":"standard","meta":{"footnotes":""},"categories":[55,60,52,63],"tags":[],"class_list":["post-40532","post","type-post","status-publish","format-standard","has-post-thumbnail","hentry","category-celt-tv-noticias","category-deporte","category-destacadas","category-magazine-sport"],"yoast_head":"<!-- This site is optimized with the Yoast SEO plugin v19.7.1 - https:\/\/yoast.com\/wordpress\/plugins\/seo\/ -->\n<title>ESTAD\u00cdSTICA DE LO QUE DEJ\u00d3 LA 3\u00ba FECHA DEL CAMPEONATO DE LA LIGA DE CORONEL SU\u00c1REZ - CELTTV<\/title>\n<meta name=\"description\" content=\"Sitio web de noticias de la localidad de Tornquist, provincia de Buenos Aires, Rep\u00fablica Argentina. Contenido propio originado por periodistas de CELTTV, el canal de TV local de la Cooperativa El\u00e9ctrica de Tornquist. Turismo, Pol\u00edtica, Sociedad, Deporte, Cultura y todo el contenido de inter\u00e9s general que la gente del pueblo y la regi\u00f3n debe conocer.\" \/>\n<meta name=\"robots\" content=\"index, follow, max-snippet:-1, max-image-preview:large, max-video-preview:-1\" \/>\n<link rel=\"canonical\" href=\"https:\/\/www.celttv.com.ar\/index.php\/2019\/03\/25\/estadistica-de-lo-que-dejo-la-3o-fecha-del-campeonato-de-la-liga-de-coronel-suarez\/\" \/>\n<meta property=\"og:locale\" content=\"es_ES\" \/>\n<meta property=\"og:type\" content=\"article\" \/>\n<meta property=\"og:title\" content=\"ESTAD\u00cdSTICA DE LO QUE DEJ\u00d3 LA 3\u00ba FECHA DEL CAMPEONATO DE LA LIGA DE CORONEL SU\u00c1REZ - CELTTV\" \/>\n<meta property=\"og:description\" content=\"Sitio web de noticias de la localidad de Tornquist, provincia de Buenos Aires, Rep\u00fablica Argentina. Contenido propio originado por periodistas de CELTTV, el canal de TV local de la Cooperativa El\u00e9ctrica de Tornquist. Turismo, Pol\u00edtica, Sociedad, Deporte, Cultura y todo el contenido de inter\u00e9s general que la gente del pueblo y la regi\u00f3n debe conocer.\" \/>\n<meta property=\"og:url\" content=\"https:\/\/www.celttv.com.ar\/index.php\/2019\/03\/25\/estadistica-de-lo-que-dejo-la-3o-fecha-del-campeonato-de-la-liga-de-coronel-suarez\/\" \/>\n<meta property=\"og:site_name\" content=\"CELTTV\" \/>\n<meta property=\"article:publisher\" content=\"https:\/\/www.facebook.com\/celtTV\/\" \/>\n<meta property=\"article:published_time\" content=\"2019-03-25T01:02:12+00:00\" \/>\n<meta property=\"og:image\" content=\"https:\/\/www.celttv.com.ar\/wp-content\/uploads\/2019\/03\/55807309_2324077687612224_893114917077385216_n.jpg\" \/>\n\t<meta property=\"og:image:width\" content=\"960\" \/>\n\t<meta property=\"og:image:height\" content=\"782\" \/>\n\t<meta property=\"og:image:type\" content=\"image\/jpeg\" \/>\n<meta name=\"author\" content=\"ulises\" \/>\n<meta name=\"twitter:card\" content=\"summary_large_image\" \/>\n<meta name=\"twitter:label1\" content=\"Escrito por\" \/>\n\t<meta name=\"twitter:data1\" content=\"ulises\" \/>\n\t<meta name=\"twitter:label2\" content=\"Tiempo de lectura\" \/>\n\t<meta name=\"twitter:data2\" content=\"1 minuto\" \/>\n<script type=\"application\/ld+json\" class=\"yoast-schema-graph\">{\"@context\":\"https:\/\/schema.org\",\"@graph\":[{\"@type\":\"NewsArticle\",\"@id\":\"https:\/\/www.celttv.com.ar\/index.php\/2019\/03\/25\/estadistica-de-lo-que-dejo-la-3o-fecha-del-campeonato-de-la-liga-de-coronel-suarez\/#article\",\"isPartOf\":{\"@id\":\"https:\/\/www.celttv.com.ar\/index.php\/2019\/03\/25\/estadistica-de-lo-que-dejo-la-3o-fecha-del-campeonato-de-la-liga-de-coronel-suarez\/\"},\"author\":{\"name\":\"ulises\",\"@id\":\"https:\/\/www.celttv.com.ar\/#\/schema\/person\/6d99c072dba59953809c81446e9d0ace\"},\"headline\":\"ESTAD\u00cdSTICA DE LO QUE DEJ\u00d3 LA 3\u00ba FECHA DEL CAMPEONATO DE LA LIGA DE CORONEL SU\u00c1REZ\",\"datePublished\":\"2019-03-25T01:02:12+00:00\",\"dateModified\":\"2019-03-25T01:02:12+00:00\",\"mainEntityOfPage\":{\"@id\":\"https:\/\/www.celttv.com.ar\/index.php\/2019\/03\/25\/estadistica-de-lo-que-dejo-la-3o-fecha-del-campeonato-de-la-liga-de-coronel-suarez\/\"},\"wordCount\":195,\"publisher\":{\"@id\":\"https:\/\/www.celttv.com.ar\/#organization\"},\"articleSection\":[\"Celt TV Noticias\",\"Deporte\",\"Destacadas\",\"Magazine Sport\"],\"inLanguage\":\"es\"},{\"@type\":\"WebPage\",\"@id\":\"https:\/\/www.celttv.com.ar\/index.php\/2019\/03\/25\/estadistica-de-lo-que-dejo-la-3o-fecha-del-campeonato-de-la-liga-de-coronel-suarez\/\",\"url\":\"https:\/\/www.celttv.com.ar\/index.php\/2019\/03\/25\/estadistica-de-lo-que-dejo-la-3o-fecha-del-campeonato-de-la-liga-de-coronel-suarez\/\",\"name\":\"ESTAD\u00cdSTICA DE LO QUE DEJ\u00d3 LA 3\u00ba FECHA DEL CAMPEONATO DE LA LIGA DE CORONEL SU\u00c1REZ - CELTTV\",\"isPartOf\":{\"@id\":\"https:\/\/www.celttv.com.ar\/#website\"},\"datePublished\":\"2019-03-25T01:02:12+00:00\",\"dateModified\":\"2019-03-25T01:02:12+00:00\",\"description\":\"Sitio web de noticias de la localidad de Tornquist, provincia de Buenos Aires, Rep\u00fablica Argentina. Contenido propio originado por periodistas de CELTTV, el canal de TV local de la Cooperativa El\u00e9ctrica de Tornquist. Turismo, Pol\u00edtica, Sociedad, Deporte, Cultura y todo el contenido de inter\u00e9s general que la gente del pueblo y la regi\u00f3n debe conocer.\",\"breadcrumb\":{\"@id\":\"https:\/\/www.celttv.com.ar\/index.php\/2019\/03\/25\/estadistica-de-lo-que-dejo-la-3o-fecha-del-campeonato-de-la-liga-de-coronel-suarez\/#breadcrumb\"},\"inLanguage\":\"es\",\"potentialAction\":[{\"@type\":\"ReadAction\",\"target\":[\"https:\/\/www.celttv.com.ar\/index.php\/2019\/03\/25\/estadistica-de-lo-que-dejo-la-3o-fecha-del-campeonato-de-la-liga-de-coronel-suarez\/\"]}]},{\"@type\":\"BreadcrumbList\",\"@id\":\"https:\/\/www.celttv.com.ar\/index.php\/2019\/03\/25\/estadistica-de-lo-que-dejo-la-3o-fecha-del-campeonato-de-la-liga-de-coronel-suarez\/#breadcrumb\",\"itemListElement\":[{\"@type\":\"ListItem\",\"position\":1,\"name\":\"Inicio\",\"item\":\"https:\/\/www.celttv.com.ar\/\"},{\"@type\":\"ListItem\",\"position\":2,\"name\":\"ESTAD\u00cdSTICA DE LO QUE DEJ\u00d3 LA 3\u00ba FECHA DEL CAMPEONATO DE LA LIGA DE CORONEL SU\u00c1REZ\"}]},{\"@type\":\"WebSite\",\"@id\":\"https:\/\/www.celttv.com.ar\/#website\",\"url\":\"https:\/\/www.celttv.com.ar\/\",\"name\":\"CELTTV\",\"description\":\"Cooperativa El\u00e9ctrica de Tornquist\",\"publisher\":{\"@id\":\"https:\/\/www.celttv.com.ar\/#organization\"},\"potentialAction\":[{\"@type\":\"SearchAction\",\"target\":{\"@type\":\"EntryPoint\",\"urlTemplate\":\"https:\/\/www.celttv.com.ar\/?s={search_term_string}\"},\"query-input\":\"required name=search_term_string\"}],\"inLanguage\":\"es\"},{\"@type\":\"Organization\",\"@id\":\"https:\/\/www.celttv.com.ar\/#organization\",\"name\":\"CELTTV\",\"url\":\"https:\/\/www.celttv.com.ar\/\",\"sameAs\":[\"https:\/\/www.youtube.com\/channel\/UCz_oIt8Hig64Ub-EmcNPIhg\",\"https:\/\/www.facebook.com\/celtTV\/\"],\"logo\":{\"@type\":\"ImageObject\",\"inLanguage\":\"es\",\"@id\":\"https:\/\/www.celttv.com.ar\/#\/schema\/logo\/image\/\",\"url\":\"http:\/\/www.celttv.com.ar\/wp-content\/uploads\/2022\/08\/logo-1.png\",\"contentUrl\":\"http:\/\/www.celttv.com.ar\/wp-content\/uploads\/2022\/08\/logo-1.png\",\"width\":461,\"height\":159,\"caption\":\"CELTTV\"},\"image\":{\"@id\":\"https:\/\/www.celttv.com.ar\/#\/schema\/logo\/image\/\"}},{\"@type\":\"Person\",\"@id\":\"https:\/\/www.celttv.com.ar\/#\/schema\/person\/6d99c072dba59953809c81446e9d0ace\",\"name\":\"ulises\",\"image\":{\"@type\":\"ImageObject\",\"inLanguage\":\"es\",\"@id\":\"https:\/\/www.celttv.com.ar\/#\/schema\/person\/image\/\",\"url\":\"https:\/\/secure.gravatar.com\/avatar\/7f2c48bdc33b30088f941fb6082e555f2874c98e20cb159d7b92b50eadfce793?s=96&d=mm&r=g\",\"contentUrl\":\"https:\/\/secure.gravatar.com\/avatar\/7f2c48bdc33b30088f941fb6082e555f2874c98e20cb159d7b92b50eadfce793?s=96&d=mm&r=g\",\"caption\":\"ulises\"},\"sameAs\":[\"http:\/\/www.celttv.com.ar\"]}]}<\/script>\n<!-- \/ Yoast SEO plugin. -->","yoast_head_json":{"title":"ESTAD\u00cdSTICA DE LO QUE DEJ\u00d3 LA 3\u00ba FECHA DEL CAMPEONATO DE LA LIGA DE CORONEL SU\u00c1REZ - CELTTV","description":"Sitio web de noticias de la localidad de Tornquist, provincia de Buenos Aires, Rep\u00fablica Argentina. Contenido propio originado por periodistas de CELTTV, el canal de TV local de la Cooperativa El\u00e9ctrica de Tornquist. Turismo, Pol\u00edtica, Sociedad, Deporte, Cultura y todo el contenido de inter\u00e9s general que la gente del pueblo y la regi\u00f3n debe conocer.","robots":{"index":"index","follow":"follow","max-snippet":"max-snippet:-1","max-image-preview":"max-image-preview:large","max-video-preview":"max-video-preview:-1"},"canonical":"https:\/\/www.celttv.com.ar\/index.php\/2019\/03\/25\/estadistica-de-lo-que-dejo-la-3o-fecha-del-campeonato-de-la-liga-de-coronel-suarez\/","og_locale":"es_ES","og_type":"article","og_title":"ESTAD\u00cdSTICA DE LO QUE DEJ\u00d3 LA 3\u00ba FECHA DEL CAMPEONATO DE LA LIGA DE CORONEL SU\u00c1REZ - CELTTV","og_description":"Sitio web de noticias de la localidad de Tornquist, provincia de Buenos Aires, Rep\u00fablica Argentina. Contenido propio originado por periodistas de CELTTV, el canal de TV local de la Cooperativa El\u00e9ctrica de Tornquist. Turismo, Pol\u00edtica, Sociedad, Deporte, Cultura y todo el contenido de inter\u00e9s general que la gente del pueblo y la regi\u00f3n debe conocer.","og_url":"https:\/\/www.celttv.com.ar\/index.php\/2019\/03\/25\/estadistica-de-lo-que-dejo-la-3o-fecha-del-campeonato-de-la-liga-de-coronel-suarez\/","og_site_name":"CELTTV","article_publisher":"https:\/\/www.facebook.com\/celtTV\/","article_published_time":"2019-03-25T01:02:12+00:00","og_image":[{"width":960,"height":782,"url":"https:\/\/www.celttv.com.ar\/wp-content\/uploads\/2019\/03\/55807309_2324077687612224_893114917077385216_n.jpg","type":"image\/jpeg"}],"author":"ulises","twitter_card":"summary_large_image","twitter_misc":{"Escrito por":"ulises","Tiempo de lectura":"1 minuto"},"schema":{"@context":"https:\/\/schema.org","@graph":[{"@type":"NewsArticle","@id":"https:\/\/www.celttv.com.ar\/index.php\/2019\/03\/25\/estadistica-de-lo-que-dejo-la-3o-fecha-del-campeonato-de-la-liga-de-coronel-suarez\/#article","isPartOf":{"@id":"https:\/\/www.celttv.com.ar\/index.php\/2019\/03\/25\/estadistica-de-lo-que-dejo-la-3o-fecha-del-campeonato-de-la-liga-de-coronel-suarez\/"},"author":{"name":"ulises","@id":"https:\/\/www.celttv.com.ar\/#\/schema\/person\/6d99c072dba59953809c81446e9d0ace"},"headline":"ESTAD\u00cdSTICA DE LO QUE DEJ\u00d3 LA 3\u00ba FECHA DEL CAMPEONATO DE LA LIGA DE CORONEL SU\u00c1REZ","datePublished":"2019-03-25T01:02:12+00:00","dateModified":"2019-03-25T01:02:12+00:00","mainEntityOfPage":{"@id":"https:\/\/www.celttv.com.ar\/index.php\/2019\/03\/25\/estadistica-de-lo-que-dejo-la-3o-fecha-del-campeonato-de-la-liga-de-coronel-suarez\/"},"wordCount":195,"publisher":{"@id":"https:\/\/www.celttv.com.ar\/#organization"},"articleSection":["Celt TV Noticias","Deporte","Destacadas","Magazine Sport"],"inLanguage":"es"},{"@type":"WebPage","@id":"https:\/\/www.celttv.com.ar\/index.php\/2019\/03\/25\/estadistica-de-lo-que-dejo-la-3o-fecha-del-campeonato-de-la-liga-de-coronel-suarez\/","url":"https:\/\/www.celttv.com.ar\/index.php\/2019\/03\/25\/estadistica-de-lo-que-dejo-la-3o-fecha-del-campeonato-de-la-liga-de-coronel-suarez\/","name":"ESTAD\u00cdSTICA DE LO QUE DEJ\u00d3 LA 3\u00ba FECHA DEL CAMPEONATO DE LA LIGA DE CORONEL SU\u00c1REZ - CELTTV","isPartOf":{"@id":"https:\/\/www.celttv.com.ar\/#website"},"datePublished":"2019-03-25T01:02:12+00:00","dateModified":"2019-03-25T01:02:12+00:00","description":"Sitio web de noticias de la localidad de Tornquist, provincia de Buenos Aires, Rep\u00fablica Argentina. Contenido propio originado por periodistas de CELTTV, el canal de TV local de la Cooperativa El\u00e9ctrica de Tornquist. Turismo, Pol\u00edtica, Sociedad, Deporte, Cultura y todo el contenido de inter\u00e9s general que la gente del pueblo y la regi\u00f3n debe conocer.","breadcrumb":{"@id":"https:\/\/www.celttv.com.ar\/index.php\/2019\/03\/25\/estadistica-de-lo-que-dejo-la-3o-fecha-del-campeonato-de-la-liga-de-coronel-suarez\/#breadcrumb"},"inLanguage":"es","potentialAction":[{"@type":"ReadAction","target":["https:\/\/www.celttv.com.ar\/index.php\/2019\/03\/25\/estadistica-de-lo-que-dejo-la-3o-fecha-del-campeonato-de-la-liga-de-coronel-suarez\/"]}]},{"@type":"BreadcrumbList","@id":"https:\/\/www.celttv.com.ar\/index.php\/2019\/03\/25\/estadistica-de-lo-que-dejo-la-3o-fecha-del-campeonato-de-la-liga-de-coronel-suarez\/#breadcrumb","itemListElement":[{"@type":"ListItem","position":1,"name":"Inicio","item":"https:\/\/www.celttv.com.ar\/"},{"@type":"ListItem","position":2,"name":"ESTAD\u00cdSTICA DE LO QUE DEJ\u00d3 LA 3\u00ba FECHA DEL CAMPEONATO DE LA LIGA DE CORONEL SU\u00c1REZ"}]},{"@type":"WebSite","@id":"https:\/\/www.celttv.com.ar\/#website","url":"https:\/\/www.celttv.com.ar\/","name":"CELTTV","description":"Cooperativa El\u00e9ctrica de Tornquist","publisher":{"@id":"https:\/\/www.celttv.com.ar\/#organization"},"potentialAction":[{"@type":"SearchAction","target":{"@type":"EntryPoint","urlTemplate":"https:\/\/www.celttv.com.ar\/?s={search_term_string}"},"query-input":"required name=search_term_string"}],"inLanguage":"es"},{"@type":"Organization","@id":"https:\/\/www.celttv.com.ar\/#organization","name":"CELTTV","url":"https:\/\/www.celttv.com.ar\/","sameAs":["https:\/\/www.youtube.com\/channel\/UCz_oIt8Hig64Ub-EmcNPIhg","https:\/\/www.facebook.com\/celtTV\/"],"logo":{"@type":"ImageObject","inLanguage":"es","@id":"https:\/\/www.celttv.com.ar\/#\/schema\/logo\/image\/","url":"http:\/\/www.celttv.com.ar\/wp-content\/uploads\/2022\/08\/logo-1.png","contentUrl":"http:\/\/www.celttv.com.ar\/wp-content\/uploads\/2022\/08\/logo-1.png","width":461,"height":159,"caption":"CELTTV"},"image":{"@id":"https:\/\/www.celttv.com.ar\/#\/schema\/logo\/image\/"}},{"@type":"Person","@id":"https:\/\/www.celttv.com.ar\/#\/schema\/person\/6d99c072dba59953809c81446e9d0ace","name":"ulises","image":{"@type":"ImageObject","inLanguage":"es","@id":"https:\/\/www.celttv.com.ar\/#\/schema\/person\/image\/","url":"https:\/\/secure.gravatar.com\/avatar\/7f2c48bdc33b30088f941fb6082e555f2874c98e20cb159d7b92b50eadfce793?s=96&d=mm&r=g","contentUrl":"https:\/\/secure.gravatar.com\/avatar\/7f2c48bdc33b30088f941fb6082e555f2874c98e20cb159d7b92b50eadfce793?s=96&d=mm&r=g","caption":"ulises"},"sameAs":["http:\/\/www.celttv.com.ar"]}]}},"_links":{"self":[{"href":"https:\/\/www.celttv.com.ar\/index.php\/wp-json\/wp\/v2\/posts\/40532","targetHints":{"allow":["GET"]}}],"collection":[{"href":"https:\/\/www.celttv.com.ar\/index.php\/wp-json\/wp\/v2\/posts"}],"about":[{"href":"https:\/\/www.celttv.com.ar\/index.php\/wp-json\/wp\/v2\/types\/post"}],"author":[{"embeddable":true,"href":"https:\/\/www.celttv.com.ar\/index.php\/wp-json\/wp\/v2\/users\/1"}],"replies":[{"embeddable":true,"href":"https:\/\/www.celttv.com.ar\/index.php\/wp-json\/wp\/v2\/comments?post=40532"}],"version-history":[{"count":0,"href":"https:\/\/www.celttv.com.ar\/index.php\/wp-json\/wp\/v2\/posts\/40532\/revisions"}],"wp:featuredmedia":[{"embeddable":true,"href":"https:\/\/www.celttv.com.ar\/index.php\/wp-json\/wp\/v2\/media\/40539"}],"wp:attachment":[{"href":"https:\/\/www.celttv.com.ar\/index.php\/wp-json\/wp\/v2\/media?parent=40532"}],"wp:term":[{"taxonomy":"category","embeddable":true,"href":"https:\/\/www.celttv.com.ar\/index.php\/wp-json\/wp\/v2\/categories?post=40532"},{"taxonomy":"post_tag","embeddable":true,"href":"https:\/\/www.celttv.com.ar\/index.php\/wp-json\/wp\/v2\/tags?post=40532"}],"curies":[{"name":"wp","href":"https:\/\/api.w.org\/{rel}","templated":true}]}}