{"id":40576,"date":"2019-03-25T15:25:20","date_gmt":"2019-03-25T15:25:20","guid":{"rendered":"http:\/\/www.celttv.com.ar\/?p=40576"},"modified":"2019-03-25T15:25:20","modified_gmt":"2019-03-25T15:25:20","slug":"dra-virginia-loffredo-estado-de-salud-de-la-nina-que-contrajo-el-suh-y-medidas-de-prevencion-video-entrevista","status":"publish","type":"post","link":"https:\/\/www.celttv.com.ar\/index.php\/2019\/03\/25\/dra-virginia-loffredo-estado-de-salud-de-la-nina-que-contrajo-el-suh-y-medidas-de-prevencion-video-entrevista\/","title":{"rendered":"DRA. VIRGINIA LOFFREDO: ESTADO DE SALUD DE LA NI\u00d1A QUE CONTRAJO SUH Y MEDIDAS DE PREVENCI\u00d3N (VIDEO ENTREVISTA)"},"content":{"rendered":"<p>La doctora Virginia Loffredo, pediatra del Hospital Municipal de Tornquist, confirm\u00f3 un caso de s\u00edndrome ur\u00e9mico hemol\u00edtico en nuestra ciudad.<\/p>\n<p>Se trata de una ni\u00f1a de 7 a\u00f1os de edad que habr\u00eda adquirido la bacteria posiblemente en un evento privado al que asisti\u00f3 fuera de nuestro Distrito.<\/p>\n<p>En estos momentos la ni\u00f1a se encuentra internada en el hospital Penna, en tratamiento y con buena evoluci\u00f3n.<\/p>\n<div class=\"jeg_video_container jeg_video_content\"><iframe loading=\"lazy\" title=\"2019 03 25 NOTA A VIRGINIA LOFFREDO SUH\" width=\"500\" height=\"281\" src=\"https:\/\/www.youtube.com\/embed\/cUbHUK9xVNI?feature=oembed\" frameborder=\"0\" allow=\"accelerometer; autoplay; clipboard-write; encrypted-media; gyroscope; picture-in-picture; web-share\" referrerpolicy=\"strict-origin-when-cross-origin\" allowfullscreen><\/iframe><\/div>\n","protected":false},"excerpt":{"rendered":"<p>La doctora Virginia Loffredo, pediatra del Hospital Municipal de Tornquist, confirm\u00f3 un caso de s\u00edndrome ur\u00e9mico hemol\u00edtico en nuestra ciudad. Se trata de una ni\u00f1a de 7 a\u00f1os de edad que habr\u00eda adquirido la bacteria posiblemente en un evento privado al que asisti\u00f3 fuera de nuestro Distrito. En estos momentos la ni\u00f1a se encuentra internada [&hellip;]<\/p>\n","protected":false},"author":1,"featured_media":40577,"comment_status":"closed","ping_status":"open","sticky":false,"template":"","format":"standard","meta":{"footnotes":""},"categories":[52],"tags":[],"class_list":["post-40576","post","type-post","status-publish","format-standard","has-post-thumbnail","hentry","category-destacadas"],"yoast_head":"<!-- This site is optimized with the Yoast SEO plugin v19.7.1 - https:\/\/yoast.com\/wordpress\/plugins\/seo\/ -->\n<title>DRA. VIRGINIA LOFFREDO: ESTADO DE SALUD DE LA NI\u00d1A QUE CONTRAJO SUH Y MEDIDAS DE PREVENCI\u00d3N (VIDEO ENTREVISTA) - CELTTV<\/title>\n<meta name=\"description\" content=\"Sitio web de noticias de la localidad de Tornquist, provincia de Buenos Aires, Rep\u00fablica Argentina. Contenido propio originado por periodistas de CELTTV, el canal de TV local de la Cooperativa El\u00e9ctrica de Tornquist. Turismo, Pol\u00edtica, Sociedad, Deporte, Cultura y todo el contenido de inter\u00e9s general que la gente del pueblo y la regi\u00f3n debe conocer.\" \/>\n<meta name=\"robots\" content=\"index, follow, max-snippet:-1, max-image-preview:large, max-video-preview:-1\" \/>\n<link rel=\"canonical\" href=\"https:\/\/www.celttv.com.ar\/index.php\/2019\/03\/25\/dra-virginia-loffredo-estado-de-salud-de-la-nina-que-contrajo-el-suh-y-medidas-de-prevencion-video-entrevista\/\" \/>\n<meta property=\"og:locale\" content=\"es_ES\" \/>\n<meta property=\"og:type\" content=\"article\" \/>\n<meta property=\"og:title\" content=\"DRA. VIRGINIA LOFFREDO: ESTADO DE SALUD DE LA NI\u00d1A QUE CONTRAJO SUH Y MEDIDAS DE PREVENCI\u00d3N (VIDEO ENTREVISTA) - CELTTV\" \/>\n<meta property=\"og:description\" content=\"Sitio web de noticias de la localidad de Tornquist, provincia de Buenos Aires, Rep\u00fablica Argentina. Contenido propio originado por periodistas de CELTTV, el canal de TV local de la Cooperativa El\u00e9ctrica de Tornquist. Turismo, Pol\u00edtica, Sociedad, Deporte, Cultura y todo el contenido de inter\u00e9s general que la gente del pueblo y la regi\u00f3n debe conocer.\" \/>\n<meta property=\"og:url\" content=\"https:\/\/www.celttv.com.ar\/index.php\/2019\/03\/25\/dra-virginia-loffredo-estado-de-salud-de-la-nina-que-contrajo-el-suh-y-medidas-de-prevencion-video-entrevista\/\" \/>\n<meta property=\"og:site_name\" content=\"CELTTV\" \/>\n<meta property=\"article:publisher\" content=\"https:\/\/www.facebook.com\/celtTV\/\" \/>\n<meta property=\"article:published_time\" content=\"2019-03-25T15:25:20+00:00\" \/>\n<meta property=\"og:image\" content=\"https:\/\/www.celttv.com.ar\/wp-content\/uploads\/2019\/03\/20190325_113500.jpg\" \/>\n\t<meta property=\"og:image:width\" content=\"2048\" \/>\n\t<meta property=\"og:image:height\" content=\"1536\" \/>\n\t<meta property=\"og:image:type\" content=\"image\/jpeg\" \/>\n<meta name=\"author\" content=\"ulises\" \/>\n<meta name=\"twitter:card\" content=\"summary_large_image\" \/>\n<meta name=\"twitter:label1\" content=\"Escrito por\" \/>\n\t<meta name=\"twitter:data1\" content=\"ulises\" \/>\n<script type=\"application\/ld+json\" class=\"yoast-schema-graph\">{\"@context\":\"https:\/\/schema.org\",\"@graph\":[{\"@type\":\"NewsArticle\",\"@id\":\"https:\/\/www.celttv.com.ar\/index.php\/2019\/03\/25\/dra-virginia-loffredo-estado-de-salud-de-la-nina-que-contrajo-el-suh-y-medidas-de-prevencion-video-entrevista\/#article\",\"isPartOf\":{\"@id\":\"https:\/\/www.celttv.com.ar\/index.php\/2019\/03\/25\/dra-virginia-loffredo-estado-de-salud-de-la-nina-que-contrajo-el-suh-y-medidas-de-prevencion-video-entrevista\/\"},\"author\":{\"name\":\"ulises\",\"@id\":\"https:\/\/www.celttv.com.ar\/#\/schema\/person\/6d99c072dba59953809c81446e9d0ace\"},\"headline\":\"DRA. VIRGINIA LOFFREDO: ESTADO DE SALUD DE LA NI\u00d1A QUE CONTRAJO SUH Y MEDIDAS DE PREVENCI\u00d3N (VIDEO ENTREVISTA)\",\"datePublished\":\"2019-03-25T15:25:20+00:00\",\"dateModified\":\"2019-03-25T15:25:20+00:00\",\"mainEntityOfPage\":{\"@id\":\"https:\/\/www.celttv.com.ar\/index.php\/2019\/03\/25\/dra-virginia-loffredo-estado-de-salud-de-la-nina-que-contrajo-el-suh-y-medidas-de-prevencion-video-entrevista\/\"},\"wordCount\":100,\"publisher\":{\"@id\":\"https:\/\/www.celttv.com.ar\/#organization\"},\"articleSection\":[\"Destacadas\"],\"inLanguage\":\"es\"},{\"@type\":\"WebPage\",\"@id\":\"https:\/\/www.celttv.com.ar\/index.php\/2019\/03\/25\/dra-virginia-loffredo-estado-de-salud-de-la-nina-que-contrajo-el-suh-y-medidas-de-prevencion-video-entrevista\/\",\"url\":\"https:\/\/www.celttv.com.ar\/index.php\/2019\/03\/25\/dra-virginia-loffredo-estado-de-salud-de-la-nina-que-contrajo-el-suh-y-medidas-de-prevencion-video-entrevista\/\",\"name\":\"DRA. VIRGINIA LOFFREDO: ESTADO DE SALUD DE LA NI\u00d1A QUE CONTRAJO SUH Y MEDIDAS DE PREVENCI\u00d3N (VIDEO ENTREVISTA) - CELTTV\",\"isPartOf\":{\"@id\":\"https:\/\/www.celttv.com.ar\/#website\"},\"datePublished\":\"2019-03-25T15:25:20+00:00\",\"dateModified\":\"2019-03-25T15:25:20+00:00\",\"description\":\"Sitio web de noticias de la localidad de Tornquist, provincia de Buenos Aires, Rep\u00fablica Argentina. Contenido propio originado por periodistas de CELTTV, el canal de TV local de la Cooperativa El\u00e9ctrica de Tornquist. Turismo, Pol\u00edtica, Sociedad, Deporte, Cultura y todo el contenido de inter\u00e9s general que la gente del pueblo y la regi\u00f3n debe conocer.\",\"breadcrumb\":{\"@id\":\"https:\/\/www.celttv.com.ar\/index.php\/2019\/03\/25\/dra-virginia-loffredo-estado-de-salud-de-la-nina-que-contrajo-el-suh-y-medidas-de-prevencion-video-entrevista\/#breadcrumb\"},\"inLanguage\":\"es\",\"potentialAction\":[{\"@type\":\"ReadAction\",\"target\":[\"https:\/\/www.celttv.com.ar\/index.php\/2019\/03\/25\/dra-virginia-loffredo-estado-de-salud-de-la-nina-que-contrajo-el-suh-y-medidas-de-prevencion-video-entrevista\/\"]}]},{\"@type\":\"BreadcrumbList\",\"@id\":\"https:\/\/www.celttv.com.ar\/index.php\/2019\/03\/25\/dra-virginia-loffredo-estado-de-salud-de-la-nina-que-contrajo-el-suh-y-medidas-de-prevencion-video-entrevista\/#breadcrumb\",\"itemListElement\":[{\"@type\":\"ListItem\",\"position\":1,\"name\":\"Inicio\",\"item\":\"https:\/\/www.celttv.com.ar\/\"},{\"@type\":\"ListItem\",\"position\":2,\"name\":\"DRA. VIRGINIA LOFFREDO: ESTADO DE SALUD DE LA NI\u00d1A QUE CONTRAJO SUH Y MEDIDAS DE PREVENCI\u00d3N (VIDEO ENTREVISTA)\"}]},{\"@type\":\"WebSite\",\"@id\":\"https:\/\/www.celttv.com.ar\/#website\",\"url\":\"https:\/\/www.celttv.com.ar\/\",\"name\":\"CELTTV\",\"description\":\"Cooperativa El\u00e9ctrica de Tornquist\",\"publisher\":{\"@id\":\"https:\/\/www.celttv.com.ar\/#organization\"},\"potentialAction\":[{\"@type\":\"SearchAction\",\"target\":{\"@type\":\"EntryPoint\",\"urlTemplate\":\"https:\/\/www.celttv.com.ar\/?s={search_term_string}\"},\"query-input\":\"required name=search_term_string\"}],\"inLanguage\":\"es\"},{\"@type\":\"Organization\",\"@id\":\"https:\/\/www.celttv.com.ar\/#organization\",\"name\":\"CELTTV\",\"url\":\"https:\/\/www.celttv.com.ar\/\",\"sameAs\":[\"https:\/\/www.youtube.com\/channel\/UCz_oIt8Hig64Ub-EmcNPIhg\",\"https:\/\/www.facebook.com\/celtTV\/\"],\"logo\":{\"@type\":\"ImageObject\",\"inLanguage\":\"es\",\"@id\":\"https:\/\/www.celttv.com.ar\/#\/schema\/logo\/image\/\",\"url\":\"http:\/\/www.celttv.com.ar\/wp-content\/uploads\/2022\/08\/logo-1.png\",\"contentUrl\":\"http:\/\/www.celttv.com.ar\/wp-content\/uploads\/2022\/08\/logo-1.png\",\"width\":461,\"height\":159,\"caption\":\"CELTTV\"},\"image\":{\"@id\":\"https:\/\/www.celttv.com.ar\/#\/schema\/logo\/image\/\"}},{\"@type\":\"Person\",\"@id\":\"https:\/\/www.celttv.com.ar\/#\/schema\/person\/6d99c072dba59953809c81446e9d0ace\",\"name\":\"ulises\",\"image\":{\"@type\":\"ImageObject\",\"inLanguage\":\"es\",\"@id\":\"https:\/\/www.celttv.com.ar\/#\/schema\/person\/image\/\",\"url\":\"https:\/\/secure.gravatar.com\/avatar\/7f2c48bdc33b30088f941fb6082e555f2874c98e20cb159d7b92b50eadfce793?s=96&d=mm&r=g\",\"contentUrl\":\"https:\/\/secure.gravatar.com\/avatar\/7f2c48bdc33b30088f941fb6082e555f2874c98e20cb159d7b92b50eadfce793?s=96&d=mm&r=g\",\"caption\":\"ulises\"},\"sameAs\":[\"http:\/\/www.celttv.com.ar\"]}]}<\/script>\n<!-- \/ Yoast SEO plugin. -->","yoast_head_json":{"title":"DRA. VIRGINIA LOFFREDO: ESTADO DE SALUD DE LA NI\u00d1A QUE CONTRAJO SUH Y MEDIDAS DE PREVENCI\u00d3N (VIDEO ENTREVISTA) - CELTTV","description":"Sitio web de noticias de la localidad de Tornquist, provincia de Buenos Aires, Rep\u00fablica Argentina. Contenido propio originado por periodistas de CELTTV, el canal de TV local de la Cooperativa El\u00e9ctrica de Tornquist. Turismo, Pol\u00edtica, Sociedad, Deporte, Cultura y todo el contenido de inter\u00e9s general que la gente del pueblo y la regi\u00f3n debe conocer.","robots":{"index":"index","follow":"follow","max-snippet":"max-snippet:-1","max-image-preview":"max-image-preview:large","max-video-preview":"max-video-preview:-1"},"canonical":"https:\/\/www.celttv.com.ar\/index.php\/2019\/03\/25\/dra-virginia-loffredo-estado-de-salud-de-la-nina-que-contrajo-el-suh-y-medidas-de-prevencion-video-entrevista\/","og_locale":"es_ES","og_type":"article","og_title":"DRA. VIRGINIA LOFFREDO: ESTADO DE SALUD DE LA NI\u00d1A QUE CONTRAJO SUH Y MEDIDAS DE PREVENCI\u00d3N (VIDEO ENTREVISTA) - CELTTV","og_description":"Sitio web de noticias de la localidad de Tornquist, provincia de Buenos Aires, Rep\u00fablica Argentina. Contenido propio originado por periodistas de CELTTV, el canal de TV local de la Cooperativa El\u00e9ctrica de Tornquist. Turismo, Pol\u00edtica, Sociedad, Deporte, Cultura y todo el contenido de inter\u00e9s general que la gente del pueblo y la regi\u00f3n debe conocer.","og_url":"https:\/\/www.celttv.com.ar\/index.php\/2019\/03\/25\/dra-virginia-loffredo-estado-de-salud-de-la-nina-que-contrajo-el-suh-y-medidas-de-prevencion-video-entrevista\/","og_site_name":"CELTTV","article_publisher":"https:\/\/www.facebook.com\/celtTV\/","article_published_time":"2019-03-25T15:25:20+00:00","og_image":[{"width":2048,"height":1536,"url":"https:\/\/www.celttv.com.ar\/wp-content\/uploads\/2019\/03\/20190325_113500.jpg","type":"image\/jpeg"}],"author":"ulises","twitter_card":"summary_large_image","twitter_misc":{"Escrito por":"ulises"},"schema":{"@context":"https:\/\/schema.org","@graph":[{"@type":"NewsArticle","@id":"https:\/\/www.celttv.com.ar\/index.php\/2019\/03\/25\/dra-virginia-loffredo-estado-de-salud-de-la-nina-que-contrajo-el-suh-y-medidas-de-prevencion-video-entrevista\/#article","isPartOf":{"@id":"https:\/\/www.celttv.com.ar\/index.php\/2019\/03\/25\/dra-virginia-loffredo-estado-de-salud-de-la-nina-que-contrajo-el-suh-y-medidas-de-prevencion-video-entrevista\/"},"author":{"name":"ulises","@id":"https:\/\/www.celttv.com.ar\/#\/schema\/person\/6d99c072dba59953809c81446e9d0ace"},"headline":"DRA. VIRGINIA LOFFREDO: ESTADO DE SALUD DE LA NI\u00d1A QUE CONTRAJO SUH Y MEDIDAS DE PREVENCI\u00d3N (VIDEO ENTREVISTA)","datePublished":"2019-03-25T15:25:20+00:00","dateModified":"2019-03-25T15:25:20+00:00","mainEntityOfPage":{"@id":"https:\/\/www.celttv.com.ar\/index.php\/2019\/03\/25\/dra-virginia-loffredo-estado-de-salud-de-la-nina-que-contrajo-el-suh-y-medidas-de-prevencion-video-entrevista\/"},"wordCount":100,"publisher":{"@id":"https:\/\/www.celttv.com.ar\/#organization"},"articleSection":["Destacadas"],"inLanguage":"es"},{"@type":"WebPage","@id":"https:\/\/www.celttv.com.ar\/index.php\/2019\/03\/25\/dra-virginia-loffredo-estado-de-salud-de-la-nina-que-contrajo-el-suh-y-medidas-de-prevencion-video-entrevista\/","url":"https:\/\/www.celttv.com.ar\/index.php\/2019\/03\/25\/dra-virginia-loffredo-estado-de-salud-de-la-nina-que-contrajo-el-suh-y-medidas-de-prevencion-video-entrevista\/","name":"DRA. VIRGINIA LOFFREDO: ESTADO DE SALUD DE LA NI\u00d1A QUE CONTRAJO SUH Y MEDIDAS DE PREVENCI\u00d3N (VIDEO ENTREVISTA) - CELTTV","isPartOf":{"@id":"https:\/\/www.celttv.com.ar\/#website"},"datePublished":"2019-03-25T15:25:20+00:00","dateModified":"2019-03-25T15:25:20+00:00","description":"Sitio web de noticias de la localidad de Tornquist, provincia de Buenos Aires, Rep\u00fablica Argentina. Contenido propio originado por periodistas de CELTTV, el canal de TV local de la Cooperativa El\u00e9ctrica de Tornquist. Turismo, Pol\u00edtica, Sociedad, Deporte, Cultura y todo el contenido de inter\u00e9s general que la gente del pueblo y la regi\u00f3n debe conocer.","breadcrumb":{"@id":"https:\/\/www.celttv.com.ar\/index.php\/2019\/03\/25\/dra-virginia-loffredo-estado-de-salud-de-la-nina-que-contrajo-el-suh-y-medidas-de-prevencion-video-entrevista\/#breadcrumb"},"inLanguage":"es","potentialAction":[{"@type":"ReadAction","target":["https:\/\/www.celttv.com.ar\/index.php\/2019\/03\/25\/dra-virginia-loffredo-estado-de-salud-de-la-nina-que-contrajo-el-suh-y-medidas-de-prevencion-video-entrevista\/"]}]},{"@type":"BreadcrumbList","@id":"https:\/\/www.celttv.com.ar\/index.php\/2019\/03\/25\/dra-virginia-loffredo-estado-de-salud-de-la-nina-que-contrajo-el-suh-y-medidas-de-prevencion-video-entrevista\/#breadcrumb","itemListElement":[{"@type":"ListItem","position":1,"name":"Inicio","item":"https:\/\/www.celttv.com.ar\/"},{"@type":"ListItem","position":2,"name":"DRA. VIRGINIA LOFFREDO: ESTADO DE SALUD DE LA NI\u00d1A QUE CONTRAJO SUH Y MEDIDAS DE PREVENCI\u00d3N (VIDEO ENTREVISTA)"}]},{"@type":"WebSite","@id":"https:\/\/www.celttv.com.ar\/#website","url":"https:\/\/www.celttv.com.ar\/","name":"CELTTV","description":"Cooperativa El\u00e9ctrica de Tornquist","publisher":{"@id":"https:\/\/www.celttv.com.ar\/#organization"},"potentialAction":[{"@type":"SearchAction","target":{"@type":"EntryPoint","urlTemplate":"https:\/\/www.celttv.com.ar\/?s={search_term_string}"},"query-input":"required name=search_term_string"}],"inLanguage":"es"},{"@type":"Organization","@id":"https:\/\/www.celttv.com.ar\/#organization","name":"CELTTV","url":"https:\/\/www.celttv.com.ar\/","sameAs":["https:\/\/www.youtube.com\/channel\/UCz_oIt8Hig64Ub-EmcNPIhg","https:\/\/www.facebook.com\/celtTV\/"],"logo":{"@type":"ImageObject","inLanguage":"es","@id":"https:\/\/www.celttv.com.ar\/#\/schema\/logo\/image\/","url":"http:\/\/www.celttv.com.ar\/wp-content\/uploads\/2022\/08\/logo-1.png","contentUrl":"http:\/\/www.celttv.com.ar\/wp-content\/uploads\/2022\/08\/logo-1.png","width":461,"height":159,"caption":"CELTTV"},"image":{"@id":"https:\/\/www.celttv.com.ar\/#\/schema\/logo\/image\/"}},{"@type":"Person","@id":"https:\/\/www.celttv.com.ar\/#\/schema\/person\/6d99c072dba59953809c81446e9d0ace","name":"ulises","image":{"@type":"ImageObject","inLanguage":"es","@id":"https:\/\/www.celttv.com.ar\/#\/schema\/person\/image\/","url":"https:\/\/secure.gravatar.com\/avatar\/7f2c48bdc33b30088f941fb6082e555f2874c98e20cb159d7b92b50eadfce793?s=96&d=mm&r=g","contentUrl":"https:\/\/secure.gravatar.com\/avatar\/7f2c48bdc33b30088f941fb6082e555f2874c98e20cb159d7b92b50eadfce793?s=96&d=mm&r=g","caption":"ulises"},"sameAs":["http:\/\/www.celttv.com.ar"]}]}},"_links":{"self":[{"href":"https:\/\/www.celttv.com.ar\/index.php\/wp-json\/wp\/v2\/posts\/40576","targetHints":{"allow":["GET"]}}],"collection":[{"href":"https:\/\/www.celttv.com.ar\/index.php\/wp-json\/wp\/v2\/posts"}],"about":[{"href":"https:\/\/www.celttv.com.ar\/index.php\/wp-json\/wp\/v2\/types\/post"}],"author":[{"embeddable":true,"href":"https:\/\/www.celttv.com.ar\/index.php\/wp-json\/wp\/v2\/users\/1"}],"replies":[{"embeddable":true,"href":"https:\/\/www.celttv.com.ar\/index.php\/wp-json\/wp\/v2\/comments?post=40576"}],"version-history":[{"count":0,"href":"https:\/\/www.celttv.com.ar\/index.php\/wp-json\/wp\/v2\/posts\/40576\/revisions"}],"wp:featuredmedia":[{"embeddable":true,"href":"https:\/\/www.celttv.com.ar\/index.php\/wp-json\/wp\/v2\/media\/40577"}],"wp:attachment":[{"href":"https:\/\/www.celttv.com.ar\/index.php\/wp-json\/wp\/v2\/media?parent=40576"}],"wp:term":[{"taxonomy":"category","embeddable":true,"href":"https:\/\/www.celttv.com.ar\/index.php\/wp-json\/wp\/v2\/categories?post=40576"},{"taxonomy":"post_tag","embeddable":true,"href":"https:\/\/www.celttv.com.ar\/index.php\/wp-json\/wp\/v2\/tags?post=40576"}],"curies":[{"name":"wp","href":"https:\/\/api.w.org\/{rel}","templated":true}]}}