{"id":40586,"date":"2019-03-26T20:05:08","date_gmt":"2019-03-26T20:05:08","guid":{"rendered":"http:\/\/www.celttv.com.ar\/?p=40586"},"modified":"2019-03-26T20:05:08","modified_gmt":"2019-03-26T20:05:08","slug":"buen-debut-de-las-inferiores-de-automoto-fotos","status":"publish","type":"post","link":"https:\/\/www.celttv.com.ar\/index.php\/2019\/03\/26\/buen-debut-de-las-inferiores-de-automoto-fotos\/","title":{"rendered":"Buen debut de las Inferiores de Automoto (Fotos)"},"content":{"rendered":"<p>Fue un debut auspicioso, frente a uno de los rivales m\u00e1s complicados y en calidad de visitante. Automoto consigui\u00f3 un triunfo, un empate y dos ajustadas derrotas frente a Club Sarmiento, en Pig\u00fc\u00e9, en el inicio del torneo de Inferiores de la Liga Regional de F\u00fatbol de Coronel Su\u00e1rez.<\/p>\n<p>La S\u00e9ptima result\u00f3 la \u00fanica que logr\u00f3 sumar las tres unidades. Y lo consigui\u00f3 con un gran\u00a0 triunfo por 2 a 0, mostrando una clara superioridad sobre su rival. Los goles fueron anotados por Ger\u00f3nimo Kugler y Valent\u00edn Alric.<\/p>\n<p>La Octava tambi\u00e9n cumpli\u00f3 una gran actuaci\u00f3n, remont\u00f3 el resultado en dos oportunidades y cerca estuvo de conseguir la victoria. Finalmente fue 2 a 2, con las anotaciones de Mateo Vittori y Mateo Toy.<\/p>\n<p>Las derrotas quedaron para la Sexta, que en un partido por dem\u00e1s disputado cay\u00f3 por 1-0, y la Quinta, que perdi\u00f3 por 2 a 1. El \u00fanico tanto fue marcado por Valentino Bucchi, de penal.<\/p>\n<p>El pr\u00f3ximo s\u00e1bado, los chicos jugar\u00e1n frente a Empleados de Comercio de Guamin\u00ed, en calidad de visitante.<\/p>\n<p>&nbsp;<\/p>\n<p>Album de fotos: <a href=\"https:\/\/www.facebook.com\/pg\/automototornquist\/photos\/?tab=album&amp;album_id=2326687214017938\">https:\/\/www.facebook.com\/pg\/automototornquist\/photos\/?tab=album&amp;album_id=2326687214017938<\/a><\/p>\n<p>&nbsp;<\/p>\n<p>&nbsp;<\/p>\n<p>Departamento de Prensa \u2013 Automoto Club Deportivo<\/p>\n<p>www.clubautomotopasion.com.ar<\/p>\n<p>Facebook: \/automototornquist<\/p>\n<p>Twitter: @ClubAutomoto<\/p>\n<p>YouTube: acdtvideos<a href=\"http:\/\/www.celttv.com.ar\/?attachment_id=40587\" rel=\"attachment wp-att-40587\"><img loading=\"lazy\" decoding=\"async\" class=\"alignleft size-full wp-image-40587\" src=\"http:\/\/www.celttv.com.ar\/wp-content\/uploads\/2019\/03\/DSC_4733.jpg\" alt=\"\" width=\"960\" height=\"666\" srcset=\"https:\/\/www.celttv.com.ar\/wp-content\/uploads\/2019\/03\/DSC_4733.jpg 960w, https:\/\/www.celttv.com.ar\/wp-content\/uploads\/2019\/03\/DSC_4733-300x208.jpg 300w, https:\/\/www.celttv.com.ar\/wp-content\/uploads\/2019\/03\/DSC_4733-768x533.jpg 768w, https:\/\/www.celttv.com.ar\/wp-content\/uploads\/2019\/03\/DSC_4733-750x520.jpg 750w\" sizes=\"auto, (max-width: 960px) 100vw, 960px\" \/><\/a> <a href=\"http:\/\/www.celttv.com.ar\/?attachment_id=40588\" rel=\"attachment wp-att-40588\"><img loading=\"lazy\" decoding=\"async\" class=\"alignleft size-medium wp-image-40588\" src=\"http:\/\/www.celttv.com.ar\/wp-content\/uploads\/2019\/03\/DSC_4921.jpg\" alt=\"\" width=\"780\" height=\"565\" srcset=\"https:\/\/www.celttv.com.ar\/wp-content\/uploads\/2019\/03\/DSC_4921.jpg 960w, https:\/\/www.celttv.com.ar\/wp-content\/uploads\/2019\/03\/DSC_4921-300x217.jpg 300w, https:\/\/www.celttv.com.ar\/wp-content\/uploads\/2019\/03\/DSC_4921-768x556.jpg 768w, https:\/\/www.celttv.com.ar\/wp-content\/uploads\/2019\/03\/DSC_4921-120x86.jpg 120w, https:\/\/www.celttv.com.ar\/wp-content\/uploads\/2019\/03\/DSC_4921-750x543.jpg 750w\" sizes=\"auto, (max-width: 780px) 100vw, 780px\" \/><\/a> <a href=\"http:\/\/www.celttv.com.ar\/?attachment_id=40589\" rel=\"attachment wp-att-40589\"><img loading=\"lazy\" decoding=\"async\" class=\"alignleft size-medium wp-image-40589\" src=\"http:\/\/www.celttv.com.ar\/wp-content\/uploads\/2019\/03\/DSC_4973.jpg\" alt=\"\" width=\"780\" height=\"596\" srcset=\"https:\/\/www.celttv.com.ar\/wp-content\/uploads\/2019\/03\/DSC_4973.jpg 960w, https:\/\/www.celttv.com.ar\/wp-content\/uploads\/2019\/03\/DSC_4973-300x229.jpg 300w, https:\/\/www.celttv.com.ar\/wp-content\/uploads\/2019\/03\/DSC_4973-768x587.jpg 768w, https:\/\/www.celttv.com.ar\/wp-content\/uploads\/2019\/03\/DSC_4973-750x573.jpg 750w\" sizes=\"auto, (max-width: 780px) 100vw, 780px\" \/><\/a> <a href=\"http:\/\/www.celttv.com.ar\/?attachment_id=40590\" rel=\"attachment wp-att-40590\"><img loading=\"lazy\" decoding=\"async\" class=\"alignleft size-medium wp-image-40590\" src=\"http:\/\/www.celttv.com.ar\/wp-content\/uploads\/2019\/03\/DSC_4871.jpg\" alt=\"\" width=\"780\" height=\"422\" srcset=\"https:\/\/www.celttv.com.ar\/wp-content\/uploads\/2019\/03\/DSC_4871.jpg 960w, https:\/\/www.celttv.com.ar\/wp-content\/uploads\/2019\/03\/DSC_4871-300x162.jpg 300w, https:\/\/www.celttv.com.ar\/wp-content\/uploads\/2019\/03\/DSC_4871-768x415.jpg 768w, https:\/\/www.celttv.com.ar\/wp-content\/uploads\/2019\/03\/DSC_4871-750x405.jpg 750w\" sizes=\"auto, (max-width: 780px) 100vw, 780px\" \/><\/a><\/p>\n","protected":false},"excerpt":{"rendered":"<p>Fue un debut auspicioso, frente a uno de los rivales m\u00e1s complicados y en calidad de visitante. Automoto consigui\u00f3 un triunfo, un empate y dos ajustadas derrotas frente a Club Sarmiento, en Pig\u00fc\u00e9, en el inicio del torneo de Inferiores de la Liga Regional de F\u00fatbol de Coronel Su\u00e1rez. La S\u00e9ptima result\u00f3 la \u00fanica que [&hellip;]<\/p>\n","protected":false},"author":1,"featured_media":40589,"comment_status":"closed","ping_status":"open","sticky":false,"template":"","format":"standard","meta":{"footnotes":""},"categories":[55,60,52,63],"tags":[],"class_list":["post-40586","post","type-post","status-publish","format-standard","has-post-thumbnail","hentry","category-celt-tv-noticias","category-deporte","category-destacadas","category-magazine-sport"],"yoast_head":"<!-- This site is optimized with the Yoast SEO plugin v19.7.1 - https:\/\/yoast.com\/wordpress\/plugins\/seo\/ -->\n<title>Buen debut de las Inferiores de Automoto (Fotos) - CELTTV<\/title>\n<meta name=\"description\" content=\"Sitio web de noticias de la localidad de Tornquist, provincia de Buenos Aires, Rep\u00fablica Argentina. Contenido propio originado por periodistas de CELTTV, el canal de TV local de la Cooperativa El\u00e9ctrica de Tornquist. Turismo, Pol\u00edtica, Sociedad, Deporte, Cultura y todo el contenido de inter\u00e9s general que la gente del pueblo y la regi\u00f3n debe conocer.\" \/>\n<meta name=\"robots\" content=\"index, follow, max-snippet:-1, max-image-preview:large, max-video-preview:-1\" \/>\n<link rel=\"canonical\" href=\"https:\/\/www.celttv.com.ar\/index.php\/2019\/03\/26\/buen-debut-de-las-inferiores-de-automoto-fotos\/\" \/>\n<meta property=\"og:locale\" content=\"es_ES\" \/>\n<meta property=\"og:type\" content=\"article\" \/>\n<meta property=\"og:title\" content=\"Buen debut de las Inferiores de Automoto (Fotos) - CELTTV\" \/>\n<meta property=\"og:description\" content=\"Sitio web de noticias de la localidad de Tornquist, provincia de Buenos Aires, Rep\u00fablica Argentina. Contenido propio originado por periodistas de CELTTV, el canal de TV local de la Cooperativa El\u00e9ctrica de Tornquist. Turismo, Pol\u00edtica, Sociedad, Deporte, Cultura y todo el contenido de inter\u00e9s general que la gente del pueblo y la regi\u00f3n debe conocer.\" \/>\n<meta property=\"og:url\" content=\"https:\/\/www.celttv.com.ar\/index.php\/2019\/03\/26\/buen-debut-de-las-inferiores-de-automoto-fotos\/\" \/>\n<meta property=\"og:site_name\" content=\"CELTTV\" \/>\n<meta property=\"article:publisher\" content=\"https:\/\/www.facebook.com\/celtTV\/\" \/>\n<meta property=\"article:published_time\" content=\"2019-03-26T20:05:08+00:00\" \/>\n<meta property=\"og:image\" content=\"https:\/\/www.celttv.com.ar\/wp-content\/uploads\/2019\/03\/DSC_4973.jpg\" \/>\n\t<meta property=\"og:image:width\" content=\"960\" \/>\n\t<meta property=\"og:image:height\" content=\"734\" \/>\n\t<meta property=\"og:image:type\" content=\"image\/jpeg\" \/>\n<meta name=\"author\" content=\"ulises\" \/>\n<meta name=\"twitter:card\" content=\"summary_large_image\" \/>\n<meta name=\"twitter:label1\" content=\"Escrito por\" \/>\n\t<meta name=\"twitter:data1\" content=\"ulises\" \/>\n\t<meta name=\"twitter:label2\" content=\"Tiempo de lectura\" \/>\n\t<meta name=\"twitter:data2\" content=\"1 minuto\" \/>\n<script type=\"application\/ld+json\" class=\"yoast-schema-graph\">{\"@context\":\"https:\/\/schema.org\",\"@graph\":[{\"@type\":\"NewsArticle\",\"@id\":\"https:\/\/www.celttv.com.ar\/index.php\/2019\/03\/26\/buen-debut-de-las-inferiores-de-automoto-fotos\/#article\",\"isPartOf\":{\"@id\":\"https:\/\/www.celttv.com.ar\/index.php\/2019\/03\/26\/buen-debut-de-las-inferiores-de-automoto-fotos\/\"},\"author\":{\"name\":\"ulises\",\"@id\":\"https:\/\/www.celttv.com.ar\/#\/schema\/person\/6d99c072dba59953809c81446e9d0ace\"},\"headline\":\"Buen debut de las Inferiores de Automoto (Fotos)\",\"datePublished\":\"2019-03-26T20:05:08+00:00\",\"dateModified\":\"2019-03-26T20:05:08+00:00\",\"mainEntityOfPage\":{\"@id\":\"https:\/\/www.celttv.com.ar\/index.php\/2019\/03\/26\/buen-debut-de-las-inferiores-de-automoto-fotos\/\"},\"wordCount\":222,\"publisher\":{\"@id\":\"https:\/\/www.celttv.com.ar\/#organization\"},\"articleSection\":[\"Celt TV Noticias\",\"Deporte\",\"Destacadas\",\"Magazine Sport\"],\"inLanguage\":\"es\"},{\"@type\":\"WebPage\",\"@id\":\"https:\/\/www.celttv.com.ar\/index.php\/2019\/03\/26\/buen-debut-de-las-inferiores-de-automoto-fotos\/\",\"url\":\"https:\/\/www.celttv.com.ar\/index.php\/2019\/03\/26\/buen-debut-de-las-inferiores-de-automoto-fotos\/\",\"name\":\"Buen debut de las Inferiores de Automoto (Fotos) - CELTTV\",\"isPartOf\":{\"@id\":\"https:\/\/www.celttv.com.ar\/#website\"},\"datePublished\":\"2019-03-26T20:05:08+00:00\",\"dateModified\":\"2019-03-26T20:05:08+00:00\",\"description\":\"Sitio web de noticias de la localidad de Tornquist, provincia de Buenos Aires, Rep\u00fablica Argentina. Contenido propio originado por periodistas de CELTTV, el canal de TV local de la Cooperativa El\u00e9ctrica de Tornquist. Turismo, Pol\u00edtica, Sociedad, Deporte, Cultura y todo el contenido de inter\u00e9s general que la gente del pueblo y la regi\u00f3n debe conocer.\",\"breadcrumb\":{\"@id\":\"https:\/\/www.celttv.com.ar\/index.php\/2019\/03\/26\/buen-debut-de-las-inferiores-de-automoto-fotos\/#breadcrumb\"},\"inLanguage\":\"es\",\"potentialAction\":[{\"@type\":\"ReadAction\",\"target\":[\"https:\/\/www.celttv.com.ar\/index.php\/2019\/03\/26\/buen-debut-de-las-inferiores-de-automoto-fotos\/\"]}]},{\"@type\":\"BreadcrumbList\",\"@id\":\"https:\/\/www.celttv.com.ar\/index.php\/2019\/03\/26\/buen-debut-de-las-inferiores-de-automoto-fotos\/#breadcrumb\",\"itemListElement\":[{\"@type\":\"ListItem\",\"position\":1,\"name\":\"Inicio\",\"item\":\"https:\/\/www.celttv.com.ar\/\"},{\"@type\":\"ListItem\",\"position\":2,\"name\":\"Buen debut de las Inferiores de Automoto (Fotos)\"}]},{\"@type\":\"WebSite\",\"@id\":\"https:\/\/www.celttv.com.ar\/#website\",\"url\":\"https:\/\/www.celttv.com.ar\/\",\"name\":\"CELTTV\",\"description\":\"Cooperativa El\u00e9ctrica de Tornquist\",\"publisher\":{\"@id\":\"https:\/\/www.celttv.com.ar\/#organization\"},\"potentialAction\":[{\"@type\":\"SearchAction\",\"target\":{\"@type\":\"EntryPoint\",\"urlTemplate\":\"https:\/\/www.celttv.com.ar\/?s={search_term_string}\"},\"query-input\":\"required name=search_term_string\"}],\"inLanguage\":\"es\"},{\"@type\":\"Organization\",\"@id\":\"https:\/\/www.celttv.com.ar\/#organization\",\"name\":\"CELTTV\",\"url\":\"https:\/\/www.celttv.com.ar\/\",\"sameAs\":[\"https:\/\/www.youtube.com\/channel\/UCz_oIt8Hig64Ub-EmcNPIhg\",\"https:\/\/www.facebook.com\/celtTV\/\"],\"logo\":{\"@type\":\"ImageObject\",\"inLanguage\":\"es\",\"@id\":\"https:\/\/www.celttv.com.ar\/#\/schema\/logo\/image\/\",\"url\":\"http:\/\/www.celttv.com.ar\/wp-content\/uploads\/2022\/08\/logo-1.png\",\"contentUrl\":\"http:\/\/www.celttv.com.ar\/wp-content\/uploads\/2022\/08\/logo-1.png\",\"width\":461,\"height\":159,\"caption\":\"CELTTV\"},\"image\":{\"@id\":\"https:\/\/www.celttv.com.ar\/#\/schema\/logo\/image\/\"}},{\"@type\":\"Person\",\"@id\":\"https:\/\/www.celttv.com.ar\/#\/schema\/person\/6d99c072dba59953809c81446e9d0ace\",\"name\":\"ulises\",\"image\":{\"@type\":\"ImageObject\",\"inLanguage\":\"es\",\"@id\":\"https:\/\/www.celttv.com.ar\/#\/schema\/person\/image\/\",\"url\":\"https:\/\/secure.gravatar.com\/avatar\/7f2c48bdc33b30088f941fb6082e555f2874c98e20cb159d7b92b50eadfce793?s=96&d=mm&r=g\",\"contentUrl\":\"https:\/\/secure.gravatar.com\/avatar\/7f2c48bdc33b30088f941fb6082e555f2874c98e20cb159d7b92b50eadfce793?s=96&d=mm&r=g\",\"caption\":\"ulises\"},\"sameAs\":[\"http:\/\/www.celttv.com.ar\"]}]}<\/script>\n<!-- \/ Yoast SEO plugin. -->","yoast_head_json":{"title":"Buen debut de las Inferiores de Automoto (Fotos) - CELTTV","description":"Sitio web de noticias de la localidad de Tornquist, provincia de Buenos Aires, Rep\u00fablica Argentina. Contenido propio originado por periodistas de CELTTV, el canal de TV local de la Cooperativa El\u00e9ctrica de Tornquist. Turismo, Pol\u00edtica, Sociedad, Deporte, Cultura y todo el contenido de inter\u00e9s general que la gente del pueblo y la regi\u00f3n debe conocer.","robots":{"index":"index","follow":"follow","max-snippet":"max-snippet:-1","max-image-preview":"max-image-preview:large","max-video-preview":"max-video-preview:-1"},"canonical":"https:\/\/www.celttv.com.ar\/index.php\/2019\/03\/26\/buen-debut-de-las-inferiores-de-automoto-fotos\/","og_locale":"es_ES","og_type":"article","og_title":"Buen debut de las Inferiores de Automoto (Fotos) - CELTTV","og_description":"Sitio web de noticias de la localidad de Tornquist, provincia de Buenos Aires, Rep\u00fablica Argentina. Contenido propio originado por periodistas de CELTTV, el canal de TV local de la Cooperativa El\u00e9ctrica de Tornquist. Turismo, Pol\u00edtica, Sociedad, Deporte, Cultura y todo el contenido de inter\u00e9s general que la gente del pueblo y la regi\u00f3n debe conocer.","og_url":"https:\/\/www.celttv.com.ar\/index.php\/2019\/03\/26\/buen-debut-de-las-inferiores-de-automoto-fotos\/","og_site_name":"CELTTV","article_publisher":"https:\/\/www.facebook.com\/celtTV\/","article_published_time":"2019-03-26T20:05:08+00:00","og_image":[{"width":960,"height":734,"url":"https:\/\/www.celttv.com.ar\/wp-content\/uploads\/2019\/03\/DSC_4973.jpg","type":"image\/jpeg"}],"author":"ulises","twitter_card":"summary_large_image","twitter_misc":{"Escrito por":"ulises","Tiempo de lectura":"1 minuto"},"schema":{"@context":"https:\/\/schema.org","@graph":[{"@type":"NewsArticle","@id":"https:\/\/www.celttv.com.ar\/index.php\/2019\/03\/26\/buen-debut-de-las-inferiores-de-automoto-fotos\/#article","isPartOf":{"@id":"https:\/\/www.celttv.com.ar\/index.php\/2019\/03\/26\/buen-debut-de-las-inferiores-de-automoto-fotos\/"},"author":{"name":"ulises","@id":"https:\/\/www.celttv.com.ar\/#\/schema\/person\/6d99c072dba59953809c81446e9d0ace"},"headline":"Buen debut de las Inferiores de Automoto (Fotos)","datePublished":"2019-03-26T20:05:08+00:00","dateModified":"2019-03-26T20:05:08+00:00","mainEntityOfPage":{"@id":"https:\/\/www.celttv.com.ar\/index.php\/2019\/03\/26\/buen-debut-de-las-inferiores-de-automoto-fotos\/"},"wordCount":222,"publisher":{"@id":"https:\/\/www.celttv.com.ar\/#organization"},"articleSection":["Celt TV Noticias","Deporte","Destacadas","Magazine Sport"],"inLanguage":"es"},{"@type":"WebPage","@id":"https:\/\/www.celttv.com.ar\/index.php\/2019\/03\/26\/buen-debut-de-las-inferiores-de-automoto-fotos\/","url":"https:\/\/www.celttv.com.ar\/index.php\/2019\/03\/26\/buen-debut-de-las-inferiores-de-automoto-fotos\/","name":"Buen debut de las Inferiores de Automoto (Fotos) - CELTTV","isPartOf":{"@id":"https:\/\/www.celttv.com.ar\/#website"},"datePublished":"2019-03-26T20:05:08+00:00","dateModified":"2019-03-26T20:05:08+00:00","description":"Sitio web de noticias de la localidad de Tornquist, provincia de Buenos Aires, Rep\u00fablica Argentina. Contenido propio originado por periodistas de CELTTV, el canal de TV local de la Cooperativa El\u00e9ctrica de Tornquist. Turismo, Pol\u00edtica, Sociedad, Deporte, Cultura y todo el contenido de inter\u00e9s general que la gente del pueblo y la regi\u00f3n debe conocer.","breadcrumb":{"@id":"https:\/\/www.celttv.com.ar\/index.php\/2019\/03\/26\/buen-debut-de-las-inferiores-de-automoto-fotos\/#breadcrumb"},"inLanguage":"es","potentialAction":[{"@type":"ReadAction","target":["https:\/\/www.celttv.com.ar\/index.php\/2019\/03\/26\/buen-debut-de-las-inferiores-de-automoto-fotos\/"]}]},{"@type":"BreadcrumbList","@id":"https:\/\/www.celttv.com.ar\/index.php\/2019\/03\/26\/buen-debut-de-las-inferiores-de-automoto-fotos\/#breadcrumb","itemListElement":[{"@type":"ListItem","position":1,"name":"Inicio","item":"https:\/\/www.celttv.com.ar\/"},{"@type":"ListItem","position":2,"name":"Buen debut de las Inferiores de Automoto (Fotos)"}]},{"@type":"WebSite","@id":"https:\/\/www.celttv.com.ar\/#website","url":"https:\/\/www.celttv.com.ar\/","name":"CELTTV","description":"Cooperativa El\u00e9ctrica de Tornquist","publisher":{"@id":"https:\/\/www.celttv.com.ar\/#organization"},"potentialAction":[{"@type":"SearchAction","target":{"@type":"EntryPoint","urlTemplate":"https:\/\/www.celttv.com.ar\/?s={search_term_string}"},"query-input":"required name=search_term_string"}],"inLanguage":"es"},{"@type":"Organization","@id":"https:\/\/www.celttv.com.ar\/#organization","name":"CELTTV","url":"https:\/\/www.celttv.com.ar\/","sameAs":["https:\/\/www.youtube.com\/channel\/UCz_oIt8Hig64Ub-EmcNPIhg","https:\/\/www.facebook.com\/celtTV\/"],"logo":{"@type":"ImageObject","inLanguage":"es","@id":"https:\/\/www.celttv.com.ar\/#\/schema\/logo\/image\/","url":"http:\/\/www.celttv.com.ar\/wp-content\/uploads\/2022\/08\/logo-1.png","contentUrl":"http:\/\/www.celttv.com.ar\/wp-content\/uploads\/2022\/08\/logo-1.png","width":461,"height":159,"caption":"CELTTV"},"image":{"@id":"https:\/\/www.celttv.com.ar\/#\/schema\/logo\/image\/"}},{"@type":"Person","@id":"https:\/\/www.celttv.com.ar\/#\/schema\/person\/6d99c072dba59953809c81446e9d0ace","name":"ulises","image":{"@type":"ImageObject","inLanguage":"es","@id":"https:\/\/www.celttv.com.ar\/#\/schema\/person\/image\/","url":"https:\/\/secure.gravatar.com\/avatar\/7f2c48bdc33b30088f941fb6082e555f2874c98e20cb159d7b92b50eadfce793?s=96&d=mm&r=g","contentUrl":"https:\/\/secure.gravatar.com\/avatar\/7f2c48bdc33b30088f941fb6082e555f2874c98e20cb159d7b92b50eadfce793?s=96&d=mm&r=g","caption":"ulises"},"sameAs":["http:\/\/www.celttv.com.ar"]}]}},"_links":{"self":[{"href":"https:\/\/www.celttv.com.ar\/index.php\/wp-json\/wp\/v2\/posts\/40586","targetHints":{"allow":["GET"]}}],"collection":[{"href":"https:\/\/www.celttv.com.ar\/index.php\/wp-json\/wp\/v2\/posts"}],"about":[{"href":"https:\/\/www.celttv.com.ar\/index.php\/wp-json\/wp\/v2\/types\/post"}],"author":[{"embeddable":true,"href":"https:\/\/www.celttv.com.ar\/index.php\/wp-json\/wp\/v2\/users\/1"}],"replies":[{"embeddable":true,"href":"https:\/\/www.celttv.com.ar\/index.php\/wp-json\/wp\/v2\/comments?post=40586"}],"version-history":[{"count":0,"href":"https:\/\/www.celttv.com.ar\/index.php\/wp-json\/wp\/v2\/posts\/40586\/revisions"}],"wp:featuredmedia":[{"embeddable":true,"href":"https:\/\/www.celttv.com.ar\/index.php\/wp-json\/wp\/v2\/media\/40589"}],"wp:attachment":[{"href":"https:\/\/www.celttv.com.ar\/index.php\/wp-json\/wp\/v2\/media?parent=40586"}],"wp:term":[{"taxonomy":"category","embeddable":true,"href":"https:\/\/www.celttv.com.ar\/index.php\/wp-json\/wp\/v2\/categories?post=40586"},{"taxonomy":"post_tag","embeddable":true,"href":"https:\/\/www.celttv.com.ar\/index.php\/wp-json\/wp\/v2\/tags?post=40586"}],"curies":[{"name":"wp","href":"https:\/\/api.w.org\/{rel}","templated":true}]}}