{"id":40615,"date":"2019-03-27T14:23:47","date_gmt":"2019-03-27T14:23:47","guid":{"rendered":"http:\/\/www.celttv.com.ar\/?p=40615"},"modified":"2019-03-27T14:23:47","modified_gmt":"2019-03-27T14:23:47","slug":"sebastian-y-francisco-callava-padre-e-hijo-juegan-juntos-en-la-1o-division-del-club-union-t-video-entrevista","status":"publish","type":"post","link":"https:\/\/www.celttv.com.ar\/index.php\/2019\/03\/27\/sebastian-y-francisco-callava-padre-e-hijo-juegan-juntos-en-la-1o-division-del-club-union-t-video-entrevista\/","title":{"rendered":"SEBASTI\u00c1N Y FRANCISCO CALLAVA, PADRE E HIJO JUEGAN JUNTOS EN LA 1\u00ba DIVISI\u00d3N DEL CLUB UNI\u00d3N (T) (VIDEO ENTREVISTA)"},"content":{"rendered":"<p>El ingreso de muchos jugadores a la cancha junto a sus hijos en brazos para inmortalizar ese momento, se ha transformado en una costumbre a lo largo de la historia del f\u00fatbol.<\/p>\n<p>La emoci\u00f3n del pap\u00e1 que busca compartir con su hijo &#8220;ese momento&#8221; \u00fanico, que quedar\u00e1 grabado para siempre en la memoria del jugador y, seguramente, un recuerdo imborrable en el futuro para el peque\u00f1o, quedan guardados en un rinc\u00f3n especial del coraz\u00f3n.<\/p>\n<p>Esa historia se repiti\u00f3 con Sebasti\u00e1n Callava, jugador emblem\u00e1tico del Club Uni\u00f3n (T), quien tambi\u00e9n ingres\u00f3 al campo de juego con su hijo Francisco en m\u00e1s de un partido, con el mismo objetivo.<\/p>\n<p>Lo que nunca imaginaron, con el paso del tiempo, es que el 2019 los encontrar\u00eda compartiendo viajes, vestuarios y hasta el plantel de 1\u00ba divisi\u00f3n de la entidad verde.<\/p>\n<p>Padre e hijo, de aquellas fotos para el recuerdo, a las actuales con Sebasti\u00e1n posando con la cinta de capit\u00e1n de Uni\u00f3n (T) y, a su lado, Francisco, &#8220;su nuevo compa\u00f1ero&#8221;.<\/p>\n<div class=\"jeg_video_container jeg_video_content\"><iframe loading=\"lazy\" title=\"2019 03 26 \/\/ MAGAZINE SPORT: SEBASTI\u00c1N Y FRANCISCO CALLAVA (CLUB UNI\u00d3N)\" width=\"500\" height=\"281\" src=\"https:\/\/www.youtube.com\/embed\/S6RKhthtADM?feature=oembed\" frameborder=\"0\" allow=\"accelerometer; autoplay; clipboard-write; encrypted-media; gyroscope; picture-in-picture; web-share\" referrerpolicy=\"strict-origin-when-cross-origin\" allowfullscreen><\/iframe><\/div>\n<p><a href=\"http:\/\/www.celttv.com.ar\/?attachment_id=40616\" rel=\"attachment wp-att-40616\"><img loading=\"lazy\" decoding=\"async\" class=\"alignleft size-full wp-image-40616\" src=\"http:\/\/www.celttv.com.ar\/wp-content\/uploads\/2019\/03\/20190325_162347.jpg\" alt=\"\" width=\"2048\" height=\"1536\" srcset=\"https:\/\/www.celttv.com.ar\/wp-content\/uploads\/2019\/03\/20190325_162347.jpg 2048w, https:\/\/www.celttv.com.ar\/wp-content\/uploads\/2019\/03\/20190325_162347-300x225.jpg 300w, https:\/\/www.celttv.com.ar\/wp-content\/uploads\/2019\/03\/20190325_162347-1024x768.jpg 1024w, https:\/\/www.celttv.com.ar\/wp-content\/uploads\/2019\/03\/20190325_162347-768x576.jpg 768w, https:\/\/www.celttv.com.ar\/wp-content\/uploads\/2019\/03\/20190325_162347-1536x1152.jpg 1536w, https:\/\/www.celttv.com.ar\/wp-content\/uploads\/2019\/03\/20190325_162347-750x563.jpg 750w, https:\/\/www.celttv.com.ar\/wp-content\/uploads\/2019\/03\/20190325_162347-1140x855.jpg 1140w\" sizes=\"auto, (max-width: 2048px) 100vw, 2048px\" \/><\/a> <a href=\"http:\/\/www.celttv.com.ar\/?attachment_id=40617\" rel=\"attachment wp-att-40617\"><img loading=\"lazy\" decoding=\"async\" class=\"alignleft size-medium wp-image-40617\" src=\"http:\/\/www.celttv.com.ar\/wp-content\/uploads\/2019\/03\/52668780_2212809065446535_6370750725600837632_n.jpg\" alt=\"\" width=\"780\" height=\"622\" srcset=\"https:\/\/www.celttv.com.ar\/wp-content\/uploads\/2019\/03\/52668780_2212809065446535_6370750725600837632_n.jpg 802w, https:\/\/www.celttv.com.ar\/wp-content\/uploads\/2019\/03\/52668780_2212809065446535_6370750725600837632_n-300x239.jpg 300w, https:\/\/www.celttv.com.ar\/wp-content\/uploads\/2019\/03\/52668780_2212809065446535_6370750725600837632_n-768x613.jpg 768w, https:\/\/www.celttv.com.ar\/wp-content\/uploads\/2019\/03\/52668780_2212809065446535_6370750725600837632_n-750x599.jpg 750w\" sizes=\"auto, (max-width: 780px) 100vw, 780px\" \/><\/a> <a href=\"http:\/\/www.celttv.com.ar\/?attachment_id=40618\" rel=\"attachment wp-att-40618\"><img loading=\"lazy\" decoding=\"async\" class=\"alignleft size-medium wp-image-40618\" src=\"http:\/\/www.celttv.com.ar\/wp-content\/uploads\/2019\/03\/53270681_2212809008779874_2241979229229023232_n.jpg\" alt=\"\" width=\"780\" height=\"622\" srcset=\"https:\/\/www.celttv.com.ar\/wp-content\/uploads\/2019\/03\/53270681_2212809008779874_2241979229229023232_n.jpg 960w, https:\/\/www.celttv.com.ar\/wp-content\/uploads\/2019\/03\/53270681_2212809008779874_2241979229229023232_n-300x239.jpg 300w, https:\/\/www.celttv.com.ar\/wp-content\/uploads\/2019\/03\/53270681_2212809008779874_2241979229229023232_n-768x612.jpg 768w, https:\/\/www.celttv.com.ar\/wp-content\/uploads\/2019\/03\/53270681_2212809008779874_2241979229229023232_n-750x598.jpg 750w\" sizes=\"auto, (max-width: 780px) 100vw, 780px\" \/><\/a><\/p>\n","protected":false},"excerpt":{"rendered":"<p>El ingreso de muchos jugadores a la cancha junto a sus hijos en brazos para inmortalizar ese momento, se ha transformado en una costumbre a lo largo de la historia del f\u00fatbol. La emoci\u00f3n del pap\u00e1 que busca compartir con su hijo &#8220;ese momento&#8221; \u00fanico, que quedar\u00e1 grabado para siempre en la memoria del jugador [&hellip;]<\/p>\n","protected":false},"author":1,"featured_media":40616,"comment_status":"closed","ping_status":"open","sticky":false,"template":"","format":"standard","meta":{"footnotes":""},"categories":[55,60,52,63],"tags":[],"class_list":["post-40615","post","type-post","status-publish","format-standard","has-post-thumbnail","hentry","category-celt-tv-noticias","category-deporte","category-destacadas","category-magazine-sport"],"yoast_head":"<!-- This site is optimized with the Yoast SEO plugin v19.7.1 - https:\/\/yoast.com\/wordpress\/plugins\/seo\/ -->\n<title>SEBASTI\u00c1N Y FRANCISCO CALLAVA, PADRE E HIJO JUEGAN JUNTOS EN LA 1\u00ba DIVISI\u00d3N DEL CLUB UNI\u00d3N (T) (VIDEO ENTREVISTA) - CELTTV<\/title>\n<meta name=\"description\" content=\"Sitio web de noticias de la localidad de Tornquist, provincia de Buenos Aires, Rep\u00fablica Argentina. Contenido propio originado por periodistas de CELTTV, el canal de TV local de la Cooperativa El\u00e9ctrica de Tornquist. Turismo, Pol\u00edtica, Sociedad, Deporte, Cultura y todo el contenido de inter\u00e9s general que la gente del pueblo y la regi\u00f3n debe conocer.\" \/>\n<meta name=\"robots\" content=\"index, follow, max-snippet:-1, max-image-preview:large, max-video-preview:-1\" \/>\n<link rel=\"canonical\" href=\"https:\/\/www.celttv.com.ar\/index.php\/2019\/03\/27\/sebastian-y-francisco-callava-padre-e-hijo-juegan-juntos-en-la-1o-division-del-club-union-t-video-entrevista\/\" \/>\n<meta property=\"og:locale\" content=\"es_ES\" \/>\n<meta property=\"og:type\" content=\"article\" \/>\n<meta property=\"og:title\" content=\"SEBASTI\u00c1N Y FRANCISCO CALLAVA, PADRE E HIJO JUEGAN JUNTOS EN LA 1\u00ba DIVISI\u00d3N DEL CLUB UNI\u00d3N (T) (VIDEO ENTREVISTA) - CELTTV\" \/>\n<meta property=\"og:description\" content=\"Sitio web de noticias de la localidad de Tornquist, provincia de Buenos Aires, Rep\u00fablica Argentina. Contenido propio originado por periodistas de CELTTV, el canal de TV local de la Cooperativa El\u00e9ctrica de Tornquist. Turismo, Pol\u00edtica, Sociedad, Deporte, Cultura y todo el contenido de inter\u00e9s general que la gente del pueblo y la regi\u00f3n debe conocer.\" \/>\n<meta property=\"og:url\" content=\"https:\/\/www.celttv.com.ar\/index.php\/2019\/03\/27\/sebastian-y-francisco-callava-padre-e-hijo-juegan-juntos-en-la-1o-division-del-club-union-t-video-entrevista\/\" \/>\n<meta property=\"og:site_name\" content=\"CELTTV\" \/>\n<meta property=\"article:publisher\" content=\"https:\/\/www.facebook.com\/celtTV\/\" \/>\n<meta property=\"article:published_time\" content=\"2019-03-27T14:23:47+00:00\" \/>\n<meta property=\"og:image\" content=\"https:\/\/www.celttv.com.ar\/wp-content\/uploads\/2019\/03\/20190325_162347.jpg\" \/>\n\t<meta property=\"og:image:width\" content=\"2048\" \/>\n\t<meta property=\"og:image:height\" content=\"1536\" \/>\n\t<meta property=\"og:image:type\" content=\"image\/jpeg\" \/>\n<meta name=\"author\" content=\"ulises\" \/>\n<meta name=\"twitter:card\" content=\"summary_large_image\" \/>\n<meta name=\"twitter:label1\" content=\"Escrito por\" \/>\n\t<meta name=\"twitter:data1\" content=\"ulises\" \/>\n\t<meta name=\"twitter:label2\" content=\"Tiempo de lectura\" \/>\n\t<meta name=\"twitter:data2\" content=\"1 minuto\" \/>\n<script type=\"application\/ld+json\" class=\"yoast-schema-graph\">{\"@context\":\"https:\/\/schema.org\",\"@graph\":[{\"@type\":\"NewsArticle\",\"@id\":\"https:\/\/www.celttv.com.ar\/index.php\/2019\/03\/27\/sebastian-y-francisco-callava-padre-e-hijo-juegan-juntos-en-la-1o-division-del-club-union-t-video-entrevista\/#article\",\"isPartOf\":{\"@id\":\"https:\/\/www.celttv.com.ar\/index.php\/2019\/03\/27\/sebastian-y-francisco-callava-padre-e-hijo-juegan-juntos-en-la-1o-division-del-club-union-t-video-entrevista\/\"},\"author\":{\"name\":\"ulises\",\"@id\":\"https:\/\/www.celttv.com.ar\/#\/schema\/person\/6d99c072dba59953809c81446e9d0ace\"},\"headline\":\"SEBASTI\u00c1N Y FRANCISCO CALLAVA, PADRE E HIJO JUEGAN JUNTOS EN LA 1\u00ba DIVISI\u00d3N DEL CLUB UNI\u00d3N (T) (VIDEO ENTREVISTA)\",\"datePublished\":\"2019-03-27T14:23:47+00:00\",\"dateModified\":\"2019-03-27T14:23:47+00:00\",\"mainEntityOfPage\":{\"@id\":\"https:\/\/www.celttv.com.ar\/index.php\/2019\/03\/27\/sebastian-y-francisco-callava-padre-e-hijo-juegan-juntos-en-la-1o-division-del-club-union-t-video-entrevista\/\"},\"wordCount\":210,\"publisher\":{\"@id\":\"https:\/\/www.celttv.com.ar\/#organization\"},\"articleSection\":[\"Celt TV Noticias\",\"Deporte\",\"Destacadas\",\"Magazine Sport\"],\"inLanguage\":\"es\"},{\"@type\":\"WebPage\",\"@id\":\"https:\/\/www.celttv.com.ar\/index.php\/2019\/03\/27\/sebastian-y-francisco-callava-padre-e-hijo-juegan-juntos-en-la-1o-division-del-club-union-t-video-entrevista\/\",\"url\":\"https:\/\/www.celttv.com.ar\/index.php\/2019\/03\/27\/sebastian-y-francisco-callava-padre-e-hijo-juegan-juntos-en-la-1o-division-del-club-union-t-video-entrevista\/\",\"name\":\"SEBASTI\u00c1N Y FRANCISCO CALLAVA, PADRE E HIJO JUEGAN JUNTOS EN LA 1\u00ba DIVISI\u00d3N DEL CLUB UNI\u00d3N (T) (VIDEO ENTREVISTA) - CELTTV\",\"isPartOf\":{\"@id\":\"https:\/\/www.celttv.com.ar\/#website\"},\"datePublished\":\"2019-03-27T14:23:47+00:00\",\"dateModified\":\"2019-03-27T14:23:47+00:00\",\"description\":\"Sitio web de noticias de la localidad de Tornquist, provincia de Buenos Aires, Rep\u00fablica Argentina. Contenido propio originado por periodistas de CELTTV, el canal de TV local de la Cooperativa El\u00e9ctrica de Tornquist. Turismo, Pol\u00edtica, Sociedad, Deporte, Cultura y todo el contenido de inter\u00e9s general que la gente del pueblo y la regi\u00f3n debe conocer.\",\"breadcrumb\":{\"@id\":\"https:\/\/www.celttv.com.ar\/index.php\/2019\/03\/27\/sebastian-y-francisco-callava-padre-e-hijo-juegan-juntos-en-la-1o-division-del-club-union-t-video-entrevista\/#breadcrumb\"},\"inLanguage\":\"es\",\"potentialAction\":[{\"@type\":\"ReadAction\",\"target\":[\"https:\/\/www.celttv.com.ar\/index.php\/2019\/03\/27\/sebastian-y-francisco-callava-padre-e-hijo-juegan-juntos-en-la-1o-division-del-club-union-t-video-entrevista\/\"]}]},{\"@type\":\"BreadcrumbList\",\"@id\":\"https:\/\/www.celttv.com.ar\/index.php\/2019\/03\/27\/sebastian-y-francisco-callava-padre-e-hijo-juegan-juntos-en-la-1o-division-del-club-union-t-video-entrevista\/#breadcrumb\",\"itemListElement\":[{\"@type\":\"ListItem\",\"position\":1,\"name\":\"Inicio\",\"item\":\"https:\/\/www.celttv.com.ar\/\"},{\"@type\":\"ListItem\",\"position\":2,\"name\":\"SEBASTI\u00c1N Y FRANCISCO CALLAVA, PADRE E HIJO JUEGAN JUNTOS EN LA 1\u00ba DIVISI\u00d3N DEL CLUB UNI\u00d3N (T) (VIDEO ENTREVISTA)\"}]},{\"@type\":\"WebSite\",\"@id\":\"https:\/\/www.celttv.com.ar\/#website\",\"url\":\"https:\/\/www.celttv.com.ar\/\",\"name\":\"CELTTV\",\"description\":\"Cooperativa El\u00e9ctrica de Tornquist\",\"publisher\":{\"@id\":\"https:\/\/www.celttv.com.ar\/#organization\"},\"potentialAction\":[{\"@type\":\"SearchAction\",\"target\":{\"@type\":\"EntryPoint\",\"urlTemplate\":\"https:\/\/www.celttv.com.ar\/?s={search_term_string}\"},\"query-input\":\"required name=search_term_string\"}],\"inLanguage\":\"es\"},{\"@type\":\"Organization\",\"@id\":\"https:\/\/www.celttv.com.ar\/#organization\",\"name\":\"CELTTV\",\"url\":\"https:\/\/www.celttv.com.ar\/\",\"sameAs\":[\"https:\/\/www.youtube.com\/channel\/UCz_oIt8Hig64Ub-EmcNPIhg\",\"https:\/\/www.facebook.com\/celtTV\/\"],\"logo\":{\"@type\":\"ImageObject\",\"inLanguage\":\"es\",\"@id\":\"https:\/\/www.celttv.com.ar\/#\/schema\/logo\/image\/\",\"url\":\"http:\/\/www.celttv.com.ar\/wp-content\/uploads\/2022\/08\/logo-1.png\",\"contentUrl\":\"http:\/\/www.celttv.com.ar\/wp-content\/uploads\/2022\/08\/logo-1.png\",\"width\":461,\"height\":159,\"caption\":\"CELTTV\"},\"image\":{\"@id\":\"https:\/\/www.celttv.com.ar\/#\/schema\/logo\/image\/\"}},{\"@type\":\"Person\",\"@id\":\"https:\/\/www.celttv.com.ar\/#\/schema\/person\/6d99c072dba59953809c81446e9d0ace\",\"name\":\"ulises\",\"image\":{\"@type\":\"ImageObject\",\"inLanguage\":\"es\",\"@id\":\"https:\/\/www.celttv.com.ar\/#\/schema\/person\/image\/\",\"url\":\"https:\/\/secure.gravatar.com\/avatar\/7f2c48bdc33b30088f941fb6082e555f2874c98e20cb159d7b92b50eadfce793?s=96&d=mm&r=g\",\"contentUrl\":\"https:\/\/secure.gravatar.com\/avatar\/7f2c48bdc33b30088f941fb6082e555f2874c98e20cb159d7b92b50eadfce793?s=96&d=mm&r=g\",\"caption\":\"ulises\"},\"sameAs\":[\"http:\/\/www.celttv.com.ar\"]}]}<\/script>\n<!-- \/ Yoast SEO plugin. -->","yoast_head_json":{"title":"SEBASTI\u00c1N Y FRANCISCO CALLAVA, PADRE E HIJO JUEGAN JUNTOS EN LA 1\u00ba DIVISI\u00d3N DEL CLUB UNI\u00d3N (T) (VIDEO ENTREVISTA) - CELTTV","description":"Sitio web de noticias de la localidad de Tornquist, provincia de Buenos Aires, Rep\u00fablica Argentina. Contenido propio originado por periodistas de CELTTV, el canal de TV local de la Cooperativa El\u00e9ctrica de Tornquist. Turismo, Pol\u00edtica, Sociedad, Deporte, Cultura y todo el contenido de inter\u00e9s general que la gente del pueblo y la regi\u00f3n debe conocer.","robots":{"index":"index","follow":"follow","max-snippet":"max-snippet:-1","max-image-preview":"max-image-preview:large","max-video-preview":"max-video-preview:-1"},"canonical":"https:\/\/www.celttv.com.ar\/index.php\/2019\/03\/27\/sebastian-y-francisco-callava-padre-e-hijo-juegan-juntos-en-la-1o-division-del-club-union-t-video-entrevista\/","og_locale":"es_ES","og_type":"article","og_title":"SEBASTI\u00c1N Y FRANCISCO CALLAVA, PADRE E HIJO JUEGAN JUNTOS EN LA 1\u00ba DIVISI\u00d3N DEL CLUB UNI\u00d3N (T) (VIDEO ENTREVISTA) - CELTTV","og_description":"Sitio web de noticias de la localidad de Tornquist, provincia de Buenos Aires, Rep\u00fablica Argentina. Contenido propio originado por periodistas de CELTTV, el canal de TV local de la Cooperativa El\u00e9ctrica de Tornquist. Turismo, Pol\u00edtica, Sociedad, Deporte, Cultura y todo el contenido de inter\u00e9s general que la gente del pueblo y la regi\u00f3n debe conocer.","og_url":"https:\/\/www.celttv.com.ar\/index.php\/2019\/03\/27\/sebastian-y-francisco-callava-padre-e-hijo-juegan-juntos-en-la-1o-division-del-club-union-t-video-entrevista\/","og_site_name":"CELTTV","article_publisher":"https:\/\/www.facebook.com\/celtTV\/","article_published_time":"2019-03-27T14:23:47+00:00","og_image":[{"width":2048,"height":1536,"url":"https:\/\/www.celttv.com.ar\/wp-content\/uploads\/2019\/03\/20190325_162347.jpg","type":"image\/jpeg"}],"author":"ulises","twitter_card":"summary_large_image","twitter_misc":{"Escrito por":"ulises","Tiempo de lectura":"1 minuto"},"schema":{"@context":"https:\/\/schema.org","@graph":[{"@type":"NewsArticle","@id":"https:\/\/www.celttv.com.ar\/index.php\/2019\/03\/27\/sebastian-y-francisco-callava-padre-e-hijo-juegan-juntos-en-la-1o-division-del-club-union-t-video-entrevista\/#article","isPartOf":{"@id":"https:\/\/www.celttv.com.ar\/index.php\/2019\/03\/27\/sebastian-y-francisco-callava-padre-e-hijo-juegan-juntos-en-la-1o-division-del-club-union-t-video-entrevista\/"},"author":{"name":"ulises","@id":"https:\/\/www.celttv.com.ar\/#\/schema\/person\/6d99c072dba59953809c81446e9d0ace"},"headline":"SEBASTI\u00c1N Y FRANCISCO CALLAVA, PADRE E HIJO JUEGAN JUNTOS EN LA 1\u00ba DIVISI\u00d3N DEL CLUB UNI\u00d3N (T) (VIDEO ENTREVISTA)","datePublished":"2019-03-27T14:23:47+00:00","dateModified":"2019-03-27T14:23:47+00:00","mainEntityOfPage":{"@id":"https:\/\/www.celttv.com.ar\/index.php\/2019\/03\/27\/sebastian-y-francisco-callava-padre-e-hijo-juegan-juntos-en-la-1o-division-del-club-union-t-video-entrevista\/"},"wordCount":210,"publisher":{"@id":"https:\/\/www.celttv.com.ar\/#organization"},"articleSection":["Celt TV Noticias","Deporte","Destacadas","Magazine Sport"],"inLanguage":"es"},{"@type":"WebPage","@id":"https:\/\/www.celttv.com.ar\/index.php\/2019\/03\/27\/sebastian-y-francisco-callava-padre-e-hijo-juegan-juntos-en-la-1o-division-del-club-union-t-video-entrevista\/","url":"https:\/\/www.celttv.com.ar\/index.php\/2019\/03\/27\/sebastian-y-francisco-callava-padre-e-hijo-juegan-juntos-en-la-1o-division-del-club-union-t-video-entrevista\/","name":"SEBASTI\u00c1N Y FRANCISCO CALLAVA, PADRE E HIJO JUEGAN JUNTOS EN LA 1\u00ba DIVISI\u00d3N DEL CLUB UNI\u00d3N (T) (VIDEO ENTREVISTA) - CELTTV","isPartOf":{"@id":"https:\/\/www.celttv.com.ar\/#website"},"datePublished":"2019-03-27T14:23:47+00:00","dateModified":"2019-03-27T14:23:47+00:00","description":"Sitio web de noticias de la localidad de Tornquist, provincia de Buenos Aires, Rep\u00fablica Argentina. Contenido propio originado por periodistas de CELTTV, el canal de TV local de la Cooperativa El\u00e9ctrica de Tornquist. Turismo, Pol\u00edtica, Sociedad, Deporte, Cultura y todo el contenido de inter\u00e9s general que la gente del pueblo y la regi\u00f3n debe conocer.","breadcrumb":{"@id":"https:\/\/www.celttv.com.ar\/index.php\/2019\/03\/27\/sebastian-y-francisco-callava-padre-e-hijo-juegan-juntos-en-la-1o-division-del-club-union-t-video-entrevista\/#breadcrumb"},"inLanguage":"es","potentialAction":[{"@type":"ReadAction","target":["https:\/\/www.celttv.com.ar\/index.php\/2019\/03\/27\/sebastian-y-francisco-callava-padre-e-hijo-juegan-juntos-en-la-1o-division-del-club-union-t-video-entrevista\/"]}]},{"@type":"BreadcrumbList","@id":"https:\/\/www.celttv.com.ar\/index.php\/2019\/03\/27\/sebastian-y-francisco-callava-padre-e-hijo-juegan-juntos-en-la-1o-division-del-club-union-t-video-entrevista\/#breadcrumb","itemListElement":[{"@type":"ListItem","position":1,"name":"Inicio","item":"https:\/\/www.celttv.com.ar\/"},{"@type":"ListItem","position":2,"name":"SEBASTI\u00c1N Y FRANCISCO CALLAVA, PADRE E HIJO JUEGAN JUNTOS EN LA 1\u00ba DIVISI\u00d3N DEL CLUB UNI\u00d3N (T) (VIDEO ENTREVISTA)"}]},{"@type":"WebSite","@id":"https:\/\/www.celttv.com.ar\/#website","url":"https:\/\/www.celttv.com.ar\/","name":"CELTTV","description":"Cooperativa El\u00e9ctrica de Tornquist","publisher":{"@id":"https:\/\/www.celttv.com.ar\/#organization"},"potentialAction":[{"@type":"SearchAction","target":{"@type":"EntryPoint","urlTemplate":"https:\/\/www.celttv.com.ar\/?s={search_term_string}"},"query-input":"required name=search_term_string"}],"inLanguage":"es"},{"@type":"Organization","@id":"https:\/\/www.celttv.com.ar\/#organization","name":"CELTTV","url":"https:\/\/www.celttv.com.ar\/","sameAs":["https:\/\/www.youtube.com\/channel\/UCz_oIt8Hig64Ub-EmcNPIhg","https:\/\/www.facebook.com\/celtTV\/"],"logo":{"@type":"ImageObject","inLanguage":"es","@id":"https:\/\/www.celttv.com.ar\/#\/schema\/logo\/image\/","url":"http:\/\/www.celttv.com.ar\/wp-content\/uploads\/2022\/08\/logo-1.png","contentUrl":"http:\/\/www.celttv.com.ar\/wp-content\/uploads\/2022\/08\/logo-1.png","width":461,"height":159,"caption":"CELTTV"},"image":{"@id":"https:\/\/www.celttv.com.ar\/#\/schema\/logo\/image\/"}},{"@type":"Person","@id":"https:\/\/www.celttv.com.ar\/#\/schema\/person\/6d99c072dba59953809c81446e9d0ace","name":"ulises","image":{"@type":"ImageObject","inLanguage":"es","@id":"https:\/\/www.celttv.com.ar\/#\/schema\/person\/image\/","url":"https:\/\/secure.gravatar.com\/avatar\/7f2c48bdc33b30088f941fb6082e555f2874c98e20cb159d7b92b50eadfce793?s=96&d=mm&r=g","contentUrl":"https:\/\/secure.gravatar.com\/avatar\/7f2c48bdc33b30088f941fb6082e555f2874c98e20cb159d7b92b50eadfce793?s=96&d=mm&r=g","caption":"ulises"},"sameAs":["http:\/\/www.celttv.com.ar"]}]}},"_links":{"self":[{"href":"https:\/\/www.celttv.com.ar\/index.php\/wp-json\/wp\/v2\/posts\/40615","targetHints":{"allow":["GET"]}}],"collection":[{"href":"https:\/\/www.celttv.com.ar\/index.php\/wp-json\/wp\/v2\/posts"}],"about":[{"href":"https:\/\/www.celttv.com.ar\/index.php\/wp-json\/wp\/v2\/types\/post"}],"author":[{"embeddable":true,"href":"https:\/\/www.celttv.com.ar\/index.php\/wp-json\/wp\/v2\/users\/1"}],"replies":[{"embeddable":true,"href":"https:\/\/www.celttv.com.ar\/index.php\/wp-json\/wp\/v2\/comments?post=40615"}],"version-history":[{"count":0,"href":"https:\/\/www.celttv.com.ar\/index.php\/wp-json\/wp\/v2\/posts\/40615\/revisions"}],"wp:featuredmedia":[{"embeddable":true,"href":"https:\/\/www.celttv.com.ar\/index.php\/wp-json\/wp\/v2\/media\/40616"}],"wp:attachment":[{"href":"https:\/\/www.celttv.com.ar\/index.php\/wp-json\/wp\/v2\/media?parent=40615"}],"wp:term":[{"taxonomy":"category","embeddable":true,"href":"https:\/\/www.celttv.com.ar\/index.php\/wp-json\/wp\/v2\/categories?post=40615"},{"taxonomy":"post_tag","embeddable":true,"href":"https:\/\/www.celttv.com.ar\/index.php\/wp-json\/wp\/v2\/tags?post=40615"}],"curies":[{"name":"wp","href":"https:\/\/api.w.org\/{rel}","templated":true}]}}