{"id":40630,"date":"2019-03-27T21:17:34","date_gmt":"2019-03-27T21:17:34","guid":{"rendered":"http:\/\/www.celttv.com.ar\/?p=40630"},"modified":"2019-03-27T21:17:34","modified_gmt":"2019-03-27T21:17:34","slug":"el-cambio-solo-era-especulacion-financiera","status":"publish","type":"post","link":"https:\/\/www.celttv.com.ar\/index.php\/2019\/03\/27\/el-cambio-solo-era-especulacion-financiera\/","title":{"rendered":"El &#8220;cambio&#8221; s\u00f3lo era especulaci\u00f3n financiera (Escribe Carlos Dana)"},"content":{"rendered":"<div>El Intendente de Tornquist puso fondos del Municipio, o sea de todos los vecinos, a plazo fijo. As\u00ed lo indica la p\u00e1gina oficial de la Reforma de Administraci\u00f3n Financiera en el Ambito Municipal (RAFAM).\u00a0Son dos plazos fijos, que suman un total de 28 millones de pesos (un poco m\u00e1s de 650 mil d\u00f3lares). (ver im\u00e1genes adjuntas).<\/div>\n<div>\n<div>Estimo que los fondos a plazo fijo deben tener un destino, nos gustar\u00eda que el ejecutivo nos informara cual, pero seguramente no llegar\u00e1 a las urgencias que hoy padecen los Tornquinstenses, pol\u00edticas de salud, acci\u00f3n social, educaci\u00f3n, empleo y seguridad.<\/div>\n<p>Entonces, cuando dialogues con funcionarios o concejales oficialistas del Distrito,\u00a0no te resignes a la frase de cabecera que repiten hace a\u00f1os: &#8220;No hay plata&#8221;. Preguntale sobre este tema.<\/p>\n<\/div>\n<div>Me pregunto: \u00bfhab\u00eda plata para sanear el basural a cielo abierto? pero decidieron endeudarse por 11,6 millones de pesos, que pagar\u00e1 la pr\u00f3xima gesti\u00f3n.<\/div>\n<div>Si sos jubilado y vas a Desarrollo Social a pedir ayuda, ten\u00e9 en cuenta que hay plata para pagar esas boletas de servicios, los remedios o la garrafa.<\/div>\n<div>Si vas al Hospital o a la Sala y te quieren cobrar las vacunas, no te resignes, deciles que tienen plata.<\/div>\n<div>Tambi\u00e9n hay plata para que los alumnos en las escuelas desayunen y merienden con dignidad.<\/div>\n<div>Hablamos de personas, de vecinos, que han reducido su ingreso solo a sobrevivir, hay pobres en el Distrito, siempre los hubo, pero ahora hay muchos m\u00e1s.<\/div>\n<div>Si sos trabajador municipal, y te informan que los aumentos prometidos no van a ser posibles, porque &#8220;no hay plata&#8221;, recordale que existen dos plazos fijos que significan un aumento o en su defecto un buen bono.<\/div>\n<div>Si sos prestador tur\u00edstico o peque\u00f1o comerciante y la gesti\u00f3n local te aument\u00f3 400% las tasas de seguridad e higiene porque dicen que &#8220;no hay plata&#8221;, recordale lo del plazo fijo.<\/div>\n<div>Cuando rompas el amortiguador en las calles de Sierra de la Ventana o te digan que no tienen personal policial para realizar tareas preventivas, record\u00e1 siempre: fondos hay. Est\u00e1n a plazo fijo.<\/div>\n<div>A los vecinos que hace a\u00f1os les prometieron 500 viviendas pueden invitarlos a tomar mate en el hall del Banco ah\u00ed est\u00e1 su techo, a plazo fijo.<\/div>\n<div>\n<div>No es casualidad que en estos \u00faltimos tres a\u00f1os en la Argentina los diez primeros puestos de los que m\u00e1s ganancias han tenido se dividan entre banqueros y grandes empresarios del petr\u00f3leo, gas y electricidad.<\/div>\n<div>El gobierno local apost\u00f3 a la bicicleta financiera en vez de generar proyectos y realizar gestiones.\u00a0Decidieron especular en vez de pensar pol\u00edticas a corto plazo que realmente transformen al Distrito.\u00a0No se corrieron ni un cent\u00edmetro\u00a0de las pol\u00edticas aplicadas por Mauricio Macri.<\/div>\n<\/div>\n<div><\/div>\n<div>LIC. CARLOS DANA<\/div>\n<div>PERONISMO FEDERAL<\/div>\n<div>21715565<\/div>\n<div><\/div>\n<div><a href=\"http:\/\/www.celttv.com.ar\/?attachment_id=40631\" rel=\"attachment wp-att-40631\"><img loading=\"lazy\" decoding=\"async\" class=\"alignleft size-full wp-image-40631\" src=\"http:\/\/www.celttv.com.ar\/wp-content\/uploads\/2019\/03\/plazo-fijo-2.jpg\" alt=\"\" width=\"1152\" height=\"864\" srcset=\"https:\/\/www.celttv.com.ar\/wp-content\/uploads\/2019\/03\/plazo-fijo-2.jpg 1152w, https:\/\/www.celttv.com.ar\/wp-content\/uploads\/2019\/03\/plazo-fijo-2-300x225.jpg 300w, https:\/\/www.celttv.com.ar\/wp-content\/uploads\/2019\/03\/plazo-fijo-2-1024x768.jpg 1024w, https:\/\/www.celttv.com.ar\/wp-content\/uploads\/2019\/03\/plazo-fijo-2-768x576.jpg 768w, https:\/\/www.celttv.com.ar\/wp-content\/uploads\/2019\/03\/plazo-fijo-2-750x563.jpg 750w, https:\/\/www.celttv.com.ar\/wp-content\/uploads\/2019\/03\/plazo-fijo-2-1140x855.jpg 1140w\" sizes=\"auto, (max-width: 1152px) 100vw, 1152px\" \/><\/a> <a href=\"http:\/\/www.celttv.com.ar\/?attachment_id=40632\" rel=\"attachment wp-att-40632\"><img loading=\"lazy\" decoding=\"async\" class=\"alignleft size-medium wp-image-40632\" src=\"http:\/\/www.celttv.com.ar\/wp-content\/uploads\/2019\/03\/thumbnail_plazo-fijo-1s.jpg\" alt=\"\" width=\"780\" height=\"585\" srcset=\"https:\/\/www.celttv.com.ar\/wp-content\/uploads\/2019\/03\/thumbnail_plazo-fijo-1s.jpg 1152w, https:\/\/www.celttv.com.ar\/wp-content\/uploads\/2019\/03\/thumbnail_plazo-fijo-1s-300x225.jpg 300w, https:\/\/www.celttv.com.ar\/wp-content\/uploads\/2019\/03\/thumbnail_plazo-fijo-1s-1024x768.jpg 1024w, https:\/\/www.celttv.com.ar\/wp-content\/uploads\/2019\/03\/thumbnail_plazo-fijo-1s-768x576.jpg 768w, https:\/\/www.celttv.com.ar\/wp-content\/uploads\/2019\/03\/thumbnail_plazo-fijo-1s-750x563.jpg 750w, https:\/\/www.celttv.com.ar\/wp-content\/uploads\/2019\/03\/thumbnail_plazo-fijo-1s-1140x855.jpg 1140w\" sizes=\"auto, (max-width: 780px) 100vw, 780px\" \/><\/a><\/div>\n","protected":false},"excerpt":{"rendered":"<p>El Intendente de Tornquist puso fondos del Municipio, o sea de todos los vecinos, a plazo fijo. As\u00ed lo indica la p\u00e1gina oficial de la Reforma de Administraci\u00f3n Financiera en el Ambito Municipal (RAFAM).\u00a0Son dos plazos fijos, que suman un total de 28 millones de pesos (un poco m\u00e1s de 650 mil d\u00f3lares). (ver im\u00e1genes [&hellip;]<\/p>\n","protected":false},"author":1,"featured_media":40633,"comment_status":"closed","ping_status":"open","sticky":false,"template":"","format":"standard","meta":{"footnotes":""},"categories":[55,52,53],"tags":[],"class_list":["post-40630","post","type-post","status-publish","format-standard","has-post-thumbnail","hentry","category-celt-tv-noticias","category-destacadas","category-politica"],"yoast_head":"<!-- This site is optimized with the Yoast SEO plugin v19.7.1 - https:\/\/yoast.com\/wordpress\/plugins\/seo\/ -->\n<title>El &quot;cambio&quot; s\u00f3lo era especulaci\u00f3n financiera (Escribe Carlos Dana) - CELTTV<\/title>\n<meta name=\"description\" content=\"Sitio web de noticias de la localidad de Tornquist, provincia de Buenos Aires, Rep\u00fablica Argentina. Contenido propio originado por periodistas de CELTTV, el canal de TV local de la Cooperativa El\u00e9ctrica de Tornquist. Turismo, Pol\u00edtica, Sociedad, Deporte, Cultura y todo el contenido de inter\u00e9s general que la gente del pueblo y la regi\u00f3n debe conocer.\" \/>\n<meta name=\"robots\" content=\"index, follow, max-snippet:-1, max-image-preview:large, max-video-preview:-1\" \/>\n<link rel=\"canonical\" href=\"https:\/\/www.celttv.com.ar\/index.php\/2019\/03\/27\/el-cambio-solo-era-especulacion-financiera\/\" \/>\n<meta property=\"og:locale\" content=\"es_ES\" \/>\n<meta property=\"og:type\" content=\"article\" \/>\n<meta property=\"og:title\" content=\"El &quot;cambio&quot; s\u00f3lo era especulaci\u00f3n financiera (Escribe Carlos Dana) - CELTTV\" \/>\n<meta property=\"og:description\" content=\"Sitio web de noticias de la localidad de Tornquist, provincia de Buenos Aires, Rep\u00fablica Argentina. Contenido propio originado por periodistas de CELTTV, el canal de TV local de la Cooperativa El\u00e9ctrica de Tornquist. Turismo, Pol\u00edtica, Sociedad, Deporte, Cultura y todo el contenido de inter\u00e9s general que la gente del pueblo y la regi\u00f3n debe conocer.\" \/>\n<meta property=\"og:url\" content=\"https:\/\/www.celttv.com.ar\/index.php\/2019\/03\/27\/el-cambio-solo-era-especulacion-financiera\/\" \/>\n<meta property=\"og:site_name\" content=\"CELTTV\" \/>\n<meta property=\"article:publisher\" content=\"https:\/\/www.facebook.com\/celtTV\/\" \/>\n<meta property=\"article:published_time\" content=\"2019-03-27T21:17:34+00:00\" \/>\n<meta property=\"og:image\" content=\"https:\/\/www.celttv.com.ar\/wp-content\/uploads\/2019\/03\/3765.jpg\" \/>\n\t<meta property=\"og:image:width\" content=\"448\" \/>\n\t<meta property=\"og:image:height\" content=\"336\" \/>\n\t<meta property=\"og:image:type\" content=\"image\/jpeg\" \/>\n<meta name=\"author\" content=\"ulises\" \/>\n<meta name=\"twitter:card\" content=\"summary_large_image\" \/>\n<meta name=\"twitter:label1\" content=\"Escrito por\" \/>\n\t<meta name=\"twitter:data1\" content=\"ulises\" \/>\n\t<meta name=\"twitter:label2\" content=\"Tiempo de lectura\" \/>\n\t<meta name=\"twitter:data2\" content=\"2 minutos\" \/>\n<script type=\"application\/ld+json\" class=\"yoast-schema-graph\">{\"@context\":\"https:\/\/schema.org\",\"@graph\":[{\"@type\":\"NewsArticle\",\"@id\":\"https:\/\/www.celttv.com.ar\/index.php\/2019\/03\/27\/el-cambio-solo-era-especulacion-financiera\/#article\",\"isPartOf\":{\"@id\":\"https:\/\/www.celttv.com.ar\/index.php\/2019\/03\/27\/el-cambio-solo-era-especulacion-financiera\/\"},\"author\":{\"name\":\"ulises\",\"@id\":\"https:\/\/www.celttv.com.ar\/#\/schema\/person\/6d99c072dba59953809c81446e9d0ace\"},\"headline\":\"El &#8220;cambio&#8221; s\u00f3lo era especulaci\u00f3n financiera (Escribe Carlos Dana)\",\"datePublished\":\"2019-03-27T21:17:34+00:00\",\"dateModified\":\"2019-03-27T21:17:34+00:00\",\"mainEntityOfPage\":{\"@id\":\"https:\/\/www.celttv.com.ar\/index.php\/2019\/03\/27\/el-cambio-solo-era-especulacion-financiera\/\"},\"wordCount\":483,\"publisher\":{\"@id\":\"https:\/\/www.celttv.com.ar\/#organization\"},\"articleSection\":[\"Celt TV Noticias\",\"Destacadas\",\"Pol\u00edtica\"],\"inLanguage\":\"es\"},{\"@type\":\"WebPage\",\"@id\":\"https:\/\/www.celttv.com.ar\/index.php\/2019\/03\/27\/el-cambio-solo-era-especulacion-financiera\/\",\"url\":\"https:\/\/www.celttv.com.ar\/index.php\/2019\/03\/27\/el-cambio-solo-era-especulacion-financiera\/\",\"name\":\"El \\\"cambio\\\" s\u00f3lo era especulaci\u00f3n financiera (Escribe Carlos Dana) - CELTTV\",\"isPartOf\":{\"@id\":\"https:\/\/www.celttv.com.ar\/#website\"},\"datePublished\":\"2019-03-27T21:17:34+00:00\",\"dateModified\":\"2019-03-27T21:17:34+00:00\",\"description\":\"Sitio web de noticias de la localidad de Tornquist, provincia de Buenos Aires, Rep\u00fablica Argentina. Contenido propio originado por periodistas de CELTTV, el canal de TV local de la Cooperativa El\u00e9ctrica de Tornquist. Turismo, Pol\u00edtica, Sociedad, Deporte, Cultura y todo el contenido de inter\u00e9s general que la gente del pueblo y la regi\u00f3n debe conocer.\",\"breadcrumb\":{\"@id\":\"https:\/\/www.celttv.com.ar\/index.php\/2019\/03\/27\/el-cambio-solo-era-especulacion-financiera\/#breadcrumb\"},\"inLanguage\":\"es\",\"potentialAction\":[{\"@type\":\"ReadAction\",\"target\":[\"https:\/\/www.celttv.com.ar\/index.php\/2019\/03\/27\/el-cambio-solo-era-especulacion-financiera\/\"]}]},{\"@type\":\"BreadcrumbList\",\"@id\":\"https:\/\/www.celttv.com.ar\/index.php\/2019\/03\/27\/el-cambio-solo-era-especulacion-financiera\/#breadcrumb\",\"itemListElement\":[{\"@type\":\"ListItem\",\"position\":1,\"name\":\"Inicio\",\"item\":\"https:\/\/www.celttv.com.ar\/\"},{\"@type\":\"ListItem\",\"position\":2,\"name\":\"El &#8220;cambio&#8221; s\u00f3lo era especulaci\u00f3n financiera (Escribe Carlos Dana)\"}]},{\"@type\":\"WebSite\",\"@id\":\"https:\/\/www.celttv.com.ar\/#website\",\"url\":\"https:\/\/www.celttv.com.ar\/\",\"name\":\"CELTTV\",\"description\":\"Cooperativa El\u00e9ctrica de Tornquist\",\"publisher\":{\"@id\":\"https:\/\/www.celttv.com.ar\/#organization\"},\"potentialAction\":[{\"@type\":\"SearchAction\",\"target\":{\"@type\":\"EntryPoint\",\"urlTemplate\":\"https:\/\/www.celttv.com.ar\/?s={search_term_string}\"},\"query-input\":\"required name=search_term_string\"}],\"inLanguage\":\"es\"},{\"@type\":\"Organization\",\"@id\":\"https:\/\/www.celttv.com.ar\/#organization\",\"name\":\"CELTTV\",\"url\":\"https:\/\/www.celttv.com.ar\/\",\"sameAs\":[\"https:\/\/www.youtube.com\/channel\/UCz_oIt8Hig64Ub-EmcNPIhg\",\"https:\/\/www.facebook.com\/celtTV\/\"],\"logo\":{\"@type\":\"ImageObject\",\"inLanguage\":\"es\",\"@id\":\"https:\/\/www.celttv.com.ar\/#\/schema\/logo\/image\/\",\"url\":\"http:\/\/www.celttv.com.ar\/wp-content\/uploads\/2022\/08\/logo-1.png\",\"contentUrl\":\"http:\/\/www.celttv.com.ar\/wp-content\/uploads\/2022\/08\/logo-1.png\",\"width\":461,\"height\":159,\"caption\":\"CELTTV\"},\"image\":{\"@id\":\"https:\/\/www.celttv.com.ar\/#\/schema\/logo\/image\/\"}},{\"@type\":\"Person\",\"@id\":\"https:\/\/www.celttv.com.ar\/#\/schema\/person\/6d99c072dba59953809c81446e9d0ace\",\"name\":\"ulises\",\"image\":{\"@type\":\"ImageObject\",\"inLanguage\":\"es\",\"@id\":\"https:\/\/www.celttv.com.ar\/#\/schema\/person\/image\/\",\"url\":\"https:\/\/secure.gravatar.com\/avatar\/7f2c48bdc33b30088f941fb6082e555f2874c98e20cb159d7b92b50eadfce793?s=96&d=mm&r=g\",\"contentUrl\":\"https:\/\/secure.gravatar.com\/avatar\/7f2c48bdc33b30088f941fb6082e555f2874c98e20cb159d7b92b50eadfce793?s=96&d=mm&r=g\",\"caption\":\"ulises\"},\"sameAs\":[\"http:\/\/www.celttv.com.ar\"]}]}<\/script>\n<!-- \/ Yoast SEO plugin. -->","yoast_head_json":{"title":"El \"cambio\" s\u00f3lo era especulaci\u00f3n financiera (Escribe Carlos Dana) - CELTTV","description":"Sitio web de noticias de la localidad de Tornquist, provincia de Buenos Aires, Rep\u00fablica Argentina. Contenido propio originado por periodistas de CELTTV, el canal de TV local de la Cooperativa El\u00e9ctrica de Tornquist. Turismo, Pol\u00edtica, Sociedad, Deporte, Cultura y todo el contenido de inter\u00e9s general que la gente del pueblo y la regi\u00f3n debe conocer.","robots":{"index":"index","follow":"follow","max-snippet":"max-snippet:-1","max-image-preview":"max-image-preview:large","max-video-preview":"max-video-preview:-1"},"canonical":"https:\/\/www.celttv.com.ar\/index.php\/2019\/03\/27\/el-cambio-solo-era-especulacion-financiera\/","og_locale":"es_ES","og_type":"article","og_title":"El \"cambio\" s\u00f3lo era especulaci\u00f3n financiera (Escribe Carlos Dana) - CELTTV","og_description":"Sitio web de noticias de la localidad de Tornquist, provincia de Buenos Aires, Rep\u00fablica Argentina. Contenido propio originado por periodistas de CELTTV, el canal de TV local de la Cooperativa El\u00e9ctrica de Tornquist. Turismo, Pol\u00edtica, Sociedad, Deporte, Cultura y todo el contenido de inter\u00e9s general que la gente del pueblo y la regi\u00f3n debe conocer.","og_url":"https:\/\/www.celttv.com.ar\/index.php\/2019\/03\/27\/el-cambio-solo-era-especulacion-financiera\/","og_site_name":"CELTTV","article_publisher":"https:\/\/www.facebook.com\/celtTV\/","article_published_time":"2019-03-27T21:17:34+00:00","og_image":[{"width":448,"height":336,"url":"https:\/\/www.celttv.com.ar\/wp-content\/uploads\/2019\/03\/3765.jpg","type":"image\/jpeg"}],"author":"ulises","twitter_card":"summary_large_image","twitter_misc":{"Escrito por":"ulises","Tiempo de lectura":"2 minutos"},"schema":{"@context":"https:\/\/schema.org","@graph":[{"@type":"NewsArticle","@id":"https:\/\/www.celttv.com.ar\/index.php\/2019\/03\/27\/el-cambio-solo-era-especulacion-financiera\/#article","isPartOf":{"@id":"https:\/\/www.celttv.com.ar\/index.php\/2019\/03\/27\/el-cambio-solo-era-especulacion-financiera\/"},"author":{"name":"ulises","@id":"https:\/\/www.celttv.com.ar\/#\/schema\/person\/6d99c072dba59953809c81446e9d0ace"},"headline":"El &#8220;cambio&#8221; s\u00f3lo era especulaci\u00f3n financiera (Escribe Carlos Dana)","datePublished":"2019-03-27T21:17:34+00:00","dateModified":"2019-03-27T21:17:34+00:00","mainEntityOfPage":{"@id":"https:\/\/www.celttv.com.ar\/index.php\/2019\/03\/27\/el-cambio-solo-era-especulacion-financiera\/"},"wordCount":483,"publisher":{"@id":"https:\/\/www.celttv.com.ar\/#organization"},"articleSection":["Celt TV Noticias","Destacadas","Pol\u00edtica"],"inLanguage":"es"},{"@type":"WebPage","@id":"https:\/\/www.celttv.com.ar\/index.php\/2019\/03\/27\/el-cambio-solo-era-especulacion-financiera\/","url":"https:\/\/www.celttv.com.ar\/index.php\/2019\/03\/27\/el-cambio-solo-era-especulacion-financiera\/","name":"El \"cambio\" s\u00f3lo era especulaci\u00f3n financiera (Escribe Carlos Dana) - CELTTV","isPartOf":{"@id":"https:\/\/www.celttv.com.ar\/#website"},"datePublished":"2019-03-27T21:17:34+00:00","dateModified":"2019-03-27T21:17:34+00:00","description":"Sitio web de noticias de la localidad de Tornquist, provincia de Buenos Aires, Rep\u00fablica Argentina. Contenido propio originado por periodistas de CELTTV, el canal de TV local de la Cooperativa El\u00e9ctrica de Tornquist. Turismo, Pol\u00edtica, Sociedad, Deporte, Cultura y todo el contenido de inter\u00e9s general que la gente del pueblo y la regi\u00f3n debe conocer.","breadcrumb":{"@id":"https:\/\/www.celttv.com.ar\/index.php\/2019\/03\/27\/el-cambio-solo-era-especulacion-financiera\/#breadcrumb"},"inLanguage":"es","potentialAction":[{"@type":"ReadAction","target":["https:\/\/www.celttv.com.ar\/index.php\/2019\/03\/27\/el-cambio-solo-era-especulacion-financiera\/"]}]},{"@type":"BreadcrumbList","@id":"https:\/\/www.celttv.com.ar\/index.php\/2019\/03\/27\/el-cambio-solo-era-especulacion-financiera\/#breadcrumb","itemListElement":[{"@type":"ListItem","position":1,"name":"Inicio","item":"https:\/\/www.celttv.com.ar\/"},{"@type":"ListItem","position":2,"name":"El &#8220;cambio&#8221; s\u00f3lo era especulaci\u00f3n financiera (Escribe Carlos Dana)"}]},{"@type":"WebSite","@id":"https:\/\/www.celttv.com.ar\/#website","url":"https:\/\/www.celttv.com.ar\/","name":"CELTTV","description":"Cooperativa El\u00e9ctrica de Tornquist","publisher":{"@id":"https:\/\/www.celttv.com.ar\/#organization"},"potentialAction":[{"@type":"SearchAction","target":{"@type":"EntryPoint","urlTemplate":"https:\/\/www.celttv.com.ar\/?s={search_term_string}"},"query-input":"required name=search_term_string"}],"inLanguage":"es"},{"@type":"Organization","@id":"https:\/\/www.celttv.com.ar\/#organization","name":"CELTTV","url":"https:\/\/www.celttv.com.ar\/","sameAs":["https:\/\/www.youtube.com\/channel\/UCz_oIt8Hig64Ub-EmcNPIhg","https:\/\/www.facebook.com\/celtTV\/"],"logo":{"@type":"ImageObject","inLanguage":"es","@id":"https:\/\/www.celttv.com.ar\/#\/schema\/logo\/image\/","url":"http:\/\/www.celttv.com.ar\/wp-content\/uploads\/2022\/08\/logo-1.png","contentUrl":"http:\/\/www.celttv.com.ar\/wp-content\/uploads\/2022\/08\/logo-1.png","width":461,"height":159,"caption":"CELTTV"},"image":{"@id":"https:\/\/www.celttv.com.ar\/#\/schema\/logo\/image\/"}},{"@type":"Person","@id":"https:\/\/www.celttv.com.ar\/#\/schema\/person\/6d99c072dba59953809c81446e9d0ace","name":"ulises","image":{"@type":"ImageObject","inLanguage":"es","@id":"https:\/\/www.celttv.com.ar\/#\/schema\/person\/image\/","url":"https:\/\/secure.gravatar.com\/avatar\/7f2c48bdc33b30088f941fb6082e555f2874c98e20cb159d7b92b50eadfce793?s=96&d=mm&r=g","contentUrl":"https:\/\/secure.gravatar.com\/avatar\/7f2c48bdc33b30088f941fb6082e555f2874c98e20cb159d7b92b50eadfce793?s=96&d=mm&r=g","caption":"ulises"},"sameAs":["http:\/\/www.celttv.com.ar"]}]}},"_links":{"self":[{"href":"https:\/\/www.celttv.com.ar\/index.php\/wp-json\/wp\/v2\/posts\/40630","targetHints":{"allow":["GET"]}}],"collection":[{"href":"https:\/\/www.celttv.com.ar\/index.php\/wp-json\/wp\/v2\/posts"}],"about":[{"href":"https:\/\/www.celttv.com.ar\/index.php\/wp-json\/wp\/v2\/types\/post"}],"author":[{"embeddable":true,"href":"https:\/\/www.celttv.com.ar\/index.php\/wp-json\/wp\/v2\/users\/1"}],"replies":[{"embeddable":true,"href":"https:\/\/www.celttv.com.ar\/index.php\/wp-json\/wp\/v2\/comments?post=40630"}],"version-history":[{"count":0,"href":"https:\/\/www.celttv.com.ar\/index.php\/wp-json\/wp\/v2\/posts\/40630\/revisions"}],"wp:featuredmedia":[{"embeddable":true,"href":"https:\/\/www.celttv.com.ar\/index.php\/wp-json\/wp\/v2\/media\/40633"}],"wp:attachment":[{"href":"https:\/\/www.celttv.com.ar\/index.php\/wp-json\/wp\/v2\/media?parent=40630"}],"wp:term":[{"taxonomy":"category","embeddable":true,"href":"https:\/\/www.celttv.com.ar\/index.php\/wp-json\/wp\/v2\/categories?post=40630"},{"taxonomy":"post_tag","embeddable":true,"href":"https:\/\/www.celttv.com.ar\/index.php\/wp-json\/wp\/v2\/tags?post=40630"}],"curies":[{"name":"wp","href":"https:\/\/api.w.org\/{rel}","templated":true}]}}