{"id":40640,"date":"2019-03-27T22:40:30","date_gmt":"2019-03-27T22:40:30","guid":{"rendered":"http:\/\/www.celttv.com.ar\/?p=40640"},"modified":"2019-03-27T22:40:30","modified_gmt":"2019-03-27T22:40:30","slug":"la-celt-inauguro-ampliaciones-en-villa-ventana","status":"publish","type":"post","link":"https:\/\/www.celttv.com.ar\/index.php\/2019\/03\/27\/la-celt-inauguro-ampliaciones-en-villa-ventana\/","title":{"rendered":"La CELT. inaugur\u00f3 ampliaciones en Villa Ventana\u00a0(fotos y videos)"},"content":{"rendered":"<p>La nueva sesi\u00f3n ubicada en el predio que la CELT. posee en la localidad de Villa Ventana qued\u00f3 inaugurada \u00e9ste mi\u00e9rcoles en un sencillo acto realizado en dichas instalaciones.Estuvieron presentes, adem\u00e1s de las autoridades de la Cooperativa El\u00e9ctrica de Tornquist, el delegado Municipal Hugo Scabuso, representantes de la cooperativas hermanas de Sierra de la Ventana y Chasic\u00f3; autoridades de la C\u00e1mara de Comercio y la Asociaci\u00f3n de Prestadores de Villa Ventana, como as\u00ed tambi\u00e9n de la Sociedad de Fomento de la localidad serrana y vecinos de la villa tur\u00edstica.<br \/>\nEn una breve alocuci\u00f3n el presidente de la CELT. Alberto Rubio, hizo referencia a la incorporaci\u00f3n de las mejoras edilicias que se dejaban inauguradas\u00a0 \u201cNo es una obra de gran magnitud pero debo destacar que demand\u00f3 un esfuerzo durante mucho tiempo, pero hoy tenemos la obra concluida y que tambi\u00e9n es para la Villa y con la idea de embellecer tambi\u00e9n el \u00e1mbito de trabajo de nuestros empleados que siempre est\u00e1n presentes\u201d Rubio prometi\u00f3 seguir trabajando desde la Cooperativa para mejorar los servicios que presta en Villa Ventana.<\/p>\n<p>Descubrimiento de un placa<\/p>\n<p>El propio presidente de la CELT invit\u00f3 al delegado Municipal Hugo Scabuso y al encargado de la CELT. en Villa Ventana Osvaldo Manieri, al descubrimiento de una placa ya que el acto se enmarc\u00f3 en las actividades programadas en el mes del 61\u00ba Aniversario de la fundaci\u00f3n de la Cooperativa El\u00e9ctrica Ltda de Tornquist.<br \/>\n\u201cVilla Ventana est\u00e1 destinada a seguir creciendo\u201d En di\u00e1logo con este medio Rubio destac\u00f3 la participaci\u00f3n de toda la gente que asisti\u00f3 acompa\u00f1ando a la entidad cooperativa en este acto inaugural. \u201cNo es una obra de gran magnitud, pero si muy importante para nosotros y tambi\u00e9n para la Villa\u201d subray\u00f3 Rubio.<\/p>\n<p>\u201cLos servicios se van mejorando y la cooperativa est\u00e1 trabajando para eso y esta nueva infraestructura sirve como un lugar de refugio y para poder mejorar la calidad de trabajo de nuestros empleados que tienen una excelente participaci\u00f3n al momento de brindar los servicios de la cooperativa y los cuatro empleados atienden los cuatro servicios que brindamos\u00a0 en la Villa. Eso es destacable y muy importante\u201d destac\u00f3<\/p>\n<p>\u201cVilla Ventana est\u00e1 destinado a seguir creciendo y por eso el compromiso de la cooperativa es justamente mejorar los servicios y de ponernos a la altura y acompa\u00f1ar el crecimiento tecnol\u00f3gico para lo cual la cooperativa est\u00e1 y seguir\u00e1 trabajando en eso\u201d asegur\u00f3 el presidente cooperativista.<\/p>\n<p>Por \u00faltimo Rubio se refiri\u00f3 a la fluida relaci\u00f3n interinstitucional y la presencia en el acto inaugural \u201crealmente tiene que ser as\u00ed porque es un apoyo a la tarea que se viene desarrollando desde todo el Consejo de Administraci\u00f3n y nos sentimos muy contentos con esta interrelaci\u00f3n entre instituciones y el estado,\u00a0 que es muy importante y hace que nosotros podamos seguir construyendo y haciendo lo mejor, en este caso para el servicio de Villa Ventana\u201d concluy\u00f3.<\/p>\n<p>Hugo Scabuso (Delegado de Villa Ventana)<\/p>\n<p>\u201cTodo suma para el crecimiento de la Villa y para que los muchachos se sientan c\u00f3modos y en su lugar de trabajo\u201d se\u00f1al\u00f3 el delegado Municipal.<\/p>\n<p>\u201cLas cooperativas son muy importantes para el desarrollo de las localidades y este es el caso de la cooperativa de Tornquist. El crecimiento de la Villa en gran parte se lo debemos a la cooperativa y se puede notar la inversi\u00f3n que\u00a0 han realizado a trav\u00e9s del tiempo\u201d subray\u00f3. \u201cLa Villa seguir\u00e1 creciendo y vamos por mas\u201d destac\u00f3.<\/p>\n<p>Ra\u00fal Salerno (presidente de la Asoc. Bomberos Voluntarios de Villa Ventana) \u201cUna obra importante porque la Villa creci\u00f3 y la cooperativa tambi\u00e9n y esta obra tiene que ver conque el personal pueda trabajar mas c\u00f3modo y la protecci\u00f3n de los veh\u00edculos\u201d dijo Salerno.<\/p>\n<p>\u201cLa Villa est\u00e1 permanentemente creciendo y las instituciones est\u00e1n trabajando mucho y vamos a seguir trabajando para que las instituciones puedan seguir funcionando\u201d<\/p>\n<p>Salerno augur\u00f3 un cambio importante en la Villa para los a\u00f1os venideros y dijo que \u201clos servicios tienen que estar acordes porque es necesario y en general tenemos muy buenos servicios\u201d subray\u00f3.<\/p>\n<p>Gabriela Garc\u00eda (Presidente de la C\u00e1mara de Comercio de Villa Ventana) \u201cEstas cosas no son gastos, son inversiones que se realizan para mejorar los servicios. Nosotros, incluida la comunidad de Villa Ventana, tenemos que entender que somos todos la cooperativa\u201d destac\u00f3 Gabriela Garc\u00eda.<\/p>\n<p>\u201cEn estas localidades peque\u00f1as, si no hubieran existido las cooperativas, estos grupos de vecinos visionarios, hubi\u00e9ramos estado mucho peor y hoy estar\u00edamos mucho mas atrasados porque sigue pasando que los servicios que prestan las cooperativas no son rentables para las grandes empresas\u201d<\/p>\n<p>La presidente de la C\u00e1mara de Comercio destac\u00f3 la respuesta que brindan los empleados de la CELT. toda vez que se produce alg\u00fan reclamo.<\/p>\n<p>\u201cEn Villa tenemos un plantel de lujo\u201d destac\u00f3. \u201cEste es un peque\u00f1o paso y tenemos que seguir en ese rumbo\u201d dijo Gabriela al tiempo que se mostr\u00f3 optimista en cuanto a los proyectos que la CELT. viene desarrollando de la mano de los avances tecnol\u00f3gicos.<\/p>\n<p>Ruben Testa (Presidente de la Asoc. de Fomento de Villa Ventana)<\/p>\n<p>\u201cEs una alegr\u00eda poder compartir este momento y tenemos que entender que la cooperativa somos todos. Uno no participa pero se ven los logros de la gente que est\u00e1 trabajando y esto es un avance m\u00e1s\u201d se\u00f1al\u00f3 Testa. \u201cNo hace mucho tiempo esto era un galponsito donde estaban los equipos\u00a0 y hoy el personal dispone de todas las comodidades y la mayor satisfacci\u00f3n para la cooperativa es que est\u00e1n muy bien representados por los empleados porque acuden a cada llamado respondiendo a cada inquietud de los vecinos y eso es fundamental\u201d destac\u00f3 Testa.<\/p>\n<p>\u201cLas obras est\u00e1n buenas y reflejan el compromiso de la Cooperativa para con la comunidad de Villa Ventana, pero tambi\u00e9n hay que destacar el compromiso del personal de la CELT. que presta servicio en la Villa\u201d<\/p>\n<p>Por \u00faltimo Testa destac\u00f3 la presencia de los representantes de las distintas instituciones de Villa Ventana en el acto inaugural. \u201cSabemos que la cooperativa est\u00e1 trabajando en nuevos proyectos para Villa Ventana y ojal\u00e1 se puedan cumplir porque redundar\u00e1n en mejores servicios para la comunidad\u201d dijo Testa.<\/p>\n<p>Gladys Contrera (Presidente de la Asociaci\u00f3n de Prestadores de Villa Ventana)<\/p>\n<p>\u201cEstoy muy contenta que estemos todos observando esta obra que realiz\u00f3 la cooperativa y felicitamos el esfuerzo realizado para poder hacer realidad este proyecto\u201d dijo Gladys.<\/p>\n<p>\u201cEn Villa est\u00e1bamos necesitando el progreso y de a poquito la cooperativa tambi\u00e9n sigue contribuyendo para darnos cada vez mejor servicio a los prestadores y a todos los habitantes de la localidad se\u00f1al\u00f3<\/p>\n<p>\u201cEst\u00e1 muy bueno que estemos todos codo a codo trabajando para el progreso de este lugar\u201d dijo Gladys Contrera.<\/p>\n<p>Gustavo Bonotti (Gerente de la Cooperativa El\u00e9ctrica de Chasic\u00f3)<\/p>\n<p>\u201cEstamos muy contentos de poder venir a estar con nuestros amigos de la Cooperativa de Tornquist en este momento tan lindo\u201d dijo Bonotti.<\/p>\n<p>Bonotti destac\u00f3 la colaboraci\u00f3n recibida por la Cooperativa de Tornquist a principios de a\u00f1o ante una contingencia clim\u00e1tica\u201d \u201cTengo que agradecerlo p\u00fablicamente porque el viento tiro una linea de unos 15 postes y ellos vinieron a dar una mano porque no d\u00e1bamos a basto\u201d se\u00f1al\u00f3,<\/p>\n<p>\u201cTenemos muy buena comuni\u00f3n entre las cuatro cooperativas del distrito y trabajamos en distintos proyectos con el fin de ir creciendo en cada instituci\u00f3n cooperativa\u201d<\/p>\n<p>\u201cEstamos conectados y es muy lindo la uni\u00f3n existente entre todas las cooperativas\u201d concluy\u00f3.<\/p>\n<p>Mario Senzini, (presidente de la Cooperativa El\u00e9ctrica de Sierra de la Ventana)<\/p>\n<p>\u201cTenemos una muy buena relaci\u00f3n con todas las cooperativas y en especial con la de Tornquist, con quien tenemos un emprendimiento en conjunto y estamos muy contentos por este paso que dieron en Villa Ventana\u201d dijo Senzini a quien consultamos sobre la obra de instalaci\u00f3n de fibra \u00f3ptica en Sierra de la Ventana, obra que avanza a buen ritmo.<\/p>\n<p>El propio presidente brind\u00f3 detalles sobre la nueva subestaci\u00f3n energ\u00e9tica a punto de inaugurarse \u201cest\u00e1 muy avanzado; la sub estaci\u00f3n ya est\u00e1 lista y se sabe que esta obra trae aparejado que todos los emprendimientos que est\u00e1n proyectados se puedan llevar a cabo\u201d asegur\u00f3 Senzini.<\/p>\n<p>\u201cHasta ahora cuando ped\u00edan factibilidad de energ\u00eda no se lo pod\u00edamos dar porque esa subestaci\u00f3n no estaba prestando servicio\u201d concluy\u00f3 el presidente de la Cooperativa de Sierra.<\/p>\n<div id='gallery_1' class='gallery galleryid-40640 gallery-columns-3 gallery-size-medium'><figure class='gallery-item'>\n            <div class='gallery-icon landscape'>\n                <a href='https:\/\/www.celttv.com.ar\/wp-content\/uploads\/2019\/03\/IMG_3683-Small.jpg'><img loading=\"lazy\" decoding=\"async\" width=\"300\" height=\"200\" src=\"\" class=\"attachment-medium size-medium lazyload\" alt=\"\" data-src=\"https:\/\/www.celttv.com.ar\/wp-content\/uploads\/2019\/03\/IMG_3683-Small-300x200.jpg\" data-sizes=\"auto\" data-srcset=\"https:\/\/www.celttv.com.ar\/wp-content\/uploads\/2019\/03\/IMG_3683-Small-300x200.jpg 300w, https:\/\/www.celttv.com.ar\/wp-content\/uploads\/2019\/03\/IMG_3683-Small.jpg 720w\" data-expand=\"700\" \/><\/a>\n            <\/div><\/figure><figure class='gallery-item'>\n            <div class='gallery-icon landscape'>\n                <a href='https:\/\/www.celttv.com.ar\/wp-content\/uploads\/2019\/03\/IMG_3684-Small.jpg'><img loading=\"lazy\" decoding=\"async\" width=\"300\" height=\"200\" src=\"\" class=\"attachment-medium size-medium lazyload\" alt=\"\" data-src=\"https:\/\/www.celttv.com.ar\/wp-content\/uploads\/2019\/03\/IMG_3684-Small-300x200.jpg\" data-sizes=\"auto\" data-srcset=\"https:\/\/www.celttv.com.ar\/wp-content\/uploads\/2019\/03\/IMG_3684-Small-300x200.jpg 300w, https:\/\/www.celttv.com.ar\/wp-content\/uploads\/2019\/03\/IMG_3684-Small.jpg 720w\" data-expand=\"700\" \/><\/a>\n            <\/div><\/figure><figure class='gallery-item'>\n            <div class='gallery-icon landscape'>\n                <a href='https:\/\/www.celttv.com.ar\/wp-content\/uploads\/2019\/03\/IMG_3685-Small.jpg'><img loading=\"lazy\" decoding=\"async\" width=\"300\" height=\"200\" src=\"\" class=\"attachment-medium size-medium lazyload\" alt=\"\" data-src=\"https:\/\/www.celttv.com.ar\/wp-content\/uploads\/2019\/03\/IMG_3685-Small-300x200.jpg\" data-sizes=\"auto\" data-srcset=\"https:\/\/www.celttv.com.ar\/wp-content\/uploads\/2019\/03\/IMG_3685-Small-300x200.jpg 300w, https:\/\/www.celttv.com.ar\/wp-content\/uploads\/2019\/03\/IMG_3685-Small.jpg 720w\" data-expand=\"700\" \/><\/a>\n            <\/div><\/figure><br style=\"clear: both\" \/><figure class='gallery-item'>\n            <div class='gallery-icon landscape'>\n                <a href='https:\/\/www.celttv.com.ar\/wp-content\/uploads\/2019\/03\/IMG_3686-Small.jpg'><img loading=\"lazy\" decoding=\"async\" width=\"300\" height=\"200\" src=\"\" class=\"attachment-medium size-medium lazyload\" alt=\"\" data-src=\"https:\/\/www.celttv.com.ar\/wp-content\/uploads\/2019\/03\/IMG_3686-Small-300x200.jpg\" data-sizes=\"auto\" data-srcset=\"https:\/\/www.celttv.com.ar\/wp-content\/uploads\/2019\/03\/IMG_3686-Small-300x200.jpg 300w, https:\/\/www.celttv.com.ar\/wp-content\/uploads\/2019\/03\/IMG_3686-Small.jpg 720w\" data-expand=\"700\" \/><\/a>\n            <\/div><\/figure><figure class='gallery-item'>\n            <div class='gallery-icon landscape'>\n                <a href='https:\/\/www.celttv.com.ar\/wp-content\/uploads\/2019\/03\/IMG_3687-Small.jpg'><img loading=\"lazy\" decoding=\"async\" width=\"300\" height=\"200\" src=\"\" class=\"attachment-medium size-medium lazyload\" alt=\"\" data-src=\"https:\/\/www.celttv.com.ar\/wp-content\/uploads\/2019\/03\/IMG_3687-Small-300x200.jpg\" data-sizes=\"auto\" data-srcset=\"https:\/\/www.celttv.com.ar\/wp-content\/uploads\/2019\/03\/IMG_3687-Small-300x200.jpg 300w, https:\/\/www.celttv.com.ar\/wp-content\/uploads\/2019\/03\/IMG_3687-Small.jpg 720w\" data-expand=\"700\" \/><\/a>\n            <\/div><\/figure><figure class='gallery-item'>\n            <div class='gallery-icon landscape'>\n                <a href='https:\/\/www.celttv.com.ar\/wp-content\/uploads\/2019\/03\/IMG_3688-Small.jpg'><img loading=\"lazy\" decoding=\"async\" width=\"300\" height=\"200\" src=\"\" class=\"attachment-medium size-medium lazyload\" alt=\"\" data-src=\"https:\/\/www.celttv.com.ar\/wp-content\/uploads\/2019\/03\/IMG_3688-Small-300x200.jpg\" data-sizes=\"auto\" data-srcset=\"https:\/\/www.celttv.com.ar\/wp-content\/uploads\/2019\/03\/IMG_3688-Small-300x200.jpg 300w, https:\/\/www.celttv.com.ar\/wp-content\/uploads\/2019\/03\/IMG_3688-Small.jpg 720w\" data-expand=\"700\" \/><\/a>\n            <\/div><\/figure><br style=\"clear: both\" \/><figure class='gallery-item'>\n            <div class='gallery-icon landscape'>\n                <a href='https:\/\/www.celttv.com.ar\/wp-content\/uploads\/2019\/03\/IMG_3689-Small.jpg'><img loading=\"lazy\" decoding=\"async\" width=\"300\" height=\"200\" src=\"\" class=\"attachment-medium size-medium lazyload\" alt=\"\" data-src=\"https:\/\/www.celttv.com.ar\/wp-content\/uploads\/2019\/03\/IMG_3689-Small-300x200.jpg\" data-sizes=\"auto\" data-srcset=\"https:\/\/www.celttv.com.ar\/wp-content\/uploads\/2019\/03\/IMG_3689-Small-300x200.jpg 300w, https:\/\/www.celttv.com.ar\/wp-content\/uploads\/2019\/03\/IMG_3689-Small.jpg 720w\" data-expand=\"700\" \/><\/a>\n            <\/div><\/figure><figure class='gallery-item'>\n            <div class='gallery-icon landscape'>\n                <a href='https:\/\/www.celttv.com.ar\/wp-content\/uploads\/2019\/03\/IMG_3690-Small.jpg'><img loading=\"lazy\" decoding=\"async\" width=\"300\" height=\"200\" src=\"\" class=\"attachment-medium size-medium lazyload\" alt=\"\" data-src=\"https:\/\/www.celttv.com.ar\/wp-content\/uploads\/2019\/03\/IMG_3690-Small-300x200.jpg\" data-sizes=\"auto\" data-srcset=\"https:\/\/www.celttv.com.ar\/wp-content\/uploads\/2019\/03\/IMG_3690-Small-300x200.jpg 300w, https:\/\/www.celttv.com.ar\/wp-content\/uploads\/2019\/03\/IMG_3690-Small.jpg 720w\" data-expand=\"700\" \/><\/a>\n            <\/div><\/figure><figure class='gallery-item'>\n            <div class='gallery-icon landscape'>\n                <a href='https:\/\/www.celttv.com.ar\/wp-content\/uploads\/2019\/03\/IMG_3691-Small.jpg'><img loading=\"lazy\" decoding=\"async\" width=\"300\" height=\"200\" src=\"\" class=\"attachment-medium size-medium lazyload\" alt=\"\" data-src=\"https:\/\/www.celttv.com.ar\/wp-content\/uploads\/2019\/03\/IMG_3691-Small-300x200.jpg\" data-sizes=\"auto\" data-srcset=\"https:\/\/www.celttv.com.ar\/wp-content\/uploads\/2019\/03\/IMG_3691-Small-300x200.jpg 300w, https:\/\/www.celttv.com.ar\/wp-content\/uploads\/2019\/03\/IMG_3691-Small.jpg 720w\" data-expand=\"700\" \/><\/a>\n            <\/div><\/figure><br style=\"clear: both\" \/><figure class='gallery-item'>\n            <div class='gallery-icon landscape'>\n                <a href='https:\/\/www.celttv.com.ar\/wp-content\/uploads\/2019\/03\/IMG_3692-Small.jpg'><img loading=\"lazy\" decoding=\"async\" width=\"300\" height=\"200\" src=\"\" class=\"attachment-medium size-medium lazyload\" alt=\"\" data-src=\"https:\/\/www.celttv.com.ar\/wp-content\/uploads\/2019\/03\/IMG_3692-Small-300x200.jpg\" data-sizes=\"auto\" data-srcset=\"https:\/\/www.celttv.com.ar\/wp-content\/uploads\/2019\/03\/IMG_3692-Small-300x200.jpg 300w, https:\/\/www.celttv.com.ar\/wp-content\/uploads\/2019\/03\/IMG_3692-Small.jpg 720w\" data-expand=\"700\" \/><\/a>\n            <\/div><\/figure><figure class='gallery-item'>\n            <div class='gallery-icon landscape'>\n                <a href='https:\/\/www.celttv.com.ar\/wp-content\/uploads\/2019\/03\/IMG_3693-Small.jpg'><img loading=\"lazy\" decoding=\"async\" width=\"300\" height=\"200\" src=\"\" class=\"attachment-medium size-medium lazyload\" alt=\"\" data-src=\"https:\/\/www.celttv.com.ar\/wp-content\/uploads\/2019\/03\/IMG_3693-Small-300x200.jpg\" data-sizes=\"auto\" data-srcset=\"https:\/\/www.celttv.com.ar\/wp-content\/uploads\/2019\/03\/IMG_3693-Small-300x200.jpg 300w, https:\/\/www.celttv.com.ar\/wp-content\/uploads\/2019\/03\/IMG_3693-Small.jpg 720w\" data-expand=\"700\" \/><\/a>\n            <\/div><\/figure><figure class='gallery-item'>\n            <div class='gallery-icon landscape'>\n                <a href='https:\/\/www.celttv.com.ar\/wp-content\/uploads\/2019\/03\/IMG_3694-Small.jpg'><img loading=\"lazy\" decoding=\"async\" width=\"300\" height=\"200\" src=\"\" class=\"attachment-medium size-medium lazyload\" alt=\"\" data-src=\"https:\/\/www.celttv.com.ar\/wp-content\/uploads\/2019\/03\/IMG_3694-Small-300x200.jpg\" data-sizes=\"auto\" data-srcset=\"https:\/\/www.celttv.com.ar\/wp-content\/uploads\/2019\/03\/IMG_3694-Small-300x200.jpg 300w, https:\/\/www.celttv.com.ar\/wp-content\/uploads\/2019\/03\/IMG_3694-Small.jpg 720w\" data-expand=\"700\" \/><\/a>\n            <\/div><\/figure><br style=\"clear: both\" \/><figure class='gallery-item'>\n            <div class='gallery-icon landscape'>\n                <a href='https:\/\/www.celttv.com.ar\/wp-content\/uploads\/2019\/03\/IMG_3696-Small.jpg'><img loading=\"lazy\" decoding=\"async\" width=\"300\" height=\"200\" src=\"\" class=\"attachment-medium size-medium lazyload\" alt=\"\" data-src=\"https:\/\/www.celttv.com.ar\/wp-content\/uploads\/2019\/03\/IMG_3696-Small-300x200.jpg\" data-sizes=\"auto\" data-srcset=\"https:\/\/www.celttv.com.ar\/wp-content\/uploads\/2019\/03\/IMG_3696-Small-300x200.jpg 300w, https:\/\/www.celttv.com.ar\/wp-content\/uploads\/2019\/03\/IMG_3696-Small.jpg 720w\" data-expand=\"700\" \/><\/a>\n            <\/div><\/figure><figure class='gallery-item'>\n            <div class='gallery-icon landscape'>\n                <a href='https:\/\/www.celttv.com.ar\/wp-content\/uploads\/2019\/03\/IMG_3698-Small.jpg'><img loading=\"lazy\" decoding=\"async\" width=\"300\" height=\"200\" src=\"\" class=\"attachment-medium size-medium lazyload\" alt=\"\" data-src=\"https:\/\/www.celttv.com.ar\/wp-content\/uploads\/2019\/03\/IMG_3698-Small-300x200.jpg\" data-sizes=\"auto\" data-srcset=\"https:\/\/www.celttv.com.ar\/wp-content\/uploads\/2019\/03\/IMG_3698-Small-300x200.jpg 300w, https:\/\/www.celttv.com.ar\/wp-content\/uploads\/2019\/03\/IMG_3698-Small.jpg 720w\" data-expand=\"700\" \/><\/a>\n            <\/div><\/figure><figure class='gallery-item'>\n            <div class='gallery-icon landscape'>\n                <a href='https:\/\/www.celttv.com.ar\/wp-content\/uploads\/2019\/03\/IMG_3700-Small.jpg'><img loading=\"lazy\" decoding=\"async\" width=\"300\" height=\"200\" src=\"\" class=\"attachment-medium size-medium lazyload\" alt=\"\" data-src=\"https:\/\/www.celttv.com.ar\/wp-content\/uploads\/2019\/03\/IMG_3700-Small-300x200.jpg\" data-sizes=\"auto\" data-srcset=\"https:\/\/www.celttv.com.ar\/wp-content\/uploads\/2019\/03\/IMG_3700-Small-300x200.jpg 300w, https:\/\/www.celttv.com.ar\/wp-content\/uploads\/2019\/03\/IMG_3700-Small.jpg 720w\" data-expand=\"700\" \/><\/a>\n            <\/div><\/figure><br style=\"clear: both\" \/><figure class='gallery-item'>\n            <div class='gallery-icon landscape'>\n                <a href='https:\/\/www.celttv.com.ar\/wp-content\/uploads\/2019\/03\/IMG_3701-Small.jpg'><img loading=\"lazy\" decoding=\"async\" width=\"300\" height=\"200\" src=\"\" class=\"attachment-medium size-medium lazyload\" alt=\"\" data-src=\"https:\/\/www.celttv.com.ar\/wp-content\/uploads\/2019\/03\/IMG_3701-Small-300x200.jpg\" data-sizes=\"auto\" data-srcset=\"https:\/\/www.celttv.com.ar\/wp-content\/uploads\/2019\/03\/IMG_3701-Small-300x200.jpg 300w, https:\/\/www.celttv.com.ar\/wp-content\/uploads\/2019\/03\/IMG_3701-Small.jpg 720w\" data-expand=\"700\" \/><\/a>\n            <\/div><\/figure><figure class='gallery-item'>\n            <div class='gallery-icon portrait'>\n                <a href='https:\/\/www.celttv.com.ar\/wp-content\/uploads\/2019\/03\/IMG_3703-Small.jpg'><img loading=\"lazy\" decoding=\"async\" width=\"200\" height=\"300\" src=\"\" class=\"attachment-medium size-medium lazyload\" alt=\"\" data-src=\"https:\/\/www.celttv.com.ar\/wp-content\/uploads\/2019\/03\/IMG_3703-Small-200x300.jpg\" data-sizes=\"auto\" data-srcset=\"https:\/\/www.celttv.com.ar\/wp-content\/uploads\/2019\/03\/IMG_3703-Small-200x300.jpg 200w, https:\/\/www.celttv.com.ar\/wp-content\/uploads\/2019\/03\/IMG_3703-Small.jpg 480w\" data-expand=\"700\" \/><\/a>\n            <\/div><\/figure><figure class='gallery-item'>\n            <div class='gallery-icon landscape'>\n                <a href='https:\/\/www.celttv.com.ar\/wp-content\/uploads\/2019\/03\/IMG_3705-Small.jpg'><img loading=\"lazy\" decoding=\"async\" width=\"300\" height=\"200\" src=\"\" class=\"attachment-medium size-medium lazyload\" alt=\"\" data-src=\"https:\/\/www.celttv.com.ar\/wp-content\/uploads\/2019\/03\/IMG_3705-Small-300x200.jpg\" data-sizes=\"auto\" data-srcset=\"https:\/\/www.celttv.com.ar\/wp-content\/uploads\/2019\/03\/IMG_3705-Small-300x200.jpg 300w, https:\/\/www.celttv.com.ar\/wp-content\/uploads\/2019\/03\/IMG_3705-Small.jpg 720w\" data-expand=\"700\" \/><\/a>\n            <\/div><\/figure><br style=\"clear: both\" \/><figure class='gallery-item'>\n            <div class='gallery-icon landscape'>\n                <a href='https:\/\/www.celttv.com.ar\/wp-content\/uploads\/2019\/03\/IMG_3707-Small.jpg'><img loading=\"lazy\" decoding=\"async\" width=\"300\" height=\"200\" src=\"\" class=\"attachment-medium size-medium lazyload\" alt=\"\" data-src=\"https:\/\/www.celttv.com.ar\/wp-content\/uploads\/2019\/03\/IMG_3707-Small-300x200.jpg\" data-sizes=\"auto\" data-srcset=\"https:\/\/www.celttv.com.ar\/wp-content\/uploads\/2019\/03\/IMG_3707-Small-300x200.jpg 300w, https:\/\/www.celttv.com.ar\/wp-content\/uploads\/2019\/03\/IMG_3707-Small.jpg 720w\" data-expand=\"700\" \/><\/a>\n            <\/div><\/figure><figure class='gallery-item'>\n            <div class='gallery-icon landscape'>\n                <a href='https:\/\/www.celttv.com.ar\/wp-content\/uploads\/2019\/03\/IMG_3709-Small.jpg'><img loading=\"lazy\" decoding=\"async\" width=\"300\" height=\"200\" src=\"\" class=\"attachment-medium size-medium lazyload\" alt=\"\" data-src=\"https:\/\/www.celttv.com.ar\/wp-content\/uploads\/2019\/03\/IMG_3709-Small-300x200.jpg\" data-sizes=\"auto\" data-srcset=\"https:\/\/www.celttv.com.ar\/wp-content\/uploads\/2019\/03\/IMG_3709-Small-300x200.jpg 300w, https:\/\/www.celttv.com.ar\/wp-content\/uploads\/2019\/03\/IMG_3709-Small.jpg 720w\" data-expand=\"700\" \/><\/a>\n            <\/div><\/figure>\n            <br style='clear: both' \/>\n        <\/div>\n\n<div class=\"jeg_video_container jeg_video_content\"><iframe loading=\"lazy\" title=\"2019 03 27 INAUGURACION CELT VILLA VENTANA 1 ALBERTO RUBIO   DISCURSO Y DESCUBRIMIENTO DE PLACA 1\" width=\"500\" height=\"375\" src=\"https:\/\/www.youtube.com\/embed\/KcAT70wY9PA?feature=oembed\" frameborder=\"0\" allow=\"accelerometer; autoplay; clipboard-write; encrypted-media; gyroscope; picture-in-picture; web-share\" referrerpolicy=\"strict-origin-when-cross-origin\" allowfullscreen><\/iframe><\/div>\n<div class=\"jeg_video_container jeg_video_content\"><iframe loading=\"lazy\" title=\"2019 03 27 INAUGURACION CELT VILLA VENTANA 2 HUGO SCABUSO\" width=\"500\" height=\"375\" src=\"https:\/\/www.youtube.com\/embed\/P-aowQ6F95g?feature=oembed\" frameborder=\"0\" allow=\"accelerometer; autoplay; clipboard-write; encrypted-media; gyroscope; picture-in-picture; web-share\" referrerpolicy=\"strict-origin-when-cross-origin\" allowfullscreen><\/iframe><\/div>\n<div class=\"jeg_video_container jeg_video_content\"><iframe loading=\"lazy\" title=\"2019 03 27 INAUGURACION CELT VILLA VENTANA 3 RAUL SALERNO\" width=\"500\" height=\"375\" src=\"https:\/\/www.youtube.com\/embed\/E8Ub9DsKnyM?feature=oembed\" frameborder=\"0\" allow=\"accelerometer; autoplay; clipboard-write; encrypted-media; gyroscope; picture-in-picture; web-share\" referrerpolicy=\"strict-origin-when-cross-origin\" allowfullscreen><\/iframe><\/div>\n<div class=\"jeg_video_container jeg_video_content\"><iframe loading=\"lazy\" title=\"2019 03 27 INAUGURACION CELT VILLA VENTANA 4 ALBERTO RUBIO   NOTA\" width=\"500\" height=\"375\" src=\"https:\/\/www.youtube.com\/embed\/yYbMXpdINWM?feature=oembed\" frameborder=\"0\" allow=\"accelerometer; autoplay; clipboard-write; encrypted-media; gyroscope; picture-in-picture; web-share\" referrerpolicy=\"strict-origin-when-cross-origin\" allowfullscreen><\/iframe><\/div>\n<div class=\"jeg_video_container jeg_video_content\"><iframe loading=\"lazy\" title=\"2019 03 27 INAUGURACION CELT VILLA VENTANA 5 GABRIELA GARCIA 1\" width=\"500\" height=\"375\" src=\"https:\/\/www.youtube.com\/embed\/lFnoMvCDzFw?feature=oembed\" frameborder=\"0\" allow=\"accelerometer; autoplay; clipboard-write; encrypted-media; gyroscope; picture-in-picture; web-share\" referrerpolicy=\"strict-origin-when-cross-origin\" allowfullscreen><\/iframe><\/div>\n<div class=\"jeg_video_container jeg_video_content\"><iframe loading=\"lazy\" title=\"2019 03 27 INAUGURACION CELT VILLA VENTANA 6 GLADIS CONTRERAS\" width=\"500\" height=\"375\" src=\"https:\/\/www.youtube.com\/embed\/EFdFmPdDxhY?feature=oembed\" frameborder=\"0\" allow=\"accelerometer; autoplay; clipboard-write; encrypted-media; gyroscope; picture-in-picture; web-share\" referrerpolicy=\"strict-origin-when-cross-origin\" allowfullscreen><\/iframe><\/div>\n<div class=\"jeg_video_container jeg_video_content\"><iframe loading=\"lazy\" title=\"2019 03 27 INAUGURACION CELT VILLA VENTANA 7 GUSTAVO BONOTI\" width=\"500\" height=\"375\" src=\"https:\/\/www.youtube.com\/embed\/Ep4vLjUw2SM?feature=oembed\" frameborder=\"0\" allow=\"accelerometer; autoplay; clipboard-write; encrypted-media; gyroscope; picture-in-picture; web-share\" referrerpolicy=\"strict-origin-when-cross-origin\" allowfullscreen><\/iframe><\/div>\n<div class=\"jeg_video_container jeg_video_content\"><iframe loading=\"lazy\" title=\"2019 03 27 INAUGURACION CELT VILLA VENTANA 8 MARIO SENZINI\" width=\"500\" height=\"375\" src=\"https:\/\/www.youtube.com\/embed\/X4rqayd9FtQ?feature=oembed\" frameborder=\"0\" allow=\"accelerometer; autoplay; clipboard-write; encrypted-media; gyroscope; picture-in-picture; web-share\" referrerpolicy=\"strict-origin-when-cross-origin\" allowfullscreen><\/iframe><\/div>\n<div class=\"jeg_video_container jeg_video_content\"><iframe loading=\"lazy\" title=\"2019 03 27 INAUGURACION CELT VILLA VENTANA 9 RUBEN TESTA\" width=\"500\" height=\"375\" src=\"https:\/\/www.youtube.com\/embed\/3sJz9Gssemg?feature=oembed\" frameborder=\"0\" allow=\"accelerometer; autoplay; clipboard-write; encrypted-media; gyroscope; picture-in-picture; web-share\" referrerpolicy=\"strict-origin-when-cross-origin\" allowfullscreen><\/iframe><\/div>\n<p>&nbsp;<\/p>\n","protected":false},"excerpt":{"rendered":"<p>La nueva sesi\u00f3n ubicada en el predio que la CELT. posee en la localidad de Villa Ventana qued\u00f3 inaugurada \u00e9ste mi\u00e9rcoles en un sencillo acto realizado en dichas instalaciones.Estuvieron presentes, adem\u00e1s de las autoridades de la Cooperativa El\u00e9ctrica de Tornquist, el delegado Municipal Hugo Scabuso, representantes de la cooperativas hermanas de Sierra de la Ventana [&hellip;]<\/p>\n","protected":false},"author":1,"featured_media":40657,"comment_status":"closed","ping_status":"open","sticky":false,"template":"","format":"standard","meta":{"footnotes":""},"categories":[55,51,52],"tags":[],"class_list":["post-40640","post","type-post","status-publish","format-standard","has-post-thumbnail","hentry","category-celt-tv-noticias","category-comunidad","category-destacadas"],"yoast_head":"<!-- This site is optimized with the Yoast SEO plugin v19.7.1 - https:\/\/yoast.com\/wordpress\/plugins\/seo\/ -->\n<title>La CELT. inaugur\u00f3 ampliaciones en Villa Ventana\u00a0(fotos y videos) - CELTTV<\/title>\n<meta name=\"description\" content=\"Sitio web de noticias de la localidad de Tornquist, provincia de Buenos Aires, Rep\u00fablica Argentina. Contenido propio originado por periodistas de CELTTV, el canal de TV local de la Cooperativa El\u00e9ctrica de Tornquist. Turismo, Pol\u00edtica, Sociedad, Deporte, Cultura y todo el contenido de inter\u00e9s general que la gente del pueblo y la regi\u00f3n debe conocer.\" \/>\n<meta name=\"robots\" content=\"index, follow, max-snippet:-1, max-image-preview:large, max-video-preview:-1\" \/>\n<link rel=\"canonical\" href=\"https:\/\/www.celttv.com.ar\/index.php\/2019\/03\/27\/la-celt-inauguro-ampliaciones-en-villa-ventana\/\" \/>\n<meta property=\"og:locale\" content=\"es_ES\" \/>\n<meta property=\"og:type\" content=\"article\" \/>\n<meta property=\"og:title\" content=\"La CELT. inaugur\u00f3 ampliaciones en Villa Ventana\u00a0(fotos y videos) - CELTTV\" \/>\n<meta property=\"og:description\" content=\"Sitio web de noticias de la localidad de Tornquist, provincia de Buenos Aires, Rep\u00fablica Argentina. Contenido propio originado por periodistas de CELTTV, el canal de TV local de la Cooperativa El\u00e9ctrica de Tornquist. Turismo, Pol\u00edtica, Sociedad, Deporte, Cultura y todo el contenido de inter\u00e9s general que la gente del pueblo y la regi\u00f3n debe conocer.\" \/>\n<meta property=\"og:url\" content=\"https:\/\/www.celttv.com.ar\/index.php\/2019\/03\/27\/la-celt-inauguro-ampliaciones-en-villa-ventana\/\" \/>\n<meta property=\"og:site_name\" content=\"CELTTV\" \/>\n<meta property=\"article:publisher\" content=\"https:\/\/www.facebook.com\/celtTV\/\" \/>\n<meta property=\"article:published_time\" content=\"2019-03-27T22:40:30+00:00\" \/>\n<meta property=\"og:image\" content=\"https:\/\/www.celttv.com.ar\/wp-content\/uploads\/2019\/03\/IMG_3701-Small.jpg\" \/>\n\t<meta property=\"og:image:width\" content=\"720\" \/>\n\t<meta property=\"og:image:height\" content=\"480\" \/>\n\t<meta property=\"og:image:type\" content=\"image\/jpeg\" \/>\n<meta name=\"author\" content=\"ulises\" \/>\n<meta name=\"twitter:card\" content=\"summary_large_image\" \/>\n<meta name=\"twitter:label1\" content=\"Escrito por\" \/>\n\t<meta name=\"twitter:data1\" content=\"ulises\" \/>\n\t<meta name=\"twitter:label2\" content=\"Tiempo de lectura\" \/>\n\t<meta name=\"twitter:data2\" content=\"8 minutos\" \/>\n<script type=\"application\/ld+json\" class=\"yoast-schema-graph\">{\"@context\":\"https:\/\/schema.org\",\"@graph\":[{\"@type\":\"NewsArticle\",\"@id\":\"https:\/\/www.celttv.com.ar\/index.php\/2019\/03\/27\/la-celt-inauguro-ampliaciones-en-villa-ventana\/#article\",\"isPartOf\":{\"@id\":\"https:\/\/www.celttv.com.ar\/index.php\/2019\/03\/27\/la-celt-inauguro-ampliaciones-en-villa-ventana\/\"},\"author\":{\"name\":\"ulises\",\"@id\":\"https:\/\/www.celttv.com.ar\/#\/schema\/person\/6d99c072dba59953809c81446e9d0ace\"},\"headline\":\"La CELT. inaugur\u00f3 ampliaciones en Villa Ventana\u00a0(fotos y videos)\",\"datePublished\":\"2019-03-27T22:40:30+00:00\",\"dateModified\":\"2019-03-27T22:40:30+00:00\",\"mainEntityOfPage\":{\"@id\":\"https:\/\/www.celttv.com.ar\/index.php\/2019\/03\/27\/la-celt-inauguro-ampliaciones-en-villa-ventana\/\"},\"wordCount\":1520,\"publisher\":{\"@id\":\"https:\/\/www.celttv.com.ar\/#organization\"},\"articleSection\":[\"Celt TV Noticias\",\"Comunidad\",\"Destacadas\"],\"inLanguage\":\"es\"},{\"@type\":\"WebPage\",\"@id\":\"https:\/\/www.celttv.com.ar\/index.php\/2019\/03\/27\/la-celt-inauguro-ampliaciones-en-villa-ventana\/\",\"url\":\"https:\/\/www.celttv.com.ar\/index.php\/2019\/03\/27\/la-celt-inauguro-ampliaciones-en-villa-ventana\/\",\"name\":\"La CELT. inaugur\u00f3 ampliaciones en Villa Ventana\u00a0(fotos y videos) - CELTTV\",\"isPartOf\":{\"@id\":\"https:\/\/www.celttv.com.ar\/#website\"},\"datePublished\":\"2019-03-27T22:40:30+00:00\",\"dateModified\":\"2019-03-27T22:40:30+00:00\",\"description\":\"Sitio web de noticias de la localidad de Tornquist, provincia de Buenos Aires, Rep\u00fablica Argentina. Contenido propio originado por periodistas de CELTTV, el canal de TV local de la Cooperativa El\u00e9ctrica de Tornquist. Turismo, Pol\u00edtica, Sociedad, Deporte, Cultura y todo el contenido de inter\u00e9s general que la gente del pueblo y la regi\u00f3n debe conocer.\",\"breadcrumb\":{\"@id\":\"https:\/\/www.celttv.com.ar\/index.php\/2019\/03\/27\/la-celt-inauguro-ampliaciones-en-villa-ventana\/#breadcrumb\"},\"inLanguage\":\"es\",\"potentialAction\":[{\"@type\":\"ReadAction\",\"target\":[\"https:\/\/www.celttv.com.ar\/index.php\/2019\/03\/27\/la-celt-inauguro-ampliaciones-en-villa-ventana\/\"]}]},{\"@type\":\"BreadcrumbList\",\"@id\":\"https:\/\/www.celttv.com.ar\/index.php\/2019\/03\/27\/la-celt-inauguro-ampliaciones-en-villa-ventana\/#breadcrumb\",\"itemListElement\":[{\"@type\":\"ListItem\",\"position\":1,\"name\":\"Inicio\",\"item\":\"https:\/\/www.celttv.com.ar\/\"},{\"@type\":\"ListItem\",\"position\":2,\"name\":\"La CELT. inaugur\u00f3 ampliaciones en Villa Ventana\u00a0(fotos y videos)\"}]},{\"@type\":\"WebSite\",\"@id\":\"https:\/\/www.celttv.com.ar\/#website\",\"url\":\"https:\/\/www.celttv.com.ar\/\",\"name\":\"CELTTV\",\"description\":\"Cooperativa El\u00e9ctrica de Tornquist\",\"publisher\":{\"@id\":\"https:\/\/www.celttv.com.ar\/#organization\"},\"potentialAction\":[{\"@type\":\"SearchAction\",\"target\":{\"@type\":\"EntryPoint\",\"urlTemplate\":\"https:\/\/www.celttv.com.ar\/?s={search_term_string}\"},\"query-input\":\"required name=search_term_string\"}],\"inLanguage\":\"es\"},{\"@type\":\"Organization\",\"@id\":\"https:\/\/www.celttv.com.ar\/#organization\",\"name\":\"CELTTV\",\"url\":\"https:\/\/www.celttv.com.ar\/\",\"sameAs\":[\"https:\/\/www.youtube.com\/channel\/UCz_oIt8Hig64Ub-EmcNPIhg\",\"https:\/\/www.facebook.com\/celtTV\/\"],\"logo\":{\"@type\":\"ImageObject\",\"inLanguage\":\"es\",\"@id\":\"https:\/\/www.celttv.com.ar\/#\/schema\/logo\/image\/\",\"url\":\"http:\/\/www.celttv.com.ar\/wp-content\/uploads\/2022\/08\/logo-1.png\",\"contentUrl\":\"http:\/\/www.celttv.com.ar\/wp-content\/uploads\/2022\/08\/logo-1.png\",\"width\":461,\"height\":159,\"caption\":\"CELTTV\"},\"image\":{\"@id\":\"https:\/\/www.celttv.com.ar\/#\/schema\/logo\/image\/\"}},{\"@type\":\"Person\",\"@id\":\"https:\/\/www.celttv.com.ar\/#\/schema\/person\/6d99c072dba59953809c81446e9d0ace\",\"name\":\"ulises\",\"image\":{\"@type\":\"ImageObject\",\"inLanguage\":\"es\",\"@id\":\"https:\/\/www.celttv.com.ar\/#\/schema\/person\/image\/\",\"url\":\"https:\/\/secure.gravatar.com\/avatar\/7f2c48bdc33b30088f941fb6082e555f2874c98e20cb159d7b92b50eadfce793?s=96&d=mm&r=g\",\"contentUrl\":\"https:\/\/secure.gravatar.com\/avatar\/7f2c48bdc33b30088f941fb6082e555f2874c98e20cb159d7b92b50eadfce793?s=96&d=mm&r=g\",\"caption\":\"ulises\"},\"sameAs\":[\"http:\/\/www.celttv.com.ar\"]}]}<\/script>\n<!-- \/ Yoast SEO plugin. -->","yoast_head_json":{"title":"La CELT. inaugur\u00f3 ampliaciones en Villa Ventana\u00a0(fotos y videos) - CELTTV","description":"Sitio web de noticias de la localidad de Tornquist, provincia de Buenos Aires, Rep\u00fablica Argentina. Contenido propio originado por periodistas de CELTTV, el canal de TV local de la Cooperativa El\u00e9ctrica de Tornquist. Turismo, Pol\u00edtica, Sociedad, Deporte, Cultura y todo el contenido de inter\u00e9s general que la gente del pueblo y la regi\u00f3n debe conocer.","robots":{"index":"index","follow":"follow","max-snippet":"max-snippet:-1","max-image-preview":"max-image-preview:large","max-video-preview":"max-video-preview:-1"},"canonical":"https:\/\/www.celttv.com.ar\/index.php\/2019\/03\/27\/la-celt-inauguro-ampliaciones-en-villa-ventana\/","og_locale":"es_ES","og_type":"article","og_title":"La CELT. inaugur\u00f3 ampliaciones en Villa Ventana\u00a0(fotos y videos) - CELTTV","og_description":"Sitio web de noticias de la localidad de Tornquist, provincia de Buenos Aires, Rep\u00fablica Argentina. Contenido propio originado por periodistas de CELTTV, el canal de TV local de la Cooperativa El\u00e9ctrica de Tornquist. Turismo, Pol\u00edtica, Sociedad, Deporte, Cultura y todo el contenido de inter\u00e9s general que la gente del pueblo y la regi\u00f3n debe conocer.","og_url":"https:\/\/www.celttv.com.ar\/index.php\/2019\/03\/27\/la-celt-inauguro-ampliaciones-en-villa-ventana\/","og_site_name":"CELTTV","article_publisher":"https:\/\/www.facebook.com\/celtTV\/","article_published_time":"2019-03-27T22:40:30+00:00","og_image":[{"width":720,"height":480,"url":"https:\/\/www.celttv.com.ar\/wp-content\/uploads\/2019\/03\/IMG_3701-Small.jpg","type":"image\/jpeg"}],"author":"ulises","twitter_card":"summary_large_image","twitter_misc":{"Escrito por":"ulises","Tiempo de lectura":"8 minutos"},"schema":{"@context":"https:\/\/schema.org","@graph":[{"@type":"NewsArticle","@id":"https:\/\/www.celttv.com.ar\/index.php\/2019\/03\/27\/la-celt-inauguro-ampliaciones-en-villa-ventana\/#article","isPartOf":{"@id":"https:\/\/www.celttv.com.ar\/index.php\/2019\/03\/27\/la-celt-inauguro-ampliaciones-en-villa-ventana\/"},"author":{"name":"ulises","@id":"https:\/\/www.celttv.com.ar\/#\/schema\/person\/6d99c072dba59953809c81446e9d0ace"},"headline":"La CELT. inaugur\u00f3 ampliaciones en Villa Ventana\u00a0(fotos y videos)","datePublished":"2019-03-27T22:40:30+00:00","dateModified":"2019-03-27T22:40:30+00:00","mainEntityOfPage":{"@id":"https:\/\/www.celttv.com.ar\/index.php\/2019\/03\/27\/la-celt-inauguro-ampliaciones-en-villa-ventana\/"},"wordCount":1520,"publisher":{"@id":"https:\/\/www.celttv.com.ar\/#organization"},"articleSection":["Celt TV Noticias","Comunidad","Destacadas"],"inLanguage":"es"},{"@type":"WebPage","@id":"https:\/\/www.celttv.com.ar\/index.php\/2019\/03\/27\/la-celt-inauguro-ampliaciones-en-villa-ventana\/","url":"https:\/\/www.celttv.com.ar\/index.php\/2019\/03\/27\/la-celt-inauguro-ampliaciones-en-villa-ventana\/","name":"La CELT. inaugur\u00f3 ampliaciones en Villa Ventana\u00a0(fotos y videos) - CELTTV","isPartOf":{"@id":"https:\/\/www.celttv.com.ar\/#website"},"datePublished":"2019-03-27T22:40:30+00:00","dateModified":"2019-03-27T22:40:30+00:00","description":"Sitio web de noticias de la localidad de Tornquist, provincia de Buenos Aires, Rep\u00fablica Argentina. Contenido propio originado por periodistas de CELTTV, el canal de TV local de la Cooperativa El\u00e9ctrica de Tornquist. Turismo, Pol\u00edtica, Sociedad, Deporte, Cultura y todo el contenido de inter\u00e9s general que la gente del pueblo y la regi\u00f3n debe conocer.","breadcrumb":{"@id":"https:\/\/www.celttv.com.ar\/index.php\/2019\/03\/27\/la-celt-inauguro-ampliaciones-en-villa-ventana\/#breadcrumb"},"inLanguage":"es","potentialAction":[{"@type":"ReadAction","target":["https:\/\/www.celttv.com.ar\/index.php\/2019\/03\/27\/la-celt-inauguro-ampliaciones-en-villa-ventana\/"]}]},{"@type":"BreadcrumbList","@id":"https:\/\/www.celttv.com.ar\/index.php\/2019\/03\/27\/la-celt-inauguro-ampliaciones-en-villa-ventana\/#breadcrumb","itemListElement":[{"@type":"ListItem","position":1,"name":"Inicio","item":"https:\/\/www.celttv.com.ar\/"},{"@type":"ListItem","position":2,"name":"La CELT. inaugur\u00f3 ampliaciones en Villa Ventana\u00a0(fotos y videos)"}]},{"@type":"WebSite","@id":"https:\/\/www.celttv.com.ar\/#website","url":"https:\/\/www.celttv.com.ar\/","name":"CELTTV","description":"Cooperativa El\u00e9ctrica de Tornquist","publisher":{"@id":"https:\/\/www.celttv.com.ar\/#organization"},"potentialAction":[{"@type":"SearchAction","target":{"@type":"EntryPoint","urlTemplate":"https:\/\/www.celttv.com.ar\/?s={search_term_string}"},"query-input":"required name=search_term_string"}],"inLanguage":"es"},{"@type":"Organization","@id":"https:\/\/www.celttv.com.ar\/#organization","name":"CELTTV","url":"https:\/\/www.celttv.com.ar\/","sameAs":["https:\/\/www.youtube.com\/channel\/UCz_oIt8Hig64Ub-EmcNPIhg","https:\/\/www.facebook.com\/celtTV\/"],"logo":{"@type":"ImageObject","inLanguage":"es","@id":"https:\/\/www.celttv.com.ar\/#\/schema\/logo\/image\/","url":"http:\/\/www.celttv.com.ar\/wp-content\/uploads\/2022\/08\/logo-1.png","contentUrl":"http:\/\/www.celttv.com.ar\/wp-content\/uploads\/2022\/08\/logo-1.png","width":461,"height":159,"caption":"CELTTV"},"image":{"@id":"https:\/\/www.celttv.com.ar\/#\/schema\/logo\/image\/"}},{"@type":"Person","@id":"https:\/\/www.celttv.com.ar\/#\/schema\/person\/6d99c072dba59953809c81446e9d0ace","name":"ulises","image":{"@type":"ImageObject","inLanguage":"es","@id":"https:\/\/www.celttv.com.ar\/#\/schema\/person\/image\/","url":"https:\/\/secure.gravatar.com\/avatar\/7f2c48bdc33b30088f941fb6082e555f2874c98e20cb159d7b92b50eadfce793?s=96&d=mm&r=g","contentUrl":"https:\/\/secure.gravatar.com\/avatar\/7f2c48bdc33b30088f941fb6082e555f2874c98e20cb159d7b92b50eadfce793?s=96&d=mm&r=g","caption":"ulises"},"sameAs":["http:\/\/www.celttv.com.ar"]}]}},"_links":{"self":[{"href":"https:\/\/www.celttv.com.ar\/index.php\/wp-json\/wp\/v2\/posts\/40640","targetHints":{"allow":["GET"]}}],"collection":[{"href":"https:\/\/www.celttv.com.ar\/index.php\/wp-json\/wp\/v2\/posts"}],"about":[{"href":"https:\/\/www.celttv.com.ar\/index.php\/wp-json\/wp\/v2\/types\/post"}],"author":[{"embeddable":true,"href":"https:\/\/www.celttv.com.ar\/index.php\/wp-json\/wp\/v2\/users\/1"}],"replies":[{"embeddable":true,"href":"https:\/\/www.celttv.com.ar\/index.php\/wp-json\/wp\/v2\/comments?post=40640"}],"version-history":[{"count":0,"href":"https:\/\/www.celttv.com.ar\/index.php\/wp-json\/wp\/v2\/posts\/40640\/revisions"}],"wp:featuredmedia":[{"embeddable":true,"href":"https:\/\/www.celttv.com.ar\/index.php\/wp-json\/wp\/v2\/media\/40657"}],"wp:attachment":[{"href":"https:\/\/www.celttv.com.ar\/index.php\/wp-json\/wp\/v2\/media?parent=40640"}],"wp:term":[{"taxonomy":"category","embeddable":true,"href":"https:\/\/www.celttv.com.ar\/index.php\/wp-json\/wp\/v2\/categories?post=40640"},{"taxonomy":"post_tag","embeddable":true,"href":"https:\/\/www.celttv.com.ar\/index.php\/wp-json\/wp\/v2\/tags?post=40640"}],"curies":[{"name":"wp","href":"https:\/\/api.w.org\/{rel}","templated":true}]}}