{"id":40670,"date":"2019-03-28T18:01:10","date_gmt":"2019-03-28T18:01:10","guid":{"rendered":"http:\/\/www.celttv.com.ar\/?p=40670"},"modified":"2019-03-28T18:01:10","modified_gmt":"2019-03-28T18:01:10","slug":"se-descubrio-un-banco-rojo-en-memoria-de-monica-esteban-victima-de-femicidio-fotos-y-proximamente-videos","status":"publish","type":"post","link":"https:\/\/www.celttv.com.ar\/index.php\/2019\/03\/28\/se-descubrio-un-banco-rojo-en-memoria-de-monica-esteban-victima-de-femicidio-fotos-y-proximamente-videos\/","title":{"rendered":"Se descubri\u00f3 un banco rojo en memoria de M\u00f3nica Esteban, v\u00edctima de femicidio (fotos y pr\u00f3ximamente videos)"},"content":{"rendered":"<p style=\"font-weight: 400;\">Hoy por la ma\u00f1ana, el intendente municipal Sergio Bordoni encabez\u00f3, junto al Gerente de L\u00ednea Roca Larga Distancia de la Empresa Trenes Argentinos, Juan Pablo Chain, el encuentro donde se descubri\u00f3 el Banco Rojo, en conmemoraci\u00f3n de todas las mujeres que sufrieron o sufren violencia; especialmente por M\u00f3nica Giselle Esteban.<\/p>\n<p style=\"font-weight: 400;\">El banco rojo, es parte de una campa\u00f1a de concientizaci\u00f3n internacional; una iniciativa cultural y pac\u00edfica de prevenci\u00f3n, informaci\u00f3n y sensibilizaci\u00f3n contra el femicidio.<\/p>\n<p style=\"font-weight: 400;\">Las alocuciones estuvieron a cargo de Silvia Zavala, Presidente del Consejo Municipal de la Mujer; Carina Steingruber, Jefe de la Comisaria de la Mujer y la Familia de Tornquist; Laura Rosatelli, Concejal por\u00a0\u00a0frente \u201cCumplir\u201d; por la Empresa Trenes Argentinos Juan Pablo Chain, y cerr\u00f3 el jefe comunal.<\/p>\n<p style=\"font-weight: 400;\">Bordoni expres\u00f3 que no le era grato, tener que inaugurar un banco rojo, que significa una herida sangrante de nuestra sociedad. Si bien este momento, nos hace reflexionar sobre la violencia que se vive en nuestro pa\u00eds, debemos trabajar diariamente para prevenir y eliminar todo tipo de violencia. Tambi\u00e9n en sus palabras hizo menci\u00f3n, a la importancia de que podamos debatir, con fundamentos, el derecho a la vida, que todos tenemos.<\/p>\n<p style=\"font-weight: 400;\">Luego fue el momento de descubrir una placa en homenaje a M\u00f3nica Esteban, y a todas las victimas de femicidio.<\/p>\n<p style=\"font-weight: 400;\">Para cerrar el encuentro, Silvia Palumbo y Clara Nori deleitaron a los presentes con dos temas musicales alusivos a la celebraci\u00f3n.<\/p>\n<p>&nbsp;<\/p>\n<div id='gallery_1' class='gallery galleryid-40670 gallery-columns-3 gallery-size-medium'><figure class='gallery-item'>\n            <div class='gallery-icon landscape'>\n                <a href='https:\/\/www.celttv.com.ar\/wp-content\/uploads\/2019\/03\/banco-rojo.jpeg'><img loading=\"lazy\" decoding=\"async\" width=\"300\" height=\"200\" src=\"\" class=\"attachment-medium size-medium lazyload\" alt=\"\" data-src=\"https:\/\/www.celttv.com.ar\/wp-content\/uploads\/2019\/03\/banco-rojo-300x200.jpeg\" data-sizes=\"auto\" data-srcset=\"https:\/\/www.celttv.com.ar\/wp-content\/uploads\/2019\/03\/banco-rojo-300x200.jpeg 300w, https:\/\/www.celttv.com.ar\/wp-content\/uploads\/2019\/03\/banco-rojo-768x512.jpeg 768w, https:\/\/www.celttv.com.ar\/wp-content\/uploads\/2019\/03\/banco-rojo-750x500.jpeg 750w, https:\/\/www.celttv.com.ar\/wp-content\/uploads\/2019\/03\/banco-rojo.jpeg 1024w\" data-expand=\"700\" \/><\/a>\n            <\/div><\/figure><figure class='gallery-item'>\n            <div class='gallery-icon landscape'>\n                <a href='https:\/\/www.celttv.com.ar\/wp-content\/uploads\/2019\/03\/WhatsApp-Image-2019-03-28-at-12.52.49-1024x682-1.jpeg'><img loading=\"lazy\" decoding=\"async\" width=\"300\" height=\"200\" src=\"\" class=\"attachment-medium size-medium lazyload\" alt=\"\" data-src=\"https:\/\/www.celttv.com.ar\/wp-content\/uploads\/2019\/03\/WhatsApp-Image-2019-03-28-at-12.52.49-1024x682-1-300x200.jpeg\" data-sizes=\"auto\" data-srcset=\"https:\/\/www.celttv.com.ar\/wp-content\/uploads\/2019\/03\/WhatsApp-Image-2019-03-28-at-12.52.49-1024x682-1-300x200.jpeg 300w, https:\/\/www.celttv.com.ar\/wp-content\/uploads\/2019\/03\/WhatsApp-Image-2019-03-28-at-12.52.49-1024x682-1-768x512.jpeg 768w, https:\/\/www.celttv.com.ar\/wp-content\/uploads\/2019\/03\/WhatsApp-Image-2019-03-28-at-12.52.49-1024x682-1-750x500.jpeg 750w, https:\/\/www.celttv.com.ar\/wp-content\/uploads\/2019\/03\/WhatsApp-Image-2019-03-28-at-12.52.49-1024x682-1.jpeg 1024w\" data-expand=\"700\" \/><\/a>\n            <\/div><\/figure><figure class='gallery-item'>\n            <div class='gallery-icon landscape'>\n                <a href='https:\/\/www.celttv.com.ar\/wp-content\/uploads\/2019\/03\/WhatsApp-Image-2019-03-28-at-12.52.50-1024x682-1.jpeg'><img loading=\"lazy\" decoding=\"async\" width=\"300\" height=\"200\" src=\"\" class=\"attachment-medium size-medium lazyload\" alt=\"\" data-src=\"https:\/\/www.celttv.com.ar\/wp-content\/uploads\/2019\/03\/WhatsApp-Image-2019-03-28-at-12.52.50-1024x682-1-300x200.jpeg\" data-sizes=\"auto\" data-srcset=\"https:\/\/www.celttv.com.ar\/wp-content\/uploads\/2019\/03\/WhatsApp-Image-2019-03-28-at-12.52.50-1024x682-1-300x200.jpeg 300w, https:\/\/www.celttv.com.ar\/wp-content\/uploads\/2019\/03\/WhatsApp-Image-2019-03-28-at-12.52.50-1024x682-1-768x512.jpeg 768w, https:\/\/www.celttv.com.ar\/wp-content\/uploads\/2019\/03\/WhatsApp-Image-2019-03-28-at-12.52.50-1024x682-1-750x500.jpeg 750w, https:\/\/www.celttv.com.ar\/wp-content\/uploads\/2019\/03\/WhatsApp-Image-2019-03-28-at-12.52.50-1024x682-1.jpeg 1024w\" data-expand=\"700\" \/><\/a>\n            <\/div><\/figure><br style=\"clear: both\" \/><figure class='gallery-item'>\n            <div class='gallery-icon portrait'>\n                <a href='https:\/\/www.celttv.com.ar\/wp-content\/uploads\/2019\/03\/WhatsApp-Image-2019-03-28-at-12.52.55-682x1024-1.jpeg'><img loading=\"lazy\" decoding=\"async\" width=\"200\" height=\"300\" src=\"\" class=\"attachment-medium size-medium lazyload\" alt=\"\" data-src=\"https:\/\/www.celttv.com.ar\/wp-content\/uploads\/2019\/03\/WhatsApp-Image-2019-03-28-at-12.52.55-682x1024-1-200x300.jpeg\" data-sizes=\"auto\" data-srcset=\"https:\/\/www.celttv.com.ar\/wp-content\/uploads\/2019\/03\/WhatsApp-Image-2019-03-28-at-12.52.55-682x1024-1-200x300.jpeg 200w, https:\/\/www.celttv.com.ar\/wp-content\/uploads\/2019\/03\/WhatsApp-Image-2019-03-28-at-12.52.55-682x1024-1.jpeg 682w\" data-expand=\"700\" \/><\/a>\n            <\/div><\/figure><figure class='gallery-item'>\n            <div class='gallery-icon landscape'>\n                <a href='https:\/\/www.celttv.com.ar\/wp-content\/uploads\/2019\/03\/WhatsApp-Image-2019-03-28-at-12.52.57-1-1024x682-1.jpeg'><img loading=\"lazy\" decoding=\"async\" width=\"300\" height=\"200\" src=\"\" class=\"attachment-medium size-medium lazyload\" alt=\"\" data-src=\"https:\/\/www.celttv.com.ar\/wp-content\/uploads\/2019\/03\/WhatsApp-Image-2019-03-28-at-12.52.57-1-1024x682-1-300x200.jpeg\" data-sizes=\"auto\" data-srcset=\"https:\/\/www.celttv.com.ar\/wp-content\/uploads\/2019\/03\/WhatsApp-Image-2019-03-28-at-12.52.57-1-1024x682-1-300x200.jpeg 300w, https:\/\/www.celttv.com.ar\/wp-content\/uploads\/2019\/03\/WhatsApp-Image-2019-03-28-at-12.52.57-1-1024x682-1-768x512.jpeg 768w, https:\/\/www.celttv.com.ar\/wp-content\/uploads\/2019\/03\/WhatsApp-Image-2019-03-28-at-12.52.57-1-1024x682-1-750x500.jpeg 750w, https:\/\/www.celttv.com.ar\/wp-content\/uploads\/2019\/03\/WhatsApp-Image-2019-03-28-at-12.52.57-1-1024x682-1.jpeg 1024w\" data-expand=\"700\" \/><\/a>\n            <\/div><\/figure><figure class='gallery-item'>\n            <div class='gallery-icon landscape'>\n                <a href='https:\/\/www.celttv.com.ar\/wp-content\/uploads\/2019\/03\/WhatsApp-Image-2019-03-28-at-12.52.59-1-1024x682-1.jpeg'><img loading=\"lazy\" decoding=\"async\" width=\"300\" height=\"200\" src=\"\" class=\"attachment-medium size-medium lazyload\" alt=\"\" data-src=\"https:\/\/www.celttv.com.ar\/wp-content\/uploads\/2019\/03\/WhatsApp-Image-2019-03-28-at-12.52.59-1-1024x682-1-300x200.jpeg\" data-sizes=\"auto\" data-srcset=\"https:\/\/www.celttv.com.ar\/wp-content\/uploads\/2019\/03\/WhatsApp-Image-2019-03-28-at-12.52.59-1-1024x682-1-300x200.jpeg 300w, https:\/\/www.celttv.com.ar\/wp-content\/uploads\/2019\/03\/WhatsApp-Image-2019-03-28-at-12.52.59-1-1024x682-1-768x512.jpeg 768w, https:\/\/www.celttv.com.ar\/wp-content\/uploads\/2019\/03\/WhatsApp-Image-2019-03-28-at-12.52.59-1-1024x682-1-750x500.jpeg 750w, https:\/\/www.celttv.com.ar\/wp-content\/uploads\/2019\/03\/WhatsApp-Image-2019-03-28-at-12.52.59-1-1024x682-1.jpeg 1024w\" data-expand=\"700\" \/><\/a>\n            <\/div><\/figure><br style=\"clear: both\" \/><figure class='gallery-item'>\n            <div class='gallery-icon landscape'>\n                <a href='https:\/\/www.celttv.com.ar\/wp-content\/uploads\/2019\/03\/WhatsApp-Image-2019-03-28-at-12.53.00-1-1024x682-1.jpeg'><img loading=\"lazy\" decoding=\"async\" width=\"300\" height=\"200\" src=\"\" class=\"attachment-medium size-medium lazyload\" alt=\"\" data-src=\"https:\/\/www.celttv.com.ar\/wp-content\/uploads\/2019\/03\/WhatsApp-Image-2019-03-28-at-12.53.00-1-1024x682-1-300x200.jpeg\" data-sizes=\"auto\" data-srcset=\"https:\/\/www.celttv.com.ar\/wp-content\/uploads\/2019\/03\/WhatsApp-Image-2019-03-28-at-12.53.00-1-1024x682-1-300x200.jpeg 300w, https:\/\/www.celttv.com.ar\/wp-content\/uploads\/2019\/03\/WhatsApp-Image-2019-03-28-at-12.53.00-1-1024x682-1-768x512.jpeg 768w, https:\/\/www.celttv.com.ar\/wp-content\/uploads\/2019\/03\/WhatsApp-Image-2019-03-28-at-12.53.00-1-1024x682-1-750x500.jpeg 750w, https:\/\/www.celttv.com.ar\/wp-content\/uploads\/2019\/03\/WhatsApp-Image-2019-03-28-at-12.53.00-1-1024x682-1.jpeg 1024w\" data-expand=\"700\" \/><\/a>\n            <\/div><\/figure><figure class='gallery-item'>\n            <div class='gallery-icon landscape'>\n                <a href='https:\/\/www.celttv.com.ar\/wp-content\/uploads\/2019\/03\/WhatsApp-Image-2019-03-28-at-12.53.00-2-1024x682-1.jpeg'><img loading=\"lazy\" decoding=\"async\" width=\"300\" height=\"200\" src=\"\" class=\"attachment-medium size-medium lazyload\" alt=\"\" data-src=\"https:\/\/www.celttv.com.ar\/wp-content\/uploads\/2019\/03\/WhatsApp-Image-2019-03-28-at-12.53.00-2-1024x682-1-300x200.jpeg\" data-sizes=\"auto\" data-srcset=\"https:\/\/www.celttv.com.ar\/wp-content\/uploads\/2019\/03\/WhatsApp-Image-2019-03-28-at-12.53.00-2-1024x682-1-300x200.jpeg 300w, https:\/\/www.celttv.com.ar\/wp-content\/uploads\/2019\/03\/WhatsApp-Image-2019-03-28-at-12.53.00-2-1024x682-1-768x512.jpeg 768w, https:\/\/www.celttv.com.ar\/wp-content\/uploads\/2019\/03\/WhatsApp-Image-2019-03-28-at-12.53.00-2-1024x682-1-750x500.jpeg 750w, https:\/\/www.celttv.com.ar\/wp-content\/uploads\/2019\/03\/WhatsApp-Image-2019-03-28-at-12.53.00-2-1024x682-1.jpeg 1024w\" data-expand=\"700\" \/><\/a>\n            <\/div><\/figure><figure class='gallery-item'>\n            <div class='gallery-icon landscape'>\n                <a href='https:\/\/www.celttv.com.ar\/wp-content\/uploads\/2019\/03\/WhatsApp-Image-2019-03-28-at-12.53.00-1024x682-1.jpeg'><img loading=\"lazy\" decoding=\"async\" width=\"300\" height=\"200\" src=\"\" class=\"attachment-medium size-medium lazyload\" alt=\"\" data-src=\"https:\/\/www.celttv.com.ar\/wp-content\/uploads\/2019\/03\/WhatsApp-Image-2019-03-28-at-12.53.00-1024x682-1-300x200.jpeg\" data-sizes=\"auto\" data-srcset=\"https:\/\/www.celttv.com.ar\/wp-content\/uploads\/2019\/03\/WhatsApp-Image-2019-03-28-at-12.53.00-1024x682-1-300x200.jpeg 300w, https:\/\/www.celttv.com.ar\/wp-content\/uploads\/2019\/03\/WhatsApp-Image-2019-03-28-at-12.53.00-1024x682-1-768x512.jpeg 768w, https:\/\/www.celttv.com.ar\/wp-content\/uploads\/2019\/03\/WhatsApp-Image-2019-03-28-at-12.53.00-1024x682-1-750x500.jpeg 750w, https:\/\/www.celttv.com.ar\/wp-content\/uploads\/2019\/03\/WhatsApp-Image-2019-03-28-at-12.53.00-1024x682-1.jpeg 1024w\" data-expand=\"700\" \/><\/a>\n            <\/div><\/figure><br style=\"clear: both\" \/><figure class='gallery-item'>\n            <div class='gallery-icon landscape'>\n                <a href='https:\/\/www.celttv.com.ar\/wp-content\/uploads\/2019\/03\/WhatsApp-Image-2019-03-28-at-12.53.02-1-1024x682-1.jpeg'><img loading=\"lazy\" decoding=\"async\" width=\"300\" height=\"200\" src=\"\" class=\"attachment-medium size-medium lazyload\" alt=\"\" data-src=\"https:\/\/www.celttv.com.ar\/wp-content\/uploads\/2019\/03\/WhatsApp-Image-2019-03-28-at-12.53.02-1-1024x682-1-300x200.jpeg\" data-sizes=\"auto\" data-srcset=\"https:\/\/www.celttv.com.ar\/wp-content\/uploads\/2019\/03\/WhatsApp-Image-2019-03-28-at-12.53.02-1-1024x682-1-300x200.jpeg 300w, https:\/\/www.celttv.com.ar\/wp-content\/uploads\/2019\/03\/WhatsApp-Image-2019-03-28-at-12.53.02-1-1024x682-1-768x512.jpeg 768w, https:\/\/www.celttv.com.ar\/wp-content\/uploads\/2019\/03\/WhatsApp-Image-2019-03-28-at-12.53.02-1-1024x682-1-750x500.jpeg 750w, https:\/\/www.celttv.com.ar\/wp-content\/uploads\/2019\/03\/WhatsApp-Image-2019-03-28-at-12.53.02-1-1024x682-1.jpeg 1024w\" data-expand=\"700\" \/><\/a>\n            <\/div><\/figure><figure class='gallery-item'>\n            <div class='gallery-icon landscape'>\n                <a href='https:\/\/www.celttv.com.ar\/wp-content\/uploads\/2019\/03\/WhatsApp-Image-2019-03-28-at-12.53.02-1024x682-1.jpeg'><img loading=\"lazy\" decoding=\"async\" width=\"300\" height=\"200\" src=\"\" class=\"attachment-medium size-medium lazyload\" alt=\"\" data-src=\"https:\/\/www.celttv.com.ar\/wp-content\/uploads\/2019\/03\/WhatsApp-Image-2019-03-28-at-12.53.02-1024x682-1-300x200.jpeg\" data-sizes=\"auto\" data-srcset=\"https:\/\/www.celttv.com.ar\/wp-content\/uploads\/2019\/03\/WhatsApp-Image-2019-03-28-at-12.53.02-1024x682-1-300x200.jpeg 300w, https:\/\/www.celttv.com.ar\/wp-content\/uploads\/2019\/03\/WhatsApp-Image-2019-03-28-at-12.53.02-1024x682-1-768x512.jpeg 768w, https:\/\/www.celttv.com.ar\/wp-content\/uploads\/2019\/03\/WhatsApp-Image-2019-03-28-at-12.53.02-1024x682-1-750x500.jpeg 750w, https:\/\/www.celttv.com.ar\/wp-content\/uploads\/2019\/03\/WhatsApp-Image-2019-03-28-at-12.53.02-1024x682-1.jpeg 1024w\" data-expand=\"700\" \/><\/a>\n            <\/div><\/figure><figure class='gallery-item'>\n            <div class='gallery-icon landscape'>\n                <a href='https:\/\/www.celttv.com.ar\/wp-content\/uploads\/2019\/03\/WhatsApp-Image-2019-03-28-at-12.53.03-1024x682-1.jpeg'><img loading=\"lazy\" decoding=\"async\" width=\"300\" height=\"200\" src=\"\" class=\"attachment-medium size-medium lazyload\" alt=\"\" data-src=\"https:\/\/www.celttv.com.ar\/wp-content\/uploads\/2019\/03\/WhatsApp-Image-2019-03-28-at-12.53.03-1024x682-1-300x200.jpeg\" data-sizes=\"auto\" data-srcset=\"https:\/\/www.celttv.com.ar\/wp-content\/uploads\/2019\/03\/WhatsApp-Image-2019-03-28-at-12.53.03-1024x682-1-300x200.jpeg 300w, https:\/\/www.celttv.com.ar\/wp-content\/uploads\/2019\/03\/WhatsApp-Image-2019-03-28-at-12.53.03-1024x682-1-768x512.jpeg 768w, https:\/\/www.celttv.com.ar\/wp-content\/uploads\/2019\/03\/WhatsApp-Image-2019-03-28-at-12.53.03-1024x682-1-750x500.jpeg 750w, https:\/\/www.celttv.com.ar\/wp-content\/uploads\/2019\/03\/WhatsApp-Image-2019-03-28-at-12.53.03-1024x682-1.jpeg 1024w\" data-expand=\"700\" \/><\/a>\n            <\/div><\/figure><br style=\"clear: both\" \/><figure class='gallery-item'>\n            <div class='gallery-icon landscape'>\n                <a href='https:\/\/www.celttv.com.ar\/wp-content\/uploads\/2019\/03\/WhatsApp-Image-2019-03-28-at-12.53.05-1024x682-1.jpeg'><img loading=\"lazy\" decoding=\"async\" width=\"300\" height=\"200\" src=\"\" class=\"attachment-medium size-medium lazyload\" alt=\"\" data-src=\"https:\/\/www.celttv.com.ar\/wp-content\/uploads\/2019\/03\/WhatsApp-Image-2019-03-28-at-12.53.05-1024x682-1-300x200.jpeg\" data-sizes=\"auto\" data-srcset=\"https:\/\/www.celttv.com.ar\/wp-content\/uploads\/2019\/03\/WhatsApp-Image-2019-03-28-at-12.53.05-1024x682-1-300x200.jpeg 300w, https:\/\/www.celttv.com.ar\/wp-content\/uploads\/2019\/03\/WhatsApp-Image-2019-03-28-at-12.53.05-1024x682-1-768x512.jpeg 768w, https:\/\/www.celttv.com.ar\/wp-content\/uploads\/2019\/03\/WhatsApp-Image-2019-03-28-at-12.53.05-1024x682-1-750x500.jpeg 750w, https:\/\/www.celttv.com.ar\/wp-content\/uploads\/2019\/03\/WhatsApp-Image-2019-03-28-at-12.53.05-1024x682-1.jpeg 1024w\" data-expand=\"700\" \/><\/a>\n            <\/div><\/figure><figure class='gallery-item'>\n            <div class='gallery-icon landscape'>\n                <a href='https:\/\/www.celttv.com.ar\/wp-content\/uploads\/2019\/03\/WhatsApp-Image-2019-03-28-at-12.53.06-1-1024x682-1.jpeg'><img loading=\"lazy\" decoding=\"async\" width=\"300\" height=\"200\" src=\"\" class=\"attachment-medium size-medium lazyload\" alt=\"\" data-src=\"https:\/\/www.celttv.com.ar\/wp-content\/uploads\/2019\/03\/WhatsApp-Image-2019-03-28-at-12.53.06-1-1024x682-1-300x200.jpeg\" data-sizes=\"auto\" data-srcset=\"https:\/\/www.celttv.com.ar\/wp-content\/uploads\/2019\/03\/WhatsApp-Image-2019-03-28-at-12.53.06-1-1024x682-1-300x200.jpeg 300w, https:\/\/www.celttv.com.ar\/wp-content\/uploads\/2019\/03\/WhatsApp-Image-2019-03-28-at-12.53.06-1-1024x682-1-768x512.jpeg 768w, https:\/\/www.celttv.com.ar\/wp-content\/uploads\/2019\/03\/WhatsApp-Image-2019-03-28-at-12.53.06-1-1024x682-1-750x500.jpeg 750w, https:\/\/www.celttv.com.ar\/wp-content\/uploads\/2019\/03\/WhatsApp-Image-2019-03-28-at-12.53.06-1-1024x682-1.jpeg 1024w\" data-expand=\"700\" \/><\/a>\n            <\/div><\/figure><figure class='gallery-item'>\n            <div class='gallery-icon landscape'>\n                <a href='https:\/\/www.celttv.com.ar\/wp-content\/uploads\/2019\/03\/WhatsApp-Image-2019-03-28-at-12.53.06-1024x682-1.jpeg'><img loading=\"lazy\" decoding=\"async\" width=\"300\" height=\"200\" src=\"\" class=\"attachment-medium size-medium lazyload\" alt=\"\" data-src=\"https:\/\/www.celttv.com.ar\/wp-content\/uploads\/2019\/03\/WhatsApp-Image-2019-03-28-at-12.53.06-1024x682-1-300x200.jpeg\" data-sizes=\"auto\" data-srcset=\"https:\/\/www.celttv.com.ar\/wp-content\/uploads\/2019\/03\/WhatsApp-Image-2019-03-28-at-12.53.06-1024x682-1-300x200.jpeg 300w, https:\/\/www.celttv.com.ar\/wp-content\/uploads\/2019\/03\/WhatsApp-Image-2019-03-28-at-12.53.06-1024x682-1-768x512.jpeg 768w, https:\/\/www.celttv.com.ar\/wp-content\/uploads\/2019\/03\/WhatsApp-Image-2019-03-28-at-12.53.06-1024x682-1-750x500.jpeg 750w, https:\/\/www.celttv.com.ar\/wp-content\/uploads\/2019\/03\/WhatsApp-Image-2019-03-28-at-12.53.06-1024x682-1.jpeg 1024w\" data-expand=\"700\" \/><\/a>\n            <\/div><\/figure><br style=\"clear: both\" \/><figure class='gallery-item'>\n            <div class='gallery-icon landscape'>\n                <a href='https:\/\/www.celttv.com.ar\/wp-content\/uploads\/2019\/03\/WhatsApp-Image-2019-03-28-at-12.53.07-1024x682-1.jpeg'><img loading=\"lazy\" decoding=\"async\" width=\"300\" height=\"200\" src=\"\" class=\"attachment-medium size-medium lazyload\" alt=\"\" data-src=\"https:\/\/www.celttv.com.ar\/wp-content\/uploads\/2019\/03\/WhatsApp-Image-2019-03-28-at-12.53.07-1024x682-1-300x200.jpeg\" data-sizes=\"auto\" data-srcset=\"https:\/\/www.celttv.com.ar\/wp-content\/uploads\/2019\/03\/WhatsApp-Image-2019-03-28-at-12.53.07-1024x682-1-300x200.jpeg 300w, https:\/\/www.celttv.com.ar\/wp-content\/uploads\/2019\/03\/WhatsApp-Image-2019-03-28-at-12.53.07-1024x682-1-768x512.jpeg 768w, https:\/\/www.celttv.com.ar\/wp-content\/uploads\/2019\/03\/WhatsApp-Image-2019-03-28-at-12.53.07-1024x682-1-750x500.jpeg 750w, https:\/\/www.celttv.com.ar\/wp-content\/uploads\/2019\/03\/WhatsApp-Image-2019-03-28-at-12.53.07-1024x682-1.jpeg 1024w\" data-expand=\"700\" \/><\/a>\n            <\/div><\/figure><figure class='gallery-item'>\n            <div class='gallery-icon landscape'>\n                <a href='https:\/\/www.celttv.com.ar\/wp-content\/uploads\/2019\/03\/WhatsApp-Image-2019-03-28-at-12.53.08-1-720x380-1.jpeg'><img loading=\"lazy\" decoding=\"async\" width=\"300\" height=\"158\" src=\"\" class=\"attachment-medium size-medium lazyload\" alt=\"\" data-src=\"https:\/\/www.celttv.com.ar\/wp-content\/uploads\/2019\/03\/WhatsApp-Image-2019-03-28-at-12.53.08-1-720x380-1-300x158.jpeg\" data-sizes=\"auto\" data-srcset=\"https:\/\/www.celttv.com.ar\/wp-content\/uploads\/2019\/03\/WhatsApp-Image-2019-03-28-at-12.53.08-1-720x380-1-300x158.jpeg 300w, https:\/\/www.celttv.com.ar\/wp-content\/uploads\/2019\/03\/WhatsApp-Image-2019-03-28-at-12.53.08-1-720x380-1.jpeg 720w\" data-expand=\"700\" \/><\/a>\n            <\/div><\/figure><figure class='gallery-item'>\n            <div class='gallery-icon landscape'>\n                <a href='https:\/\/www.celttv.com.ar\/wp-content\/uploads\/2019\/03\/WhatsApp-Image-2019-03-28-at-12.53.08-1-1024x682-1.jpeg'><img loading=\"lazy\" decoding=\"async\" width=\"300\" height=\"200\" src=\"\" class=\"attachment-medium size-medium lazyload\" alt=\"\" data-src=\"https:\/\/www.celttv.com.ar\/wp-content\/uploads\/2019\/03\/WhatsApp-Image-2019-03-28-at-12.53.08-1-1024x682-1-300x200.jpeg\" data-sizes=\"auto\" data-srcset=\"https:\/\/www.celttv.com.ar\/wp-content\/uploads\/2019\/03\/WhatsApp-Image-2019-03-28-at-12.53.08-1-1024x682-1-300x200.jpeg 300w, https:\/\/www.celttv.com.ar\/wp-content\/uploads\/2019\/03\/WhatsApp-Image-2019-03-28-at-12.53.08-1-1024x682-1-768x512.jpeg 768w, https:\/\/www.celttv.com.ar\/wp-content\/uploads\/2019\/03\/WhatsApp-Image-2019-03-28-at-12.53.08-1-1024x682-1-750x500.jpeg 750w, https:\/\/www.celttv.com.ar\/wp-content\/uploads\/2019\/03\/WhatsApp-Image-2019-03-28-at-12.53.08-1-1024x682-1.jpeg 1024w\" data-expand=\"700\" \/><\/a>\n            <\/div><\/figure><br style=\"clear: both\" \/><figure class='gallery-item'>\n            <div class='gallery-icon landscape'>\n                <a href='https:\/\/www.celttv.com.ar\/wp-content\/uploads\/2019\/03\/WhatsApp-Image-2019-03-28-at-12.53.08-1024x682-1.jpeg'><img loading=\"lazy\" decoding=\"async\" width=\"300\" height=\"200\" src=\"\" class=\"attachment-medium size-medium lazyload\" alt=\"\" data-src=\"https:\/\/www.celttv.com.ar\/wp-content\/uploads\/2019\/03\/WhatsApp-Image-2019-03-28-at-12.53.08-1024x682-1-300x200.jpeg\" data-sizes=\"auto\" data-srcset=\"https:\/\/www.celttv.com.ar\/wp-content\/uploads\/2019\/03\/WhatsApp-Image-2019-03-28-at-12.53.08-1024x682-1-300x200.jpeg 300w, https:\/\/www.celttv.com.ar\/wp-content\/uploads\/2019\/03\/WhatsApp-Image-2019-03-28-at-12.53.08-1024x682-1-768x512.jpeg 768w, https:\/\/www.celttv.com.ar\/wp-content\/uploads\/2019\/03\/WhatsApp-Image-2019-03-28-at-12.53.08-1024x682-1-750x500.jpeg 750w, https:\/\/www.celttv.com.ar\/wp-content\/uploads\/2019\/03\/WhatsApp-Image-2019-03-28-at-12.53.08-1024x682-1.jpeg 1024w\" data-expand=\"700\" \/><\/a>\n            <\/div><\/figure><figure class='gallery-item'>\n            <div class='gallery-icon landscape'>\n                <a href='https:\/\/www.celttv.com.ar\/wp-content\/uploads\/2019\/03\/WhatsApp-Image-2019-03-28-at-12.53.09-1-1024x682-1.jpeg'><img loading=\"lazy\" decoding=\"async\" width=\"300\" height=\"200\" src=\"\" class=\"attachment-medium size-medium lazyload\" alt=\"\" data-src=\"https:\/\/www.celttv.com.ar\/wp-content\/uploads\/2019\/03\/WhatsApp-Image-2019-03-28-at-12.53.09-1-1024x682-1-300x200.jpeg\" data-sizes=\"auto\" data-srcset=\"https:\/\/www.celttv.com.ar\/wp-content\/uploads\/2019\/03\/WhatsApp-Image-2019-03-28-at-12.53.09-1-1024x682-1-300x200.jpeg 300w, https:\/\/www.celttv.com.ar\/wp-content\/uploads\/2019\/03\/WhatsApp-Image-2019-03-28-at-12.53.09-1-1024x682-1-768x512.jpeg 768w, https:\/\/www.celttv.com.ar\/wp-content\/uploads\/2019\/03\/WhatsApp-Image-2019-03-28-at-12.53.09-1-1024x682-1-750x500.jpeg 750w, https:\/\/www.celttv.com.ar\/wp-content\/uploads\/2019\/03\/WhatsApp-Image-2019-03-28-at-12.53.09-1-1024x682-1.jpeg 1024w\" data-expand=\"700\" \/><\/a>\n            <\/div><\/figure><figure class='gallery-item'>\n            <div class='gallery-icon landscape'>\n                <a href='https:\/\/www.celttv.com.ar\/wp-content\/uploads\/2019\/03\/WhatsApp-Image-2019-03-28-at-12.53.09-2-1024x682-1.jpeg'><img loading=\"lazy\" decoding=\"async\" width=\"300\" height=\"200\" src=\"\" class=\"attachment-medium size-medium lazyload\" alt=\"\" data-src=\"https:\/\/www.celttv.com.ar\/wp-content\/uploads\/2019\/03\/WhatsApp-Image-2019-03-28-at-12.53.09-2-1024x682-1-300x200.jpeg\" data-sizes=\"auto\" data-srcset=\"https:\/\/www.celttv.com.ar\/wp-content\/uploads\/2019\/03\/WhatsApp-Image-2019-03-28-at-12.53.09-2-1024x682-1-300x200.jpeg 300w, https:\/\/www.celttv.com.ar\/wp-content\/uploads\/2019\/03\/WhatsApp-Image-2019-03-28-at-12.53.09-2-1024x682-1-768x512.jpeg 768w, https:\/\/www.celttv.com.ar\/wp-content\/uploads\/2019\/03\/WhatsApp-Image-2019-03-28-at-12.53.09-2-1024x682-1-750x500.jpeg 750w, https:\/\/www.celttv.com.ar\/wp-content\/uploads\/2019\/03\/WhatsApp-Image-2019-03-28-at-12.53.09-2-1024x682-1.jpeg 1024w\" data-expand=\"700\" \/><\/a>\n            <\/div><\/figure><br style=\"clear: both\" \/>\n        <\/div>\n\n<div class=\"jeg_video_container jeg_video_content\"><iframe loading=\"lazy\" title=\"2019 03 28 EMPLAZAN BANCOS ROJOS CONTRA FEMICIDIO 2 KARINA STEINGRUBER\" width=\"500\" height=\"375\" src=\"https:\/\/www.youtube.com\/embed\/5woxYP35ofg?feature=oembed\" frameborder=\"0\" allow=\"accelerometer; autoplay; clipboard-write; encrypted-media; gyroscope; picture-in-picture; web-share\" referrerpolicy=\"strict-origin-when-cross-origin\" allowfullscreen><\/iframe><\/div>\n<div class=\"jeg_video_container jeg_video_content\"><iframe loading=\"lazy\" title=\"2019 03 28 EMPLAZAN BANCOS ROJOS CONTRA FEMICIDIO 3 LAURA ROSATELLI\" width=\"500\" height=\"375\" src=\"https:\/\/www.youtube.com\/embed\/2zeDFzsXEzA?feature=oembed\" frameborder=\"0\" allow=\"accelerometer; autoplay; clipboard-write; encrypted-media; gyroscope; picture-in-picture; web-share\" referrerpolicy=\"strict-origin-when-cross-origin\" allowfullscreen><\/iframe><\/div>\n<div class=\"jeg_video_container jeg_video_content\"><iframe loading=\"lazy\" title=\"2019 03 28 EMPLAZAN BANCOS ROJOS CONTRA FEMICIDIO 4 JUAN PABLO CHAIN\" width=\"500\" height=\"375\" src=\"https:\/\/www.youtube.com\/embed\/8CKif9OCFcY?feature=oembed\" frameborder=\"0\" allow=\"accelerometer; autoplay; clipboard-write; encrypted-media; gyroscope; picture-in-picture; web-share\" referrerpolicy=\"strict-origin-when-cross-origin\" allowfullscreen><\/iframe><\/div>\n<div class=\"jeg_video_container jeg_video_content\"><iframe loading=\"lazy\" title=\"2019 03 28 EMPLAZAN BANCOS ROJOS CONTRA FEMICIDIO 5 SERGIO BORDONI\" width=\"500\" height=\"375\" src=\"https:\/\/www.youtube.com\/embed\/X6Ca-GYiy-A?feature=oembed\" frameborder=\"0\" allow=\"accelerometer; autoplay; clipboard-write; encrypted-media; gyroscope; picture-in-picture; web-share\" referrerpolicy=\"strict-origin-when-cross-origin\" allowfullscreen><\/iframe><\/div>\n<div class=\"jeg_video_container jeg_video_content\"><iframe loading=\"lazy\" title=\"2019 03 28 EMPLAZAN BANCOS ROJOS CONTRA FEMICIDIO 6 PADRE NORBERTO LOPEZ\" width=\"500\" height=\"375\" src=\"https:\/\/www.youtube.com\/embed\/O5haZM_4inw?feature=oembed\" frameborder=\"0\" allow=\"accelerometer; autoplay; clipboard-write; encrypted-media; gyroscope; picture-in-picture; web-share\" referrerpolicy=\"strict-origin-when-cross-origin\" allowfullscreen><\/iframe><\/div>\n<div class=\"jeg_video_container jeg_video_content\"><iframe loading=\"lazy\" title=\"2019 03 28 EMPLAZAN BANCOS ROJOS CONTRA FEMICIDIO 7 TEMA 1\" width=\"500\" height=\"375\" src=\"https:\/\/www.youtube.com\/embed\/s9iJYJtbabU?feature=oembed\" frameborder=\"0\" allow=\"accelerometer; autoplay; clipboard-write; encrypted-media; gyroscope; picture-in-picture; web-share\" referrerpolicy=\"strict-origin-when-cross-origin\" allowfullscreen><\/iframe><\/div>\n<div class=\"jeg_video_container jeg_video_content\"><iframe loading=\"lazy\" title=\"2019 03 28 EMPLAZAN BANCOS ROJOS CONTRA FEMICIDIO 8 TEMA 2\" width=\"500\" height=\"375\" src=\"https:\/\/www.youtube.com\/embed\/DKUPq467aWE?feature=oembed\" frameborder=\"0\" allow=\"accelerometer; autoplay; clipboard-write; encrypted-media; gyroscope; picture-in-picture; web-share\" referrerpolicy=\"strict-origin-when-cross-origin\" allowfullscreen><\/iframe><\/div>\n","protected":false},"excerpt":{"rendered":"<p>Hoy por la ma\u00f1ana, el intendente municipal Sergio Bordoni encabez\u00f3, junto al Gerente de L\u00ednea Roca Larga Distancia de la Empresa Trenes Argentinos, Juan Pablo Chain, el encuentro donde se descubri\u00f3 el Banco Rojo, en conmemoraci\u00f3n de todas las mujeres que sufrieron o sufren violencia; especialmente por M\u00f3nica Giselle Esteban. El banco rojo, es parte [&hellip;]<\/p>\n","protected":false},"author":1,"featured_media":40689,"comment_status":"closed","ping_status":"open","sticky":false,"template":"","format":"standard","meta":{"footnotes":""},"categories":[51,52,59],"tags":[],"class_list":["post-40670","post","type-post","status-publish","format-standard","has-post-thumbnail","hentry","category-comunidad","category-destacadas","category-municipales"],"yoast_head":"<!-- This site is optimized with the Yoast SEO plugin v19.7.1 - https:\/\/yoast.com\/wordpress\/plugins\/seo\/ -->\n<title>Se descubri\u00f3 un banco rojo en memoria de M\u00f3nica Esteban, v\u00edctima de femicidio (fotos y pr\u00f3ximamente videos) - CELTTV<\/title>\n<meta name=\"description\" content=\"Sitio web de noticias de la localidad de Tornquist, provincia de Buenos Aires, Rep\u00fablica Argentina. Contenido propio originado por periodistas de CELTTV, el canal de TV local de la Cooperativa El\u00e9ctrica de Tornquist. Turismo, Pol\u00edtica, Sociedad, Deporte, Cultura y todo el contenido de inter\u00e9s general que la gente del pueblo y la regi\u00f3n debe conocer.\" \/>\n<meta name=\"robots\" content=\"index, follow, max-snippet:-1, max-image-preview:large, max-video-preview:-1\" \/>\n<link rel=\"canonical\" href=\"https:\/\/www.celttv.com.ar\/index.php\/2019\/03\/28\/se-descubrio-un-banco-rojo-en-memoria-de-monica-esteban-victima-de-femicidio-fotos-y-proximamente-videos\/\" \/>\n<meta property=\"og:locale\" content=\"es_ES\" \/>\n<meta property=\"og:type\" content=\"article\" \/>\n<meta property=\"og:title\" content=\"Se descubri\u00f3 un banco rojo en memoria de M\u00f3nica Esteban, v\u00edctima de femicidio (fotos y pr\u00f3ximamente videos) - CELTTV\" \/>\n<meta property=\"og:description\" content=\"Sitio web de noticias de la localidad de Tornquist, provincia de Buenos Aires, Rep\u00fablica Argentina. Contenido propio originado por periodistas de CELTTV, el canal de TV local de la Cooperativa El\u00e9ctrica de Tornquist. Turismo, Pol\u00edtica, Sociedad, Deporte, Cultura y todo el contenido de inter\u00e9s general que la gente del pueblo y la regi\u00f3n debe conocer.\" \/>\n<meta property=\"og:url\" content=\"https:\/\/www.celttv.com.ar\/index.php\/2019\/03\/28\/se-descubrio-un-banco-rojo-en-memoria-de-monica-esteban-victima-de-femicidio-fotos-y-proximamente-videos\/\" \/>\n<meta property=\"og:site_name\" content=\"CELTTV\" \/>\n<meta property=\"article:publisher\" content=\"https:\/\/www.facebook.com\/celtTV\/\" \/>\n<meta property=\"article:published_time\" content=\"2019-03-28T18:01:10+00:00\" \/>\n<meta property=\"og:image\" content=\"https:\/\/www.celttv.com.ar\/wp-content\/uploads\/2019\/03\/WhatsApp-Image-2019-03-28-at-12.53.08-1-1024x682-1.jpeg\" \/>\n\t<meta property=\"og:image:width\" content=\"1024\" \/>\n\t<meta property=\"og:image:height\" content=\"682\" \/>\n\t<meta property=\"og:image:type\" content=\"image\/jpeg\" \/>\n<meta name=\"author\" content=\"ulises\" \/>\n<meta name=\"twitter:card\" content=\"summary_large_image\" \/>\n<meta name=\"twitter:label1\" content=\"Escrito por\" \/>\n\t<meta name=\"twitter:data1\" content=\"ulises\" \/>\n\t<meta name=\"twitter:label2\" content=\"Tiempo de lectura\" \/>\n\t<meta name=\"twitter:data2\" content=\"2 minutos\" \/>\n<script type=\"application\/ld+json\" class=\"yoast-schema-graph\">{\"@context\":\"https:\/\/schema.org\",\"@graph\":[{\"@type\":\"NewsArticle\",\"@id\":\"https:\/\/www.celttv.com.ar\/index.php\/2019\/03\/28\/se-descubrio-un-banco-rojo-en-memoria-de-monica-esteban-victima-de-femicidio-fotos-y-proximamente-videos\/#article\",\"isPartOf\":{\"@id\":\"https:\/\/www.celttv.com.ar\/index.php\/2019\/03\/28\/se-descubrio-un-banco-rojo-en-memoria-de-monica-esteban-victima-de-femicidio-fotos-y-proximamente-videos\/\"},\"author\":{\"name\":\"ulises\",\"@id\":\"https:\/\/www.celttv.com.ar\/#\/schema\/person\/6d99c072dba59953809c81446e9d0ace\"},\"headline\":\"Se descubri\u00f3 un banco rojo en memoria de M\u00f3nica Esteban, v\u00edctima de femicidio (fotos y pr\u00f3ximamente videos)\",\"datePublished\":\"2019-03-28T18:01:10+00:00\",\"dateModified\":\"2019-03-28T18:01:10+00:00\",\"mainEntityOfPage\":{\"@id\":\"https:\/\/www.celttv.com.ar\/index.php\/2019\/03\/28\/se-descubrio-un-banco-rojo-en-memoria-de-monica-esteban-victima-de-femicidio-fotos-y-proximamente-videos\/\"},\"wordCount\":330,\"publisher\":{\"@id\":\"https:\/\/www.celttv.com.ar\/#organization\"},\"articleSection\":[\"Comunidad\",\"Destacadas\",\"Municipales\"],\"inLanguage\":\"es\"},{\"@type\":\"WebPage\",\"@id\":\"https:\/\/www.celttv.com.ar\/index.php\/2019\/03\/28\/se-descubrio-un-banco-rojo-en-memoria-de-monica-esteban-victima-de-femicidio-fotos-y-proximamente-videos\/\",\"url\":\"https:\/\/www.celttv.com.ar\/index.php\/2019\/03\/28\/se-descubrio-un-banco-rojo-en-memoria-de-monica-esteban-victima-de-femicidio-fotos-y-proximamente-videos\/\",\"name\":\"Se descubri\u00f3 un banco rojo en memoria de M\u00f3nica Esteban, v\u00edctima de femicidio (fotos y pr\u00f3ximamente videos) - CELTTV\",\"isPartOf\":{\"@id\":\"https:\/\/www.celttv.com.ar\/#website\"},\"datePublished\":\"2019-03-28T18:01:10+00:00\",\"dateModified\":\"2019-03-28T18:01:10+00:00\",\"description\":\"Sitio web de noticias de la localidad de Tornquist, provincia de Buenos Aires, Rep\u00fablica Argentina. Contenido propio originado por periodistas de CELTTV, el canal de TV local de la Cooperativa El\u00e9ctrica de Tornquist. Turismo, Pol\u00edtica, Sociedad, Deporte, Cultura y todo el contenido de inter\u00e9s general que la gente del pueblo y la regi\u00f3n debe conocer.\",\"breadcrumb\":{\"@id\":\"https:\/\/www.celttv.com.ar\/index.php\/2019\/03\/28\/se-descubrio-un-banco-rojo-en-memoria-de-monica-esteban-victima-de-femicidio-fotos-y-proximamente-videos\/#breadcrumb\"},\"inLanguage\":\"es\",\"potentialAction\":[{\"@type\":\"ReadAction\",\"target\":[\"https:\/\/www.celttv.com.ar\/index.php\/2019\/03\/28\/se-descubrio-un-banco-rojo-en-memoria-de-monica-esteban-victima-de-femicidio-fotos-y-proximamente-videos\/\"]}]},{\"@type\":\"BreadcrumbList\",\"@id\":\"https:\/\/www.celttv.com.ar\/index.php\/2019\/03\/28\/se-descubrio-un-banco-rojo-en-memoria-de-monica-esteban-victima-de-femicidio-fotos-y-proximamente-videos\/#breadcrumb\",\"itemListElement\":[{\"@type\":\"ListItem\",\"position\":1,\"name\":\"Inicio\",\"item\":\"https:\/\/www.celttv.com.ar\/\"},{\"@type\":\"ListItem\",\"position\":2,\"name\":\"Se descubri\u00f3 un banco rojo en memoria de M\u00f3nica Esteban, v\u00edctima de femicidio (fotos y pr\u00f3ximamente videos)\"}]},{\"@type\":\"WebSite\",\"@id\":\"https:\/\/www.celttv.com.ar\/#website\",\"url\":\"https:\/\/www.celttv.com.ar\/\",\"name\":\"CELTTV\",\"description\":\"Cooperativa El\u00e9ctrica de Tornquist\",\"publisher\":{\"@id\":\"https:\/\/www.celttv.com.ar\/#organization\"},\"potentialAction\":[{\"@type\":\"SearchAction\",\"target\":{\"@type\":\"EntryPoint\",\"urlTemplate\":\"https:\/\/www.celttv.com.ar\/?s={search_term_string}\"},\"query-input\":\"required name=search_term_string\"}],\"inLanguage\":\"es\"},{\"@type\":\"Organization\",\"@id\":\"https:\/\/www.celttv.com.ar\/#organization\",\"name\":\"CELTTV\",\"url\":\"https:\/\/www.celttv.com.ar\/\",\"sameAs\":[\"https:\/\/www.youtube.com\/channel\/UCz_oIt8Hig64Ub-EmcNPIhg\",\"https:\/\/www.facebook.com\/celtTV\/\"],\"logo\":{\"@type\":\"ImageObject\",\"inLanguage\":\"es\",\"@id\":\"https:\/\/www.celttv.com.ar\/#\/schema\/logo\/image\/\",\"url\":\"http:\/\/www.celttv.com.ar\/wp-content\/uploads\/2022\/08\/logo-1.png\",\"contentUrl\":\"http:\/\/www.celttv.com.ar\/wp-content\/uploads\/2022\/08\/logo-1.png\",\"width\":461,\"height\":159,\"caption\":\"CELTTV\"},\"image\":{\"@id\":\"https:\/\/www.celttv.com.ar\/#\/schema\/logo\/image\/\"}},{\"@type\":\"Person\",\"@id\":\"https:\/\/www.celttv.com.ar\/#\/schema\/person\/6d99c072dba59953809c81446e9d0ace\",\"name\":\"ulises\",\"image\":{\"@type\":\"ImageObject\",\"inLanguage\":\"es\",\"@id\":\"https:\/\/www.celttv.com.ar\/#\/schema\/person\/image\/\",\"url\":\"https:\/\/secure.gravatar.com\/avatar\/7f2c48bdc33b30088f941fb6082e555f2874c98e20cb159d7b92b50eadfce793?s=96&d=mm&r=g\",\"contentUrl\":\"https:\/\/secure.gravatar.com\/avatar\/7f2c48bdc33b30088f941fb6082e555f2874c98e20cb159d7b92b50eadfce793?s=96&d=mm&r=g\",\"caption\":\"ulises\"},\"sameAs\":[\"http:\/\/www.celttv.com.ar\"]}]}<\/script>\n<!-- \/ Yoast SEO plugin. -->","yoast_head_json":{"title":"Se descubri\u00f3 un banco rojo en memoria de M\u00f3nica Esteban, v\u00edctima de femicidio (fotos y pr\u00f3ximamente videos) - CELTTV","description":"Sitio web de noticias de la localidad de Tornquist, provincia de Buenos Aires, Rep\u00fablica Argentina. Contenido propio originado por periodistas de CELTTV, el canal de TV local de la Cooperativa El\u00e9ctrica de Tornquist. Turismo, Pol\u00edtica, Sociedad, Deporte, Cultura y todo el contenido de inter\u00e9s general que la gente del pueblo y la regi\u00f3n debe conocer.","robots":{"index":"index","follow":"follow","max-snippet":"max-snippet:-1","max-image-preview":"max-image-preview:large","max-video-preview":"max-video-preview:-1"},"canonical":"https:\/\/www.celttv.com.ar\/index.php\/2019\/03\/28\/se-descubrio-un-banco-rojo-en-memoria-de-monica-esteban-victima-de-femicidio-fotos-y-proximamente-videos\/","og_locale":"es_ES","og_type":"article","og_title":"Se descubri\u00f3 un banco rojo en memoria de M\u00f3nica Esteban, v\u00edctima de femicidio (fotos y pr\u00f3ximamente videos) - CELTTV","og_description":"Sitio web de noticias de la localidad de Tornquist, provincia de Buenos Aires, Rep\u00fablica Argentina. Contenido propio originado por periodistas de CELTTV, el canal de TV local de la Cooperativa El\u00e9ctrica de Tornquist. Turismo, Pol\u00edtica, Sociedad, Deporte, Cultura y todo el contenido de inter\u00e9s general que la gente del pueblo y la regi\u00f3n debe conocer.","og_url":"https:\/\/www.celttv.com.ar\/index.php\/2019\/03\/28\/se-descubrio-un-banco-rojo-en-memoria-de-monica-esteban-victima-de-femicidio-fotos-y-proximamente-videos\/","og_site_name":"CELTTV","article_publisher":"https:\/\/www.facebook.com\/celtTV\/","article_published_time":"2019-03-28T18:01:10+00:00","og_image":[{"width":1024,"height":682,"url":"https:\/\/www.celttv.com.ar\/wp-content\/uploads\/2019\/03\/WhatsApp-Image-2019-03-28-at-12.53.08-1-1024x682-1.jpeg","type":"image\/jpeg"}],"author":"ulises","twitter_card":"summary_large_image","twitter_misc":{"Escrito por":"ulises","Tiempo de lectura":"2 minutos"},"schema":{"@context":"https:\/\/schema.org","@graph":[{"@type":"NewsArticle","@id":"https:\/\/www.celttv.com.ar\/index.php\/2019\/03\/28\/se-descubrio-un-banco-rojo-en-memoria-de-monica-esteban-victima-de-femicidio-fotos-y-proximamente-videos\/#article","isPartOf":{"@id":"https:\/\/www.celttv.com.ar\/index.php\/2019\/03\/28\/se-descubrio-un-banco-rojo-en-memoria-de-monica-esteban-victima-de-femicidio-fotos-y-proximamente-videos\/"},"author":{"name":"ulises","@id":"https:\/\/www.celttv.com.ar\/#\/schema\/person\/6d99c072dba59953809c81446e9d0ace"},"headline":"Se descubri\u00f3 un banco rojo en memoria de M\u00f3nica Esteban, v\u00edctima de femicidio (fotos y pr\u00f3ximamente videos)","datePublished":"2019-03-28T18:01:10+00:00","dateModified":"2019-03-28T18:01:10+00:00","mainEntityOfPage":{"@id":"https:\/\/www.celttv.com.ar\/index.php\/2019\/03\/28\/se-descubrio-un-banco-rojo-en-memoria-de-monica-esteban-victima-de-femicidio-fotos-y-proximamente-videos\/"},"wordCount":330,"publisher":{"@id":"https:\/\/www.celttv.com.ar\/#organization"},"articleSection":["Comunidad","Destacadas","Municipales"],"inLanguage":"es"},{"@type":"WebPage","@id":"https:\/\/www.celttv.com.ar\/index.php\/2019\/03\/28\/se-descubrio-un-banco-rojo-en-memoria-de-monica-esteban-victima-de-femicidio-fotos-y-proximamente-videos\/","url":"https:\/\/www.celttv.com.ar\/index.php\/2019\/03\/28\/se-descubrio-un-banco-rojo-en-memoria-de-monica-esteban-victima-de-femicidio-fotos-y-proximamente-videos\/","name":"Se descubri\u00f3 un banco rojo en memoria de M\u00f3nica Esteban, v\u00edctima de femicidio (fotos y pr\u00f3ximamente videos) - CELTTV","isPartOf":{"@id":"https:\/\/www.celttv.com.ar\/#website"},"datePublished":"2019-03-28T18:01:10+00:00","dateModified":"2019-03-28T18:01:10+00:00","description":"Sitio web de noticias de la localidad de Tornquist, provincia de Buenos Aires, Rep\u00fablica Argentina. Contenido propio originado por periodistas de CELTTV, el canal de TV local de la Cooperativa El\u00e9ctrica de Tornquist. Turismo, Pol\u00edtica, Sociedad, Deporte, Cultura y todo el contenido de inter\u00e9s general que la gente del pueblo y la regi\u00f3n debe conocer.","breadcrumb":{"@id":"https:\/\/www.celttv.com.ar\/index.php\/2019\/03\/28\/se-descubrio-un-banco-rojo-en-memoria-de-monica-esteban-victima-de-femicidio-fotos-y-proximamente-videos\/#breadcrumb"},"inLanguage":"es","potentialAction":[{"@type":"ReadAction","target":["https:\/\/www.celttv.com.ar\/index.php\/2019\/03\/28\/se-descubrio-un-banco-rojo-en-memoria-de-monica-esteban-victima-de-femicidio-fotos-y-proximamente-videos\/"]}]},{"@type":"BreadcrumbList","@id":"https:\/\/www.celttv.com.ar\/index.php\/2019\/03\/28\/se-descubrio-un-banco-rojo-en-memoria-de-monica-esteban-victima-de-femicidio-fotos-y-proximamente-videos\/#breadcrumb","itemListElement":[{"@type":"ListItem","position":1,"name":"Inicio","item":"https:\/\/www.celttv.com.ar\/"},{"@type":"ListItem","position":2,"name":"Se descubri\u00f3 un banco rojo en memoria de M\u00f3nica Esteban, v\u00edctima de femicidio (fotos y pr\u00f3ximamente videos)"}]},{"@type":"WebSite","@id":"https:\/\/www.celttv.com.ar\/#website","url":"https:\/\/www.celttv.com.ar\/","name":"CELTTV","description":"Cooperativa El\u00e9ctrica de Tornquist","publisher":{"@id":"https:\/\/www.celttv.com.ar\/#organization"},"potentialAction":[{"@type":"SearchAction","target":{"@type":"EntryPoint","urlTemplate":"https:\/\/www.celttv.com.ar\/?s={search_term_string}"},"query-input":"required name=search_term_string"}],"inLanguage":"es"},{"@type":"Organization","@id":"https:\/\/www.celttv.com.ar\/#organization","name":"CELTTV","url":"https:\/\/www.celttv.com.ar\/","sameAs":["https:\/\/www.youtube.com\/channel\/UCz_oIt8Hig64Ub-EmcNPIhg","https:\/\/www.facebook.com\/celtTV\/"],"logo":{"@type":"ImageObject","inLanguage":"es","@id":"https:\/\/www.celttv.com.ar\/#\/schema\/logo\/image\/","url":"http:\/\/www.celttv.com.ar\/wp-content\/uploads\/2022\/08\/logo-1.png","contentUrl":"http:\/\/www.celttv.com.ar\/wp-content\/uploads\/2022\/08\/logo-1.png","width":461,"height":159,"caption":"CELTTV"},"image":{"@id":"https:\/\/www.celttv.com.ar\/#\/schema\/logo\/image\/"}},{"@type":"Person","@id":"https:\/\/www.celttv.com.ar\/#\/schema\/person\/6d99c072dba59953809c81446e9d0ace","name":"ulises","image":{"@type":"ImageObject","inLanguage":"es","@id":"https:\/\/www.celttv.com.ar\/#\/schema\/person\/image\/","url":"https:\/\/secure.gravatar.com\/avatar\/7f2c48bdc33b30088f941fb6082e555f2874c98e20cb159d7b92b50eadfce793?s=96&d=mm&r=g","contentUrl":"https:\/\/secure.gravatar.com\/avatar\/7f2c48bdc33b30088f941fb6082e555f2874c98e20cb159d7b92b50eadfce793?s=96&d=mm&r=g","caption":"ulises"},"sameAs":["http:\/\/www.celttv.com.ar"]}]}},"_links":{"self":[{"href":"https:\/\/www.celttv.com.ar\/index.php\/wp-json\/wp\/v2\/posts\/40670","targetHints":{"allow":["GET"]}}],"collection":[{"href":"https:\/\/www.celttv.com.ar\/index.php\/wp-json\/wp\/v2\/posts"}],"about":[{"href":"https:\/\/www.celttv.com.ar\/index.php\/wp-json\/wp\/v2\/types\/post"}],"author":[{"embeddable":true,"href":"https:\/\/www.celttv.com.ar\/index.php\/wp-json\/wp\/v2\/users\/1"}],"replies":[{"embeddable":true,"href":"https:\/\/www.celttv.com.ar\/index.php\/wp-json\/wp\/v2\/comments?post=40670"}],"version-history":[{"count":0,"href":"https:\/\/www.celttv.com.ar\/index.php\/wp-json\/wp\/v2\/posts\/40670\/revisions"}],"wp:featuredmedia":[{"embeddable":true,"href":"https:\/\/www.celttv.com.ar\/index.php\/wp-json\/wp\/v2\/media\/40689"}],"wp:attachment":[{"href":"https:\/\/www.celttv.com.ar\/index.php\/wp-json\/wp\/v2\/media?parent=40670"}],"wp:term":[{"taxonomy":"category","embeddable":true,"href":"https:\/\/www.celttv.com.ar\/index.php\/wp-json\/wp\/v2\/categories?post=40670"},{"taxonomy":"post_tag","embeddable":true,"href":"https:\/\/www.celttv.com.ar\/index.php\/wp-json\/wp\/v2\/tags?post=40670"}],"curies":[{"name":"wp","href":"https:\/\/api.w.org\/{rel}","templated":true}]}}