{"id":40709,"date":"2019-03-30T19:09:37","date_gmt":"2019-03-30T19:09:37","guid":{"rendered":"http:\/\/www.celttv.com.ar\/?p=40709"},"modified":"2019-03-30T19:09:37","modified_gmt":"2019-03-30T19:09:37","slug":"oscar-kaltenbach-presento-su-libro-en-la-biblioteca-de-tornquist-fotos","status":"publish","type":"post","link":"https:\/\/www.celttv.com.ar\/index.php\/2019\/03\/30\/oscar-kaltenbach-presento-su-libro-en-la-biblioteca-de-tornquist-fotos\/","title":{"rendered":"OSCAR KALTENBACH PRESENT\u00d3 SU LIBRO EN LA BIBLIOTECA DE TORNQUIST (FOTOS)"},"content":{"rendered":"<p>La Biblioteca Popular Ernesto Tornquist, realiz\u00f3 su primer Caf\u00e9-Literario del a\u00f1o, con la presentaci\u00f3n del libro de <strong>Oscar Kaltenbach<\/strong>, denomiado &#8220;Desde mi Ventana&#8221;.<\/p>\n<p>Kaltenbach, fue presentado por por el artista de Saldungaray, <strong>Patricio Barret<\/strong>, quien le realiz\u00f3 diferentes ilustraciones en el libro.<\/p>\n<p>Pr\u00f3ximamente notas en <strong>CELTTV NOTICIAS<\/strong>.<a href=\"http:\/\/www.celttv.com.ar\/?attachment_id=40717\" rel=\"attachment wp-att-40717\"><img loading=\"lazy\" decoding=\"async\" class=\"alignleft size-full wp-image-40717\" src=\"http:\/\/www.celttv.com.ar\/wp-content\/uploads\/2019\/03\/20190329_194822.jpg\" alt=\"\" width=\"2048\" height=\"1536\" srcset=\"https:\/\/www.celttv.com.ar\/wp-content\/uploads\/2019\/03\/20190329_194822.jpg 2048w, https:\/\/www.celttv.com.ar\/wp-content\/uploads\/2019\/03\/20190329_194822-300x225.jpg 300w, https:\/\/www.celttv.com.ar\/wp-content\/uploads\/2019\/03\/20190329_194822-1024x768.jpg 1024w, https:\/\/www.celttv.com.ar\/wp-content\/uploads\/2019\/03\/20190329_194822-768x576.jpg 768w, https:\/\/www.celttv.com.ar\/wp-content\/uploads\/2019\/03\/20190329_194822-1536x1152.jpg 1536w, https:\/\/www.celttv.com.ar\/wp-content\/uploads\/2019\/03\/20190329_194822-750x563.jpg 750w, https:\/\/www.celttv.com.ar\/wp-content\/uploads\/2019\/03\/20190329_194822-1140x855.jpg 1140w\" sizes=\"auto, (max-width: 2048px) 100vw, 2048px\" \/><\/a> <a href=\"http:\/\/www.celttv.com.ar\/?attachment_id=40721\" rel=\"attachment wp-att-40721\"><img loading=\"lazy\" decoding=\"async\" class=\"alignleft size-full wp-image-40721\" src=\"http:\/\/www.celttv.com.ar\/wp-content\/uploads\/2019\/03\/20190329_195751.jpg\" alt=\"\" width=\"2048\" height=\"1536\" srcset=\"https:\/\/www.celttv.com.ar\/wp-content\/uploads\/2019\/03\/20190329_195751.jpg 2048w, https:\/\/www.celttv.com.ar\/wp-content\/uploads\/2019\/03\/20190329_195751-300x225.jpg 300w, https:\/\/www.celttv.com.ar\/wp-content\/uploads\/2019\/03\/20190329_195751-1024x768.jpg 1024w, https:\/\/www.celttv.com.ar\/wp-content\/uploads\/2019\/03\/20190329_195751-768x576.jpg 768w, https:\/\/www.celttv.com.ar\/wp-content\/uploads\/2019\/03\/20190329_195751-1536x1152.jpg 1536w, https:\/\/www.celttv.com.ar\/wp-content\/uploads\/2019\/03\/20190329_195751-750x563.jpg 750w, https:\/\/www.celttv.com.ar\/wp-content\/uploads\/2019\/03\/20190329_195751-1140x855.jpg 1140w\" sizes=\"auto, (max-width: 2048px) 100vw, 2048px\" \/><\/a> <a href=\"http:\/\/www.celttv.com.ar\/?attachment_id=40720\" rel=\"attachment wp-att-40720\"><img loading=\"lazy\" decoding=\"async\" class=\"alignleft size-full wp-image-40720\" src=\"http:\/\/www.celttv.com.ar\/wp-content\/uploads\/2019\/03\/20190329_195723.jpg\" alt=\"\" width=\"2048\" height=\"1536\" srcset=\"https:\/\/www.celttv.com.ar\/wp-content\/uploads\/2019\/03\/20190329_195723.jpg 2048w, https:\/\/www.celttv.com.ar\/wp-content\/uploads\/2019\/03\/20190329_195723-300x225.jpg 300w, https:\/\/www.celttv.com.ar\/wp-content\/uploads\/2019\/03\/20190329_195723-1024x768.jpg 1024w, https:\/\/www.celttv.com.ar\/wp-content\/uploads\/2019\/03\/20190329_195723-768x576.jpg 768w, https:\/\/www.celttv.com.ar\/wp-content\/uploads\/2019\/03\/20190329_195723-1536x1152.jpg 1536w, https:\/\/www.celttv.com.ar\/wp-content\/uploads\/2019\/03\/20190329_195723-750x563.jpg 750w, https:\/\/www.celttv.com.ar\/wp-content\/uploads\/2019\/03\/20190329_195723-1140x855.jpg 1140w\" sizes=\"auto, (max-width: 2048px) 100vw, 2048px\" \/><\/a> <a href=\"http:\/\/www.celttv.com.ar\/?attachment_id=40719\" rel=\"attachment wp-att-40719\"><img loading=\"lazy\" decoding=\"async\" class=\"alignleft size-full wp-image-40719\" src=\"http:\/\/www.celttv.com.ar\/wp-content\/uploads\/2019\/03\/20190329_195520.jpg\" alt=\"\" width=\"2048\" height=\"1536\" srcset=\"https:\/\/www.celttv.com.ar\/wp-content\/uploads\/2019\/03\/20190329_195520.jpg 2048w, https:\/\/www.celttv.com.ar\/wp-content\/uploads\/2019\/03\/20190329_195520-300x225.jpg 300w, https:\/\/www.celttv.com.ar\/wp-content\/uploads\/2019\/03\/20190329_195520-1024x768.jpg 1024w, https:\/\/www.celttv.com.ar\/wp-content\/uploads\/2019\/03\/20190329_195520-768x576.jpg 768w, https:\/\/www.celttv.com.ar\/wp-content\/uploads\/2019\/03\/20190329_195520-1536x1152.jpg 1536w, https:\/\/www.celttv.com.ar\/wp-content\/uploads\/2019\/03\/20190329_195520-750x563.jpg 750w, https:\/\/www.celttv.com.ar\/wp-content\/uploads\/2019\/03\/20190329_195520-1140x855.jpg 1140w\" sizes=\"auto, (max-width: 2048px) 100vw, 2048px\" \/><\/a> <a href=\"http:\/\/www.celttv.com.ar\/?attachment_id=40718\" rel=\"attachment wp-att-40718\"><img loading=\"lazy\" decoding=\"async\" class=\"alignleft size-full wp-image-40718\" src=\"http:\/\/www.celttv.com.ar\/wp-content\/uploads\/2019\/03\/20190329_194859.jpg\" alt=\"\" width=\"1536\" height=\"2048\" srcset=\"https:\/\/www.celttv.com.ar\/wp-content\/uploads\/2019\/03\/20190329_194859.jpg 1536w, https:\/\/www.celttv.com.ar\/wp-content\/uploads\/2019\/03\/20190329_194859-225x300.jpg 225w, https:\/\/www.celttv.com.ar\/wp-content\/uploads\/2019\/03\/20190329_194859-768x1024.jpg 768w, https:\/\/www.celttv.com.ar\/wp-content\/uploads\/2019\/03\/20190329_194859-1152x1536.jpg 1152w, https:\/\/www.celttv.com.ar\/wp-content\/uploads\/2019\/03\/20190329_194859-750x1000.jpg 750w, https:\/\/www.celttv.com.ar\/wp-content\/uploads\/2019\/03\/20190329_194859-1140x1520.jpg 1140w\" sizes=\"auto, (max-width: 1536px) 100vw, 1536px\" \/><\/a><\/p>\n","protected":false},"excerpt":{"rendered":"<p>La Biblioteca Popular Ernesto Tornquist, realiz\u00f3 su primer Caf\u00e9-Literario del a\u00f1o, con la presentaci\u00f3n del libro de Oscar Kaltenbach, denomiado &#8220;Desde mi Ventana&#8221;. Kaltenbach, fue presentado por por el artista de Saldungaray, Patricio Barret, quien le realiz\u00f3 diferentes ilustraciones en el libro. Pr\u00f3ximamente notas en CELTTV NOTICIAS.<\/p>\n","protected":false},"author":1,"featured_media":40721,"comment_status":"closed","ping_status":"open","sticky":false,"template":"","format":"standard","meta":{"footnotes":""},"categories":[55,51,52],"tags":[],"class_list":["post-40709","post","type-post","status-publish","format-standard","has-post-thumbnail","hentry","category-celt-tv-noticias","category-comunidad","category-destacadas"],"yoast_head":"<!-- This site is optimized with the Yoast SEO plugin v19.7.1 - https:\/\/yoast.com\/wordpress\/plugins\/seo\/ -->\n<title>OSCAR KALTENBACH PRESENT\u00d3 SU LIBRO EN LA BIBLIOTECA DE TORNQUIST (FOTOS) - CELTTV<\/title>\n<meta name=\"description\" content=\"Sitio web de noticias de la localidad de Tornquist, provincia de Buenos Aires, Rep\u00fablica Argentina. Contenido propio originado por periodistas de CELTTV, el canal de TV local de la Cooperativa El\u00e9ctrica de Tornquist. Turismo, Pol\u00edtica, Sociedad, Deporte, Cultura y todo el contenido de inter\u00e9s general que la gente del pueblo y la regi\u00f3n debe conocer.\" \/>\n<meta name=\"robots\" content=\"index, follow, max-snippet:-1, max-image-preview:large, max-video-preview:-1\" \/>\n<link rel=\"canonical\" href=\"https:\/\/www.celttv.com.ar\/index.php\/2019\/03\/30\/oscar-kaltenbach-presento-su-libro-en-la-biblioteca-de-tornquist-fotos\/\" \/>\n<meta property=\"og:locale\" content=\"es_ES\" \/>\n<meta property=\"og:type\" content=\"article\" \/>\n<meta property=\"og:title\" content=\"OSCAR KALTENBACH PRESENT\u00d3 SU LIBRO EN LA BIBLIOTECA DE TORNQUIST (FOTOS) - CELTTV\" \/>\n<meta property=\"og:description\" content=\"Sitio web de noticias de la localidad de Tornquist, provincia de Buenos Aires, Rep\u00fablica Argentina. Contenido propio originado por periodistas de CELTTV, el canal de TV local de la Cooperativa El\u00e9ctrica de Tornquist. Turismo, Pol\u00edtica, Sociedad, Deporte, Cultura y todo el contenido de inter\u00e9s general que la gente del pueblo y la regi\u00f3n debe conocer.\" \/>\n<meta property=\"og:url\" content=\"https:\/\/www.celttv.com.ar\/index.php\/2019\/03\/30\/oscar-kaltenbach-presento-su-libro-en-la-biblioteca-de-tornquist-fotos\/\" \/>\n<meta property=\"og:site_name\" content=\"CELTTV\" \/>\n<meta property=\"article:publisher\" content=\"https:\/\/www.facebook.com\/celtTV\/\" \/>\n<meta property=\"article:published_time\" content=\"2019-03-30T19:09:37+00:00\" \/>\n<meta property=\"og:image\" content=\"https:\/\/www.celttv.com.ar\/wp-content\/uploads\/2019\/03\/20190329_195751.jpg\" \/>\n\t<meta property=\"og:image:width\" content=\"2048\" \/>\n\t<meta property=\"og:image:height\" content=\"1536\" \/>\n\t<meta property=\"og:image:type\" content=\"image\/jpeg\" \/>\n<meta name=\"author\" content=\"ulises\" \/>\n<meta name=\"twitter:card\" content=\"summary_large_image\" \/>\n<meta name=\"twitter:label1\" content=\"Escrito por\" \/>\n\t<meta name=\"twitter:data1\" content=\"ulises\" \/>\n<script type=\"application\/ld+json\" class=\"yoast-schema-graph\">{\"@context\":\"https:\/\/schema.org\",\"@graph\":[{\"@type\":\"NewsArticle\",\"@id\":\"https:\/\/www.celttv.com.ar\/index.php\/2019\/03\/30\/oscar-kaltenbach-presento-su-libro-en-la-biblioteca-de-tornquist-fotos\/#article\",\"isPartOf\":{\"@id\":\"https:\/\/www.celttv.com.ar\/index.php\/2019\/03\/30\/oscar-kaltenbach-presento-su-libro-en-la-biblioteca-de-tornquist-fotos\/\"},\"author\":{\"name\":\"ulises\",\"@id\":\"https:\/\/www.celttv.com.ar\/#\/schema\/person\/6d99c072dba59953809c81446e9d0ace\"},\"headline\":\"OSCAR KALTENBACH PRESENT\u00d3 SU LIBRO EN LA BIBLIOTECA DE TORNQUIST (FOTOS)\",\"datePublished\":\"2019-03-30T19:09:37+00:00\",\"dateModified\":\"2019-03-30T19:09:37+00:00\",\"mainEntityOfPage\":{\"@id\":\"https:\/\/www.celttv.com.ar\/index.php\/2019\/03\/30\/oscar-kaltenbach-presento-su-libro-en-la-biblioteca-de-tornquist-fotos\/\"},\"wordCount\":62,\"publisher\":{\"@id\":\"https:\/\/www.celttv.com.ar\/#organization\"},\"articleSection\":[\"Celt TV Noticias\",\"Comunidad\",\"Destacadas\"],\"inLanguage\":\"es\"},{\"@type\":\"WebPage\",\"@id\":\"https:\/\/www.celttv.com.ar\/index.php\/2019\/03\/30\/oscar-kaltenbach-presento-su-libro-en-la-biblioteca-de-tornquist-fotos\/\",\"url\":\"https:\/\/www.celttv.com.ar\/index.php\/2019\/03\/30\/oscar-kaltenbach-presento-su-libro-en-la-biblioteca-de-tornquist-fotos\/\",\"name\":\"OSCAR KALTENBACH PRESENT\u00d3 SU LIBRO EN LA BIBLIOTECA DE TORNQUIST (FOTOS) - CELTTV\",\"isPartOf\":{\"@id\":\"https:\/\/www.celttv.com.ar\/#website\"},\"datePublished\":\"2019-03-30T19:09:37+00:00\",\"dateModified\":\"2019-03-30T19:09:37+00:00\",\"description\":\"Sitio web de noticias de la localidad de Tornquist, provincia de Buenos Aires, Rep\u00fablica Argentina. Contenido propio originado por periodistas de CELTTV, el canal de TV local de la Cooperativa El\u00e9ctrica de Tornquist. Turismo, Pol\u00edtica, Sociedad, Deporte, Cultura y todo el contenido de inter\u00e9s general que la gente del pueblo y la regi\u00f3n debe conocer.\",\"breadcrumb\":{\"@id\":\"https:\/\/www.celttv.com.ar\/index.php\/2019\/03\/30\/oscar-kaltenbach-presento-su-libro-en-la-biblioteca-de-tornquist-fotos\/#breadcrumb\"},\"inLanguage\":\"es\",\"potentialAction\":[{\"@type\":\"ReadAction\",\"target\":[\"https:\/\/www.celttv.com.ar\/index.php\/2019\/03\/30\/oscar-kaltenbach-presento-su-libro-en-la-biblioteca-de-tornquist-fotos\/\"]}]},{\"@type\":\"BreadcrumbList\",\"@id\":\"https:\/\/www.celttv.com.ar\/index.php\/2019\/03\/30\/oscar-kaltenbach-presento-su-libro-en-la-biblioteca-de-tornquist-fotos\/#breadcrumb\",\"itemListElement\":[{\"@type\":\"ListItem\",\"position\":1,\"name\":\"Inicio\",\"item\":\"https:\/\/www.celttv.com.ar\/\"},{\"@type\":\"ListItem\",\"position\":2,\"name\":\"OSCAR KALTENBACH PRESENT\u00d3 SU LIBRO EN LA BIBLIOTECA DE TORNQUIST (FOTOS)\"}]},{\"@type\":\"WebSite\",\"@id\":\"https:\/\/www.celttv.com.ar\/#website\",\"url\":\"https:\/\/www.celttv.com.ar\/\",\"name\":\"CELTTV\",\"description\":\"Cooperativa El\u00e9ctrica de Tornquist\",\"publisher\":{\"@id\":\"https:\/\/www.celttv.com.ar\/#organization\"},\"potentialAction\":[{\"@type\":\"SearchAction\",\"target\":{\"@type\":\"EntryPoint\",\"urlTemplate\":\"https:\/\/www.celttv.com.ar\/?s={search_term_string}\"},\"query-input\":\"required name=search_term_string\"}],\"inLanguage\":\"es\"},{\"@type\":\"Organization\",\"@id\":\"https:\/\/www.celttv.com.ar\/#organization\",\"name\":\"CELTTV\",\"url\":\"https:\/\/www.celttv.com.ar\/\",\"sameAs\":[\"https:\/\/www.youtube.com\/channel\/UCz_oIt8Hig64Ub-EmcNPIhg\",\"https:\/\/www.facebook.com\/celtTV\/\"],\"logo\":{\"@type\":\"ImageObject\",\"inLanguage\":\"es\",\"@id\":\"https:\/\/www.celttv.com.ar\/#\/schema\/logo\/image\/\",\"url\":\"http:\/\/www.celttv.com.ar\/wp-content\/uploads\/2022\/08\/logo-1.png\",\"contentUrl\":\"http:\/\/www.celttv.com.ar\/wp-content\/uploads\/2022\/08\/logo-1.png\",\"width\":461,\"height\":159,\"caption\":\"CELTTV\"},\"image\":{\"@id\":\"https:\/\/www.celttv.com.ar\/#\/schema\/logo\/image\/\"}},{\"@type\":\"Person\",\"@id\":\"https:\/\/www.celttv.com.ar\/#\/schema\/person\/6d99c072dba59953809c81446e9d0ace\",\"name\":\"ulises\",\"image\":{\"@type\":\"ImageObject\",\"inLanguage\":\"es\",\"@id\":\"https:\/\/www.celttv.com.ar\/#\/schema\/person\/image\/\",\"url\":\"https:\/\/secure.gravatar.com\/avatar\/7f2c48bdc33b30088f941fb6082e555f2874c98e20cb159d7b92b50eadfce793?s=96&d=mm&r=g\",\"contentUrl\":\"https:\/\/secure.gravatar.com\/avatar\/7f2c48bdc33b30088f941fb6082e555f2874c98e20cb159d7b92b50eadfce793?s=96&d=mm&r=g\",\"caption\":\"ulises\"},\"sameAs\":[\"http:\/\/www.celttv.com.ar\"]}]}<\/script>\n<!-- \/ Yoast SEO plugin. -->","yoast_head_json":{"title":"OSCAR KALTENBACH PRESENT\u00d3 SU LIBRO EN LA BIBLIOTECA DE TORNQUIST (FOTOS) - CELTTV","description":"Sitio web de noticias de la localidad de Tornquist, provincia de Buenos Aires, Rep\u00fablica Argentina. Contenido propio originado por periodistas de CELTTV, el canal de TV local de la Cooperativa El\u00e9ctrica de Tornquist. Turismo, Pol\u00edtica, Sociedad, Deporte, Cultura y todo el contenido de inter\u00e9s general que la gente del pueblo y la regi\u00f3n debe conocer.","robots":{"index":"index","follow":"follow","max-snippet":"max-snippet:-1","max-image-preview":"max-image-preview:large","max-video-preview":"max-video-preview:-1"},"canonical":"https:\/\/www.celttv.com.ar\/index.php\/2019\/03\/30\/oscar-kaltenbach-presento-su-libro-en-la-biblioteca-de-tornquist-fotos\/","og_locale":"es_ES","og_type":"article","og_title":"OSCAR KALTENBACH PRESENT\u00d3 SU LIBRO EN LA BIBLIOTECA DE TORNQUIST (FOTOS) - CELTTV","og_description":"Sitio web de noticias de la localidad de Tornquist, provincia de Buenos Aires, Rep\u00fablica Argentina. Contenido propio originado por periodistas de CELTTV, el canal de TV local de la Cooperativa El\u00e9ctrica de Tornquist. Turismo, Pol\u00edtica, Sociedad, Deporte, Cultura y todo el contenido de inter\u00e9s general que la gente del pueblo y la regi\u00f3n debe conocer.","og_url":"https:\/\/www.celttv.com.ar\/index.php\/2019\/03\/30\/oscar-kaltenbach-presento-su-libro-en-la-biblioteca-de-tornquist-fotos\/","og_site_name":"CELTTV","article_publisher":"https:\/\/www.facebook.com\/celtTV\/","article_published_time":"2019-03-30T19:09:37+00:00","og_image":[{"width":2048,"height":1536,"url":"https:\/\/www.celttv.com.ar\/wp-content\/uploads\/2019\/03\/20190329_195751.jpg","type":"image\/jpeg"}],"author":"ulises","twitter_card":"summary_large_image","twitter_misc":{"Escrito por":"ulises"},"schema":{"@context":"https:\/\/schema.org","@graph":[{"@type":"NewsArticle","@id":"https:\/\/www.celttv.com.ar\/index.php\/2019\/03\/30\/oscar-kaltenbach-presento-su-libro-en-la-biblioteca-de-tornquist-fotos\/#article","isPartOf":{"@id":"https:\/\/www.celttv.com.ar\/index.php\/2019\/03\/30\/oscar-kaltenbach-presento-su-libro-en-la-biblioteca-de-tornquist-fotos\/"},"author":{"name":"ulises","@id":"https:\/\/www.celttv.com.ar\/#\/schema\/person\/6d99c072dba59953809c81446e9d0ace"},"headline":"OSCAR KALTENBACH PRESENT\u00d3 SU LIBRO EN LA BIBLIOTECA DE TORNQUIST (FOTOS)","datePublished":"2019-03-30T19:09:37+00:00","dateModified":"2019-03-30T19:09:37+00:00","mainEntityOfPage":{"@id":"https:\/\/www.celttv.com.ar\/index.php\/2019\/03\/30\/oscar-kaltenbach-presento-su-libro-en-la-biblioteca-de-tornquist-fotos\/"},"wordCount":62,"publisher":{"@id":"https:\/\/www.celttv.com.ar\/#organization"},"articleSection":["Celt TV Noticias","Comunidad","Destacadas"],"inLanguage":"es"},{"@type":"WebPage","@id":"https:\/\/www.celttv.com.ar\/index.php\/2019\/03\/30\/oscar-kaltenbach-presento-su-libro-en-la-biblioteca-de-tornquist-fotos\/","url":"https:\/\/www.celttv.com.ar\/index.php\/2019\/03\/30\/oscar-kaltenbach-presento-su-libro-en-la-biblioteca-de-tornquist-fotos\/","name":"OSCAR KALTENBACH PRESENT\u00d3 SU LIBRO EN LA BIBLIOTECA DE TORNQUIST (FOTOS) - CELTTV","isPartOf":{"@id":"https:\/\/www.celttv.com.ar\/#website"},"datePublished":"2019-03-30T19:09:37+00:00","dateModified":"2019-03-30T19:09:37+00:00","description":"Sitio web de noticias de la localidad de Tornquist, provincia de Buenos Aires, Rep\u00fablica Argentina. Contenido propio originado por periodistas de CELTTV, el canal de TV local de la Cooperativa El\u00e9ctrica de Tornquist. Turismo, Pol\u00edtica, Sociedad, Deporte, Cultura y todo el contenido de inter\u00e9s general que la gente del pueblo y la regi\u00f3n debe conocer.","breadcrumb":{"@id":"https:\/\/www.celttv.com.ar\/index.php\/2019\/03\/30\/oscar-kaltenbach-presento-su-libro-en-la-biblioteca-de-tornquist-fotos\/#breadcrumb"},"inLanguage":"es","potentialAction":[{"@type":"ReadAction","target":["https:\/\/www.celttv.com.ar\/index.php\/2019\/03\/30\/oscar-kaltenbach-presento-su-libro-en-la-biblioteca-de-tornquist-fotos\/"]}]},{"@type":"BreadcrumbList","@id":"https:\/\/www.celttv.com.ar\/index.php\/2019\/03\/30\/oscar-kaltenbach-presento-su-libro-en-la-biblioteca-de-tornquist-fotos\/#breadcrumb","itemListElement":[{"@type":"ListItem","position":1,"name":"Inicio","item":"https:\/\/www.celttv.com.ar\/"},{"@type":"ListItem","position":2,"name":"OSCAR KALTENBACH PRESENT\u00d3 SU LIBRO EN LA BIBLIOTECA DE TORNQUIST (FOTOS)"}]},{"@type":"WebSite","@id":"https:\/\/www.celttv.com.ar\/#website","url":"https:\/\/www.celttv.com.ar\/","name":"CELTTV","description":"Cooperativa El\u00e9ctrica de Tornquist","publisher":{"@id":"https:\/\/www.celttv.com.ar\/#organization"},"potentialAction":[{"@type":"SearchAction","target":{"@type":"EntryPoint","urlTemplate":"https:\/\/www.celttv.com.ar\/?s={search_term_string}"},"query-input":"required name=search_term_string"}],"inLanguage":"es"},{"@type":"Organization","@id":"https:\/\/www.celttv.com.ar\/#organization","name":"CELTTV","url":"https:\/\/www.celttv.com.ar\/","sameAs":["https:\/\/www.youtube.com\/channel\/UCz_oIt8Hig64Ub-EmcNPIhg","https:\/\/www.facebook.com\/celtTV\/"],"logo":{"@type":"ImageObject","inLanguage":"es","@id":"https:\/\/www.celttv.com.ar\/#\/schema\/logo\/image\/","url":"http:\/\/www.celttv.com.ar\/wp-content\/uploads\/2022\/08\/logo-1.png","contentUrl":"http:\/\/www.celttv.com.ar\/wp-content\/uploads\/2022\/08\/logo-1.png","width":461,"height":159,"caption":"CELTTV"},"image":{"@id":"https:\/\/www.celttv.com.ar\/#\/schema\/logo\/image\/"}},{"@type":"Person","@id":"https:\/\/www.celttv.com.ar\/#\/schema\/person\/6d99c072dba59953809c81446e9d0ace","name":"ulises","image":{"@type":"ImageObject","inLanguage":"es","@id":"https:\/\/www.celttv.com.ar\/#\/schema\/person\/image\/","url":"https:\/\/secure.gravatar.com\/avatar\/7f2c48bdc33b30088f941fb6082e555f2874c98e20cb159d7b92b50eadfce793?s=96&d=mm&r=g","contentUrl":"https:\/\/secure.gravatar.com\/avatar\/7f2c48bdc33b30088f941fb6082e555f2874c98e20cb159d7b92b50eadfce793?s=96&d=mm&r=g","caption":"ulises"},"sameAs":["http:\/\/www.celttv.com.ar"]}]}},"_links":{"self":[{"href":"https:\/\/www.celttv.com.ar\/index.php\/wp-json\/wp\/v2\/posts\/40709","targetHints":{"allow":["GET"]}}],"collection":[{"href":"https:\/\/www.celttv.com.ar\/index.php\/wp-json\/wp\/v2\/posts"}],"about":[{"href":"https:\/\/www.celttv.com.ar\/index.php\/wp-json\/wp\/v2\/types\/post"}],"author":[{"embeddable":true,"href":"https:\/\/www.celttv.com.ar\/index.php\/wp-json\/wp\/v2\/users\/1"}],"replies":[{"embeddable":true,"href":"https:\/\/www.celttv.com.ar\/index.php\/wp-json\/wp\/v2\/comments?post=40709"}],"version-history":[{"count":0,"href":"https:\/\/www.celttv.com.ar\/index.php\/wp-json\/wp\/v2\/posts\/40709\/revisions"}],"wp:featuredmedia":[{"embeddable":true,"href":"https:\/\/www.celttv.com.ar\/index.php\/wp-json\/wp\/v2\/media\/40721"}],"wp:attachment":[{"href":"https:\/\/www.celttv.com.ar\/index.php\/wp-json\/wp\/v2\/media?parent=40709"}],"wp:term":[{"taxonomy":"category","embeddable":true,"href":"https:\/\/www.celttv.com.ar\/index.php\/wp-json\/wp\/v2\/categories?post=40709"},{"taxonomy":"post_tag","embeddable":true,"href":"https:\/\/www.celttv.com.ar\/index.php\/wp-json\/wp\/v2\/tags?post=40709"}],"curies":[{"name":"wp","href":"https:\/\/api.w.org\/{rel}","templated":true}]}}