{"id":40732,"date":"2019-03-31T22:48:28","date_gmt":"2019-03-31T22:48:28","guid":{"rendered":"http:\/\/www.celttv.com.ar\/?p=40732"},"modified":"2019-03-31T22:48:28","modified_gmt":"2019-03-31T22:48:28","slug":"automoto-quebro-la-racha","status":"publish","type":"post","link":"https:\/\/www.celttv.com.ar\/index.php\/2019\/03\/31\/automoto-quebro-la-racha\/","title":{"rendered":"AUTOMOTO QUEBR\u00d3 LA RACHA"},"content":{"rendered":"<p>Despu\u00e9s de once a\u00f1os sin ganar en el Juan Jos\u00e9 Bolletta, venci\u00f3 a Uni\u00f3n por 2 a 1 y sigue puntero con puntaje ideal en su zona. Mat\u00edas Fritz abri\u00f3 la cuenta para el verde pero Nicol\u00e1s Mill\u00e1n y Gast\u00f3n Pollio lo dieron vuelta. Se fue expulsado en el local Dylan Kloster.<\/p>\n<p>El cl\u00e1sico m\u00e1s pasional de la LRF una vez m\u00e1s cobr\u00f3 vida en el Juan Jos\u00e9 Bolletta del Club Uni\u00f3n.<\/p>\n<p>La estad\u00edstica favorec\u00eda ampliamente al local, que llevaba once a\u00f1os sin caer ante su cl\u00e1sico rival en su estadio, y adem\u00e1s desde la Semifinal en 2017, Automoto no hab\u00eda podido conseguir los tres puntos en ning\u00fan cl\u00e1sico hasta la fecha.<\/p>\n<p>La visita comenz\u00f3 mejor, ahogando al verde para que no pueda salir, y tratar de cortar cerca del arco de Eckardt. Piedrabuena intent\u00f3 pero la bola se fue desviada al minuto, y luego Peralta prob\u00f3 de lejos y el arquero saavedrense respondi\u00f3 bien.<\/p>\n<p>En la primera que tuvo Uni\u00f3n concret\u00f3. Iban siete minutos cuando <strong>Mat\u00edas Fritz<\/strong> recibe de espaldas una pelota dentro del \u00e1rea, se da vuelta y de zurda deja sin respuestas a F\u00f3gel. Era el 1 a 0.<\/p>\n<p>El rojo lejos de desesperarse por el gol tempranero, continu\u00f3 llevando a cabo el trabajo que llevaba haciendo, y Uni\u00f3n trataba de saltear l\u00edneas y buscar r\u00e1pido a los delanteros.<\/p>\n<p>A espaldas de Sarrat, Automoto encontr\u00f3 algunos espacios, con la subida de Franco y Piedrabuena que se recostaba por ese sector, hac\u00edan el dos uno al defensor del verde. El propio Piedrabuena primero encara y remata cuando la pierna de Teysseyre salv\u00f3 justo, y luego desbord\u00f3 para tirarle el centro a N\u00fa\u00f1ez que defini\u00f3 y Eckardt de notable atajada, ahogaba el grito de gol al azulgrana.<\/p>\n<p>Antes de la media hora nuevamente Piedrabuena (el m\u00e1s desequilibrante por Automoto en el primer tiempo), hizo lucir a Lautaro Eckardt que tuvo una muy buena tarde.<\/p>\n<p>A los 34\u2019 el empate de Automoto. <strong>Nicol\u00e1s Mill\u00e1n<\/strong> recostado por la derecha, recibi\u00f3 una pelota en profundidad y defini\u00f3 fuerte al primer palo y arriba, para que nada pueda hacer el arquero del verde.<\/p>\n<p>En el \u00faltimo minuto del primer tiempo, Teysseyre salva lo que era el segundo gol de Automoto en los pies de Piedrabuena.<\/p>\n<p>En el segundo tiempo el partido se hizo mucho m\u00e1s trabado. La pelota anduvo m\u00e1s por el aire y por momentos el partido cay\u00f3 en algunos pozos futbol\u00edsticos.<\/p>\n<p>La pelota parada tuvo gran importancia. Schmidt de tiro libre anduvo cerca del arco de F\u00f3gel al inicio del complemento y a los nueve lleg\u00f3 el segundo del azulgrana. Tiro libre con jugada preparada, termina en centro de Franco y <strong>Gast\u00f3n Pollio<\/strong> cabeceando solo para desatar el delirio de la gente de Automoto.<\/p>\n<p>All\u00ed Uni\u00f3n se par\u00f3 con l\u00ednea de tres en el fondo, y Automoto apost\u00f3 a la contra.<\/p>\n<p>Con esos espacios, los dirigidos por Araneta tuvieron una doble jugada a los 17 minutos, pero la espectacular reacci\u00f3n de Eckardt, hizo que la distancia en el marcador no se ampliara.<\/p>\n<p>A los 26, F\u00f3gel calcula mal en un centro y la pelota le queda a Lascalea que define cerca del palo izquierdo del guardameta visitante.<\/p>\n<p>Nuevamente interviene F\u00f3gel a los 33, con un centro del ingresado Romeo que se cerr\u00f3 y el arquero azulgrana la manote\u00f3 al c\u00f3rner. En la r\u00e9plica, Piedrabuena se fue solo mano a mano con Eckardt y el duelo lo gan\u00f3 el arquero local.<\/p>\n<p>A los 37\u2019 una atajada que vali\u00f3 tres puntos. Fritz nuevamente de media vuelta dentro del \u00e1rea remata y F\u00f3gel la saca pr\u00e1cticamente del \u00e1ngulo.<\/p>\n<p>En el primero del adicional, y ya con un Uni\u00f3n volcado plenamente en ataque a pleno centro, Schmidt cabece\u00f3 casi en el punto penal y nuevamente F\u00f3gel vol\u00f3 para sacarla al c\u00f3rner.<\/p>\n<p>La \u00faltima fue para el azulgrana pero nuevamente Eckardt se qued\u00f3 con el bal\u00f3n.<\/p>\n<p>As\u00ed culmin\u00f3 un cl\u00e1sico m\u00e1s. Automoto rompi\u00f3 una racha de 11 a\u00f1os sin ganar en \u201cEl Bosque\u201d, sigue puntero con puntaje ideal, y le sac\u00f3 el invicto al verde.<\/p>\n<p><strong>Uni\u00f3n:<\/strong> Lautaro Eckardt; Juli\u00e1n Sarrat, Jos\u00e9 Luis Teysseyre, Sebasti\u00e1n Callava, Hern\u00e1n Delgado; Juan Heiland, Lucas Sotelo, Fernando Salazar, Lucas Biondo; Ezequiel Schmidt, Mat\u00edas Fritz. DT: Horacio Schumacher.<\/p>\n<p><u>Cambios:<\/u> ST: 7\u2019 Joaqu\u00edn Romeo por Heiland, 15\u2019 Brian Lascalea por Sarrat, 30\u2019 Dylan Kloster por Delgado.<\/p>\n<p><u>Supl:<\/u> Juan Doracio, Lucio Bini.<\/p>\n<p><strong>Automoto:<\/strong> Maximiliano F\u00f3gel; Emiliano Sandoval, Lucas Gim\u00e9nez, Gast\u00f3n Pollio, Agust\u00edn Franco; Agust\u00edn Reynoso, Mat\u00edas Salas, Arturo Peralta; Ayrton N\u00fa\u00f1ez, Nicol\u00e1s Mill\u00e1n, Marcos Piedrabuena. DT: Octavio Araneta.<\/p>\n<p><u>Cambios:<\/u> 32\u2019 Facundo Villar por Reynoso, 39\u2019 Marcos Quiroga por Peralta, 40\u2019 Ram\u00f3n Aller por Piedrabuena.<\/p>\n<p><u>Supl:<\/u> Facundo Jim\u00e9nez, Mat\u00edas Sonzini.<\/p>\n<p><u>Goles:<\/u> PT: 6\u2019 Mat\u00edas Fritz (U), 34\u2019 Nicol\u00e1s Mill\u00e1n (A). ST: 9\u2019 Gast\u00f3n Pollio (A).<\/p>\n<p><u>Expulsado:<\/u> ST: 48\u2019 Dylan Kloster.<\/p>\n<p><u>\u00c1rbitro:<\/u> Nicol\u00e1s Rodr\u00edguez (6)<\/p>\n<p><u>Cancha:<\/u> Estadio Juan Jos\u00e9 Bolletta<\/p>\n<p><u>Reserva:<\/u> Uni\u00f3n 1 &#8211; Automoto 4<\/p>\n<p><a href=\"http:\/\/www.celttv.com.ar\/?attachment_id=40733\" rel=\"attachment wp-att-40733\"><img loading=\"lazy\" decoding=\"async\" class=\"alignleft size-full wp-image-40733\" src=\"http:\/\/www.celttv.com.ar\/wp-content\/uploads\/2019\/03\/DSC_0318.jpg\" alt=\"\" width=\"960\" height=\"640\" srcset=\"https:\/\/www.celttv.com.ar\/wp-content\/uploads\/2019\/03\/DSC_0318.jpg 960w, https:\/\/www.celttv.com.ar\/wp-content\/uploads\/2019\/03\/DSC_0318-300x200.jpg 300w, https:\/\/www.celttv.com.ar\/wp-content\/uploads\/2019\/03\/DSC_0318-768x512.jpg 768w, https:\/\/www.celttv.com.ar\/wp-content\/uploads\/2019\/03\/DSC_0318-750x500.jpg 750w\" sizes=\"auto, (max-width: 960px) 100vw, 960px\" \/><\/a> <a href=\"http:\/\/www.celttv.com.ar\/?attachment_id=40734\" rel=\"attachment wp-att-40734\"><img loading=\"lazy\" decoding=\"async\" class=\"alignleft size-medium wp-image-40734\" src=\"http:\/\/www.celttv.com.ar\/wp-content\/uploads\/2019\/03\/DSC_0335.jpg\" alt=\"\" width=\"780\" height=\"520\" srcset=\"https:\/\/www.celttv.com.ar\/wp-content\/uploads\/2019\/03\/DSC_0335.jpg 960w, https:\/\/www.celttv.com.ar\/wp-content\/uploads\/2019\/03\/DSC_0335-300x200.jpg 300w, https:\/\/www.celttv.com.ar\/wp-content\/uploads\/2019\/03\/DSC_0335-768x512.jpg 768w, https:\/\/www.celttv.com.ar\/wp-content\/uploads\/2019\/03\/DSC_0335-750x500.jpg 750w\" sizes=\"auto, (max-width: 780px) 100vw, 780px\" \/><\/a> <a href=\"http:\/\/www.celttv.com.ar\/?attachment_id=40735\" rel=\"attachment wp-att-40735\"><img loading=\"lazy\" decoding=\"async\" class=\"alignleft size-medium wp-image-40735\" src=\"http:\/\/www.celttv.com.ar\/wp-content\/uploads\/2019\/03\/DSC_0353.jpg\" alt=\"\" width=\"780\" height=\"520\" srcset=\"https:\/\/www.celttv.com.ar\/wp-content\/uploads\/2019\/03\/DSC_0353.jpg 960w, https:\/\/www.celttv.com.ar\/wp-content\/uploads\/2019\/03\/DSC_0353-300x200.jpg 300w, https:\/\/www.celttv.com.ar\/wp-content\/uploads\/2019\/03\/DSC_0353-768x512.jpg 768w, https:\/\/www.celttv.com.ar\/wp-content\/uploads\/2019\/03\/DSC_0353-750x500.jpg 750w\" sizes=\"auto, (max-width: 780px) 100vw, 780px\" \/><\/a> <a href=\"http:\/\/www.celttv.com.ar\/?attachment_id=40736\" rel=\"attachment wp-att-40736\"><img loading=\"lazy\" decoding=\"async\" class=\"alignleft size-medium wp-image-40736\" src=\"http:\/\/www.celttv.com.ar\/wp-content\/uploads\/2019\/03\/DSC_0386.jpg\" alt=\"\" width=\"780\" height=\"520\" srcset=\"https:\/\/www.celttv.com.ar\/wp-content\/uploads\/2019\/03\/DSC_0386.jpg 960w, https:\/\/www.celttv.com.ar\/wp-content\/uploads\/2019\/03\/DSC_0386-300x200.jpg 300w, https:\/\/www.celttv.com.ar\/wp-content\/uploads\/2019\/03\/DSC_0386-768x512.jpg 768w, https:\/\/www.celttv.com.ar\/wp-content\/uploads\/2019\/03\/DSC_0386-750x500.jpg 750w\" sizes=\"auto, (max-width: 780px) 100vw, 780px\" \/><\/a> <a href=\"http:\/\/www.celttv.com.ar\/?attachment_id=40737\" rel=\"attachment wp-att-40737\"><img loading=\"lazy\" decoding=\"async\" class=\"alignleft size-medium wp-image-40737\" src=\"http:\/\/www.celttv.com.ar\/wp-content\/uploads\/2019\/03\/DSC_0431.jpg\" alt=\"\" width=\"780\" height=\"520\" srcset=\"https:\/\/www.celttv.com.ar\/wp-content\/uploads\/2019\/03\/DSC_0431.jpg 960w, https:\/\/www.celttv.com.ar\/wp-content\/uploads\/2019\/03\/DSC_0431-300x200.jpg 300w, https:\/\/www.celttv.com.ar\/wp-content\/uploads\/2019\/03\/DSC_0431-768x512.jpg 768w, https:\/\/www.celttv.com.ar\/wp-content\/uploads\/2019\/03\/DSC_0431-750x500.jpg 750w\" sizes=\"auto, (max-width: 780px) 100vw, 780px\" \/><\/a> <a href=\"http:\/\/www.celttv.com.ar\/?attachment_id=40738\" rel=\"attachment wp-att-40738\"><img loading=\"lazy\" decoding=\"async\" class=\"alignleft size-medium wp-image-40738\" src=\"http:\/\/www.celttv.com.ar\/wp-content\/uploads\/2019\/03\/DSC_0525.jpg\" alt=\"\" width=\"780\" height=\"520\" srcset=\"https:\/\/www.celttv.com.ar\/wp-content\/uploads\/2019\/03\/DSC_0525.jpg 960w, https:\/\/www.celttv.com.ar\/wp-content\/uploads\/2019\/03\/DSC_0525-300x200.jpg 300w, https:\/\/www.celttv.com.ar\/wp-content\/uploads\/2019\/03\/DSC_0525-768x512.jpg 768w, https:\/\/www.celttv.com.ar\/wp-content\/uploads\/2019\/03\/DSC_0525-750x500.jpg 750w\" sizes=\"auto, (max-width: 780px) 100vw, 780px\" \/><\/a><\/p>\n","protected":false},"excerpt":{"rendered":"<p>Despu\u00e9s de once a\u00f1os sin ganar en el Juan Jos\u00e9 Bolletta, venci\u00f3 a Uni\u00f3n por 2 a 1 y sigue puntero con puntaje ideal en su zona. Mat\u00edas Fritz abri\u00f3 la cuenta para el verde pero Nicol\u00e1s Mill\u00e1n y Gast\u00f3n Pollio lo dieron vuelta. Se fue expulsado en el local Dylan Kloster. El cl\u00e1sico m\u00e1s [&hellip;]<\/p>\n","protected":false},"author":1,"featured_media":40738,"comment_status":"closed","ping_status":"open","sticky":false,"template":"","format":"standard","meta":{"footnotes":""},"categories":[60,52,76],"tags":[],"class_list":["post-40732","post","type-post","status-publish","format-standard","has-post-thumbnail","hentry","category-deporte","category-destacadas","category-solo-futbol"],"yoast_head":"<!-- This site is optimized with the Yoast SEO plugin v19.7.1 - https:\/\/yoast.com\/wordpress\/plugins\/seo\/ -->\n<title>AUTOMOTO QUEBR\u00d3 LA RACHA - CELTTV<\/title>\n<meta name=\"description\" content=\"Sitio web de noticias de la localidad de Tornquist, provincia de Buenos Aires, Rep\u00fablica Argentina. Contenido propio originado por periodistas de CELTTV, el canal de TV local de la Cooperativa El\u00e9ctrica de Tornquist. Turismo, Pol\u00edtica, Sociedad, Deporte, Cultura y todo el contenido de inter\u00e9s general que la gente del pueblo y la regi\u00f3n debe conocer.\" \/>\n<meta name=\"robots\" content=\"index, follow, max-snippet:-1, max-image-preview:large, max-video-preview:-1\" \/>\n<link rel=\"canonical\" href=\"https:\/\/www.celttv.com.ar\/index.php\/2019\/03\/31\/automoto-quebro-la-racha\/\" \/>\n<meta property=\"og:locale\" content=\"es_ES\" \/>\n<meta property=\"og:type\" content=\"article\" \/>\n<meta property=\"og:title\" content=\"AUTOMOTO QUEBR\u00d3 LA RACHA - CELTTV\" \/>\n<meta property=\"og:description\" content=\"Sitio web de noticias de la localidad de Tornquist, provincia de Buenos Aires, Rep\u00fablica Argentina. Contenido propio originado por periodistas de CELTTV, el canal de TV local de la Cooperativa El\u00e9ctrica de Tornquist. Turismo, Pol\u00edtica, Sociedad, Deporte, Cultura y todo el contenido de inter\u00e9s general que la gente del pueblo y la regi\u00f3n debe conocer.\" \/>\n<meta property=\"og:url\" content=\"https:\/\/www.celttv.com.ar\/index.php\/2019\/03\/31\/automoto-quebro-la-racha\/\" \/>\n<meta property=\"og:site_name\" content=\"CELTTV\" \/>\n<meta property=\"article:publisher\" content=\"https:\/\/www.facebook.com\/celtTV\/\" \/>\n<meta property=\"article:published_time\" content=\"2019-03-31T22:48:28+00:00\" \/>\n<meta property=\"og:image\" content=\"https:\/\/www.celttv.com.ar\/wp-content\/uploads\/2019\/03\/DSC_0525.jpg\" \/>\n\t<meta property=\"og:image:width\" content=\"960\" \/>\n\t<meta property=\"og:image:height\" content=\"640\" \/>\n\t<meta property=\"og:image:type\" content=\"image\/jpeg\" \/>\n<meta name=\"author\" content=\"ulises\" \/>\n<meta name=\"twitter:card\" content=\"summary_large_image\" \/>\n<meta name=\"twitter:label1\" content=\"Escrito por\" \/>\n\t<meta name=\"twitter:data1\" content=\"ulises\" \/>\n\t<meta name=\"twitter:label2\" content=\"Tiempo de lectura\" \/>\n\t<meta name=\"twitter:data2\" content=\"4 minutos\" \/>\n<script type=\"application\/ld+json\" class=\"yoast-schema-graph\">{\"@context\":\"https:\/\/schema.org\",\"@graph\":[{\"@type\":\"NewsArticle\",\"@id\":\"https:\/\/www.celttv.com.ar\/index.php\/2019\/03\/31\/automoto-quebro-la-racha\/#article\",\"isPartOf\":{\"@id\":\"https:\/\/www.celttv.com.ar\/index.php\/2019\/03\/31\/automoto-quebro-la-racha\/\"},\"author\":{\"name\":\"ulises\",\"@id\":\"https:\/\/www.celttv.com.ar\/#\/schema\/person\/6d99c072dba59953809c81446e9d0ace\"},\"headline\":\"AUTOMOTO QUEBR\u00d3 LA RACHA\",\"datePublished\":\"2019-03-31T22:48:28+00:00\",\"dateModified\":\"2019-03-31T22:48:28+00:00\",\"mainEntityOfPage\":{\"@id\":\"https:\/\/www.celttv.com.ar\/index.php\/2019\/03\/31\/automoto-quebro-la-racha\/\"},\"wordCount\":856,\"publisher\":{\"@id\":\"https:\/\/www.celttv.com.ar\/#organization\"},\"articleSection\":[\"Deporte\",\"Destacadas\",\"Solo Futbol\"],\"inLanguage\":\"es\"},{\"@type\":\"WebPage\",\"@id\":\"https:\/\/www.celttv.com.ar\/index.php\/2019\/03\/31\/automoto-quebro-la-racha\/\",\"url\":\"https:\/\/www.celttv.com.ar\/index.php\/2019\/03\/31\/automoto-quebro-la-racha\/\",\"name\":\"AUTOMOTO QUEBR\u00d3 LA RACHA - CELTTV\",\"isPartOf\":{\"@id\":\"https:\/\/www.celttv.com.ar\/#website\"},\"datePublished\":\"2019-03-31T22:48:28+00:00\",\"dateModified\":\"2019-03-31T22:48:28+00:00\",\"description\":\"Sitio web de noticias de la localidad de Tornquist, provincia de Buenos Aires, Rep\u00fablica Argentina. Contenido propio originado por periodistas de CELTTV, el canal de TV local de la Cooperativa El\u00e9ctrica de Tornquist. Turismo, Pol\u00edtica, Sociedad, Deporte, Cultura y todo el contenido de inter\u00e9s general que la gente del pueblo y la regi\u00f3n debe conocer.\",\"breadcrumb\":{\"@id\":\"https:\/\/www.celttv.com.ar\/index.php\/2019\/03\/31\/automoto-quebro-la-racha\/#breadcrumb\"},\"inLanguage\":\"es\",\"potentialAction\":[{\"@type\":\"ReadAction\",\"target\":[\"https:\/\/www.celttv.com.ar\/index.php\/2019\/03\/31\/automoto-quebro-la-racha\/\"]}]},{\"@type\":\"BreadcrumbList\",\"@id\":\"https:\/\/www.celttv.com.ar\/index.php\/2019\/03\/31\/automoto-quebro-la-racha\/#breadcrumb\",\"itemListElement\":[{\"@type\":\"ListItem\",\"position\":1,\"name\":\"Inicio\",\"item\":\"https:\/\/www.celttv.com.ar\/\"},{\"@type\":\"ListItem\",\"position\":2,\"name\":\"AUTOMOTO QUEBR\u00d3 LA RACHA\"}]},{\"@type\":\"WebSite\",\"@id\":\"https:\/\/www.celttv.com.ar\/#website\",\"url\":\"https:\/\/www.celttv.com.ar\/\",\"name\":\"CELTTV\",\"description\":\"Cooperativa El\u00e9ctrica de Tornquist\",\"publisher\":{\"@id\":\"https:\/\/www.celttv.com.ar\/#organization\"},\"potentialAction\":[{\"@type\":\"SearchAction\",\"target\":{\"@type\":\"EntryPoint\",\"urlTemplate\":\"https:\/\/www.celttv.com.ar\/?s={search_term_string}\"},\"query-input\":\"required name=search_term_string\"}],\"inLanguage\":\"es\"},{\"@type\":\"Organization\",\"@id\":\"https:\/\/www.celttv.com.ar\/#organization\",\"name\":\"CELTTV\",\"url\":\"https:\/\/www.celttv.com.ar\/\",\"sameAs\":[\"https:\/\/www.youtube.com\/channel\/UCz_oIt8Hig64Ub-EmcNPIhg\",\"https:\/\/www.facebook.com\/celtTV\/\"],\"logo\":{\"@type\":\"ImageObject\",\"inLanguage\":\"es\",\"@id\":\"https:\/\/www.celttv.com.ar\/#\/schema\/logo\/image\/\",\"url\":\"http:\/\/www.celttv.com.ar\/wp-content\/uploads\/2022\/08\/logo-1.png\",\"contentUrl\":\"http:\/\/www.celttv.com.ar\/wp-content\/uploads\/2022\/08\/logo-1.png\",\"width\":461,\"height\":159,\"caption\":\"CELTTV\"},\"image\":{\"@id\":\"https:\/\/www.celttv.com.ar\/#\/schema\/logo\/image\/\"}},{\"@type\":\"Person\",\"@id\":\"https:\/\/www.celttv.com.ar\/#\/schema\/person\/6d99c072dba59953809c81446e9d0ace\",\"name\":\"ulises\",\"image\":{\"@type\":\"ImageObject\",\"inLanguage\":\"es\",\"@id\":\"https:\/\/www.celttv.com.ar\/#\/schema\/person\/image\/\",\"url\":\"https:\/\/secure.gravatar.com\/avatar\/7f2c48bdc33b30088f941fb6082e555f2874c98e20cb159d7b92b50eadfce793?s=96&d=mm&r=g\",\"contentUrl\":\"https:\/\/secure.gravatar.com\/avatar\/7f2c48bdc33b30088f941fb6082e555f2874c98e20cb159d7b92b50eadfce793?s=96&d=mm&r=g\",\"caption\":\"ulises\"},\"sameAs\":[\"http:\/\/www.celttv.com.ar\"]}]}<\/script>\n<!-- \/ Yoast SEO plugin. -->","yoast_head_json":{"title":"AUTOMOTO QUEBR\u00d3 LA RACHA - CELTTV","description":"Sitio web de noticias de la localidad de Tornquist, provincia de Buenos Aires, Rep\u00fablica Argentina. Contenido propio originado por periodistas de CELTTV, el canal de TV local de la Cooperativa El\u00e9ctrica de Tornquist. Turismo, Pol\u00edtica, Sociedad, Deporte, Cultura y todo el contenido de inter\u00e9s general que la gente del pueblo y la regi\u00f3n debe conocer.","robots":{"index":"index","follow":"follow","max-snippet":"max-snippet:-1","max-image-preview":"max-image-preview:large","max-video-preview":"max-video-preview:-1"},"canonical":"https:\/\/www.celttv.com.ar\/index.php\/2019\/03\/31\/automoto-quebro-la-racha\/","og_locale":"es_ES","og_type":"article","og_title":"AUTOMOTO QUEBR\u00d3 LA RACHA - CELTTV","og_description":"Sitio web de noticias de la localidad de Tornquist, provincia de Buenos Aires, Rep\u00fablica Argentina. Contenido propio originado por periodistas de CELTTV, el canal de TV local de la Cooperativa El\u00e9ctrica de Tornquist. Turismo, Pol\u00edtica, Sociedad, Deporte, Cultura y todo el contenido de inter\u00e9s general que la gente del pueblo y la regi\u00f3n debe conocer.","og_url":"https:\/\/www.celttv.com.ar\/index.php\/2019\/03\/31\/automoto-quebro-la-racha\/","og_site_name":"CELTTV","article_publisher":"https:\/\/www.facebook.com\/celtTV\/","article_published_time":"2019-03-31T22:48:28+00:00","og_image":[{"width":960,"height":640,"url":"https:\/\/www.celttv.com.ar\/wp-content\/uploads\/2019\/03\/DSC_0525.jpg","type":"image\/jpeg"}],"author":"ulises","twitter_card":"summary_large_image","twitter_misc":{"Escrito por":"ulises","Tiempo de lectura":"4 minutos"},"schema":{"@context":"https:\/\/schema.org","@graph":[{"@type":"NewsArticle","@id":"https:\/\/www.celttv.com.ar\/index.php\/2019\/03\/31\/automoto-quebro-la-racha\/#article","isPartOf":{"@id":"https:\/\/www.celttv.com.ar\/index.php\/2019\/03\/31\/automoto-quebro-la-racha\/"},"author":{"name":"ulises","@id":"https:\/\/www.celttv.com.ar\/#\/schema\/person\/6d99c072dba59953809c81446e9d0ace"},"headline":"AUTOMOTO QUEBR\u00d3 LA RACHA","datePublished":"2019-03-31T22:48:28+00:00","dateModified":"2019-03-31T22:48:28+00:00","mainEntityOfPage":{"@id":"https:\/\/www.celttv.com.ar\/index.php\/2019\/03\/31\/automoto-quebro-la-racha\/"},"wordCount":856,"publisher":{"@id":"https:\/\/www.celttv.com.ar\/#organization"},"articleSection":["Deporte","Destacadas","Solo Futbol"],"inLanguage":"es"},{"@type":"WebPage","@id":"https:\/\/www.celttv.com.ar\/index.php\/2019\/03\/31\/automoto-quebro-la-racha\/","url":"https:\/\/www.celttv.com.ar\/index.php\/2019\/03\/31\/automoto-quebro-la-racha\/","name":"AUTOMOTO QUEBR\u00d3 LA RACHA - CELTTV","isPartOf":{"@id":"https:\/\/www.celttv.com.ar\/#website"},"datePublished":"2019-03-31T22:48:28+00:00","dateModified":"2019-03-31T22:48:28+00:00","description":"Sitio web de noticias de la localidad de Tornquist, provincia de Buenos Aires, Rep\u00fablica Argentina. Contenido propio originado por periodistas de CELTTV, el canal de TV local de la Cooperativa El\u00e9ctrica de Tornquist. Turismo, Pol\u00edtica, Sociedad, Deporte, Cultura y todo el contenido de inter\u00e9s general que la gente del pueblo y la regi\u00f3n debe conocer.","breadcrumb":{"@id":"https:\/\/www.celttv.com.ar\/index.php\/2019\/03\/31\/automoto-quebro-la-racha\/#breadcrumb"},"inLanguage":"es","potentialAction":[{"@type":"ReadAction","target":["https:\/\/www.celttv.com.ar\/index.php\/2019\/03\/31\/automoto-quebro-la-racha\/"]}]},{"@type":"BreadcrumbList","@id":"https:\/\/www.celttv.com.ar\/index.php\/2019\/03\/31\/automoto-quebro-la-racha\/#breadcrumb","itemListElement":[{"@type":"ListItem","position":1,"name":"Inicio","item":"https:\/\/www.celttv.com.ar\/"},{"@type":"ListItem","position":2,"name":"AUTOMOTO QUEBR\u00d3 LA RACHA"}]},{"@type":"WebSite","@id":"https:\/\/www.celttv.com.ar\/#website","url":"https:\/\/www.celttv.com.ar\/","name":"CELTTV","description":"Cooperativa El\u00e9ctrica de Tornquist","publisher":{"@id":"https:\/\/www.celttv.com.ar\/#organization"},"potentialAction":[{"@type":"SearchAction","target":{"@type":"EntryPoint","urlTemplate":"https:\/\/www.celttv.com.ar\/?s={search_term_string}"},"query-input":"required name=search_term_string"}],"inLanguage":"es"},{"@type":"Organization","@id":"https:\/\/www.celttv.com.ar\/#organization","name":"CELTTV","url":"https:\/\/www.celttv.com.ar\/","sameAs":["https:\/\/www.youtube.com\/channel\/UCz_oIt8Hig64Ub-EmcNPIhg","https:\/\/www.facebook.com\/celtTV\/"],"logo":{"@type":"ImageObject","inLanguage":"es","@id":"https:\/\/www.celttv.com.ar\/#\/schema\/logo\/image\/","url":"http:\/\/www.celttv.com.ar\/wp-content\/uploads\/2022\/08\/logo-1.png","contentUrl":"http:\/\/www.celttv.com.ar\/wp-content\/uploads\/2022\/08\/logo-1.png","width":461,"height":159,"caption":"CELTTV"},"image":{"@id":"https:\/\/www.celttv.com.ar\/#\/schema\/logo\/image\/"}},{"@type":"Person","@id":"https:\/\/www.celttv.com.ar\/#\/schema\/person\/6d99c072dba59953809c81446e9d0ace","name":"ulises","image":{"@type":"ImageObject","inLanguage":"es","@id":"https:\/\/www.celttv.com.ar\/#\/schema\/person\/image\/","url":"https:\/\/secure.gravatar.com\/avatar\/7f2c48bdc33b30088f941fb6082e555f2874c98e20cb159d7b92b50eadfce793?s=96&d=mm&r=g","contentUrl":"https:\/\/secure.gravatar.com\/avatar\/7f2c48bdc33b30088f941fb6082e555f2874c98e20cb159d7b92b50eadfce793?s=96&d=mm&r=g","caption":"ulises"},"sameAs":["http:\/\/www.celttv.com.ar"]}]}},"_links":{"self":[{"href":"https:\/\/www.celttv.com.ar\/index.php\/wp-json\/wp\/v2\/posts\/40732","targetHints":{"allow":["GET"]}}],"collection":[{"href":"https:\/\/www.celttv.com.ar\/index.php\/wp-json\/wp\/v2\/posts"}],"about":[{"href":"https:\/\/www.celttv.com.ar\/index.php\/wp-json\/wp\/v2\/types\/post"}],"author":[{"embeddable":true,"href":"https:\/\/www.celttv.com.ar\/index.php\/wp-json\/wp\/v2\/users\/1"}],"replies":[{"embeddable":true,"href":"https:\/\/www.celttv.com.ar\/index.php\/wp-json\/wp\/v2\/comments?post=40732"}],"version-history":[{"count":0,"href":"https:\/\/www.celttv.com.ar\/index.php\/wp-json\/wp\/v2\/posts\/40732\/revisions"}],"wp:featuredmedia":[{"embeddable":true,"href":"https:\/\/www.celttv.com.ar\/index.php\/wp-json\/wp\/v2\/media\/40738"}],"wp:attachment":[{"href":"https:\/\/www.celttv.com.ar\/index.php\/wp-json\/wp\/v2\/media?parent=40732"}],"wp:term":[{"taxonomy":"category","embeddable":true,"href":"https:\/\/www.celttv.com.ar\/index.php\/wp-json\/wp\/v2\/categories?post=40732"},{"taxonomy":"post_tag","embeddable":true,"href":"https:\/\/www.celttv.com.ar\/index.php\/wp-json\/wp\/v2\/tags?post=40732"}],"curies":[{"name":"wp","href":"https:\/\/api.w.org\/{rel}","templated":true}]}}