{"id":40743,"date":"2019-04-02T12:36:49","date_gmt":"2019-04-02T12:36:49","guid":{"rendered":"http:\/\/www.celttv.com.ar\/?p=40743"},"modified":"2019-04-02T12:36:49","modified_gmt":"2019-04-02T12:36:49","slug":"a-37-anos-de-la-guerra-de-malvinas-testimonio-de-ernesto-failo-sobreviviente-del-crucero-ara-general-belgrano-video-entrevista","status":"publish","type":"post","link":"https:\/\/www.celttv.com.ar\/index.php\/2019\/04\/02\/a-37-anos-de-la-guerra-de-malvinas-testimonio-de-ernesto-failo-sobreviviente-del-crucero-ara-general-belgrano-video-entrevista\/","title":{"rendered":"A 37 A\u00d1OS DE LA GUERRA DE MALVINAS: TESTIMONIO DE ERNESTO FAILO, SOBREVIVIENTE DEL CRUCERO ARA GENERAL BELGRANO (VIDEO ENTREVISTA)"},"content":{"rendered":"<p>Durante el conflicto b\u00e9lico de las Islas Malvinas, Inglaterra atac\u00f3 al Crucero ARA General Belgrano, el cual fue hundido por dos torpedos disparados por el submarino brit\u00e1nico <a title=\"HMS Conqueror (S48)\" href=\"https:\/\/es.wikipedia.org\/wiki\/HMS_Conqueror_(S48)\">HMS Conqueror (S48)<\/a>, pereciendo 323 de sus 1093 tripulantes en ese momento.<\/p>\n<p>Uno de los sobrevivientes de dicho ataque fue Ernesto Failo, quien cont\u00f3 en primera persona c\u00f3mo fue el momento del hundimiento del ARA Gral. Belgrano y las luchas (pos guerra) que realizaron los ex-combatientes para lograr su reincorporaci\u00f3n a la vida social.<\/p>\n<div class=\"jeg_video_container jeg_video_content\"><iframe loading=\"lazy\" title=\"2019 03 12 ERNESTO FAILO   SOBREVIVIENTE DEL CRUCERO ARA GENERAL BELGRANO\" width=\"500\" height=\"375\" src=\"https:\/\/www.youtube.com\/embed\/4HQePm3tHvI?feature=oembed\" frameborder=\"0\" allow=\"accelerometer; autoplay; clipboard-write; encrypted-media; gyroscope; picture-in-picture; web-share\" referrerpolicy=\"strict-origin-when-cross-origin\" allowfullscreen><\/iframe><\/div>\n<div class=\"jeg_video_container jeg_video_content\"><iframe loading=\"lazy\" title=\"2019 04 01 NOTA A ERNESTO FAILO   SOBREVIVIENTE DEL ARA GRAL BELGRANO\" width=\"500\" height=\"375\" src=\"https:\/\/www.youtube.com\/embed\/sFhaxqmsatc?feature=oembed\" frameborder=\"0\" allow=\"accelerometer; autoplay; clipboard-write; encrypted-media; gyroscope; picture-in-picture; web-share\" referrerpolicy=\"strict-origin-when-cross-origin\" allowfullscreen><\/iframe><\/div>\n<p>&nbsp;<\/p>\n<p>&nbsp;<\/p>\n","protected":false},"excerpt":{"rendered":"<p>Durante el conflicto b\u00e9lico de las Islas Malvinas, Inglaterra atac\u00f3 al Crucero ARA General Belgrano, el cual fue hundido por dos torpedos disparados por el submarino brit\u00e1nico HMS Conqueror (S48), pereciendo 323 de sus 1093 tripulantes en ese momento. Uno de los sobrevivientes de dicho ataque fue Ernesto Failo, quien cont\u00f3 en primera persona c\u00f3mo [&hellip;]<\/p>\n","protected":false},"author":1,"featured_media":40745,"comment_status":"closed","ping_status":"open","sticky":false,"template":"","format":"standard","meta":{"footnotes":""},"categories":[55,51,52,64],"tags":[],"class_list":["post-40743","post","type-post","status-publish","format-standard","has-post-thumbnail","hentry","category-celt-tv-noticias","category-comunidad","category-destacadas","category-videos-destacados"],"yoast_head":"<!-- This site is optimized with the Yoast SEO plugin v19.7.1 - https:\/\/yoast.com\/wordpress\/plugins\/seo\/ -->\n<title>A 37 A\u00d1OS DE LA GUERRA DE MALVINAS: TESTIMONIO DE ERNESTO FAILO, SOBREVIVIENTE DEL CRUCERO ARA GENERAL BELGRANO (VIDEO ENTREVISTA) - CELTTV<\/title>\n<meta name=\"description\" content=\"Sitio web de noticias de la localidad de Tornquist, provincia de Buenos Aires, Rep\u00fablica Argentina. Contenido propio originado por periodistas de CELTTV, el canal de TV local de la Cooperativa El\u00e9ctrica de Tornquist. Turismo, Pol\u00edtica, Sociedad, Deporte, Cultura y todo el contenido de inter\u00e9s general que la gente del pueblo y la regi\u00f3n debe conocer.\" \/>\n<meta name=\"robots\" content=\"index, follow, max-snippet:-1, max-image-preview:large, max-video-preview:-1\" \/>\n<link rel=\"canonical\" href=\"https:\/\/www.celttv.com.ar\/index.php\/2019\/04\/02\/a-37-anos-de-la-guerra-de-malvinas-testimonio-de-ernesto-failo-sobreviviente-del-crucero-ara-general-belgrano-video-entrevista\/\" \/>\n<meta property=\"og:locale\" content=\"es_ES\" \/>\n<meta property=\"og:type\" content=\"article\" \/>\n<meta property=\"og:title\" content=\"A 37 A\u00d1OS DE LA GUERRA DE MALVINAS: TESTIMONIO DE ERNESTO FAILO, SOBREVIVIENTE DEL CRUCERO ARA GENERAL BELGRANO (VIDEO ENTREVISTA) - CELTTV\" \/>\n<meta property=\"og:description\" content=\"Sitio web de noticias de la localidad de Tornquist, provincia de Buenos Aires, Rep\u00fablica Argentina. Contenido propio originado por periodistas de CELTTV, el canal de TV local de la Cooperativa El\u00e9ctrica de Tornquist. Turismo, Pol\u00edtica, Sociedad, Deporte, Cultura y todo el contenido de inter\u00e9s general que la gente del pueblo y la regi\u00f3n debe conocer.\" \/>\n<meta property=\"og:url\" content=\"https:\/\/www.celttv.com.ar\/index.php\/2019\/04\/02\/a-37-anos-de-la-guerra-de-malvinas-testimonio-de-ernesto-failo-sobreviviente-del-crucero-ara-general-belgrano-video-entrevista\/\" \/>\n<meta property=\"og:site_name\" content=\"CELTTV\" \/>\n<meta property=\"article:publisher\" content=\"https:\/\/www.facebook.com\/celtTV\/\" \/>\n<meta property=\"article:published_time\" content=\"2019-04-02T12:36:49+00:00\" \/>\n<meta property=\"og:image\" content=\"https:\/\/www.celttv.com.ar\/wp-content\/uploads\/2019\/04\/r1fK3sK3Xe_1256x620.jpg\" \/>\n\t<meta property=\"og:image:width\" content=\"1256\" \/>\n\t<meta property=\"og:image:height\" content=\"620\" \/>\n\t<meta property=\"og:image:type\" content=\"image\/jpeg\" \/>\n<meta name=\"author\" content=\"ulises\" \/>\n<meta name=\"twitter:card\" content=\"summary_large_image\" \/>\n<meta name=\"twitter:label1\" content=\"Escrito por\" \/>\n\t<meta name=\"twitter:data1\" content=\"ulises\" \/>\n\t<meta name=\"twitter:label2\" content=\"Tiempo de lectura\" \/>\n\t<meta name=\"twitter:data2\" content=\"1 minuto\" \/>\n<script type=\"application\/ld+json\" class=\"yoast-schema-graph\">{\"@context\":\"https:\/\/schema.org\",\"@graph\":[{\"@type\":\"NewsArticle\",\"@id\":\"https:\/\/www.celttv.com.ar\/index.php\/2019\/04\/02\/a-37-anos-de-la-guerra-de-malvinas-testimonio-de-ernesto-failo-sobreviviente-del-crucero-ara-general-belgrano-video-entrevista\/#article\",\"isPartOf\":{\"@id\":\"https:\/\/www.celttv.com.ar\/index.php\/2019\/04\/02\/a-37-anos-de-la-guerra-de-malvinas-testimonio-de-ernesto-failo-sobreviviente-del-crucero-ara-general-belgrano-video-entrevista\/\"},\"author\":{\"name\":\"ulises\",\"@id\":\"https:\/\/www.celttv.com.ar\/#\/schema\/person\/6d99c072dba59953809c81446e9d0ace\"},\"headline\":\"A 37 A\u00d1OS DE LA GUERRA DE MALVINAS: TESTIMONIO DE ERNESTO FAILO, SOBREVIVIENTE DEL CRUCERO ARA GENERAL BELGRANO (VIDEO ENTREVISTA)\",\"datePublished\":\"2019-04-02T12:36:49+00:00\",\"dateModified\":\"2019-04-02T12:36:49+00:00\",\"mainEntityOfPage\":{\"@id\":\"https:\/\/www.celttv.com.ar\/index.php\/2019\/04\/02\/a-37-anos-de-la-guerra-de-malvinas-testimonio-de-ernesto-failo-sobreviviente-del-crucero-ara-general-belgrano-video-entrevista\/\"},\"wordCount\":120,\"publisher\":{\"@id\":\"https:\/\/www.celttv.com.ar\/#organization\"},\"articleSection\":[\"Celt TV Noticias\",\"Comunidad\",\"Destacadas\",\"Videos Destacados\"],\"inLanguage\":\"es\"},{\"@type\":\"WebPage\",\"@id\":\"https:\/\/www.celttv.com.ar\/index.php\/2019\/04\/02\/a-37-anos-de-la-guerra-de-malvinas-testimonio-de-ernesto-failo-sobreviviente-del-crucero-ara-general-belgrano-video-entrevista\/\",\"url\":\"https:\/\/www.celttv.com.ar\/index.php\/2019\/04\/02\/a-37-anos-de-la-guerra-de-malvinas-testimonio-de-ernesto-failo-sobreviviente-del-crucero-ara-general-belgrano-video-entrevista\/\",\"name\":\"A 37 A\u00d1OS DE LA GUERRA DE MALVINAS: TESTIMONIO DE ERNESTO FAILO, SOBREVIVIENTE DEL CRUCERO ARA GENERAL BELGRANO (VIDEO ENTREVISTA) - CELTTV\",\"isPartOf\":{\"@id\":\"https:\/\/www.celttv.com.ar\/#website\"},\"datePublished\":\"2019-04-02T12:36:49+00:00\",\"dateModified\":\"2019-04-02T12:36:49+00:00\",\"description\":\"Sitio web de noticias de la localidad de Tornquist, provincia de Buenos Aires, Rep\u00fablica Argentina. Contenido propio originado por periodistas de CELTTV, el canal de TV local de la Cooperativa El\u00e9ctrica de Tornquist. Turismo, Pol\u00edtica, Sociedad, Deporte, Cultura y todo el contenido de inter\u00e9s general que la gente del pueblo y la regi\u00f3n debe conocer.\",\"breadcrumb\":{\"@id\":\"https:\/\/www.celttv.com.ar\/index.php\/2019\/04\/02\/a-37-anos-de-la-guerra-de-malvinas-testimonio-de-ernesto-failo-sobreviviente-del-crucero-ara-general-belgrano-video-entrevista\/#breadcrumb\"},\"inLanguage\":\"es\",\"potentialAction\":[{\"@type\":\"ReadAction\",\"target\":[\"https:\/\/www.celttv.com.ar\/index.php\/2019\/04\/02\/a-37-anos-de-la-guerra-de-malvinas-testimonio-de-ernesto-failo-sobreviviente-del-crucero-ara-general-belgrano-video-entrevista\/\"]}]},{\"@type\":\"BreadcrumbList\",\"@id\":\"https:\/\/www.celttv.com.ar\/index.php\/2019\/04\/02\/a-37-anos-de-la-guerra-de-malvinas-testimonio-de-ernesto-failo-sobreviviente-del-crucero-ara-general-belgrano-video-entrevista\/#breadcrumb\",\"itemListElement\":[{\"@type\":\"ListItem\",\"position\":1,\"name\":\"Inicio\",\"item\":\"https:\/\/www.celttv.com.ar\/\"},{\"@type\":\"ListItem\",\"position\":2,\"name\":\"A 37 A\u00d1OS DE LA GUERRA DE MALVINAS: TESTIMONIO DE ERNESTO FAILO, SOBREVIVIENTE DEL CRUCERO ARA GENERAL BELGRANO (VIDEO ENTREVISTA)\"}]},{\"@type\":\"WebSite\",\"@id\":\"https:\/\/www.celttv.com.ar\/#website\",\"url\":\"https:\/\/www.celttv.com.ar\/\",\"name\":\"CELTTV\",\"description\":\"Cooperativa El\u00e9ctrica de Tornquist\",\"publisher\":{\"@id\":\"https:\/\/www.celttv.com.ar\/#organization\"},\"potentialAction\":[{\"@type\":\"SearchAction\",\"target\":{\"@type\":\"EntryPoint\",\"urlTemplate\":\"https:\/\/www.celttv.com.ar\/?s={search_term_string}\"},\"query-input\":\"required name=search_term_string\"}],\"inLanguage\":\"es\"},{\"@type\":\"Organization\",\"@id\":\"https:\/\/www.celttv.com.ar\/#organization\",\"name\":\"CELTTV\",\"url\":\"https:\/\/www.celttv.com.ar\/\",\"sameAs\":[\"https:\/\/www.youtube.com\/channel\/UCz_oIt8Hig64Ub-EmcNPIhg\",\"https:\/\/www.facebook.com\/celtTV\/\"],\"logo\":{\"@type\":\"ImageObject\",\"inLanguage\":\"es\",\"@id\":\"https:\/\/www.celttv.com.ar\/#\/schema\/logo\/image\/\",\"url\":\"http:\/\/www.celttv.com.ar\/wp-content\/uploads\/2022\/08\/logo-1.png\",\"contentUrl\":\"http:\/\/www.celttv.com.ar\/wp-content\/uploads\/2022\/08\/logo-1.png\",\"width\":461,\"height\":159,\"caption\":\"CELTTV\"},\"image\":{\"@id\":\"https:\/\/www.celttv.com.ar\/#\/schema\/logo\/image\/\"}},{\"@type\":\"Person\",\"@id\":\"https:\/\/www.celttv.com.ar\/#\/schema\/person\/6d99c072dba59953809c81446e9d0ace\",\"name\":\"ulises\",\"image\":{\"@type\":\"ImageObject\",\"inLanguage\":\"es\",\"@id\":\"https:\/\/www.celttv.com.ar\/#\/schema\/person\/image\/\",\"url\":\"https:\/\/secure.gravatar.com\/avatar\/7f2c48bdc33b30088f941fb6082e555f2874c98e20cb159d7b92b50eadfce793?s=96&d=mm&r=g\",\"contentUrl\":\"https:\/\/secure.gravatar.com\/avatar\/7f2c48bdc33b30088f941fb6082e555f2874c98e20cb159d7b92b50eadfce793?s=96&d=mm&r=g\",\"caption\":\"ulises\"},\"sameAs\":[\"http:\/\/www.celttv.com.ar\"]}]}<\/script>\n<!-- \/ Yoast SEO plugin. -->","yoast_head_json":{"title":"A 37 A\u00d1OS DE LA GUERRA DE MALVINAS: TESTIMONIO DE ERNESTO FAILO, SOBREVIVIENTE DEL CRUCERO ARA GENERAL BELGRANO (VIDEO ENTREVISTA) - CELTTV","description":"Sitio web de noticias de la localidad de Tornquist, provincia de Buenos Aires, Rep\u00fablica Argentina. Contenido propio originado por periodistas de CELTTV, el canal de TV local de la Cooperativa El\u00e9ctrica de Tornquist. Turismo, Pol\u00edtica, Sociedad, Deporte, Cultura y todo el contenido de inter\u00e9s general que la gente del pueblo y la regi\u00f3n debe conocer.","robots":{"index":"index","follow":"follow","max-snippet":"max-snippet:-1","max-image-preview":"max-image-preview:large","max-video-preview":"max-video-preview:-1"},"canonical":"https:\/\/www.celttv.com.ar\/index.php\/2019\/04\/02\/a-37-anos-de-la-guerra-de-malvinas-testimonio-de-ernesto-failo-sobreviviente-del-crucero-ara-general-belgrano-video-entrevista\/","og_locale":"es_ES","og_type":"article","og_title":"A 37 A\u00d1OS DE LA GUERRA DE MALVINAS: TESTIMONIO DE ERNESTO FAILO, SOBREVIVIENTE DEL CRUCERO ARA GENERAL BELGRANO (VIDEO ENTREVISTA) - CELTTV","og_description":"Sitio web de noticias de la localidad de Tornquist, provincia de Buenos Aires, Rep\u00fablica Argentina. Contenido propio originado por periodistas de CELTTV, el canal de TV local de la Cooperativa El\u00e9ctrica de Tornquist. Turismo, Pol\u00edtica, Sociedad, Deporte, Cultura y todo el contenido de inter\u00e9s general que la gente del pueblo y la regi\u00f3n debe conocer.","og_url":"https:\/\/www.celttv.com.ar\/index.php\/2019\/04\/02\/a-37-anos-de-la-guerra-de-malvinas-testimonio-de-ernesto-failo-sobreviviente-del-crucero-ara-general-belgrano-video-entrevista\/","og_site_name":"CELTTV","article_publisher":"https:\/\/www.facebook.com\/celtTV\/","article_published_time":"2019-04-02T12:36:49+00:00","og_image":[{"width":1256,"height":620,"url":"https:\/\/www.celttv.com.ar\/wp-content\/uploads\/2019\/04\/r1fK3sK3Xe_1256x620.jpg","type":"image\/jpeg"}],"author":"ulises","twitter_card":"summary_large_image","twitter_misc":{"Escrito por":"ulises","Tiempo de lectura":"1 minuto"},"schema":{"@context":"https:\/\/schema.org","@graph":[{"@type":"NewsArticle","@id":"https:\/\/www.celttv.com.ar\/index.php\/2019\/04\/02\/a-37-anos-de-la-guerra-de-malvinas-testimonio-de-ernesto-failo-sobreviviente-del-crucero-ara-general-belgrano-video-entrevista\/#article","isPartOf":{"@id":"https:\/\/www.celttv.com.ar\/index.php\/2019\/04\/02\/a-37-anos-de-la-guerra-de-malvinas-testimonio-de-ernesto-failo-sobreviviente-del-crucero-ara-general-belgrano-video-entrevista\/"},"author":{"name":"ulises","@id":"https:\/\/www.celttv.com.ar\/#\/schema\/person\/6d99c072dba59953809c81446e9d0ace"},"headline":"A 37 A\u00d1OS DE LA GUERRA DE MALVINAS: TESTIMONIO DE ERNESTO FAILO, SOBREVIVIENTE DEL CRUCERO ARA GENERAL BELGRANO (VIDEO ENTREVISTA)","datePublished":"2019-04-02T12:36:49+00:00","dateModified":"2019-04-02T12:36:49+00:00","mainEntityOfPage":{"@id":"https:\/\/www.celttv.com.ar\/index.php\/2019\/04\/02\/a-37-anos-de-la-guerra-de-malvinas-testimonio-de-ernesto-failo-sobreviviente-del-crucero-ara-general-belgrano-video-entrevista\/"},"wordCount":120,"publisher":{"@id":"https:\/\/www.celttv.com.ar\/#organization"},"articleSection":["Celt TV Noticias","Comunidad","Destacadas","Videos Destacados"],"inLanguage":"es"},{"@type":"WebPage","@id":"https:\/\/www.celttv.com.ar\/index.php\/2019\/04\/02\/a-37-anos-de-la-guerra-de-malvinas-testimonio-de-ernesto-failo-sobreviviente-del-crucero-ara-general-belgrano-video-entrevista\/","url":"https:\/\/www.celttv.com.ar\/index.php\/2019\/04\/02\/a-37-anos-de-la-guerra-de-malvinas-testimonio-de-ernesto-failo-sobreviviente-del-crucero-ara-general-belgrano-video-entrevista\/","name":"A 37 A\u00d1OS DE LA GUERRA DE MALVINAS: TESTIMONIO DE ERNESTO FAILO, SOBREVIVIENTE DEL CRUCERO ARA GENERAL BELGRANO (VIDEO ENTREVISTA) - CELTTV","isPartOf":{"@id":"https:\/\/www.celttv.com.ar\/#website"},"datePublished":"2019-04-02T12:36:49+00:00","dateModified":"2019-04-02T12:36:49+00:00","description":"Sitio web de noticias de la localidad de Tornquist, provincia de Buenos Aires, Rep\u00fablica Argentina. Contenido propio originado por periodistas de CELTTV, el canal de TV local de la Cooperativa El\u00e9ctrica de Tornquist. Turismo, Pol\u00edtica, Sociedad, Deporte, Cultura y todo el contenido de inter\u00e9s general que la gente del pueblo y la regi\u00f3n debe conocer.","breadcrumb":{"@id":"https:\/\/www.celttv.com.ar\/index.php\/2019\/04\/02\/a-37-anos-de-la-guerra-de-malvinas-testimonio-de-ernesto-failo-sobreviviente-del-crucero-ara-general-belgrano-video-entrevista\/#breadcrumb"},"inLanguage":"es","potentialAction":[{"@type":"ReadAction","target":["https:\/\/www.celttv.com.ar\/index.php\/2019\/04\/02\/a-37-anos-de-la-guerra-de-malvinas-testimonio-de-ernesto-failo-sobreviviente-del-crucero-ara-general-belgrano-video-entrevista\/"]}]},{"@type":"BreadcrumbList","@id":"https:\/\/www.celttv.com.ar\/index.php\/2019\/04\/02\/a-37-anos-de-la-guerra-de-malvinas-testimonio-de-ernesto-failo-sobreviviente-del-crucero-ara-general-belgrano-video-entrevista\/#breadcrumb","itemListElement":[{"@type":"ListItem","position":1,"name":"Inicio","item":"https:\/\/www.celttv.com.ar\/"},{"@type":"ListItem","position":2,"name":"A 37 A\u00d1OS DE LA GUERRA DE MALVINAS: TESTIMONIO DE ERNESTO FAILO, SOBREVIVIENTE DEL CRUCERO ARA GENERAL BELGRANO (VIDEO ENTREVISTA)"}]},{"@type":"WebSite","@id":"https:\/\/www.celttv.com.ar\/#website","url":"https:\/\/www.celttv.com.ar\/","name":"CELTTV","description":"Cooperativa El\u00e9ctrica de Tornquist","publisher":{"@id":"https:\/\/www.celttv.com.ar\/#organization"},"potentialAction":[{"@type":"SearchAction","target":{"@type":"EntryPoint","urlTemplate":"https:\/\/www.celttv.com.ar\/?s={search_term_string}"},"query-input":"required name=search_term_string"}],"inLanguage":"es"},{"@type":"Organization","@id":"https:\/\/www.celttv.com.ar\/#organization","name":"CELTTV","url":"https:\/\/www.celttv.com.ar\/","sameAs":["https:\/\/www.youtube.com\/channel\/UCz_oIt8Hig64Ub-EmcNPIhg","https:\/\/www.facebook.com\/celtTV\/"],"logo":{"@type":"ImageObject","inLanguage":"es","@id":"https:\/\/www.celttv.com.ar\/#\/schema\/logo\/image\/","url":"http:\/\/www.celttv.com.ar\/wp-content\/uploads\/2022\/08\/logo-1.png","contentUrl":"http:\/\/www.celttv.com.ar\/wp-content\/uploads\/2022\/08\/logo-1.png","width":461,"height":159,"caption":"CELTTV"},"image":{"@id":"https:\/\/www.celttv.com.ar\/#\/schema\/logo\/image\/"}},{"@type":"Person","@id":"https:\/\/www.celttv.com.ar\/#\/schema\/person\/6d99c072dba59953809c81446e9d0ace","name":"ulises","image":{"@type":"ImageObject","inLanguage":"es","@id":"https:\/\/www.celttv.com.ar\/#\/schema\/person\/image\/","url":"https:\/\/secure.gravatar.com\/avatar\/7f2c48bdc33b30088f941fb6082e555f2874c98e20cb159d7b92b50eadfce793?s=96&d=mm&r=g","contentUrl":"https:\/\/secure.gravatar.com\/avatar\/7f2c48bdc33b30088f941fb6082e555f2874c98e20cb159d7b92b50eadfce793?s=96&d=mm&r=g","caption":"ulises"},"sameAs":["http:\/\/www.celttv.com.ar"]}]}},"_links":{"self":[{"href":"https:\/\/www.celttv.com.ar\/index.php\/wp-json\/wp\/v2\/posts\/40743","targetHints":{"allow":["GET"]}}],"collection":[{"href":"https:\/\/www.celttv.com.ar\/index.php\/wp-json\/wp\/v2\/posts"}],"about":[{"href":"https:\/\/www.celttv.com.ar\/index.php\/wp-json\/wp\/v2\/types\/post"}],"author":[{"embeddable":true,"href":"https:\/\/www.celttv.com.ar\/index.php\/wp-json\/wp\/v2\/users\/1"}],"replies":[{"embeddable":true,"href":"https:\/\/www.celttv.com.ar\/index.php\/wp-json\/wp\/v2\/comments?post=40743"}],"version-history":[{"count":0,"href":"https:\/\/www.celttv.com.ar\/index.php\/wp-json\/wp\/v2\/posts\/40743\/revisions"}],"wp:featuredmedia":[{"embeddable":true,"href":"https:\/\/www.celttv.com.ar\/index.php\/wp-json\/wp\/v2\/media\/40745"}],"wp:attachment":[{"href":"https:\/\/www.celttv.com.ar\/index.php\/wp-json\/wp\/v2\/media?parent=40743"}],"wp:term":[{"taxonomy":"category","embeddable":true,"href":"https:\/\/www.celttv.com.ar\/index.php\/wp-json\/wp\/v2\/categories?post=40743"},{"taxonomy":"post_tag","embeddable":true,"href":"https:\/\/www.celttv.com.ar\/index.php\/wp-json\/wp\/v2\/tags?post=40743"}],"curies":[{"name":"wp","href":"https:\/\/api.w.org\/{rel}","templated":true}]}}