{"id":40808,"date":"2019-04-05T19:01:47","date_gmt":"2019-04-05T19:01:47","guid":{"rendered":"http:\/\/www.celttv.com.ar\/?p=40808"},"modified":"2019-04-05T19:01:47","modified_gmt":"2019-04-05T19:01:47","slug":"chasico-conmemoro-el-dia-del-veterano-y-de-los-caidos-en-la-guerra-de-las-malvinas","status":"publish","type":"post","link":"https:\/\/www.celttv.com.ar\/index.php\/2019\/04\/05\/chasico-conmemoro-el-dia-del-veterano-y-de-los-caidos-en-la-guerra-de-las-malvinas\/","title":{"rendered":"Chasic\u00f3 conmemor\u00f3 el D\u00eda del Veterano y de los Ca\u00eddos en la Guerra de las Malvinas"},"content":{"rendered":"<p style=\"font-weight: 400;\">\u00a0En la localidad de Chasic\u00f3, el pasado lunes 1, se conmemor\u00f3 un nuevo aniversario de la gesta de Malvinas.<\/p>\n<p style=\"font-weight: 400;\">Del acto particip\u00f3 el ex combatiente Enrique Cabral, qui\u00e9n brind\u00f3 una charla abierta a la comunidad.<\/p>\n<p style=\"font-weight: 400;\">A las 15 hs. se desarroll\u00f3 un acto en la plazoleta H\u00e9roes de Malvinas, en donde se descubri\u00f3 una placa con dicho nombre. Cabe destacar que este espacio p\u00fablico fue creado por un proyecto de la escuela N\u00b0 24 \u201cManuel Leo\u201d con la incondicional colaboraci\u00f3n de la Delegaci\u00f3n Municipal, contando la localidad con un lugar f\u00edsico donde recordar tan importante epopeya.<\/p>\n<p style=\"font-weight: 400;\">Participaron del acto los tres niveles educativos y entidades intermedias.<\/p>\n<p style=\"font-weight: 400;\"><strong>\u00a0<\/strong><\/p>\n<div id='gallery_1' class='gallery galleryid-40808 gallery-columns-3 gallery-size-medium'><figure class='gallery-item'>\n            <div class='gallery-icon landscape'>\n                <a href='https:\/\/www.celttv.com.ar\/wp-content\/uploads\/2019\/04\/WhatsApp-Image-2019-04-05-at-13.43.43.jpeg'><img loading=\"lazy\" decoding=\"async\" width=\"300\" height=\"225\" src=\"\" class=\"attachment-medium size-medium lazyload\" alt=\"\" data-src=\"https:\/\/www.celttv.com.ar\/wp-content\/uploads\/2019\/04\/WhatsApp-Image-2019-04-05-at-13.43.43-300x225.jpeg\" data-sizes=\"auto\" data-srcset=\"https:\/\/www.celttv.com.ar\/wp-content\/uploads\/2019\/04\/WhatsApp-Image-2019-04-05-at-13.43.43-300x225.jpeg 300w, https:\/\/www.celttv.com.ar\/wp-content\/uploads\/2019\/04\/WhatsApp-Image-2019-04-05-at-13.43.43-1024x768.jpeg 1024w, https:\/\/www.celttv.com.ar\/wp-content\/uploads\/2019\/04\/WhatsApp-Image-2019-04-05-at-13.43.43-768x576.jpeg 768w, https:\/\/www.celttv.com.ar\/wp-content\/uploads\/2019\/04\/WhatsApp-Image-2019-04-05-at-13.43.43-750x563.jpeg 750w, https:\/\/www.celttv.com.ar\/wp-content\/uploads\/2019\/04\/WhatsApp-Image-2019-04-05-at-13.43.43-1140x855.jpeg 1140w, https:\/\/www.celttv.com.ar\/wp-content\/uploads\/2019\/04\/WhatsApp-Image-2019-04-05-at-13.43.43.jpeg 1280w\" data-expand=\"700\" \/><\/a>\n            <\/div><\/figure><figure class='gallery-item'>\n            <div class='gallery-icon landscape'>\n                <a href='https:\/\/www.celttv.com.ar\/wp-content\/uploads\/2019\/04\/WhatsApp-Image-2019-04-05-at-13.44.02.jpeg'><img loading=\"lazy\" decoding=\"async\" width=\"300\" height=\"225\" src=\"\" class=\"attachment-medium size-medium lazyload\" alt=\"\" data-src=\"https:\/\/www.celttv.com.ar\/wp-content\/uploads\/2019\/04\/WhatsApp-Image-2019-04-05-at-13.44.02-300x225.jpeg\" data-sizes=\"auto\" data-srcset=\"https:\/\/www.celttv.com.ar\/wp-content\/uploads\/2019\/04\/WhatsApp-Image-2019-04-05-at-13.44.02-300x225.jpeg 300w, https:\/\/www.celttv.com.ar\/wp-content\/uploads\/2019\/04\/WhatsApp-Image-2019-04-05-at-13.44.02-1024x768.jpeg 1024w, https:\/\/www.celttv.com.ar\/wp-content\/uploads\/2019\/04\/WhatsApp-Image-2019-04-05-at-13.44.02-768x576.jpeg 768w, https:\/\/www.celttv.com.ar\/wp-content\/uploads\/2019\/04\/WhatsApp-Image-2019-04-05-at-13.44.02-750x563.jpeg 750w, https:\/\/www.celttv.com.ar\/wp-content\/uploads\/2019\/04\/WhatsApp-Image-2019-04-05-at-13.44.02-1140x855.jpeg 1140w, https:\/\/www.celttv.com.ar\/wp-content\/uploads\/2019\/04\/WhatsApp-Image-2019-04-05-at-13.44.02.jpeg 1280w\" data-expand=\"700\" \/><\/a>\n            <\/div><\/figure><figure class='gallery-item'>\n            <div class='gallery-icon landscape'>\n                <a href='https:\/\/www.celttv.com.ar\/wp-content\/uploads\/2019\/04\/WhatsApp-Image-2019-04-05-at-13.44.03-1.jpeg'><img loading=\"lazy\" decoding=\"async\" width=\"300\" height=\"225\" src=\"\" class=\"attachment-medium size-medium lazyload\" alt=\"\" data-src=\"https:\/\/www.celttv.com.ar\/wp-content\/uploads\/2019\/04\/WhatsApp-Image-2019-04-05-at-13.44.03-1-300x225.jpeg\" data-sizes=\"auto\" data-srcset=\"https:\/\/www.celttv.com.ar\/wp-content\/uploads\/2019\/04\/WhatsApp-Image-2019-04-05-at-13.44.03-1-300x225.jpeg 300w, https:\/\/www.celttv.com.ar\/wp-content\/uploads\/2019\/04\/WhatsApp-Image-2019-04-05-at-13.44.03-1-1024x768.jpeg 1024w, https:\/\/www.celttv.com.ar\/wp-content\/uploads\/2019\/04\/WhatsApp-Image-2019-04-05-at-13.44.03-1-768x576.jpeg 768w, https:\/\/www.celttv.com.ar\/wp-content\/uploads\/2019\/04\/WhatsApp-Image-2019-04-05-at-13.44.03-1-750x563.jpeg 750w, https:\/\/www.celttv.com.ar\/wp-content\/uploads\/2019\/04\/WhatsApp-Image-2019-04-05-at-13.44.03-1-1140x855.jpeg 1140w, https:\/\/www.celttv.com.ar\/wp-content\/uploads\/2019\/04\/WhatsApp-Image-2019-04-05-at-13.44.03-1.jpeg 1280w\" data-expand=\"700\" \/><\/a>\n            <\/div><\/figure><br style=\"clear: both\" \/><figure class='gallery-item'>\n            <div class='gallery-icon landscape'>\n                <a href='https:\/\/www.celttv.com.ar\/wp-content\/uploads\/2019\/04\/WhatsApp-Image-2019-04-05-at-13.44.03.jpeg'><img loading=\"lazy\" decoding=\"async\" width=\"300\" height=\"225\" src=\"\" class=\"attachment-medium size-medium lazyload\" alt=\"\" data-src=\"https:\/\/www.celttv.com.ar\/wp-content\/uploads\/2019\/04\/WhatsApp-Image-2019-04-05-at-13.44.03-300x225.jpeg\" data-sizes=\"auto\" data-srcset=\"https:\/\/www.celttv.com.ar\/wp-content\/uploads\/2019\/04\/WhatsApp-Image-2019-04-05-at-13.44.03-300x225.jpeg 300w, https:\/\/www.celttv.com.ar\/wp-content\/uploads\/2019\/04\/WhatsApp-Image-2019-04-05-at-13.44.03-1024x768.jpeg 1024w, https:\/\/www.celttv.com.ar\/wp-content\/uploads\/2019\/04\/WhatsApp-Image-2019-04-05-at-13.44.03-768x576.jpeg 768w, https:\/\/www.celttv.com.ar\/wp-content\/uploads\/2019\/04\/WhatsApp-Image-2019-04-05-at-13.44.03-750x563.jpeg 750w, https:\/\/www.celttv.com.ar\/wp-content\/uploads\/2019\/04\/WhatsApp-Image-2019-04-05-at-13.44.03-1140x855.jpeg 1140w, https:\/\/www.celttv.com.ar\/wp-content\/uploads\/2019\/04\/WhatsApp-Image-2019-04-05-at-13.44.03.jpeg 1280w\" data-expand=\"700\" \/><\/a>\n            <\/div><\/figure><figure class='gallery-item'>\n            <div class='gallery-icon landscape'>\n                <a href='https:\/\/www.celttv.com.ar\/wp-content\/uploads\/2019\/04\/WhatsApp-Image-2019-04-05-at-13.44.06.jpeg'><img loading=\"lazy\" decoding=\"async\" width=\"300\" height=\"225\" src=\"\" class=\"attachment-medium size-medium lazyload\" alt=\"\" data-src=\"https:\/\/www.celttv.com.ar\/wp-content\/uploads\/2019\/04\/WhatsApp-Image-2019-04-05-at-13.44.06-300x225.jpeg\" data-sizes=\"auto\" data-srcset=\"https:\/\/www.celttv.com.ar\/wp-content\/uploads\/2019\/04\/WhatsApp-Image-2019-04-05-at-13.44.06-300x225.jpeg 300w, https:\/\/www.celttv.com.ar\/wp-content\/uploads\/2019\/04\/WhatsApp-Image-2019-04-05-at-13.44.06-1024x768.jpeg 1024w, https:\/\/www.celttv.com.ar\/wp-content\/uploads\/2019\/04\/WhatsApp-Image-2019-04-05-at-13.44.06-768x576.jpeg 768w, https:\/\/www.celttv.com.ar\/wp-content\/uploads\/2019\/04\/WhatsApp-Image-2019-04-05-at-13.44.06-750x563.jpeg 750w, https:\/\/www.celttv.com.ar\/wp-content\/uploads\/2019\/04\/WhatsApp-Image-2019-04-05-at-13.44.06-1140x855.jpeg 1140w, https:\/\/www.celttv.com.ar\/wp-content\/uploads\/2019\/04\/WhatsApp-Image-2019-04-05-at-13.44.06.jpeg 1280w\" data-expand=\"700\" \/><\/a>\n            <\/div><\/figure><figure class='gallery-item'>\n            <div class='gallery-icon portrait'>\n                <a href='https:\/\/www.celttv.com.ar\/wp-content\/uploads\/2019\/04\/WhatsApp-Image-2019-04-05-at-13.44.11.jpeg'><img loading=\"lazy\" decoding=\"async\" width=\"225\" height=\"300\" src=\"\" class=\"attachment-medium size-medium lazyload\" alt=\"\" data-src=\"https:\/\/www.celttv.com.ar\/wp-content\/uploads\/2019\/04\/WhatsApp-Image-2019-04-05-at-13.44.11-225x300.jpeg\" data-sizes=\"auto\" data-srcset=\"https:\/\/www.celttv.com.ar\/wp-content\/uploads\/2019\/04\/WhatsApp-Image-2019-04-05-at-13.44.11-225x300.jpeg 225w, https:\/\/www.celttv.com.ar\/wp-content\/uploads\/2019\/04\/WhatsApp-Image-2019-04-05-at-13.44.11-768x1024.jpeg 768w, https:\/\/www.celttv.com.ar\/wp-content\/uploads\/2019\/04\/WhatsApp-Image-2019-04-05-at-13.44.11-750x1000.jpeg 750w, https:\/\/www.celttv.com.ar\/wp-content\/uploads\/2019\/04\/WhatsApp-Image-2019-04-05-at-13.44.11.jpeg 960w\" data-expand=\"700\" \/><\/a>\n            <\/div><\/figure><br style=\"clear: both\" \/><figure class='gallery-item'>\n            <div class='gallery-icon landscape'>\n                <a href='https:\/\/www.celttv.com.ar\/wp-content\/uploads\/2019\/04\/WhatsApp-Image-2019-04-05-at-13.44.12-1.jpeg'><img loading=\"lazy\" decoding=\"async\" width=\"300\" height=\"225\" src=\"\" class=\"attachment-medium size-medium lazyload\" alt=\"\" data-src=\"https:\/\/www.celttv.com.ar\/wp-content\/uploads\/2019\/04\/WhatsApp-Image-2019-04-05-at-13.44.12-1-300x225.jpeg\" data-sizes=\"auto\" data-srcset=\"https:\/\/www.celttv.com.ar\/wp-content\/uploads\/2019\/04\/WhatsApp-Image-2019-04-05-at-13.44.12-1-300x225.jpeg 300w, https:\/\/www.celttv.com.ar\/wp-content\/uploads\/2019\/04\/WhatsApp-Image-2019-04-05-at-13.44.12-1-1024x768.jpeg 1024w, https:\/\/www.celttv.com.ar\/wp-content\/uploads\/2019\/04\/WhatsApp-Image-2019-04-05-at-13.44.12-1-768x576.jpeg 768w, https:\/\/www.celttv.com.ar\/wp-content\/uploads\/2019\/04\/WhatsApp-Image-2019-04-05-at-13.44.12-1-750x563.jpeg 750w, https:\/\/www.celttv.com.ar\/wp-content\/uploads\/2019\/04\/WhatsApp-Image-2019-04-05-at-13.44.12-1-1140x855.jpeg 1140w, https:\/\/www.celttv.com.ar\/wp-content\/uploads\/2019\/04\/WhatsApp-Image-2019-04-05-at-13.44.12-1.jpeg 1280w\" data-expand=\"700\" \/><\/a>\n            <\/div><\/figure><figure class='gallery-item'>\n            <div class='gallery-icon portrait'>\n                <a href='https:\/\/www.celttv.com.ar\/wp-content\/uploads\/2019\/04\/WhatsApp-Image-2019-04-05-at-13.44.12.jpeg'><img loading=\"lazy\" decoding=\"async\" width=\"225\" height=\"300\" src=\"\" class=\"attachment-medium size-medium lazyload\" alt=\"\" data-src=\"https:\/\/www.celttv.com.ar\/wp-content\/uploads\/2019\/04\/WhatsApp-Image-2019-04-05-at-13.44.12-225x300.jpeg\" data-sizes=\"auto\" data-srcset=\"https:\/\/www.celttv.com.ar\/wp-content\/uploads\/2019\/04\/WhatsApp-Image-2019-04-05-at-13.44.12-225x300.jpeg 225w, https:\/\/www.celttv.com.ar\/wp-content\/uploads\/2019\/04\/WhatsApp-Image-2019-04-05-at-13.44.12-768x1024.jpeg 768w, https:\/\/www.celttv.com.ar\/wp-content\/uploads\/2019\/04\/WhatsApp-Image-2019-04-05-at-13.44.12-750x1000.jpeg 750w, https:\/\/www.celttv.com.ar\/wp-content\/uploads\/2019\/04\/WhatsApp-Image-2019-04-05-at-13.44.12.jpeg 960w\" data-expand=\"700\" \/><\/a>\n            <\/div><\/figure>\n            <br style='clear: both' \/>\n        <\/div>\n\n","protected":false},"excerpt":{"rendered":"<p>\u00a0En la localidad de Chasic\u00f3, el pasado lunes 1, se conmemor\u00f3 un nuevo aniversario de la gesta de Malvinas. Del acto particip\u00f3 el ex combatiente Enrique Cabral, qui\u00e9n brind\u00f3 una charla abierta a la comunidad. A las 15 hs. se desarroll\u00f3 un acto en la plazoleta H\u00e9roes de Malvinas, en donde se descubri\u00f3 una placa [&hellip;]<\/p>\n","protected":false},"author":1,"featured_media":40810,"comment_status":"closed","ping_status":"open","sticky":false,"template":"","format":"standard","meta":{"footnotes":""},"categories":[51,52],"tags":[],"class_list":["post-40808","post","type-post","status-publish","format-standard","has-post-thumbnail","hentry","category-comunidad","category-destacadas"],"yoast_head":"<!-- This site is optimized with the Yoast SEO plugin v19.7.1 - https:\/\/yoast.com\/wordpress\/plugins\/seo\/ -->\n<title>Chasic\u00f3 conmemor\u00f3 el D\u00eda del Veterano y de los Ca\u00eddos en la Guerra de las Malvinas - CELTTV<\/title>\n<meta name=\"description\" content=\"Sitio web de noticias de la localidad de Tornquist, provincia de Buenos Aires, Rep\u00fablica Argentina. Contenido propio originado por periodistas de CELTTV, el canal de TV local de la Cooperativa El\u00e9ctrica de Tornquist. Turismo, Pol\u00edtica, Sociedad, Deporte, Cultura y todo el contenido de inter\u00e9s general que la gente del pueblo y la regi\u00f3n debe conocer.\" \/>\n<meta name=\"robots\" content=\"index, follow, max-snippet:-1, max-image-preview:large, max-video-preview:-1\" \/>\n<link rel=\"canonical\" href=\"https:\/\/www.celttv.com.ar\/index.php\/2019\/04\/05\/chasico-conmemoro-el-dia-del-veterano-y-de-los-caidos-en-la-guerra-de-las-malvinas\/\" \/>\n<meta property=\"og:locale\" content=\"es_ES\" \/>\n<meta property=\"og:type\" content=\"article\" \/>\n<meta property=\"og:title\" content=\"Chasic\u00f3 conmemor\u00f3 el D\u00eda del Veterano y de los Ca\u00eddos en la Guerra de las Malvinas - CELTTV\" \/>\n<meta property=\"og:description\" content=\"Sitio web de noticias de la localidad de Tornquist, provincia de Buenos Aires, Rep\u00fablica Argentina. Contenido propio originado por periodistas de CELTTV, el canal de TV local de la Cooperativa El\u00e9ctrica de Tornquist. Turismo, Pol\u00edtica, Sociedad, Deporte, Cultura y todo el contenido de inter\u00e9s general que la gente del pueblo y la regi\u00f3n debe conocer.\" \/>\n<meta property=\"og:url\" content=\"https:\/\/www.celttv.com.ar\/index.php\/2019\/04\/05\/chasico-conmemoro-el-dia-del-veterano-y-de-los-caidos-en-la-guerra-de-las-malvinas\/\" \/>\n<meta property=\"og:site_name\" content=\"CELTTV\" \/>\n<meta property=\"article:publisher\" content=\"https:\/\/www.facebook.com\/celtTV\/\" \/>\n<meta property=\"article:published_time\" content=\"2019-04-05T19:01:47+00:00\" \/>\n<meta property=\"og:image\" content=\"https:\/\/www.celttv.com.ar\/wp-content\/uploads\/2019\/04\/WhatsApp-Image-2019-04-05-at-13.44.02.jpeg\" \/>\n\t<meta property=\"og:image:width\" content=\"1280\" \/>\n\t<meta property=\"og:image:height\" content=\"960\" \/>\n\t<meta property=\"og:image:type\" content=\"image\/jpeg\" \/>\n<meta name=\"author\" content=\"ulises\" \/>\n<meta name=\"twitter:card\" content=\"summary_large_image\" \/>\n<meta name=\"twitter:label1\" content=\"Escrito por\" \/>\n\t<meta name=\"twitter:data1\" content=\"ulises\" \/>\n\t<meta name=\"twitter:label2\" content=\"Tiempo de lectura\" \/>\n\t<meta name=\"twitter:data2\" content=\"1 minuto\" \/>\n<script type=\"application\/ld+json\" class=\"yoast-schema-graph\">{\"@context\":\"https:\/\/schema.org\",\"@graph\":[{\"@type\":\"NewsArticle\",\"@id\":\"https:\/\/www.celttv.com.ar\/index.php\/2019\/04\/05\/chasico-conmemoro-el-dia-del-veterano-y-de-los-caidos-en-la-guerra-de-las-malvinas\/#article\",\"isPartOf\":{\"@id\":\"https:\/\/www.celttv.com.ar\/index.php\/2019\/04\/05\/chasico-conmemoro-el-dia-del-veterano-y-de-los-caidos-en-la-guerra-de-las-malvinas\/\"},\"author\":{\"name\":\"ulises\",\"@id\":\"https:\/\/www.celttv.com.ar\/#\/schema\/person\/6d99c072dba59953809c81446e9d0ace\"},\"headline\":\"Chasic\u00f3 conmemor\u00f3 el D\u00eda del Veterano y de los Ca\u00eddos en la Guerra de las Malvinas\",\"datePublished\":\"2019-04-05T19:01:47+00:00\",\"dateModified\":\"2019-04-05T19:01:47+00:00\",\"mainEntityOfPage\":{\"@id\":\"https:\/\/www.celttv.com.ar\/index.php\/2019\/04\/05\/chasico-conmemoro-el-dia-del-veterano-y-de-los-caidos-en-la-guerra-de-las-malvinas\/\"},\"wordCount\":131,\"publisher\":{\"@id\":\"https:\/\/www.celttv.com.ar\/#organization\"},\"articleSection\":[\"Comunidad\",\"Destacadas\"],\"inLanguage\":\"es\"},{\"@type\":\"WebPage\",\"@id\":\"https:\/\/www.celttv.com.ar\/index.php\/2019\/04\/05\/chasico-conmemoro-el-dia-del-veterano-y-de-los-caidos-en-la-guerra-de-las-malvinas\/\",\"url\":\"https:\/\/www.celttv.com.ar\/index.php\/2019\/04\/05\/chasico-conmemoro-el-dia-del-veterano-y-de-los-caidos-en-la-guerra-de-las-malvinas\/\",\"name\":\"Chasic\u00f3 conmemor\u00f3 el D\u00eda del Veterano y de los Ca\u00eddos en la Guerra de las Malvinas - CELTTV\",\"isPartOf\":{\"@id\":\"https:\/\/www.celttv.com.ar\/#website\"},\"datePublished\":\"2019-04-05T19:01:47+00:00\",\"dateModified\":\"2019-04-05T19:01:47+00:00\",\"description\":\"Sitio web de noticias de la localidad de Tornquist, provincia de Buenos Aires, Rep\u00fablica Argentina. Contenido propio originado por periodistas de CELTTV, el canal de TV local de la Cooperativa El\u00e9ctrica de Tornquist. Turismo, Pol\u00edtica, Sociedad, Deporte, Cultura y todo el contenido de inter\u00e9s general que la gente del pueblo y la regi\u00f3n debe conocer.\",\"breadcrumb\":{\"@id\":\"https:\/\/www.celttv.com.ar\/index.php\/2019\/04\/05\/chasico-conmemoro-el-dia-del-veterano-y-de-los-caidos-en-la-guerra-de-las-malvinas\/#breadcrumb\"},\"inLanguage\":\"es\",\"potentialAction\":[{\"@type\":\"ReadAction\",\"target\":[\"https:\/\/www.celttv.com.ar\/index.php\/2019\/04\/05\/chasico-conmemoro-el-dia-del-veterano-y-de-los-caidos-en-la-guerra-de-las-malvinas\/\"]}]},{\"@type\":\"BreadcrumbList\",\"@id\":\"https:\/\/www.celttv.com.ar\/index.php\/2019\/04\/05\/chasico-conmemoro-el-dia-del-veterano-y-de-los-caidos-en-la-guerra-de-las-malvinas\/#breadcrumb\",\"itemListElement\":[{\"@type\":\"ListItem\",\"position\":1,\"name\":\"Inicio\",\"item\":\"https:\/\/www.celttv.com.ar\/\"},{\"@type\":\"ListItem\",\"position\":2,\"name\":\"Chasic\u00f3 conmemor\u00f3 el D\u00eda del Veterano y de los Ca\u00eddos en la Guerra de las Malvinas\"}]},{\"@type\":\"WebSite\",\"@id\":\"https:\/\/www.celttv.com.ar\/#website\",\"url\":\"https:\/\/www.celttv.com.ar\/\",\"name\":\"CELTTV\",\"description\":\"Cooperativa El\u00e9ctrica de Tornquist\",\"publisher\":{\"@id\":\"https:\/\/www.celttv.com.ar\/#organization\"},\"potentialAction\":[{\"@type\":\"SearchAction\",\"target\":{\"@type\":\"EntryPoint\",\"urlTemplate\":\"https:\/\/www.celttv.com.ar\/?s={search_term_string}\"},\"query-input\":\"required name=search_term_string\"}],\"inLanguage\":\"es\"},{\"@type\":\"Organization\",\"@id\":\"https:\/\/www.celttv.com.ar\/#organization\",\"name\":\"CELTTV\",\"url\":\"https:\/\/www.celttv.com.ar\/\",\"sameAs\":[\"https:\/\/www.youtube.com\/channel\/UCz_oIt8Hig64Ub-EmcNPIhg\",\"https:\/\/www.facebook.com\/celtTV\/\"],\"logo\":{\"@type\":\"ImageObject\",\"inLanguage\":\"es\",\"@id\":\"https:\/\/www.celttv.com.ar\/#\/schema\/logo\/image\/\",\"url\":\"http:\/\/www.celttv.com.ar\/wp-content\/uploads\/2022\/08\/logo-1.png\",\"contentUrl\":\"http:\/\/www.celttv.com.ar\/wp-content\/uploads\/2022\/08\/logo-1.png\",\"width\":461,\"height\":159,\"caption\":\"CELTTV\"},\"image\":{\"@id\":\"https:\/\/www.celttv.com.ar\/#\/schema\/logo\/image\/\"}},{\"@type\":\"Person\",\"@id\":\"https:\/\/www.celttv.com.ar\/#\/schema\/person\/6d99c072dba59953809c81446e9d0ace\",\"name\":\"ulises\",\"image\":{\"@type\":\"ImageObject\",\"inLanguage\":\"es\",\"@id\":\"https:\/\/www.celttv.com.ar\/#\/schema\/person\/image\/\",\"url\":\"https:\/\/secure.gravatar.com\/avatar\/7f2c48bdc33b30088f941fb6082e555f2874c98e20cb159d7b92b50eadfce793?s=96&d=mm&r=g\",\"contentUrl\":\"https:\/\/secure.gravatar.com\/avatar\/7f2c48bdc33b30088f941fb6082e555f2874c98e20cb159d7b92b50eadfce793?s=96&d=mm&r=g\",\"caption\":\"ulises\"},\"sameAs\":[\"http:\/\/www.celttv.com.ar\"]}]}<\/script>\n<!-- \/ Yoast SEO plugin. -->","yoast_head_json":{"title":"Chasic\u00f3 conmemor\u00f3 el D\u00eda del Veterano y de los Ca\u00eddos en la Guerra de las Malvinas - CELTTV","description":"Sitio web de noticias de la localidad de Tornquist, provincia de Buenos Aires, Rep\u00fablica Argentina. Contenido propio originado por periodistas de CELTTV, el canal de TV local de la Cooperativa El\u00e9ctrica de Tornquist. Turismo, Pol\u00edtica, Sociedad, Deporte, Cultura y todo el contenido de inter\u00e9s general que la gente del pueblo y la regi\u00f3n debe conocer.","robots":{"index":"index","follow":"follow","max-snippet":"max-snippet:-1","max-image-preview":"max-image-preview:large","max-video-preview":"max-video-preview:-1"},"canonical":"https:\/\/www.celttv.com.ar\/index.php\/2019\/04\/05\/chasico-conmemoro-el-dia-del-veterano-y-de-los-caidos-en-la-guerra-de-las-malvinas\/","og_locale":"es_ES","og_type":"article","og_title":"Chasic\u00f3 conmemor\u00f3 el D\u00eda del Veterano y de los Ca\u00eddos en la Guerra de las Malvinas - CELTTV","og_description":"Sitio web de noticias de la localidad de Tornquist, provincia de Buenos Aires, Rep\u00fablica Argentina. Contenido propio originado por periodistas de CELTTV, el canal de TV local de la Cooperativa El\u00e9ctrica de Tornquist. Turismo, Pol\u00edtica, Sociedad, Deporte, Cultura y todo el contenido de inter\u00e9s general que la gente del pueblo y la regi\u00f3n debe conocer.","og_url":"https:\/\/www.celttv.com.ar\/index.php\/2019\/04\/05\/chasico-conmemoro-el-dia-del-veterano-y-de-los-caidos-en-la-guerra-de-las-malvinas\/","og_site_name":"CELTTV","article_publisher":"https:\/\/www.facebook.com\/celtTV\/","article_published_time":"2019-04-05T19:01:47+00:00","og_image":[{"width":1280,"height":960,"url":"https:\/\/www.celttv.com.ar\/wp-content\/uploads\/2019\/04\/WhatsApp-Image-2019-04-05-at-13.44.02.jpeg","type":"image\/jpeg"}],"author":"ulises","twitter_card":"summary_large_image","twitter_misc":{"Escrito por":"ulises","Tiempo de lectura":"1 minuto"},"schema":{"@context":"https:\/\/schema.org","@graph":[{"@type":"NewsArticle","@id":"https:\/\/www.celttv.com.ar\/index.php\/2019\/04\/05\/chasico-conmemoro-el-dia-del-veterano-y-de-los-caidos-en-la-guerra-de-las-malvinas\/#article","isPartOf":{"@id":"https:\/\/www.celttv.com.ar\/index.php\/2019\/04\/05\/chasico-conmemoro-el-dia-del-veterano-y-de-los-caidos-en-la-guerra-de-las-malvinas\/"},"author":{"name":"ulises","@id":"https:\/\/www.celttv.com.ar\/#\/schema\/person\/6d99c072dba59953809c81446e9d0ace"},"headline":"Chasic\u00f3 conmemor\u00f3 el D\u00eda del Veterano y de los Ca\u00eddos en la Guerra de las Malvinas","datePublished":"2019-04-05T19:01:47+00:00","dateModified":"2019-04-05T19:01:47+00:00","mainEntityOfPage":{"@id":"https:\/\/www.celttv.com.ar\/index.php\/2019\/04\/05\/chasico-conmemoro-el-dia-del-veterano-y-de-los-caidos-en-la-guerra-de-las-malvinas\/"},"wordCount":131,"publisher":{"@id":"https:\/\/www.celttv.com.ar\/#organization"},"articleSection":["Comunidad","Destacadas"],"inLanguage":"es"},{"@type":"WebPage","@id":"https:\/\/www.celttv.com.ar\/index.php\/2019\/04\/05\/chasico-conmemoro-el-dia-del-veterano-y-de-los-caidos-en-la-guerra-de-las-malvinas\/","url":"https:\/\/www.celttv.com.ar\/index.php\/2019\/04\/05\/chasico-conmemoro-el-dia-del-veterano-y-de-los-caidos-en-la-guerra-de-las-malvinas\/","name":"Chasic\u00f3 conmemor\u00f3 el D\u00eda del Veterano y de los Ca\u00eddos en la Guerra de las Malvinas - CELTTV","isPartOf":{"@id":"https:\/\/www.celttv.com.ar\/#website"},"datePublished":"2019-04-05T19:01:47+00:00","dateModified":"2019-04-05T19:01:47+00:00","description":"Sitio web de noticias de la localidad de Tornquist, provincia de Buenos Aires, Rep\u00fablica Argentina. Contenido propio originado por periodistas de CELTTV, el canal de TV local de la Cooperativa El\u00e9ctrica de Tornquist. Turismo, Pol\u00edtica, Sociedad, Deporte, Cultura y todo el contenido de inter\u00e9s general que la gente del pueblo y la regi\u00f3n debe conocer.","breadcrumb":{"@id":"https:\/\/www.celttv.com.ar\/index.php\/2019\/04\/05\/chasico-conmemoro-el-dia-del-veterano-y-de-los-caidos-en-la-guerra-de-las-malvinas\/#breadcrumb"},"inLanguage":"es","potentialAction":[{"@type":"ReadAction","target":["https:\/\/www.celttv.com.ar\/index.php\/2019\/04\/05\/chasico-conmemoro-el-dia-del-veterano-y-de-los-caidos-en-la-guerra-de-las-malvinas\/"]}]},{"@type":"BreadcrumbList","@id":"https:\/\/www.celttv.com.ar\/index.php\/2019\/04\/05\/chasico-conmemoro-el-dia-del-veterano-y-de-los-caidos-en-la-guerra-de-las-malvinas\/#breadcrumb","itemListElement":[{"@type":"ListItem","position":1,"name":"Inicio","item":"https:\/\/www.celttv.com.ar\/"},{"@type":"ListItem","position":2,"name":"Chasic\u00f3 conmemor\u00f3 el D\u00eda del Veterano y de los Ca\u00eddos en la Guerra de las Malvinas"}]},{"@type":"WebSite","@id":"https:\/\/www.celttv.com.ar\/#website","url":"https:\/\/www.celttv.com.ar\/","name":"CELTTV","description":"Cooperativa El\u00e9ctrica de Tornquist","publisher":{"@id":"https:\/\/www.celttv.com.ar\/#organization"},"potentialAction":[{"@type":"SearchAction","target":{"@type":"EntryPoint","urlTemplate":"https:\/\/www.celttv.com.ar\/?s={search_term_string}"},"query-input":"required name=search_term_string"}],"inLanguage":"es"},{"@type":"Organization","@id":"https:\/\/www.celttv.com.ar\/#organization","name":"CELTTV","url":"https:\/\/www.celttv.com.ar\/","sameAs":["https:\/\/www.youtube.com\/channel\/UCz_oIt8Hig64Ub-EmcNPIhg","https:\/\/www.facebook.com\/celtTV\/"],"logo":{"@type":"ImageObject","inLanguage":"es","@id":"https:\/\/www.celttv.com.ar\/#\/schema\/logo\/image\/","url":"http:\/\/www.celttv.com.ar\/wp-content\/uploads\/2022\/08\/logo-1.png","contentUrl":"http:\/\/www.celttv.com.ar\/wp-content\/uploads\/2022\/08\/logo-1.png","width":461,"height":159,"caption":"CELTTV"},"image":{"@id":"https:\/\/www.celttv.com.ar\/#\/schema\/logo\/image\/"}},{"@type":"Person","@id":"https:\/\/www.celttv.com.ar\/#\/schema\/person\/6d99c072dba59953809c81446e9d0ace","name":"ulises","image":{"@type":"ImageObject","inLanguage":"es","@id":"https:\/\/www.celttv.com.ar\/#\/schema\/person\/image\/","url":"https:\/\/secure.gravatar.com\/avatar\/7f2c48bdc33b30088f941fb6082e555f2874c98e20cb159d7b92b50eadfce793?s=96&d=mm&r=g","contentUrl":"https:\/\/secure.gravatar.com\/avatar\/7f2c48bdc33b30088f941fb6082e555f2874c98e20cb159d7b92b50eadfce793?s=96&d=mm&r=g","caption":"ulises"},"sameAs":["http:\/\/www.celttv.com.ar"]}]}},"_links":{"self":[{"href":"https:\/\/www.celttv.com.ar\/index.php\/wp-json\/wp\/v2\/posts\/40808","targetHints":{"allow":["GET"]}}],"collection":[{"href":"https:\/\/www.celttv.com.ar\/index.php\/wp-json\/wp\/v2\/posts"}],"about":[{"href":"https:\/\/www.celttv.com.ar\/index.php\/wp-json\/wp\/v2\/types\/post"}],"author":[{"embeddable":true,"href":"https:\/\/www.celttv.com.ar\/index.php\/wp-json\/wp\/v2\/users\/1"}],"replies":[{"embeddable":true,"href":"https:\/\/www.celttv.com.ar\/index.php\/wp-json\/wp\/v2\/comments?post=40808"}],"version-history":[{"count":0,"href":"https:\/\/www.celttv.com.ar\/index.php\/wp-json\/wp\/v2\/posts\/40808\/revisions"}],"wp:featuredmedia":[{"embeddable":true,"href":"https:\/\/www.celttv.com.ar\/index.php\/wp-json\/wp\/v2\/media\/40810"}],"wp:attachment":[{"href":"https:\/\/www.celttv.com.ar\/index.php\/wp-json\/wp\/v2\/media?parent=40808"}],"wp:term":[{"taxonomy":"category","embeddable":true,"href":"https:\/\/www.celttv.com.ar\/index.php\/wp-json\/wp\/v2\/categories?post=40808"},{"taxonomy":"post_tag","embeddable":true,"href":"https:\/\/www.celttv.com.ar\/index.php\/wp-json\/wp\/v2\/tags?post=40808"}],"curies":[{"name":"wp","href":"https:\/\/api.w.org\/{rel}","templated":true}]}}