{"id":40821,"date":"2019-04-05T20:54:53","date_gmt":"2019-04-05T20:54:53","guid":{"rendered":"http:\/\/www.celttv.com.ar\/?p=40821"},"modified":"2019-04-05T20:54:53","modified_gmt":"2019-04-05T20:54:53","slug":"epoca-de-crisis-neuroventas-vendele-a-la-mente-no-a-la-gente","status":"publish","type":"post","link":"https:\/\/www.celttv.com.ar\/index.php\/2019\/04\/05\/epoca-de-crisis-neuroventas-vendele-a-la-mente-no-a-la-gente\/","title":{"rendered":"&#8220;\u00c9poca\u00a0de Crisis: Neuroventas &#8211;\u00a0Vend\u00e9le a la mente, no a la gente&#8221;"},"content":{"rendered":"<div><span style=\"color: #212121; font-family: Arial; font-size: small;\"><b>Organizado por la C\u00e1mara de Comercio de Tornquist y auspiciado por la C\u00e1mara Argentina de Comercio y Servicios, se realizar\u00e1 el pr\u00f3ximo jueves 11 de abril un Workshop de tres horas denominado: &#8220;\u00c9poca<\/b><\/span><b><span style=\"font-family: Arial; font-size: small;\">\u00a0de Crisis: Neuroventas &#8211;\u00a0Vend\u00e9le a la mente, no a la gente&#8221;<\/span><\/b><\/div>\n<div><b><span style=\"font-family: Arial; font-size: small;\">Adaptaci\u00f3n del libro de Jurgen Klaric-<\/span><\/b><\/div>\n<div>Tendr\u00e1 lugar en la Bibloteca Ernesto Tornquist\u00a0 a partir de la hora 20:00 y estar\u00e1 a cargo de la capacitadora Mariz\u00fa Nogu\u00e9z.<\/div>\n<div>\n<span style=\"color: #212121;\"><span style=\"font-family: Arial;\"><span style=\"font-family: 'Segoe UI', 'Segoe UI', -apple-system, BlinkMacSystemFont, Roboto, 'Helvetica Neue', sans-serif;\">Workshop de tres horas : Especifico de ventas y\u00a0<\/span>atenci\u00f3n<span style=\"font-family: 'Segoe UI', 'Segoe UI', -apple-system, BlinkMacSystemFont, Roboto, 'Helvetica Neue', sans-serif;\">\u00a0al cliente, en el mismo contexto que los anteriores, pero con las nuevas incorporaciones de conocimientos\u00a0<\/span><\/span>cient\u00edficos<span style=\"font-family: Arial;\">\u00a0de como funciona la mente para tomar\u00a0<\/span><\/span><span style=\"color: #212121;\">decisiones<\/span><span style=\"color: #212121; font-family: 'Segoe UI', 'Segoe UI', -apple-system, BlinkMacSystemFont, Roboto, 'Helvetica Neue', sans-serif;\">\u00a0de compra , y fidelizarse &#8230;\u00a0es un libro muy consultado por comerciantes\u00a0 actualmente para aumentar las ventas.<\/span><\/div>\n<div><\/div>\n<div><a href=\"http:\/\/www.celttv.com.ar\/?attachment_id=40822\" rel=\"attachment wp-att-40822\"><img loading=\"lazy\" decoding=\"async\" class=\"alignleft size-full wp-image-40822\" src=\"http:\/\/www.celttv.com.ar\/wp-content\/uploads\/2019\/04\/neuroventas.jpg\" alt=\"\" width=\"904\" height=\"1280\" srcset=\"https:\/\/www.celttv.com.ar\/wp-content\/uploads\/2019\/04\/neuroventas.jpg 904w, https:\/\/www.celttv.com.ar\/wp-content\/uploads\/2019\/04\/neuroventas-212x300.jpg 212w, https:\/\/www.celttv.com.ar\/wp-content\/uploads\/2019\/04\/neuroventas-723x1024.jpg 723w, https:\/\/www.celttv.com.ar\/wp-content\/uploads\/2019\/04\/neuroventas-768x1087.jpg 768w, https:\/\/www.celttv.com.ar\/wp-content\/uploads\/2019\/04\/neuroventas-750x1062.jpg 750w\" sizes=\"auto, (max-width: 904px) 100vw, 904px\" \/><\/a><\/div>\n","protected":false},"excerpt":{"rendered":"<p>Organizado por la C\u00e1mara de Comercio de Tornquist y auspiciado por la C\u00e1mara Argentina de Comercio y Servicios, se realizar\u00e1 el pr\u00f3ximo jueves 11 de abril un Workshop de tres horas denominado: &#8220;\u00c9poca\u00a0de Crisis: Neuroventas &#8211;\u00a0Vend\u00e9le a la mente, no a la gente&#8221; Adaptaci\u00f3n del libro de Jurgen Klaric- Tendr\u00e1 lugar en la Bibloteca Ernesto [&hellip;]<\/p>\n","protected":false},"author":1,"featured_media":40822,"comment_status":"closed","ping_status":"open","sticky":false,"template":"","format":"standard","meta":{"footnotes":""},"categories":[51,52],"tags":[],"class_list":["post-40821","post","type-post","status-publish","format-standard","has-post-thumbnail","hentry","category-comunidad","category-destacadas"],"yoast_head":"<!-- This site is optimized with the Yoast SEO plugin v19.7.1 - https:\/\/yoast.com\/wordpress\/plugins\/seo\/ -->\n<title>&quot;\u00c9poca\u00a0de Crisis: Neuroventas -\u00a0Vend\u00e9le a la mente, no a la gente&quot; - CELTTV<\/title>\n<meta name=\"description\" content=\"Sitio web de noticias de la localidad de Tornquist, provincia de Buenos Aires, Rep\u00fablica Argentina. Contenido propio originado por periodistas de CELTTV, el canal de TV local de la Cooperativa El\u00e9ctrica de Tornquist. Turismo, Pol\u00edtica, Sociedad, Deporte, Cultura y todo el contenido de inter\u00e9s general que la gente del pueblo y la regi\u00f3n debe conocer.\" \/>\n<meta name=\"robots\" content=\"index, follow, max-snippet:-1, max-image-preview:large, max-video-preview:-1\" \/>\n<link rel=\"canonical\" href=\"https:\/\/www.celttv.com.ar\/index.php\/2019\/04\/05\/epoca-de-crisis-neuroventas-vendele-a-la-mente-no-a-la-gente\/\" \/>\n<meta property=\"og:locale\" content=\"es_ES\" \/>\n<meta property=\"og:type\" content=\"article\" \/>\n<meta property=\"og:title\" content=\"&quot;\u00c9poca\u00a0de Crisis: Neuroventas -\u00a0Vend\u00e9le a la mente, no a la gente&quot; - CELTTV\" \/>\n<meta property=\"og:description\" content=\"Sitio web de noticias de la localidad de Tornquist, provincia de Buenos Aires, Rep\u00fablica Argentina. Contenido propio originado por periodistas de CELTTV, el canal de TV local de la Cooperativa El\u00e9ctrica de Tornquist. Turismo, Pol\u00edtica, Sociedad, Deporte, Cultura y todo el contenido de inter\u00e9s general que la gente del pueblo y la regi\u00f3n debe conocer.\" \/>\n<meta property=\"og:url\" content=\"https:\/\/www.celttv.com.ar\/index.php\/2019\/04\/05\/epoca-de-crisis-neuroventas-vendele-a-la-mente-no-a-la-gente\/\" \/>\n<meta property=\"og:site_name\" content=\"CELTTV\" \/>\n<meta property=\"article:publisher\" content=\"https:\/\/www.facebook.com\/celtTV\/\" \/>\n<meta property=\"article:published_time\" content=\"2019-04-05T20:54:53+00:00\" \/>\n<meta property=\"og:image\" content=\"https:\/\/www.celttv.com.ar\/wp-content\/uploads\/2019\/04\/neuroventas.jpg\" \/>\n\t<meta property=\"og:image:width\" content=\"904\" \/>\n\t<meta property=\"og:image:height\" content=\"1280\" \/>\n\t<meta property=\"og:image:type\" content=\"image\/jpeg\" \/>\n<meta name=\"author\" content=\"ulises\" \/>\n<meta name=\"twitter:card\" content=\"summary_large_image\" \/>\n<meta name=\"twitter:label1\" content=\"Escrito por\" \/>\n\t<meta name=\"twitter:data1\" content=\"ulises\" \/>\n\t<meta name=\"twitter:label2\" content=\"Tiempo de lectura\" \/>\n\t<meta name=\"twitter:data2\" content=\"1 minuto\" \/>\n<script type=\"application\/ld+json\" class=\"yoast-schema-graph\">{\"@context\":\"https:\/\/schema.org\",\"@graph\":[{\"@type\":\"NewsArticle\",\"@id\":\"https:\/\/www.celttv.com.ar\/index.php\/2019\/04\/05\/epoca-de-crisis-neuroventas-vendele-a-la-mente-no-a-la-gente\/#article\",\"isPartOf\":{\"@id\":\"https:\/\/www.celttv.com.ar\/index.php\/2019\/04\/05\/epoca-de-crisis-neuroventas-vendele-a-la-mente-no-a-la-gente\/\"},\"author\":{\"name\":\"ulises\",\"@id\":\"https:\/\/www.celttv.com.ar\/#\/schema\/person\/6d99c072dba59953809c81446e9d0ace\"},\"headline\":\"&#8220;\u00c9poca\u00a0de Crisis: Neuroventas &#8211;\u00a0Vend\u00e9le a la mente, no a la gente&#8221;\",\"datePublished\":\"2019-04-05T20:54:53+00:00\",\"dateModified\":\"2019-04-05T20:54:53+00:00\",\"mainEntityOfPage\":{\"@id\":\"https:\/\/www.celttv.com.ar\/index.php\/2019\/04\/05\/epoca-de-crisis-neuroventas-vendele-a-la-mente-no-a-la-gente\/\"},\"wordCount\":143,\"publisher\":{\"@id\":\"https:\/\/www.celttv.com.ar\/#organization\"},\"articleSection\":[\"Comunidad\",\"Destacadas\"],\"inLanguage\":\"es\"},{\"@type\":\"WebPage\",\"@id\":\"https:\/\/www.celttv.com.ar\/index.php\/2019\/04\/05\/epoca-de-crisis-neuroventas-vendele-a-la-mente-no-a-la-gente\/\",\"url\":\"https:\/\/www.celttv.com.ar\/index.php\/2019\/04\/05\/epoca-de-crisis-neuroventas-vendele-a-la-mente-no-a-la-gente\/\",\"name\":\"\\\"\u00c9poca\u00a0de Crisis: Neuroventas -\u00a0Vend\u00e9le a la mente, no a la gente\\\" - CELTTV\",\"isPartOf\":{\"@id\":\"https:\/\/www.celttv.com.ar\/#website\"},\"datePublished\":\"2019-04-05T20:54:53+00:00\",\"dateModified\":\"2019-04-05T20:54:53+00:00\",\"description\":\"Sitio web de noticias de la localidad de Tornquist, provincia de Buenos Aires, Rep\u00fablica Argentina. Contenido propio originado por periodistas de CELTTV, el canal de TV local de la Cooperativa El\u00e9ctrica de Tornquist. Turismo, Pol\u00edtica, Sociedad, Deporte, Cultura y todo el contenido de inter\u00e9s general que la gente del pueblo y la regi\u00f3n debe conocer.\",\"breadcrumb\":{\"@id\":\"https:\/\/www.celttv.com.ar\/index.php\/2019\/04\/05\/epoca-de-crisis-neuroventas-vendele-a-la-mente-no-a-la-gente\/#breadcrumb\"},\"inLanguage\":\"es\",\"potentialAction\":[{\"@type\":\"ReadAction\",\"target\":[\"https:\/\/www.celttv.com.ar\/index.php\/2019\/04\/05\/epoca-de-crisis-neuroventas-vendele-a-la-mente-no-a-la-gente\/\"]}]},{\"@type\":\"BreadcrumbList\",\"@id\":\"https:\/\/www.celttv.com.ar\/index.php\/2019\/04\/05\/epoca-de-crisis-neuroventas-vendele-a-la-mente-no-a-la-gente\/#breadcrumb\",\"itemListElement\":[{\"@type\":\"ListItem\",\"position\":1,\"name\":\"Inicio\",\"item\":\"https:\/\/www.celttv.com.ar\/\"},{\"@type\":\"ListItem\",\"position\":2,\"name\":\"&#8220;\u00c9poca\u00a0de Crisis: Neuroventas &#8211;\u00a0Vend\u00e9le a la mente, no a la gente&#8221;\"}]},{\"@type\":\"WebSite\",\"@id\":\"https:\/\/www.celttv.com.ar\/#website\",\"url\":\"https:\/\/www.celttv.com.ar\/\",\"name\":\"CELTTV\",\"description\":\"Cooperativa El\u00e9ctrica de Tornquist\",\"publisher\":{\"@id\":\"https:\/\/www.celttv.com.ar\/#organization\"},\"potentialAction\":[{\"@type\":\"SearchAction\",\"target\":{\"@type\":\"EntryPoint\",\"urlTemplate\":\"https:\/\/www.celttv.com.ar\/?s={search_term_string}\"},\"query-input\":\"required name=search_term_string\"}],\"inLanguage\":\"es\"},{\"@type\":\"Organization\",\"@id\":\"https:\/\/www.celttv.com.ar\/#organization\",\"name\":\"CELTTV\",\"url\":\"https:\/\/www.celttv.com.ar\/\",\"sameAs\":[\"https:\/\/www.youtube.com\/channel\/UCz_oIt8Hig64Ub-EmcNPIhg\",\"https:\/\/www.facebook.com\/celtTV\/\"],\"logo\":{\"@type\":\"ImageObject\",\"inLanguage\":\"es\",\"@id\":\"https:\/\/www.celttv.com.ar\/#\/schema\/logo\/image\/\",\"url\":\"http:\/\/www.celttv.com.ar\/wp-content\/uploads\/2022\/08\/logo-1.png\",\"contentUrl\":\"http:\/\/www.celttv.com.ar\/wp-content\/uploads\/2022\/08\/logo-1.png\",\"width\":461,\"height\":159,\"caption\":\"CELTTV\"},\"image\":{\"@id\":\"https:\/\/www.celttv.com.ar\/#\/schema\/logo\/image\/\"}},{\"@type\":\"Person\",\"@id\":\"https:\/\/www.celttv.com.ar\/#\/schema\/person\/6d99c072dba59953809c81446e9d0ace\",\"name\":\"ulises\",\"image\":{\"@type\":\"ImageObject\",\"inLanguage\":\"es\",\"@id\":\"https:\/\/www.celttv.com.ar\/#\/schema\/person\/image\/\",\"url\":\"https:\/\/secure.gravatar.com\/avatar\/7f2c48bdc33b30088f941fb6082e555f2874c98e20cb159d7b92b50eadfce793?s=96&d=mm&r=g\",\"contentUrl\":\"https:\/\/secure.gravatar.com\/avatar\/7f2c48bdc33b30088f941fb6082e555f2874c98e20cb159d7b92b50eadfce793?s=96&d=mm&r=g\",\"caption\":\"ulises\"},\"sameAs\":[\"http:\/\/www.celttv.com.ar\"]}]}<\/script>\n<!-- \/ Yoast SEO plugin. -->","yoast_head_json":{"title":"\"\u00c9poca\u00a0de Crisis: Neuroventas -\u00a0Vend\u00e9le a la mente, no a la gente\" - CELTTV","description":"Sitio web de noticias de la localidad de Tornquist, provincia de Buenos Aires, Rep\u00fablica Argentina. Contenido propio originado por periodistas de CELTTV, el canal de TV local de la Cooperativa El\u00e9ctrica de Tornquist. Turismo, Pol\u00edtica, Sociedad, Deporte, Cultura y todo el contenido de inter\u00e9s general que la gente del pueblo y la regi\u00f3n debe conocer.","robots":{"index":"index","follow":"follow","max-snippet":"max-snippet:-1","max-image-preview":"max-image-preview:large","max-video-preview":"max-video-preview:-1"},"canonical":"https:\/\/www.celttv.com.ar\/index.php\/2019\/04\/05\/epoca-de-crisis-neuroventas-vendele-a-la-mente-no-a-la-gente\/","og_locale":"es_ES","og_type":"article","og_title":"\"\u00c9poca\u00a0de Crisis: Neuroventas -\u00a0Vend\u00e9le a la mente, no a la gente\" - CELTTV","og_description":"Sitio web de noticias de la localidad de Tornquist, provincia de Buenos Aires, Rep\u00fablica Argentina. Contenido propio originado por periodistas de CELTTV, el canal de TV local de la Cooperativa El\u00e9ctrica de Tornquist. Turismo, Pol\u00edtica, Sociedad, Deporte, Cultura y todo el contenido de inter\u00e9s general que la gente del pueblo y la regi\u00f3n debe conocer.","og_url":"https:\/\/www.celttv.com.ar\/index.php\/2019\/04\/05\/epoca-de-crisis-neuroventas-vendele-a-la-mente-no-a-la-gente\/","og_site_name":"CELTTV","article_publisher":"https:\/\/www.facebook.com\/celtTV\/","article_published_time":"2019-04-05T20:54:53+00:00","og_image":[{"width":904,"height":1280,"url":"https:\/\/www.celttv.com.ar\/wp-content\/uploads\/2019\/04\/neuroventas.jpg","type":"image\/jpeg"}],"author":"ulises","twitter_card":"summary_large_image","twitter_misc":{"Escrito por":"ulises","Tiempo de lectura":"1 minuto"},"schema":{"@context":"https:\/\/schema.org","@graph":[{"@type":"NewsArticle","@id":"https:\/\/www.celttv.com.ar\/index.php\/2019\/04\/05\/epoca-de-crisis-neuroventas-vendele-a-la-mente-no-a-la-gente\/#article","isPartOf":{"@id":"https:\/\/www.celttv.com.ar\/index.php\/2019\/04\/05\/epoca-de-crisis-neuroventas-vendele-a-la-mente-no-a-la-gente\/"},"author":{"name":"ulises","@id":"https:\/\/www.celttv.com.ar\/#\/schema\/person\/6d99c072dba59953809c81446e9d0ace"},"headline":"&#8220;\u00c9poca\u00a0de Crisis: Neuroventas &#8211;\u00a0Vend\u00e9le a la mente, no a la gente&#8221;","datePublished":"2019-04-05T20:54:53+00:00","dateModified":"2019-04-05T20:54:53+00:00","mainEntityOfPage":{"@id":"https:\/\/www.celttv.com.ar\/index.php\/2019\/04\/05\/epoca-de-crisis-neuroventas-vendele-a-la-mente-no-a-la-gente\/"},"wordCount":143,"publisher":{"@id":"https:\/\/www.celttv.com.ar\/#organization"},"articleSection":["Comunidad","Destacadas"],"inLanguage":"es"},{"@type":"WebPage","@id":"https:\/\/www.celttv.com.ar\/index.php\/2019\/04\/05\/epoca-de-crisis-neuroventas-vendele-a-la-mente-no-a-la-gente\/","url":"https:\/\/www.celttv.com.ar\/index.php\/2019\/04\/05\/epoca-de-crisis-neuroventas-vendele-a-la-mente-no-a-la-gente\/","name":"\"\u00c9poca\u00a0de Crisis: Neuroventas -\u00a0Vend\u00e9le a la mente, no a la gente\" - CELTTV","isPartOf":{"@id":"https:\/\/www.celttv.com.ar\/#website"},"datePublished":"2019-04-05T20:54:53+00:00","dateModified":"2019-04-05T20:54:53+00:00","description":"Sitio web de noticias de la localidad de Tornquist, provincia de Buenos Aires, Rep\u00fablica Argentina. Contenido propio originado por periodistas de CELTTV, el canal de TV local de la Cooperativa El\u00e9ctrica de Tornquist. Turismo, Pol\u00edtica, Sociedad, Deporte, Cultura y todo el contenido de inter\u00e9s general que la gente del pueblo y la regi\u00f3n debe conocer.","breadcrumb":{"@id":"https:\/\/www.celttv.com.ar\/index.php\/2019\/04\/05\/epoca-de-crisis-neuroventas-vendele-a-la-mente-no-a-la-gente\/#breadcrumb"},"inLanguage":"es","potentialAction":[{"@type":"ReadAction","target":["https:\/\/www.celttv.com.ar\/index.php\/2019\/04\/05\/epoca-de-crisis-neuroventas-vendele-a-la-mente-no-a-la-gente\/"]}]},{"@type":"BreadcrumbList","@id":"https:\/\/www.celttv.com.ar\/index.php\/2019\/04\/05\/epoca-de-crisis-neuroventas-vendele-a-la-mente-no-a-la-gente\/#breadcrumb","itemListElement":[{"@type":"ListItem","position":1,"name":"Inicio","item":"https:\/\/www.celttv.com.ar\/"},{"@type":"ListItem","position":2,"name":"&#8220;\u00c9poca\u00a0de Crisis: Neuroventas &#8211;\u00a0Vend\u00e9le a la mente, no a la gente&#8221;"}]},{"@type":"WebSite","@id":"https:\/\/www.celttv.com.ar\/#website","url":"https:\/\/www.celttv.com.ar\/","name":"CELTTV","description":"Cooperativa El\u00e9ctrica de Tornquist","publisher":{"@id":"https:\/\/www.celttv.com.ar\/#organization"},"potentialAction":[{"@type":"SearchAction","target":{"@type":"EntryPoint","urlTemplate":"https:\/\/www.celttv.com.ar\/?s={search_term_string}"},"query-input":"required name=search_term_string"}],"inLanguage":"es"},{"@type":"Organization","@id":"https:\/\/www.celttv.com.ar\/#organization","name":"CELTTV","url":"https:\/\/www.celttv.com.ar\/","sameAs":["https:\/\/www.youtube.com\/channel\/UCz_oIt8Hig64Ub-EmcNPIhg","https:\/\/www.facebook.com\/celtTV\/"],"logo":{"@type":"ImageObject","inLanguage":"es","@id":"https:\/\/www.celttv.com.ar\/#\/schema\/logo\/image\/","url":"http:\/\/www.celttv.com.ar\/wp-content\/uploads\/2022\/08\/logo-1.png","contentUrl":"http:\/\/www.celttv.com.ar\/wp-content\/uploads\/2022\/08\/logo-1.png","width":461,"height":159,"caption":"CELTTV"},"image":{"@id":"https:\/\/www.celttv.com.ar\/#\/schema\/logo\/image\/"}},{"@type":"Person","@id":"https:\/\/www.celttv.com.ar\/#\/schema\/person\/6d99c072dba59953809c81446e9d0ace","name":"ulises","image":{"@type":"ImageObject","inLanguage":"es","@id":"https:\/\/www.celttv.com.ar\/#\/schema\/person\/image\/","url":"https:\/\/secure.gravatar.com\/avatar\/7f2c48bdc33b30088f941fb6082e555f2874c98e20cb159d7b92b50eadfce793?s=96&d=mm&r=g","contentUrl":"https:\/\/secure.gravatar.com\/avatar\/7f2c48bdc33b30088f941fb6082e555f2874c98e20cb159d7b92b50eadfce793?s=96&d=mm&r=g","caption":"ulises"},"sameAs":["http:\/\/www.celttv.com.ar"]}]}},"_links":{"self":[{"href":"https:\/\/www.celttv.com.ar\/index.php\/wp-json\/wp\/v2\/posts\/40821","targetHints":{"allow":["GET"]}}],"collection":[{"href":"https:\/\/www.celttv.com.ar\/index.php\/wp-json\/wp\/v2\/posts"}],"about":[{"href":"https:\/\/www.celttv.com.ar\/index.php\/wp-json\/wp\/v2\/types\/post"}],"author":[{"embeddable":true,"href":"https:\/\/www.celttv.com.ar\/index.php\/wp-json\/wp\/v2\/users\/1"}],"replies":[{"embeddable":true,"href":"https:\/\/www.celttv.com.ar\/index.php\/wp-json\/wp\/v2\/comments?post=40821"}],"version-history":[{"count":0,"href":"https:\/\/www.celttv.com.ar\/index.php\/wp-json\/wp\/v2\/posts\/40821\/revisions"}],"wp:featuredmedia":[{"embeddable":true,"href":"https:\/\/www.celttv.com.ar\/index.php\/wp-json\/wp\/v2\/media\/40822"}],"wp:attachment":[{"href":"https:\/\/www.celttv.com.ar\/index.php\/wp-json\/wp\/v2\/media?parent=40821"}],"wp:term":[{"taxonomy":"category","embeddable":true,"href":"https:\/\/www.celttv.com.ar\/index.php\/wp-json\/wp\/v2\/categories?post=40821"},{"taxonomy":"post_tag","embeddable":true,"href":"https:\/\/www.celttv.com.ar\/index.php\/wp-json\/wp\/v2\/tags?post=40821"}],"curies":[{"name":"wp","href":"https:\/\/api.w.org\/{rel}","templated":true}]}}