{"id":40824,"date":"2019-04-06T00:27:39","date_gmt":"2019-04-06T00:27:39","guid":{"rendered":"http:\/\/www.celttv.com.ar\/?p=40824"},"modified":"2019-04-06T00:27:39","modified_gmt":"2019-04-06T00:27:39","slug":"la-escuelita-azulgrana-tuvo-su-primer-encuentro-del-ano-fotos","status":"publish","type":"post","link":"https:\/\/www.celttv.com.ar\/index.php\/2019\/04\/06\/la-escuelita-azulgrana-tuvo-su-primer-encuentro-del-ano-fotos\/","title":{"rendered":"La Escuelita Azulgrana tuvo su primer encuentro del a\u00f1o (Fotos)"},"content":{"rendered":"<p>En su primera participaci\u00f3n de la temporada, la Escuelita Azulgrana viaj\u00f3 a Pig\u00fc\u00e9 para jugar en el encuentro organizado por Uni\u00f3n de esa ciudad.<\/p>\n<p>Un muy buen n\u00famero de jugadores azulgranas le dieron vida a la delegaci\u00f3n que form\u00f3 parte de la iniciativa, que tambi\u00e9n cont\u00f3 con la presencia de Tiro Federal de Puan, Uni\u00f3n de Tornquist, Deportivo Argentino, Club Sarmiento, Pe\u00f1arol de Pig\u00fc\u00e9 y el equipo anfitri\u00f3n.<\/p>\n<p>Los chicos viajaron acompa\u00f1ados por los profesores Juli\u00e1n Toy, Sof\u00eda Urriaga, Hern\u00e1n Bilbao, Ezequiel Mart\u00edn y Agust\u00edn Franco.<\/p>\n<p>Representaron a Automoto los siguientes chicos:<\/p>\n<ul>\n<li>Categor\u00eda 2008: Franco Tejeda, Francesco Mutti, Robertino Rossi, Alen Gim\u00e9nez, Francisco Meriggi, Nahuel Garc\u00eda, Santiago Ram\u00edn, Alexis Ferreyra Meder, Juan Cabrera, Benjam\u00edn Gallo, Francisco Auc\u00f1a, Santiago Oro\u00f1o y Kalen Scarafia.<\/li>\n<li>Categor\u00eda 2009: Bautista Schwab, Ian Borches, Facundo Abalos, Nazareno Verdinelli, Franco Bual\u00f3, Uriel D\u00edaz, Juan Ignacio Abreg\u00fa, Kevin Ferreyra, Ignacio Romero, Lucas Funes, Miguel Vera, Alejandro Aguado y Brigthon Luberriaga.<\/li>\n<li>Categor\u00edas 2010: Bautista Marconi, Franchesco labat, Pedrito Braun, Francisco Tobares, Agust\u00edn Del P\u00f3, Lautaro Del P\u00f3, Juan Melchior Bras, Valentino Sgammini, Valentino Braun, Kevin Sep\u00falveda y Brian Holl.<\/li>\n<li>Categor\u00eda 2011: Santino Cartuccia, Bautista Contreras, Francisco Lambichi, Francisco L\u00f6ffler, Mateo Hansel, Uriam Di\u00f3cares, Dilan Storm, Santino Storm, Kevin Medina, Laureano Esquivel, Miqueas Figueroa, Thiago N\u00fa\u00f1ez y Francisco Brau.<\/li>\n<li>Categor\u00eda 2012: Ciro Meriggi, Benicio Ant\u00f3n, Faundo Torsani, Juan M. Buitrago, Juan Bonzini, Miqueas Mart\u00ednez, Yail Cabrera e Iker Vel\u00e1zquez.<\/li>\n<li>Categor\u00eda 2013: Dante Urriaga, Francisco Cartuccia, Ian Villar, Valentino Giampieri, Gregorio Mart\u00ednez, Zoe Borches, Agust\u00edn Meriggi y Marcos Cisternas.<\/li>\n<\/ul>\n<p>Los profesores agradece a los padres que viajaron hasta Pig\u00fc\u00e9 para acompa\u00f1ar a la delegaci\u00f3n y disfrutar de un d\u00eda de recreaci\u00f3n, juego y compa\u00f1erismo.<\/p>\n<p>&nbsp;<\/p>\n<p>Departamento de Prensa \u2013 Automoto Club Deportivo<\/p>\n<p>www.clubautomotopasion.com.ar<\/p>\n<p>Facebook: \/automototornquist<\/p>\n<p>Twitter: @ClubAutomoto<\/p>\n<p>YouTube: acdtvideos<\/p>\n<p><a href=\"http:\/\/www.celttv.com.ar\/?attachment_id=40825\" rel=\"attachment wp-att-40825\"><img loading=\"lazy\" decoding=\"async\" class=\"alignleft size-full wp-image-40825\" src=\"http:\/\/www.celttv.com.ar\/wp-content\/uploads\/2019\/04\/01-4.jpg\" alt=\"\" width=\"1280\" height=\"720\" srcset=\"https:\/\/www.celttv.com.ar\/wp-content\/uploads\/2019\/04\/01-4.jpg 1280w, https:\/\/www.celttv.com.ar\/wp-content\/uploads\/2019\/04\/01-4-300x169.jpg 300w, https:\/\/www.celttv.com.ar\/wp-content\/uploads\/2019\/04\/01-4-1024x576.jpg 1024w, https:\/\/www.celttv.com.ar\/wp-content\/uploads\/2019\/04\/01-4-768x432.jpg 768w, https:\/\/www.celttv.com.ar\/wp-content\/uploads\/2019\/04\/01-4-750x422.jpg 750w, https:\/\/www.celttv.com.ar\/wp-content\/uploads\/2019\/04\/01-4-1140x641.jpg 1140w\" sizes=\"auto, (max-width: 1280px) 100vw, 1280px\" \/><\/a> <a href=\"http:\/\/www.celttv.com.ar\/?attachment_id=40826\" rel=\"attachment wp-att-40826\"><img loading=\"lazy\" decoding=\"async\" class=\"alignleft size-medium wp-image-40826\" src=\"http:\/\/www.celttv.com.ar\/wp-content\/uploads\/2019\/04\/03-4.jpg\" alt=\"\" width=\"780\" height=\"585\" srcset=\"https:\/\/www.celttv.com.ar\/wp-content\/uploads\/2019\/04\/03-4.jpg 1040w, https:\/\/www.celttv.com.ar\/wp-content\/uploads\/2019\/04\/03-4-300x225.jpg 300w, https:\/\/www.celttv.com.ar\/wp-content\/uploads\/2019\/04\/03-4-1024x768.jpg 1024w, https:\/\/www.celttv.com.ar\/wp-content\/uploads\/2019\/04\/03-4-768x576.jpg 768w, https:\/\/www.celttv.com.ar\/wp-content\/uploads\/2019\/04\/03-4-750x563.jpg 750w\" sizes=\"auto, (max-width: 780px) 100vw, 780px\" \/><\/a> <a href=\"http:\/\/www.celttv.com.ar\/?attachment_id=40827\" rel=\"attachment wp-att-40827\"><img loading=\"lazy\" decoding=\"async\" class=\"alignleft size-medium wp-image-40827\" src=\"http:\/\/www.celttv.com.ar\/wp-content\/uploads\/2019\/04\/04-2.jpg\" alt=\"\" width=\"780\" height=\"585\" srcset=\"https:\/\/www.celttv.com.ar\/wp-content\/uploads\/2019\/04\/04-2.jpg 1040w, https:\/\/www.celttv.com.ar\/wp-content\/uploads\/2019\/04\/04-2-300x225.jpg 300w, https:\/\/www.celttv.com.ar\/wp-content\/uploads\/2019\/04\/04-2-1024x768.jpg 1024w, https:\/\/www.celttv.com.ar\/wp-content\/uploads\/2019\/04\/04-2-768x576.jpg 768w, https:\/\/www.celttv.com.ar\/wp-content\/uploads\/2019\/04\/04-2-750x563.jpg 750w\" sizes=\"auto, (max-width: 780px) 100vw, 780px\" \/><\/a> <a href=\"http:\/\/www.celttv.com.ar\/?attachment_id=40828\" rel=\"attachment wp-att-40828\"><img loading=\"lazy\" decoding=\"async\" class=\"alignleft size-medium wp-image-40828\" src=\"http:\/\/www.celttv.com.ar\/wp-content\/uploads\/2019\/04\/05-3.jpg\" alt=\"\" width=\"780\" height=\"585\" srcset=\"https:\/\/www.celttv.com.ar\/wp-content\/uploads\/2019\/04\/05-3.jpg 1040w, https:\/\/www.celttv.com.ar\/wp-content\/uploads\/2019\/04\/05-3-300x225.jpg 300w, https:\/\/www.celttv.com.ar\/wp-content\/uploads\/2019\/04\/05-3-1024x768.jpg 1024w, https:\/\/www.celttv.com.ar\/wp-content\/uploads\/2019\/04\/05-3-768x576.jpg 768w, https:\/\/www.celttv.com.ar\/wp-content\/uploads\/2019\/04\/05-3-750x563.jpg 750w\" sizes=\"auto, (max-width: 780px) 100vw, 780px\" \/><\/a> <a href=\"http:\/\/www.celttv.com.ar\/?attachment_id=40829\" rel=\"attachment wp-att-40829\"><img loading=\"lazy\" decoding=\"async\" class=\"alignleft size-medium wp-image-40829\" src=\"http:\/\/www.celttv.com.ar\/wp-content\/uploads\/2019\/04\/06-2.jpg\" alt=\"\" width=\"780\" height=\"585\" srcset=\"https:\/\/www.celttv.com.ar\/wp-content\/uploads\/2019\/04\/06-2.jpg 1040w, https:\/\/www.celttv.com.ar\/wp-content\/uploads\/2019\/04\/06-2-300x225.jpg 300w, https:\/\/www.celttv.com.ar\/wp-content\/uploads\/2019\/04\/06-2-1024x768.jpg 1024w, https:\/\/www.celttv.com.ar\/wp-content\/uploads\/2019\/04\/06-2-768x576.jpg 768w, https:\/\/www.celttv.com.ar\/wp-content\/uploads\/2019\/04\/06-2-750x563.jpg 750w\" sizes=\"auto, (max-width: 780px) 100vw, 780px\" \/><\/a><\/p>\n","protected":false},"excerpt":{"rendered":"<p>En su primera participaci\u00f3n de la temporada, la Escuelita Azulgrana viaj\u00f3 a Pig\u00fc\u00e9 para jugar en el encuentro organizado por Uni\u00f3n de esa ciudad. Un muy buen n\u00famero de jugadores azulgranas le dieron vida a la delegaci\u00f3n que form\u00f3 parte de la iniciativa, que tambi\u00e9n cont\u00f3 con la presencia de Tiro Federal de Puan, Uni\u00f3n [&hellip;]<\/p>\n","protected":false},"author":1,"featured_media":40827,"comment_status":"closed","ping_status":"open","sticky":false,"template":"","format":"standard","meta":{"footnotes":""},"categories":[55,60,52,63],"tags":[],"class_list":["post-40824","post","type-post","status-publish","format-standard","has-post-thumbnail","hentry","category-celt-tv-noticias","category-deporte","category-destacadas","category-magazine-sport"],"yoast_head":"<!-- This site is optimized with the Yoast SEO plugin v19.7.1 - https:\/\/yoast.com\/wordpress\/plugins\/seo\/ -->\n<title>La Escuelita Azulgrana tuvo su primer encuentro del a\u00f1o (Fotos) - CELTTV<\/title>\n<meta name=\"description\" content=\"Sitio web de noticias de la localidad de Tornquist, provincia de Buenos Aires, Rep\u00fablica Argentina. Contenido propio originado por periodistas de CELTTV, el canal de TV local de la Cooperativa El\u00e9ctrica de Tornquist. Turismo, Pol\u00edtica, Sociedad, Deporte, Cultura y todo el contenido de inter\u00e9s general que la gente del pueblo y la regi\u00f3n debe conocer.\" \/>\n<meta name=\"robots\" content=\"index, follow, max-snippet:-1, max-image-preview:large, max-video-preview:-1\" \/>\n<link rel=\"canonical\" href=\"https:\/\/www.celttv.com.ar\/index.php\/2019\/04\/06\/la-escuelita-azulgrana-tuvo-su-primer-encuentro-del-ano-fotos\/\" \/>\n<meta property=\"og:locale\" content=\"es_ES\" \/>\n<meta property=\"og:type\" content=\"article\" \/>\n<meta property=\"og:title\" content=\"La Escuelita Azulgrana tuvo su primer encuentro del a\u00f1o (Fotos) - CELTTV\" \/>\n<meta property=\"og:description\" content=\"Sitio web de noticias de la localidad de Tornquist, provincia de Buenos Aires, Rep\u00fablica Argentina. Contenido propio originado por periodistas de CELTTV, el canal de TV local de la Cooperativa El\u00e9ctrica de Tornquist. Turismo, Pol\u00edtica, Sociedad, Deporte, Cultura y todo el contenido de inter\u00e9s general que la gente del pueblo y la regi\u00f3n debe conocer.\" \/>\n<meta property=\"og:url\" content=\"https:\/\/www.celttv.com.ar\/index.php\/2019\/04\/06\/la-escuelita-azulgrana-tuvo-su-primer-encuentro-del-ano-fotos\/\" \/>\n<meta property=\"og:site_name\" content=\"CELTTV\" \/>\n<meta property=\"article:publisher\" content=\"https:\/\/www.facebook.com\/celtTV\/\" \/>\n<meta property=\"article:published_time\" content=\"2019-04-06T00:27:39+00:00\" \/>\n<meta property=\"og:image\" content=\"https:\/\/www.celttv.com.ar\/wp-content\/uploads\/2019\/04\/04-2.jpg\" \/>\n\t<meta property=\"og:image:width\" content=\"1040\" \/>\n\t<meta property=\"og:image:height\" content=\"780\" \/>\n\t<meta property=\"og:image:type\" content=\"image\/jpeg\" \/>\n<meta name=\"author\" content=\"ulises\" \/>\n<meta name=\"twitter:card\" content=\"summary_large_image\" \/>\n<meta name=\"twitter:label1\" content=\"Escrito por\" \/>\n\t<meta name=\"twitter:data1\" content=\"ulises\" \/>\n\t<meta name=\"twitter:label2\" content=\"Tiempo de lectura\" \/>\n\t<meta name=\"twitter:data2\" content=\"2 minutos\" \/>\n<script type=\"application\/ld+json\" class=\"yoast-schema-graph\">{\"@context\":\"https:\/\/schema.org\",\"@graph\":[{\"@type\":\"NewsArticle\",\"@id\":\"https:\/\/www.celttv.com.ar\/index.php\/2019\/04\/06\/la-escuelita-azulgrana-tuvo-su-primer-encuentro-del-ano-fotos\/#article\",\"isPartOf\":{\"@id\":\"https:\/\/www.celttv.com.ar\/index.php\/2019\/04\/06\/la-escuelita-azulgrana-tuvo-su-primer-encuentro-del-ano-fotos\/\"},\"author\":{\"name\":\"ulises\",\"@id\":\"https:\/\/www.celttv.com.ar\/#\/schema\/person\/6d99c072dba59953809c81446e9d0ace\"},\"headline\":\"La Escuelita Azulgrana tuvo su primer encuentro del a\u00f1o (Fotos)\",\"datePublished\":\"2019-04-06T00:27:39+00:00\",\"dateModified\":\"2019-04-06T00:27:39+00:00\",\"mainEntityOfPage\":{\"@id\":\"https:\/\/www.celttv.com.ar\/index.php\/2019\/04\/06\/la-escuelita-azulgrana-tuvo-su-primer-encuentro-del-ano-fotos\/\"},\"wordCount\":337,\"publisher\":{\"@id\":\"https:\/\/www.celttv.com.ar\/#organization\"},\"articleSection\":[\"Celt TV Noticias\",\"Deporte\",\"Destacadas\",\"Magazine Sport\"],\"inLanguage\":\"es\"},{\"@type\":\"WebPage\",\"@id\":\"https:\/\/www.celttv.com.ar\/index.php\/2019\/04\/06\/la-escuelita-azulgrana-tuvo-su-primer-encuentro-del-ano-fotos\/\",\"url\":\"https:\/\/www.celttv.com.ar\/index.php\/2019\/04\/06\/la-escuelita-azulgrana-tuvo-su-primer-encuentro-del-ano-fotos\/\",\"name\":\"La Escuelita Azulgrana tuvo su primer encuentro del a\u00f1o (Fotos) - CELTTV\",\"isPartOf\":{\"@id\":\"https:\/\/www.celttv.com.ar\/#website\"},\"datePublished\":\"2019-04-06T00:27:39+00:00\",\"dateModified\":\"2019-04-06T00:27:39+00:00\",\"description\":\"Sitio web de noticias de la localidad de Tornquist, provincia de Buenos Aires, Rep\u00fablica Argentina. Contenido propio originado por periodistas de CELTTV, el canal de TV local de la Cooperativa El\u00e9ctrica de Tornquist. Turismo, Pol\u00edtica, Sociedad, Deporte, Cultura y todo el contenido de inter\u00e9s general que la gente del pueblo y la regi\u00f3n debe conocer.\",\"breadcrumb\":{\"@id\":\"https:\/\/www.celttv.com.ar\/index.php\/2019\/04\/06\/la-escuelita-azulgrana-tuvo-su-primer-encuentro-del-ano-fotos\/#breadcrumb\"},\"inLanguage\":\"es\",\"potentialAction\":[{\"@type\":\"ReadAction\",\"target\":[\"https:\/\/www.celttv.com.ar\/index.php\/2019\/04\/06\/la-escuelita-azulgrana-tuvo-su-primer-encuentro-del-ano-fotos\/\"]}]},{\"@type\":\"BreadcrumbList\",\"@id\":\"https:\/\/www.celttv.com.ar\/index.php\/2019\/04\/06\/la-escuelita-azulgrana-tuvo-su-primer-encuentro-del-ano-fotos\/#breadcrumb\",\"itemListElement\":[{\"@type\":\"ListItem\",\"position\":1,\"name\":\"Inicio\",\"item\":\"https:\/\/www.celttv.com.ar\/\"},{\"@type\":\"ListItem\",\"position\":2,\"name\":\"La Escuelita Azulgrana tuvo su primer encuentro del a\u00f1o (Fotos)\"}]},{\"@type\":\"WebSite\",\"@id\":\"https:\/\/www.celttv.com.ar\/#website\",\"url\":\"https:\/\/www.celttv.com.ar\/\",\"name\":\"CELTTV\",\"description\":\"Cooperativa El\u00e9ctrica de Tornquist\",\"publisher\":{\"@id\":\"https:\/\/www.celttv.com.ar\/#organization\"},\"potentialAction\":[{\"@type\":\"SearchAction\",\"target\":{\"@type\":\"EntryPoint\",\"urlTemplate\":\"https:\/\/www.celttv.com.ar\/?s={search_term_string}\"},\"query-input\":\"required name=search_term_string\"}],\"inLanguage\":\"es\"},{\"@type\":\"Organization\",\"@id\":\"https:\/\/www.celttv.com.ar\/#organization\",\"name\":\"CELTTV\",\"url\":\"https:\/\/www.celttv.com.ar\/\",\"sameAs\":[\"https:\/\/www.youtube.com\/channel\/UCz_oIt8Hig64Ub-EmcNPIhg\",\"https:\/\/www.facebook.com\/celtTV\/\"],\"logo\":{\"@type\":\"ImageObject\",\"inLanguage\":\"es\",\"@id\":\"https:\/\/www.celttv.com.ar\/#\/schema\/logo\/image\/\",\"url\":\"http:\/\/www.celttv.com.ar\/wp-content\/uploads\/2022\/08\/logo-1.png\",\"contentUrl\":\"http:\/\/www.celttv.com.ar\/wp-content\/uploads\/2022\/08\/logo-1.png\",\"width\":461,\"height\":159,\"caption\":\"CELTTV\"},\"image\":{\"@id\":\"https:\/\/www.celttv.com.ar\/#\/schema\/logo\/image\/\"}},{\"@type\":\"Person\",\"@id\":\"https:\/\/www.celttv.com.ar\/#\/schema\/person\/6d99c072dba59953809c81446e9d0ace\",\"name\":\"ulises\",\"image\":{\"@type\":\"ImageObject\",\"inLanguage\":\"es\",\"@id\":\"https:\/\/www.celttv.com.ar\/#\/schema\/person\/image\/\",\"url\":\"https:\/\/secure.gravatar.com\/avatar\/7f2c48bdc33b30088f941fb6082e555f2874c98e20cb159d7b92b50eadfce793?s=96&d=mm&r=g\",\"contentUrl\":\"https:\/\/secure.gravatar.com\/avatar\/7f2c48bdc33b30088f941fb6082e555f2874c98e20cb159d7b92b50eadfce793?s=96&d=mm&r=g\",\"caption\":\"ulises\"},\"sameAs\":[\"http:\/\/www.celttv.com.ar\"]}]}<\/script>\n<!-- \/ Yoast SEO plugin. -->","yoast_head_json":{"title":"La Escuelita Azulgrana tuvo su primer encuentro del a\u00f1o (Fotos) - CELTTV","description":"Sitio web de noticias de la localidad de Tornquist, provincia de Buenos Aires, Rep\u00fablica Argentina. Contenido propio originado por periodistas de CELTTV, el canal de TV local de la Cooperativa El\u00e9ctrica de Tornquist. Turismo, Pol\u00edtica, Sociedad, Deporte, Cultura y todo el contenido de inter\u00e9s general que la gente del pueblo y la regi\u00f3n debe conocer.","robots":{"index":"index","follow":"follow","max-snippet":"max-snippet:-1","max-image-preview":"max-image-preview:large","max-video-preview":"max-video-preview:-1"},"canonical":"https:\/\/www.celttv.com.ar\/index.php\/2019\/04\/06\/la-escuelita-azulgrana-tuvo-su-primer-encuentro-del-ano-fotos\/","og_locale":"es_ES","og_type":"article","og_title":"La Escuelita Azulgrana tuvo su primer encuentro del a\u00f1o (Fotos) - CELTTV","og_description":"Sitio web de noticias de la localidad de Tornquist, provincia de Buenos Aires, Rep\u00fablica Argentina. Contenido propio originado por periodistas de CELTTV, el canal de TV local de la Cooperativa El\u00e9ctrica de Tornquist. Turismo, Pol\u00edtica, Sociedad, Deporte, Cultura y todo el contenido de inter\u00e9s general que la gente del pueblo y la regi\u00f3n debe conocer.","og_url":"https:\/\/www.celttv.com.ar\/index.php\/2019\/04\/06\/la-escuelita-azulgrana-tuvo-su-primer-encuentro-del-ano-fotos\/","og_site_name":"CELTTV","article_publisher":"https:\/\/www.facebook.com\/celtTV\/","article_published_time":"2019-04-06T00:27:39+00:00","og_image":[{"width":1040,"height":780,"url":"https:\/\/www.celttv.com.ar\/wp-content\/uploads\/2019\/04\/04-2.jpg","type":"image\/jpeg"}],"author":"ulises","twitter_card":"summary_large_image","twitter_misc":{"Escrito por":"ulises","Tiempo de lectura":"2 minutos"},"schema":{"@context":"https:\/\/schema.org","@graph":[{"@type":"NewsArticle","@id":"https:\/\/www.celttv.com.ar\/index.php\/2019\/04\/06\/la-escuelita-azulgrana-tuvo-su-primer-encuentro-del-ano-fotos\/#article","isPartOf":{"@id":"https:\/\/www.celttv.com.ar\/index.php\/2019\/04\/06\/la-escuelita-azulgrana-tuvo-su-primer-encuentro-del-ano-fotos\/"},"author":{"name":"ulises","@id":"https:\/\/www.celttv.com.ar\/#\/schema\/person\/6d99c072dba59953809c81446e9d0ace"},"headline":"La Escuelita Azulgrana tuvo su primer encuentro del a\u00f1o (Fotos)","datePublished":"2019-04-06T00:27:39+00:00","dateModified":"2019-04-06T00:27:39+00:00","mainEntityOfPage":{"@id":"https:\/\/www.celttv.com.ar\/index.php\/2019\/04\/06\/la-escuelita-azulgrana-tuvo-su-primer-encuentro-del-ano-fotos\/"},"wordCount":337,"publisher":{"@id":"https:\/\/www.celttv.com.ar\/#organization"},"articleSection":["Celt TV Noticias","Deporte","Destacadas","Magazine Sport"],"inLanguage":"es"},{"@type":"WebPage","@id":"https:\/\/www.celttv.com.ar\/index.php\/2019\/04\/06\/la-escuelita-azulgrana-tuvo-su-primer-encuentro-del-ano-fotos\/","url":"https:\/\/www.celttv.com.ar\/index.php\/2019\/04\/06\/la-escuelita-azulgrana-tuvo-su-primer-encuentro-del-ano-fotos\/","name":"La Escuelita Azulgrana tuvo su primer encuentro del a\u00f1o (Fotos) - CELTTV","isPartOf":{"@id":"https:\/\/www.celttv.com.ar\/#website"},"datePublished":"2019-04-06T00:27:39+00:00","dateModified":"2019-04-06T00:27:39+00:00","description":"Sitio web de noticias de la localidad de Tornquist, provincia de Buenos Aires, Rep\u00fablica Argentina. Contenido propio originado por periodistas de CELTTV, el canal de TV local de la Cooperativa El\u00e9ctrica de Tornquist. Turismo, Pol\u00edtica, Sociedad, Deporte, Cultura y todo el contenido de inter\u00e9s general que la gente del pueblo y la regi\u00f3n debe conocer.","breadcrumb":{"@id":"https:\/\/www.celttv.com.ar\/index.php\/2019\/04\/06\/la-escuelita-azulgrana-tuvo-su-primer-encuentro-del-ano-fotos\/#breadcrumb"},"inLanguage":"es","potentialAction":[{"@type":"ReadAction","target":["https:\/\/www.celttv.com.ar\/index.php\/2019\/04\/06\/la-escuelita-azulgrana-tuvo-su-primer-encuentro-del-ano-fotos\/"]}]},{"@type":"BreadcrumbList","@id":"https:\/\/www.celttv.com.ar\/index.php\/2019\/04\/06\/la-escuelita-azulgrana-tuvo-su-primer-encuentro-del-ano-fotos\/#breadcrumb","itemListElement":[{"@type":"ListItem","position":1,"name":"Inicio","item":"https:\/\/www.celttv.com.ar\/"},{"@type":"ListItem","position":2,"name":"La Escuelita Azulgrana tuvo su primer encuentro del a\u00f1o (Fotos)"}]},{"@type":"WebSite","@id":"https:\/\/www.celttv.com.ar\/#website","url":"https:\/\/www.celttv.com.ar\/","name":"CELTTV","description":"Cooperativa El\u00e9ctrica de Tornquist","publisher":{"@id":"https:\/\/www.celttv.com.ar\/#organization"},"potentialAction":[{"@type":"SearchAction","target":{"@type":"EntryPoint","urlTemplate":"https:\/\/www.celttv.com.ar\/?s={search_term_string}"},"query-input":"required name=search_term_string"}],"inLanguage":"es"},{"@type":"Organization","@id":"https:\/\/www.celttv.com.ar\/#organization","name":"CELTTV","url":"https:\/\/www.celttv.com.ar\/","sameAs":["https:\/\/www.youtube.com\/channel\/UCz_oIt8Hig64Ub-EmcNPIhg","https:\/\/www.facebook.com\/celtTV\/"],"logo":{"@type":"ImageObject","inLanguage":"es","@id":"https:\/\/www.celttv.com.ar\/#\/schema\/logo\/image\/","url":"http:\/\/www.celttv.com.ar\/wp-content\/uploads\/2022\/08\/logo-1.png","contentUrl":"http:\/\/www.celttv.com.ar\/wp-content\/uploads\/2022\/08\/logo-1.png","width":461,"height":159,"caption":"CELTTV"},"image":{"@id":"https:\/\/www.celttv.com.ar\/#\/schema\/logo\/image\/"}},{"@type":"Person","@id":"https:\/\/www.celttv.com.ar\/#\/schema\/person\/6d99c072dba59953809c81446e9d0ace","name":"ulises","image":{"@type":"ImageObject","inLanguage":"es","@id":"https:\/\/www.celttv.com.ar\/#\/schema\/person\/image\/","url":"https:\/\/secure.gravatar.com\/avatar\/7f2c48bdc33b30088f941fb6082e555f2874c98e20cb159d7b92b50eadfce793?s=96&d=mm&r=g","contentUrl":"https:\/\/secure.gravatar.com\/avatar\/7f2c48bdc33b30088f941fb6082e555f2874c98e20cb159d7b92b50eadfce793?s=96&d=mm&r=g","caption":"ulises"},"sameAs":["http:\/\/www.celttv.com.ar"]}]}},"_links":{"self":[{"href":"https:\/\/www.celttv.com.ar\/index.php\/wp-json\/wp\/v2\/posts\/40824","targetHints":{"allow":["GET"]}}],"collection":[{"href":"https:\/\/www.celttv.com.ar\/index.php\/wp-json\/wp\/v2\/posts"}],"about":[{"href":"https:\/\/www.celttv.com.ar\/index.php\/wp-json\/wp\/v2\/types\/post"}],"author":[{"embeddable":true,"href":"https:\/\/www.celttv.com.ar\/index.php\/wp-json\/wp\/v2\/users\/1"}],"replies":[{"embeddable":true,"href":"https:\/\/www.celttv.com.ar\/index.php\/wp-json\/wp\/v2\/comments?post=40824"}],"version-history":[{"count":0,"href":"https:\/\/www.celttv.com.ar\/index.php\/wp-json\/wp\/v2\/posts\/40824\/revisions"}],"wp:featuredmedia":[{"embeddable":true,"href":"https:\/\/www.celttv.com.ar\/index.php\/wp-json\/wp\/v2\/media\/40827"}],"wp:attachment":[{"href":"https:\/\/www.celttv.com.ar\/index.php\/wp-json\/wp\/v2\/media?parent=40824"}],"wp:term":[{"taxonomy":"category","embeddable":true,"href":"https:\/\/www.celttv.com.ar\/index.php\/wp-json\/wp\/v2\/categories?post=40824"},{"taxonomy":"post_tag","embeddable":true,"href":"https:\/\/www.celttv.com.ar\/index.php\/wp-json\/wp\/v2\/tags?post=40824"}],"curies":[{"name":"wp","href":"https:\/\/api.w.org\/{rel}","templated":true}]}}