{"id":40831,"date":"2019-04-06T00:35:32","date_gmt":"2019-04-06T00:35:32","guid":{"rendered":"http:\/\/www.celttv.com.ar\/?p=40831"},"modified":"2019-04-06T00:35:32","modified_gmt":"2019-04-06T00:35:32","slug":"tornquist-municipio-estuvo-presente-en-la-primera-reunion-anual-de-coprotur","status":"publish","type":"post","link":"https:\/\/www.celttv.com.ar\/index.php\/2019\/04\/06\/tornquist-municipio-estuvo-presente-en-la-primera-reunion-anual-de-coprotur\/","title":{"rendered":"Tornquist Municipio estuvo presente en la primera reuni\u00f3n anual de Coprotur"},"content":{"rendered":"<p>Se realiz\u00f3 en la localidad de Miramar, la primera reuni\u00f3n anual del Consejo Provincial de Turismo (Coprotur), que estuvo presidida por la Subsecretaria de Turismo de la Provincia de Buenos Aires, Martina Pikielny. La Secretaria de Turismo, Susana Dos Santos, cumpliendo con su rol de presidente del polo 5 (representando a la regi\u00f3n del sudoeste) particip\u00f3 de la misma, junto a referentes de los polos tur\u00edsticos, representantes del sector privado y del \u00e1mbito acad\u00e9mico, entre ellos, Gustavo Alarc\u00f3n (Banco Provincia), M\u00f3nica Portella (Fehgra), Julio Salinas (AHT), Esteban Zaballa (Colegio de Profesionales en Turismo), Ane Miren Diez Alberdi y Ema Hormaechea (Universidad Provincial de Ezeiza).<br \/>\nDurante el encuentro se abordaron distintos ejes, como la participaci\u00f3n de los municipios en las ferias anuales, acciones de promoci\u00f3n tur\u00edstica; conectividad y accesibilidad, registro de hoteler\u00eda, calendario tur\u00edstico y capacitaciones.<br \/>\nLa titular de la cartera bonaerense, afirm\u00f3: \u201cHemos logrado crear un espacio de confianza para poder hablar de los temas y problem\u00e1ticas del sector. Este primer encuentro del a\u00f1o nos permite impulsar propuestas y acciones para beneficiar la inversi\u00f3n p\u00fablica y privada en turismo, romper la estacionalidad y pensar en la temporada baja en conjunto para que el turista encuentre siempre un lugar adonde quiere ir y sobre todo volver\u00b4\u201d. Adem\u00e1s valor\u00f3: \u201cel gran trabajo que est\u00e1n realizando en cada destino de la provincia para que cada turista que llega, lo hagan sentir en su hogar y le demuestren que Buenos Aires es mucho m\u00e1s de lo que cre\u00edan\u201d.<br \/>\nCoprotur tiene como objetivo generar y fomentar un espacio que dinamice el dialogo, entre los distintos actores que intervienen en la actividad tur\u00edstica, para promover el desarrollo del sector.<br \/>\nTambi\u00e9n estuvieron presentes, la Directora Provincial de Promoci\u00f3n Tur\u00edstica, Patricia Carmona y el titular de Desarrollo, Calidad y Coordinaci\u00f3n Tur\u00edstica, Nicol\u00e1s Russo.<\/p>\n<p><a href=\"http:\/\/www.celttv.com.ar\/?attachment_id=40832\" rel=\"attachment wp-att-40832\"><img loading=\"lazy\" decoding=\"async\" class=\"alignleft size-full wp-image-40832\" src=\"http:\/\/www.celttv.com.ar\/wp-content\/uploads\/2019\/04\/WhatsApp-Image-2019-04-04-at-14.52.38.jpeg\" alt=\"\" width=\"1280\" height=\"416\" srcset=\"https:\/\/www.celttv.com.ar\/wp-content\/uploads\/2019\/04\/WhatsApp-Image-2019-04-04-at-14.52.38.jpeg 1280w, https:\/\/www.celttv.com.ar\/wp-content\/uploads\/2019\/04\/WhatsApp-Image-2019-04-04-at-14.52.38-300x98.jpeg 300w, https:\/\/www.celttv.com.ar\/wp-content\/uploads\/2019\/04\/WhatsApp-Image-2019-04-04-at-14.52.38-1024x333.jpeg 1024w, https:\/\/www.celttv.com.ar\/wp-content\/uploads\/2019\/04\/WhatsApp-Image-2019-04-04-at-14.52.38-768x250.jpeg 768w, https:\/\/www.celttv.com.ar\/wp-content\/uploads\/2019\/04\/WhatsApp-Image-2019-04-04-at-14.52.38-750x244.jpeg 750w, https:\/\/www.celttv.com.ar\/wp-content\/uploads\/2019\/04\/WhatsApp-Image-2019-04-04-at-14.52.38-1140x371.jpeg 1140w\" sizes=\"auto, (max-width: 1280px) 100vw, 1280px\" \/><\/a> <a href=\"http:\/\/www.celttv.com.ar\/?attachment_id=40833\" rel=\"attachment wp-att-40833\"><img loading=\"lazy\" decoding=\"async\" class=\"alignleft size-medium wp-image-40833\" src=\"http:\/\/www.celttv.com.ar\/wp-content\/uploads\/2019\/04\/WhatsApp-Image-2019-04-04-at-16.54.23-1024x682-1.jpeg\" alt=\"\" width=\"780\" height=\"519\" srcset=\"https:\/\/www.celttv.com.ar\/wp-content\/uploads\/2019\/04\/WhatsApp-Image-2019-04-04-at-16.54.23-1024x682-1.jpeg 1024w, https:\/\/www.celttv.com.ar\/wp-content\/uploads\/2019\/04\/WhatsApp-Image-2019-04-04-at-16.54.23-1024x682-1-300x200.jpeg 300w, https:\/\/www.celttv.com.ar\/wp-content\/uploads\/2019\/04\/WhatsApp-Image-2019-04-04-at-16.54.23-1024x682-1-768x512.jpeg 768w, https:\/\/www.celttv.com.ar\/wp-content\/uploads\/2019\/04\/WhatsApp-Image-2019-04-04-at-16.54.23-1024x682-1-750x500.jpeg 750w\" sizes=\"auto, (max-width: 780px) 100vw, 780px\" \/><\/a><\/p>\n","protected":false},"excerpt":{"rendered":"<p>Se realiz\u00f3 en la localidad de Miramar, la primera reuni\u00f3n anual del Consejo Provincial de Turismo (Coprotur), que estuvo presidida por la Subsecretaria de Turismo de la Provincia de Buenos Aires, Martina Pikielny. La Secretaria de Turismo, Susana Dos Santos, cumpliendo con su rol de presidente del polo 5 (representando a la regi\u00f3n del sudoeste) [&hellip;]<\/p>\n","protected":false},"author":1,"featured_media":40832,"comment_status":"closed","ping_status":"open","sticky":false,"template":"","format":"standard","meta":{"footnotes":""},"categories":[55,51,52,58],"tags":[],"class_list":["post-40831","post","type-post","status-publish","format-standard","has-post-thumbnail","hentry","category-celt-tv-noticias","category-comunidad","category-destacadas","category-turismo"],"yoast_head":"<!-- This site is optimized with the Yoast SEO plugin v19.7.1 - https:\/\/yoast.com\/wordpress\/plugins\/seo\/ -->\n<title>Tornquist Municipio estuvo presente en la primera reuni\u00f3n anual de Coprotur - CELTTV<\/title>\n<meta name=\"description\" content=\"Sitio web de noticias de la localidad de Tornquist, provincia de Buenos Aires, Rep\u00fablica Argentina. Contenido propio originado por periodistas de CELTTV, el canal de TV local de la Cooperativa El\u00e9ctrica de Tornquist. Turismo, Pol\u00edtica, Sociedad, Deporte, Cultura y todo el contenido de inter\u00e9s general que la gente del pueblo y la regi\u00f3n debe conocer.\" \/>\n<meta name=\"robots\" content=\"index, follow, max-snippet:-1, max-image-preview:large, max-video-preview:-1\" \/>\n<link rel=\"canonical\" href=\"https:\/\/www.celttv.com.ar\/index.php\/2019\/04\/06\/tornquist-municipio-estuvo-presente-en-la-primera-reunion-anual-de-coprotur\/\" \/>\n<meta property=\"og:locale\" content=\"es_ES\" \/>\n<meta property=\"og:type\" content=\"article\" \/>\n<meta property=\"og:title\" content=\"Tornquist Municipio estuvo presente en la primera reuni\u00f3n anual de Coprotur - CELTTV\" \/>\n<meta property=\"og:description\" content=\"Sitio web de noticias de la localidad de Tornquist, provincia de Buenos Aires, Rep\u00fablica Argentina. Contenido propio originado por periodistas de CELTTV, el canal de TV local de la Cooperativa El\u00e9ctrica de Tornquist. Turismo, Pol\u00edtica, Sociedad, Deporte, Cultura y todo el contenido de inter\u00e9s general que la gente del pueblo y la regi\u00f3n debe conocer.\" \/>\n<meta property=\"og:url\" content=\"https:\/\/www.celttv.com.ar\/index.php\/2019\/04\/06\/tornquist-municipio-estuvo-presente-en-la-primera-reunion-anual-de-coprotur\/\" \/>\n<meta property=\"og:site_name\" content=\"CELTTV\" \/>\n<meta property=\"article:publisher\" content=\"https:\/\/www.facebook.com\/celtTV\/\" \/>\n<meta property=\"article:published_time\" content=\"2019-04-06T00:35:32+00:00\" \/>\n<meta property=\"og:image\" content=\"https:\/\/www.celttv.com.ar\/wp-content\/uploads\/2019\/04\/WhatsApp-Image-2019-04-04-at-14.52.38.jpeg\" \/>\n\t<meta property=\"og:image:width\" content=\"1280\" \/>\n\t<meta property=\"og:image:height\" content=\"416\" \/>\n\t<meta property=\"og:image:type\" content=\"image\/jpeg\" \/>\n<meta name=\"author\" content=\"ulises\" \/>\n<meta name=\"twitter:card\" content=\"summary_large_image\" \/>\n<meta name=\"twitter:label1\" content=\"Escrito por\" \/>\n\t<meta name=\"twitter:data1\" content=\"ulises\" \/>\n\t<meta name=\"twitter:label2\" content=\"Tiempo de lectura\" \/>\n\t<meta name=\"twitter:data2\" content=\"2 minutos\" \/>\n<script type=\"application\/ld+json\" class=\"yoast-schema-graph\">{\"@context\":\"https:\/\/schema.org\",\"@graph\":[{\"@type\":\"NewsArticle\",\"@id\":\"https:\/\/www.celttv.com.ar\/index.php\/2019\/04\/06\/tornquist-municipio-estuvo-presente-en-la-primera-reunion-anual-de-coprotur\/#article\",\"isPartOf\":{\"@id\":\"https:\/\/www.celttv.com.ar\/index.php\/2019\/04\/06\/tornquist-municipio-estuvo-presente-en-la-primera-reunion-anual-de-coprotur\/\"},\"author\":{\"name\":\"ulises\",\"@id\":\"https:\/\/www.celttv.com.ar\/#\/schema\/person\/6d99c072dba59953809c81446e9d0ace\"},\"headline\":\"Tornquist Municipio estuvo presente en la primera reuni\u00f3n anual de Coprotur\",\"datePublished\":\"2019-04-06T00:35:32+00:00\",\"dateModified\":\"2019-04-06T00:35:32+00:00\",\"mainEntityOfPage\":{\"@id\":\"https:\/\/www.celttv.com.ar\/index.php\/2019\/04\/06\/tornquist-municipio-estuvo-presente-en-la-primera-reunion-anual-de-coprotur\/\"},\"wordCount\":332,\"publisher\":{\"@id\":\"https:\/\/www.celttv.com.ar\/#organization\"},\"articleSection\":[\"Celt TV Noticias\",\"Comunidad\",\"Destacadas\",\"Turismo\"],\"inLanguage\":\"es\"},{\"@type\":\"WebPage\",\"@id\":\"https:\/\/www.celttv.com.ar\/index.php\/2019\/04\/06\/tornquist-municipio-estuvo-presente-en-la-primera-reunion-anual-de-coprotur\/\",\"url\":\"https:\/\/www.celttv.com.ar\/index.php\/2019\/04\/06\/tornquist-municipio-estuvo-presente-en-la-primera-reunion-anual-de-coprotur\/\",\"name\":\"Tornquist Municipio estuvo presente en la primera reuni\u00f3n anual de Coprotur - CELTTV\",\"isPartOf\":{\"@id\":\"https:\/\/www.celttv.com.ar\/#website\"},\"datePublished\":\"2019-04-06T00:35:32+00:00\",\"dateModified\":\"2019-04-06T00:35:32+00:00\",\"description\":\"Sitio web de noticias de la localidad de Tornquist, provincia de Buenos Aires, Rep\u00fablica Argentina. Contenido propio originado por periodistas de CELTTV, el canal de TV local de la Cooperativa El\u00e9ctrica de Tornquist. Turismo, Pol\u00edtica, Sociedad, Deporte, Cultura y todo el contenido de inter\u00e9s general que la gente del pueblo y la regi\u00f3n debe conocer.\",\"breadcrumb\":{\"@id\":\"https:\/\/www.celttv.com.ar\/index.php\/2019\/04\/06\/tornquist-municipio-estuvo-presente-en-la-primera-reunion-anual-de-coprotur\/#breadcrumb\"},\"inLanguage\":\"es\",\"potentialAction\":[{\"@type\":\"ReadAction\",\"target\":[\"https:\/\/www.celttv.com.ar\/index.php\/2019\/04\/06\/tornquist-municipio-estuvo-presente-en-la-primera-reunion-anual-de-coprotur\/\"]}]},{\"@type\":\"BreadcrumbList\",\"@id\":\"https:\/\/www.celttv.com.ar\/index.php\/2019\/04\/06\/tornquist-municipio-estuvo-presente-en-la-primera-reunion-anual-de-coprotur\/#breadcrumb\",\"itemListElement\":[{\"@type\":\"ListItem\",\"position\":1,\"name\":\"Inicio\",\"item\":\"https:\/\/www.celttv.com.ar\/\"},{\"@type\":\"ListItem\",\"position\":2,\"name\":\"Tornquist Municipio estuvo presente en la primera reuni\u00f3n anual de Coprotur\"}]},{\"@type\":\"WebSite\",\"@id\":\"https:\/\/www.celttv.com.ar\/#website\",\"url\":\"https:\/\/www.celttv.com.ar\/\",\"name\":\"CELTTV\",\"description\":\"Cooperativa El\u00e9ctrica de Tornquist\",\"publisher\":{\"@id\":\"https:\/\/www.celttv.com.ar\/#organization\"},\"potentialAction\":[{\"@type\":\"SearchAction\",\"target\":{\"@type\":\"EntryPoint\",\"urlTemplate\":\"https:\/\/www.celttv.com.ar\/?s={search_term_string}\"},\"query-input\":\"required name=search_term_string\"}],\"inLanguage\":\"es\"},{\"@type\":\"Organization\",\"@id\":\"https:\/\/www.celttv.com.ar\/#organization\",\"name\":\"CELTTV\",\"url\":\"https:\/\/www.celttv.com.ar\/\",\"sameAs\":[\"https:\/\/www.youtube.com\/channel\/UCz_oIt8Hig64Ub-EmcNPIhg\",\"https:\/\/www.facebook.com\/celtTV\/\"],\"logo\":{\"@type\":\"ImageObject\",\"inLanguage\":\"es\",\"@id\":\"https:\/\/www.celttv.com.ar\/#\/schema\/logo\/image\/\",\"url\":\"http:\/\/www.celttv.com.ar\/wp-content\/uploads\/2022\/08\/logo-1.png\",\"contentUrl\":\"http:\/\/www.celttv.com.ar\/wp-content\/uploads\/2022\/08\/logo-1.png\",\"width\":461,\"height\":159,\"caption\":\"CELTTV\"},\"image\":{\"@id\":\"https:\/\/www.celttv.com.ar\/#\/schema\/logo\/image\/\"}},{\"@type\":\"Person\",\"@id\":\"https:\/\/www.celttv.com.ar\/#\/schema\/person\/6d99c072dba59953809c81446e9d0ace\",\"name\":\"ulises\",\"image\":{\"@type\":\"ImageObject\",\"inLanguage\":\"es\",\"@id\":\"https:\/\/www.celttv.com.ar\/#\/schema\/person\/image\/\",\"url\":\"https:\/\/secure.gravatar.com\/avatar\/7f2c48bdc33b30088f941fb6082e555f2874c98e20cb159d7b92b50eadfce793?s=96&d=mm&r=g\",\"contentUrl\":\"https:\/\/secure.gravatar.com\/avatar\/7f2c48bdc33b30088f941fb6082e555f2874c98e20cb159d7b92b50eadfce793?s=96&d=mm&r=g\",\"caption\":\"ulises\"},\"sameAs\":[\"http:\/\/www.celttv.com.ar\"]}]}<\/script>\n<!-- \/ Yoast SEO plugin. -->","yoast_head_json":{"title":"Tornquist Municipio estuvo presente en la primera reuni\u00f3n anual de Coprotur - CELTTV","description":"Sitio web de noticias de la localidad de Tornquist, provincia de Buenos Aires, Rep\u00fablica Argentina. Contenido propio originado por periodistas de CELTTV, el canal de TV local de la Cooperativa El\u00e9ctrica de Tornquist. Turismo, Pol\u00edtica, Sociedad, Deporte, Cultura y todo el contenido de inter\u00e9s general que la gente del pueblo y la regi\u00f3n debe conocer.","robots":{"index":"index","follow":"follow","max-snippet":"max-snippet:-1","max-image-preview":"max-image-preview:large","max-video-preview":"max-video-preview:-1"},"canonical":"https:\/\/www.celttv.com.ar\/index.php\/2019\/04\/06\/tornquist-municipio-estuvo-presente-en-la-primera-reunion-anual-de-coprotur\/","og_locale":"es_ES","og_type":"article","og_title":"Tornquist Municipio estuvo presente en la primera reuni\u00f3n anual de Coprotur - CELTTV","og_description":"Sitio web de noticias de la localidad de Tornquist, provincia de Buenos Aires, Rep\u00fablica Argentina. Contenido propio originado por periodistas de CELTTV, el canal de TV local de la Cooperativa El\u00e9ctrica de Tornquist. Turismo, Pol\u00edtica, Sociedad, Deporte, Cultura y todo el contenido de inter\u00e9s general que la gente del pueblo y la regi\u00f3n debe conocer.","og_url":"https:\/\/www.celttv.com.ar\/index.php\/2019\/04\/06\/tornquist-municipio-estuvo-presente-en-la-primera-reunion-anual-de-coprotur\/","og_site_name":"CELTTV","article_publisher":"https:\/\/www.facebook.com\/celtTV\/","article_published_time":"2019-04-06T00:35:32+00:00","og_image":[{"width":1280,"height":416,"url":"https:\/\/www.celttv.com.ar\/wp-content\/uploads\/2019\/04\/WhatsApp-Image-2019-04-04-at-14.52.38.jpeg","type":"image\/jpeg"}],"author":"ulises","twitter_card":"summary_large_image","twitter_misc":{"Escrito por":"ulises","Tiempo de lectura":"2 minutos"},"schema":{"@context":"https:\/\/schema.org","@graph":[{"@type":"NewsArticle","@id":"https:\/\/www.celttv.com.ar\/index.php\/2019\/04\/06\/tornquist-municipio-estuvo-presente-en-la-primera-reunion-anual-de-coprotur\/#article","isPartOf":{"@id":"https:\/\/www.celttv.com.ar\/index.php\/2019\/04\/06\/tornquist-municipio-estuvo-presente-en-la-primera-reunion-anual-de-coprotur\/"},"author":{"name":"ulises","@id":"https:\/\/www.celttv.com.ar\/#\/schema\/person\/6d99c072dba59953809c81446e9d0ace"},"headline":"Tornquist Municipio estuvo presente en la primera reuni\u00f3n anual de Coprotur","datePublished":"2019-04-06T00:35:32+00:00","dateModified":"2019-04-06T00:35:32+00:00","mainEntityOfPage":{"@id":"https:\/\/www.celttv.com.ar\/index.php\/2019\/04\/06\/tornquist-municipio-estuvo-presente-en-la-primera-reunion-anual-de-coprotur\/"},"wordCount":332,"publisher":{"@id":"https:\/\/www.celttv.com.ar\/#organization"},"articleSection":["Celt TV Noticias","Comunidad","Destacadas","Turismo"],"inLanguage":"es"},{"@type":"WebPage","@id":"https:\/\/www.celttv.com.ar\/index.php\/2019\/04\/06\/tornquist-municipio-estuvo-presente-en-la-primera-reunion-anual-de-coprotur\/","url":"https:\/\/www.celttv.com.ar\/index.php\/2019\/04\/06\/tornquist-municipio-estuvo-presente-en-la-primera-reunion-anual-de-coprotur\/","name":"Tornquist Municipio estuvo presente en la primera reuni\u00f3n anual de Coprotur - CELTTV","isPartOf":{"@id":"https:\/\/www.celttv.com.ar\/#website"},"datePublished":"2019-04-06T00:35:32+00:00","dateModified":"2019-04-06T00:35:32+00:00","description":"Sitio web de noticias de la localidad de Tornquist, provincia de Buenos Aires, Rep\u00fablica Argentina. Contenido propio originado por periodistas de CELTTV, el canal de TV local de la Cooperativa El\u00e9ctrica de Tornquist. Turismo, Pol\u00edtica, Sociedad, Deporte, Cultura y todo el contenido de inter\u00e9s general que la gente del pueblo y la regi\u00f3n debe conocer.","breadcrumb":{"@id":"https:\/\/www.celttv.com.ar\/index.php\/2019\/04\/06\/tornquist-municipio-estuvo-presente-en-la-primera-reunion-anual-de-coprotur\/#breadcrumb"},"inLanguage":"es","potentialAction":[{"@type":"ReadAction","target":["https:\/\/www.celttv.com.ar\/index.php\/2019\/04\/06\/tornquist-municipio-estuvo-presente-en-la-primera-reunion-anual-de-coprotur\/"]}]},{"@type":"BreadcrumbList","@id":"https:\/\/www.celttv.com.ar\/index.php\/2019\/04\/06\/tornquist-municipio-estuvo-presente-en-la-primera-reunion-anual-de-coprotur\/#breadcrumb","itemListElement":[{"@type":"ListItem","position":1,"name":"Inicio","item":"https:\/\/www.celttv.com.ar\/"},{"@type":"ListItem","position":2,"name":"Tornquist Municipio estuvo presente en la primera reuni\u00f3n anual de Coprotur"}]},{"@type":"WebSite","@id":"https:\/\/www.celttv.com.ar\/#website","url":"https:\/\/www.celttv.com.ar\/","name":"CELTTV","description":"Cooperativa El\u00e9ctrica de Tornquist","publisher":{"@id":"https:\/\/www.celttv.com.ar\/#organization"},"potentialAction":[{"@type":"SearchAction","target":{"@type":"EntryPoint","urlTemplate":"https:\/\/www.celttv.com.ar\/?s={search_term_string}"},"query-input":"required name=search_term_string"}],"inLanguage":"es"},{"@type":"Organization","@id":"https:\/\/www.celttv.com.ar\/#organization","name":"CELTTV","url":"https:\/\/www.celttv.com.ar\/","sameAs":["https:\/\/www.youtube.com\/channel\/UCz_oIt8Hig64Ub-EmcNPIhg","https:\/\/www.facebook.com\/celtTV\/"],"logo":{"@type":"ImageObject","inLanguage":"es","@id":"https:\/\/www.celttv.com.ar\/#\/schema\/logo\/image\/","url":"http:\/\/www.celttv.com.ar\/wp-content\/uploads\/2022\/08\/logo-1.png","contentUrl":"http:\/\/www.celttv.com.ar\/wp-content\/uploads\/2022\/08\/logo-1.png","width":461,"height":159,"caption":"CELTTV"},"image":{"@id":"https:\/\/www.celttv.com.ar\/#\/schema\/logo\/image\/"}},{"@type":"Person","@id":"https:\/\/www.celttv.com.ar\/#\/schema\/person\/6d99c072dba59953809c81446e9d0ace","name":"ulises","image":{"@type":"ImageObject","inLanguage":"es","@id":"https:\/\/www.celttv.com.ar\/#\/schema\/person\/image\/","url":"https:\/\/secure.gravatar.com\/avatar\/7f2c48bdc33b30088f941fb6082e555f2874c98e20cb159d7b92b50eadfce793?s=96&d=mm&r=g","contentUrl":"https:\/\/secure.gravatar.com\/avatar\/7f2c48bdc33b30088f941fb6082e555f2874c98e20cb159d7b92b50eadfce793?s=96&d=mm&r=g","caption":"ulises"},"sameAs":["http:\/\/www.celttv.com.ar"]}]}},"_links":{"self":[{"href":"https:\/\/www.celttv.com.ar\/index.php\/wp-json\/wp\/v2\/posts\/40831","targetHints":{"allow":["GET"]}}],"collection":[{"href":"https:\/\/www.celttv.com.ar\/index.php\/wp-json\/wp\/v2\/posts"}],"about":[{"href":"https:\/\/www.celttv.com.ar\/index.php\/wp-json\/wp\/v2\/types\/post"}],"author":[{"embeddable":true,"href":"https:\/\/www.celttv.com.ar\/index.php\/wp-json\/wp\/v2\/users\/1"}],"replies":[{"embeddable":true,"href":"https:\/\/www.celttv.com.ar\/index.php\/wp-json\/wp\/v2\/comments?post=40831"}],"version-history":[{"count":0,"href":"https:\/\/www.celttv.com.ar\/index.php\/wp-json\/wp\/v2\/posts\/40831\/revisions"}],"wp:featuredmedia":[{"embeddable":true,"href":"https:\/\/www.celttv.com.ar\/index.php\/wp-json\/wp\/v2\/media\/40832"}],"wp:attachment":[{"href":"https:\/\/www.celttv.com.ar\/index.php\/wp-json\/wp\/v2\/media?parent=40831"}],"wp:term":[{"taxonomy":"category","embeddable":true,"href":"https:\/\/www.celttv.com.ar\/index.php\/wp-json\/wp\/v2\/categories?post=40831"},{"taxonomy":"post_tag","embeddable":true,"href":"https:\/\/www.celttv.com.ar\/index.php\/wp-json\/wp\/v2\/tags?post=40831"}],"curies":[{"name":"wp","href":"https:\/\/api.w.org\/{rel}","templated":true}]}}