{"id":40842,"date":"2019-04-07T23:10:34","date_gmt":"2019-04-07T23:10:34","guid":{"rendered":"http:\/\/www.celttv.com.ar\/?p=40842"},"modified":"2019-04-07T23:10:34","modified_gmt":"2019-04-07T23:10:34","slug":"automoto-metio-5ta-y-se-alejo-en-la-punta","status":"publish","type":"post","link":"https:\/\/www.celttv.com.ar\/index.php\/2019\/04\/07\/automoto-metio-5ta-y-se-alejo-en-la-punta\/","title":{"rendered":"AUTOMOTO METIO 5TA Y SE ALEJ\u00d3 EN LA PUNTA"},"content":{"rendered":"<p>El equipo de Araneta consigui\u00f3 su quinto triunfo consecutivo y le sac\u00f3 cinco de ventaja a su nuevo escolta Sarmiento. \u00c9sta vez venci\u00f3 por 1 a 0 a Atl. Huanguel\u00e9n con gol de Agust\u00edn Reynoso.<\/p>\n<p>En un partido m\u00e1s disputado y trabado que jugado, Automoto consigui\u00f3 los tres puntos frente a un duro Atl. Huanguel\u00e9n. Agust\u00edn Reynoso a los 10 minutos del inicio del partido, marc\u00f3 el \u00fanico tanto.<\/p>\n<p>M\u00e1s que friccionado sali\u00f3 el encuentro. El local intent\u00f3 proponer desde el arranque y la visita, pese a arrancar jugando con un enganche y dos puntas, esper\u00f3 a su rival para no dejarlo jugar y a partir de all\u00ed, hilvanar alguna jugada.<\/p>\n<p>Esa agresividad que propone Automoto en el inicio del partido le vali\u00f3 para convertir el \u00fanico gol del partido, a los 10 minutos, con una jugada de derecha a izquierda, donde Mill\u00e1n lejos de ser ese \u201c9\u201d ego\u00edsta que todos quieren, gir\u00f3 dentro del \u00e1rea para dejar solo a <strong>\u00a0Agust\u00edn Reynoso<\/strong> que le rompi\u00f3 el arco a Van der Tuin.<\/p>\n<p>Aun en desventaja en el marcador, Huanguel\u00e9n no sal\u00eda y Automoto hac\u00eda correr la pelota entre sus volantes y los defensores esperando que la visita adelante l\u00edneas.<\/p>\n<p>Una nueva chance clara tuvo el equipo de Araneta a los 34 minutos, con un tiro de esquina y un cabezazo de Gim\u00e9nez que peg\u00f3 en el travesa\u00f1o y sali\u00f3.<\/p>\n<p>En el final Reynoso tambi\u00e9n pudo ampliar cifras cuando la mand\u00f3 por arriba despu\u00e9s de un desborde con centro atr\u00e1s de N\u00fa\u00f1ez, y la \u00faltima fue para Ramiro Palacio que control\u00f3 sin problemas F\u00f3gel.<\/p>\n<p>A los 39\u2019 la visita tuvo que realizar su primer cambio obligado, por la lesi\u00f3n de Guevara, ingresando Stamm. All\u00ed se par\u00f3 4-4-2 para detener y desarmar el juego azulgrana.<\/p>\n<p>En el segundo tiempo el partido se hizo a\u00fan m\u00e1s chato. La visita no mostraba intenciones de arriesgar para empatar, y eso parec\u00eda que le hac\u00eda bien a Automoto. Sin embargo, el bajar el ritmo y dormir el partido, casi lo paga caro.<\/p>\n<p>Las primeras dos fueron con dos buenos tiros libres para los locales, de buena posici\u00f3n. El primero fue de jugada preparada y el segundo directo, ambos de Peralta, y los dos pasaron cerca.<\/p>\n<p>Piedrabuena a los ocho arremeti\u00f3 por derecha, remato fuerte y abajo y el largo de Van der Tuin, contuvo el disparo en dos tiempos con su mano derecha.<\/p>\n<p>Huanguel\u00e9n de a poco empez\u00f3 a adelantarse en el terreno y tambi\u00e9n a ceder espacio en el fondo. Primero Tesei remat\u00f3 cerca y luego fue Stamm quien tambi\u00e9n remat\u00f3 cruzado y abajo, con destino fallido. Con los cambios, Automoto busc\u00f3 m\u00e1s ox\u00edgeno en la delantera (ingres\u00f3 Villar) y en el mediocampo (con Quiroga). Por momentos lo consigui\u00f3 y volvi\u00f3 a meterse en el partido.<\/p>\n<p>Pasada la media hora comenz\u00f3 lo realmente interesante. Tesei remat\u00f3 y lo cruzaron justo, y luego Quiroga casi en la l\u00ednea despej\u00f3 el peligro en el arco azulgrana.<\/p>\n<p>En el otro arco tambi\u00e9n se hac\u00eda presente Quiroga rematando desviado y Villar a quien apretaron justo cuando quedaba mano a mano.<\/p>\n<p>Los minutos finales fueron al palo por palo. Acu\u00f1a despu\u00e9s de un yerro en defensa, qued\u00f3 en inmejorable posici\u00f3n para empatar pero el disparo se fue desviado. Del otro lado, Piedrabuena perdi\u00f3 el duelo con Van der Tuin y N\u00fa\u00f1ez remat\u00f3 desviado.<\/p>\n<p>Automoto consigui\u00f3 su quinto \u00e9xito consecutivo y ahora le sac\u00f3 cinco puntos a su nuevo escolta Sarmiento.<\/p>\n<p><strong>Automoto:<\/strong> Maximiliano F\u00f3gel; Emiliano Sandoval, Lucas Gim\u00e9nez, Gast\u00f3n Pollio, Agust\u00edn Franco; Agust\u00edn Reynoso, Mat\u00edas Salas, Arturo Peralta; Ayrton N\u00fa\u00f1ez, Nicol\u00e1s Mill\u00e1n, Marcos Piedrabuena. DT: Octavio Araneta.<\/p>\n<p><u>Cambios:<\/u> ST: 19\u2019 Facundo Villar por Mill\u00e1n, 33\u2019 Ram\u00f3n Aller por Franco, Marcos Quiroga por Peralta.<\/p>\n<p><u>Supl:<\/u> Joaqu\u00edn Castelli, Mat\u00edas Sonzini.<\/p>\n<p><strong>Atl. Huanguel\u00e9n:<\/strong> Federico Van der Tuin; Juan Cruz Balvidares, Gustavo Cascallares, Federico Bravo, Nicol\u00e1s Acu\u00f1a; Emanuel Allen, Sebasti\u00e1n Tesei, Gonzalo Kuhn; Ramiro Palacio; Eduardo Balvidares, Ramiro Guevara. DT: Miguel Su\u00e1rez.<\/p>\n<p><u>Cambios:<\/u> PT: 39\u2019 Nahuel Stamm por Guevara. ST: 17\u2019 Marcos Previsdomini por Kuhn, 38\u2019 I\u00f1aky Gurruchaga por E. Balvidares.<\/p>\n<p><u>Supl:<\/u> Agust\u00edn Ferreyra<\/p>\n<p><u>Gol:<\/u> PT: 10\u2019 Agust\u00edn Reynoso (A).<\/p>\n<p><u>\u00c1rbitro:<\/u> Ram\u00f3n Mart\u00ednez (6)<\/p>\n<p><u>Cancha:<\/u> Estadio Agust\u00edn Ruppel<\/p>\n<p><u>Reserva:<\/u> Automoto 2 &#8211; Atl. Huanguel\u00e9n 1<\/p>\n<p><a href=\"http:\/\/www.celttv.com.ar\/?attachment_id=40843\" rel=\"attachment wp-att-40843\"><img loading=\"lazy\" decoding=\"async\" class=\"alignleft size-full wp-image-40843\" src=\"http:\/\/www.celttv.com.ar\/wp-content\/uploads\/2019\/04\/DSC_0168.jpg\" alt=\"\" width=\"960\" height=\"640\" srcset=\"https:\/\/www.celttv.com.ar\/wp-content\/uploads\/2019\/04\/DSC_0168.jpg 960w, https:\/\/www.celttv.com.ar\/wp-content\/uploads\/2019\/04\/DSC_0168-300x200.jpg 300w, https:\/\/www.celttv.com.ar\/wp-content\/uploads\/2019\/04\/DSC_0168-768x512.jpg 768w, https:\/\/www.celttv.com.ar\/wp-content\/uploads\/2019\/04\/DSC_0168-750x500.jpg 750w\" sizes=\"auto, (max-width: 960px) 100vw, 960px\" \/><\/a> <a href=\"http:\/\/www.celttv.com.ar\/?attachment_id=40844\" rel=\"attachment wp-att-40844\"><img loading=\"lazy\" decoding=\"async\" class=\"alignleft size-medium wp-image-40844\" src=\"http:\/\/www.celttv.com.ar\/wp-content\/uploads\/2019\/04\/DSC_0169.jpg\" alt=\"\" width=\"780\" height=\"520\" srcset=\"https:\/\/www.celttv.com.ar\/wp-content\/uploads\/2019\/04\/DSC_0169.jpg 960w, https:\/\/www.celttv.com.ar\/wp-content\/uploads\/2019\/04\/DSC_0169-300x200.jpg 300w, https:\/\/www.celttv.com.ar\/wp-content\/uploads\/2019\/04\/DSC_0169-768x512.jpg 768w, https:\/\/www.celttv.com.ar\/wp-content\/uploads\/2019\/04\/DSC_0169-750x500.jpg 750w\" sizes=\"auto, (max-width: 780px) 100vw, 780px\" \/><\/a> <a href=\"http:\/\/www.celttv.com.ar\/?attachment_id=40845\" rel=\"attachment wp-att-40845\"><img loading=\"lazy\" decoding=\"async\" class=\"alignleft size-medium wp-image-40845\" src=\"http:\/\/www.celttv.com.ar\/wp-content\/uploads\/2019\/04\/DSC_0192.jpg\" alt=\"\" width=\"780\" height=\"520\" srcset=\"https:\/\/www.celttv.com.ar\/wp-content\/uploads\/2019\/04\/DSC_0192.jpg 960w, https:\/\/www.celttv.com.ar\/wp-content\/uploads\/2019\/04\/DSC_0192-300x200.jpg 300w, https:\/\/www.celttv.com.ar\/wp-content\/uploads\/2019\/04\/DSC_0192-768x512.jpg 768w, https:\/\/www.celttv.com.ar\/wp-content\/uploads\/2019\/04\/DSC_0192-750x500.jpg 750w\" sizes=\"auto, (max-width: 780px) 100vw, 780px\" \/><\/a><\/p>\n","protected":false},"excerpt":{"rendered":"<p>El equipo de Araneta consigui\u00f3 su quinto triunfo consecutivo y le sac\u00f3 cinco de ventaja a su nuevo escolta Sarmiento. \u00c9sta vez venci\u00f3 por 1 a 0 a Atl. Huanguel\u00e9n con gol de Agust\u00edn Reynoso. En un partido m\u00e1s disputado y trabado que jugado, Automoto consigui\u00f3 los tres puntos frente a un duro Atl. Huanguel\u00e9n. [&hellip;]<\/p>\n","protected":false},"author":1,"featured_media":40843,"comment_status":"closed","ping_status":"open","sticky":false,"template":"","format":"standard","meta":{"footnotes":""},"categories":[60,52,76],"tags":[],"class_list":["post-40842","post","type-post","status-publish","format-standard","has-post-thumbnail","hentry","category-deporte","category-destacadas","category-solo-futbol"],"yoast_head":"<!-- This site is optimized with the Yoast SEO plugin v19.7.1 - https:\/\/yoast.com\/wordpress\/plugins\/seo\/ -->\n<title>AUTOMOTO METIO 5TA Y SE ALEJ\u00d3 EN LA PUNTA - CELTTV<\/title>\n<meta name=\"description\" content=\"Sitio web de noticias de la localidad de Tornquist, provincia de Buenos Aires, Rep\u00fablica Argentina. Contenido propio originado por periodistas de CELTTV, el canal de TV local de la Cooperativa El\u00e9ctrica de Tornquist. Turismo, Pol\u00edtica, Sociedad, Deporte, Cultura y todo el contenido de inter\u00e9s general que la gente del pueblo y la regi\u00f3n debe conocer.\" \/>\n<meta name=\"robots\" content=\"index, follow, max-snippet:-1, max-image-preview:large, max-video-preview:-1\" \/>\n<link rel=\"canonical\" href=\"https:\/\/www.celttv.com.ar\/index.php\/2019\/04\/07\/automoto-metio-5ta-y-se-alejo-en-la-punta\/\" \/>\n<meta property=\"og:locale\" content=\"es_ES\" \/>\n<meta property=\"og:type\" content=\"article\" \/>\n<meta property=\"og:title\" content=\"AUTOMOTO METIO 5TA Y SE ALEJ\u00d3 EN LA PUNTA - CELTTV\" \/>\n<meta property=\"og:description\" content=\"Sitio web de noticias de la localidad de Tornquist, provincia de Buenos Aires, Rep\u00fablica Argentina. Contenido propio originado por periodistas de CELTTV, el canal de TV local de la Cooperativa El\u00e9ctrica de Tornquist. Turismo, Pol\u00edtica, Sociedad, Deporte, Cultura y todo el contenido de inter\u00e9s general que la gente del pueblo y la regi\u00f3n debe conocer.\" \/>\n<meta property=\"og:url\" content=\"https:\/\/www.celttv.com.ar\/index.php\/2019\/04\/07\/automoto-metio-5ta-y-se-alejo-en-la-punta\/\" \/>\n<meta property=\"og:site_name\" content=\"CELTTV\" \/>\n<meta property=\"article:publisher\" content=\"https:\/\/www.facebook.com\/celtTV\/\" \/>\n<meta property=\"article:published_time\" content=\"2019-04-07T23:10:34+00:00\" \/>\n<meta property=\"og:image\" content=\"https:\/\/www.celttv.com.ar\/wp-content\/uploads\/2019\/04\/DSC_0168.jpg\" \/>\n\t<meta property=\"og:image:width\" content=\"960\" \/>\n\t<meta property=\"og:image:height\" content=\"640\" \/>\n\t<meta property=\"og:image:type\" content=\"image\/jpeg\" \/>\n<meta name=\"author\" content=\"ulises\" \/>\n<meta name=\"twitter:card\" content=\"summary_large_image\" \/>\n<meta name=\"twitter:label1\" content=\"Escrito por\" \/>\n\t<meta name=\"twitter:data1\" content=\"ulises\" \/>\n\t<meta name=\"twitter:label2\" content=\"Tiempo de lectura\" \/>\n\t<meta name=\"twitter:data2\" content=\"4 minutos\" \/>\n<script type=\"application\/ld+json\" class=\"yoast-schema-graph\">{\"@context\":\"https:\/\/schema.org\",\"@graph\":[{\"@type\":\"NewsArticle\",\"@id\":\"https:\/\/www.celttv.com.ar\/index.php\/2019\/04\/07\/automoto-metio-5ta-y-se-alejo-en-la-punta\/#article\",\"isPartOf\":{\"@id\":\"https:\/\/www.celttv.com.ar\/index.php\/2019\/04\/07\/automoto-metio-5ta-y-se-alejo-en-la-punta\/\"},\"author\":{\"name\":\"ulises\",\"@id\":\"https:\/\/www.celttv.com.ar\/#\/schema\/person\/6d99c072dba59953809c81446e9d0ace\"},\"headline\":\"AUTOMOTO METIO 5TA Y SE ALEJ\u00d3 EN LA PUNTA\",\"datePublished\":\"2019-04-07T23:10:34+00:00\",\"dateModified\":\"2019-04-07T23:10:34+00:00\",\"mainEntityOfPage\":{\"@id\":\"https:\/\/www.celttv.com.ar\/index.php\/2019\/04\/07\/automoto-metio-5ta-y-se-alejo-en-la-punta\/\"},\"wordCount\":746,\"publisher\":{\"@id\":\"https:\/\/www.celttv.com.ar\/#organization\"},\"articleSection\":[\"Deporte\",\"Destacadas\",\"Solo Futbol\"],\"inLanguage\":\"es\"},{\"@type\":\"WebPage\",\"@id\":\"https:\/\/www.celttv.com.ar\/index.php\/2019\/04\/07\/automoto-metio-5ta-y-se-alejo-en-la-punta\/\",\"url\":\"https:\/\/www.celttv.com.ar\/index.php\/2019\/04\/07\/automoto-metio-5ta-y-se-alejo-en-la-punta\/\",\"name\":\"AUTOMOTO METIO 5TA Y SE ALEJ\u00d3 EN LA PUNTA - CELTTV\",\"isPartOf\":{\"@id\":\"https:\/\/www.celttv.com.ar\/#website\"},\"datePublished\":\"2019-04-07T23:10:34+00:00\",\"dateModified\":\"2019-04-07T23:10:34+00:00\",\"description\":\"Sitio web de noticias de la localidad de Tornquist, provincia de Buenos Aires, Rep\u00fablica Argentina. Contenido propio originado por periodistas de CELTTV, el canal de TV local de la Cooperativa El\u00e9ctrica de Tornquist. Turismo, Pol\u00edtica, Sociedad, Deporte, Cultura y todo el contenido de inter\u00e9s general que la gente del pueblo y la regi\u00f3n debe conocer.\",\"breadcrumb\":{\"@id\":\"https:\/\/www.celttv.com.ar\/index.php\/2019\/04\/07\/automoto-metio-5ta-y-se-alejo-en-la-punta\/#breadcrumb\"},\"inLanguage\":\"es\",\"potentialAction\":[{\"@type\":\"ReadAction\",\"target\":[\"https:\/\/www.celttv.com.ar\/index.php\/2019\/04\/07\/automoto-metio-5ta-y-se-alejo-en-la-punta\/\"]}]},{\"@type\":\"BreadcrumbList\",\"@id\":\"https:\/\/www.celttv.com.ar\/index.php\/2019\/04\/07\/automoto-metio-5ta-y-se-alejo-en-la-punta\/#breadcrumb\",\"itemListElement\":[{\"@type\":\"ListItem\",\"position\":1,\"name\":\"Inicio\",\"item\":\"https:\/\/www.celttv.com.ar\/\"},{\"@type\":\"ListItem\",\"position\":2,\"name\":\"AUTOMOTO METIO 5TA Y SE ALEJ\u00d3 EN LA PUNTA\"}]},{\"@type\":\"WebSite\",\"@id\":\"https:\/\/www.celttv.com.ar\/#website\",\"url\":\"https:\/\/www.celttv.com.ar\/\",\"name\":\"CELTTV\",\"description\":\"Cooperativa El\u00e9ctrica de Tornquist\",\"publisher\":{\"@id\":\"https:\/\/www.celttv.com.ar\/#organization\"},\"potentialAction\":[{\"@type\":\"SearchAction\",\"target\":{\"@type\":\"EntryPoint\",\"urlTemplate\":\"https:\/\/www.celttv.com.ar\/?s={search_term_string}\"},\"query-input\":\"required name=search_term_string\"}],\"inLanguage\":\"es\"},{\"@type\":\"Organization\",\"@id\":\"https:\/\/www.celttv.com.ar\/#organization\",\"name\":\"CELTTV\",\"url\":\"https:\/\/www.celttv.com.ar\/\",\"sameAs\":[\"https:\/\/www.youtube.com\/channel\/UCz_oIt8Hig64Ub-EmcNPIhg\",\"https:\/\/www.facebook.com\/celtTV\/\"],\"logo\":{\"@type\":\"ImageObject\",\"inLanguage\":\"es\",\"@id\":\"https:\/\/www.celttv.com.ar\/#\/schema\/logo\/image\/\",\"url\":\"http:\/\/www.celttv.com.ar\/wp-content\/uploads\/2022\/08\/logo-1.png\",\"contentUrl\":\"http:\/\/www.celttv.com.ar\/wp-content\/uploads\/2022\/08\/logo-1.png\",\"width\":461,\"height\":159,\"caption\":\"CELTTV\"},\"image\":{\"@id\":\"https:\/\/www.celttv.com.ar\/#\/schema\/logo\/image\/\"}},{\"@type\":\"Person\",\"@id\":\"https:\/\/www.celttv.com.ar\/#\/schema\/person\/6d99c072dba59953809c81446e9d0ace\",\"name\":\"ulises\",\"image\":{\"@type\":\"ImageObject\",\"inLanguage\":\"es\",\"@id\":\"https:\/\/www.celttv.com.ar\/#\/schema\/person\/image\/\",\"url\":\"https:\/\/secure.gravatar.com\/avatar\/7f2c48bdc33b30088f941fb6082e555f2874c98e20cb159d7b92b50eadfce793?s=96&d=mm&r=g\",\"contentUrl\":\"https:\/\/secure.gravatar.com\/avatar\/7f2c48bdc33b30088f941fb6082e555f2874c98e20cb159d7b92b50eadfce793?s=96&d=mm&r=g\",\"caption\":\"ulises\"},\"sameAs\":[\"http:\/\/www.celttv.com.ar\"]}]}<\/script>\n<!-- \/ Yoast SEO plugin. -->","yoast_head_json":{"title":"AUTOMOTO METIO 5TA Y SE ALEJ\u00d3 EN LA PUNTA - CELTTV","description":"Sitio web de noticias de la localidad de Tornquist, provincia de Buenos Aires, Rep\u00fablica Argentina. Contenido propio originado por periodistas de CELTTV, el canal de TV local de la Cooperativa El\u00e9ctrica de Tornquist. Turismo, Pol\u00edtica, Sociedad, Deporte, Cultura y todo el contenido de inter\u00e9s general que la gente del pueblo y la regi\u00f3n debe conocer.","robots":{"index":"index","follow":"follow","max-snippet":"max-snippet:-1","max-image-preview":"max-image-preview:large","max-video-preview":"max-video-preview:-1"},"canonical":"https:\/\/www.celttv.com.ar\/index.php\/2019\/04\/07\/automoto-metio-5ta-y-se-alejo-en-la-punta\/","og_locale":"es_ES","og_type":"article","og_title":"AUTOMOTO METIO 5TA Y SE ALEJ\u00d3 EN LA PUNTA - CELTTV","og_description":"Sitio web de noticias de la localidad de Tornquist, provincia de Buenos Aires, Rep\u00fablica Argentina. Contenido propio originado por periodistas de CELTTV, el canal de TV local de la Cooperativa El\u00e9ctrica de Tornquist. Turismo, Pol\u00edtica, Sociedad, Deporte, Cultura y todo el contenido de inter\u00e9s general que la gente del pueblo y la regi\u00f3n debe conocer.","og_url":"https:\/\/www.celttv.com.ar\/index.php\/2019\/04\/07\/automoto-metio-5ta-y-se-alejo-en-la-punta\/","og_site_name":"CELTTV","article_publisher":"https:\/\/www.facebook.com\/celtTV\/","article_published_time":"2019-04-07T23:10:34+00:00","og_image":[{"width":960,"height":640,"url":"https:\/\/www.celttv.com.ar\/wp-content\/uploads\/2019\/04\/DSC_0168.jpg","type":"image\/jpeg"}],"author":"ulises","twitter_card":"summary_large_image","twitter_misc":{"Escrito por":"ulises","Tiempo de lectura":"4 minutos"},"schema":{"@context":"https:\/\/schema.org","@graph":[{"@type":"NewsArticle","@id":"https:\/\/www.celttv.com.ar\/index.php\/2019\/04\/07\/automoto-metio-5ta-y-se-alejo-en-la-punta\/#article","isPartOf":{"@id":"https:\/\/www.celttv.com.ar\/index.php\/2019\/04\/07\/automoto-metio-5ta-y-se-alejo-en-la-punta\/"},"author":{"name":"ulises","@id":"https:\/\/www.celttv.com.ar\/#\/schema\/person\/6d99c072dba59953809c81446e9d0ace"},"headline":"AUTOMOTO METIO 5TA Y SE ALEJ\u00d3 EN LA PUNTA","datePublished":"2019-04-07T23:10:34+00:00","dateModified":"2019-04-07T23:10:34+00:00","mainEntityOfPage":{"@id":"https:\/\/www.celttv.com.ar\/index.php\/2019\/04\/07\/automoto-metio-5ta-y-se-alejo-en-la-punta\/"},"wordCount":746,"publisher":{"@id":"https:\/\/www.celttv.com.ar\/#organization"},"articleSection":["Deporte","Destacadas","Solo Futbol"],"inLanguage":"es"},{"@type":"WebPage","@id":"https:\/\/www.celttv.com.ar\/index.php\/2019\/04\/07\/automoto-metio-5ta-y-se-alejo-en-la-punta\/","url":"https:\/\/www.celttv.com.ar\/index.php\/2019\/04\/07\/automoto-metio-5ta-y-se-alejo-en-la-punta\/","name":"AUTOMOTO METIO 5TA Y SE ALEJ\u00d3 EN LA PUNTA - CELTTV","isPartOf":{"@id":"https:\/\/www.celttv.com.ar\/#website"},"datePublished":"2019-04-07T23:10:34+00:00","dateModified":"2019-04-07T23:10:34+00:00","description":"Sitio web de noticias de la localidad de Tornquist, provincia de Buenos Aires, Rep\u00fablica Argentina. Contenido propio originado por periodistas de CELTTV, el canal de TV local de la Cooperativa El\u00e9ctrica de Tornquist. Turismo, Pol\u00edtica, Sociedad, Deporte, Cultura y todo el contenido de inter\u00e9s general que la gente del pueblo y la regi\u00f3n debe conocer.","breadcrumb":{"@id":"https:\/\/www.celttv.com.ar\/index.php\/2019\/04\/07\/automoto-metio-5ta-y-se-alejo-en-la-punta\/#breadcrumb"},"inLanguage":"es","potentialAction":[{"@type":"ReadAction","target":["https:\/\/www.celttv.com.ar\/index.php\/2019\/04\/07\/automoto-metio-5ta-y-se-alejo-en-la-punta\/"]}]},{"@type":"BreadcrumbList","@id":"https:\/\/www.celttv.com.ar\/index.php\/2019\/04\/07\/automoto-metio-5ta-y-se-alejo-en-la-punta\/#breadcrumb","itemListElement":[{"@type":"ListItem","position":1,"name":"Inicio","item":"https:\/\/www.celttv.com.ar\/"},{"@type":"ListItem","position":2,"name":"AUTOMOTO METIO 5TA Y SE ALEJ\u00d3 EN LA PUNTA"}]},{"@type":"WebSite","@id":"https:\/\/www.celttv.com.ar\/#website","url":"https:\/\/www.celttv.com.ar\/","name":"CELTTV","description":"Cooperativa El\u00e9ctrica de Tornquist","publisher":{"@id":"https:\/\/www.celttv.com.ar\/#organization"},"potentialAction":[{"@type":"SearchAction","target":{"@type":"EntryPoint","urlTemplate":"https:\/\/www.celttv.com.ar\/?s={search_term_string}"},"query-input":"required name=search_term_string"}],"inLanguage":"es"},{"@type":"Organization","@id":"https:\/\/www.celttv.com.ar\/#organization","name":"CELTTV","url":"https:\/\/www.celttv.com.ar\/","sameAs":["https:\/\/www.youtube.com\/channel\/UCz_oIt8Hig64Ub-EmcNPIhg","https:\/\/www.facebook.com\/celtTV\/"],"logo":{"@type":"ImageObject","inLanguage":"es","@id":"https:\/\/www.celttv.com.ar\/#\/schema\/logo\/image\/","url":"http:\/\/www.celttv.com.ar\/wp-content\/uploads\/2022\/08\/logo-1.png","contentUrl":"http:\/\/www.celttv.com.ar\/wp-content\/uploads\/2022\/08\/logo-1.png","width":461,"height":159,"caption":"CELTTV"},"image":{"@id":"https:\/\/www.celttv.com.ar\/#\/schema\/logo\/image\/"}},{"@type":"Person","@id":"https:\/\/www.celttv.com.ar\/#\/schema\/person\/6d99c072dba59953809c81446e9d0ace","name":"ulises","image":{"@type":"ImageObject","inLanguage":"es","@id":"https:\/\/www.celttv.com.ar\/#\/schema\/person\/image\/","url":"https:\/\/secure.gravatar.com\/avatar\/7f2c48bdc33b30088f941fb6082e555f2874c98e20cb159d7b92b50eadfce793?s=96&d=mm&r=g","contentUrl":"https:\/\/secure.gravatar.com\/avatar\/7f2c48bdc33b30088f941fb6082e555f2874c98e20cb159d7b92b50eadfce793?s=96&d=mm&r=g","caption":"ulises"},"sameAs":["http:\/\/www.celttv.com.ar"]}]}},"_links":{"self":[{"href":"https:\/\/www.celttv.com.ar\/index.php\/wp-json\/wp\/v2\/posts\/40842","targetHints":{"allow":["GET"]}}],"collection":[{"href":"https:\/\/www.celttv.com.ar\/index.php\/wp-json\/wp\/v2\/posts"}],"about":[{"href":"https:\/\/www.celttv.com.ar\/index.php\/wp-json\/wp\/v2\/types\/post"}],"author":[{"embeddable":true,"href":"https:\/\/www.celttv.com.ar\/index.php\/wp-json\/wp\/v2\/users\/1"}],"replies":[{"embeddable":true,"href":"https:\/\/www.celttv.com.ar\/index.php\/wp-json\/wp\/v2\/comments?post=40842"}],"version-history":[{"count":0,"href":"https:\/\/www.celttv.com.ar\/index.php\/wp-json\/wp\/v2\/posts\/40842\/revisions"}],"wp:featuredmedia":[{"embeddable":true,"href":"https:\/\/www.celttv.com.ar\/index.php\/wp-json\/wp\/v2\/media\/40843"}],"wp:attachment":[{"href":"https:\/\/www.celttv.com.ar\/index.php\/wp-json\/wp\/v2\/media?parent=40842"}],"wp:term":[{"taxonomy":"category","embeddable":true,"href":"https:\/\/www.celttv.com.ar\/index.php\/wp-json\/wp\/v2\/categories?post=40842"},{"taxonomy":"post_tag","embeddable":true,"href":"https:\/\/www.celttv.com.ar\/index.php\/wp-json\/wp\/v2\/tags?post=40842"}],"curies":[{"name":"wp","href":"https:\/\/api.w.org\/{rel}","templated":true}]}}