{"id":40853,"date":"2019-04-08T15:03:14","date_gmt":"2019-04-08T15:03:14","guid":{"rendered":"http:\/\/www.celttv.com.ar\/?p=40853"},"modified":"2019-04-08T15:03:14","modified_gmt":"2019-04-08T15:03:14","slug":"informe-de-la-ultima-sesion-ordinaria-del-honorable-concejo-deliberante-videos","status":"publish","type":"post","link":"https:\/\/www.celttv.com.ar\/index.php\/2019\/04\/08\/informe-de-la-ultima-sesion-ordinaria-del-honorable-concejo-deliberante-videos\/","title":{"rendered":"Informe de la \u00faltima Sesi\u00f3n Ordinaria del Honorable Concejo Deliberante (Videos)"},"content":{"rendered":"<p><strong><u>Comunicaciones Oficiales y dict\u00e1menes de las Comisiones:<\/u><\/strong><\/p>\n<p><strong><u>\u00a0<\/u><\/strong><\/p>\n<p><strong><u>Expte. <\/u><\/strong><strong><u>N\u00ba 046\/19:<\/u><\/strong> \u201cD.E-\u00a0 Cierre Ejercicio 2018\u201d.<\/p>\n<p>Pasa a las Comisiones de Presupuesto y Hacienda, Interpretaci\u00f3n y Reglamento, y Asuntos Municipales.<\/p>\n<p>&nbsp;<\/p>\n<p><strong><u>Expte. <\/u><\/strong><strong><u>N\u00ba 051\/19:<\/u><\/strong> \u201cD.E. \u2013 Creaci\u00f3n del Servicio de Medicina del Trabajo\u201d.<\/p>\n<p>Pasa a las Comisiones de Salud P\u00fablica, Asuntos Municipales, e Interpretaci\u00f3n y Reglamento.<\/p>\n<p>&nbsp;<\/p>\n<p><strong><u>Expte. <\/u><\/strong><strong><u>N\u00ba 058\/19:<\/u><\/strong> \u201cD.E. \u2013 Cesi\u00f3n de inmueble a la Asociaci\u00f3n Civil Centro de Jubilados y Pensionados de Villa Ventana\u201d.<\/p>\n<p>Se solicita tratamiento sobre Tablas.<\/p>\n<p>Se aprueba por unanimidad la Ordenanza bajo el N\u00ba 3127\/19 por la que se cede a t\u00edtulo gratuito a la ASOCIACI\u00d3N CIVIL CENTRO DE JUBILADOS Y PENSIONADOS DE VILLA VENTANA, Personer\u00eda Jur\u00eddica N\u00ba 226817, el inmueble bald\u00edo designado catastralmente como: Circunscripci\u00f3n: VII, Secci\u00f3n: A, Mz.: 32, Parcela: 26, Partida: 7.937, cuyo dominio se encuentra en cabeza de la Municipalidad de Tornquist, incorporado como bien municipal por Ley 9533 \u2013 Resoluci\u00f3n N\u00ba 675\/80, para ser destinado\u00a0 exclusivamente a la construcci\u00f3n del edificio donde funcionar\u00e1 la sede e instalaciones de la instituci\u00f3n.- Se declara de Inter\u00e9s Social la escrituraci\u00f3n del mencionado inmueble con todo lo edificado y adherido al suelo, en los t\u00e9rminos del Art\u00edculo 4\u00ba inciso d) de la Ley N\u00ba 10.830, para proceder ante la Escriban\u00eda General de Gobierno de la Provincia de Buenos Aires.-<\/p>\n<p>&nbsp;<\/p>\n<p><strong><u>Expte. <\/u><\/strong><strong><u>N\u00ba 059\/19:<\/u><\/strong> \u201cD.E. \u2013 Cesi\u00f3n inmueble a Bomberos Voluntarios de Chasic\u00f3\u201d.<\/p>\n<p>Se solicita tratamiento sobre Tablas.<\/p>\n<p>Se aprueba por unanimidad la Ordenanza bajo el N\u00ba \u00a03128\/19 por la que se cede \u00a0a t\u00edtulo gratuito a los BOMBEROS VOLUNTARIOS DE CHASIC\u00d3 ASOCIACI\u00d3N CIVIL, Personer\u00eda Jur\u00eddica N\u00ba 239813, el inmueble bald\u00edo designado catastralmente como: Circunscripci\u00f3n: V, Secci\u00f3n: A, Mz.: 18, Parcela: 5, Partida: 13.361, cuyo dominio se encuentra en cabeza de la Municipalidad de Tornquist, incorporado como bien municipal por Ley 9533 \u2013 Resoluci\u00f3n N\u00ba 675\/80, para ser destinado \u00a0exclusivamente a la construcci\u00f3n del edificio donde funcionar\u00e1 el cuartel de la instituci\u00f3n.- Se declara de Inter\u00e9s Social la escrituraci\u00f3n del mencionado inmueble con todo lo edificado y adherido al suelo, en los t\u00e9rminos del Art\u00edculo 4\u00ba inciso d) de la Ley N\u00ba 10.830, para proceder ante la Escriban\u00eda General de Gobierno de la Provincia de Buenos Aires.-<\/p>\n<p>&nbsp;<\/p>\n<p><strong><u>Expte. <\/u><\/strong><strong><u>N\u00ba 7092\/19:<\/u><\/strong> \u201cBloque Cambiemos Bs. As. \u2013 Proyecto de Ordenanza: Ref. Uso Terap\u00e9utico del Cannabis\u201d.<\/p>\n<p>Pasa a las Comisiones de Salud P\u00fablica, Interpretaci\u00f3n y Reglamento, y Asuntos Municipales.<\/p>\n<p><strong><u>\u00a0<\/u><\/strong><\/p>\n<p><strong><u>Expte. <\/u><\/strong><strong><u>N\u00ba 6911\/16:<\/u><\/strong> \u201cN.P.- Comisi\u00f3n Directiva Sociedad Germ\u00e1nica de Tornquist: Solicita declarar de Inter\u00e9s Patrimonial Hist\u00f3rica Cultural al edificio de la Instituci\u00f3n (Sita en Avda. Belgrano N\u00ba 137)\u201d.<\/p>\n<p>Se aprueba por unanimidad el dictamen de las Comisiones de ASUNTOS MUNICIPALES Y OBRAS P\u00daBLICAS que \u00a0aconseja enviar el mismo al \u00e1rea de Obras P\u00fablicas de acuerdo a lo recomendado por el Secretario de Desarrollo Sr. Gonzalo Iparraguirre en la respuesta que obra en el Expediente.<\/p>\n<p>&nbsp;<\/p>\n<p><strong><u>Expte. <\/u><\/strong><strong><u>N\u00ba 6991\/17:<\/u><\/strong> \u201cBloques P.J. y F.P.V. \u2013 Proyecto de Resoluci\u00f3n: Declarar Patrimonio Hist\u00f3rico Cultural el Edificio Ubicado en la calle 25 de Mayo N\u00ba 626\u201d.<\/p>\n<p>Se aprueba por unanimidad el dictamen de las Comisiones de OBRAS P\u00daBLICAS, ASUNTOS MUNICIPALES E INTERPRETACI\u00d3N Y REGLAMENTO que aconseja enviar el mismo a la Direcci\u00f3n de Cultura para que analice la viabilidad del proyecto.<\/p>\n<p>&nbsp;<\/p>\n<p><strong><u>Expte. <\/u><\/strong><strong><u>N\u00ba 7000\/18:<\/u><\/strong> \u201cBloque F.P.V. y F.J.C. \u2013 Pedido de Informe: Solicita informe detallado del destino de todo el equipamiento tecnol\u00f3gico con el que contaba el NAC\u201d.<\/p>\n<p>Se aprueba por unanimidad el dictamen de la Comisi\u00f3n de\u00a0\u00a0ASUNTOS MUNICIPALES\u00a0que \u00a0aconseja enviar el mismo al Archivo.-<\/p>\n<p>&nbsp;<\/p>\n<p><strong><u>Expte. <\/u><\/strong><strong><u>N\u00ba 7100\/19:<\/u><\/strong> \u201cBloque F.P.V. y F.J.C \u2013 Proyecto de Resoluci\u00f3n: Adhesi\u00f3n al Proyecto de Ley N\u00ba 7749-D-2018\u201d.<\/p>\n<p>Este Expediente tiene dos dict\u00e1menes:<\/p>\n<p>&nbsp;<\/p>\n<p>El primero dice:<\/p>\n<p>La Comisi\u00f3n de INTERPRETACI\u00d3N Y REGLAMENTO (en mayor\u00eda) habiendo analizado el Expte. N\u00ba 7100\/19, aconseja no aprobar el Proyecto de Resoluci\u00f3n obrante a fs. 1 y 2, y enviar el mismo al Archivo.-<\/p>\n<p>&nbsp;<\/p>\n<p>El segundo dice:<\/p>\n<p>La Comisi\u00f3n de INTERPRETACI\u00d3N Y REGLAMENTO (en minor\u00eda) habiendo analizado el Expte. N\u00ba 7100\/19, aconseja aprobar el Proyecto de Resoluci\u00f3n obrante a fs. 1 y 2.-<\/p>\n<p>&nbsp;<\/p>\n<p>Se aprueba por mayor\u00eda (votaci\u00f3n 7 a 5) el primer dictamen.<\/p>\n<p>&nbsp;<\/p>\n<p><strong><u>Expte. <\/u><\/strong><strong><u>N\u00ba 7101\/19:<\/u><\/strong> \u201cN.P. \u2013 Silvia Morando: Expresa disconformidad con el servicio de la Empresa La Estrella El C\u00f3ndor, trayecto Bah\u00eda Blanca &#8211; Bs. As\u201d.<\/p>\n<p>Se aprueba por unanimidad el dictamen de la Comisi\u00f3n de ASUNTOS MUNICIPALES que aconseja enviar el mismo al \u00e1rea correspondiente para dar respuesta a la nota.-<\/p>\n<p>&nbsp;<\/p>\n<p><strong><u>Expte. N\u00ba 7103\/19:<\/u><\/strong> \u201cN.P. \u2013 Armando Arias: Ref. vivienda en usufructo para jubilados\u201d.<\/p>\n<p>Se aprueba por unanimidad el dictamen de la Comisi\u00f3n de ASUNTOS MUNICIPALES que aconseja enviar el mismo al Departamento Ejecutivo para que d\u00e9 respuesta a trav\u00e9s del \u00e1rea que corresponda de la nota que obra en el Expediente.-<\/p>\n<p>&nbsp;<\/p>\n<p><strong><u>Proyectos Presentados:<\/u><\/strong><\/p>\n<p><strong><u>\u00a0<\/u><\/strong><\/p>\n<p><strong><u>Honorable Concejo Deliberante- Proyecto de Ordenanza:<\/u><\/strong> Declara la Adhesi\u00f3n del Honorable Concejo Deliberante de Tornquist a la Ley N1 27499 \u201cLey Micaela\u201d.<\/p>\n<p>Se solicita tratamiento sobre Tablas.<\/p>\n<p>Se aprueba por unanimidad la Ordenanza con el N\u00ba 3129\/19 \u00a0por la que se declara la adhesi\u00f3n del Honorable Concejo Deliberante de Tornquist a la Ley Nacional N\u00ba \u00a027499, sancionada por el Senado y\u00a0 la C\u00e1mara de Diputados de la Naci\u00f3n Argentina,\u00a0 que establece la capacitaci\u00f3n obligatoria en la tem\u00e1tica de g\u00e9nero y violencia contra las mujeres, para todas las personas que se desempe\u00f1en en la funci\u00f3n p\u00fablica en todos sus niveles y jerarqu\u00edas en los poderes Ejecutivo, Legislativo y Judicial de la Naci\u00f3n.<\/p>\n<p>El Departamento Ejecutivo Municipal decidir\u00e1 qu\u00e9 \u00c1rea u Organismo Municipal ser\u00e1 la autoridad de aplicaci\u00f3n de la presente Ordenanza.<\/p>\n<p>El Honorable Concejo Deliberante y el Consejo Municipal de las Mujeres de Tornquist colaborar\u00e1n en la implementaci\u00f3n de las capacitaciones, que comenzar\u00e1n a impartirse dentro del a\u00f1o de la entrada en vigencia de la presente Ordenanza. Para tal fin, las autoridades de aplicaci\u00f3n deber\u00e1n desarrollar materiales y\/o programas, cuyos contenidos deben apuntar a la prevenci\u00f3n de la violencia de g\u00e9nero en todas sus formas.<\/p>\n<p>La autoridad de aplicaci\u00f3n deber\u00e1 brindar acceso p\u00fablico y difundir el grado de cumplimiento de las disposiciones de la presente en cada uno de los organismos referidos en el art\u00edculo 2\u00ba e informar sobre el cumplimiento de lo dispuesto en la presente Ordenanza, incluyendo la n\u00f3mina de las autoridades municipales que se han capacitado.<\/p>\n<p>Las personas que se negaren sin justa causa a realizar las capacitaciones previstas en la presente Ordenanza, ser\u00e1n intimadas en forma fehaciente por la autoridad de aplicaci\u00f3n, a trav\u00e9s y de conformidad con la dependencia de que se trate. El incumplimiento de dicha intimaci\u00f3n ser\u00e1 considerado falta grave dando lugar a la sanci\u00f3n disciplinaria pertinente, siendo posible hacer p\u00fablica la negativa a participar en la capacitaci\u00f3n en la p\u00e1gina web del Municipio.<\/p>\n<p><strong><u>\u00a0<\/u><\/strong><\/p>\n<p><strong><u>Bloques Frente para la Victoria y Frente Justicialista Cumplir- Proyecto de Resoluci\u00f3n:<\/u><\/strong> Adherir al Proyecto de Ley de Protecci\u00f3n de cr\u00e9ditos hipotecarios y prendarios en Unidades de Valor Adquisitivos (UVA) destinados a la adquisici\u00f3n de viviendas familiares y\/o automotores otorgados por el Banco Provincia de Buenos Aires, del Senador Provincial\u00a0 Federico Susbielles.<\/p>\n<p>Se solicita formaci\u00f3n de Expediente y tratamiento sobre Tablas.<\/p>\n<p>Se aprueba por unanimidad la Resoluci\u00f3n N\u00ba \u00a006\/19 por la que \u00a0el Honorable Concejo Deliberante de Tornquist adhiere al Proyecto de Ley de Protecci\u00f3n de Cr\u00e9ditos Hipotecarios\u00a0y Prendarios\u00a0en Unidades de Valor Adquisitivos (UVA) destinados a la adquisici\u00f3n de viviendas familiares\u00a0y\/o automotores\u00a0otorgados por el Banco Provincia de Buenos Aires, del Senador Provincial Federico Susbielles (E 153 2018 \u2013 2019).- Este Proyecto tiene por objeto dotar al Banco de la Provincia de facultades para proteger a las familias bonaerenses que han adquirido\u00a0cr\u00e9ditos hipotecarios en Unidades de Valor Adquisitivo actualizables por Coeficiente de Estabilizaci\u00f3n de Referencia \u201cCER\u201d \u2013 Ley 25.827 (\u201cUVA\u201d) destinados a la adquisici\u00f3n de viviendas familiares.-<\/p>\n<p>Se env\u00eda copia de la presente a la Honorable C\u00e1mara de Senadores de la Provincia de Buenos Aires\u00a0 y\u00a0 Honorable C\u00e1mara de Diputados de la Provincia de Buenos Aires.-<\/p>\n<p>&nbsp;<\/p>\n<p><strong><u>Bloques Frente para la Victoria y Frente Justicialista Cumplir- Proyecto de Ordenanza:<\/u><\/strong> Adhiere el Municipio de Tornquist a la Ley Provincial 15104 que declara el a\u00f1o 2019 como A\u00f1o del Centenario del nacimiento de Eva Duarte de Per\u00f3n.<\/p>\n<p>Se solicita formaci\u00f3n de Expediente y pase a Comisi\u00f3n.<\/p>\n<p>&nbsp;<\/p>\n<p><strong><u>Asuntos Particulares<\/u><\/strong><\/p>\n<p><strong><u>\u00a0<\/u><\/strong><\/p>\n<p><strong><u>N.P. Prestadores de Servicios Tur\u00edsticos de Sierra de la Ventana <\/u><\/strong><strong><u>y comerciantes habilitados:<\/u><\/strong> En relaci\u00f3n a los recientes incrementos en las Tasas por Inspecci\u00f3n de Seguridad e Higiene en la localidad, rechazan a todos los efectos la facturaci\u00f3n 01\/2019, solicitan su anulaci\u00f3n y la revisi\u00f3n de los aumentos aprobados por el C\u00f3digo Tributario Municipal 2019. Firmado por varios comerciantes y prestadores tur\u00edsticos de Sierra de la Ventana.<\/p>\n<p><u>\u00a0<\/u><\/p>\n<p><strong><u>N.P. <\/u><\/strong><strong><u>Asociaci\u00f3n para el Desarrollo Tur\u00edstico de la Comarca de Sierra de la Ventana, (compuesta por todas las C\u00e1maras de Comercio y Turismo y Asociaciones de Prestadores Tur\u00edsticos de todo el Distrito)<\/u><\/strong>: Hace llegar su preocupaci\u00f3n por los marcados incrementos en la Tasa de Seguridad e Higiene para el sector comercial y sobre todos en lo que respecta al rubro alojamientos tur\u00edsticos. Firmado por: Jorge Maipach, Presidente; Gabriela Garc\u00eda, Presidente C\u00e1mara de Comercio y Turismo de Villa Ventana; Pablo Canle, presidente C\u00e1mara de Comercio Tornquist; Gladys Contreras, Presidente Asociaci\u00f3n Prestadores Tur\u00edsticos y Comerciantes Villa Ventana; Dante Peralta, Presidente de ATUCOS, Holzman Gisela, Vicepresidente CAMCOTISAS.<\/p>\n<p>Se solicita\u00a0 formaci\u00f3n de\u00a0 Expediente y pase a Comisi\u00f3n con las dos notas le\u00eddas.<\/p>\n<p>&nbsp;<\/p>\n<p><strong><u>N.P. Laura Pedrero, Directora Jard\u00edn de Infantes N\u00ba 907 Tornquist:<\/u><\/strong> Informa la necesidad de contar en la instituci\u00f3n con sillas para el SUM.<\/p>\n<p>El Presidente informa que desde el Departamento Ejecutivo le comunicaron que se est\u00e1n encargando del tema.<\/p>\n<p><strong><u>\u00a0<\/u><\/strong><\/p>\n<p>Alocuciones de los se\u00f1ores Concejales:<\/p>\n<p>&nbsp;<\/p>\n<p>Concejal Sagredo M\u00f3nica:<\/p>\n<p>\u201cAntes de esta Sesi\u00f3n mantuvimos una reuni\u00f3n con prestadores tur\u00edsticos que presentaban inquietudes referidas al incremento de tasas, especialmente la de Inspecci\u00f3n por Seguridad e Higiene, la Clasificaci\u00f3n por Plazas, el descalce de las Tasas Municipales respecto a la inflaci\u00f3n, la baja afluencia tur\u00edstica en la Comarca, la baja facturaci\u00f3n y los elevados costos. Como resultado de esa reuni\u00f3n, en la que participaron integrantes del Poder Ejecutivo, y los Concejales, se decidi\u00f3 hacer una reforma, una modificaci\u00f3n al C\u00f3digo Tributario. Celebramos que eso se haya dado de esa manera, y lo que lamentamos es que este reclamo nosotros lo hemos hecho como representantes del pueblo en su momento, cuando se dio tratamiento al C\u00f3digo Tributario, hace ya varios meses que venimos hablando sobre esto, pero bueno, fue necesario que los contribuyentes se acercaran, que se hagan presentes para aceptar que hubo un error, un error que fue un error de redacci\u00f3n en el C\u00f3digo Tributario, no un error de interpretaci\u00f3n como se plante\u00f3. Porque el planteo que se hizo fue que hubo un error de interpretaci\u00f3n al computar, al hacer el c\u00f3mputo para hacer la facturaci\u00f3n de las tasas. Que quede claro que fue un error de redacci\u00f3n no de interpretaci\u00f3n, por eso se va a modificar el C\u00f3digo Tributario. Tambi\u00e9n lamentamos que no hayan podido participar de la reuni\u00f3n algunos vecinos que estaban afuera del Recinto, por eso nosotros finalizada esa reuni\u00f3n nos acercamos, los cinco Concejales de la oposici\u00f3n nos acercamos a conversar con la gente que hab\u00eda quedado afuera, nos hubiese gustado que alg\u00fan otro Concejal tambi\u00e9n lo hiciera, bueno, esto no pas\u00f3, pero bueno, esperamos al comunicado que saldr\u00e1 ma\u00f1ana de parte del Departamento Ejecutivo informando c\u00f3mo va a ser la facturaci\u00f3n, y para que todos est\u00e9n enterados de las modificaciones que se van a hacer. Esperaremos tambi\u00e9n a que suban las modificaciones propuestas para el C\u00f3digo Tributario y ojal\u00e1 en ese momento podamos consensuarlo, dialogarlo, especialmente con aquellos que son quienes van a recibir las tasas. Al mismo tiempo y contradictoriamente, hace un momento, en esta Sesi\u00f3n, por mayor\u00eda se decidi\u00f3 no aprobar un Proyecto de Resoluci\u00f3n en el que solicit\u00e1bamos los Bloques Frente para la Victoria, y Frente Justicialista Cumplir adherir a un Proyecto de Ley presentado por el Diputado Agust\u00edn Rossi, el cual tiene por objeto suspender los aumentos tarifarios de los servicios p\u00fablicos de gas, electricidad, agua potable, cloacas, a partir de enero de 2019. Entre los considerandos que nosotros pon\u00edamos en ese Proyecto de Resoluci\u00f3n uno dec\u00eda: \u201cQue sin perjuicio de las diferentes corrientes pol\u00edticas que conforman nuestro Concejo Deliberante el voto ciudadano nos exige defender a quienes m\u00e1s sufren los costos de esta pol\u00edtica tarifaria, por lo que invitamos a acompa\u00f1ar el presente con su voto\u201d. Ese acompa\u00f1amiento no existi\u00f3, ya que el voto de los Concejales de Cambiemos fue negativo. Por eso una vez m\u00e1s volvemos a reiterar que nuestra obligaci\u00f3n es estar al lado y defender los intereses de cada uno de nuestros vecinos, los vecinos de nuestro Distrito a quienes representamos porque nos eligieron con su voto. Tenemos que ser responsables de las decisiones que tomamos, y no seguir la l\u00ednea que se ve que se toma desde el gobierno nacional, provincial, donde permanentemente se toman decisiones en contra del pueblo, y cuando el pueblo reacciona se vuelve para atr\u00e1s, pero mientras tanto las decisiones tomadas si pasan, pasan. Nada m\u00e1s se\u00f1or Presidente\u201d.<\/p>\n<p>&nbsp;<\/p>\n<p>Concejal Ibarra Juan Manuel:<\/p>\n<p>\u201cQuer\u00eda hacer una menci\u00f3n especial ya que se dio un hecho hist\u00f3rico el mes pasado en mi localidad, Chasic\u00f3, a partir del 13 de marzo en el pueblo contamos con una Asociaci\u00f3n de Bomberos, obtuvo la personer\u00eda jur\u00eddica, con lo que eso conlleva, porque bueno, creo que es m\u00e1s que importante sumar un nuevo Cuartel de Bomberos al Distrito, ya que la localidad se encuentra bastante alejada de la ciudad cabecera, y su intervenci\u00f3n la hac\u00edan los bomberos de ac\u00e1, locales, los de Tornquist, cuando eran solicitados. Gracias a Dios esa intervenci\u00f3n ya no se va a tener que hacer, porque gracias a la gesti\u00f3n del Intendente Sergio Bordoni el pueblo va a contar con un Cuartel de Bomberos. Hoy justamente votamos la cesi\u00f3n de un terreno, \u00bfs\u00ed? se les va a ceder un terreno para construir dicho cuartel, contamos con una autobomba, y una unidad de traslados. Todo se gestion\u00f3 con este actual Intendente, as\u00ed que estamos muy agradecidos y en nombre de la localidad de Chasic\u00f3, bueno, insisto, muchas gracias\u201d.<\/p>\n<p>&nbsp;<\/p>\n<p>Concejal L\u00f6ffler Guillermo:<\/p>\n<p>\u201cSi, yo me quer\u00eda referir, para que hagamos memoria todos los Concejales si se acuerdan el d\u00eda que se aprob\u00f3 el empr\u00e9stito o el endeudamiento de once millones seiscientos mil pesos para la erradicaci\u00f3n de los basureros que ese mismo d\u00eda mocionamos que se nos alcance una copia de todo el proyecto. Ya vamos m\u00e1s de un mes, no hemos recibido todav\u00eda la copia del proyecto, las autorizaciones y las aprobaciones del OPDS, bueno, toda la documentaci\u00f3n que requiere hacer un relleno sanitario y bueno, yo la semana pasada me he comunicado con la Directora\u00a0 de Medio Ambiente, la cual me dijo que me lo iba a mandar por mail, ya hace m\u00e1s de una semana, no lo hemos recibido, y lo planteo ahora porque no quiero que despu\u00e9s nos llegue a hacer la Sesi\u00f3n,\u00a0 Definitiva, \u00bfno?, que tenemos que hacer la Ordenanza Definitiva para el endeudamiento,\u00a0 nos perdimos ya m\u00e1s de un mes y todav\u00eda no tenemos el proyecto. O sea, despu\u00e9s nos critican cuando dicen que queremos poner palos en la rueda, bueno pero nosotros queremos, lo aprobamos para que esto siga, para no retardar los seis meses que prometi\u00f3 el Intendente de erradicar los basureros, pero a su vez tambi\u00e9n queremos leer el proyecto, y lo queremos discutir, porque hay cosas que no nos quedan claras, si por arriba lo poco que pudimos ver, que una, por ejemplo es que venga toda la basura del Distrito a Tornquist, bueno, queremos ver c\u00f3mo es, c\u00f3mo est\u00e1 planteado, y si no tenemos la documentaci\u00f3n que lo avale, y el proyecto en papel, el presentado, que es realmente lo que se va a hacer, no lo podemos ni siquiera discutir. O sea, la idea era primero que nos env\u00eden el proyecto y despu\u00e9s generar una reuni\u00f3n con la Directora. Por ah\u00ed le pido se\u00f1or Presidente\u00a0 si se puede hacer cargo de volverlo a pedir porque no lo hemos recibido y bueno, no queremos volver a que nos pase como el otro d\u00eda, tengamos media hora para poder analizarlo. Nada m\u00e1s se\u00f1or Presidente\u201d.<\/p>\n<p>&nbsp;<\/p>\n<p>Presidente del Honorable Concejo Deliberante, Concejal Moroncini Gustavo:<\/p>\n<p>\u201cMa\u00f1ana por Secretar\u00eda se va a hacer el pedido.\u201d<\/p>\n<p>&nbsp;<\/p>\n<p>&nbsp;<\/p>\n<p>HONORABLE CONCEJO DELIBERANTE<\/p>\n<div class=\"jeg_video_container jeg_video_content\"><iframe loading=\"lazy\" title=\"2019 04 04 LECTURA RECHAZO DE AUMENTO DE TASAS PRESTADORES Y ASOC TURISMO\" width=\"500\" height=\"375\" src=\"https:\/\/www.youtube.com\/embed\/hFCpm--Q46o?feature=oembed\" frameborder=\"0\" allow=\"accelerometer; autoplay; clipboard-write; encrypted-media; gyroscope; picture-in-picture; web-share\" referrerpolicy=\"strict-origin-when-cross-origin\" allowfullscreen><\/iframe><\/div>\n<div class=\"jeg_video_container jeg_video_content\"><iframe loading=\"lazy\" title=\"2019 04 04 HCD 1 MONICA SAGREDO\" width=\"500\" height=\"375\" src=\"https:\/\/www.youtube.com\/embed\/o-Af2nYksBU?feature=oembed\" frameborder=\"0\" allow=\"accelerometer; autoplay; clipboard-write; encrypted-media; gyroscope; picture-in-picture; web-share\" referrerpolicy=\"strict-origin-when-cross-origin\" allowfullscreen><\/iframe><\/div>\n<div class=\"jeg_video_container jeg_video_content\"><iframe loading=\"lazy\" title=\"2019 04 04 HCD 2 JUAN MANUEL IBARRA\" width=\"500\" height=\"375\" src=\"https:\/\/www.youtube.com\/embed\/Znh5JBAqVrI?feature=oembed\" frameborder=\"0\" allow=\"accelerometer; autoplay; clipboard-write; encrypted-media; gyroscope; picture-in-picture; web-share\" referrerpolicy=\"strict-origin-when-cross-origin\" allowfullscreen><\/iframe><\/div>\n<div class=\"jeg_video_container jeg_video_content\"><iframe loading=\"lazy\" title=\"2019 04 04 HCD 3 GUILLERMO LOFFLER\" width=\"500\" height=\"375\" src=\"https:\/\/www.youtube.com\/embed\/OBOVULOEWeM?feature=oembed\" frameborder=\"0\" allow=\"accelerometer; autoplay; clipboard-write; encrypted-media; gyroscope; picture-in-picture; web-share\" referrerpolicy=\"strict-origin-when-cross-origin\" allowfullscreen><\/iframe><\/div>\n<p>&nbsp;<\/p>\n","protected":false},"excerpt":{"rendered":"<p>Comunicaciones Oficiales y dict\u00e1menes de las Comisiones: \u00a0 Expte. N\u00ba 046\/19: \u201cD.E-\u00a0 Cierre Ejercicio 2018\u201d. Pasa a las Comisiones de Presupuesto y Hacienda, Interpretaci\u00f3n y Reglamento, y Asuntos Municipales. &nbsp; Expte. N\u00ba 051\/19: \u201cD.E. \u2013 Creaci\u00f3n del Servicio de Medicina del Trabajo\u201d. Pasa a las Comisiones de Salud P\u00fablica, Asuntos Municipales, e Interpretaci\u00f3n y Reglamento. [&hellip;]<\/p>\n","protected":false},"author":1,"featured_media":40854,"comment_status":"closed","ping_status":"open","sticky":false,"template":"","format":"standard","meta":{"footnotes":""},"categories":[55,51,52,53],"tags":[],"class_list":["post-40853","post","type-post","status-publish","format-standard","has-post-thumbnail","hentry","category-celt-tv-noticias","category-comunidad","category-destacadas","category-politica"],"yoast_head":"<!-- This site is optimized with the Yoast SEO plugin v19.7.1 - https:\/\/yoast.com\/wordpress\/plugins\/seo\/ -->\n<title>Informe de la \u00faltima Sesi\u00f3n Ordinaria del Honorable Concejo Deliberante (Videos) - CELTTV<\/title>\n<meta name=\"description\" content=\"Sitio web de noticias de la localidad de Tornquist, provincia de Buenos Aires, Rep\u00fablica Argentina. Contenido propio originado por periodistas de CELTTV, el canal de TV local de la Cooperativa El\u00e9ctrica de Tornquist. Turismo, Pol\u00edtica, Sociedad, Deporte, Cultura y todo el contenido de inter\u00e9s general que la gente del pueblo y la regi\u00f3n debe conocer.\" \/>\n<meta name=\"robots\" content=\"index, follow, max-snippet:-1, max-image-preview:large, max-video-preview:-1\" \/>\n<link rel=\"canonical\" href=\"https:\/\/www.celttv.com.ar\/index.php\/2019\/04\/08\/informe-de-la-ultima-sesion-ordinaria-del-honorable-concejo-deliberante-videos\/\" \/>\n<meta property=\"og:locale\" content=\"es_ES\" \/>\n<meta property=\"og:type\" content=\"article\" \/>\n<meta property=\"og:title\" content=\"Informe de la \u00faltima Sesi\u00f3n Ordinaria del Honorable Concejo Deliberante (Videos) - CELTTV\" \/>\n<meta property=\"og:description\" content=\"Sitio web de noticias de la localidad de Tornquist, provincia de Buenos Aires, Rep\u00fablica Argentina. Contenido propio originado por periodistas de CELTTV, el canal de TV local de la Cooperativa El\u00e9ctrica de Tornquist. Turismo, Pol\u00edtica, Sociedad, Deporte, Cultura y todo el contenido de inter\u00e9s general que la gente del pueblo y la regi\u00f3n debe conocer.\" \/>\n<meta property=\"og:url\" content=\"https:\/\/www.celttv.com.ar\/index.php\/2019\/04\/08\/informe-de-la-ultima-sesion-ordinaria-del-honorable-concejo-deliberante-videos\/\" \/>\n<meta property=\"og:site_name\" content=\"CELTTV\" \/>\n<meta property=\"article:publisher\" content=\"https:\/\/www.facebook.com\/celtTV\/\" \/>\n<meta property=\"article:published_time\" content=\"2019-04-08T15:03:14+00:00\" \/>\n<meta property=\"og:image\" content=\"https:\/\/www.celttv.com.ar\/wp-content\/uploads\/2019\/04\/P1090026.jpg\" \/>\n\t<meta property=\"og:image:width\" content=\"1024\" \/>\n\t<meta property=\"og:image:height\" content=\"768\" \/>\n\t<meta property=\"og:image:type\" content=\"image\/jpeg\" \/>\n<meta name=\"author\" content=\"ulises\" \/>\n<meta name=\"twitter:card\" content=\"summary_large_image\" \/>\n<meta name=\"twitter:label1\" content=\"Escrito por\" \/>\n\t<meta name=\"twitter:data1\" content=\"ulises\" \/>\n\t<meta name=\"twitter:label2\" content=\"Tiempo de lectura\" \/>\n\t<meta name=\"twitter:data2\" content=\"15 minutos\" \/>\n<script type=\"application\/ld+json\" class=\"yoast-schema-graph\">{\"@context\":\"https:\/\/schema.org\",\"@graph\":[{\"@type\":\"NewsArticle\",\"@id\":\"https:\/\/www.celttv.com.ar\/index.php\/2019\/04\/08\/informe-de-la-ultima-sesion-ordinaria-del-honorable-concejo-deliberante-videos\/#article\",\"isPartOf\":{\"@id\":\"https:\/\/www.celttv.com.ar\/index.php\/2019\/04\/08\/informe-de-la-ultima-sesion-ordinaria-del-honorable-concejo-deliberante-videos\/\"},\"author\":{\"name\":\"ulises\",\"@id\":\"https:\/\/www.celttv.com.ar\/#\/schema\/person\/6d99c072dba59953809c81446e9d0ace\"},\"headline\":\"Informe de la \u00faltima Sesi\u00f3n Ordinaria del Honorable Concejo Deliberante (Videos)\",\"datePublished\":\"2019-04-08T15:03:14+00:00\",\"dateModified\":\"2019-04-08T15:03:14+00:00\",\"mainEntityOfPage\":{\"@id\":\"https:\/\/www.celttv.com.ar\/index.php\/2019\/04\/08\/informe-de-la-ultima-sesion-ordinaria-del-honorable-concejo-deliberante-videos\/\"},\"wordCount\":2960,\"publisher\":{\"@id\":\"https:\/\/www.celttv.com.ar\/#organization\"},\"articleSection\":[\"Celt TV Noticias\",\"Comunidad\",\"Destacadas\",\"Pol\u00edtica\"],\"inLanguage\":\"es\"},{\"@type\":\"WebPage\",\"@id\":\"https:\/\/www.celttv.com.ar\/index.php\/2019\/04\/08\/informe-de-la-ultima-sesion-ordinaria-del-honorable-concejo-deliberante-videos\/\",\"url\":\"https:\/\/www.celttv.com.ar\/index.php\/2019\/04\/08\/informe-de-la-ultima-sesion-ordinaria-del-honorable-concejo-deliberante-videos\/\",\"name\":\"Informe de la \u00faltima Sesi\u00f3n Ordinaria del Honorable Concejo Deliberante (Videos) - CELTTV\",\"isPartOf\":{\"@id\":\"https:\/\/www.celttv.com.ar\/#website\"},\"datePublished\":\"2019-04-08T15:03:14+00:00\",\"dateModified\":\"2019-04-08T15:03:14+00:00\",\"description\":\"Sitio web de noticias de la localidad de Tornquist, provincia de Buenos Aires, Rep\u00fablica Argentina. Contenido propio originado por periodistas de CELTTV, el canal de TV local de la Cooperativa El\u00e9ctrica de Tornquist. Turismo, Pol\u00edtica, Sociedad, Deporte, Cultura y todo el contenido de inter\u00e9s general que la gente del pueblo y la regi\u00f3n debe conocer.\",\"breadcrumb\":{\"@id\":\"https:\/\/www.celttv.com.ar\/index.php\/2019\/04\/08\/informe-de-la-ultima-sesion-ordinaria-del-honorable-concejo-deliberante-videos\/#breadcrumb\"},\"inLanguage\":\"es\",\"potentialAction\":[{\"@type\":\"ReadAction\",\"target\":[\"https:\/\/www.celttv.com.ar\/index.php\/2019\/04\/08\/informe-de-la-ultima-sesion-ordinaria-del-honorable-concejo-deliberante-videos\/\"]}]},{\"@type\":\"BreadcrumbList\",\"@id\":\"https:\/\/www.celttv.com.ar\/index.php\/2019\/04\/08\/informe-de-la-ultima-sesion-ordinaria-del-honorable-concejo-deliberante-videos\/#breadcrumb\",\"itemListElement\":[{\"@type\":\"ListItem\",\"position\":1,\"name\":\"Inicio\",\"item\":\"https:\/\/www.celttv.com.ar\/\"},{\"@type\":\"ListItem\",\"position\":2,\"name\":\"Informe de la \u00faltima Sesi\u00f3n Ordinaria del Honorable Concejo Deliberante (Videos)\"}]},{\"@type\":\"WebSite\",\"@id\":\"https:\/\/www.celttv.com.ar\/#website\",\"url\":\"https:\/\/www.celttv.com.ar\/\",\"name\":\"CELTTV\",\"description\":\"Cooperativa El\u00e9ctrica de Tornquist\",\"publisher\":{\"@id\":\"https:\/\/www.celttv.com.ar\/#organization\"},\"potentialAction\":[{\"@type\":\"SearchAction\",\"target\":{\"@type\":\"EntryPoint\",\"urlTemplate\":\"https:\/\/www.celttv.com.ar\/?s={search_term_string}\"},\"query-input\":\"required name=search_term_string\"}],\"inLanguage\":\"es\"},{\"@type\":\"Organization\",\"@id\":\"https:\/\/www.celttv.com.ar\/#organization\",\"name\":\"CELTTV\",\"url\":\"https:\/\/www.celttv.com.ar\/\",\"sameAs\":[\"https:\/\/www.youtube.com\/channel\/UCz_oIt8Hig64Ub-EmcNPIhg\",\"https:\/\/www.facebook.com\/celtTV\/\"],\"logo\":{\"@type\":\"ImageObject\",\"inLanguage\":\"es\",\"@id\":\"https:\/\/www.celttv.com.ar\/#\/schema\/logo\/image\/\",\"url\":\"http:\/\/www.celttv.com.ar\/wp-content\/uploads\/2022\/08\/logo-1.png\",\"contentUrl\":\"http:\/\/www.celttv.com.ar\/wp-content\/uploads\/2022\/08\/logo-1.png\",\"width\":461,\"height\":159,\"caption\":\"CELTTV\"},\"image\":{\"@id\":\"https:\/\/www.celttv.com.ar\/#\/schema\/logo\/image\/\"}},{\"@type\":\"Person\",\"@id\":\"https:\/\/www.celttv.com.ar\/#\/schema\/person\/6d99c072dba59953809c81446e9d0ace\",\"name\":\"ulises\",\"image\":{\"@type\":\"ImageObject\",\"inLanguage\":\"es\",\"@id\":\"https:\/\/www.celttv.com.ar\/#\/schema\/person\/image\/\",\"url\":\"https:\/\/secure.gravatar.com\/avatar\/7f2c48bdc33b30088f941fb6082e555f2874c98e20cb159d7b92b50eadfce793?s=96&d=mm&r=g\",\"contentUrl\":\"https:\/\/secure.gravatar.com\/avatar\/7f2c48bdc33b30088f941fb6082e555f2874c98e20cb159d7b92b50eadfce793?s=96&d=mm&r=g\",\"caption\":\"ulises\"},\"sameAs\":[\"http:\/\/www.celttv.com.ar\"]}]}<\/script>\n<!-- \/ Yoast SEO plugin. -->","yoast_head_json":{"title":"Informe de la \u00faltima Sesi\u00f3n Ordinaria del Honorable Concejo Deliberante (Videos) - CELTTV","description":"Sitio web de noticias de la localidad de Tornquist, provincia de Buenos Aires, Rep\u00fablica Argentina. Contenido propio originado por periodistas de CELTTV, el canal de TV local de la Cooperativa El\u00e9ctrica de Tornquist. Turismo, Pol\u00edtica, Sociedad, Deporte, Cultura y todo el contenido de inter\u00e9s general que la gente del pueblo y la regi\u00f3n debe conocer.","robots":{"index":"index","follow":"follow","max-snippet":"max-snippet:-1","max-image-preview":"max-image-preview:large","max-video-preview":"max-video-preview:-1"},"canonical":"https:\/\/www.celttv.com.ar\/index.php\/2019\/04\/08\/informe-de-la-ultima-sesion-ordinaria-del-honorable-concejo-deliberante-videos\/","og_locale":"es_ES","og_type":"article","og_title":"Informe de la \u00faltima Sesi\u00f3n Ordinaria del Honorable Concejo Deliberante (Videos) - CELTTV","og_description":"Sitio web de noticias de la localidad de Tornquist, provincia de Buenos Aires, Rep\u00fablica Argentina. Contenido propio originado por periodistas de CELTTV, el canal de TV local de la Cooperativa El\u00e9ctrica de Tornquist. Turismo, Pol\u00edtica, Sociedad, Deporte, Cultura y todo el contenido de inter\u00e9s general que la gente del pueblo y la regi\u00f3n debe conocer.","og_url":"https:\/\/www.celttv.com.ar\/index.php\/2019\/04\/08\/informe-de-la-ultima-sesion-ordinaria-del-honorable-concejo-deliberante-videos\/","og_site_name":"CELTTV","article_publisher":"https:\/\/www.facebook.com\/celtTV\/","article_published_time":"2019-04-08T15:03:14+00:00","og_image":[{"width":1024,"height":768,"url":"https:\/\/www.celttv.com.ar\/wp-content\/uploads\/2019\/04\/P1090026.jpg","type":"image\/jpeg"}],"author":"ulises","twitter_card":"summary_large_image","twitter_misc":{"Escrito por":"ulises","Tiempo de lectura":"15 minutos"},"schema":{"@context":"https:\/\/schema.org","@graph":[{"@type":"NewsArticle","@id":"https:\/\/www.celttv.com.ar\/index.php\/2019\/04\/08\/informe-de-la-ultima-sesion-ordinaria-del-honorable-concejo-deliberante-videos\/#article","isPartOf":{"@id":"https:\/\/www.celttv.com.ar\/index.php\/2019\/04\/08\/informe-de-la-ultima-sesion-ordinaria-del-honorable-concejo-deliberante-videos\/"},"author":{"name":"ulises","@id":"https:\/\/www.celttv.com.ar\/#\/schema\/person\/6d99c072dba59953809c81446e9d0ace"},"headline":"Informe de la \u00faltima Sesi\u00f3n Ordinaria del Honorable Concejo Deliberante (Videos)","datePublished":"2019-04-08T15:03:14+00:00","dateModified":"2019-04-08T15:03:14+00:00","mainEntityOfPage":{"@id":"https:\/\/www.celttv.com.ar\/index.php\/2019\/04\/08\/informe-de-la-ultima-sesion-ordinaria-del-honorable-concejo-deliberante-videos\/"},"wordCount":2960,"publisher":{"@id":"https:\/\/www.celttv.com.ar\/#organization"},"articleSection":["Celt TV Noticias","Comunidad","Destacadas","Pol\u00edtica"],"inLanguage":"es"},{"@type":"WebPage","@id":"https:\/\/www.celttv.com.ar\/index.php\/2019\/04\/08\/informe-de-la-ultima-sesion-ordinaria-del-honorable-concejo-deliberante-videos\/","url":"https:\/\/www.celttv.com.ar\/index.php\/2019\/04\/08\/informe-de-la-ultima-sesion-ordinaria-del-honorable-concejo-deliberante-videos\/","name":"Informe de la \u00faltima Sesi\u00f3n Ordinaria del Honorable Concejo Deliberante (Videos) - CELTTV","isPartOf":{"@id":"https:\/\/www.celttv.com.ar\/#website"},"datePublished":"2019-04-08T15:03:14+00:00","dateModified":"2019-04-08T15:03:14+00:00","description":"Sitio web de noticias de la localidad de Tornquist, provincia de Buenos Aires, Rep\u00fablica Argentina. Contenido propio originado por periodistas de CELTTV, el canal de TV local de la Cooperativa El\u00e9ctrica de Tornquist. Turismo, Pol\u00edtica, Sociedad, Deporte, Cultura y todo el contenido de inter\u00e9s general que la gente del pueblo y la regi\u00f3n debe conocer.","breadcrumb":{"@id":"https:\/\/www.celttv.com.ar\/index.php\/2019\/04\/08\/informe-de-la-ultima-sesion-ordinaria-del-honorable-concejo-deliberante-videos\/#breadcrumb"},"inLanguage":"es","potentialAction":[{"@type":"ReadAction","target":["https:\/\/www.celttv.com.ar\/index.php\/2019\/04\/08\/informe-de-la-ultima-sesion-ordinaria-del-honorable-concejo-deliberante-videos\/"]}]},{"@type":"BreadcrumbList","@id":"https:\/\/www.celttv.com.ar\/index.php\/2019\/04\/08\/informe-de-la-ultima-sesion-ordinaria-del-honorable-concejo-deliberante-videos\/#breadcrumb","itemListElement":[{"@type":"ListItem","position":1,"name":"Inicio","item":"https:\/\/www.celttv.com.ar\/"},{"@type":"ListItem","position":2,"name":"Informe de la \u00faltima Sesi\u00f3n Ordinaria del Honorable Concejo Deliberante (Videos)"}]},{"@type":"WebSite","@id":"https:\/\/www.celttv.com.ar\/#website","url":"https:\/\/www.celttv.com.ar\/","name":"CELTTV","description":"Cooperativa El\u00e9ctrica de Tornquist","publisher":{"@id":"https:\/\/www.celttv.com.ar\/#organization"},"potentialAction":[{"@type":"SearchAction","target":{"@type":"EntryPoint","urlTemplate":"https:\/\/www.celttv.com.ar\/?s={search_term_string}"},"query-input":"required name=search_term_string"}],"inLanguage":"es"},{"@type":"Organization","@id":"https:\/\/www.celttv.com.ar\/#organization","name":"CELTTV","url":"https:\/\/www.celttv.com.ar\/","sameAs":["https:\/\/www.youtube.com\/channel\/UCz_oIt8Hig64Ub-EmcNPIhg","https:\/\/www.facebook.com\/celtTV\/"],"logo":{"@type":"ImageObject","inLanguage":"es","@id":"https:\/\/www.celttv.com.ar\/#\/schema\/logo\/image\/","url":"http:\/\/www.celttv.com.ar\/wp-content\/uploads\/2022\/08\/logo-1.png","contentUrl":"http:\/\/www.celttv.com.ar\/wp-content\/uploads\/2022\/08\/logo-1.png","width":461,"height":159,"caption":"CELTTV"},"image":{"@id":"https:\/\/www.celttv.com.ar\/#\/schema\/logo\/image\/"}},{"@type":"Person","@id":"https:\/\/www.celttv.com.ar\/#\/schema\/person\/6d99c072dba59953809c81446e9d0ace","name":"ulises","image":{"@type":"ImageObject","inLanguage":"es","@id":"https:\/\/www.celttv.com.ar\/#\/schema\/person\/image\/","url":"https:\/\/secure.gravatar.com\/avatar\/7f2c48bdc33b30088f941fb6082e555f2874c98e20cb159d7b92b50eadfce793?s=96&d=mm&r=g","contentUrl":"https:\/\/secure.gravatar.com\/avatar\/7f2c48bdc33b30088f941fb6082e555f2874c98e20cb159d7b92b50eadfce793?s=96&d=mm&r=g","caption":"ulises"},"sameAs":["http:\/\/www.celttv.com.ar"]}]}},"_links":{"self":[{"href":"https:\/\/www.celttv.com.ar\/index.php\/wp-json\/wp\/v2\/posts\/40853","targetHints":{"allow":["GET"]}}],"collection":[{"href":"https:\/\/www.celttv.com.ar\/index.php\/wp-json\/wp\/v2\/posts"}],"about":[{"href":"https:\/\/www.celttv.com.ar\/index.php\/wp-json\/wp\/v2\/types\/post"}],"author":[{"embeddable":true,"href":"https:\/\/www.celttv.com.ar\/index.php\/wp-json\/wp\/v2\/users\/1"}],"replies":[{"embeddable":true,"href":"https:\/\/www.celttv.com.ar\/index.php\/wp-json\/wp\/v2\/comments?post=40853"}],"version-history":[{"count":0,"href":"https:\/\/www.celttv.com.ar\/index.php\/wp-json\/wp\/v2\/posts\/40853\/revisions"}],"wp:featuredmedia":[{"embeddable":true,"href":"https:\/\/www.celttv.com.ar\/index.php\/wp-json\/wp\/v2\/media\/40854"}],"wp:attachment":[{"href":"https:\/\/www.celttv.com.ar\/index.php\/wp-json\/wp\/v2\/media?parent=40853"}],"wp:term":[{"taxonomy":"category","embeddable":true,"href":"https:\/\/www.celttv.com.ar\/index.php\/wp-json\/wp\/v2\/categories?post=40853"},{"taxonomy":"post_tag","embeddable":true,"href":"https:\/\/www.celttv.com.ar\/index.php\/wp-json\/wp\/v2\/tags?post=40853"}],"curies":[{"name":"wp","href":"https:\/\/api.w.org\/{rel}","templated":true}]}}