{"id":40862,"date":"2019-04-08T15:26:05","date_gmt":"2019-04-08T15:26:05","guid":{"rendered":"http:\/\/www.celttv.com.ar\/?p=40862"},"modified":"2019-04-08T15:26:05","modified_gmt":"2019-04-08T15:26:05","slug":"atletismo-medallas-de-oro-y-plata-para-el-distrito-en-el-provincial-u20-y-mayor","status":"publish","type":"post","link":"https:\/\/www.celttv.com.ar\/index.php\/2019\/04\/08\/atletismo-medallas-de-oro-y-plata-para-el-distrito-en-el-provincial-u20-y-mayor\/","title":{"rendered":"Atletismo: Medallas de oro y plata para el distrito en el Provincial U20 y Mayor"},"content":{"rendered":"<div class=\"adelanto\">\n<p>El cert\u00e1men se desarroll\u00f3 durante este fin de semana en Mar del Plata.<\/p>\n<\/div>\n<div class=\"text\">\n<p>El s\u00e1bado 6 y domingo 7 se desarrollaron en Mar del Plata los Campeonatos Provinciales, categor\u00eda Mayores y U20 de atletismo, clasificatorios para los respectivos Campeonatos Nacionales.<\/p>\n<p>La Escuela Municipal de Atletismo Tornquist represent\u00f3 con excelentes actuaciones a nuestro Distrito.<\/p>\n<p>Los resultados fueron:<\/p>\n<p>Nicol\u00e1s Cabral, categor\u00eda mayores:<br \/>\n-Medalla de oro en salto triple<br \/>\n-Medalla de bronce en salto en largo<br \/>\n-Medalla de bronce en salto en alto<br \/>\n-Medalla de bronce en 110 mts con vallas<br \/>\n-6\u00b0 puesto en la final de 100 mts llanos<\/p>\n<p>Christian Gonzalez, categor\u00eda mayores:<br \/>\n-6\u00b0 puesto en la serie de 100 mts llanos<\/p>\n<p>Guadalupe Rebolero, categor\u00eda U20:<br \/>\n-Medalla de plata en lanzamiento de martillo<br \/>\n-6\u00b0 puesto en lanzamiento de disco<br \/>\n-6\u00b0 puesto de lanzamiento de bala.<\/p>\n<p>Cabe destacar que los 3 atletas lograron sus mejores marcas personales.<\/p>\n<p>Enrique Cabral, entrenador<\/p>\n<p><a href=\"http:\/\/www.celttv.com.ar\/?attachment_id=40863\" rel=\"attachment wp-att-40863\"><img loading=\"lazy\" decoding=\"async\" class=\"alignleft size-full wp-image-40863\" src=\"http:\/\/www.celttv.com.ar\/wp-content\/uploads\/2019\/04\/110_b4b2_IMG-20190407-WA0024_1554719008.jpg_709.jpg\" alt=\"\" width=\"709\" height=\"662\" srcset=\"https:\/\/www.celttv.com.ar\/wp-content\/uploads\/2019\/04\/110_b4b2_IMG-20190407-WA0024_1554719008.jpg_709.jpg 709w, https:\/\/www.celttv.com.ar\/wp-content\/uploads\/2019\/04\/110_b4b2_IMG-20190407-WA0024_1554719008.jpg_709-300x280.jpg 300w\" sizes=\"auto, (max-width: 709px) 100vw, 709px\" \/><\/a> <a href=\"http:\/\/www.celttv.com.ar\/?attachment_id=40864\" rel=\"attachment wp-att-40864\"><img loading=\"lazy\" decoding=\"async\" class=\"alignleft size-medium wp-image-40864\" src=\"http:\/\/www.celttv.com.ar\/wp-content\/uploads\/2019\/04\/110_df57_IMG-20190407-WA0023_1554719007.jpg_670.jpg\" alt=\"\" width=\"670\" height=\"700\" srcset=\"https:\/\/www.celttv.com.ar\/wp-content\/uploads\/2019\/04\/110_df57_IMG-20190407-WA0023_1554719007.jpg_670.jpg 670w, https:\/\/www.celttv.com.ar\/wp-content\/uploads\/2019\/04\/110_df57_IMG-20190407-WA0023_1554719007.jpg_670-287x300.jpg 287w\" sizes=\"auto, (max-width: 670px) 100vw, 670px\" \/><\/a><\/p>\n<\/div>\n","protected":false},"excerpt":{"rendered":"<p>El cert\u00e1men se desarroll\u00f3 durante este fin de semana en Mar del Plata. El s\u00e1bado 6 y domingo 7 se desarrollaron en Mar del Plata los Campeonatos Provinciales, categor\u00eda Mayores y U20 de atletismo, clasificatorios para los respectivos Campeonatos Nacionales. La Escuela Municipal de Atletismo Tornquist represent\u00f3 con excelentes actuaciones a nuestro Distrito. Los resultados [&hellip;]<\/p>\n","protected":false},"author":1,"featured_media":40864,"comment_status":"closed","ping_status":"open","sticky":false,"template":"","format":"standard","meta":{"footnotes":""},"categories":[55,60,52,63],"tags":[],"class_list":["post-40862","post","type-post","status-publish","format-standard","has-post-thumbnail","hentry","category-celt-tv-noticias","category-deporte","category-destacadas","category-magazine-sport"],"yoast_head":"<!-- This site is optimized with the Yoast SEO plugin v19.7.1 - https:\/\/yoast.com\/wordpress\/plugins\/seo\/ -->\n<title>Atletismo: Medallas de oro y plata para el distrito en el Provincial U20 y Mayor - CELTTV<\/title>\n<meta name=\"description\" content=\"Sitio web de noticias de la localidad de Tornquist, provincia de Buenos Aires, Rep\u00fablica Argentina. Contenido propio originado por periodistas de CELTTV, el canal de TV local de la Cooperativa El\u00e9ctrica de Tornquist. Turismo, Pol\u00edtica, Sociedad, Deporte, Cultura y todo el contenido de inter\u00e9s general que la gente del pueblo y la regi\u00f3n debe conocer.\" \/>\n<meta name=\"robots\" content=\"index, follow, max-snippet:-1, max-image-preview:large, max-video-preview:-1\" \/>\n<link rel=\"canonical\" href=\"https:\/\/www.celttv.com.ar\/index.php\/2019\/04\/08\/atletismo-medallas-de-oro-y-plata-para-el-distrito-en-el-provincial-u20-y-mayor\/\" \/>\n<meta property=\"og:locale\" content=\"es_ES\" \/>\n<meta property=\"og:type\" content=\"article\" \/>\n<meta property=\"og:title\" content=\"Atletismo: Medallas de oro y plata para el distrito en el Provincial U20 y Mayor - CELTTV\" \/>\n<meta property=\"og:description\" content=\"Sitio web de noticias de la localidad de Tornquist, provincia de Buenos Aires, Rep\u00fablica Argentina. Contenido propio originado por periodistas de CELTTV, el canal de TV local de la Cooperativa El\u00e9ctrica de Tornquist. Turismo, Pol\u00edtica, Sociedad, Deporte, Cultura y todo el contenido de inter\u00e9s general que la gente del pueblo y la regi\u00f3n debe conocer.\" \/>\n<meta property=\"og:url\" content=\"https:\/\/www.celttv.com.ar\/index.php\/2019\/04\/08\/atletismo-medallas-de-oro-y-plata-para-el-distrito-en-el-provincial-u20-y-mayor\/\" \/>\n<meta property=\"og:site_name\" content=\"CELTTV\" \/>\n<meta property=\"article:publisher\" content=\"https:\/\/www.facebook.com\/celtTV\/\" \/>\n<meta property=\"article:published_time\" content=\"2019-04-08T15:26:05+00:00\" \/>\n<meta property=\"og:image\" content=\"https:\/\/www.celttv.com.ar\/wp-content\/uploads\/2019\/04\/110_df57_IMG-20190407-WA0023_1554719007.jpg_670.jpg\" \/>\n\t<meta property=\"og:image:width\" content=\"670\" \/>\n\t<meta property=\"og:image:height\" content=\"700\" \/>\n\t<meta property=\"og:image:type\" content=\"image\/jpeg\" \/>\n<meta name=\"author\" content=\"ulises\" \/>\n<meta name=\"twitter:card\" content=\"summary_large_image\" \/>\n<meta name=\"twitter:label1\" content=\"Escrito por\" \/>\n\t<meta name=\"twitter:data1\" content=\"ulises\" \/>\n\t<meta name=\"twitter:label2\" content=\"Tiempo de lectura\" \/>\n\t<meta name=\"twitter:data2\" content=\"1 minuto\" \/>\n<script type=\"application\/ld+json\" class=\"yoast-schema-graph\">{\"@context\":\"https:\/\/schema.org\",\"@graph\":[{\"@type\":\"NewsArticle\",\"@id\":\"https:\/\/www.celttv.com.ar\/index.php\/2019\/04\/08\/atletismo-medallas-de-oro-y-plata-para-el-distrito-en-el-provincial-u20-y-mayor\/#article\",\"isPartOf\":{\"@id\":\"https:\/\/www.celttv.com.ar\/index.php\/2019\/04\/08\/atletismo-medallas-de-oro-y-plata-para-el-distrito-en-el-provincial-u20-y-mayor\/\"},\"author\":{\"name\":\"ulises\",\"@id\":\"https:\/\/www.celttv.com.ar\/#\/schema\/person\/6d99c072dba59953809c81446e9d0ace\"},\"headline\":\"Atletismo: Medallas de oro y plata para el distrito en el Provincial U20 y Mayor\",\"datePublished\":\"2019-04-08T15:26:05+00:00\",\"dateModified\":\"2019-04-08T15:26:05+00:00\",\"mainEntityOfPage\":{\"@id\":\"https:\/\/www.celttv.com.ar\/index.php\/2019\/04\/08\/atletismo-medallas-de-oro-y-plata-para-el-distrito-en-el-provincial-u20-y-mayor\/\"},\"wordCount\":163,\"publisher\":{\"@id\":\"https:\/\/www.celttv.com.ar\/#organization\"},\"articleSection\":[\"Celt TV Noticias\",\"Deporte\",\"Destacadas\",\"Magazine Sport\"],\"inLanguage\":\"es\"},{\"@type\":\"WebPage\",\"@id\":\"https:\/\/www.celttv.com.ar\/index.php\/2019\/04\/08\/atletismo-medallas-de-oro-y-plata-para-el-distrito-en-el-provincial-u20-y-mayor\/\",\"url\":\"https:\/\/www.celttv.com.ar\/index.php\/2019\/04\/08\/atletismo-medallas-de-oro-y-plata-para-el-distrito-en-el-provincial-u20-y-mayor\/\",\"name\":\"Atletismo: Medallas de oro y plata para el distrito en el Provincial U20 y Mayor - CELTTV\",\"isPartOf\":{\"@id\":\"https:\/\/www.celttv.com.ar\/#website\"},\"datePublished\":\"2019-04-08T15:26:05+00:00\",\"dateModified\":\"2019-04-08T15:26:05+00:00\",\"description\":\"Sitio web de noticias de la localidad de Tornquist, provincia de Buenos Aires, Rep\u00fablica Argentina. Contenido propio originado por periodistas de CELTTV, el canal de TV local de la Cooperativa El\u00e9ctrica de Tornquist. Turismo, Pol\u00edtica, Sociedad, Deporte, Cultura y todo el contenido de inter\u00e9s general que la gente del pueblo y la regi\u00f3n debe conocer.\",\"breadcrumb\":{\"@id\":\"https:\/\/www.celttv.com.ar\/index.php\/2019\/04\/08\/atletismo-medallas-de-oro-y-plata-para-el-distrito-en-el-provincial-u20-y-mayor\/#breadcrumb\"},\"inLanguage\":\"es\",\"potentialAction\":[{\"@type\":\"ReadAction\",\"target\":[\"https:\/\/www.celttv.com.ar\/index.php\/2019\/04\/08\/atletismo-medallas-de-oro-y-plata-para-el-distrito-en-el-provincial-u20-y-mayor\/\"]}]},{\"@type\":\"BreadcrumbList\",\"@id\":\"https:\/\/www.celttv.com.ar\/index.php\/2019\/04\/08\/atletismo-medallas-de-oro-y-plata-para-el-distrito-en-el-provincial-u20-y-mayor\/#breadcrumb\",\"itemListElement\":[{\"@type\":\"ListItem\",\"position\":1,\"name\":\"Inicio\",\"item\":\"https:\/\/www.celttv.com.ar\/\"},{\"@type\":\"ListItem\",\"position\":2,\"name\":\"Atletismo: Medallas de oro y plata para el distrito en el Provincial U20 y Mayor\"}]},{\"@type\":\"WebSite\",\"@id\":\"https:\/\/www.celttv.com.ar\/#website\",\"url\":\"https:\/\/www.celttv.com.ar\/\",\"name\":\"CELTTV\",\"description\":\"Cooperativa El\u00e9ctrica de Tornquist\",\"publisher\":{\"@id\":\"https:\/\/www.celttv.com.ar\/#organization\"},\"potentialAction\":[{\"@type\":\"SearchAction\",\"target\":{\"@type\":\"EntryPoint\",\"urlTemplate\":\"https:\/\/www.celttv.com.ar\/?s={search_term_string}\"},\"query-input\":\"required name=search_term_string\"}],\"inLanguage\":\"es\"},{\"@type\":\"Organization\",\"@id\":\"https:\/\/www.celttv.com.ar\/#organization\",\"name\":\"CELTTV\",\"url\":\"https:\/\/www.celttv.com.ar\/\",\"sameAs\":[\"https:\/\/www.youtube.com\/channel\/UCz_oIt8Hig64Ub-EmcNPIhg\",\"https:\/\/www.facebook.com\/celtTV\/\"],\"logo\":{\"@type\":\"ImageObject\",\"inLanguage\":\"es\",\"@id\":\"https:\/\/www.celttv.com.ar\/#\/schema\/logo\/image\/\",\"url\":\"http:\/\/www.celttv.com.ar\/wp-content\/uploads\/2022\/08\/logo-1.png\",\"contentUrl\":\"http:\/\/www.celttv.com.ar\/wp-content\/uploads\/2022\/08\/logo-1.png\",\"width\":461,\"height\":159,\"caption\":\"CELTTV\"},\"image\":{\"@id\":\"https:\/\/www.celttv.com.ar\/#\/schema\/logo\/image\/\"}},{\"@type\":\"Person\",\"@id\":\"https:\/\/www.celttv.com.ar\/#\/schema\/person\/6d99c072dba59953809c81446e9d0ace\",\"name\":\"ulises\",\"image\":{\"@type\":\"ImageObject\",\"inLanguage\":\"es\",\"@id\":\"https:\/\/www.celttv.com.ar\/#\/schema\/person\/image\/\",\"url\":\"https:\/\/secure.gravatar.com\/avatar\/7f2c48bdc33b30088f941fb6082e555f2874c98e20cb159d7b92b50eadfce793?s=96&d=mm&r=g\",\"contentUrl\":\"https:\/\/secure.gravatar.com\/avatar\/7f2c48bdc33b30088f941fb6082e555f2874c98e20cb159d7b92b50eadfce793?s=96&d=mm&r=g\",\"caption\":\"ulises\"},\"sameAs\":[\"http:\/\/www.celttv.com.ar\"]}]}<\/script>\n<!-- \/ Yoast SEO plugin. -->","yoast_head_json":{"title":"Atletismo: Medallas de oro y plata para el distrito en el Provincial U20 y Mayor - CELTTV","description":"Sitio web de noticias de la localidad de Tornquist, provincia de Buenos Aires, Rep\u00fablica Argentina. Contenido propio originado por periodistas de CELTTV, el canal de TV local de la Cooperativa El\u00e9ctrica de Tornquist. Turismo, Pol\u00edtica, Sociedad, Deporte, Cultura y todo el contenido de inter\u00e9s general que la gente del pueblo y la regi\u00f3n debe conocer.","robots":{"index":"index","follow":"follow","max-snippet":"max-snippet:-1","max-image-preview":"max-image-preview:large","max-video-preview":"max-video-preview:-1"},"canonical":"https:\/\/www.celttv.com.ar\/index.php\/2019\/04\/08\/atletismo-medallas-de-oro-y-plata-para-el-distrito-en-el-provincial-u20-y-mayor\/","og_locale":"es_ES","og_type":"article","og_title":"Atletismo: Medallas de oro y plata para el distrito en el Provincial U20 y Mayor - CELTTV","og_description":"Sitio web de noticias de la localidad de Tornquist, provincia de Buenos Aires, Rep\u00fablica Argentina. Contenido propio originado por periodistas de CELTTV, el canal de TV local de la Cooperativa El\u00e9ctrica de Tornquist. Turismo, Pol\u00edtica, Sociedad, Deporte, Cultura y todo el contenido de inter\u00e9s general que la gente del pueblo y la regi\u00f3n debe conocer.","og_url":"https:\/\/www.celttv.com.ar\/index.php\/2019\/04\/08\/atletismo-medallas-de-oro-y-plata-para-el-distrito-en-el-provincial-u20-y-mayor\/","og_site_name":"CELTTV","article_publisher":"https:\/\/www.facebook.com\/celtTV\/","article_published_time":"2019-04-08T15:26:05+00:00","og_image":[{"width":670,"height":700,"url":"https:\/\/www.celttv.com.ar\/wp-content\/uploads\/2019\/04\/110_df57_IMG-20190407-WA0023_1554719007.jpg_670.jpg","type":"image\/jpeg"}],"author":"ulises","twitter_card":"summary_large_image","twitter_misc":{"Escrito por":"ulises","Tiempo de lectura":"1 minuto"},"schema":{"@context":"https:\/\/schema.org","@graph":[{"@type":"NewsArticle","@id":"https:\/\/www.celttv.com.ar\/index.php\/2019\/04\/08\/atletismo-medallas-de-oro-y-plata-para-el-distrito-en-el-provincial-u20-y-mayor\/#article","isPartOf":{"@id":"https:\/\/www.celttv.com.ar\/index.php\/2019\/04\/08\/atletismo-medallas-de-oro-y-plata-para-el-distrito-en-el-provincial-u20-y-mayor\/"},"author":{"name":"ulises","@id":"https:\/\/www.celttv.com.ar\/#\/schema\/person\/6d99c072dba59953809c81446e9d0ace"},"headline":"Atletismo: Medallas de oro y plata para el distrito en el Provincial U20 y Mayor","datePublished":"2019-04-08T15:26:05+00:00","dateModified":"2019-04-08T15:26:05+00:00","mainEntityOfPage":{"@id":"https:\/\/www.celttv.com.ar\/index.php\/2019\/04\/08\/atletismo-medallas-de-oro-y-plata-para-el-distrito-en-el-provincial-u20-y-mayor\/"},"wordCount":163,"publisher":{"@id":"https:\/\/www.celttv.com.ar\/#organization"},"articleSection":["Celt TV Noticias","Deporte","Destacadas","Magazine Sport"],"inLanguage":"es"},{"@type":"WebPage","@id":"https:\/\/www.celttv.com.ar\/index.php\/2019\/04\/08\/atletismo-medallas-de-oro-y-plata-para-el-distrito-en-el-provincial-u20-y-mayor\/","url":"https:\/\/www.celttv.com.ar\/index.php\/2019\/04\/08\/atletismo-medallas-de-oro-y-plata-para-el-distrito-en-el-provincial-u20-y-mayor\/","name":"Atletismo: Medallas de oro y plata para el distrito en el Provincial U20 y Mayor - CELTTV","isPartOf":{"@id":"https:\/\/www.celttv.com.ar\/#website"},"datePublished":"2019-04-08T15:26:05+00:00","dateModified":"2019-04-08T15:26:05+00:00","description":"Sitio web de noticias de la localidad de Tornquist, provincia de Buenos Aires, Rep\u00fablica Argentina. Contenido propio originado por periodistas de CELTTV, el canal de TV local de la Cooperativa El\u00e9ctrica de Tornquist. Turismo, Pol\u00edtica, Sociedad, Deporte, Cultura y todo el contenido de inter\u00e9s general que la gente del pueblo y la regi\u00f3n debe conocer.","breadcrumb":{"@id":"https:\/\/www.celttv.com.ar\/index.php\/2019\/04\/08\/atletismo-medallas-de-oro-y-plata-para-el-distrito-en-el-provincial-u20-y-mayor\/#breadcrumb"},"inLanguage":"es","potentialAction":[{"@type":"ReadAction","target":["https:\/\/www.celttv.com.ar\/index.php\/2019\/04\/08\/atletismo-medallas-de-oro-y-plata-para-el-distrito-en-el-provincial-u20-y-mayor\/"]}]},{"@type":"BreadcrumbList","@id":"https:\/\/www.celttv.com.ar\/index.php\/2019\/04\/08\/atletismo-medallas-de-oro-y-plata-para-el-distrito-en-el-provincial-u20-y-mayor\/#breadcrumb","itemListElement":[{"@type":"ListItem","position":1,"name":"Inicio","item":"https:\/\/www.celttv.com.ar\/"},{"@type":"ListItem","position":2,"name":"Atletismo: Medallas de oro y plata para el distrito en el Provincial U20 y Mayor"}]},{"@type":"WebSite","@id":"https:\/\/www.celttv.com.ar\/#website","url":"https:\/\/www.celttv.com.ar\/","name":"CELTTV","description":"Cooperativa El\u00e9ctrica de Tornquist","publisher":{"@id":"https:\/\/www.celttv.com.ar\/#organization"},"potentialAction":[{"@type":"SearchAction","target":{"@type":"EntryPoint","urlTemplate":"https:\/\/www.celttv.com.ar\/?s={search_term_string}"},"query-input":"required name=search_term_string"}],"inLanguage":"es"},{"@type":"Organization","@id":"https:\/\/www.celttv.com.ar\/#organization","name":"CELTTV","url":"https:\/\/www.celttv.com.ar\/","sameAs":["https:\/\/www.youtube.com\/channel\/UCz_oIt8Hig64Ub-EmcNPIhg","https:\/\/www.facebook.com\/celtTV\/"],"logo":{"@type":"ImageObject","inLanguage":"es","@id":"https:\/\/www.celttv.com.ar\/#\/schema\/logo\/image\/","url":"http:\/\/www.celttv.com.ar\/wp-content\/uploads\/2022\/08\/logo-1.png","contentUrl":"http:\/\/www.celttv.com.ar\/wp-content\/uploads\/2022\/08\/logo-1.png","width":461,"height":159,"caption":"CELTTV"},"image":{"@id":"https:\/\/www.celttv.com.ar\/#\/schema\/logo\/image\/"}},{"@type":"Person","@id":"https:\/\/www.celttv.com.ar\/#\/schema\/person\/6d99c072dba59953809c81446e9d0ace","name":"ulises","image":{"@type":"ImageObject","inLanguage":"es","@id":"https:\/\/www.celttv.com.ar\/#\/schema\/person\/image\/","url":"https:\/\/secure.gravatar.com\/avatar\/7f2c48bdc33b30088f941fb6082e555f2874c98e20cb159d7b92b50eadfce793?s=96&d=mm&r=g","contentUrl":"https:\/\/secure.gravatar.com\/avatar\/7f2c48bdc33b30088f941fb6082e555f2874c98e20cb159d7b92b50eadfce793?s=96&d=mm&r=g","caption":"ulises"},"sameAs":["http:\/\/www.celttv.com.ar"]}]}},"_links":{"self":[{"href":"https:\/\/www.celttv.com.ar\/index.php\/wp-json\/wp\/v2\/posts\/40862","targetHints":{"allow":["GET"]}}],"collection":[{"href":"https:\/\/www.celttv.com.ar\/index.php\/wp-json\/wp\/v2\/posts"}],"about":[{"href":"https:\/\/www.celttv.com.ar\/index.php\/wp-json\/wp\/v2\/types\/post"}],"author":[{"embeddable":true,"href":"https:\/\/www.celttv.com.ar\/index.php\/wp-json\/wp\/v2\/users\/1"}],"replies":[{"embeddable":true,"href":"https:\/\/www.celttv.com.ar\/index.php\/wp-json\/wp\/v2\/comments?post=40862"}],"version-history":[{"count":0,"href":"https:\/\/www.celttv.com.ar\/index.php\/wp-json\/wp\/v2\/posts\/40862\/revisions"}],"wp:featuredmedia":[{"embeddable":true,"href":"https:\/\/www.celttv.com.ar\/index.php\/wp-json\/wp\/v2\/media\/40864"}],"wp:attachment":[{"href":"https:\/\/www.celttv.com.ar\/index.php\/wp-json\/wp\/v2\/media?parent=40862"}],"wp:term":[{"taxonomy":"category","embeddable":true,"href":"https:\/\/www.celttv.com.ar\/index.php\/wp-json\/wp\/v2\/categories?post=40862"},{"taxonomy":"post_tag","embeddable":true,"href":"https:\/\/www.celttv.com.ar\/index.php\/wp-json\/wp\/v2\/tags?post=40862"}],"curies":[{"name":"wp","href":"https:\/\/api.w.org\/{rel}","templated":true}]}}