{"id":41033,"date":"2019-04-14T23:12:41","date_gmt":"2019-04-14T23:12:41","guid":{"rendered":"http:\/\/www.celttv.com.ar\/?p=41033"},"modified":"2019-04-14T23:12:41","modified_gmt":"2019-04-14T23:12:41","slug":"aparecio-san-jose-en-el-bosque","status":"publish","type":"post","link":"https:\/\/www.celttv.com.ar\/index.php\/2019\/04\/14\/aparecio-san-jose-en-el-bosque\/","title":{"rendered":"APARECIO SAN JOSE EN EL BOSQUE"},"content":{"rendered":"<p>En la \u00faltima jugada del partido Jos\u00e9 Luis Teysseyre convirti\u00f3 el empate para el 3 a 3 final entre Uni\u00f3n y Tiro Federal (CS). Paulo Aguirre y Jacobo Somoza aventajaban a la visita, pero Juan Jos\u00e9 Heiland y Jos\u00e9 Teysseyre igualaban transitoriamente. Segundos despu\u00e9s del 2 a 2 parcial, Alejandro Novgorosky de penal pon\u00eda a la visita 3 a 2 pero en la \u00faltima, \u201cPepe\u201d Teysseyre hizo que el verde aunque sea rescate un punto.<\/p>\n<p>No fue un partido f\u00e1cil para Uni\u00f3n. Siempre estuvo en desventaja y rem\u00e1ndola de atr\u00e1s, por eso quiz\u00e1s, el punto no sea tan mal visto.<\/p>\n<p>La visita arranc\u00f3 mejor. Antes de los cinco minutos ya hab\u00eda llegado al arco de Stefanof por intermedio de Novgorosky (centro que fue al arco y sac\u00f3 el arquero) y luego Doleschan rematando por arriba. Las dos jugadas siguientes, antes de los diez minutos fueron para el verde que reaccion\u00f3 r\u00e1pido. Primero cabece\u00f3 Grassi por arriba y despu\u00e9s Schofer le ahog\u00f3 el grito de gol a Schmidt y Terrugi en la misma jugada.<\/p>\n<p>El partido hab\u00eda arrancado muy intenso y parec\u00eda que \u00edbamos a tener un apasionante encuentro. Finalmente as\u00ed lo fue. Pese a que por algunos minutos el partido decay\u00f3, a los 20\u2019 lleg\u00f3 la apertura del marcador. Error en la defensa de Uni\u00f3n, puntea la pelota <strong>Paulo Aguirre<\/strong> para robar y despu\u00e9s definir con el arco a su merced. Ah\u00ed nom\u00e1s pudo aumentar la visita pero Novgorosky remat\u00f3 desviado.<\/p>\n<p>Pasada la media hora lleg\u00f3 lo mejor del verde. Haciendo correr la pelota y consiguiendo espacios. Primero intent\u00f3 Terrugi con un tiro libre que le dej\u00f3 cortita Sotelo y remat\u00f3 desviado. Luego movieron la pelota de izquierda a derecha para terminar en el \u00e1rea y Schofer durmiendo la pelota en sus brazos. Unos minutos despu\u00e9s Schmidt apil\u00f3 unos cuantos hombres por izquierda, se los sac\u00f3 de encima, qued\u00f3 cara a cara con el \u201c1\u201d visitante y se la pic\u00f3. Para fortuna de Tiro estaba Olmedo casi en la l\u00ednea para sacarla.<\/p>\n<p>La \u00faltima del primer tiempo fue un cabezazo solo de Somoza que se fue desviado.<\/p>\n<p>En el segundo tiempo Schumacher al inicio meti\u00f3 mano, sac\u00f3 a un defensor para poner un volante y pasar a defender con l\u00ednea de tres.<\/p>\n<p>A los dos minutos tuvo una clara Biondo que se lo perdi\u00f3, y a los nueve lleg\u00f3 el segundo de la visita. <strong>Jacobo Somoza<\/strong> recibe la pelota cerca del v\u00e9rtice izquierdo del \u00e1rea, se da vuelta y remata. La pelota le pica justo delante a Stefanof y se mete al segundo palo. Baldazo de agua fr\u00eda para Uni\u00f3n.<\/p>\n<p>Ah\u00ed nom\u00e1s ingres\u00f3 \u201cJuanchi\u201d Heiland para tener una referencia m\u00e1s fija de \u00e1rea y comenz\u00f3 a cambiar el partido.<\/p>\n<p>A los 19\u2019 el descuento del verde. Lateral r\u00e1pido de Terrugi que encuentro solo a Schmidt, el ruso levanta la cabeza y por el medio ve ingresar a <strong>Juan Jos\u00e9 Heiland<\/strong> que la empuj\u00f3 para el 1-2.<\/p>\n<p>Dos minutos despu\u00e9s Terrugi hace una jugada magnifica dejando atr\u00e1s varios jugadores de Tiro, remata y responde de manera espectacular Mat\u00edas Schofer para sacar la pelota con los pies.<\/p>\n<p>A los 28\u2019 el empate. Tiro de esquina desde la izquierda y por el segundo palo aparece solo <strong>Jos\u00e9 Luis Teysseyre<\/strong> para poner el empate parcial. Sin embargo cuando Tiro Federal sac\u00f3 del medio, se encontr\u00f3 con un penal a su favor luego de que la pelota diera en la mano de Delgado (as\u00ed lo vio el \u00e1rbitro). <strong>Alejandro Novgorosky<\/strong> cambi\u00f3 por gol para el 3 a 2.<\/p>\n<p>Uni\u00f3n all\u00ed, con m\u00e1s empuje y ganas, meti\u00f3 pr\u00e1cticamente a la visita en su arco. Dos veces salv\u00f3 Schofer antes de que a los 48 minutos, <strong>Jos\u00e9 Luis Teysseyre<\/strong> reciba la pelota de Heiland para pegarle de afuera y poner el 3 a 3.<\/p>\n<p>Un punto que, al final del campeonato, se ver\u00e1 a que equipo le cay\u00f3 mejor.<\/p>\n<p><strong>Uni\u00f3n:<\/strong> Juan Manuel Stefanof; Marcelo Bruzzone Maccari, Jos\u00e9 Luis Teysseyre, Sebasti\u00e1n Callava, Hern\u00e1n Delgado; \u00c1ngelo Grassi, Tom\u00e1s Terrugi, Lucas Sotelo, Lucas Biondo; Joaqu\u00edn Romeo, Ezequiel Schmidt. DT: Horacio Schumacher.<\/p>\n<p><u>Cambios:<\/u> ST: 0\u2019 Fernando Salazar por Bruzzone Maccari, 11\u2019 Juan Jos\u00e9 Heiland por Romeo, 36\u2019 Juli\u00e1n Sarrat por Salazar.<\/p>\n<p><u>Supl:<\/u> Lautaro Eckardt, Laureano Flores.<\/p>\n<p><strong>Tiro Federal:<\/strong> Mat\u00edas Schofer; Santiago Giest, Franco Mart\u00ednez, Guillermo Hoyos, Braian Olmedo; Alejandro Novgorosky, Omar Beli, Lucas Doleschan, Paulo Aguirre; Cristian Toledo, Jacobo Somoza. DT: Javier Mart\u00ednez.<\/p>\n<p><u>Cambios:<\/u> ST: 40\u2019 Mat\u00edas Ferreyra por Aguirre.<\/p>\n<p><u>Supl:<\/u> Mat\u00edas Carricajo, Emanuel Sotelo, Benjam\u00edn Roleder, Dar\u00edo Franco.<\/p>\n<p><u>Goles:<\/u> PT: 20\u2019 Paulo Aguirre (TF). ST: 9\u2019 Jacobo Somoza (TF), 19\u2019 Juan Jos\u00e9 Heiland (U), 28\u2019 Jos\u00e9 Luis Teysseyre (U), 30\u2019 Alejandro Novgorosky (TF), 48\u2019 Jos\u00e9 Luis Teysseyre (U).<\/p>\n<p><u>\u00c1rbitro:<\/u> Andr\u00e9s Prendel (6)<\/p>\n<p><u>Cancha:<\/u> Estadio Juan Jos\u00e9 Bolletta.<\/p>\n<p><u>Reserva:<\/u> Uni\u00f3n 1 &#8211; Tiro Federal 2<\/p>\n<p><a href=\"https:\/\/www.facebook.com\/pg\/solofutbolcanal2\/photos\/?tab=album&amp;album_id=1039916656217524\" target=\"_blank\" rel=\"noopener\">\u00c1lbum de Fotos: Solo F\u00fatbol<\/a><\/p>\n<p><a href=\"http:\/\/www.celttv.com.ar\/?attachment_id=41034\" rel=\"attachment wp-att-41034\"><img loading=\"lazy\" decoding=\"async\" class=\"alignleft size-full wp-image-41034\" src=\"http:\/\/www.celttv.com.ar\/wp-content\/uploads\/2019\/04\/DSC_0369.jpg\" alt=\"\" width=\"960\" height=\"640\" srcset=\"https:\/\/www.celttv.com.ar\/wp-content\/uploads\/2019\/04\/DSC_0369.jpg 960w, https:\/\/www.celttv.com.ar\/wp-content\/uploads\/2019\/04\/DSC_0369-300x200.jpg 300w, https:\/\/www.celttv.com.ar\/wp-content\/uploads\/2019\/04\/DSC_0369-768x512.jpg 768w, https:\/\/www.celttv.com.ar\/wp-content\/uploads\/2019\/04\/DSC_0369-750x500.jpg 750w\" sizes=\"auto, (max-width: 960px) 100vw, 960px\" \/><\/a> <a href=\"http:\/\/www.celttv.com.ar\/?attachment_id=41035\" rel=\"attachment wp-att-41035\"><img loading=\"lazy\" decoding=\"async\" class=\"alignleft size-medium wp-image-41035\" src=\"http:\/\/www.celttv.com.ar\/wp-content\/uploads\/2019\/04\/DSC_0370.jpg\" alt=\"\" width=\"780\" height=\"520\" srcset=\"https:\/\/www.celttv.com.ar\/wp-content\/uploads\/2019\/04\/DSC_0370.jpg 960w, https:\/\/www.celttv.com.ar\/wp-content\/uploads\/2019\/04\/DSC_0370-300x200.jpg 300w, https:\/\/www.celttv.com.ar\/wp-content\/uploads\/2019\/04\/DSC_0370-768x512.jpg 768w, https:\/\/www.celttv.com.ar\/wp-content\/uploads\/2019\/04\/DSC_0370-750x500.jpg 750w\" sizes=\"auto, (max-width: 780px) 100vw, 780px\" \/><\/a> <a href=\"http:\/\/www.celttv.com.ar\/?attachment_id=41036\" rel=\"attachment wp-att-41036\"><img loading=\"lazy\" decoding=\"async\" class=\"alignleft size-medium wp-image-41036\" src=\"http:\/\/www.celttv.com.ar\/wp-content\/uploads\/2019\/04\/DSC_0372.jpg\" alt=\"\" width=\"780\" height=\"520\" srcset=\"https:\/\/www.celttv.com.ar\/wp-content\/uploads\/2019\/04\/DSC_0372.jpg 960w, https:\/\/www.celttv.com.ar\/wp-content\/uploads\/2019\/04\/DSC_0372-300x200.jpg 300w, https:\/\/www.celttv.com.ar\/wp-content\/uploads\/2019\/04\/DSC_0372-768x512.jpg 768w, https:\/\/www.celttv.com.ar\/wp-content\/uploads\/2019\/04\/DSC_0372-750x500.jpg 750w\" sizes=\"auto, (max-width: 780px) 100vw, 780px\" \/><\/a><\/p>\n","protected":false},"excerpt":{"rendered":"<p>En la \u00faltima jugada del partido Jos\u00e9 Luis Teysseyre convirti\u00f3 el empate para el 3 a 3 final entre Uni\u00f3n y Tiro Federal (CS). Paulo Aguirre y Jacobo Somoza aventajaban a la visita, pero Juan Jos\u00e9 Heiland y Jos\u00e9 Teysseyre igualaban transitoriamente. Segundos despu\u00e9s del 2 a 2 parcial, Alejandro Novgorosky de penal pon\u00eda a [&hellip;]<\/p>\n","protected":false},"author":1,"featured_media":41037,"comment_status":"closed","ping_status":"open","sticky":false,"template":"","format":"standard","meta":{"footnotes":""},"categories":[60,52,76],"tags":[],"class_list":["post-41033","post","type-post","status-publish","format-standard","has-post-thumbnail","hentry","category-deporte","category-destacadas","category-solo-futbol"],"yoast_head":"<!-- This site is optimized with the Yoast SEO plugin v19.7.1 - https:\/\/yoast.com\/wordpress\/plugins\/seo\/ -->\n<title>APARECIO SAN JOSE EN EL BOSQUE - CELTTV<\/title>\n<meta name=\"description\" content=\"Sitio web de noticias de la localidad de Tornquist, provincia de Buenos Aires, Rep\u00fablica Argentina. Contenido propio originado por periodistas de CELTTV, el canal de TV local de la Cooperativa El\u00e9ctrica de Tornquist. Turismo, Pol\u00edtica, Sociedad, Deporte, Cultura y todo el contenido de inter\u00e9s general que la gente del pueblo y la regi\u00f3n debe conocer.\" \/>\n<meta name=\"robots\" content=\"index, follow, max-snippet:-1, max-image-preview:large, max-video-preview:-1\" \/>\n<link rel=\"canonical\" href=\"https:\/\/www.celttv.com.ar\/index.php\/2019\/04\/14\/aparecio-san-jose-en-el-bosque\/\" \/>\n<meta property=\"og:locale\" content=\"es_ES\" \/>\n<meta property=\"og:type\" content=\"article\" \/>\n<meta property=\"og:title\" content=\"APARECIO SAN JOSE EN EL BOSQUE - CELTTV\" \/>\n<meta property=\"og:description\" content=\"Sitio web de noticias de la localidad de Tornquist, provincia de Buenos Aires, Rep\u00fablica Argentina. Contenido propio originado por periodistas de CELTTV, el canal de TV local de la Cooperativa El\u00e9ctrica de Tornquist. Turismo, Pol\u00edtica, Sociedad, Deporte, Cultura y todo el contenido de inter\u00e9s general que la gente del pueblo y la regi\u00f3n debe conocer.\" \/>\n<meta property=\"og:url\" content=\"https:\/\/www.celttv.com.ar\/index.php\/2019\/04\/14\/aparecio-san-jose-en-el-bosque\/\" \/>\n<meta property=\"og:site_name\" content=\"CELTTV\" \/>\n<meta property=\"article:publisher\" content=\"https:\/\/www.facebook.com\/celtTV\/\" \/>\n<meta property=\"article:published_time\" content=\"2019-04-14T23:12:41+00:00\" \/>\n<meta property=\"og:image\" content=\"https:\/\/www.celttv.com.ar\/wp-content\/uploads\/2019\/04\/DSC_0362.jpg\" \/>\n\t<meta property=\"og:image:width\" content=\"960\" \/>\n\t<meta property=\"og:image:height\" content=\"640\" \/>\n\t<meta property=\"og:image:type\" content=\"image\/jpeg\" \/>\n<meta name=\"author\" content=\"ulises\" \/>\n<meta name=\"twitter:card\" content=\"summary_large_image\" \/>\n<meta name=\"twitter:label1\" content=\"Escrito por\" \/>\n\t<meta name=\"twitter:data1\" content=\"ulises\" \/>\n\t<meta name=\"twitter:label2\" content=\"Tiempo de lectura\" \/>\n\t<meta name=\"twitter:data2\" content=\"4 minutos\" \/>\n<script type=\"application\/ld+json\" class=\"yoast-schema-graph\">{\"@context\":\"https:\/\/schema.org\",\"@graph\":[{\"@type\":\"NewsArticle\",\"@id\":\"https:\/\/www.celttv.com.ar\/index.php\/2019\/04\/14\/aparecio-san-jose-en-el-bosque\/#article\",\"isPartOf\":{\"@id\":\"https:\/\/www.celttv.com.ar\/index.php\/2019\/04\/14\/aparecio-san-jose-en-el-bosque\/\"},\"author\":{\"name\":\"ulises\",\"@id\":\"https:\/\/www.celttv.com.ar\/#\/schema\/person\/6d99c072dba59953809c81446e9d0ace\"},\"headline\":\"APARECIO SAN JOSE EN EL BOSQUE\",\"datePublished\":\"2019-04-14T23:12:41+00:00\",\"dateModified\":\"2019-04-14T23:12:41+00:00\",\"mainEntityOfPage\":{\"@id\":\"https:\/\/www.celttv.com.ar\/index.php\/2019\/04\/14\/aparecio-san-jose-en-el-bosque\/\"},\"wordCount\":814,\"publisher\":{\"@id\":\"https:\/\/www.celttv.com.ar\/#organization\"},\"articleSection\":[\"Deporte\",\"Destacadas\",\"Solo Futbol\"],\"inLanguage\":\"es\"},{\"@type\":\"WebPage\",\"@id\":\"https:\/\/www.celttv.com.ar\/index.php\/2019\/04\/14\/aparecio-san-jose-en-el-bosque\/\",\"url\":\"https:\/\/www.celttv.com.ar\/index.php\/2019\/04\/14\/aparecio-san-jose-en-el-bosque\/\",\"name\":\"APARECIO SAN JOSE EN EL BOSQUE - CELTTV\",\"isPartOf\":{\"@id\":\"https:\/\/www.celttv.com.ar\/#website\"},\"datePublished\":\"2019-04-14T23:12:41+00:00\",\"dateModified\":\"2019-04-14T23:12:41+00:00\",\"description\":\"Sitio web de noticias de la localidad de Tornquist, provincia de Buenos Aires, Rep\u00fablica Argentina. Contenido propio originado por periodistas de CELTTV, el canal de TV local de la Cooperativa El\u00e9ctrica de Tornquist. Turismo, Pol\u00edtica, Sociedad, Deporte, Cultura y todo el contenido de inter\u00e9s general que la gente del pueblo y la regi\u00f3n debe conocer.\",\"breadcrumb\":{\"@id\":\"https:\/\/www.celttv.com.ar\/index.php\/2019\/04\/14\/aparecio-san-jose-en-el-bosque\/#breadcrumb\"},\"inLanguage\":\"es\",\"potentialAction\":[{\"@type\":\"ReadAction\",\"target\":[\"https:\/\/www.celttv.com.ar\/index.php\/2019\/04\/14\/aparecio-san-jose-en-el-bosque\/\"]}]},{\"@type\":\"BreadcrumbList\",\"@id\":\"https:\/\/www.celttv.com.ar\/index.php\/2019\/04\/14\/aparecio-san-jose-en-el-bosque\/#breadcrumb\",\"itemListElement\":[{\"@type\":\"ListItem\",\"position\":1,\"name\":\"Inicio\",\"item\":\"https:\/\/www.celttv.com.ar\/\"},{\"@type\":\"ListItem\",\"position\":2,\"name\":\"APARECIO SAN JOSE EN EL BOSQUE\"}]},{\"@type\":\"WebSite\",\"@id\":\"https:\/\/www.celttv.com.ar\/#website\",\"url\":\"https:\/\/www.celttv.com.ar\/\",\"name\":\"CELTTV\",\"description\":\"Cooperativa El\u00e9ctrica de Tornquist\",\"publisher\":{\"@id\":\"https:\/\/www.celttv.com.ar\/#organization\"},\"potentialAction\":[{\"@type\":\"SearchAction\",\"target\":{\"@type\":\"EntryPoint\",\"urlTemplate\":\"https:\/\/www.celttv.com.ar\/?s={search_term_string}\"},\"query-input\":\"required name=search_term_string\"}],\"inLanguage\":\"es\"},{\"@type\":\"Organization\",\"@id\":\"https:\/\/www.celttv.com.ar\/#organization\",\"name\":\"CELTTV\",\"url\":\"https:\/\/www.celttv.com.ar\/\",\"sameAs\":[\"https:\/\/www.youtube.com\/channel\/UCz_oIt8Hig64Ub-EmcNPIhg\",\"https:\/\/www.facebook.com\/celtTV\/\"],\"logo\":{\"@type\":\"ImageObject\",\"inLanguage\":\"es\",\"@id\":\"https:\/\/www.celttv.com.ar\/#\/schema\/logo\/image\/\",\"url\":\"http:\/\/www.celttv.com.ar\/wp-content\/uploads\/2022\/08\/logo-1.png\",\"contentUrl\":\"http:\/\/www.celttv.com.ar\/wp-content\/uploads\/2022\/08\/logo-1.png\",\"width\":461,\"height\":159,\"caption\":\"CELTTV\"},\"image\":{\"@id\":\"https:\/\/www.celttv.com.ar\/#\/schema\/logo\/image\/\"}},{\"@type\":\"Person\",\"@id\":\"https:\/\/www.celttv.com.ar\/#\/schema\/person\/6d99c072dba59953809c81446e9d0ace\",\"name\":\"ulises\",\"image\":{\"@type\":\"ImageObject\",\"inLanguage\":\"es\",\"@id\":\"https:\/\/www.celttv.com.ar\/#\/schema\/person\/image\/\",\"url\":\"https:\/\/secure.gravatar.com\/avatar\/7f2c48bdc33b30088f941fb6082e555f2874c98e20cb159d7b92b50eadfce793?s=96&d=mm&r=g\",\"contentUrl\":\"https:\/\/secure.gravatar.com\/avatar\/7f2c48bdc33b30088f941fb6082e555f2874c98e20cb159d7b92b50eadfce793?s=96&d=mm&r=g\",\"caption\":\"ulises\"},\"sameAs\":[\"http:\/\/www.celttv.com.ar\"]}]}<\/script>\n<!-- \/ Yoast SEO plugin. -->","yoast_head_json":{"title":"APARECIO SAN JOSE EN EL BOSQUE - CELTTV","description":"Sitio web de noticias de la localidad de Tornquist, provincia de Buenos Aires, Rep\u00fablica Argentina. Contenido propio originado por periodistas de CELTTV, el canal de TV local de la Cooperativa El\u00e9ctrica de Tornquist. Turismo, Pol\u00edtica, Sociedad, Deporte, Cultura y todo el contenido de inter\u00e9s general que la gente del pueblo y la regi\u00f3n debe conocer.","robots":{"index":"index","follow":"follow","max-snippet":"max-snippet:-1","max-image-preview":"max-image-preview:large","max-video-preview":"max-video-preview:-1"},"canonical":"https:\/\/www.celttv.com.ar\/index.php\/2019\/04\/14\/aparecio-san-jose-en-el-bosque\/","og_locale":"es_ES","og_type":"article","og_title":"APARECIO SAN JOSE EN EL BOSQUE - CELTTV","og_description":"Sitio web de noticias de la localidad de Tornquist, provincia de Buenos Aires, Rep\u00fablica Argentina. Contenido propio originado por periodistas de CELTTV, el canal de TV local de la Cooperativa El\u00e9ctrica de Tornquist. Turismo, Pol\u00edtica, Sociedad, Deporte, Cultura y todo el contenido de inter\u00e9s general que la gente del pueblo y la regi\u00f3n debe conocer.","og_url":"https:\/\/www.celttv.com.ar\/index.php\/2019\/04\/14\/aparecio-san-jose-en-el-bosque\/","og_site_name":"CELTTV","article_publisher":"https:\/\/www.facebook.com\/celtTV\/","article_published_time":"2019-04-14T23:12:41+00:00","og_image":[{"width":960,"height":640,"url":"https:\/\/www.celttv.com.ar\/wp-content\/uploads\/2019\/04\/DSC_0362.jpg","type":"image\/jpeg"}],"author":"ulises","twitter_card":"summary_large_image","twitter_misc":{"Escrito por":"ulises","Tiempo de lectura":"4 minutos"},"schema":{"@context":"https:\/\/schema.org","@graph":[{"@type":"NewsArticle","@id":"https:\/\/www.celttv.com.ar\/index.php\/2019\/04\/14\/aparecio-san-jose-en-el-bosque\/#article","isPartOf":{"@id":"https:\/\/www.celttv.com.ar\/index.php\/2019\/04\/14\/aparecio-san-jose-en-el-bosque\/"},"author":{"name":"ulises","@id":"https:\/\/www.celttv.com.ar\/#\/schema\/person\/6d99c072dba59953809c81446e9d0ace"},"headline":"APARECIO SAN JOSE EN EL BOSQUE","datePublished":"2019-04-14T23:12:41+00:00","dateModified":"2019-04-14T23:12:41+00:00","mainEntityOfPage":{"@id":"https:\/\/www.celttv.com.ar\/index.php\/2019\/04\/14\/aparecio-san-jose-en-el-bosque\/"},"wordCount":814,"publisher":{"@id":"https:\/\/www.celttv.com.ar\/#organization"},"articleSection":["Deporte","Destacadas","Solo Futbol"],"inLanguage":"es"},{"@type":"WebPage","@id":"https:\/\/www.celttv.com.ar\/index.php\/2019\/04\/14\/aparecio-san-jose-en-el-bosque\/","url":"https:\/\/www.celttv.com.ar\/index.php\/2019\/04\/14\/aparecio-san-jose-en-el-bosque\/","name":"APARECIO SAN JOSE EN EL BOSQUE - CELTTV","isPartOf":{"@id":"https:\/\/www.celttv.com.ar\/#website"},"datePublished":"2019-04-14T23:12:41+00:00","dateModified":"2019-04-14T23:12:41+00:00","description":"Sitio web de noticias de la localidad de Tornquist, provincia de Buenos Aires, Rep\u00fablica Argentina. Contenido propio originado por periodistas de CELTTV, el canal de TV local de la Cooperativa El\u00e9ctrica de Tornquist. Turismo, Pol\u00edtica, Sociedad, Deporte, Cultura y todo el contenido de inter\u00e9s general que la gente del pueblo y la regi\u00f3n debe conocer.","breadcrumb":{"@id":"https:\/\/www.celttv.com.ar\/index.php\/2019\/04\/14\/aparecio-san-jose-en-el-bosque\/#breadcrumb"},"inLanguage":"es","potentialAction":[{"@type":"ReadAction","target":["https:\/\/www.celttv.com.ar\/index.php\/2019\/04\/14\/aparecio-san-jose-en-el-bosque\/"]}]},{"@type":"BreadcrumbList","@id":"https:\/\/www.celttv.com.ar\/index.php\/2019\/04\/14\/aparecio-san-jose-en-el-bosque\/#breadcrumb","itemListElement":[{"@type":"ListItem","position":1,"name":"Inicio","item":"https:\/\/www.celttv.com.ar\/"},{"@type":"ListItem","position":2,"name":"APARECIO SAN JOSE EN EL BOSQUE"}]},{"@type":"WebSite","@id":"https:\/\/www.celttv.com.ar\/#website","url":"https:\/\/www.celttv.com.ar\/","name":"CELTTV","description":"Cooperativa El\u00e9ctrica de Tornquist","publisher":{"@id":"https:\/\/www.celttv.com.ar\/#organization"},"potentialAction":[{"@type":"SearchAction","target":{"@type":"EntryPoint","urlTemplate":"https:\/\/www.celttv.com.ar\/?s={search_term_string}"},"query-input":"required name=search_term_string"}],"inLanguage":"es"},{"@type":"Organization","@id":"https:\/\/www.celttv.com.ar\/#organization","name":"CELTTV","url":"https:\/\/www.celttv.com.ar\/","sameAs":["https:\/\/www.youtube.com\/channel\/UCz_oIt8Hig64Ub-EmcNPIhg","https:\/\/www.facebook.com\/celtTV\/"],"logo":{"@type":"ImageObject","inLanguage":"es","@id":"https:\/\/www.celttv.com.ar\/#\/schema\/logo\/image\/","url":"http:\/\/www.celttv.com.ar\/wp-content\/uploads\/2022\/08\/logo-1.png","contentUrl":"http:\/\/www.celttv.com.ar\/wp-content\/uploads\/2022\/08\/logo-1.png","width":461,"height":159,"caption":"CELTTV"},"image":{"@id":"https:\/\/www.celttv.com.ar\/#\/schema\/logo\/image\/"}},{"@type":"Person","@id":"https:\/\/www.celttv.com.ar\/#\/schema\/person\/6d99c072dba59953809c81446e9d0ace","name":"ulises","image":{"@type":"ImageObject","inLanguage":"es","@id":"https:\/\/www.celttv.com.ar\/#\/schema\/person\/image\/","url":"https:\/\/secure.gravatar.com\/avatar\/7f2c48bdc33b30088f941fb6082e555f2874c98e20cb159d7b92b50eadfce793?s=96&d=mm&r=g","contentUrl":"https:\/\/secure.gravatar.com\/avatar\/7f2c48bdc33b30088f941fb6082e555f2874c98e20cb159d7b92b50eadfce793?s=96&d=mm&r=g","caption":"ulises"},"sameAs":["http:\/\/www.celttv.com.ar"]}]}},"_links":{"self":[{"href":"https:\/\/www.celttv.com.ar\/index.php\/wp-json\/wp\/v2\/posts\/41033","targetHints":{"allow":["GET"]}}],"collection":[{"href":"https:\/\/www.celttv.com.ar\/index.php\/wp-json\/wp\/v2\/posts"}],"about":[{"href":"https:\/\/www.celttv.com.ar\/index.php\/wp-json\/wp\/v2\/types\/post"}],"author":[{"embeddable":true,"href":"https:\/\/www.celttv.com.ar\/index.php\/wp-json\/wp\/v2\/users\/1"}],"replies":[{"embeddable":true,"href":"https:\/\/www.celttv.com.ar\/index.php\/wp-json\/wp\/v2\/comments?post=41033"}],"version-history":[{"count":0,"href":"https:\/\/www.celttv.com.ar\/index.php\/wp-json\/wp\/v2\/posts\/41033\/revisions"}],"wp:featuredmedia":[{"embeddable":true,"href":"https:\/\/www.celttv.com.ar\/index.php\/wp-json\/wp\/v2\/media\/41037"}],"wp:attachment":[{"href":"https:\/\/www.celttv.com.ar\/index.php\/wp-json\/wp\/v2\/media?parent=41033"}],"wp:term":[{"taxonomy":"category","embeddable":true,"href":"https:\/\/www.celttv.com.ar\/index.php\/wp-json\/wp\/v2\/categories?post=41033"},{"taxonomy":"post_tag","embeddable":true,"href":"https:\/\/www.celttv.com.ar\/index.php\/wp-json\/wp\/v2\/tags?post=41033"}],"curies":[{"name":"wp","href":"https:\/\/api.w.org\/{rel}","templated":true}]}}