{"id":41048,"date":"2019-04-17T14:59:48","date_gmt":"2019-04-17T14:59:48","guid":{"rendered":"http:\/\/www.celttv.com.ar\/?p=41048"},"modified":"2019-04-17T14:59:48","modified_gmt":"2019-04-17T14:59:48","slug":"gran-debut-de-automoto-voley-fotos","status":"publish","type":"post","link":"https:\/\/www.celttv.com.ar\/index.php\/2019\/04\/17\/gran-debut-de-automoto-voley-fotos\/","title":{"rendered":"Gran debut de Automoto Voley (Fotos)"},"content":{"rendered":"<p>En un d\u00eda hist\u00f3rico para la instituci\u00f3n, teniendo en cuenta que present\u00f3 a tres categor\u00edas por primera vez en su trayectoria, las chicas del Automoto Club Deportivo cumplieron una estupenda labor en la fecha inaugural del torneo femenino de v\u00f3leibol que organiza la Asociaci\u00f3n Bahiense.<\/p>\n<p>En la jornada disputada en el gimnasio del Club Universitario, el Rojo consigui\u00f3 dos triunfos en Sub 16 B, dos victorias y una derrota en Sub 18 B y dos ca\u00eddas en Sub 12, en el debut absoluto de todas las jugadoras que componen esa categor\u00eda.<\/p>\n<p>Los resultados fueron los siguientes:<\/p>\n<p><strong>Sub 18 B<\/strong><\/p>\n<ul>\n<li>Vs Libertad: 2-0 (parciales de 25-9 y 25-4).<\/li>\n<li>Vs Espora: 0-2 (17-25 y 23-25).<\/li>\n<li>Vs Estudiantes: 2-1 (25-7, 22-25 y 15-9).<\/li>\n<li>Jugaron: Gianella Lambichi, Julieta Schwab, Giuliana Verdinelli, Diana Fr\u00edas, Sof\u00eda Par\u00eds y Luciana Dorado.<\/li>\n<\/ul>\n<p><strong>Sub 16 B<\/strong><\/p>\n<ul>\n<li>Vs Estudiantes: 2-1 (14-25, 26-24 y 15-7).<\/li>\n<li>Vs Espora: 2-1 (21-25, 26-24 y 15-13).<\/li>\n<li>Jugaron: Solange Rodr\u00edguez, Valentina Dorado, Agustina Poblet, Clara Rinc\u00f3n, Victoria Rusconi, Josefina Candal, Milena Uribe, Sabrina Trankels y Lucila Naab.<\/li>\n<\/ul>\n<p><strong>Sub 12<\/strong><\/p>\n<ul>\n<li>Vs Olimpo: 1-2 (14-25, 25-17 y 25-18).<\/li>\n<li>Vs Tiro Federal: 0-3 (10-25, 14-25 y 14-25).<\/li>\n<li>Jugaron: Emma Gandini, Alma Urriaga, Catalina Fhur, Luc\u00eda Trankels, Gemma Bruni, Amparo Lanaro, Renata Muzi, Abril Clavelino, Lola Fern\u00e1ndez, Carolina Tepper, Luisina Bay\u00f3n, Luisina Miconi, Josefina Manfredi y Olivia Naab.<\/li>\n<\/ul>\n<p>La pr\u00f3xima presentaci\u00f3n de Automoto ser\u00e1 el pr\u00f3ximo mi\u00e9rcoles 1 de mayo, cuando reciba en el Polideportivo \u201cMario Gandini\u201d a Club Universitario y Liners, en las tres divisionales.<\/p>\n<p><a href=\"http:\/\/www.celttv.com.ar\/?attachment_id=41049\" rel=\"attachment wp-att-41049\"><img loading=\"lazy\" decoding=\"async\" class=\"alignleft size-full wp-image-41049\" src=\"http:\/\/www.celttv.com.ar\/wp-content\/uploads\/2019\/04\/01.jpg\" alt=\"\" width=\"1080\" height=\"1080\" srcset=\"https:\/\/www.celttv.com.ar\/wp-content\/uploads\/2019\/04\/01.jpg 1080w, https:\/\/www.celttv.com.ar\/wp-content\/uploads\/2019\/04\/01-300x300.jpg 300w, https:\/\/www.celttv.com.ar\/wp-content\/uploads\/2019\/04\/01-1024x1024.jpg 1024w, https:\/\/www.celttv.com.ar\/wp-content\/uploads\/2019\/04\/01-150x150.jpg 150w, https:\/\/www.celttv.com.ar\/wp-content\/uploads\/2019\/04\/01-768x768.jpg 768w, https:\/\/www.celttv.com.ar\/wp-content\/uploads\/2019\/04\/01-75x75.jpg 75w, https:\/\/www.celttv.com.ar\/wp-content\/uploads\/2019\/04\/01-750x750.jpg 750w\" sizes=\"auto, (max-width: 1080px) 100vw, 1080px\" \/><\/a> <a href=\"http:\/\/www.celttv.com.ar\/?attachment_id=41050\" rel=\"attachment wp-att-41050\"><img loading=\"lazy\" decoding=\"async\" class=\"alignleft size-medium wp-image-41050\" src=\"http:\/\/www.celttv.com.ar\/wp-content\/uploads\/2019\/04\/02.jpg\" alt=\"\" width=\"585\" height=\"780\" srcset=\"https:\/\/www.celttv.com.ar\/wp-content\/uploads\/2019\/04\/02.jpg 780w, https:\/\/www.celttv.com.ar\/wp-content\/uploads\/2019\/04\/02-225x300.jpg 225w, https:\/\/www.celttv.com.ar\/wp-content\/uploads\/2019\/04\/02-768x1024.jpg 768w, https:\/\/www.celttv.com.ar\/wp-content\/uploads\/2019\/04\/02-750x1000.jpg 750w\" sizes=\"auto, (max-width: 585px) 100vw, 585px\" \/><\/a> <a href=\"http:\/\/www.celttv.com.ar\/?attachment_id=41051\" rel=\"attachment wp-att-41051\"><img loading=\"lazy\" decoding=\"async\" class=\"alignleft size-medium wp-image-41051\" src=\"http:\/\/www.celttv.com.ar\/wp-content\/uploads\/2019\/04\/03-2.jpg\" alt=\"\" width=\"585\" height=\"780\" srcset=\"https:\/\/www.celttv.com.ar\/wp-content\/uploads\/2019\/04\/03-2.jpg 780w, https:\/\/www.celttv.com.ar\/wp-content\/uploads\/2019\/04\/03-2-225x300.jpg 225w, https:\/\/www.celttv.com.ar\/wp-content\/uploads\/2019\/04\/03-2-768x1024.jpg 768w, https:\/\/www.celttv.com.ar\/wp-content\/uploads\/2019\/04\/03-2-750x1000.jpg 750w\" sizes=\"auto, (max-width: 585px) 100vw, 585px\" \/><\/a> <a href=\"http:\/\/www.celttv.com.ar\/?attachment_id=41052\" rel=\"attachment wp-att-41052\"><img loading=\"lazy\" decoding=\"async\" class=\"alignleft size-medium wp-image-41052\" src=\"http:\/\/www.celttv.com.ar\/wp-content\/uploads\/2019\/04\/04-1.jpg\" alt=\"\" width=\"780\" height=\"585\" srcset=\"https:\/\/www.celttv.com.ar\/wp-content\/uploads\/2019\/04\/04-1.jpg 1040w, https:\/\/www.celttv.com.ar\/wp-content\/uploads\/2019\/04\/04-1-300x225.jpg 300w, https:\/\/www.celttv.com.ar\/wp-content\/uploads\/2019\/04\/04-1-1024x768.jpg 1024w, https:\/\/www.celttv.com.ar\/wp-content\/uploads\/2019\/04\/04-1-768x576.jpg 768w, https:\/\/www.celttv.com.ar\/wp-content\/uploads\/2019\/04\/04-1-750x563.jpg 750w\" sizes=\"auto, (max-width: 780px) 100vw, 780px\" \/><\/a> <a href=\"http:\/\/www.celttv.com.ar\/?attachment_id=41053\" rel=\"attachment wp-att-41053\"><img loading=\"lazy\" decoding=\"async\" class=\"alignleft size-medium wp-image-41053\" src=\"http:\/\/www.celttv.com.ar\/wp-content\/uploads\/2019\/04\/tab-01.jpeg\" alt=\"\" width=\"551\" height=\"780\" srcset=\"https:\/\/www.celttv.com.ar\/wp-content\/uploads\/2019\/04\/tab-01.jpeg 904w, https:\/\/www.celttv.com.ar\/wp-content\/uploads\/2019\/04\/tab-01-212x300.jpeg 212w, https:\/\/www.celttv.com.ar\/wp-content\/uploads\/2019\/04\/tab-01-723x1024.jpeg 723w, https:\/\/www.celttv.com.ar\/wp-content\/uploads\/2019\/04\/tab-01-768x1087.jpeg 768w, https:\/\/www.celttv.com.ar\/wp-content\/uploads\/2019\/04\/tab-01-750x1062.jpeg 750w\" sizes=\"auto, (max-width: 551px) 100vw, 551px\" \/><\/a> <a href=\"http:\/\/www.celttv.com.ar\/?attachment_id=41054\" rel=\"attachment wp-att-41054\"><img loading=\"lazy\" decoding=\"async\" class=\"alignleft size-medium wp-image-41054\" src=\"http:\/\/www.celttv.com.ar\/wp-content\/uploads\/2019\/04\/tab-02.jpeg\" alt=\"\" width=\"551\" height=\"780\" srcset=\"https:\/\/www.celttv.com.ar\/wp-content\/uploads\/2019\/04\/tab-02.jpeg 904w, https:\/\/www.celttv.com.ar\/wp-content\/uploads\/2019\/04\/tab-02-212x300.jpeg 212w, https:\/\/www.celttv.com.ar\/wp-content\/uploads\/2019\/04\/tab-02-723x1024.jpeg 723w, https:\/\/www.celttv.com.ar\/wp-content\/uploads\/2019\/04\/tab-02-768x1087.jpeg 768w, https:\/\/www.celttv.com.ar\/wp-content\/uploads\/2019\/04\/tab-02-750x1062.jpeg 750w\" sizes=\"auto, (max-width: 551px) 100vw, 551px\" \/><\/a> <a href=\"http:\/\/www.celttv.com.ar\/?attachment_id=41055\" rel=\"attachment wp-att-41055\"><img loading=\"lazy\" decoding=\"async\" class=\"alignleft size-medium wp-image-41055\" src=\"http:\/\/www.celttv.com.ar\/wp-content\/uploads\/2019\/04\/tab-03.jpeg\" alt=\"\" width=\"551\" height=\"780\" srcset=\"https:\/\/www.celttv.com.ar\/wp-content\/uploads\/2019\/04\/tab-03.jpeg 904w, https:\/\/www.celttv.com.ar\/wp-content\/uploads\/2019\/04\/tab-03-212x300.jpeg 212w, https:\/\/www.celttv.com.ar\/wp-content\/uploads\/2019\/04\/tab-03-723x1024.jpeg 723w, https:\/\/www.celttv.com.ar\/wp-content\/uploads\/2019\/04\/tab-03-768x1087.jpeg 768w, https:\/\/www.celttv.com.ar\/wp-content\/uploads\/2019\/04\/tab-03-750x1062.jpeg 750w\" sizes=\"auto, (max-width: 551px) 100vw, 551px\" \/><\/a><\/p>\n<p>&nbsp;<\/p>\n<p>&nbsp;<\/p>\n<p>Departamento de Prensa \u2013 Automoto Club Deportivo<\/p>\n<p>www.clubautomotopasion.com.ar<\/p>\n<p>Facebook: \/automototornquist<\/p>\n<p>Twitter: @ClubAutomoto<\/p>\n<p>YouTube: acdtvideos<\/p>\n<p>&nbsp;<\/p>\n","protected":false},"excerpt":{"rendered":"<p>En un d\u00eda hist\u00f3rico para la instituci\u00f3n, teniendo en cuenta que present\u00f3 a tres categor\u00edas por primera vez en su trayectoria, las chicas del Automoto Club Deportivo cumplieron una estupenda labor en la fecha inaugural del torneo femenino de v\u00f3leibol que organiza la Asociaci\u00f3n Bahiense. En la jornada disputada en el gimnasio del Club Universitario, [&hellip;]<\/p>\n","protected":false},"author":1,"featured_media":41056,"comment_status":"closed","ping_status":"open","sticky":false,"template":"","format":"standard","meta":{"footnotes":""},"categories":[55,60,52,63],"tags":[],"class_list":["post-41048","post","type-post","status-publish","format-standard","has-post-thumbnail","hentry","category-celt-tv-noticias","category-deporte","category-destacadas","category-magazine-sport"],"yoast_head":"<!-- This site is optimized with the Yoast SEO plugin v19.7.1 - https:\/\/yoast.com\/wordpress\/plugins\/seo\/ -->\n<title>Gran debut de Automoto Voley (Fotos) - CELTTV<\/title>\n<meta name=\"description\" content=\"Sitio web de noticias de la localidad de Tornquist, provincia de Buenos Aires, Rep\u00fablica Argentina. Contenido propio originado por periodistas de CELTTV, el canal de TV local de la Cooperativa El\u00e9ctrica de Tornquist. Turismo, Pol\u00edtica, Sociedad, Deporte, Cultura y todo el contenido de inter\u00e9s general que la gente del pueblo y la regi\u00f3n debe conocer.\" \/>\n<meta name=\"robots\" content=\"index, follow, max-snippet:-1, max-image-preview:large, max-video-preview:-1\" \/>\n<link rel=\"canonical\" href=\"https:\/\/www.celttv.com.ar\/index.php\/2019\/04\/17\/gran-debut-de-automoto-voley-fotos\/\" \/>\n<meta property=\"og:locale\" content=\"es_ES\" \/>\n<meta property=\"og:type\" content=\"article\" \/>\n<meta property=\"og:title\" content=\"Gran debut de Automoto Voley (Fotos) - CELTTV\" \/>\n<meta property=\"og:description\" content=\"Sitio web de noticias de la localidad de Tornquist, provincia de Buenos Aires, Rep\u00fablica Argentina. Contenido propio originado por periodistas de CELTTV, el canal de TV local de la Cooperativa El\u00e9ctrica de Tornquist. Turismo, Pol\u00edtica, Sociedad, Deporte, Cultura y todo el contenido de inter\u00e9s general que la gente del pueblo y la regi\u00f3n debe conocer.\" \/>\n<meta property=\"og:url\" content=\"https:\/\/www.celttv.com.ar\/index.php\/2019\/04\/17\/gran-debut-de-automoto-voley-fotos\/\" \/>\n<meta property=\"og:site_name\" content=\"CELTTV\" \/>\n<meta property=\"article:publisher\" content=\"https:\/\/www.facebook.com\/celtTV\/\" \/>\n<meta property=\"article:published_time\" content=\"2019-04-17T14:59:48+00:00\" \/>\n<meta property=\"og:image\" content=\"https:\/\/www.celttv.com.ar\/wp-content\/uploads\/2019\/04\/01-1.jpg\" \/>\n\t<meta property=\"og:image:width\" content=\"1080\" \/>\n\t<meta property=\"og:image:height\" content=\"1080\" \/>\n\t<meta property=\"og:image:type\" content=\"image\/jpeg\" \/>\n<meta name=\"author\" content=\"ulises\" \/>\n<meta name=\"twitter:card\" content=\"summary_large_image\" \/>\n<meta name=\"twitter:label1\" content=\"Escrito por\" \/>\n\t<meta name=\"twitter:data1\" content=\"ulises\" \/>\n\t<meta name=\"twitter:label2\" content=\"Tiempo de lectura\" \/>\n\t<meta name=\"twitter:data2\" content=\"1 minuto\" \/>\n<script type=\"application\/ld+json\" class=\"yoast-schema-graph\">{\"@context\":\"https:\/\/schema.org\",\"@graph\":[{\"@type\":\"NewsArticle\",\"@id\":\"https:\/\/www.celttv.com.ar\/index.php\/2019\/04\/17\/gran-debut-de-automoto-voley-fotos\/#article\",\"isPartOf\":{\"@id\":\"https:\/\/www.celttv.com.ar\/index.php\/2019\/04\/17\/gran-debut-de-automoto-voley-fotos\/\"},\"author\":{\"name\":\"ulises\",\"@id\":\"https:\/\/www.celttv.com.ar\/#\/schema\/person\/6d99c072dba59953809c81446e9d0ace\"},\"headline\":\"Gran debut de Automoto Voley (Fotos)\",\"datePublished\":\"2019-04-17T14:59:48+00:00\",\"dateModified\":\"2019-04-17T14:59:48+00:00\",\"mainEntityOfPage\":{\"@id\":\"https:\/\/www.celttv.com.ar\/index.php\/2019\/04\/17\/gran-debut-de-automoto-voley-fotos\/\"},\"wordCount\":284,\"publisher\":{\"@id\":\"https:\/\/www.celttv.com.ar\/#organization\"},\"articleSection\":[\"Celt TV Noticias\",\"Deporte\",\"Destacadas\",\"Magazine Sport\"],\"inLanguage\":\"es\"},{\"@type\":\"WebPage\",\"@id\":\"https:\/\/www.celttv.com.ar\/index.php\/2019\/04\/17\/gran-debut-de-automoto-voley-fotos\/\",\"url\":\"https:\/\/www.celttv.com.ar\/index.php\/2019\/04\/17\/gran-debut-de-automoto-voley-fotos\/\",\"name\":\"Gran debut de Automoto Voley (Fotos) - CELTTV\",\"isPartOf\":{\"@id\":\"https:\/\/www.celttv.com.ar\/#website\"},\"datePublished\":\"2019-04-17T14:59:48+00:00\",\"dateModified\":\"2019-04-17T14:59:48+00:00\",\"description\":\"Sitio web de noticias de la localidad de Tornquist, provincia de Buenos Aires, Rep\u00fablica Argentina. Contenido propio originado por periodistas de CELTTV, el canal de TV local de la Cooperativa El\u00e9ctrica de Tornquist. Turismo, Pol\u00edtica, Sociedad, Deporte, Cultura y todo el contenido de inter\u00e9s general que la gente del pueblo y la regi\u00f3n debe conocer.\",\"breadcrumb\":{\"@id\":\"https:\/\/www.celttv.com.ar\/index.php\/2019\/04\/17\/gran-debut-de-automoto-voley-fotos\/#breadcrumb\"},\"inLanguage\":\"es\",\"potentialAction\":[{\"@type\":\"ReadAction\",\"target\":[\"https:\/\/www.celttv.com.ar\/index.php\/2019\/04\/17\/gran-debut-de-automoto-voley-fotos\/\"]}]},{\"@type\":\"BreadcrumbList\",\"@id\":\"https:\/\/www.celttv.com.ar\/index.php\/2019\/04\/17\/gran-debut-de-automoto-voley-fotos\/#breadcrumb\",\"itemListElement\":[{\"@type\":\"ListItem\",\"position\":1,\"name\":\"Inicio\",\"item\":\"https:\/\/www.celttv.com.ar\/\"},{\"@type\":\"ListItem\",\"position\":2,\"name\":\"Gran debut de Automoto Voley (Fotos)\"}]},{\"@type\":\"WebSite\",\"@id\":\"https:\/\/www.celttv.com.ar\/#website\",\"url\":\"https:\/\/www.celttv.com.ar\/\",\"name\":\"CELTTV\",\"description\":\"Cooperativa El\u00e9ctrica de Tornquist\",\"publisher\":{\"@id\":\"https:\/\/www.celttv.com.ar\/#organization\"},\"potentialAction\":[{\"@type\":\"SearchAction\",\"target\":{\"@type\":\"EntryPoint\",\"urlTemplate\":\"https:\/\/www.celttv.com.ar\/?s={search_term_string}\"},\"query-input\":\"required name=search_term_string\"}],\"inLanguage\":\"es\"},{\"@type\":\"Organization\",\"@id\":\"https:\/\/www.celttv.com.ar\/#organization\",\"name\":\"CELTTV\",\"url\":\"https:\/\/www.celttv.com.ar\/\",\"sameAs\":[\"https:\/\/www.youtube.com\/channel\/UCz_oIt8Hig64Ub-EmcNPIhg\",\"https:\/\/www.facebook.com\/celtTV\/\"],\"logo\":{\"@type\":\"ImageObject\",\"inLanguage\":\"es\",\"@id\":\"https:\/\/www.celttv.com.ar\/#\/schema\/logo\/image\/\",\"url\":\"http:\/\/www.celttv.com.ar\/wp-content\/uploads\/2022\/08\/logo-1.png\",\"contentUrl\":\"http:\/\/www.celttv.com.ar\/wp-content\/uploads\/2022\/08\/logo-1.png\",\"width\":461,\"height\":159,\"caption\":\"CELTTV\"},\"image\":{\"@id\":\"https:\/\/www.celttv.com.ar\/#\/schema\/logo\/image\/\"}},{\"@type\":\"Person\",\"@id\":\"https:\/\/www.celttv.com.ar\/#\/schema\/person\/6d99c072dba59953809c81446e9d0ace\",\"name\":\"ulises\",\"image\":{\"@type\":\"ImageObject\",\"inLanguage\":\"es\",\"@id\":\"https:\/\/www.celttv.com.ar\/#\/schema\/person\/image\/\",\"url\":\"https:\/\/secure.gravatar.com\/avatar\/7f2c48bdc33b30088f941fb6082e555f2874c98e20cb159d7b92b50eadfce793?s=96&d=mm&r=g\",\"contentUrl\":\"https:\/\/secure.gravatar.com\/avatar\/7f2c48bdc33b30088f941fb6082e555f2874c98e20cb159d7b92b50eadfce793?s=96&d=mm&r=g\",\"caption\":\"ulises\"},\"sameAs\":[\"http:\/\/www.celttv.com.ar\"]}]}<\/script>\n<!-- \/ Yoast SEO plugin. -->","yoast_head_json":{"title":"Gran debut de Automoto Voley (Fotos) - CELTTV","description":"Sitio web de noticias de la localidad de Tornquist, provincia de Buenos Aires, Rep\u00fablica Argentina. Contenido propio originado por periodistas de CELTTV, el canal de TV local de la Cooperativa El\u00e9ctrica de Tornquist. Turismo, Pol\u00edtica, Sociedad, Deporte, Cultura y todo el contenido de inter\u00e9s general que la gente del pueblo y la regi\u00f3n debe conocer.","robots":{"index":"index","follow":"follow","max-snippet":"max-snippet:-1","max-image-preview":"max-image-preview:large","max-video-preview":"max-video-preview:-1"},"canonical":"https:\/\/www.celttv.com.ar\/index.php\/2019\/04\/17\/gran-debut-de-automoto-voley-fotos\/","og_locale":"es_ES","og_type":"article","og_title":"Gran debut de Automoto Voley (Fotos) - CELTTV","og_description":"Sitio web de noticias de la localidad de Tornquist, provincia de Buenos Aires, Rep\u00fablica Argentina. Contenido propio originado por periodistas de CELTTV, el canal de TV local de la Cooperativa El\u00e9ctrica de Tornquist. Turismo, Pol\u00edtica, Sociedad, Deporte, Cultura y todo el contenido de inter\u00e9s general que la gente del pueblo y la regi\u00f3n debe conocer.","og_url":"https:\/\/www.celttv.com.ar\/index.php\/2019\/04\/17\/gran-debut-de-automoto-voley-fotos\/","og_site_name":"CELTTV","article_publisher":"https:\/\/www.facebook.com\/celtTV\/","article_published_time":"2019-04-17T14:59:48+00:00","og_image":[{"width":1080,"height":1080,"url":"https:\/\/www.celttv.com.ar\/wp-content\/uploads\/2019\/04\/01-1.jpg","type":"image\/jpeg"}],"author":"ulises","twitter_card":"summary_large_image","twitter_misc":{"Escrito por":"ulises","Tiempo de lectura":"1 minuto"},"schema":{"@context":"https:\/\/schema.org","@graph":[{"@type":"NewsArticle","@id":"https:\/\/www.celttv.com.ar\/index.php\/2019\/04\/17\/gran-debut-de-automoto-voley-fotos\/#article","isPartOf":{"@id":"https:\/\/www.celttv.com.ar\/index.php\/2019\/04\/17\/gran-debut-de-automoto-voley-fotos\/"},"author":{"name":"ulises","@id":"https:\/\/www.celttv.com.ar\/#\/schema\/person\/6d99c072dba59953809c81446e9d0ace"},"headline":"Gran debut de Automoto Voley (Fotos)","datePublished":"2019-04-17T14:59:48+00:00","dateModified":"2019-04-17T14:59:48+00:00","mainEntityOfPage":{"@id":"https:\/\/www.celttv.com.ar\/index.php\/2019\/04\/17\/gran-debut-de-automoto-voley-fotos\/"},"wordCount":284,"publisher":{"@id":"https:\/\/www.celttv.com.ar\/#organization"},"articleSection":["Celt TV Noticias","Deporte","Destacadas","Magazine Sport"],"inLanguage":"es"},{"@type":"WebPage","@id":"https:\/\/www.celttv.com.ar\/index.php\/2019\/04\/17\/gran-debut-de-automoto-voley-fotos\/","url":"https:\/\/www.celttv.com.ar\/index.php\/2019\/04\/17\/gran-debut-de-automoto-voley-fotos\/","name":"Gran debut de Automoto Voley (Fotos) - CELTTV","isPartOf":{"@id":"https:\/\/www.celttv.com.ar\/#website"},"datePublished":"2019-04-17T14:59:48+00:00","dateModified":"2019-04-17T14:59:48+00:00","description":"Sitio web de noticias de la localidad de Tornquist, provincia de Buenos Aires, Rep\u00fablica Argentina. Contenido propio originado por periodistas de CELTTV, el canal de TV local de la Cooperativa El\u00e9ctrica de Tornquist. Turismo, Pol\u00edtica, Sociedad, Deporte, Cultura y todo el contenido de inter\u00e9s general que la gente del pueblo y la regi\u00f3n debe conocer.","breadcrumb":{"@id":"https:\/\/www.celttv.com.ar\/index.php\/2019\/04\/17\/gran-debut-de-automoto-voley-fotos\/#breadcrumb"},"inLanguage":"es","potentialAction":[{"@type":"ReadAction","target":["https:\/\/www.celttv.com.ar\/index.php\/2019\/04\/17\/gran-debut-de-automoto-voley-fotos\/"]}]},{"@type":"BreadcrumbList","@id":"https:\/\/www.celttv.com.ar\/index.php\/2019\/04\/17\/gran-debut-de-automoto-voley-fotos\/#breadcrumb","itemListElement":[{"@type":"ListItem","position":1,"name":"Inicio","item":"https:\/\/www.celttv.com.ar\/"},{"@type":"ListItem","position":2,"name":"Gran debut de Automoto Voley (Fotos)"}]},{"@type":"WebSite","@id":"https:\/\/www.celttv.com.ar\/#website","url":"https:\/\/www.celttv.com.ar\/","name":"CELTTV","description":"Cooperativa El\u00e9ctrica de Tornquist","publisher":{"@id":"https:\/\/www.celttv.com.ar\/#organization"},"potentialAction":[{"@type":"SearchAction","target":{"@type":"EntryPoint","urlTemplate":"https:\/\/www.celttv.com.ar\/?s={search_term_string}"},"query-input":"required name=search_term_string"}],"inLanguage":"es"},{"@type":"Organization","@id":"https:\/\/www.celttv.com.ar\/#organization","name":"CELTTV","url":"https:\/\/www.celttv.com.ar\/","sameAs":["https:\/\/www.youtube.com\/channel\/UCz_oIt8Hig64Ub-EmcNPIhg","https:\/\/www.facebook.com\/celtTV\/"],"logo":{"@type":"ImageObject","inLanguage":"es","@id":"https:\/\/www.celttv.com.ar\/#\/schema\/logo\/image\/","url":"http:\/\/www.celttv.com.ar\/wp-content\/uploads\/2022\/08\/logo-1.png","contentUrl":"http:\/\/www.celttv.com.ar\/wp-content\/uploads\/2022\/08\/logo-1.png","width":461,"height":159,"caption":"CELTTV"},"image":{"@id":"https:\/\/www.celttv.com.ar\/#\/schema\/logo\/image\/"}},{"@type":"Person","@id":"https:\/\/www.celttv.com.ar\/#\/schema\/person\/6d99c072dba59953809c81446e9d0ace","name":"ulises","image":{"@type":"ImageObject","inLanguage":"es","@id":"https:\/\/www.celttv.com.ar\/#\/schema\/person\/image\/","url":"https:\/\/secure.gravatar.com\/avatar\/7f2c48bdc33b30088f941fb6082e555f2874c98e20cb159d7b92b50eadfce793?s=96&d=mm&r=g","contentUrl":"https:\/\/secure.gravatar.com\/avatar\/7f2c48bdc33b30088f941fb6082e555f2874c98e20cb159d7b92b50eadfce793?s=96&d=mm&r=g","caption":"ulises"},"sameAs":["http:\/\/www.celttv.com.ar"]}]}},"_links":{"self":[{"href":"https:\/\/www.celttv.com.ar\/index.php\/wp-json\/wp\/v2\/posts\/41048","targetHints":{"allow":["GET"]}}],"collection":[{"href":"https:\/\/www.celttv.com.ar\/index.php\/wp-json\/wp\/v2\/posts"}],"about":[{"href":"https:\/\/www.celttv.com.ar\/index.php\/wp-json\/wp\/v2\/types\/post"}],"author":[{"embeddable":true,"href":"https:\/\/www.celttv.com.ar\/index.php\/wp-json\/wp\/v2\/users\/1"}],"replies":[{"embeddable":true,"href":"https:\/\/www.celttv.com.ar\/index.php\/wp-json\/wp\/v2\/comments?post=41048"}],"version-history":[{"count":0,"href":"https:\/\/www.celttv.com.ar\/index.php\/wp-json\/wp\/v2\/posts\/41048\/revisions"}],"wp:featuredmedia":[{"embeddable":true,"href":"https:\/\/www.celttv.com.ar\/index.php\/wp-json\/wp\/v2\/media\/41056"}],"wp:attachment":[{"href":"https:\/\/www.celttv.com.ar\/index.php\/wp-json\/wp\/v2\/media?parent=41048"}],"wp:term":[{"taxonomy":"category","embeddable":true,"href":"https:\/\/www.celttv.com.ar\/index.php\/wp-json\/wp\/v2\/categories?post=41048"},{"taxonomy":"post_tag","embeddable":true,"href":"https:\/\/www.celttv.com.ar\/index.php\/wp-json\/wp\/v2\/tags?post=41048"}],"curies":[{"name":"wp","href":"https:\/\/api.w.org\/{rel}","templated":true}]}}