{"id":41058,"date":"2019-04-17T15:16:22","date_gmt":"2019-04-17T15:16:22","guid":{"rendered":"http:\/\/www.celttv.com.ar\/?p=41058"},"modified":"2019-04-17T15:16:22","modified_gmt":"2019-04-17T15:16:22","slug":"torneo-apertura-de-caballeros-y-torneo-anual-de-mamis-de-la-federacion-de-hockey-del-sudoeste-bonaerense","status":"publish","type":"post","link":"https:\/\/www.celttv.com.ar\/index.php\/2019\/04\/17\/torneo-apertura-de-caballeros-y-torneo-anual-de-mamis-de-la-federacion-de-hockey-del-sudoeste-bonaerense\/","title":{"rendered":"Torneo Apertura de Caballeros y Torneo Anual de Mamis de la Federaci\u00f3n de Hockey del Sudoeste Bonaerense."},"content":{"rendered":"<p>&nbsp;<\/p>\n<div>Segunda fecha Torneo Apertura de Caballeros y de la primera fecha del Torneo Anual de Mamis de la Federaci\u00f3n de Hockey del Sudoeste Bonaerense.<\/div>\n<div><\/div>\n<div><b><i>Gaspar Oll\u00e9 &#8211; Prensa FHSB<\/i><\/b><\/div>\n<p>&nbsp;<\/p>\n<p><strong>TORNEO ANUAL DE MAMIS<\/strong><\/p>\n<p><strong>Domingo 14\/4<\/strong><\/p>\n<p><strong><em>Fecha 1<\/em><\/strong><\/p>\n<table width=\"509\">\n<tbody>\n<tr>\n<td width=\"195\"><strong>Independiente<\/strong><\/td>\n<td width=\"40\"><strong>1<\/strong><\/td>\n<td width=\"40\"><strong>vs<\/strong><\/td>\n<td width=\"40\"><strong>5<\/strong><\/td>\n<td width=\"195\"><strong>Dep. Sarmiento 2<\/strong><\/td>\n<\/tr>\n<tr>\n<td colspan=\"2\" width=\"235\">Laura Caspe<\/td>\n<td rowspan=\"4\" width=\"40\">Goles<\/td>\n<td colspan=\"2\" width=\"235\">Micaela Coronel -2-<\/td>\n<\/tr>\n<tr>\n<td colspan=\"2\" width=\"235\"><\/td>\n<td colspan=\"2\" width=\"235\">Florencia Licck<\/td>\n<\/tr>\n<tr>\n<td colspan=\"2\" width=\"235\"><\/td>\n<td colspan=\"2\" width=\"235\">Johanna Acosta<\/td>\n<\/tr>\n<tr>\n<td colspan=\"2\" width=\"235\"><\/td>\n<td colspan=\"2\" width=\"235\">Juliana Meloni<\/td>\n<\/tr>\n<\/tbody>\n<\/table>\n<p><strong><em>\u00a0<\/em><\/strong><\/p>\n<table width=\"509\">\n<tbody>\n<tr>\n<td width=\"195\"><strong>Sarmiento Pig\u00fc\u00e9<\/strong><\/td>\n<td width=\"40\"><strong>0<\/strong><\/td>\n<td width=\"40\"><strong>vs<\/strong><\/td>\n<td width=\"40\"><strong>3<\/strong><\/td>\n<td width=\"195\"><strong>CEF N\u00ba 83 Rojo<\/strong><\/td>\n<\/tr>\n<tr>\n<td colspan=\"2\" width=\"235\"><\/td>\n<td rowspan=\"3\" width=\"40\">Goles<\/td>\n<td colspan=\"2\" width=\"235\">Eliana Frutos -2-<\/td>\n<\/tr>\n<tr>\n<td colspan=\"2\" width=\"235\"><\/td>\n<td colspan=\"2\" width=\"235\">Micaela Iba\u00f1ez<\/td>\n<\/tr>\n<tr>\n<td colspan=\"2\" width=\"235\"><\/td>\n<td colspan=\"2\" width=\"235\"><\/td>\n<\/tr>\n<\/tbody>\n<\/table>\n<p><strong><em>\u00a0<\/em><\/strong><\/p>\n<table width=\"509\">\n<tbody>\n<tr>\n<td width=\"195\"><strong>Municipalidad Pig\u00fc\u00e9<\/strong><\/td>\n<td width=\"40\"><strong>2<\/strong><\/td>\n<td width=\"40\"><strong>vs<\/strong><\/td>\n<td width=\"40\"><strong>4<\/strong><\/td>\n<td width=\"195\"><strong>Club de Pelota<\/strong><\/td>\n<\/tr>\n<tr>\n<td colspan=\"2\" width=\"235\">Florencia Mu\u00f1oz -2-<\/td>\n<td rowspan=\"3\" width=\"40\">Goles<\/td>\n<td colspan=\"2\" width=\"235\">Alejandrina Caminada -2-<\/td>\n<\/tr>\n<tr>\n<td colspan=\"2\" width=\"235\"><\/td>\n<td colspan=\"2\" width=\"235\">Milena Lombardeli<\/td>\n<\/tr>\n<tr>\n<td colspan=\"2\" width=\"235\"><\/td>\n<td colspan=\"2\" width=\"235\">Micaela Hombre<\/td>\n<\/tr>\n<\/tbody>\n<\/table>\n<p><strong><em>\u00a0<\/em><\/strong><\/p>\n<table width=\"509\">\n<tbody>\n<tr>\n<td width=\"195\"><strong>CEF N\u00ba 83 Azul<\/strong><\/td>\n<td width=\"40\"><strong>7<\/strong><\/td>\n<td width=\"40\"><strong>vs<\/strong><\/td>\n<td width=\"40\"><strong>0<\/strong><\/td>\n<td width=\"195\"><strong>Dep. Sarmiento 1<\/strong><\/td>\n<\/tr>\n<tr>\n<td colspan=\"2\" width=\"235\">Magdalena Simoncini -3-<\/td>\n<td rowspan=\"4\" width=\"40\">Goles<\/td>\n<td colspan=\"2\" width=\"235\"><\/td>\n<\/tr>\n<tr>\n<td colspan=\"2\" width=\"235\">Eliana Disdel -2-<\/td>\n<td colspan=\"2\" width=\"235\"><\/td>\n<\/tr>\n<tr>\n<td colspan=\"2\" width=\"235\">Soledad Fil\u00f3como<\/td>\n<td colspan=\"2\" width=\"235\"><\/td>\n<\/tr>\n<tr>\n<td colspan=\"2\" width=\"235\">Marianela Baier<\/td>\n<td colspan=\"2\" width=\"235\"><\/td>\n<\/tr>\n<\/tbody>\n<\/table>\n<p><strong><em>\u00a0<\/em><\/strong><\/p>\n<p><strong><u>\u00a0<\/u><\/strong><\/p>\n<p><strong><em>Fecha 2<\/em><\/strong><\/p>\n<table width=\"509\">\n<tbody>\n<tr>\n<td width=\"195\"><strong>CEF N\u00ba 83 Rojo<\/strong><\/td>\n<td width=\"40\"><strong>8<\/strong><\/td>\n<td width=\"40\"><strong>vs<\/strong><\/td>\n<td width=\"40\"><strong>0<\/strong><\/td>\n<td width=\"195\"><strong>Independiente<\/strong><\/td>\n<\/tr>\n<tr>\n<td colspan=\"2\" width=\"235\">Oriana Vincent -3-<\/td>\n<td rowspan=\"5\" width=\"40\">Goles<\/td>\n<td colspan=\"2\" width=\"235\"><\/td>\n<\/tr>\n<tr>\n<td colspan=\"2\" width=\"235\">Eliana Frutos -2-<\/td>\n<td colspan=\"2\" width=\"235\"><\/td>\n<\/tr>\n<tr>\n<td colspan=\"2\" width=\"235\">Andrea Ochoa<\/td>\n<td colspan=\"2\" width=\"235\"><\/td>\n<\/tr>\n<tr>\n<td colspan=\"2\" width=\"235\">Micaela Iba\u00f1ez<\/td>\n<td colspan=\"2\" width=\"235\"><\/td>\n<\/tr>\n<tr>\n<td colspan=\"2\" width=\"235\">Eugenia Bories<\/td>\n<td colspan=\"2\" width=\"235\"><\/td>\n<\/tr>\n<\/tbody>\n<\/table>\n<p><strong><u>\u00a0<\/u><\/strong><\/p>\n<table width=\"509\">\n<tbody>\n<tr>\n<td width=\"195\"><strong>Club de Pelota<\/strong><\/td>\n<td width=\"40\"><strong>1<\/strong><\/td>\n<td width=\"40\"><strong>vs<\/strong><\/td>\n<td width=\"40\"><strong>3<\/strong><\/td>\n<td width=\"195\"><strong>Sarmiento Pig\u00fc\u00e9<\/strong><\/td>\n<\/tr>\n<tr>\n<td colspan=\"2\" width=\"235\">Alejandrina Caminada<\/td>\n<td rowspan=\"3\" width=\"40\">Goles<\/td>\n<td colspan=\"2\" width=\"235\">Cecilia Reser -2-<\/td>\n<\/tr>\n<tr>\n<td colspan=\"2\" width=\"235\"><\/td>\n<td colspan=\"2\" width=\"235\">Soledad Ferrero<\/td>\n<\/tr>\n<tr>\n<td colspan=\"2\" width=\"235\"><\/td>\n<td colspan=\"2\" width=\"235\"><\/td>\n<\/tr>\n<\/tbody>\n<\/table>\n<p><strong><u>\u00a0<\/u><\/strong><\/p>\n<table width=\"509\">\n<tbody>\n<tr>\n<td width=\"195\"><strong>Dep. Sarmiento 2<\/strong><\/td>\n<td width=\"40\"><strong>1<\/strong><\/td>\n<td width=\"40\"><strong>vs<\/strong><\/td>\n<td width=\"40\"><strong>6<\/strong><\/td>\n<td width=\"195\"><strong>CEF N\u00ba 83 Azul<\/strong><\/td>\n<\/tr>\n<tr>\n<td colspan=\"2\" width=\"235\">Juliana Meloni<\/td>\n<td rowspan=\"5\" width=\"40\">Goles<\/td>\n<td colspan=\"2\" width=\"235\">Soledad Fil\u00f3como -2-<\/td>\n<\/tr>\n<tr>\n<td colspan=\"2\" width=\"235\"><\/td>\n<td colspan=\"2\" width=\"235\">Magdalena Simoncini<\/td>\n<\/tr>\n<tr>\n<td colspan=\"2\" width=\"235\"><\/td>\n<td colspan=\"2\" width=\"235\">Eliana Disdel<\/td>\n<\/tr>\n<tr>\n<td colspan=\"2\" width=\"235\"><\/td>\n<td colspan=\"2\" width=\"235\">Florencia Trujillo<\/td>\n<\/tr>\n<tr>\n<td colspan=\"2\" width=\"235\"><\/td>\n<td colspan=\"2\" width=\"235\">Marianela Baier<\/td>\n<\/tr>\n<\/tbody>\n<\/table>\n<p><strong><u>\u00a0<\/u><\/strong><\/p>\n<table width=\"509\">\n<tbody>\n<tr>\n<td width=\"195\"><strong>San Mart\u00edn<\/strong><\/td>\n<td width=\"40\"><strong>0<\/strong><\/td>\n<td width=\"40\"><strong>vs<\/strong><\/td>\n<td width=\"40\"><strong>3<\/strong><\/td>\n<td width=\"195\"><strong>Municipalidad Pig\u00fc\u00e9<\/strong><\/td>\n<\/tr>\n<tr>\n<td colspan=\"2\" width=\"235\"><\/td>\n<td rowspan=\"3\" width=\"40\">Goles<\/td>\n<td colspan=\"2\" width=\"235\">Silvina Ortega<\/td>\n<\/tr>\n<tr>\n<td colspan=\"2\" width=\"235\"><\/td>\n<td colspan=\"2\" width=\"235\">Daniela Pomies<\/td>\n<\/tr>\n<tr>\n<td colspan=\"2\" width=\"235\"><\/td>\n<td colspan=\"2\" width=\"235\">Florencia Mu\u00f1oz<\/td>\n<\/tr>\n<\/tbody>\n<\/table>\n<p><strong><u>\u00a0<\/u><\/strong><\/p>\n<p><strong><u>\u00a0<\/u><\/strong><\/p>\n<p><strong><u>TABLA DE POSICIONES<\/u><\/strong><\/p>\n<table width=\"592\">\n<tbody>\n<tr>\n<td width=\"219\"><strong>EQUIPO<\/strong><\/td>\n<td width=\"47\"><strong>PTS<\/strong><\/td>\n<td width=\"47\"><strong>PJ<\/strong><\/td>\n<td width=\"47\"><strong>PG<\/strong><\/td>\n<td width=\"47\"><strong>PE<\/strong><\/td>\n<td width=\"47\"><strong>PP<\/strong><\/td>\n<td width=\"47\"><strong>GF<\/strong><\/td>\n<td width=\"47\"><strong>GC<\/strong><\/td>\n<td width=\"47\"><strong>DG<\/strong><\/td>\n<\/tr>\n<tr>\n<td width=\"219\"><strong>CEF N\u00ba 83 AZUL<\/strong><\/td>\n<td width=\"47\"><strong>6<\/strong><\/td>\n<td width=\"47\">2<\/td>\n<td width=\"47\">2<\/td>\n<td width=\"47\">0<\/td>\n<td width=\"47\">0<\/td>\n<td width=\"47\">13<\/td>\n<td width=\"47\">1<\/td>\n<td width=\"47\">12<\/td>\n<\/tr>\n<tr>\n<td width=\"219\"><strong>CEF N\u00ba 83 ROJO <\/strong><\/td>\n<td width=\"47\"><strong>6<\/strong><\/td>\n<td width=\"47\">2<\/td>\n<td width=\"47\">2<\/td>\n<td width=\"47\">0<\/td>\n<td width=\"47\">0<\/td>\n<td width=\"47\">11<\/td>\n<td width=\"47\">0<\/td>\n<td width=\"47\">11<\/td>\n<\/tr>\n<tr>\n<td width=\"219\"><strong>MUNICIPALIDAD DE PIG\u00dc\u00c9<\/strong><\/td>\n<td width=\"47\"><strong>3<\/strong><\/td>\n<td width=\"47\">2<\/td>\n<td width=\"47\">1<\/td>\n<td width=\"47\">0<\/td>\n<td width=\"47\">1<\/td>\n<td width=\"47\">5<\/td>\n<td width=\"47\">4<\/td>\n<td width=\"47\">1<\/td>\n<\/tr>\n<tr>\n<td width=\"219\"><strong>CLUB DE PELOTA<\/strong><\/td>\n<td width=\"47\"><strong>3<\/strong><\/td>\n<td width=\"47\">2<\/td>\n<td width=\"47\">1<\/td>\n<td width=\"47\">0<\/td>\n<td width=\"47\">1<\/td>\n<td width=\"47\">5<\/td>\n<td width=\"47\">5<\/td>\n<td width=\"47\">0<\/td>\n<\/tr>\n<tr>\n<td width=\"219\"><strong>SARMIENTO PIG\u00dc\u00c9<\/strong><\/td>\n<td width=\"47\"><strong>3<\/strong><\/td>\n<td width=\"47\">2<\/td>\n<td width=\"47\">1<\/td>\n<td width=\"47\">0<\/td>\n<td width=\"47\">1<\/td>\n<td width=\"47\">3<\/td>\n<td width=\"47\">4<\/td>\n<td width=\"47\">-1<\/td>\n<\/tr>\n<tr>\n<td width=\"219\"><strong>DEP. SARMIENTO 2<\/strong><\/td>\n<td width=\"47\"><strong>3<\/strong><\/td>\n<td width=\"47\">2<\/td>\n<td width=\"47\">1<\/td>\n<td width=\"47\">0<\/td>\n<td width=\"47\">1<\/td>\n<td width=\"47\">6<\/td>\n<td width=\"47\">7<\/td>\n<td width=\"47\">-1<\/td>\n<\/tr>\n<tr>\n<td width=\"219\"><strong>INDEPENDIENTE<\/strong><\/td>\n<td width=\"47\"><strong>0<\/strong><\/td>\n<td width=\"47\">2<\/td>\n<td width=\"47\">0<\/td>\n<td width=\"47\">0<\/td>\n<td width=\"47\">2<\/td>\n<td width=\"47\">1<\/td>\n<td width=\"47\">13<\/td>\n<td width=\"47\">-12<\/td>\n<\/tr>\n<tr>\n<td width=\"219\"><strong>SAN MARTIN<\/strong><\/td>\n<td width=\"47\"><strong>0<\/strong><\/td>\n<td width=\"47\">1<\/td>\n<td width=\"47\">0<\/td>\n<td width=\"47\">0<\/td>\n<td width=\"47\">1<\/td>\n<td width=\"47\">0<\/td>\n<td width=\"47\">3<\/td>\n<td width=\"47\">-3<\/td>\n<\/tr>\n<tr>\n<td width=\"219\"><strong>DEP. SARMIENTO 1<\/strong><\/td>\n<td width=\"47\"><strong>0<\/strong><\/td>\n<td width=\"47\">1<\/td>\n<td width=\"47\">0<\/td>\n<td width=\"47\">0<\/td>\n<td width=\"47\">1<\/td>\n<td width=\"47\">0<\/td>\n<td width=\"47\">7<\/td>\n<td width=\"47\">-7<\/td>\n<\/tr>\n<\/tbody>\n<\/table>\n<p><strong><u>\u00a0<\/u><\/strong><\/p>\n<p><strong><u>\u00a0<\/u><\/strong><\/p>\n<p><strong><u>GOLEADORAS<\/u><\/strong><\/p>\n<table width=\"368\">\n<tbody>\n<tr>\n<td width=\"159\"><strong>JUGADORA<\/strong><\/td>\n<td width=\"159\"><strong>EQUIPO<\/strong><\/td>\n<td width=\"51\"><strong>GOLES<\/strong><\/td>\n<\/tr>\n<tr>\n<td width=\"159\"><strong>Eliana Frutos<\/strong><\/td>\n<td width=\"159\">CEF N\u00ba 83<\/td>\n<td width=\"51\">4<\/td>\n<\/tr>\n<tr>\n<td width=\"159\"><strong>Magdalena Simoncini<\/strong><\/td>\n<td width=\"159\">CEF N\u00ba 83<\/td>\n<td width=\"51\">4<\/td>\n<\/tr>\n<tr>\n<td width=\"159\"><strong>Florencia Mu\u00f1oz<\/strong><\/td>\n<td width=\"159\">Municipalidad de Pig\u00fc\u00e9<\/td>\n<td width=\"51\">3<\/td>\n<\/tr>\n<tr>\n<td width=\"159\"><strong>Soledad Fil\u00f3como<\/strong><\/td>\n<td width=\"159\">CEF N\u00ba 83<\/td>\n<td width=\"51\">3<\/td>\n<\/tr>\n<tr>\n<td width=\"159\"><strong>Eliana Disdel<\/strong><\/td>\n<td width=\"159\">CEF N\u00ba 83<\/td>\n<td width=\"51\">3<\/td>\n<\/tr>\n<tr>\n<td width=\"159\"><strong>Oriana Vincent<\/strong><\/td>\n<td width=\"159\">CEF N\u00ba 83<\/td>\n<td width=\"51\">3<\/td>\n<\/tr>\n<tr>\n<td width=\"159\"><strong>Alejandrina Caminada<\/strong><\/td>\n<td width=\"159\">Club de Pelota<\/td>\n<td width=\"51\">3<\/td>\n<\/tr>\n<\/tbody>\n<\/table>\n<p><strong><u>\u00a0<\/u><\/strong><\/p>\n<p><strong><u><br \/>\n<\/u><\/strong><\/p>\n<p><strong><u>\u00a0<\/u><\/strong><\/p>\n<p><strong><u>PR\u00d3XIMASFECHAS: 3 y 4<\/u><\/strong><\/p>\n<p><strong><u>\u00a0<\/u><\/strong><\/p>\n<p><strong><u>Fecha 3<\/u><\/strong><\/p>\n<table width=\"429\">\n<tbody>\n<tr>\n<td width=\"195\"><strong>Sarmiento Pig\u00fc\u00e9<\/strong><\/td>\n<td width=\"40\"><strong>vs<\/strong><\/td>\n<td width=\"195\"><strong>San Mart\u00edn<\/strong><\/td>\n<\/tr>\n<tr>\n<td width=\"195\"><strong>Independiente<\/strong><\/td>\n<td width=\"40\"><strong>vs<\/strong><\/td>\n<td width=\"195\"><strong>Club de Pelota<\/strong><\/td>\n<\/tr>\n<tr>\n<td width=\"195\"><strong>CEF N\u00ba 83 Azul<\/strong><\/td>\n<td width=\"40\"><strong>vs<\/strong><\/td>\n<td width=\"195\"><strong>CEF N\u00ba 83 Rojo<\/strong><\/td>\n<\/tr>\n<tr>\n<td width=\"195\"><strong>Dep. Sarmiento 1<\/strong><\/td>\n<td width=\"40\"><strong>vs<\/strong><\/td>\n<td width=\"195\"><strong>Dep. Sarmiento 2<\/strong><\/td>\n<\/tr>\n<\/tbody>\n<\/table>\n<p><strong>\u00a0<\/strong><\/p>\n<p><strong><u>Fecha 4<\/u><\/strong><\/p>\n<table width=\"429\">\n<tbody>\n<tr>\n<td width=\"195\"><strong>CEF N\u00ba 83 Rojo<\/strong><\/td>\n<td width=\"40\"><strong>vs<\/strong><\/td>\n<td width=\"195\"><strong>Dep. Sarmiento 1<\/strong><\/td>\n<\/tr>\n<tr>\n<td width=\"195\"><strong>Club de Pelota<\/strong><\/td>\n<td width=\"40\"><strong>vs<\/strong><\/td>\n<td width=\"195\"><strong>CEF N\u00ba 83 Azul<\/strong><\/td>\n<\/tr>\n<tr>\n<td width=\"195\"><strong>San Mart\u00edn<\/strong><\/td>\n<td width=\"40\"><strong>vs<\/strong><\/td>\n<td width=\"195\"><strong>Independiente<\/strong><\/td>\n<\/tr>\n<tr>\n<td width=\"195\"><strong>Municipalidad Pig\u00fc\u00e9<\/strong><\/td>\n<td width=\"40\"><strong>vs<\/strong><\/td>\n<td width=\"195\"><strong>Sarmiento Pig\u00fc\u00e9<\/strong><\/td>\n<\/tr>\n<\/tbody>\n<\/table>\n<p><strong>\u00a0<\/strong><\/p>\n<p><strong>\u00a0<\/strong><\/p>\n<p><strong>TORNEO APERTURA DE CABALLEROS<\/strong><\/p>\n<p><strong>FECHA 2<\/strong><\/p>\n<p><strong>Domingo 14\/4<\/strong><\/p>\n<p><strong>\u00a0<\/strong><\/p>\n<table width=\"516\">\n<tbody>\n<tr>\n<td width=\"188\"><strong>Alumni<\/strong><\/td>\n<td width=\"47\"><strong>1<\/strong><\/td>\n<td width=\"47\"><strong>vs<\/strong><\/td>\n<td width=\"47\"><strong>0<\/strong><\/td>\n<td width=\"188\"><strong>Dep. Sarmiento CS<\/strong><\/td>\n<\/tr>\n<tr>\n<td colspan=\"2\" width=\"235\">JulianSamadossi<\/td>\n<td rowspan=\"3\" width=\"47\">Goles<\/td>\n<td colspan=\"2\" width=\"235\"><\/td>\n<\/tr>\n<tr>\n<td colspan=\"2\" width=\"235\"><\/td>\n<td colspan=\"2\" width=\"235\"><\/td>\n<\/tr>\n<tr>\n<td colspan=\"2\" width=\"235\"><\/td>\n<td colspan=\"2\" width=\"235\"><\/td>\n<\/tr>\n<tr>\n<td colspan=\"2\" width=\"235\">Fabi\u00e1n Orrio<\/td>\n<td width=\"47\">TV<\/td>\n<td colspan=\"2\" width=\"235\">Benjam\u00edn Suppes<\/td>\n<\/tr>\n<tr>\n<td colspan=\"2\" width=\"235\">Alejo Valencia<\/td>\n<td width=\"47\">TA<\/td>\n<td colspan=\"2\" width=\"235\"><\/td>\n<\/tr>\n<\/tbody>\n<\/table>\n<p><strong>\u00a0<\/strong><\/p>\n<table width=\"516\">\n<tbody>\n<tr>\n<td width=\"188\"><strong>CEF N\u00ba 83<\/strong><\/td>\n<td width=\"47\"><strong>2<\/strong><\/td>\n<td width=\"47\"><strong>vs<\/strong><\/td>\n<td width=\"47\"><strong>0<\/strong><\/td>\n<td width=\"188\"><strong>Sarmiento (P)<\/strong><\/td>\n<\/tr>\n<tr>\n<td colspan=\"2\" width=\"235\">Andres Vallejos<\/td>\n<td rowspan=\"3\" width=\"47\">Goles<\/td>\n<td colspan=\"2\" width=\"235\"><\/td>\n<\/tr>\n<tr>\n<td colspan=\"2\" width=\"235\">Ayrton Tobares<\/td>\n<td colspan=\"2\" width=\"235\"><\/td>\n<\/tr>\n<tr>\n<td colspan=\"2\" width=\"235\"><\/td>\n<td colspan=\"2\" width=\"235\"><\/td>\n<\/tr>\n<tr>\n<td colspan=\"2\" width=\"235\">Andres Vallejos, Jos\u00e9 Philipp<\/td>\n<td width=\"47\">TV<\/td>\n<td colspan=\"2\" width=\"235\">Nahuel Rau, Carlos Dechand, Silvio Regler, Dan Porto<\/td>\n<\/tr>\n<tr>\n<td colspan=\"2\" width=\"235\">C\u00e9sar Besada<\/td>\n<td width=\"47\">TA<\/td>\n<td colspan=\"2\" width=\"235\"><\/td>\n<\/tr>\n<\/tbody>\n<\/table>\n<p><strong>\u00a0<\/strong><\/p>\n<p><strong>\u00a0<\/strong><\/p>\n<p><strong><u>TABLA DE POSICIONES<\/u><\/strong><\/p>\n<p><strong>\u00a0<\/strong><\/p>\n<p><strong><u>\u00a0<\/u><\/strong><\/p>\n<p><strong><u>GOLEADORES<\/u><\/strong><\/p>\n<table width=\"329\">\n<tbody>\n<tr>\n<td width=\"160\"><strong>Jugador<\/strong><\/td>\n<td width=\"127\"><strong>Equipo<\/strong><\/td>\n<td width=\"43\"><strong>Goles<\/strong><\/td>\n<\/tr>\n<tr>\n<td width=\"160\"><strong>Nahuel Cantoni<\/strong><\/td>\n<td width=\"127\">Sarmiento (P)<\/td>\n<td width=\"43\">2<\/td>\n<\/tr>\n<tr>\n<td width=\"160\"><strong>Eugenio Campa\u00f1a<\/strong><\/td>\n<td width=\"127\">CEF N\u00ba 83<\/td>\n<td width=\"43\">1<\/td>\n<\/tr>\n<tr>\n<td width=\"160\"><strong>Manuel Butron<\/strong><\/td>\n<td width=\"127\">CEF N\u00ba 83<\/td>\n<td width=\"43\">1<\/td>\n<\/tr>\n<tr>\n<td width=\"160\"><strong>Fernando Palacio<\/strong><\/td>\n<td width=\"127\">CEF N\u00ba 83<\/td>\n<td width=\"43\">1<\/td>\n<\/tr>\n<tr>\n<td width=\"160\"><strong>Andr\u00e9s Vallejos<\/strong><\/td>\n<td width=\"127\">CEF N\u00ba 83<\/td>\n<td width=\"43\">1<\/td>\n<\/tr>\n<tr>\n<td width=\"160\"><strong>Ayrton Tobares<\/strong><\/td>\n<td width=\"127\">CEF N\u00ba 83<\/td>\n<td width=\"43\">1<\/td>\n<\/tr>\n<tr>\n<td width=\"160\"><strong>Juli\u00e1n Samadossi<\/strong><\/td>\n<td width=\"127\">Alumni<\/td>\n<td width=\"43\">1<\/td>\n<\/tr>\n<\/tbody>\n<\/table>\n<p>&nbsp;<\/p>\n<p><strong><u>PR\u00d3XIMA FECHA (3ra)5 de mayo<\/u><\/strong><\/p>\n<table width=\"423\">\n<tbody>\n<tr>\n<td width=\"188\"><strong>Alumni<\/strong><\/td>\n<td width=\"47\"><strong>vs<\/strong><\/td>\n<td width=\"188\"><strong>CEF N\u00ba 83<\/strong><\/td>\n<\/tr>\n<tr>\n<td width=\"188\"><strong>Dep. Sarmiento CS<\/strong><\/td>\n<td width=\"47\"><strong>vs<\/strong><\/td>\n<td width=\"188\"><strong>Sarmiento (P)<\/strong><\/td>\n<\/tr>\n<\/tbody>\n<\/table>\n<p><strong>\u00a0<\/strong><\/p>\n","protected":false},"excerpt":{"rendered":"<p>&nbsp; Segunda fecha Torneo Apertura de Caballeros y de la primera fecha del Torneo Anual de Mamis de la Federaci\u00f3n de Hockey del Sudoeste Bonaerense. Gaspar Oll\u00e9 &#8211; Prensa FHSB &nbsp; TORNEO ANUAL DE MAMIS Domingo 14\/4 Fecha 1 Independiente 1 vs 5 Dep. Sarmiento 2 Laura Caspe Goles Micaela Coronel -2- Florencia Licck Johanna [&hellip;]<\/p>\n","protected":false},"author":1,"featured_media":41059,"comment_status":"closed","ping_status":"open","sticky":false,"template":"","format":"standard","meta":{"footnotes":""},"categories":[55,60,52,63],"tags":[],"class_list":["post-41058","post","type-post","status-publish","format-standard","has-post-thumbnail","hentry","category-celt-tv-noticias","category-deporte","category-destacadas","category-magazine-sport"],"yoast_head":"<!-- This site is optimized with the Yoast SEO plugin v19.7.1 - https:\/\/yoast.com\/wordpress\/plugins\/seo\/ -->\n<title>Torneo Apertura de Caballeros y Torneo Anual de Mamis de la Federaci\u00f3n de Hockey del Sudoeste Bonaerense. - CELTTV<\/title>\n<meta name=\"description\" content=\"Sitio web de noticias de la localidad de Tornquist, provincia de Buenos Aires, Rep\u00fablica Argentina. Contenido propio originado por periodistas de CELTTV, el canal de TV local de la Cooperativa El\u00e9ctrica de Tornquist. Turismo, Pol\u00edtica, Sociedad, Deporte, Cultura y todo el contenido de inter\u00e9s general que la gente del pueblo y la regi\u00f3n debe conocer.\" \/>\n<meta name=\"robots\" content=\"index, follow, max-snippet:-1, max-image-preview:large, max-video-preview:-1\" \/>\n<link rel=\"canonical\" href=\"https:\/\/www.celttv.com.ar\/index.php\/2019\/04\/17\/torneo-apertura-de-caballeros-y-torneo-anual-de-mamis-de-la-federacion-de-hockey-del-sudoeste-bonaerense\/\" \/>\n<meta property=\"og:locale\" content=\"es_ES\" \/>\n<meta property=\"og:type\" content=\"article\" \/>\n<meta property=\"og:title\" content=\"Torneo Apertura de Caballeros y Torneo Anual de Mamis de la Federaci\u00f3n de Hockey del Sudoeste Bonaerense. - CELTTV\" \/>\n<meta property=\"og:description\" content=\"Sitio web de noticias de la localidad de Tornquist, provincia de Buenos Aires, Rep\u00fablica Argentina. Contenido propio originado por periodistas de CELTTV, el canal de TV local de la Cooperativa El\u00e9ctrica de Tornquist. Turismo, Pol\u00edtica, Sociedad, Deporte, Cultura y todo el contenido de inter\u00e9s general que la gente del pueblo y la regi\u00f3n debe conocer.\" \/>\n<meta property=\"og:url\" content=\"https:\/\/www.celttv.com.ar\/index.php\/2019\/04\/17\/torneo-apertura-de-caballeros-y-torneo-anual-de-mamis-de-la-federacion-de-hockey-del-sudoeste-bonaerense\/\" \/>\n<meta property=\"og:site_name\" content=\"CELTTV\" \/>\n<meta property=\"article:publisher\" content=\"https:\/\/www.facebook.com\/celtTV\/\" \/>\n<meta property=\"article:published_time\" content=\"2019-04-17T15:16:22+00:00\" \/>\n<meta property=\"og:image\" content=\"https:\/\/www.celttv.com.ar\/wp-content\/uploads\/2019\/04\/images.jpg\" \/>\n\t<meta property=\"og:image:width\" content=\"298\" \/>\n\t<meta property=\"og:image:height\" content=\"169\" \/>\n\t<meta property=\"og:image:type\" content=\"image\/jpeg\" \/>\n<meta name=\"author\" content=\"ulises\" \/>\n<meta name=\"twitter:card\" content=\"summary_large_image\" \/>\n<meta name=\"twitter:label1\" content=\"Escrito por\" \/>\n\t<meta name=\"twitter:data1\" content=\"ulises\" \/>\n\t<meta name=\"twitter:label2\" content=\"Tiempo de lectura\" \/>\n\t<meta name=\"twitter:data2\" content=\"2 minutos\" \/>\n<script type=\"application\/ld+json\" class=\"yoast-schema-graph\">{\"@context\":\"https:\/\/schema.org\",\"@graph\":[{\"@type\":\"NewsArticle\",\"@id\":\"https:\/\/www.celttv.com.ar\/index.php\/2019\/04\/17\/torneo-apertura-de-caballeros-y-torneo-anual-de-mamis-de-la-federacion-de-hockey-del-sudoeste-bonaerense\/#article\",\"isPartOf\":{\"@id\":\"https:\/\/www.celttv.com.ar\/index.php\/2019\/04\/17\/torneo-apertura-de-caballeros-y-torneo-anual-de-mamis-de-la-federacion-de-hockey-del-sudoeste-bonaerense\/\"},\"author\":{\"name\":\"ulises\",\"@id\":\"https:\/\/www.celttv.com.ar\/#\/schema\/person\/6d99c072dba59953809c81446e9d0ace\"},\"headline\":\"Torneo Apertura de Caballeros y Torneo Anual de Mamis de la Federaci\u00f3n de Hockey del Sudoeste Bonaerense.\",\"datePublished\":\"2019-04-17T15:16:22+00:00\",\"dateModified\":\"2019-04-17T15:16:22+00:00\",\"mainEntityOfPage\":{\"@id\":\"https:\/\/www.celttv.com.ar\/index.php\/2019\/04\/17\/torneo-apertura-de-caballeros-y-torneo-anual-de-mamis-de-la-federacion-de-hockey-del-sudoeste-bonaerense\/\"},\"wordCount\":429,\"publisher\":{\"@id\":\"https:\/\/www.celttv.com.ar\/#organization\"},\"articleSection\":[\"Celt TV Noticias\",\"Deporte\",\"Destacadas\",\"Magazine Sport\"],\"inLanguage\":\"es\"},{\"@type\":\"WebPage\",\"@id\":\"https:\/\/www.celttv.com.ar\/index.php\/2019\/04\/17\/torneo-apertura-de-caballeros-y-torneo-anual-de-mamis-de-la-federacion-de-hockey-del-sudoeste-bonaerense\/\",\"url\":\"https:\/\/www.celttv.com.ar\/index.php\/2019\/04\/17\/torneo-apertura-de-caballeros-y-torneo-anual-de-mamis-de-la-federacion-de-hockey-del-sudoeste-bonaerense\/\",\"name\":\"Torneo Apertura de Caballeros y Torneo Anual de Mamis de la Federaci\u00f3n de Hockey del Sudoeste Bonaerense. - CELTTV\",\"isPartOf\":{\"@id\":\"https:\/\/www.celttv.com.ar\/#website\"},\"datePublished\":\"2019-04-17T15:16:22+00:00\",\"dateModified\":\"2019-04-17T15:16:22+00:00\",\"description\":\"Sitio web de noticias de la localidad de Tornquist, provincia de Buenos Aires, Rep\u00fablica Argentina. Contenido propio originado por periodistas de CELTTV, el canal de TV local de la Cooperativa El\u00e9ctrica de Tornquist. Turismo, Pol\u00edtica, Sociedad, Deporte, Cultura y todo el contenido de inter\u00e9s general que la gente del pueblo y la regi\u00f3n debe conocer.\",\"breadcrumb\":{\"@id\":\"https:\/\/www.celttv.com.ar\/index.php\/2019\/04\/17\/torneo-apertura-de-caballeros-y-torneo-anual-de-mamis-de-la-federacion-de-hockey-del-sudoeste-bonaerense\/#breadcrumb\"},\"inLanguage\":\"es\",\"potentialAction\":[{\"@type\":\"ReadAction\",\"target\":[\"https:\/\/www.celttv.com.ar\/index.php\/2019\/04\/17\/torneo-apertura-de-caballeros-y-torneo-anual-de-mamis-de-la-federacion-de-hockey-del-sudoeste-bonaerense\/\"]}]},{\"@type\":\"BreadcrumbList\",\"@id\":\"https:\/\/www.celttv.com.ar\/index.php\/2019\/04\/17\/torneo-apertura-de-caballeros-y-torneo-anual-de-mamis-de-la-federacion-de-hockey-del-sudoeste-bonaerense\/#breadcrumb\",\"itemListElement\":[{\"@type\":\"ListItem\",\"position\":1,\"name\":\"Inicio\",\"item\":\"https:\/\/www.celttv.com.ar\/\"},{\"@type\":\"ListItem\",\"position\":2,\"name\":\"Torneo Apertura de Caballeros y Torneo Anual de Mamis de la Federaci\u00f3n de Hockey del Sudoeste Bonaerense.\"}]},{\"@type\":\"WebSite\",\"@id\":\"https:\/\/www.celttv.com.ar\/#website\",\"url\":\"https:\/\/www.celttv.com.ar\/\",\"name\":\"CELTTV\",\"description\":\"Cooperativa El\u00e9ctrica de Tornquist\",\"publisher\":{\"@id\":\"https:\/\/www.celttv.com.ar\/#organization\"},\"potentialAction\":[{\"@type\":\"SearchAction\",\"target\":{\"@type\":\"EntryPoint\",\"urlTemplate\":\"https:\/\/www.celttv.com.ar\/?s={search_term_string}\"},\"query-input\":\"required name=search_term_string\"}],\"inLanguage\":\"es\"},{\"@type\":\"Organization\",\"@id\":\"https:\/\/www.celttv.com.ar\/#organization\",\"name\":\"CELTTV\",\"url\":\"https:\/\/www.celttv.com.ar\/\",\"sameAs\":[\"https:\/\/www.youtube.com\/channel\/UCz_oIt8Hig64Ub-EmcNPIhg\",\"https:\/\/www.facebook.com\/celtTV\/\"],\"logo\":{\"@type\":\"ImageObject\",\"inLanguage\":\"es\",\"@id\":\"https:\/\/www.celttv.com.ar\/#\/schema\/logo\/image\/\",\"url\":\"http:\/\/www.celttv.com.ar\/wp-content\/uploads\/2022\/08\/logo-1.png\",\"contentUrl\":\"http:\/\/www.celttv.com.ar\/wp-content\/uploads\/2022\/08\/logo-1.png\",\"width\":461,\"height\":159,\"caption\":\"CELTTV\"},\"image\":{\"@id\":\"https:\/\/www.celttv.com.ar\/#\/schema\/logo\/image\/\"}},{\"@type\":\"Person\",\"@id\":\"https:\/\/www.celttv.com.ar\/#\/schema\/person\/6d99c072dba59953809c81446e9d0ace\",\"name\":\"ulises\",\"image\":{\"@type\":\"ImageObject\",\"inLanguage\":\"es\",\"@id\":\"https:\/\/www.celttv.com.ar\/#\/schema\/person\/image\/\",\"url\":\"https:\/\/secure.gravatar.com\/avatar\/7f2c48bdc33b30088f941fb6082e555f2874c98e20cb159d7b92b50eadfce793?s=96&d=mm&r=g\",\"contentUrl\":\"https:\/\/secure.gravatar.com\/avatar\/7f2c48bdc33b30088f941fb6082e555f2874c98e20cb159d7b92b50eadfce793?s=96&d=mm&r=g\",\"caption\":\"ulises\"},\"sameAs\":[\"http:\/\/www.celttv.com.ar\"]}]}<\/script>\n<!-- \/ Yoast SEO plugin. -->","yoast_head_json":{"title":"Torneo Apertura de Caballeros y Torneo Anual de Mamis de la Federaci\u00f3n de Hockey del Sudoeste Bonaerense. - CELTTV","description":"Sitio web de noticias de la localidad de Tornquist, provincia de Buenos Aires, Rep\u00fablica Argentina. Contenido propio originado por periodistas de CELTTV, el canal de TV local de la Cooperativa El\u00e9ctrica de Tornquist. Turismo, Pol\u00edtica, Sociedad, Deporte, Cultura y todo el contenido de inter\u00e9s general que la gente del pueblo y la regi\u00f3n debe conocer.","robots":{"index":"index","follow":"follow","max-snippet":"max-snippet:-1","max-image-preview":"max-image-preview:large","max-video-preview":"max-video-preview:-1"},"canonical":"https:\/\/www.celttv.com.ar\/index.php\/2019\/04\/17\/torneo-apertura-de-caballeros-y-torneo-anual-de-mamis-de-la-federacion-de-hockey-del-sudoeste-bonaerense\/","og_locale":"es_ES","og_type":"article","og_title":"Torneo Apertura de Caballeros y Torneo Anual de Mamis de la Federaci\u00f3n de Hockey del Sudoeste Bonaerense. - CELTTV","og_description":"Sitio web de noticias de la localidad de Tornquist, provincia de Buenos Aires, Rep\u00fablica Argentina. Contenido propio originado por periodistas de CELTTV, el canal de TV local de la Cooperativa El\u00e9ctrica de Tornquist. Turismo, Pol\u00edtica, Sociedad, Deporte, Cultura y todo el contenido de inter\u00e9s general que la gente del pueblo y la regi\u00f3n debe conocer.","og_url":"https:\/\/www.celttv.com.ar\/index.php\/2019\/04\/17\/torneo-apertura-de-caballeros-y-torneo-anual-de-mamis-de-la-federacion-de-hockey-del-sudoeste-bonaerense\/","og_site_name":"CELTTV","article_publisher":"https:\/\/www.facebook.com\/celtTV\/","article_published_time":"2019-04-17T15:16:22+00:00","og_image":[{"width":298,"height":169,"url":"https:\/\/www.celttv.com.ar\/wp-content\/uploads\/2019\/04\/images.jpg","type":"image\/jpeg"}],"author":"ulises","twitter_card":"summary_large_image","twitter_misc":{"Escrito por":"ulises","Tiempo de lectura":"2 minutos"},"schema":{"@context":"https:\/\/schema.org","@graph":[{"@type":"NewsArticle","@id":"https:\/\/www.celttv.com.ar\/index.php\/2019\/04\/17\/torneo-apertura-de-caballeros-y-torneo-anual-de-mamis-de-la-federacion-de-hockey-del-sudoeste-bonaerense\/#article","isPartOf":{"@id":"https:\/\/www.celttv.com.ar\/index.php\/2019\/04\/17\/torneo-apertura-de-caballeros-y-torneo-anual-de-mamis-de-la-federacion-de-hockey-del-sudoeste-bonaerense\/"},"author":{"name":"ulises","@id":"https:\/\/www.celttv.com.ar\/#\/schema\/person\/6d99c072dba59953809c81446e9d0ace"},"headline":"Torneo Apertura de Caballeros y Torneo Anual de Mamis de la Federaci\u00f3n de Hockey del Sudoeste Bonaerense.","datePublished":"2019-04-17T15:16:22+00:00","dateModified":"2019-04-17T15:16:22+00:00","mainEntityOfPage":{"@id":"https:\/\/www.celttv.com.ar\/index.php\/2019\/04\/17\/torneo-apertura-de-caballeros-y-torneo-anual-de-mamis-de-la-federacion-de-hockey-del-sudoeste-bonaerense\/"},"wordCount":429,"publisher":{"@id":"https:\/\/www.celttv.com.ar\/#organization"},"articleSection":["Celt TV Noticias","Deporte","Destacadas","Magazine Sport"],"inLanguage":"es"},{"@type":"WebPage","@id":"https:\/\/www.celttv.com.ar\/index.php\/2019\/04\/17\/torneo-apertura-de-caballeros-y-torneo-anual-de-mamis-de-la-federacion-de-hockey-del-sudoeste-bonaerense\/","url":"https:\/\/www.celttv.com.ar\/index.php\/2019\/04\/17\/torneo-apertura-de-caballeros-y-torneo-anual-de-mamis-de-la-federacion-de-hockey-del-sudoeste-bonaerense\/","name":"Torneo Apertura de Caballeros y Torneo Anual de Mamis de la Federaci\u00f3n de Hockey del Sudoeste Bonaerense. - CELTTV","isPartOf":{"@id":"https:\/\/www.celttv.com.ar\/#website"},"datePublished":"2019-04-17T15:16:22+00:00","dateModified":"2019-04-17T15:16:22+00:00","description":"Sitio web de noticias de la localidad de Tornquist, provincia de Buenos Aires, Rep\u00fablica Argentina. Contenido propio originado por periodistas de CELTTV, el canal de TV local de la Cooperativa El\u00e9ctrica de Tornquist. Turismo, Pol\u00edtica, Sociedad, Deporte, Cultura y todo el contenido de inter\u00e9s general que la gente del pueblo y la regi\u00f3n debe conocer.","breadcrumb":{"@id":"https:\/\/www.celttv.com.ar\/index.php\/2019\/04\/17\/torneo-apertura-de-caballeros-y-torneo-anual-de-mamis-de-la-federacion-de-hockey-del-sudoeste-bonaerense\/#breadcrumb"},"inLanguage":"es","potentialAction":[{"@type":"ReadAction","target":["https:\/\/www.celttv.com.ar\/index.php\/2019\/04\/17\/torneo-apertura-de-caballeros-y-torneo-anual-de-mamis-de-la-federacion-de-hockey-del-sudoeste-bonaerense\/"]}]},{"@type":"BreadcrumbList","@id":"https:\/\/www.celttv.com.ar\/index.php\/2019\/04\/17\/torneo-apertura-de-caballeros-y-torneo-anual-de-mamis-de-la-federacion-de-hockey-del-sudoeste-bonaerense\/#breadcrumb","itemListElement":[{"@type":"ListItem","position":1,"name":"Inicio","item":"https:\/\/www.celttv.com.ar\/"},{"@type":"ListItem","position":2,"name":"Torneo Apertura de Caballeros y Torneo Anual de Mamis de la Federaci\u00f3n de Hockey del Sudoeste Bonaerense."}]},{"@type":"WebSite","@id":"https:\/\/www.celttv.com.ar\/#website","url":"https:\/\/www.celttv.com.ar\/","name":"CELTTV","description":"Cooperativa El\u00e9ctrica de Tornquist","publisher":{"@id":"https:\/\/www.celttv.com.ar\/#organization"},"potentialAction":[{"@type":"SearchAction","target":{"@type":"EntryPoint","urlTemplate":"https:\/\/www.celttv.com.ar\/?s={search_term_string}"},"query-input":"required name=search_term_string"}],"inLanguage":"es"},{"@type":"Organization","@id":"https:\/\/www.celttv.com.ar\/#organization","name":"CELTTV","url":"https:\/\/www.celttv.com.ar\/","sameAs":["https:\/\/www.youtube.com\/channel\/UCz_oIt8Hig64Ub-EmcNPIhg","https:\/\/www.facebook.com\/celtTV\/"],"logo":{"@type":"ImageObject","inLanguage":"es","@id":"https:\/\/www.celttv.com.ar\/#\/schema\/logo\/image\/","url":"http:\/\/www.celttv.com.ar\/wp-content\/uploads\/2022\/08\/logo-1.png","contentUrl":"http:\/\/www.celttv.com.ar\/wp-content\/uploads\/2022\/08\/logo-1.png","width":461,"height":159,"caption":"CELTTV"},"image":{"@id":"https:\/\/www.celttv.com.ar\/#\/schema\/logo\/image\/"}},{"@type":"Person","@id":"https:\/\/www.celttv.com.ar\/#\/schema\/person\/6d99c072dba59953809c81446e9d0ace","name":"ulises","image":{"@type":"ImageObject","inLanguage":"es","@id":"https:\/\/www.celttv.com.ar\/#\/schema\/person\/image\/","url":"https:\/\/secure.gravatar.com\/avatar\/7f2c48bdc33b30088f941fb6082e555f2874c98e20cb159d7b92b50eadfce793?s=96&d=mm&r=g","contentUrl":"https:\/\/secure.gravatar.com\/avatar\/7f2c48bdc33b30088f941fb6082e555f2874c98e20cb159d7b92b50eadfce793?s=96&d=mm&r=g","caption":"ulises"},"sameAs":["http:\/\/www.celttv.com.ar"]}]}},"_links":{"self":[{"href":"https:\/\/www.celttv.com.ar\/index.php\/wp-json\/wp\/v2\/posts\/41058","targetHints":{"allow":["GET"]}}],"collection":[{"href":"https:\/\/www.celttv.com.ar\/index.php\/wp-json\/wp\/v2\/posts"}],"about":[{"href":"https:\/\/www.celttv.com.ar\/index.php\/wp-json\/wp\/v2\/types\/post"}],"author":[{"embeddable":true,"href":"https:\/\/www.celttv.com.ar\/index.php\/wp-json\/wp\/v2\/users\/1"}],"replies":[{"embeddable":true,"href":"https:\/\/www.celttv.com.ar\/index.php\/wp-json\/wp\/v2\/comments?post=41058"}],"version-history":[{"count":0,"href":"https:\/\/www.celttv.com.ar\/index.php\/wp-json\/wp\/v2\/posts\/41058\/revisions"}],"wp:featuredmedia":[{"embeddable":true,"href":"https:\/\/www.celttv.com.ar\/index.php\/wp-json\/wp\/v2\/media\/41059"}],"wp:attachment":[{"href":"https:\/\/www.celttv.com.ar\/index.php\/wp-json\/wp\/v2\/media?parent=41058"}],"wp:term":[{"taxonomy":"category","embeddable":true,"href":"https:\/\/www.celttv.com.ar\/index.php\/wp-json\/wp\/v2\/categories?post=41058"},{"taxonomy":"post_tag","embeddable":true,"href":"https:\/\/www.celttv.com.ar\/index.php\/wp-json\/wp\/v2\/tags?post=41058"}],"curies":[{"name":"wp","href":"https:\/\/api.w.org\/{rel}","templated":true}]}}