{"id":41118,"date":"2019-04-21T00:29:29","date_gmt":"2019-04-21T00:29:29","guid":{"rendered":"http:\/\/www.celttv.com.ar\/?p=41118"},"modified":"2019-04-21T00:29:29","modified_gmt":"2019-04-21T00:29:29","slug":"se-desarrollo-con-exito-una-nueva-edicion-del-via-crucis-viviente-fotos","status":"publish","type":"post","link":"https:\/\/www.celttv.com.ar\/index.php\/2019\/04\/21\/se-desarrollo-con-exito-una-nueva-edicion-del-via-crucis-viviente-fotos\/","title":{"rendered":"Se desarrollo con \u00e9xito una nueva edici\u00f3n del V\u00eda Crucis Viviente (Fotos)"},"content":{"rendered":"<p>Parque L\u00e1inez volvi\u00f3 a ser el epicentro de un nueva expresi\u00f3n de Fe. Desde el \u00e1rea de Cultura Municipal, se dio vida a uno de los momentos m\u00e1s trascendentales de la iglesia Cat\u00f3lica.<br \/>\nLas distintas etapas del sufrimiento en la vida de Jesucristo, se pudo vivenciar en la piel de los actores de nuestra ciudad, que fueron convocados a participar en este nuevo a\u00f1o.<br \/>\nTob\u00edas M\u00fcller fue el encargado de darle vida a Jes\u00fas, rodeado de un interesante grupo de vecinos de nuestra comunidad, que respald\u00f3 al grupo de teatro \u201cLos Rodolfo\u201d.<br \/>\nPara el comienzo del evento se pudo escuchar al Coral de Las Sierras, con voces ensambladas de Tornquist y Sierra de la Ventana.<br \/>\nAdem\u00e1s el Padre Norberto L\u00f3pez fue el encargado de dar su mensaje al p\u00fablico que asisti\u00f3 y la Escuela Folkl\u00f3rica interpret\u00f3 sus danzas, dentro del cronograma previsto.<br \/>\nDesde la Direcci\u00f3n de Cultura, agradecen al grupo de actores que le dio vida al V\u00eda Crucis, a la Escuela Folkl\u00f3rica, al personal municipal y al p\u00fablico que siempre acompa\u00f1a este tipo de eventos que fortalecen el esp\u00edritu.<\/p>\n<p>Pr\u00f3ximamente notas e im\u00e1genes en<strong> CELTTV NOTICIAS<\/strong>.<\/p>\n<p><a href=\"http:\/\/www.celttv.com.ar\/?attachment_id=41119\" rel=\"attachment wp-att-41119\"><img loading=\"lazy\" decoding=\"async\" class=\"alignleft size-full wp-image-41119\" src=\"http:\/\/www.celttv.com.ar\/wp-content\/uploads\/2019\/04\/WhatsApp-Image-2019-04-20-at-00.34.01-1024x682-1.jpeg\" alt=\"\" width=\"1024\" height=\"682\" srcset=\"https:\/\/www.celttv.com.ar\/wp-content\/uploads\/2019\/04\/WhatsApp-Image-2019-04-20-at-00.34.01-1024x682-1.jpeg 1024w, https:\/\/www.celttv.com.ar\/wp-content\/uploads\/2019\/04\/WhatsApp-Image-2019-04-20-at-00.34.01-1024x682-1-300x200.jpeg 300w, https:\/\/www.celttv.com.ar\/wp-content\/uploads\/2019\/04\/WhatsApp-Image-2019-04-20-at-00.34.01-1024x682-1-768x512.jpeg 768w, https:\/\/www.celttv.com.ar\/wp-content\/uploads\/2019\/04\/WhatsApp-Image-2019-04-20-at-00.34.01-1024x682-1-750x500.jpeg 750w\" sizes=\"auto, (max-width: 1024px) 100vw, 1024px\" \/><\/a> <a href=\"http:\/\/www.celttv.com.ar\/?attachment_id=41120\" rel=\"attachment wp-att-41120\"><img loading=\"lazy\" decoding=\"async\" class=\"alignleft size-medium wp-image-41120\" src=\"http:\/\/www.celttv.com.ar\/wp-content\/uploads\/2019\/04\/WhatsApp-Image-2019-04-20-at-00.34.08-1-696x1024-1.jpeg\" alt=\"\" width=\"530\" height=\"780\" srcset=\"https:\/\/www.celttv.com.ar\/wp-content\/uploads\/2019\/04\/WhatsApp-Image-2019-04-20-at-00.34.08-1-696x1024-1.jpeg 696w, https:\/\/www.celttv.com.ar\/wp-content\/uploads\/2019\/04\/WhatsApp-Image-2019-04-20-at-00.34.08-1-696x1024-1-204x300.jpeg 204w\" sizes=\"auto, (max-width: 530px) 100vw, 530px\" \/><\/a><\/p>\n<figure id=\"attachment_41121\" aria-describedby=\"caption-attachment-41121\" style=\"width: 780px\" class=\"wp-caption alignleft\"><a href=\"http:\/\/www.celttv.com.ar\/?attachment_id=41121\" rel=\"attachment wp-att-41121\"><img loading=\"lazy\" decoding=\"async\" class=\"size-medium wp-image-41121\" src=\"http:\/\/www.celttv.com.ar\/wp-content\/uploads\/2019\/04\/106_7291.jpg\" alt=\"\" width=\"780\" height=\"439\" srcset=\"https:\/\/www.celttv.com.ar\/wp-content\/uploads\/2019\/04\/106_7291.jpg 1920w, https:\/\/www.celttv.com.ar\/wp-content\/uploads\/2019\/04\/106_7291-300x169.jpg 300w, https:\/\/www.celttv.com.ar\/wp-content\/uploads\/2019\/04\/106_7291-1024x576.jpg 1024w, https:\/\/www.celttv.com.ar\/wp-content\/uploads\/2019\/04\/106_7291-768x432.jpg 768w, https:\/\/www.celttv.com.ar\/wp-content\/uploads\/2019\/04\/106_7291-1536x864.jpg 1536w, https:\/\/www.celttv.com.ar\/wp-content\/uploads\/2019\/04\/106_7291-750x422.jpg 750w, https:\/\/www.celttv.com.ar\/wp-content\/uploads\/2019\/04\/106_7291-1140x641.jpg 1140w\" sizes=\"auto, (max-width: 780px) 100vw, 780px\" \/><\/a><figcaption id=\"caption-attachment-41121\" class=\"wp-caption-text\">KODAK Digital Still Camera<\/figcaption><\/figure>\n<figure id=\"attachment_41122\" aria-describedby=\"caption-attachment-41122\" style=\"width: 780px\" class=\"wp-caption alignleft\"><a href=\"http:\/\/www.celttv.com.ar\/?attachment_id=41122\" rel=\"attachment wp-att-41122\"><img loading=\"lazy\" decoding=\"async\" class=\"size-medium wp-image-41122\" src=\"http:\/\/www.celttv.com.ar\/wp-content\/uploads\/2019\/04\/106_7295.jpg\" alt=\"\" width=\"780\" height=\"439\" srcset=\"https:\/\/www.celttv.com.ar\/wp-content\/uploads\/2019\/04\/106_7295.jpg 1920w, https:\/\/www.celttv.com.ar\/wp-content\/uploads\/2019\/04\/106_7295-300x169.jpg 300w, https:\/\/www.celttv.com.ar\/wp-content\/uploads\/2019\/04\/106_7295-1024x576.jpg 1024w, https:\/\/www.celttv.com.ar\/wp-content\/uploads\/2019\/04\/106_7295-768x432.jpg 768w, https:\/\/www.celttv.com.ar\/wp-content\/uploads\/2019\/04\/106_7295-1536x864.jpg 1536w, https:\/\/www.celttv.com.ar\/wp-content\/uploads\/2019\/04\/106_7295-750x422.jpg 750w, https:\/\/www.celttv.com.ar\/wp-content\/uploads\/2019\/04\/106_7295-1140x641.jpg 1140w\" sizes=\"auto, (max-width: 780px) 100vw, 780px\" \/><\/a><figcaption id=\"caption-attachment-41122\" class=\"wp-caption-text\">KODAK Digital Still Camera<\/figcaption><\/figure>\n<figure id=\"attachment_41123\" aria-describedby=\"caption-attachment-41123\" style=\"width: 780px\" class=\"wp-caption alignleft\"><a href=\"http:\/\/www.celttv.com.ar\/?attachment_id=41123\" rel=\"attachment wp-att-41123\"><img loading=\"lazy\" decoding=\"async\" class=\"size-medium wp-image-41123\" src=\"http:\/\/www.celttv.com.ar\/wp-content\/uploads\/2019\/04\/106_7299.jpg\" alt=\"\" width=\"780\" height=\"439\" srcset=\"https:\/\/www.celttv.com.ar\/wp-content\/uploads\/2019\/04\/106_7299.jpg 1920w, https:\/\/www.celttv.com.ar\/wp-content\/uploads\/2019\/04\/106_7299-300x169.jpg 300w, https:\/\/www.celttv.com.ar\/wp-content\/uploads\/2019\/04\/106_7299-1024x576.jpg 1024w, https:\/\/www.celttv.com.ar\/wp-content\/uploads\/2019\/04\/106_7299-768x432.jpg 768w, https:\/\/www.celttv.com.ar\/wp-content\/uploads\/2019\/04\/106_7299-1536x864.jpg 1536w, https:\/\/www.celttv.com.ar\/wp-content\/uploads\/2019\/04\/106_7299-750x422.jpg 750w, https:\/\/www.celttv.com.ar\/wp-content\/uploads\/2019\/04\/106_7299-1140x641.jpg 1140w\" sizes=\"auto, (max-width: 780px) 100vw, 780px\" \/><\/a><figcaption id=\"caption-attachment-41123\" class=\"wp-caption-text\">KODAK Digital Still Camera<\/figcaption><\/figure>\n<figure id=\"attachment_41124\" aria-describedby=\"caption-attachment-41124\" style=\"width: 780px\" class=\"wp-caption alignleft\"><a href=\"http:\/\/www.celttv.com.ar\/?attachment_id=41124\" rel=\"attachment wp-att-41124\"><img loading=\"lazy\" decoding=\"async\" class=\"size-medium wp-image-41124\" src=\"http:\/\/www.celttv.com.ar\/wp-content\/uploads\/2019\/04\/106_7307.jpg\" alt=\"\" width=\"780\" height=\"439\" srcset=\"https:\/\/www.celttv.com.ar\/wp-content\/uploads\/2019\/04\/106_7307.jpg 1920w, https:\/\/www.celttv.com.ar\/wp-content\/uploads\/2019\/04\/106_7307-300x169.jpg 300w, https:\/\/www.celttv.com.ar\/wp-content\/uploads\/2019\/04\/106_7307-1024x576.jpg 1024w, https:\/\/www.celttv.com.ar\/wp-content\/uploads\/2019\/04\/106_7307-768x432.jpg 768w, https:\/\/www.celttv.com.ar\/wp-content\/uploads\/2019\/04\/106_7307-1536x864.jpg 1536w, https:\/\/www.celttv.com.ar\/wp-content\/uploads\/2019\/04\/106_7307-750x422.jpg 750w, https:\/\/www.celttv.com.ar\/wp-content\/uploads\/2019\/04\/106_7307-1140x641.jpg 1140w\" sizes=\"auto, (max-width: 780px) 100vw, 780px\" \/><\/a><figcaption id=\"caption-attachment-41124\" class=\"wp-caption-text\">KODAK Digital Still Camera<\/figcaption><\/figure>\n<figure id=\"attachment_41125\" aria-describedby=\"caption-attachment-41125\" style=\"width: 780px\" class=\"wp-caption alignleft\"><a href=\"http:\/\/www.celttv.com.ar\/?attachment_id=41125\" rel=\"attachment wp-att-41125\"><img loading=\"lazy\" decoding=\"async\" class=\"size-medium wp-image-41125\" src=\"http:\/\/www.celttv.com.ar\/wp-content\/uploads\/2019\/04\/106_7329.jpg\" alt=\"\" width=\"780\" height=\"439\" srcset=\"https:\/\/www.celttv.com.ar\/wp-content\/uploads\/2019\/04\/106_7329.jpg 1920w, https:\/\/www.celttv.com.ar\/wp-content\/uploads\/2019\/04\/106_7329-300x169.jpg 300w, https:\/\/www.celttv.com.ar\/wp-content\/uploads\/2019\/04\/106_7329-1024x576.jpg 1024w, https:\/\/www.celttv.com.ar\/wp-content\/uploads\/2019\/04\/106_7329-768x432.jpg 768w, https:\/\/www.celttv.com.ar\/wp-content\/uploads\/2019\/04\/106_7329-1536x864.jpg 1536w, https:\/\/www.celttv.com.ar\/wp-content\/uploads\/2019\/04\/106_7329-750x422.jpg 750w, https:\/\/www.celttv.com.ar\/wp-content\/uploads\/2019\/04\/106_7329-1140x641.jpg 1140w\" sizes=\"auto, (max-width: 780px) 100vw, 780px\" \/><\/a><figcaption id=\"caption-attachment-41125\" class=\"wp-caption-text\">KODAK Digital Still Camera<\/figcaption><\/figure>\n<figure id=\"attachment_41126\" aria-describedby=\"caption-attachment-41126\" style=\"width: 780px\" class=\"wp-caption alignleft\"><a href=\"http:\/\/www.celttv.com.ar\/?attachment_id=41126\" rel=\"attachment wp-att-41126\"><img loading=\"lazy\" decoding=\"async\" class=\"size-medium wp-image-41126\" src=\"http:\/\/www.celttv.com.ar\/wp-content\/uploads\/2019\/04\/106_7390.jpg\" alt=\"\" width=\"780\" height=\"439\" srcset=\"https:\/\/www.celttv.com.ar\/wp-content\/uploads\/2019\/04\/106_7390.jpg 1920w, https:\/\/www.celttv.com.ar\/wp-content\/uploads\/2019\/04\/106_7390-300x169.jpg 300w, https:\/\/www.celttv.com.ar\/wp-content\/uploads\/2019\/04\/106_7390-1024x576.jpg 1024w, https:\/\/www.celttv.com.ar\/wp-content\/uploads\/2019\/04\/106_7390-768x432.jpg 768w, https:\/\/www.celttv.com.ar\/wp-content\/uploads\/2019\/04\/106_7390-1536x864.jpg 1536w, https:\/\/www.celttv.com.ar\/wp-content\/uploads\/2019\/04\/106_7390-750x422.jpg 750w, https:\/\/www.celttv.com.ar\/wp-content\/uploads\/2019\/04\/106_7390-1140x641.jpg 1140w\" sizes=\"auto, (max-width: 780px) 100vw, 780px\" \/><\/a><figcaption id=\"caption-attachment-41126\" class=\"wp-caption-text\">KODAK Digital Still Camera<\/figcaption><\/figure>\n<figure id=\"attachment_41127\" aria-describedby=\"caption-attachment-41127\" style=\"width: 780px\" class=\"wp-caption alignleft\"><a href=\"http:\/\/www.celttv.com.ar\/?attachment_id=41127\" rel=\"attachment wp-att-41127\"><img loading=\"lazy\" decoding=\"async\" class=\"size-medium wp-image-41127\" src=\"http:\/\/www.celttv.com.ar\/wp-content\/uploads\/2019\/04\/106_7391.jpg\" alt=\"\" width=\"780\" height=\"439\" srcset=\"https:\/\/www.celttv.com.ar\/wp-content\/uploads\/2019\/04\/106_7391.jpg 1920w, https:\/\/www.celttv.com.ar\/wp-content\/uploads\/2019\/04\/106_7391-300x169.jpg 300w, https:\/\/www.celttv.com.ar\/wp-content\/uploads\/2019\/04\/106_7391-1024x576.jpg 1024w, https:\/\/www.celttv.com.ar\/wp-content\/uploads\/2019\/04\/106_7391-768x432.jpg 768w, https:\/\/www.celttv.com.ar\/wp-content\/uploads\/2019\/04\/106_7391-1536x864.jpg 1536w, https:\/\/www.celttv.com.ar\/wp-content\/uploads\/2019\/04\/106_7391-750x422.jpg 750w, https:\/\/www.celttv.com.ar\/wp-content\/uploads\/2019\/04\/106_7391-1140x641.jpg 1140w\" sizes=\"auto, (max-width: 780px) 100vw, 780px\" \/><\/a><figcaption id=\"caption-attachment-41127\" class=\"wp-caption-text\">KODAK Digital Still Camera<\/figcaption><\/figure>\n<figure id=\"attachment_41128\" aria-describedby=\"caption-attachment-41128\" style=\"width: 780px\" class=\"wp-caption alignleft\"><a href=\"http:\/\/www.celttv.com.ar\/?attachment_id=41128\" rel=\"attachment wp-att-41128\"><img loading=\"lazy\" decoding=\"async\" class=\"size-medium wp-image-41128\" src=\"http:\/\/www.celttv.com.ar\/wp-content\/uploads\/2019\/04\/106_7393.jpg\" alt=\"\" width=\"780\" height=\"439\" srcset=\"https:\/\/www.celttv.com.ar\/wp-content\/uploads\/2019\/04\/106_7393.jpg 1920w, https:\/\/www.celttv.com.ar\/wp-content\/uploads\/2019\/04\/106_7393-300x169.jpg 300w, https:\/\/www.celttv.com.ar\/wp-content\/uploads\/2019\/04\/106_7393-1024x576.jpg 1024w, https:\/\/www.celttv.com.ar\/wp-content\/uploads\/2019\/04\/106_7393-768x432.jpg 768w, https:\/\/www.celttv.com.ar\/wp-content\/uploads\/2019\/04\/106_7393-1536x864.jpg 1536w, https:\/\/www.celttv.com.ar\/wp-content\/uploads\/2019\/04\/106_7393-750x422.jpg 750w, https:\/\/www.celttv.com.ar\/wp-content\/uploads\/2019\/04\/106_7393-1140x641.jpg 1140w\" sizes=\"auto, (max-width: 780px) 100vw, 780px\" \/><\/a><figcaption id=\"caption-attachment-41128\" class=\"wp-caption-text\">KODAK Digital Still Camera<\/figcaption><\/figure>\n<figure id=\"attachment_41129\" aria-describedby=\"caption-attachment-41129\" style=\"width: 780px\" class=\"wp-caption alignleft\"><a href=\"http:\/\/www.celttv.com.ar\/?attachment_id=41129\" rel=\"attachment wp-att-41129\"><img loading=\"lazy\" decoding=\"async\" class=\"size-medium wp-image-41129\" src=\"http:\/\/www.celttv.com.ar\/wp-content\/uploads\/2019\/04\/106_7394.jpg\" alt=\"\" width=\"780\" height=\"439\" srcset=\"https:\/\/www.celttv.com.ar\/wp-content\/uploads\/2019\/04\/106_7394.jpg 1920w, https:\/\/www.celttv.com.ar\/wp-content\/uploads\/2019\/04\/106_7394-300x169.jpg 300w, https:\/\/www.celttv.com.ar\/wp-content\/uploads\/2019\/04\/106_7394-1024x576.jpg 1024w, https:\/\/www.celttv.com.ar\/wp-content\/uploads\/2019\/04\/106_7394-768x432.jpg 768w, https:\/\/www.celttv.com.ar\/wp-content\/uploads\/2019\/04\/106_7394-1536x864.jpg 1536w, https:\/\/www.celttv.com.ar\/wp-content\/uploads\/2019\/04\/106_7394-750x422.jpg 750w, https:\/\/www.celttv.com.ar\/wp-content\/uploads\/2019\/04\/106_7394-1140x641.jpg 1140w\" sizes=\"auto, (max-width: 780px) 100vw, 780px\" \/><\/a><figcaption id=\"caption-attachment-41129\" class=\"wp-caption-text\">KODAK Digital Still Camera<\/figcaption><\/figure>\n<figure id=\"attachment_41130\" aria-describedby=\"caption-attachment-41130\" style=\"width: 780px\" class=\"wp-caption alignleft\"><a href=\"http:\/\/www.celttv.com.ar\/?attachment_id=41130\" rel=\"attachment wp-att-41130\"><img loading=\"lazy\" decoding=\"async\" class=\"size-medium wp-image-41130\" src=\"http:\/\/www.celttv.com.ar\/wp-content\/uploads\/2019\/04\/106_7395.jpg\" alt=\"\" width=\"780\" height=\"439\" srcset=\"https:\/\/www.celttv.com.ar\/wp-content\/uploads\/2019\/04\/106_7395.jpg 1920w, https:\/\/www.celttv.com.ar\/wp-content\/uploads\/2019\/04\/106_7395-300x169.jpg 300w, https:\/\/www.celttv.com.ar\/wp-content\/uploads\/2019\/04\/106_7395-1024x576.jpg 1024w, https:\/\/www.celttv.com.ar\/wp-content\/uploads\/2019\/04\/106_7395-768x432.jpg 768w, https:\/\/www.celttv.com.ar\/wp-content\/uploads\/2019\/04\/106_7395-1536x864.jpg 1536w, https:\/\/www.celttv.com.ar\/wp-content\/uploads\/2019\/04\/106_7395-750x422.jpg 750w, https:\/\/www.celttv.com.ar\/wp-content\/uploads\/2019\/04\/106_7395-1140x641.jpg 1140w\" sizes=\"auto, (max-width: 780px) 100vw, 780px\" \/><\/a><figcaption id=\"caption-attachment-41130\" class=\"wp-caption-text\">KODAK Digital Still Camera<\/figcaption><\/figure>\n<figure id=\"attachment_41131\" aria-describedby=\"caption-attachment-41131\" style=\"width: 780px\" class=\"wp-caption alignleft\"><a href=\"http:\/\/www.celttv.com.ar\/?attachment_id=41131\" rel=\"attachment wp-att-41131\"><img loading=\"lazy\" decoding=\"async\" class=\"size-medium wp-image-41131\" src=\"http:\/\/www.celttv.com.ar\/wp-content\/uploads\/2019\/04\/106_7396.jpg\" alt=\"\" width=\"780\" height=\"439\" srcset=\"https:\/\/www.celttv.com.ar\/wp-content\/uploads\/2019\/04\/106_7396.jpg 1920w, https:\/\/www.celttv.com.ar\/wp-content\/uploads\/2019\/04\/106_7396-300x169.jpg 300w, https:\/\/www.celttv.com.ar\/wp-content\/uploads\/2019\/04\/106_7396-1024x576.jpg 1024w, https:\/\/www.celttv.com.ar\/wp-content\/uploads\/2019\/04\/106_7396-768x432.jpg 768w, https:\/\/www.celttv.com.ar\/wp-content\/uploads\/2019\/04\/106_7396-1536x864.jpg 1536w, https:\/\/www.celttv.com.ar\/wp-content\/uploads\/2019\/04\/106_7396-750x422.jpg 750w, https:\/\/www.celttv.com.ar\/wp-content\/uploads\/2019\/04\/106_7396-1140x641.jpg 1140w\" sizes=\"auto, (max-width: 780px) 100vw, 780px\" \/><\/a><figcaption id=\"caption-attachment-41131\" class=\"wp-caption-text\">KODAK Digital Still Camera<\/figcaption><\/figure>\n","protected":false},"excerpt":{"rendered":"<p>Parque L\u00e1inez volvi\u00f3 a ser el epicentro de un nueva expresi\u00f3n de Fe. Desde el \u00e1rea de Cultura Municipal, se dio vida a uno de los momentos m\u00e1s trascendentales de la iglesia Cat\u00f3lica. Las distintas etapas del sufrimiento en la vida de Jesucristo, se pudo vivenciar en la piel de los actores de nuestra ciudad, [&hellip;]<\/p>\n","protected":false},"author":1,"featured_media":41120,"comment_status":"closed","ping_status":"open","sticky":false,"template":"","format":"standard","meta":{"footnotes":""},"categories":[55,51,52,56,58],"tags":[],"class_list":["post-41118","post","type-post","status-publish","format-standard","has-post-thumbnail","hentry","category-celt-tv-noticias","category-comunidad","category-destacadas","category-espectaculos","category-turismo"],"yoast_head":"<!-- This site is optimized with the Yoast SEO plugin v19.7.1 - https:\/\/yoast.com\/wordpress\/plugins\/seo\/ -->\n<title>Se desarrollo con \u00e9xito una nueva edici\u00f3n del V\u00eda Crucis Viviente (Fotos) - CELTTV<\/title>\n<meta name=\"description\" content=\"Sitio web de noticias de la localidad de Tornquist, provincia de Buenos Aires, Rep\u00fablica Argentina. Contenido propio originado por periodistas de CELTTV, el canal de TV local de la Cooperativa El\u00e9ctrica de Tornquist. Turismo, Pol\u00edtica, Sociedad, Deporte, Cultura y todo el contenido de inter\u00e9s general que la gente del pueblo y la regi\u00f3n debe conocer.\" \/>\n<meta name=\"robots\" content=\"index, follow, max-snippet:-1, max-image-preview:large, max-video-preview:-1\" \/>\n<link rel=\"canonical\" href=\"https:\/\/www.celttv.com.ar\/index.php\/2019\/04\/21\/se-desarrollo-con-exito-una-nueva-edicion-del-via-crucis-viviente-fotos\/\" \/>\n<meta property=\"og:locale\" content=\"es_ES\" \/>\n<meta property=\"og:type\" content=\"article\" \/>\n<meta property=\"og:title\" content=\"Se desarrollo con \u00e9xito una nueva edici\u00f3n del V\u00eda Crucis Viviente (Fotos) - CELTTV\" \/>\n<meta property=\"og:description\" content=\"Sitio web de noticias de la localidad de Tornquist, provincia de Buenos Aires, Rep\u00fablica Argentina. Contenido propio originado por periodistas de CELTTV, el canal de TV local de la Cooperativa El\u00e9ctrica de Tornquist. Turismo, Pol\u00edtica, Sociedad, Deporte, Cultura y todo el contenido de inter\u00e9s general que la gente del pueblo y la regi\u00f3n debe conocer.\" \/>\n<meta property=\"og:url\" content=\"https:\/\/www.celttv.com.ar\/index.php\/2019\/04\/21\/se-desarrollo-con-exito-una-nueva-edicion-del-via-crucis-viviente-fotos\/\" \/>\n<meta property=\"og:site_name\" content=\"CELTTV\" \/>\n<meta property=\"article:publisher\" content=\"https:\/\/www.facebook.com\/celtTV\/\" \/>\n<meta property=\"article:published_time\" content=\"2019-04-21T00:29:29+00:00\" \/>\n<meta property=\"og:image\" content=\"https:\/\/www.celttv.com.ar\/wp-content\/uploads\/2019\/04\/WhatsApp-Image-2019-04-20-at-00.34.08-1-696x1024-1.jpeg\" \/>\n\t<meta property=\"og:image:width\" content=\"696\" \/>\n\t<meta property=\"og:image:height\" content=\"1024\" \/>\n\t<meta property=\"og:image:type\" content=\"image\/jpeg\" \/>\n<meta name=\"author\" content=\"ulises\" \/>\n<meta name=\"twitter:card\" content=\"summary_large_image\" \/>\n<meta name=\"twitter:label1\" content=\"Escrito por\" \/>\n\t<meta name=\"twitter:data1\" content=\"ulises\" \/>\n\t<meta name=\"twitter:label2\" content=\"Tiempo de lectura\" \/>\n\t<meta name=\"twitter:data2\" content=\"2 minutos\" \/>\n<script type=\"application\/ld+json\" class=\"yoast-schema-graph\">{\"@context\":\"https:\/\/schema.org\",\"@graph\":[{\"@type\":\"NewsArticle\",\"@id\":\"https:\/\/www.celttv.com.ar\/index.php\/2019\/04\/21\/se-desarrollo-con-exito-una-nueva-edicion-del-via-crucis-viviente-fotos\/#article\",\"isPartOf\":{\"@id\":\"https:\/\/www.celttv.com.ar\/index.php\/2019\/04\/21\/se-desarrollo-con-exito-una-nueva-edicion-del-via-crucis-viviente-fotos\/\"},\"author\":{\"name\":\"ulises\",\"@id\":\"https:\/\/www.celttv.com.ar\/#\/schema\/person\/6d99c072dba59953809c81446e9d0ace\"},\"headline\":\"Se desarrollo con \u00e9xito una nueva edici\u00f3n del V\u00eda Crucis Viviente (Fotos)\",\"datePublished\":\"2019-04-21T00:29:29+00:00\",\"dateModified\":\"2019-04-21T00:29:29+00:00\",\"mainEntityOfPage\":{\"@id\":\"https:\/\/www.celttv.com.ar\/index.php\/2019\/04\/21\/se-desarrollo-con-exito-una-nueva-edicion-del-via-crucis-viviente-fotos\/\"},\"wordCount\":342,\"publisher\":{\"@id\":\"https:\/\/www.celttv.com.ar\/#organization\"},\"articleSection\":[\"Celt TV Noticias\",\"Comunidad\",\"Destacadas\",\"Espect\u00e1culos\",\"Turismo\"],\"inLanguage\":\"es\"},{\"@type\":\"WebPage\",\"@id\":\"https:\/\/www.celttv.com.ar\/index.php\/2019\/04\/21\/se-desarrollo-con-exito-una-nueva-edicion-del-via-crucis-viviente-fotos\/\",\"url\":\"https:\/\/www.celttv.com.ar\/index.php\/2019\/04\/21\/se-desarrollo-con-exito-una-nueva-edicion-del-via-crucis-viviente-fotos\/\",\"name\":\"Se desarrollo con \u00e9xito una nueva edici\u00f3n del V\u00eda Crucis Viviente (Fotos) - CELTTV\",\"isPartOf\":{\"@id\":\"https:\/\/www.celttv.com.ar\/#website\"},\"datePublished\":\"2019-04-21T00:29:29+00:00\",\"dateModified\":\"2019-04-21T00:29:29+00:00\",\"description\":\"Sitio web de noticias de la localidad de Tornquist, provincia de Buenos Aires, Rep\u00fablica Argentina. Contenido propio originado por periodistas de CELTTV, el canal de TV local de la Cooperativa El\u00e9ctrica de Tornquist. Turismo, Pol\u00edtica, Sociedad, Deporte, Cultura y todo el contenido de inter\u00e9s general que la gente del pueblo y la regi\u00f3n debe conocer.\",\"breadcrumb\":{\"@id\":\"https:\/\/www.celttv.com.ar\/index.php\/2019\/04\/21\/se-desarrollo-con-exito-una-nueva-edicion-del-via-crucis-viviente-fotos\/#breadcrumb\"},\"inLanguage\":\"es\",\"potentialAction\":[{\"@type\":\"ReadAction\",\"target\":[\"https:\/\/www.celttv.com.ar\/index.php\/2019\/04\/21\/se-desarrollo-con-exito-una-nueva-edicion-del-via-crucis-viviente-fotos\/\"]}]},{\"@type\":\"BreadcrumbList\",\"@id\":\"https:\/\/www.celttv.com.ar\/index.php\/2019\/04\/21\/se-desarrollo-con-exito-una-nueva-edicion-del-via-crucis-viviente-fotos\/#breadcrumb\",\"itemListElement\":[{\"@type\":\"ListItem\",\"position\":1,\"name\":\"Inicio\",\"item\":\"https:\/\/www.celttv.com.ar\/\"},{\"@type\":\"ListItem\",\"position\":2,\"name\":\"Se desarrollo con \u00e9xito una nueva edici\u00f3n del V\u00eda Crucis Viviente (Fotos)\"}]},{\"@type\":\"WebSite\",\"@id\":\"https:\/\/www.celttv.com.ar\/#website\",\"url\":\"https:\/\/www.celttv.com.ar\/\",\"name\":\"CELTTV\",\"description\":\"Cooperativa El\u00e9ctrica de Tornquist\",\"publisher\":{\"@id\":\"https:\/\/www.celttv.com.ar\/#organization\"},\"potentialAction\":[{\"@type\":\"SearchAction\",\"target\":{\"@type\":\"EntryPoint\",\"urlTemplate\":\"https:\/\/www.celttv.com.ar\/?s={search_term_string}\"},\"query-input\":\"required name=search_term_string\"}],\"inLanguage\":\"es\"},{\"@type\":\"Organization\",\"@id\":\"https:\/\/www.celttv.com.ar\/#organization\",\"name\":\"CELTTV\",\"url\":\"https:\/\/www.celttv.com.ar\/\",\"sameAs\":[\"https:\/\/www.youtube.com\/channel\/UCz_oIt8Hig64Ub-EmcNPIhg\",\"https:\/\/www.facebook.com\/celtTV\/\"],\"logo\":{\"@type\":\"ImageObject\",\"inLanguage\":\"es\",\"@id\":\"https:\/\/www.celttv.com.ar\/#\/schema\/logo\/image\/\",\"url\":\"http:\/\/www.celttv.com.ar\/wp-content\/uploads\/2022\/08\/logo-1.png\",\"contentUrl\":\"http:\/\/www.celttv.com.ar\/wp-content\/uploads\/2022\/08\/logo-1.png\",\"width\":461,\"height\":159,\"caption\":\"CELTTV\"},\"image\":{\"@id\":\"https:\/\/www.celttv.com.ar\/#\/schema\/logo\/image\/\"}},{\"@type\":\"Person\",\"@id\":\"https:\/\/www.celttv.com.ar\/#\/schema\/person\/6d99c072dba59953809c81446e9d0ace\",\"name\":\"ulises\",\"image\":{\"@type\":\"ImageObject\",\"inLanguage\":\"es\",\"@id\":\"https:\/\/www.celttv.com.ar\/#\/schema\/person\/image\/\",\"url\":\"https:\/\/secure.gravatar.com\/avatar\/7f2c48bdc33b30088f941fb6082e555f2874c98e20cb159d7b92b50eadfce793?s=96&d=mm&r=g\",\"contentUrl\":\"https:\/\/secure.gravatar.com\/avatar\/7f2c48bdc33b30088f941fb6082e555f2874c98e20cb159d7b92b50eadfce793?s=96&d=mm&r=g\",\"caption\":\"ulises\"},\"sameAs\":[\"http:\/\/www.celttv.com.ar\"]}]}<\/script>\n<!-- \/ Yoast SEO plugin. -->","yoast_head_json":{"title":"Se desarrollo con \u00e9xito una nueva edici\u00f3n del V\u00eda Crucis Viviente (Fotos) - CELTTV","description":"Sitio web de noticias de la localidad de Tornquist, provincia de Buenos Aires, Rep\u00fablica Argentina. Contenido propio originado por periodistas de CELTTV, el canal de TV local de la Cooperativa El\u00e9ctrica de Tornquist. Turismo, Pol\u00edtica, Sociedad, Deporte, Cultura y todo el contenido de inter\u00e9s general que la gente del pueblo y la regi\u00f3n debe conocer.","robots":{"index":"index","follow":"follow","max-snippet":"max-snippet:-1","max-image-preview":"max-image-preview:large","max-video-preview":"max-video-preview:-1"},"canonical":"https:\/\/www.celttv.com.ar\/index.php\/2019\/04\/21\/se-desarrollo-con-exito-una-nueva-edicion-del-via-crucis-viviente-fotos\/","og_locale":"es_ES","og_type":"article","og_title":"Se desarrollo con \u00e9xito una nueva edici\u00f3n del V\u00eda Crucis Viviente (Fotos) - CELTTV","og_description":"Sitio web de noticias de la localidad de Tornquist, provincia de Buenos Aires, Rep\u00fablica Argentina. Contenido propio originado por periodistas de CELTTV, el canal de TV local de la Cooperativa El\u00e9ctrica de Tornquist. Turismo, Pol\u00edtica, Sociedad, Deporte, Cultura y todo el contenido de inter\u00e9s general que la gente del pueblo y la regi\u00f3n debe conocer.","og_url":"https:\/\/www.celttv.com.ar\/index.php\/2019\/04\/21\/se-desarrollo-con-exito-una-nueva-edicion-del-via-crucis-viviente-fotos\/","og_site_name":"CELTTV","article_publisher":"https:\/\/www.facebook.com\/celtTV\/","article_published_time":"2019-04-21T00:29:29+00:00","og_image":[{"width":696,"height":1024,"url":"https:\/\/www.celttv.com.ar\/wp-content\/uploads\/2019\/04\/WhatsApp-Image-2019-04-20-at-00.34.08-1-696x1024-1.jpeg","type":"image\/jpeg"}],"author":"ulises","twitter_card":"summary_large_image","twitter_misc":{"Escrito por":"ulises","Tiempo de lectura":"2 minutos"},"schema":{"@context":"https:\/\/schema.org","@graph":[{"@type":"NewsArticle","@id":"https:\/\/www.celttv.com.ar\/index.php\/2019\/04\/21\/se-desarrollo-con-exito-una-nueva-edicion-del-via-crucis-viviente-fotos\/#article","isPartOf":{"@id":"https:\/\/www.celttv.com.ar\/index.php\/2019\/04\/21\/se-desarrollo-con-exito-una-nueva-edicion-del-via-crucis-viviente-fotos\/"},"author":{"name":"ulises","@id":"https:\/\/www.celttv.com.ar\/#\/schema\/person\/6d99c072dba59953809c81446e9d0ace"},"headline":"Se desarrollo con \u00e9xito una nueva edici\u00f3n del V\u00eda Crucis Viviente (Fotos)","datePublished":"2019-04-21T00:29:29+00:00","dateModified":"2019-04-21T00:29:29+00:00","mainEntityOfPage":{"@id":"https:\/\/www.celttv.com.ar\/index.php\/2019\/04\/21\/se-desarrollo-con-exito-una-nueva-edicion-del-via-crucis-viviente-fotos\/"},"wordCount":342,"publisher":{"@id":"https:\/\/www.celttv.com.ar\/#organization"},"articleSection":["Celt TV Noticias","Comunidad","Destacadas","Espect\u00e1culos","Turismo"],"inLanguage":"es"},{"@type":"WebPage","@id":"https:\/\/www.celttv.com.ar\/index.php\/2019\/04\/21\/se-desarrollo-con-exito-una-nueva-edicion-del-via-crucis-viviente-fotos\/","url":"https:\/\/www.celttv.com.ar\/index.php\/2019\/04\/21\/se-desarrollo-con-exito-una-nueva-edicion-del-via-crucis-viviente-fotos\/","name":"Se desarrollo con \u00e9xito una nueva edici\u00f3n del V\u00eda Crucis Viviente (Fotos) - CELTTV","isPartOf":{"@id":"https:\/\/www.celttv.com.ar\/#website"},"datePublished":"2019-04-21T00:29:29+00:00","dateModified":"2019-04-21T00:29:29+00:00","description":"Sitio web de noticias de la localidad de Tornquist, provincia de Buenos Aires, Rep\u00fablica Argentina. Contenido propio originado por periodistas de CELTTV, el canal de TV local de la Cooperativa El\u00e9ctrica de Tornquist. Turismo, Pol\u00edtica, Sociedad, Deporte, Cultura y todo el contenido de inter\u00e9s general que la gente del pueblo y la regi\u00f3n debe conocer.","breadcrumb":{"@id":"https:\/\/www.celttv.com.ar\/index.php\/2019\/04\/21\/se-desarrollo-con-exito-una-nueva-edicion-del-via-crucis-viviente-fotos\/#breadcrumb"},"inLanguage":"es","potentialAction":[{"@type":"ReadAction","target":["https:\/\/www.celttv.com.ar\/index.php\/2019\/04\/21\/se-desarrollo-con-exito-una-nueva-edicion-del-via-crucis-viviente-fotos\/"]}]},{"@type":"BreadcrumbList","@id":"https:\/\/www.celttv.com.ar\/index.php\/2019\/04\/21\/se-desarrollo-con-exito-una-nueva-edicion-del-via-crucis-viviente-fotos\/#breadcrumb","itemListElement":[{"@type":"ListItem","position":1,"name":"Inicio","item":"https:\/\/www.celttv.com.ar\/"},{"@type":"ListItem","position":2,"name":"Se desarrollo con \u00e9xito una nueva edici\u00f3n del V\u00eda Crucis Viviente (Fotos)"}]},{"@type":"WebSite","@id":"https:\/\/www.celttv.com.ar\/#website","url":"https:\/\/www.celttv.com.ar\/","name":"CELTTV","description":"Cooperativa El\u00e9ctrica de Tornquist","publisher":{"@id":"https:\/\/www.celttv.com.ar\/#organization"},"potentialAction":[{"@type":"SearchAction","target":{"@type":"EntryPoint","urlTemplate":"https:\/\/www.celttv.com.ar\/?s={search_term_string}"},"query-input":"required name=search_term_string"}],"inLanguage":"es"},{"@type":"Organization","@id":"https:\/\/www.celttv.com.ar\/#organization","name":"CELTTV","url":"https:\/\/www.celttv.com.ar\/","sameAs":["https:\/\/www.youtube.com\/channel\/UCz_oIt8Hig64Ub-EmcNPIhg","https:\/\/www.facebook.com\/celtTV\/"],"logo":{"@type":"ImageObject","inLanguage":"es","@id":"https:\/\/www.celttv.com.ar\/#\/schema\/logo\/image\/","url":"http:\/\/www.celttv.com.ar\/wp-content\/uploads\/2022\/08\/logo-1.png","contentUrl":"http:\/\/www.celttv.com.ar\/wp-content\/uploads\/2022\/08\/logo-1.png","width":461,"height":159,"caption":"CELTTV"},"image":{"@id":"https:\/\/www.celttv.com.ar\/#\/schema\/logo\/image\/"}},{"@type":"Person","@id":"https:\/\/www.celttv.com.ar\/#\/schema\/person\/6d99c072dba59953809c81446e9d0ace","name":"ulises","image":{"@type":"ImageObject","inLanguage":"es","@id":"https:\/\/www.celttv.com.ar\/#\/schema\/person\/image\/","url":"https:\/\/secure.gravatar.com\/avatar\/7f2c48bdc33b30088f941fb6082e555f2874c98e20cb159d7b92b50eadfce793?s=96&d=mm&r=g","contentUrl":"https:\/\/secure.gravatar.com\/avatar\/7f2c48bdc33b30088f941fb6082e555f2874c98e20cb159d7b92b50eadfce793?s=96&d=mm&r=g","caption":"ulises"},"sameAs":["http:\/\/www.celttv.com.ar"]}]}},"_links":{"self":[{"href":"https:\/\/www.celttv.com.ar\/index.php\/wp-json\/wp\/v2\/posts\/41118","targetHints":{"allow":["GET"]}}],"collection":[{"href":"https:\/\/www.celttv.com.ar\/index.php\/wp-json\/wp\/v2\/posts"}],"about":[{"href":"https:\/\/www.celttv.com.ar\/index.php\/wp-json\/wp\/v2\/types\/post"}],"author":[{"embeddable":true,"href":"https:\/\/www.celttv.com.ar\/index.php\/wp-json\/wp\/v2\/users\/1"}],"replies":[{"embeddable":true,"href":"https:\/\/www.celttv.com.ar\/index.php\/wp-json\/wp\/v2\/comments?post=41118"}],"version-history":[{"count":0,"href":"https:\/\/www.celttv.com.ar\/index.php\/wp-json\/wp\/v2\/posts\/41118\/revisions"}],"wp:featuredmedia":[{"embeddable":true,"href":"https:\/\/www.celttv.com.ar\/index.php\/wp-json\/wp\/v2\/media\/41120"}],"wp:attachment":[{"href":"https:\/\/www.celttv.com.ar\/index.php\/wp-json\/wp\/v2\/media?parent=41118"}],"wp:term":[{"taxonomy":"category","embeddable":true,"href":"https:\/\/www.celttv.com.ar\/index.php\/wp-json\/wp\/v2\/categories?post=41118"},{"taxonomy":"post_tag","embeddable":true,"href":"https:\/\/www.celttv.com.ar\/index.php\/wp-json\/wp\/v2\/tags?post=41118"}],"curies":[{"name":"wp","href":"https:\/\/api.w.org\/{rel}","templated":true}]}}