{"id":41160,"date":"2019-04-24T13:15:21","date_gmt":"2019-04-24T13:15:21","guid":{"rendered":"http:\/\/www.celttv.com.ar\/?p=41160"},"modified":"2019-04-24T13:15:21","modified_gmt":"2019-04-24T13:15:21","slug":"informe-de-la-ultima-sesion-ordinaria-del-hcd-videos","status":"publish","type":"post","link":"https:\/\/www.celttv.com.ar\/index.php\/2019\/04\/24\/informe-de-la-ultima-sesion-ordinaria-del-hcd-videos\/","title":{"rendered":"INFORME DE LA \u00daLTIMA SESI\u00d3N ORDINARIA DEL HCD (VIDEOS)"},"content":{"rendered":"<p><strong><u>Comunicaciones Oficiales y dict\u00e1menes de las Comisiones:<\/u><\/strong><\/p>\n<p><strong><u>Expte. <\/u><\/strong><strong><u>N\u00ba 063\/19:<\/u><\/strong> \u201cD.E. &#8211; Incremento Salarial \u2013 Ejercicio 2019\u201d.<\/p>\n<p>Se solicita tratamiento sobre Tablas.<\/p>\n<p>Se aprueba por unanimidad la Ordenanza con el N\u00ba 3130\/19 \u00a0por la que se otorga un incremento salarial del 5% (cinco por ciento) a partir del 1 de abril de 2019, para todas las categor\u00edas de los sueldos del personal municipal.- Se otorga una BONIFICACI\u00d3N ESPECIAL de car\u00e1cter remunerativa de $ 2.500,00 (pesos dos mil quinientos), por el mes de Abril de 2019. La misma alcanza a todo el personal municipal, excepto Concejales, Secretario del Honorable Concejo Deliberante y Personal Superior.-<\/p>\n<p>&nbsp;<\/p>\n<p><strong><u>Expte. <\/u><\/strong><strong><u>N\u00ba 065\/19:<\/u><\/strong> \u201cD.E. \u2013 Convalida la firma del Contrato de Locaci\u00f3n celebrado entre Carlos Alfredo Pando y la Municipalidad de Tornquist \u2013 Vivienda Agente Policial\u201d.<\/p>\n<p>Se solicita tratamiento sobre Tablas.<\/p>\n<p>Se aprueba por unanimidad la Ordenanza con el N\u00ba 3131\/19 por la que se convalida la firma del Contrato de Locaci\u00f3n celebrado entre el Sr. Carlos Alfredo Pando en su car\u00e1cter de apoderado de las Sras. Guillermina Pando y Sof\u00eda Luj\u00e1n Pando, y el Sr. Intendente Municipal Sergio Fabi\u00e1n Bordoni en representaci\u00f3n de la Municipalidad de Tornquist, por el inmueble sito en calle Las Acacias s\/n de Villa Serrana La Gruta.- El mismo ser\u00e1 destinado a vivienda del agente policial afectado a la funci\u00f3n de seguridad en la mencionada Villa.-<\/p>\n<p>&nbsp;<\/p>\n<p><strong><u>Expte. <\/u><\/strong><strong><u>N\u00ba 7105\/19:<\/u><\/strong> \u201cH.C.D. &#8211; Proyecto de Ordenanza: Adhesi\u00f3n del Honorable Concejo Deliberante a la Ley Nacional N\u00ba 27.499 \u201cLey Micaela\u201d\u201d.<\/p>\n<p>Pasa a las Comisiones de Asuntos Municipales e Interpretaci\u00f3n y Reglamento.<\/p>\n<p>&nbsp;<\/p>\n<p><strong><u>Expte. <\/u><\/strong><strong><u>N\u00ba 7092\/19:<\/u><\/strong> \u201cBloque Cambiemos Bs. As. \u2013 Proyecto de Ordenanza: Ref. uso terap\u00e9utico del cannabis\u201d.-<\/p>\n<p>Se aprueba por unanimidad el dictamen de las Comisiones de SALUD P\u00daBLICA, INTERPRETACI\u00d3N Y REGLAMENTO Y ASUNTOS MUNICIPALES que aconseja enviar el mismo al Archivo, dado que\u00a0 la Ordenanza N\u00ba 3126\/19 fue promulgada mediante Decreto N\u00ba 364\/19.-<\/p>\n<p>&nbsp;<\/p>\n<p><strong><u>Expte. <\/u><\/strong><strong><u>N\u00ba 7106\/19:<\/u><\/strong> \u201cBloques F.P.V. y F.J.C. \u2013 Proyecto de Ordenanza: Adherir al Municipio de Tornquist a la Ley Provincial N\u00ba 15.104, declara al a\u00f1o 2019 como A\u00f1o del Centenario del nacimiento de Eva Duarte de Per\u00f3n\u201d.<\/p>\n<p>Tiene un solo dictamen:<\/p>\n<p>\u201cLas Comisiones de\u00a0<strong>\u00a0<\/strong>ASUNTOS MUNICIPALES (en mayor\u00eda) e INTERPRETACI\u00d3N Y REGLAMENTO (en minor\u00eda)\u00a0habiendo analizado el Expte. N\u00ba 7106\/19, aconsejan aprobar el Proyecto de Ordenanza obrante a fs. 1 y 2\u201d.-<\/p>\n<p>La votaci\u00f3n de este Dictamen fue de 6 a 6. De acuerdo al art\u00edculo 83\u00ba Inc. 3\u00ba de la Ley Org\u00e1nica de las Municipalidades el Presidente decide en casos de paridad, en los cuales tendr\u00e1 doble voto.<\/p>\n<p>El Presidente vot\u00f3 por la negativa, por lo tanto el Proyecto de Ordenanza no se aprueba y el Expediente pasa al Archivo.<\/p>\n<p>&nbsp;<\/p>\n<p><strong><u>Asuntos Particulares<\/u><\/strong><\/p>\n<p><strong><u>N.P. Alejandro Aiello- Propietario Transporte Silver:<\/u><\/strong> Solicita que se le autorice aumento en las tarifas del transporte de L\u00ednea Urbana Saldungaray- Tornquist.-<\/p>\n<p>Se solicita formaci\u00f3n de Expediente y pase a Comisi\u00f3n.-<\/p>\n<p><strong><u>\u00a0<\/u><\/strong><\/p>\n<p>Alocuciones de los se\u00f1ores Concejales:<\/p>\n<p>&nbsp;<\/p>\n<p>Concejal Skolak Mar\u00eda Ofelia:<\/p>\n<p>\u201cBueno se\u00f1or Presidente en primer lugar mostrar nuestra alegr\u00eda porque ma\u00f1ana en un d\u00eda tan importante para la localidad del Distrito de Tornquist, de la localidad de Tornquist, que es su cumplea\u00f1os, su ciento treinta y seis aniversario se va a estar inaugurando la Casa Hist\u00f3rica, una casa que fue tan debatida en este Recinto a la hora de proceder a la compra de la misma, algo que discuti\u00f3 tanto el Intendente Sergio Bordoni, y que no estaba de acuerdo de realizar la compra. Por eso justamente celebramos este momento que se haya decidido invertir recursos en esa propiedad, y felicitar al Profesor Mariano Spialtini por la garra que le puso, y tambi\u00e9n a todos los empleados que han trabajado en estos d\u00edas para dejarla bonita. Por otro lado me quiero referir y volver a insistir en que Bordoni, Vidal y Macri siguen siendo lo mismo, lamentablemente. Nos hubiese gustado que en este tiempo tanto el Intendente Municipal, como la Gobernadora, como el Presidente hubiesen cambiado un poquito en sus actitudes para beneficiar a lo que m\u00e1s nos interesa que son los vecinos de la localidad de Tornquist, del Distrito, de la Provincia, del pa\u00eds. El otro d\u00eda escuchando al Intendente en un programa de televisi\u00f3n, el programa \u201cOpiniones\u201d, realmente en algunas de sus posturas el habla de que todo est\u00e1 bien, de que todo est\u00e1 bien pero lo dice con una seguridad y con un optimismo, que realmente se\u00f1or Presidente y se\u00f1ores Concejales, yo les pregunto: \u00bfustedes recorren la casa de los vecinos necesitados, y est\u00e1n en conocimiento de la realidad? O vivimos en otro Distrito, o no quieren reconocer, y les cuesta reconocer, y ah\u00ed ya nos vamos al t\u00e9rmino de obsecuencia, de la realidad que est\u00e1n pasando muchos de nuestros vecinos del Distrito de Tornquist. Lamentablemente cuando llevamos las situaciones estas al \u00e1rea que la tenemos que llevar, en primer lugar cuesta trasladarlas porque no nos atiende el tel\u00e9fono el Secretario de Acci\u00f3n Social, y es verdad, no nos atiende el tel\u00e9fono, por otro lado dicen que est\u00e1 todo bien, y hace un tiempo tuvo que venir una vecina de la localidad de Saldungaray y expresarse por los medios, e inmediatamente sali\u00f3 el Secretario de Acci\u00f3n Social a justificar y a decir que estaba todo bien, que est\u00e1bamos mintiendo y que est\u00e1bamos usando a una vecina del Distrito para hacer pol\u00edtica. Ahora yo pregunto a los Concejales que viven en Saldungaray, que est\u00e1n en Sierra de la Ventana, \u00bfestuvieron en alg\u00fan momento en la vivienda de esta vecina? Entonces no puede el Intendente expresarse de la manera que lo hizo. Un Intendente que representa a todos los vecinos del Distrito de Tornquist, sean peronistas, sean radicales, no tengan ninguna ideolog\u00eda, el Intendente tiene que pensar en las necesidades y las tiene que ver, y ustedes los Concejales, nuestros compa\u00f1eros Concejales se lo tienen que transmitir. Porque la realidad es esa, esta se\u00f1ora estaba viviendo en condiciones ingratas, y hoy por hoy como esta se\u00f1ora hay un mont\u00f3n de casos, pero no podemos dar los nombres, porque si damos los nombres ma\u00f1ana a primera hora van a verla y seguramente le va a pasar lo que le pas\u00f3 a esta vecina de la localidad de Saldungaray. Por lo tanto les pedimos que recorran, que se acerquen a los vecinos, porque no la est\u00e1n pasando bien. No miren para un solo lado, miren para todos lados, nada m\u00e1s se\u00f1or Presidente\u201d.<\/p>\n<p>&nbsp;<\/p>\n<p>Concejal Montibeller Viviana:<\/p>\n<p>\u201cBueno, personalmente quiero decir que recorremos, yo personalmente voy a hablar hacia mi persona, recorro, hablo, charlo con mucha gente, simplemente que no llamo a los medios cada vez que lo hago, no llamo a mis compa\u00f1eros por ah\u00ed para avisarles que voy a visitar o que, en realidad no son visitas, uno se encuentra con la gente y charla. La verdad lo de esta se\u00f1ora de Saldungaray, tengo entendido que es verdad, no fui a la casa, no creo que haya sido necesario ir a la casa, porque tengo entendido que el Intendente hizo lo que ten\u00eda que hacer, y le consigui\u00f3 una casa, y la se\u00f1ora no quiso venirse a vivir ac\u00e1 a Tornquist, asique no s\u00e9 qu\u00e9 m\u00e1s se pod\u00eda hacer. Con respecto a que no caminamos me pone mal que diga eso porque no es real vamos a todos lados, vamos a instituciones, y charlamos con mucha gente. Tambi\u00e9n es real que hay mucha gente que por ah\u00ed est\u00e1 disgustada, que no est\u00e1 conforme con las cosas que nosotros hacemos simplemente porque a veces no es lo que esas personas quisieran que nosotros hagamos. Entonces a veces es l\u00f3gico me parece que a ustedes les ha pasado tambi\u00e9n cuando fueron gobierno, que hubo mucha gente desconforme, much\u00edsima. Entonces me parece que no est\u00e1 bueno decir que no caminamos, que no recorremos, y que no estamos con los vecinos. Nada m\u00e1s se\u00f1or Presidente.<\/p>\n<p>&nbsp;<\/p>\n<p>Concejal Sagredo M\u00f3nica:<\/p>\n<p>\u201cQuiero extender un poco este caso particular del que se estaba hablando, y referirme a vecinos en general de las distintas localidades del Distrito. La Concejal Montibeller dice \u201crecorro y no llamo a los medios\u201d, no llamo a mis compa\u00f1eros. Nosotros tampoco llamamos a los medios, sucedi\u00f3 en ese caso, no llamamos nosotros a los medios, sino que la persona tuvo la necesidad de acercarse. S\u00ed llamamos a nuestros compa\u00f1eros, no s\u00f3lo hablo cuando digo nuestros compa\u00f1eros, no s\u00f3lo hablo de los Concejales porque trabajamos en equipo por lo tanto permanentemente nos estamos comunicando, sino que en este contacto y en este acompa\u00f1amiento al vecino, especialmente al vecino m\u00e1s desprotegido, m\u00e1s necesitado, lo hacemos no s\u00f3lo los Concejales sino tambi\u00e9n los compa\u00f1eros militantes del Partido Justicialista, porque justamente somos eso, somos Justicialistas, luchamos por la justicia social, \u00bfs\u00ed?, uno de los grandes logros de justamente, de Eva Duarte de Per\u00f3n, \u00bfno?, persona destacada que trascendi\u00f3 lo pol\u00edtico. Y la verdad es que nos encontramos con muchas familias que no tienen una vivienda digna, que no tienen frazadas para poder abrigar a sus hijos, que no tienen leche para darles una taza de leche, un plato de comida. Siempre nuestra primera actitud, nuestro primer accionar es intentar comunicarnos con el Secretario de Acci\u00f3n Social, como dec\u00eda la Concejal Skolak, no estamos teniendo respuesta, no s\u00f3lo telef\u00f3nica sino que no lo encontramos en la oficina de Acci\u00f3n Social. Las veces que llamamos o que nos acercamos terminamos recurriendo muchas veces a, cuando tiene que ver con algo de salud a Noelia Baier, o a los Delegados Municipales, o a alg\u00fan otro funcionario para que pueden dar respuesta a las necesidades de la gente. Y son necesidades reales, no es mentira, no son inventos, ni es hacer pol\u00edtica barata, es verdad que hay mucha gente en todas las localidades, a\u00fan en las m\u00e1s peque\u00f1as de nuestro Distrito que la est\u00e1n pasando muy mal, muy mal. Cuando, lamentablemente, cuando el estado no se hace presente como deber\u00eda hacerlo para solucionar las necesidades de la gente, que es lo que corresponde, la gente acude a otras personas, a otros medios, a otros lugares a pedir ayuda. Por eso hoy en d\u00eda muchas iglesias por ejemplo est\u00e1n haciendo un gran trabajo de contenci\u00f3n, y de asistencia social. Lo estamos haciendo desde otros espacios pol\u00edticos, lo hacen grupos de vecinos que se re\u00fanen y tratan de ayudar con leche, con vestimenta, con frazadas, y la verdad es que duele mucho cuando el an\u00e1lisis de las necesidades de la gente lo hacemos con la pancita llena, \u00bfno?, y hay chicos que no la tienen. Y de esa manera surgen respuestas como hemos escuchado m\u00e1s de una vez, como por ejemplo: \u201cpero bueno, si tiene chicos en edad escolar, van al jard\u00edn, o van a la escuela, entonces la alimentaci\u00f3n la tienen\u201d. Yo pregunto a cualquiera de los que estamos presentes ac\u00e1, \u00bfa nuestros hijos los hacemos crecer solamente con un plato de comida y una taza de leche que pueden tener de lunes a viernes en el comedor escolar, o los alimentamos tambi\u00e9n durante la noche, durante la tarde, durante los fines de semana? A ver, deseo de coraz\u00f3n que podamos ser un poco m\u00e1s sensibles ante estas situaciones, no salgamos a atacarnos diciendo \u201cno, mienten, mienten, hacen pol\u00edtica, usan a los pobres\u201d. Tratemos de dar las respuestas, porque cada vez hay m\u00e1s gente con mayor necesidad, y tratemos de ver esa necesidad desde el coraz\u00f3n y desde el ponernos, desde la empat\u00eda de ponernos en el lugar de la persona que lo est\u00e1 sufriendo. \u00bfNo es necesario ir a las casas?, s\u00ed es necesario ir a la casa, porque cuando entramos a la casa de una persona y nos sentamos a compartir tal vez el \u00fanico mate que tienen, porque el que menos tiene es el que m\u00e1s da, cuando vemos c\u00f3mo viven, cuando vemos muchas veces las lauchas que le caminan por arriba de los lugares donde tienen que dormir despu\u00e9s sus hijos, cuando consolamos a una persona que llora desesperada porque no puede seguir viviendo de esta manera, tambi\u00e9n ese momento de acompa\u00f1amiento y de contenci\u00f3n hace dignas a las personas. Las personas est\u00e1n perdiendo su dignidad, una persona que no pueda alimentar a sus hijos, que no puede trabajar, muchas veces no porque son vagos y no quieren levantarse temprano, como tambi\u00e9n se ha dicho, hay personas que est\u00e1n imposibilitadas de trabajar, y sin embargo se encuentran en un estado de abandono porque no son ayudadas, aun estando postradas. Entonces, pido eso, que podamos ser un poco m\u00e1s sensibles, que abramos el coraz\u00f3n, y que evaluemos la necesidad de la gente no desde nuestra perspectiva de tener todos los d\u00edas un plato de comida en la mesa. Nada m\u00e1s se\u00f1or Presidente\u201d.<\/p>\n<p>&nbsp;<\/p>\n<p>Concejal Bassi Sebasti\u00e1n:<\/p>\n<p>\u201cBien, en primer lugar quiero disentir con la Concejal Skolak, porque tenemos obviamente distintos puntos de vista al considerar que Bordoni es lo mismo, lo mismo que,\u00a0 dice en palabras de ella, lo mismo que Macri y Vidal. Si hay alguien que ha sido cr\u00edtico, cero obsecuente, y ha levantado la voz donde ha tenido que levantarla, por un lado es \u00e9l. No dice que est\u00e1 todo bien, yo el programa tuve oportunidad de escucharlo y observarlo y en ning\u00fan momento lo vi como que estaba todo bien, en reiteradas ocasiones como cada vez que le ponen el micr\u00f3fono describe la realidad, la triste realidad que lamentablemente para algunos ciudadanos es peor que otras, sobre todo los que no tienen trabajo. En eso disiento. Con respecto a este caso que bueno, que data tambi\u00e9n del mes de enero puedo hablar con conocimiento de causa, yo los he recibido en casa, he visitado donde estaban, sin ser funcionario, porque todav\u00eda no estaba en funciones p\u00fablicas, por una cuesti\u00f3n de vecindad o ll\u00e1menle como quieran, de hermandad. Y a su vez haberle dado intervenci\u00f3n y conocimiento puro al Secretario de Desarrollo Social, a Fabio Gonz\u00e1lez, que por otro lado tanto \u00e9l como Bordoni, son totalmente, digamos, ejercitan la empat\u00eda, son solidarios, y los veo activos. Puede que alguna vez lo llamen y no conteste, porque no tendr\u00e1n se\u00f1al, pero son normalmente gente que se pone en el lugar del otro y puramente solidarios. Lo digo con conocimiento de causa, y bueno, y he visto muchas veces acciones que no se dan a conocer pero no de ahora que est\u00e1n en funciones, de muchos a\u00f1os atr\u00e1s, que la verdad que son muy loables. No obstante, como propuestas est\u00e1 en comunicaci\u00f3n esto mismo, les propongo que una vez m\u00e1s seamos facilitadores en caso \u00bfno?, de ver estos casos cr\u00edticos o puntuales, que nos llamen a nosotros para, bueno para sumar y fortalecer, y tratar de resolver como fue que pas\u00f3 en este caso, que se mediatiz\u00f3 por el mes de enero o febrero, creo. Eso por un lado, y bueno, ac\u00e1 lo que tratamos, esto mismo, por lo menos en este a\u00f1o electivo, de mi parte y muchos de mis compa\u00f1eros, de evitar las chicanas, y realmente de coraz\u00f3n, reconocer el trabajo que vienen haciendo estas instituciones intermedias, como pueden ser las iglesias evang\u00e9licas, y bueno, clubes, y diferentes entidades, y sumar, sumar para que cada vecino, cada hermano nuestro pueda vivir un poco mejor. Nada m\u00e1s se\u00f1or Presidente\u201d.<\/p>\n<p>&nbsp;<\/p>\n<p>Concejal Montibeller Viviana:<\/p>\n<p>\u201cComparto con el Concejal Bassi, y por ah\u00ed invito tambi\u00e9n, si hay una lista tan grande, cuando se apaguen las c\u00e1maras, y cuando estemos en el otro recinto por ah\u00ed la lista nos las des, y podamos entre todos, porque creo que somos un equipo tambi\u00e9n, poder ayudar, ya que no hay o\u00eddos supuestamente desde Acci\u00f3n Social, quiz\u00e1s nosotros podamos hacer algo que los conocemos, me parece que ser\u00eda bueno. Si es una lista tan grande, y tan larga, me parece perfecto, cuando apaguemos yo pedir\u00eda que\u00a0 lo charlemos, porque la verdad que me interesa bastante. Nada m\u00e1s se\u00f1or Presidente\u201d.<\/p>\n<p>&nbsp;<\/p>\n<p>Concejal Bag\u00fa Mar\u00eda Graciela:<\/p>\n<p>\u201cBueno, yo hablo poco pero me gusta hablar con fundamento. Y hablo con fundamento porque me ha pasado de, en \u00e9pocas con este Intendente, de recorrer casas, y casas que estaban destruidas, que ni siquiera ten\u00edan cloacas, que se las remoz\u00f3 completamente, y otras que se les llov\u00eda el techo porque era de chapa, la chapa estaba agujereada, se le hizo todo el cielorraso nuevo, y de eso me acuerdo de unos cuantos que hemos recorrido y se han arreglado, sin fotos, sin decirlo, sin nada, es decir, recorrimos y vimos la necesidad de cada uno, as\u00ed que en ese sentido, lo digo porque lo viv\u00ed, porque lo recorrimos, y tambi\u00e9n porque lo arreglamos, porque fue inmediato, bueno, \u201cencarg\u00e1 la madera para arreglar el cielorraso\u201d, el otro que no ten\u00eda cloacas, que era un desastre como viv\u00eda, el ba\u00f1o, era un desastre todo, y viv\u00eda con un hijo, ella sola con un hijo, y la casa se le\u00a0 hizo casi \u00edntegramente toda. Entonces hay cosas que no entiendo, no digo que se arreglaron todas, tampoco digo que se solucion\u00f3 el problema de todos, pero que s\u00ed hemos puesto voluntad, porque si hay algo, si hay algo que me llega y realmente lo siento de verdad es cuando la gente la pasa mal, y tengo unos cuantos casos que no viene, no tengo porque decir, quien fue, quien no fue, la gente lo sabe, que he recorrido, y he tratado de encontrarle soluci\u00f3n en todo lo que he podido, hablando con el Intendente, cuando no estaba a mi alcance, l\u00f3gicamente, la madera, que se le haga el techo, que se le haga esto, y bueno, por eso me llama la atenci\u00f3n, que habr\u00e1n quedado algunas a lo mejor en condiciones que no se han podido arreglar, puede ser chicas, realmente se los digo as\u00ed, pero que muchas se han solucionado y han pasado de ser realmente unos lugares imposibles de que pudieran vivir a ser unos lugares decentes y doy fe de eso porque lo viv\u00ed. Sino no dir\u00eda nada, nada m\u00e1s se\u00f1or Presidente, gracias\u201d.<\/p>\n<p>&nbsp;<\/p>\n<p>Concejal Skolak Mar\u00eda Ofelia:<\/p>\n<p>\u201cA ver, se\u00f1or Presidente, lo que quiero expresar y voy a volver a repetir, en el programa de \u201cOpiniones\u201d el Intendente Municipal aclar\u00f3 y con muchas seguridad, de\u00a0 que la asistencia social est\u00e1 cubierta y que est\u00e1 todo bien. Y no est\u00e1 todo bien, hay gente que necesita alimentos, hay gente que necesita ayuda y no la est\u00e1 pasando bien. Nada m\u00e1s se\u00f1or Presidente\u201d.<\/p>\n<p>&nbsp;<\/p>\n<p>Concejal L\u00f6ffler Guillermo:<\/p>\n<p>\u201cSi, yo quer\u00eda aclarar, porque si no por ah\u00ed hay confusiones,\u00a0 y por ah\u00ed lo que dec\u00eda el Concejal Bassi, que s\u00ed, a ver, nosotros estamos de acuerdo con que, y es cierto que Macri, Vidal y Bordoni son lo mismo. Tambi\u00e9n es cierto lo que dijo el Concejal de que el Intendente ha sido muy cr\u00edtico con el Gobierno Nacional, y Provincial, por el aumento de tasas, pero \u00e9l a la vez fue cr\u00edtico, pero despu\u00e9s hizo lo mismo que hizo Macri y Vidal, o sea, aument\u00f3 las tasas excesivamente, que por suerte en una de las Tasas que reclamaron varios caba\u00f1eros, hoteleros, damos marcha atr\u00e1s, se va a dar marcha atr\u00e1s porque todav\u00eda no subi\u00f3 el Expediente. Pero si yo me quejo de algo que est\u00e1 haciendo el Gobierno Nacional, que est\u00e1 aumentando las Tasas, y despu\u00e9s hago lo mismo, soy lo mismo. O sea no hay, nosotros lo hemos planteado, vayamos con la inflaci\u00f3n, hab\u00edamos planteado que el aumento de sueldos a los empleados municipales al b\u00e1sico del a\u00f1o pasado fue del 22%, y las Tasas aumentaron un 50, Seguridad e Higiene m\u00e1s de un 250%, entonces si decimos y no somos consecuentes con lo que decimos y hacemos otra cosa somos iguales. Entonces queda m\u00e1s que claro que Macri, Vidal y Bordoni es lo mismo. Nada m\u00e1s se\u00f1or Presidente\u201d.<\/p>\n<p>&nbsp;<\/p>\n<p>Concejal Bag\u00fa Mar\u00eda Graciela:<\/p>\n<p>\u201cLo que me parece que tambi\u00e9n nos olvidamos de decir cuando estuvimos ac\u00e1 en reuni\u00f3n que el 50% de los caba\u00f1eros no hab\u00edan presentado sus Declaraciones Juradas, \u00bfes cierto, no fue as\u00ed? As\u00ed que en ese sentido muchos se quejan y bueno, si tienen todo bien, y presentan sus Declaraciones Juradas, las Tasas van a estar de acuerdo a lo que presentaron, van a tener que coincidir con la AFIP, va a ser el comprobante de que si alguien no lo present\u00f3 por algo es, porque vuelvo a repetir, muchas veces se dice \u201cy en las caba\u00f1as tenemos una, dos personas\u201d, yo vivo en Sierra, realmente los fines de semana est\u00e1 lleno de gente, y est\u00e1 colmado y no hay lugar. Lo digo porque hay parientes m\u00edos que han llamado para venir, y estaban las caba\u00f1as colmadas. As\u00ed que en cierto modo a veces se dicen cosas, yo no digo que la est\u00e9n pasando todo bien, de que sea el mejor a\u00f1o, de que estemos todos florecientes, no, no es as\u00ed, pero tampoco digamos, nos pasemos al otro lado cuando hay muchos que no han presentado sus Declaraciones Juradas que es la manera de saber qu\u00e9 entrada tiene cada caba\u00f1a. Nada m\u00e1s se\u00f1or Presidente\u201d.<\/p>\n<p>&nbsp;<\/p>\n<p>Concejal L\u00f6ffler Guillermo:<\/p>\n<p>\u201cSi, a lo que se refiere la Concejal Bag\u00fa, es a la reforma que se va a hacer. Hoy por hoy como est\u00e1 la Ordenanza el aumento del 250% a s\u00ed mismo hayan presentado la Declaraci\u00f3n Jurada y el monto era menor al m\u00ednimo, se le estaba cobrando el m\u00ednimo, entonces ah\u00ed se les significaba m\u00e1s de un 250% de aumento. Ahora, con la nueva reforma que fue lo que se habl\u00f3 en la reuni\u00f3n, ser\u00eda diferente, y se va a cobrar realmente lo que presenten. Pero bueno, aplaudimos nosotros que se haya retrocedido y hayan vuelto para atr\u00e1s el aumento ese tan significativo, pero en el resto de las tarifas tambi\u00e9n estamos diciendo que son muy altas, que lo planteamos en su momento, y que por eso decimos, nos quejamos de algo, pero hacemos lo mismo. Entonces somos lo mismo. Nada m\u00e1s se\u00f1or Presidente\u201d.<\/p>\n<p>&nbsp;<\/p>\n<p>Concejal Rosatelli Laura:<\/p>\n<p>\u201cSi, yo me quiero referir al Expediente que hace menci\u00f3n a declarar el a\u00f1o 2019 como a\u00f1o del Centenario del Nacimiento de Eva Duarte de Per\u00f3n. La verdad se\u00f1or Presidente que me genera una sensaci\u00f3n de angustia, si se quiere de bronca, de verg\u00fcenza. Todos sabemos qui\u00e9n fue Eva Duarte de Per\u00f3n, un ejemplo de mujer, que trascendi\u00f3 las fronteras pol\u00edticas, que marc\u00f3 la historia de nuestro pa\u00eds. Y hoy tenemos que estar, somos cinco mujeres Concejales ac\u00e1, y tenemos que estar pidiendo y logrando que, llegando a que no se vote, o sea que se vote por la negativa de esto que se pide. Hemos sabido separar en su momento lo pol\u00edtico de lo personal en el caso cuando se hizo, cuando se destac\u00f3 al Doctor Ra\u00fal Alfons\u00edn, al Doctor Julio Pugliese, pero bueno, una vez m\u00e1s nos quedamos con el sabor amargo de algo votado injustamente. Vuelvo a repetir, siento bronca, verg\u00fcenza, y mucha angustia. Nada m\u00e1s se\u00f1or Presidente\u201d.<\/p>\n<p>&nbsp;<\/p>\n<p>Concejal Montibeller Viviana:<\/p>\n<p>\u201cCon respecto a mi voto negativo, en realidad es porque no me siento representada y respeto profundamente el pensar de los dem\u00e1s Concejales, lo respeto, pero no lo acompa\u00f1o y no estoy de acuerdo. Nada m\u00e1s se\u00f1or Presidente\u201d.<\/p>\n<p>&nbsp;<\/p>\n<p>Concejal Fonfr\u00eda Jos\u00e9:<\/p>\n<p>\u201cEn mi caso particular, no acompa\u00f1\u00e9 porque considero que si bien Eva Duarte fue una figura muy importante para nuestro pa\u00eds, no considero que tenga que estar la leyenda del centenario en toda la documentaci\u00f3n que salga del Municipio. As\u00ed que coincido que fue una persona muy importante para el pa\u00eds, coincido que habr\u00e1 hecho cosas muy buenas, y creo que hubo gente que no estuvo tan de acuerdo con lo que hizo ella, y hoy recibiendo una factura, o lo que sea del Municipio con esa leyenda, es para todo el mundo, todos tendr\u00edan que recibirlo, y no me parece que sea oportuno. Nada m\u00e1s se\u00f1or Presidente\u201d.<\/p>\n<p>&nbsp;<\/p>\n<p>Concejal Bassi Sebasti\u00e1n:<\/p>\n<p>\u201cDe mi parte, para ir finalizando quiero saludar a toda la gente que hace grande este Distrito, trabajando a diario, poniendo el hombro, de distintos estratos, distintos lugares, y ma\u00f1ana, bueno, que se cumple el 136\u00ba Aniversario de este \u00a0Distrito, bueno acompa\u00f1ar este saludo junto a mis compa\u00f1eros de Bloque. Nada m\u00e1s\u201d.<\/p>\n<p>&nbsp;<\/p>\n<p>Concejal Sagredo M\u00f3nica:<\/p>\n<p>\u201cSimplemente lo que quiero aclarar con respecto al Proyecto de Ordenanza de la Adhesi\u00f3n al Centenario del Nacimiento de Eva Duarte de Per\u00f3n, lo que nosotros propon\u00edamos con esta Ordenanza era tambi\u00e9n adherir a una Ley Provincial que est\u00e1 ya aprobada \u00bfs\u00ed?, la documentaci\u00f3n provincial va a tener ese sello, porque fue aprobado en la Provincia. Y en los distintos Concejos Deliberantes se est\u00e1 tratando,\u00a0 se est\u00e1 presentando y se est\u00e1 tratando este proyecto, en muchos est\u00e1 siendo aprobado por unanimidad, incluso en algunos Distritos digamos, en los que el gobierno es de Cambiemos, igualmente el proyecto est\u00e1 siendo aprobado. Ten\u00edamos la esperanza de que sucediera lo mismo en nuestro Distrito, bueno, no fue as\u00ed, y bueno, como dec\u00eda la Concejal Rosatelli eso nos produce desilusi\u00f3n, angustia. Nada m\u00e1s se\u00f1or Presidente\u201d.<\/p>\n<p>&nbsp;<\/p>\n<p>Concejal Skolak Mar\u00eda Ofelia:<\/p>\n<p>\u201cBueno, para cerrar, volver a reiterar desde nuestros Bloques, Frente Justicialista Cumplir, y Frente para la Victoria, un caluroso afecto a todos los vecinos de la localidad de Tornquist, porque ma\u00f1ana se cumple su 136\u00ba Aniversario. Nada m\u00e1s se\u00f1or Presidente\u201d.<\/p>\n<p>&nbsp;<\/p>\n<p>HONORABLE CONCEJO DELIBERANTE<\/p>\n<div class=\"jeg_video_container jeg_video_content\"><iframe loading=\"lazy\" title=\"2019 04 17 HCD 1 MARIA SKOLAK\" width=\"500\" height=\"375\" src=\"https:\/\/www.youtube.com\/embed\/uBEgN40aFyY?feature=oembed\" frameborder=\"0\" allow=\"accelerometer; autoplay; clipboard-write; encrypted-media; gyroscope; picture-in-picture; web-share\" referrerpolicy=\"strict-origin-when-cross-origin\" allowfullscreen><\/iframe><\/div>\n<div class=\"jeg_video_container jeg_video_content\"><iframe loading=\"lazy\" title=\"2019 04 17 HCD 2 VIVIANA MONTIBELLER\" width=\"500\" height=\"375\" src=\"https:\/\/www.youtube.com\/embed\/LPL-BZmDjKM?feature=oembed\" frameborder=\"0\" allow=\"accelerometer; autoplay; clipboard-write; encrypted-media; gyroscope; picture-in-picture; web-share\" referrerpolicy=\"strict-origin-when-cross-origin\" allowfullscreen><\/iframe><\/div>\n<div class=\"jeg_video_container jeg_video_content\"><iframe loading=\"lazy\" title=\"2019 04 17 HCD 3 MONICA SAGREDO\" width=\"500\" height=\"375\" src=\"https:\/\/www.youtube.com\/embed\/Z6lfhxTRvJA?feature=oembed\" frameborder=\"0\" allow=\"accelerometer; autoplay; clipboard-write; encrypted-media; gyroscope; picture-in-picture; web-share\" referrerpolicy=\"strict-origin-when-cross-origin\" allowfullscreen><\/iframe><\/div>\n<div class=\"jeg_video_container jeg_video_content\"><iframe loading=\"lazy\" title=\"2019 04 17 HCD 4 SEBASTIAN BESSI\" width=\"500\" height=\"375\" src=\"https:\/\/www.youtube.com\/embed\/jHprSHJFdWA?feature=oembed\" frameborder=\"0\" allow=\"accelerometer; autoplay; clipboard-write; encrypted-media; gyroscope; picture-in-picture; web-share\" referrerpolicy=\"strict-origin-when-cross-origin\" allowfullscreen><\/iframe><\/div>\n<p>&nbsp;<\/p>\n<div class=\"jeg_video_container jeg_video_content\"><iframe loading=\"lazy\" title=\"2019 04 17 HCD 5 VIVIANA MONTIBELLER\" width=\"500\" height=\"375\" src=\"https:\/\/www.youtube.com\/embed\/GcSJmDdGaBE?feature=oembed\" frameborder=\"0\" allow=\"accelerometer; autoplay; clipboard-write; encrypted-media; gyroscope; picture-in-picture; web-share\" referrerpolicy=\"strict-origin-when-cross-origin\" allowfullscreen><\/iframe><\/div>\n<div class=\"jeg_video_container jeg_video_content\"><iframe loading=\"lazy\" title=\"2019 04 17 HCD 6 GRACIELA BAGU\" width=\"500\" height=\"375\" src=\"https:\/\/www.youtube.com\/embed\/DAZzJxHmhlQ?feature=oembed\" frameborder=\"0\" allow=\"accelerometer; autoplay; clipboard-write; encrypted-media; gyroscope; picture-in-picture; web-share\" referrerpolicy=\"strict-origin-when-cross-origin\" allowfullscreen><\/iframe><\/div>\n<div class=\"jeg_video_container jeg_video_content\"><iframe loading=\"lazy\" title=\"2019 04 17 HCD 7 MARIA SKOLAK\" width=\"500\" height=\"375\" src=\"https:\/\/www.youtube.com\/embed\/RiThWe70KjM?feature=oembed\" frameborder=\"0\" allow=\"accelerometer; autoplay; clipboard-write; encrypted-media; gyroscope; picture-in-picture; web-share\" referrerpolicy=\"strict-origin-when-cross-origin\" allowfullscreen><\/iframe><\/div>\n<div class=\"jeg_video_container jeg_video_content\"><iframe loading=\"lazy\" title=\"2019 04 17 HCD 8 GUILLERMO LOFFLER\" width=\"500\" height=\"375\" src=\"https:\/\/www.youtube.com\/embed\/eIAS1oKeH7M?feature=oembed\" frameborder=\"0\" allow=\"accelerometer; autoplay; clipboard-write; encrypted-media; gyroscope; picture-in-picture; web-share\" referrerpolicy=\"strict-origin-when-cross-origin\" allowfullscreen><\/iframe><\/div>\n<div class=\"jeg_video_container jeg_video_content\"><iframe loading=\"lazy\" title=\"2019 04 17 HCD 9 GRACIELA BAGU\" width=\"500\" height=\"375\" src=\"https:\/\/www.youtube.com\/embed\/HFhEmQcZ9WA?feature=oembed\" frameborder=\"0\" allow=\"accelerometer; autoplay; clipboard-write; encrypted-media; gyroscope; picture-in-picture; web-share\" referrerpolicy=\"strict-origin-when-cross-origin\" allowfullscreen><\/iframe><\/div>\n<div class=\"jeg_video_container jeg_video_content\"><iframe loading=\"lazy\" title=\"2019 04 17 HCD 10 GUILLERMO LOFFLER\" width=\"500\" height=\"375\" src=\"https:\/\/www.youtube.com\/embed\/MnHDU9CE60w?feature=oembed\" frameborder=\"0\" allow=\"accelerometer; autoplay; clipboard-write; encrypted-media; gyroscope; picture-in-picture; web-share\" referrerpolicy=\"strict-origin-when-cross-origin\" allowfullscreen><\/iframe><\/div>\n<div class=\"jeg_video_container jeg_video_content\"><iframe loading=\"lazy\" title=\"2019 04 17 HCD 11 ROSATELLI MONTIBELLER FONFRIAS SAGREDO   CENTENARIO EVITA\" width=\"500\" height=\"375\" src=\"https:\/\/www.youtube.com\/embed\/4sIqYis6wgQ?feature=oembed\" frameborder=\"0\" allow=\"accelerometer; autoplay; clipboard-write; encrypted-media; gyroscope; picture-in-picture; web-share\" referrerpolicy=\"strict-origin-when-cross-origin\" allowfullscreen><\/iframe><\/div>\n","protected":false},"excerpt":{"rendered":"<p>Comunicaciones Oficiales y dict\u00e1menes de las Comisiones: Expte. N\u00ba 063\/19: \u201cD.E. &#8211; Incremento Salarial \u2013 Ejercicio 2019\u201d. Se solicita tratamiento sobre Tablas. Se aprueba por unanimidad la Ordenanza con el N\u00ba 3130\/19 \u00a0por la que se otorga un incremento salarial del 5% (cinco por ciento) a partir del 1 de abril de 2019, para todas [&hellip;]<\/p>\n","protected":false},"author":1,"featured_media":41161,"comment_status":"closed","ping_status":"open","sticky":false,"template":"","format":"standard","meta":{"footnotes":""},"categories":[55,51,52,53],"tags":[],"class_list":["post-41160","post","type-post","status-publish","format-standard","has-post-thumbnail","hentry","category-celt-tv-noticias","category-comunidad","category-destacadas","category-politica"],"yoast_head":"<!-- This site is optimized with the Yoast SEO plugin v19.7.1 - https:\/\/yoast.com\/wordpress\/plugins\/seo\/ -->\n<title>INFORME DE LA \u00daLTIMA SESI\u00d3N ORDINARIA DEL HCD (VIDEOS) - CELTTV<\/title>\n<meta name=\"description\" content=\"Sitio web de noticias de la localidad de Tornquist, provincia de Buenos Aires, Rep\u00fablica Argentina. Contenido propio originado por periodistas de CELTTV, el canal de TV local de la Cooperativa El\u00e9ctrica de Tornquist. Turismo, Pol\u00edtica, Sociedad, Deporte, Cultura y todo el contenido de inter\u00e9s general que la gente del pueblo y la regi\u00f3n debe conocer.\" \/>\n<meta name=\"robots\" content=\"index, follow, max-snippet:-1, max-image-preview:large, max-video-preview:-1\" \/>\n<link rel=\"canonical\" href=\"https:\/\/www.celttv.com.ar\/index.php\/2019\/04\/24\/informe-de-la-ultima-sesion-ordinaria-del-hcd-videos\/\" \/>\n<meta property=\"og:locale\" content=\"es_ES\" \/>\n<meta property=\"og:type\" content=\"article\" \/>\n<meta property=\"og:title\" content=\"INFORME DE LA \u00daLTIMA SESI\u00d3N ORDINARIA DEL HCD (VIDEOS) - CELTTV\" \/>\n<meta property=\"og:description\" content=\"Sitio web de noticias de la localidad de Tornquist, provincia de Buenos Aires, Rep\u00fablica Argentina. Contenido propio originado por periodistas de CELTTV, el canal de TV local de la Cooperativa El\u00e9ctrica de Tornquist. Turismo, Pol\u00edtica, Sociedad, Deporte, Cultura y todo el contenido de inter\u00e9s general que la gente del pueblo y la regi\u00f3n debe conocer.\" \/>\n<meta property=\"og:url\" content=\"https:\/\/www.celttv.com.ar\/index.php\/2019\/04\/24\/informe-de-la-ultima-sesion-ordinaria-del-hcd-videos\/\" \/>\n<meta property=\"og:site_name\" content=\"CELTTV\" \/>\n<meta property=\"article:publisher\" content=\"https:\/\/www.facebook.com\/celtTV\/\" \/>\n<meta property=\"article:published_time\" content=\"2019-04-24T13:15:21+00:00\" \/>\n<meta property=\"og:image\" content=\"https:\/\/www.celttv.com.ar\/wp-content\/uploads\/2019\/04\/20190416_210332.jpg\" \/>\n\t<meta property=\"og:image:width\" content=\"1024\" \/>\n\t<meta property=\"og:image:height\" content=\"768\" \/>\n\t<meta property=\"og:image:type\" content=\"image\/jpeg\" \/>\n<meta name=\"author\" content=\"ulises\" \/>\n<meta name=\"twitter:card\" content=\"summary_large_image\" \/>\n<meta name=\"twitter:label1\" content=\"Escrito por\" \/>\n\t<meta name=\"twitter:data1\" content=\"ulises\" \/>\n\t<meta name=\"twitter:label2\" content=\"Tiempo de lectura\" \/>\n\t<meta name=\"twitter:data2\" content=\"23 minutos\" \/>\n<script type=\"application\/ld+json\" class=\"yoast-schema-graph\">{\"@context\":\"https:\/\/schema.org\",\"@graph\":[{\"@type\":\"NewsArticle\",\"@id\":\"https:\/\/www.celttv.com.ar\/index.php\/2019\/04\/24\/informe-de-la-ultima-sesion-ordinaria-del-hcd-videos\/#article\",\"isPartOf\":{\"@id\":\"https:\/\/www.celttv.com.ar\/index.php\/2019\/04\/24\/informe-de-la-ultima-sesion-ordinaria-del-hcd-videos\/\"},\"author\":{\"name\":\"ulises\",\"@id\":\"https:\/\/www.celttv.com.ar\/#\/schema\/person\/6d99c072dba59953809c81446e9d0ace\"},\"headline\":\"INFORME DE LA \u00daLTIMA SESI\u00d3N ORDINARIA DEL HCD (VIDEOS)\",\"datePublished\":\"2019-04-24T13:15:21+00:00\",\"dateModified\":\"2019-04-24T13:15:21+00:00\",\"mainEntityOfPage\":{\"@id\":\"https:\/\/www.celttv.com.ar\/index.php\/2019\/04\/24\/informe-de-la-ultima-sesion-ordinaria-del-hcd-videos\/\"},\"wordCount\":4543,\"publisher\":{\"@id\":\"https:\/\/www.celttv.com.ar\/#organization\"},\"articleSection\":[\"Celt TV Noticias\",\"Comunidad\",\"Destacadas\",\"Pol\u00edtica\"],\"inLanguage\":\"es\"},{\"@type\":\"WebPage\",\"@id\":\"https:\/\/www.celttv.com.ar\/index.php\/2019\/04\/24\/informe-de-la-ultima-sesion-ordinaria-del-hcd-videos\/\",\"url\":\"https:\/\/www.celttv.com.ar\/index.php\/2019\/04\/24\/informe-de-la-ultima-sesion-ordinaria-del-hcd-videos\/\",\"name\":\"INFORME DE LA \u00daLTIMA SESI\u00d3N ORDINARIA DEL HCD (VIDEOS) - CELTTV\",\"isPartOf\":{\"@id\":\"https:\/\/www.celttv.com.ar\/#website\"},\"datePublished\":\"2019-04-24T13:15:21+00:00\",\"dateModified\":\"2019-04-24T13:15:21+00:00\",\"description\":\"Sitio web de noticias de la localidad de Tornquist, provincia de Buenos Aires, Rep\u00fablica Argentina. Contenido propio originado por periodistas de CELTTV, el canal de TV local de la Cooperativa El\u00e9ctrica de Tornquist. Turismo, Pol\u00edtica, Sociedad, Deporte, Cultura y todo el contenido de inter\u00e9s general que la gente del pueblo y la regi\u00f3n debe conocer.\",\"breadcrumb\":{\"@id\":\"https:\/\/www.celttv.com.ar\/index.php\/2019\/04\/24\/informe-de-la-ultima-sesion-ordinaria-del-hcd-videos\/#breadcrumb\"},\"inLanguage\":\"es\",\"potentialAction\":[{\"@type\":\"ReadAction\",\"target\":[\"https:\/\/www.celttv.com.ar\/index.php\/2019\/04\/24\/informe-de-la-ultima-sesion-ordinaria-del-hcd-videos\/\"]}]},{\"@type\":\"BreadcrumbList\",\"@id\":\"https:\/\/www.celttv.com.ar\/index.php\/2019\/04\/24\/informe-de-la-ultima-sesion-ordinaria-del-hcd-videos\/#breadcrumb\",\"itemListElement\":[{\"@type\":\"ListItem\",\"position\":1,\"name\":\"Inicio\",\"item\":\"https:\/\/www.celttv.com.ar\/\"},{\"@type\":\"ListItem\",\"position\":2,\"name\":\"INFORME DE LA \u00daLTIMA SESI\u00d3N ORDINARIA DEL HCD (VIDEOS)\"}]},{\"@type\":\"WebSite\",\"@id\":\"https:\/\/www.celttv.com.ar\/#website\",\"url\":\"https:\/\/www.celttv.com.ar\/\",\"name\":\"CELTTV\",\"description\":\"Cooperativa El\u00e9ctrica de Tornquist\",\"publisher\":{\"@id\":\"https:\/\/www.celttv.com.ar\/#organization\"},\"potentialAction\":[{\"@type\":\"SearchAction\",\"target\":{\"@type\":\"EntryPoint\",\"urlTemplate\":\"https:\/\/www.celttv.com.ar\/?s={search_term_string}\"},\"query-input\":\"required name=search_term_string\"}],\"inLanguage\":\"es\"},{\"@type\":\"Organization\",\"@id\":\"https:\/\/www.celttv.com.ar\/#organization\",\"name\":\"CELTTV\",\"url\":\"https:\/\/www.celttv.com.ar\/\",\"sameAs\":[\"https:\/\/www.youtube.com\/channel\/UCz_oIt8Hig64Ub-EmcNPIhg\",\"https:\/\/www.facebook.com\/celtTV\/\"],\"logo\":{\"@type\":\"ImageObject\",\"inLanguage\":\"es\",\"@id\":\"https:\/\/www.celttv.com.ar\/#\/schema\/logo\/image\/\",\"url\":\"http:\/\/www.celttv.com.ar\/wp-content\/uploads\/2022\/08\/logo-1.png\",\"contentUrl\":\"http:\/\/www.celttv.com.ar\/wp-content\/uploads\/2022\/08\/logo-1.png\",\"width\":461,\"height\":159,\"caption\":\"CELTTV\"},\"image\":{\"@id\":\"https:\/\/www.celttv.com.ar\/#\/schema\/logo\/image\/\"}},{\"@type\":\"Person\",\"@id\":\"https:\/\/www.celttv.com.ar\/#\/schema\/person\/6d99c072dba59953809c81446e9d0ace\",\"name\":\"ulises\",\"image\":{\"@type\":\"ImageObject\",\"inLanguage\":\"es\",\"@id\":\"https:\/\/www.celttv.com.ar\/#\/schema\/person\/image\/\",\"url\":\"https:\/\/secure.gravatar.com\/avatar\/7f2c48bdc33b30088f941fb6082e555f2874c98e20cb159d7b92b50eadfce793?s=96&d=mm&r=g\",\"contentUrl\":\"https:\/\/secure.gravatar.com\/avatar\/7f2c48bdc33b30088f941fb6082e555f2874c98e20cb159d7b92b50eadfce793?s=96&d=mm&r=g\",\"caption\":\"ulises\"},\"sameAs\":[\"http:\/\/www.celttv.com.ar\"]}]}<\/script>\n<!-- \/ Yoast SEO plugin. -->","yoast_head_json":{"title":"INFORME DE LA \u00daLTIMA SESI\u00d3N ORDINARIA DEL HCD (VIDEOS) - CELTTV","description":"Sitio web de noticias de la localidad de Tornquist, provincia de Buenos Aires, Rep\u00fablica Argentina. Contenido propio originado por periodistas de CELTTV, el canal de TV local de la Cooperativa El\u00e9ctrica de Tornquist. Turismo, Pol\u00edtica, Sociedad, Deporte, Cultura y todo el contenido de inter\u00e9s general que la gente del pueblo y la regi\u00f3n debe conocer.","robots":{"index":"index","follow":"follow","max-snippet":"max-snippet:-1","max-image-preview":"max-image-preview:large","max-video-preview":"max-video-preview:-1"},"canonical":"https:\/\/www.celttv.com.ar\/index.php\/2019\/04\/24\/informe-de-la-ultima-sesion-ordinaria-del-hcd-videos\/","og_locale":"es_ES","og_type":"article","og_title":"INFORME DE LA \u00daLTIMA SESI\u00d3N ORDINARIA DEL HCD (VIDEOS) - CELTTV","og_description":"Sitio web de noticias de la localidad de Tornquist, provincia de Buenos Aires, Rep\u00fablica Argentina. Contenido propio originado por periodistas de CELTTV, el canal de TV local de la Cooperativa El\u00e9ctrica de Tornquist. Turismo, Pol\u00edtica, Sociedad, Deporte, Cultura y todo el contenido de inter\u00e9s general que la gente del pueblo y la regi\u00f3n debe conocer.","og_url":"https:\/\/www.celttv.com.ar\/index.php\/2019\/04\/24\/informe-de-la-ultima-sesion-ordinaria-del-hcd-videos\/","og_site_name":"CELTTV","article_publisher":"https:\/\/www.facebook.com\/celtTV\/","article_published_time":"2019-04-24T13:15:21+00:00","og_image":[{"width":1024,"height":768,"url":"https:\/\/www.celttv.com.ar\/wp-content\/uploads\/2019\/04\/20190416_210332.jpg","type":"image\/jpeg"}],"author":"ulises","twitter_card":"summary_large_image","twitter_misc":{"Escrito por":"ulises","Tiempo de lectura":"23 minutos"},"schema":{"@context":"https:\/\/schema.org","@graph":[{"@type":"NewsArticle","@id":"https:\/\/www.celttv.com.ar\/index.php\/2019\/04\/24\/informe-de-la-ultima-sesion-ordinaria-del-hcd-videos\/#article","isPartOf":{"@id":"https:\/\/www.celttv.com.ar\/index.php\/2019\/04\/24\/informe-de-la-ultima-sesion-ordinaria-del-hcd-videos\/"},"author":{"name":"ulises","@id":"https:\/\/www.celttv.com.ar\/#\/schema\/person\/6d99c072dba59953809c81446e9d0ace"},"headline":"INFORME DE LA \u00daLTIMA SESI\u00d3N ORDINARIA DEL HCD (VIDEOS)","datePublished":"2019-04-24T13:15:21+00:00","dateModified":"2019-04-24T13:15:21+00:00","mainEntityOfPage":{"@id":"https:\/\/www.celttv.com.ar\/index.php\/2019\/04\/24\/informe-de-la-ultima-sesion-ordinaria-del-hcd-videos\/"},"wordCount":4543,"publisher":{"@id":"https:\/\/www.celttv.com.ar\/#organization"},"articleSection":["Celt TV Noticias","Comunidad","Destacadas","Pol\u00edtica"],"inLanguage":"es"},{"@type":"WebPage","@id":"https:\/\/www.celttv.com.ar\/index.php\/2019\/04\/24\/informe-de-la-ultima-sesion-ordinaria-del-hcd-videos\/","url":"https:\/\/www.celttv.com.ar\/index.php\/2019\/04\/24\/informe-de-la-ultima-sesion-ordinaria-del-hcd-videos\/","name":"INFORME DE LA \u00daLTIMA SESI\u00d3N ORDINARIA DEL HCD (VIDEOS) - CELTTV","isPartOf":{"@id":"https:\/\/www.celttv.com.ar\/#website"},"datePublished":"2019-04-24T13:15:21+00:00","dateModified":"2019-04-24T13:15:21+00:00","description":"Sitio web de noticias de la localidad de Tornquist, provincia de Buenos Aires, Rep\u00fablica Argentina. Contenido propio originado por periodistas de CELTTV, el canal de TV local de la Cooperativa El\u00e9ctrica de Tornquist. Turismo, Pol\u00edtica, Sociedad, Deporte, Cultura y todo el contenido de inter\u00e9s general que la gente del pueblo y la regi\u00f3n debe conocer.","breadcrumb":{"@id":"https:\/\/www.celttv.com.ar\/index.php\/2019\/04\/24\/informe-de-la-ultima-sesion-ordinaria-del-hcd-videos\/#breadcrumb"},"inLanguage":"es","potentialAction":[{"@type":"ReadAction","target":["https:\/\/www.celttv.com.ar\/index.php\/2019\/04\/24\/informe-de-la-ultima-sesion-ordinaria-del-hcd-videos\/"]}]},{"@type":"BreadcrumbList","@id":"https:\/\/www.celttv.com.ar\/index.php\/2019\/04\/24\/informe-de-la-ultima-sesion-ordinaria-del-hcd-videos\/#breadcrumb","itemListElement":[{"@type":"ListItem","position":1,"name":"Inicio","item":"https:\/\/www.celttv.com.ar\/"},{"@type":"ListItem","position":2,"name":"INFORME DE LA \u00daLTIMA SESI\u00d3N ORDINARIA DEL HCD (VIDEOS)"}]},{"@type":"WebSite","@id":"https:\/\/www.celttv.com.ar\/#website","url":"https:\/\/www.celttv.com.ar\/","name":"CELTTV","description":"Cooperativa El\u00e9ctrica de Tornquist","publisher":{"@id":"https:\/\/www.celttv.com.ar\/#organization"},"potentialAction":[{"@type":"SearchAction","target":{"@type":"EntryPoint","urlTemplate":"https:\/\/www.celttv.com.ar\/?s={search_term_string}"},"query-input":"required name=search_term_string"}],"inLanguage":"es"},{"@type":"Organization","@id":"https:\/\/www.celttv.com.ar\/#organization","name":"CELTTV","url":"https:\/\/www.celttv.com.ar\/","sameAs":["https:\/\/www.youtube.com\/channel\/UCz_oIt8Hig64Ub-EmcNPIhg","https:\/\/www.facebook.com\/celtTV\/"],"logo":{"@type":"ImageObject","inLanguage":"es","@id":"https:\/\/www.celttv.com.ar\/#\/schema\/logo\/image\/","url":"http:\/\/www.celttv.com.ar\/wp-content\/uploads\/2022\/08\/logo-1.png","contentUrl":"http:\/\/www.celttv.com.ar\/wp-content\/uploads\/2022\/08\/logo-1.png","width":461,"height":159,"caption":"CELTTV"},"image":{"@id":"https:\/\/www.celttv.com.ar\/#\/schema\/logo\/image\/"}},{"@type":"Person","@id":"https:\/\/www.celttv.com.ar\/#\/schema\/person\/6d99c072dba59953809c81446e9d0ace","name":"ulises","image":{"@type":"ImageObject","inLanguage":"es","@id":"https:\/\/www.celttv.com.ar\/#\/schema\/person\/image\/","url":"https:\/\/secure.gravatar.com\/avatar\/7f2c48bdc33b30088f941fb6082e555f2874c98e20cb159d7b92b50eadfce793?s=96&d=mm&r=g","contentUrl":"https:\/\/secure.gravatar.com\/avatar\/7f2c48bdc33b30088f941fb6082e555f2874c98e20cb159d7b92b50eadfce793?s=96&d=mm&r=g","caption":"ulises"},"sameAs":["http:\/\/www.celttv.com.ar"]}]}},"_links":{"self":[{"href":"https:\/\/www.celttv.com.ar\/index.php\/wp-json\/wp\/v2\/posts\/41160","targetHints":{"allow":["GET"]}}],"collection":[{"href":"https:\/\/www.celttv.com.ar\/index.php\/wp-json\/wp\/v2\/posts"}],"about":[{"href":"https:\/\/www.celttv.com.ar\/index.php\/wp-json\/wp\/v2\/types\/post"}],"author":[{"embeddable":true,"href":"https:\/\/www.celttv.com.ar\/index.php\/wp-json\/wp\/v2\/users\/1"}],"replies":[{"embeddable":true,"href":"https:\/\/www.celttv.com.ar\/index.php\/wp-json\/wp\/v2\/comments?post=41160"}],"version-history":[{"count":0,"href":"https:\/\/www.celttv.com.ar\/index.php\/wp-json\/wp\/v2\/posts\/41160\/revisions"}],"wp:featuredmedia":[{"embeddable":true,"href":"https:\/\/www.celttv.com.ar\/index.php\/wp-json\/wp\/v2\/media\/41161"}],"wp:attachment":[{"href":"https:\/\/www.celttv.com.ar\/index.php\/wp-json\/wp\/v2\/media?parent=41160"}],"wp:term":[{"taxonomy":"category","embeddable":true,"href":"https:\/\/www.celttv.com.ar\/index.php\/wp-json\/wp\/v2\/categories?post=41160"},{"taxonomy":"post_tag","embeddable":true,"href":"https:\/\/www.celttv.com.ar\/index.php\/wp-json\/wp\/v2\/tags?post=41160"}],"curies":[{"name":"wp","href":"https:\/\/api.w.org\/{rel}","templated":true}]}}