{"id":41176,"date":"2019-04-24T14:38:38","date_gmt":"2019-04-24T14:38:38","guid":{"rendered":"http:\/\/www.celttv.com.ar\/?p=41176"},"modified":"2019-04-24T14:38:38","modified_gmt":"2019-04-24T14:38:38","slug":"tribunal-de-penas-de-la-liga-regional-de-futbol-13-fechas-de-suspension-a-luciano-belaunzaran","status":"publish","type":"post","link":"https:\/\/www.celttv.com.ar\/index.php\/2019\/04\/24\/tribunal-de-penas-de-la-liga-regional-de-futbol-13-fechas-de-suspension-a-luciano-belaunzaran\/","title":{"rendered":"Tribunal de Penas de la Liga Regional de F\u00fatbol: 13 fechas de suspensi\u00f3n a Luciano Belaunzar\u00e1n"},"content":{"rendered":"<p>Una severa sanci\u00f3n recibi\u00f3 el jugador Luciano Belaunzar\u00e1n, de la Reserva de Atl\u00e9tico Huanguel\u00e9n, de parte del Tribunal de Penas de la Liga Regional de F\u00fatbol de Coronel Su\u00e1rez.<\/p>\n<p>En su reuni\u00f3n semanal de este martes, el cuerpo disciplinario que preside Osvaldo Delgado le aplic\u00f3 13 fechas por su expulsi\u00f3n en el partido frente a Automoto, en Tornquist, donde empuj\u00f3 a uno de los jueces asistentes.<\/p>\n<p>Fue la resoluci\u00f3n m\u00e1s importante de la sesi\u00f3n, sigui\u00e9ndole en orden de trascendencia en Reserva Neri Nievas (San Mart\u00edn de Carhu\u00e9), con 5 partidos. En tanto Bruno Gatto (Blanco y Negro) y Franco Izarriaga (Deportivo Sarmiento) merecieron 1 cotejo.<\/p>\n<p>Diego Maldonado (director t\u00e9cnico de Tiro Federal de Puan) fue suspendido por 30 d\u00edas y con inhabilitaci\u00f3n provisoria quedaron Nahuel Clark (Deportivo Sarmiento), Valent\u00edn Alazard (Tiro Federal de Puan) y Axel Gallinger (Deportivo Argentino).<\/p>\n<p>En Primera divisi\u00f3n, Walter Espil (Empleados de Comerio) result\u00f3 sancionado por 3 fechas, Facundo Rapetti (Puan F. Club), Alejandro Novgorosky (Tiro Federal de Coronel Su\u00e1rez), N\u00e9stor Gartland (Pe\u00f1arol de Guamin\u00ed) y Mauro Suppes (Boca Juniors) por 1 encuentro.<\/p>\n<p>Por haber arribado al l\u00edmite de 5 tarjetas amarillas se pierden el pr\u00f3ximo partido Guillermo Hoyos (Tiro Federal de Coronel Su\u00e1rez) y Lucas Geist (Tiro Federal de Puan). Por su parte Axel Orona (Empleados de Comercio) fue suspendido en forma provisoria.<\/p>\n<p>DIVISIONES INFERIORES<br \/>\nEn divisiones inferiores recibieron\u00a0<strong>3 partidos Franco Castillo (5\u00aa de Automoto)<\/strong>, Ramiro Tourret (5\u00aa de Club Sarmiento), Fausto Recchi (6\u00aa de Deportivo Argentino) y V\u00edctor Campos (6\u00aa de Empleados de Comercio).<\/p>\n<p>Dos cotejos mereci\u00f3 Axel Castillo (7\u00aa de San Mart\u00edn de Saavedra) y\u00a0<strong>1 Joaqu\u00edn Cisterna (7\u00aa de Automoto)<\/strong>, Juan Pablo Mancinelli (5\u00aa de Deportivo Argentino) y Joaqu\u00edn Vidal (5\u00aa de Pe\u00f1arol de Pig\u00fc\u00e9).<\/p>\n<p>Diego Deering (director t\u00e9cnico de la 5\u00aa de Pe\u00f1arol de Pig\u00fc\u00e9), quien fue informado, result\u00f3 sancionado por 30 d\u00edas, mientras Luciano Olivera (ayudante de campo de la 7\u00aa de San Mart\u00edn de Saavedra) por 7 d\u00edas.<\/p>\n<p>Claudio Meier &#8211; Nuevo D\u00eda<\/p>\n<p>&nbsp;<\/p>\n","protected":false},"excerpt":{"rendered":"<p>Una severa sanci\u00f3n recibi\u00f3 el jugador Luciano Belaunzar\u00e1n, de la Reserva de Atl\u00e9tico Huanguel\u00e9n, de parte del Tribunal de Penas de la Liga Regional de F\u00fatbol de Coronel Su\u00e1rez. En su reuni\u00f3n semanal de este martes, el cuerpo disciplinario que preside Osvaldo Delgado le aplic\u00f3 13 fechas por su expulsi\u00f3n en el partido frente a [&hellip;]<\/p>\n","protected":false},"author":1,"featured_media":41177,"comment_status":"closed","ping_status":"open","sticky":false,"template":"","format":"standard","meta":{"footnotes":""},"categories":[55,60,52,63],"tags":[],"class_list":["post-41176","post","type-post","status-publish","format-standard","has-post-thumbnail","hentry","category-celt-tv-noticias","category-deporte","category-destacadas","category-magazine-sport"],"yoast_head":"<!-- This site is optimized with the Yoast SEO plugin v19.7.1 - https:\/\/yoast.com\/wordpress\/plugins\/seo\/ -->\n<title>Tribunal de Penas de la Liga Regional de F\u00fatbol: 13 fechas de suspensi\u00f3n a Luciano Belaunzar\u00e1n - CELTTV<\/title>\n<meta name=\"description\" content=\"Sitio web de noticias de la localidad de Tornquist, provincia de Buenos Aires, Rep\u00fablica Argentina. Contenido propio originado por periodistas de CELTTV, el canal de TV local de la Cooperativa El\u00e9ctrica de Tornquist. Turismo, Pol\u00edtica, Sociedad, Deporte, Cultura y todo el contenido de inter\u00e9s general que la gente del pueblo y la regi\u00f3n debe conocer.\" \/>\n<meta name=\"robots\" content=\"index, follow, max-snippet:-1, max-image-preview:large, max-video-preview:-1\" \/>\n<link rel=\"canonical\" href=\"https:\/\/www.celttv.com.ar\/index.php\/2019\/04\/24\/tribunal-de-penas-de-la-liga-regional-de-futbol-13-fechas-de-suspension-a-luciano-belaunzaran\/\" \/>\n<meta property=\"og:locale\" content=\"es_ES\" \/>\n<meta property=\"og:type\" content=\"article\" \/>\n<meta property=\"og:title\" content=\"Tribunal de Penas de la Liga Regional de F\u00fatbol: 13 fechas de suspensi\u00f3n a Luciano Belaunzar\u00e1n - CELTTV\" \/>\n<meta property=\"og:description\" content=\"Sitio web de noticias de la localidad de Tornquist, provincia de Buenos Aires, Rep\u00fablica Argentina. Contenido propio originado por periodistas de CELTTV, el canal de TV local de la Cooperativa El\u00e9ctrica de Tornquist. Turismo, Pol\u00edtica, Sociedad, Deporte, Cultura y todo el contenido de inter\u00e9s general que la gente del pueblo y la regi\u00f3n debe conocer.\" \/>\n<meta property=\"og:url\" content=\"https:\/\/www.celttv.com.ar\/index.php\/2019\/04\/24\/tribunal-de-penas-de-la-liga-regional-de-futbol-13-fechas-de-suspension-a-luciano-belaunzaran\/\" \/>\n<meta property=\"og:site_name\" content=\"CELTTV\" \/>\n<meta property=\"article:publisher\" content=\"https:\/\/www.facebook.com\/celtTV\/\" \/>\n<meta property=\"article:published_time\" content=\"2019-04-24T14:38:38+00:00\" \/>\n<meta property=\"og:image\" content=\"https:\/\/www.celttv.com.ar\/wp-content\/uploads\/2019\/04\/descarga-7.jpg\" \/>\n\t<meta property=\"og:image:width\" content=\"301\" \/>\n\t<meta property=\"og:image:height\" content=\"167\" \/>\n\t<meta property=\"og:image:type\" content=\"image\/jpeg\" \/>\n<meta name=\"author\" content=\"ulises\" \/>\n<meta name=\"twitter:card\" content=\"summary_large_image\" \/>\n<meta name=\"twitter:label1\" content=\"Escrito por\" \/>\n\t<meta name=\"twitter:data1\" content=\"ulises\" \/>\n\t<meta name=\"twitter:label2\" content=\"Tiempo de lectura\" \/>\n\t<meta name=\"twitter:data2\" content=\"2 minutos\" \/>\n<script type=\"application\/ld+json\" class=\"yoast-schema-graph\">{\"@context\":\"https:\/\/schema.org\",\"@graph\":[{\"@type\":\"NewsArticle\",\"@id\":\"https:\/\/www.celttv.com.ar\/index.php\/2019\/04\/24\/tribunal-de-penas-de-la-liga-regional-de-futbol-13-fechas-de-suspension-a-luciano-belaunzaran\/#article\",\"isPartOf\":{\"@id\":\"https:\/\/www.celttv.com.ar\/index.php\/2019\/04\/24\/tribunal-de-penas-de-la-liga-regional-de-futbol-13-fechas-de-suspension-a-luciano-belaunzaran\/\"},\"author\":{\"name\":\"ulises\",\"@id\":\"https:\/\/www.celttv.com.ar\/#\/schema\/person\/6d99c072dba59953809c81446e9d0ace\"},\"headline\":\"Tribunal de Penas de la Liga Regional de F\u00fatbol: 13 fechas de suspensi\u00f3n a Luciano Belaunzar\u00e1n\",\"datePublished\":\"2019-04-24T14:38:38+00:00\",\"dateModified\":\"2019-04-24T14:38:38+00:00\",\"mainEntityOfPage\":{\"@id\":\"https:\/\/www.celttv.com.ar\/index.php\/2019\/04\/24\/tribunal-de-penas-de-la-liga-regional-de-futbol-13-fechas-de-suspension-a-luciano-belaunzaran\/\"},\"wordCount\":358,\"publisher\":{\"@id\":\"https:\/\/www.celttv.com.ar\/#organization\"},\"articleSection\":[\"Celt TV Noticias\",\"Deporte\",\"Destacadas\",\"Magazine Sport\"],\"inLanguage\":\"es\"},{\"@type\":\"WebPage\",\"@id\":\"https:\/\/www.celttv.com.ar\/index.php\/2019\/04\/24\/tribunal-de-penas-de-la-liga-regional-de-futbol-13-fechas-de-suspension-a-luciano-belaunzaran\/\",\"url\":\"https:\/\/www.celttv.com.ar\/index.php\/2019\/04\/24\/tribunal-de-penas-de-la-liga-regional-de-futbol-13-fechas-de-suspension-a-luciano-belaunzaran\/\",\"name\":\"Tribunal de Penas de la Liga Regional de F\u00fatbol: 13 fechas de suspensi\u00f3n a Luciano Belaunzar\u00e1n - CELTTV\",\"isPartOf\":{\"@id\":\"https:\/\/www.celttv.com.ar\/#website\"},\"datePublished\":\"2019-04-24T14:38:38+00:00\",\"dateModified\":\"2019-04-24T14:38:38+00:00\",\"description\":\"Sitio web de noticias de la localidad de Tornquist, provincia de Buenos Aires, Rep\u00fablica Argentina. Contenido propio originado por periodistas de CELTTV, el canal de TV local de la Cooperativa El\u00e9ctrica de Tornquist. Turismo, Pol\u00edtica, Sociedad, Deporte, Cultura y todo el contenido de inter\u00e9s general que la gente del pueblo y la regi\u00f3n debe conocer.\",\"breadcrumb\":{\"@id\":\"https:\/\/www.celttv.com.ar\/index.php\/2019\/04\/24\/tribunal-de-penas-de-la-liga-regional-de-futbol-13-fechas-de-suspension-a-luciano-belaunzaran\/#breadcrumb\"},\"inLanguage\":\"es\",\"potentialAction\":[{\"@type\":\"ReadAction\",\"target\":[\"https:\/\/www.celttv.com.ar\/index.php\/2019\/04\/24\/tribunal-de-penas-de-la-liga-regional-de-futbol-13-fechas-de-suspension-a-luciano-belaunzaran\/\"]}]},{\"@type\":\"BreadcrumbList\",\"@id\":\"https:\/\/www.celttv.com.ar\/index.php\/2019\/04\/24\/tribunal-de-penas-de-la-liga-regional-de-futbol-13-fechas-de-suspension-a-luciano-belaunzaran\/#breadcrumb\",\"itemListElement\":[{\"@type\":\"ListItem\",\"position\":1,\"name\":\"Inicio\",\"item\":\"https:\/\/www.celttv.com.ar\/\"},{\"@type\":\"ListItem\",\"position\":2,\"name\":\"Tribunal de Penas de la Liga Regional de F\u00fatbol: 13 fechas de suspensi\u00f3n a Luciano Belaunzar\u00e1n\"}]},{\"@type\":\"WebSite\",\"@id\":\"https:\/\/www.celttv.com.ar\/#website\",\"url\":\"https:\/\/www.celttv.com.ar\/\",\"name\":\"CELTTV\",\"description\":\"Cooperativa El\u00e9ctrica de Tornquist\",\"publisher\":{\"@id\":\"https:\/\/www.celttv.com.ar\/#organization\"},\"potentialAction\":[{\"@type\":\"SearchAction\",\"target\":{\"@type\":\"EntryPoint\",\"urlTemplate\":\"https:\/\/www.celttv.com.ar\/?s={search_term_string}\"},\"query-input\":\"required name=search_term_string\"}],\"inLanguage\":\"es\"},{\"@type\":\"Organization\",\"@id\":\"https:\/\/www.celttv.com.ar\/#organization\",\"name\":\"CELTTV\",\"url\":\"https:\/\/www.celttv.com.ar\/\",\"sameAs\":[\"https:\/\/www.youtube.com\/channel\/UCz_oIt8Hig64Ub-EmcNPIhg\",\"https:\/\/www.facebook.com\/celtTV\/\"],\"logo\":{\"@type\":\"ImageObject\",\"inLanguage\":\"es\",\"@id\":\"https:\/\/www.celttv.com.ar\/#\/schema\/logo\/image\/\",\"url\":\"http:\/\/www.celttv.com.ar\/wp-content\/uploads\/2022\/08\/logo-1.png\",\"contentUrl\":\"http:\/\/www.celttv.com.ar\/wp-content\/uploads\/2022\/08\/logo-1.png\",\"width\":461,\"height\":159,\"caption\":\"CELTTV\"},\"image\":{\"@id\":\"https:\/\/www.celttv.com.ar\/#\/schema\/logo\/image\/\"}},{\"@type\":\"Person\",\"@id\":\"https:\/\/www.celttv.com.ar\/#\/schema\/person\/6d99c072dba59953809c81446e9d0ace\",\"name\":\"ulises\",\"image\":{\"@type\":\"ImageObject\",\"inLanguage\":\"es\",\"@id\":\"https:\/\/www.celttv.com.ar\/#\/schema\/person\/image\/\",\"url\":\"https:\/\/secure.gravatar.com\/avatar\/7f2c48bdc33b30088f941fb6082e555f2874c98e20cb159d7b92b50eadfce793?s=96&d=mm&r=g\",\"contentUrl\":\"https:\/\/secure.gravatar.com\/avatar\/7f2c48bdc33b30088f941fb6082e555f2874c98e20cb159d7b92b50eadfce793?s=96&d=mm&r=g\",\"caption\":\"ulises\"},\"sameAs\":[\"http:\/\/www.celttv.com.ar\"]}]}<\/script>\n<!-- \/ Yoast SEO plugin. -->","yoast_head_json":{"title":"Tribunal de Penas de la Liga Regional de F\u00fatbol: 13 fechas de suspensi\u00f3n a Luciano Belaunzar\u00e1n - CELTTV","description":"Sitio web de noticias de la localidad de Tornquist, provincia de Buenos Aires, Rep\u00fablica Argentina. Contenido propio originado por periodistas de CELTTV, el canal de TV local de la Cooperativa El\u00e9ctrica de Tornquist. Turismo, Pol\u00edtica, Sociedad, Deporte, Cultura y todo el contenido de inter\u00e9s general que la gente del pueblo y la regi\u00f3n debe conocer.","robots":{"index":"index","follow":"follow","max-snippet":"max-snippet:-1","max-image-preview":"max-image-preview:large","max-video-preview":"max-video-preview:-1"},"canonical":"https:\/\/www.celttv.com.ar\/index.php\/2019\/04\/24\/tribunal-de-penas-de-la-liga-regional-de-futbol-13-fechas-de-suspension-a-luciano-belaunzaran\/","og_locale":"es_ES","og_type":"article","og_title":"Tribunal de Penas de la Liga Regional de F\u00fatbol: 13 fechas de suspensi\u00f3n a Luciano Belaunzar\u00e1n - CELTTV","og_description":"Sitio web de noticias de la localidad de Tornquist, provincia de Buenos Aires, Rep\u00fablica Argentina. Contenido propio originado por periodistas de CELTTV, el canal de TV local de la Cooperativa El\u00e9ctrica de Tornquist. Turismo, Pol\u00edtica, Sociedad, Deporte, Cultura y todo el contenido de inter\u00e9s general que la gente del pueblo y la regi\u00f3n debe conocer.","og_url":"https:\/\/www.celttv.com.ar\/index.php\/2019\/04\/24\/tribunal-de-penas-de-la-liga-regional-de-futbol-13-fechas-de-suspension-a-luciano-belaunzaran\/","og_site_name":"CELTTV","article_publisher":"https:\/\/www.facebook.com\/celtTV\/","article_published_time":"2019-04-24T14:38:38+00:00","og_image":[{"width":301,"height":167,"url":"https:\/\/www.celttv.com.ar\/wp-content\/uploads\/2019\/04\/descarga-7.jpg","type":"image\/jpeg"}],"author":"ulises","twitter_card":"summary_large_image","twitter_misc":{"Escrito por":"ulises","Tiempo de lectura":"2 minutos"},"schema":{"@context":"https:\/\/schema.org","@graph":[{"@type":"NewsArticle","@id":"https:\/\/www.celttv.com.ar\/index.php\/2019\/04\/24\/tribunal-de-penas-de-la-liga-regional-de-futbol-13-fechas-de-suspension-a-luciano-belaunzaran\/#article","isPartOf":{"@id":"https:\/\/www.celttv.com.ar\/index.php\/2019\/04\/24\/tribunal-de-penas-de-la-liga-regional-de-futbol-13-fechas-de-suspension-a-luciano-belaunzaran\/"},"author":{"name":"ulises","@id":"https:\/\/www.celttv.com.ar\/#\/schema\/person\/6d99c072dba59953809c81446e9d0ace"},"headline":"Tribunal de Penas de la Liga Regional de F\u00fatbol: 13 fechas de suspensi\u00f3n a Luciano Belaunzar\u00e1n","datePublished":"2019-04-24T14:38:38+00:00","dateModified":"2019-04-24T14:38:38+00:00","mainEntityOfPage":{"@id":"https:\/\/www.celttv.com.ar\/index.php\/2019\/04\/24\/tribunal-de-penas-de-la-liga-regional-de-futbol-13-fechas-de-suspension-a-luciano-belaunzaran\/"},"wordCount":358,"publisher":{"@id":"https:\/\/www.celttv.com.ar\/#organization"},"articleSection":["Celt TV Noticias","Deporte","Destacadas","Magazine Sport"],"inLanguage":"es"},{"@type":"WebPage","@id":"https:\/\/www.celttv.com.ar\/index.php\/2019\/04\/24\/tribunal-de-penas-de-la-liga-regional-de-futbol-13-fechas-de-suspension-a-luciano-belaunzaran\/","url":"https:\/\/www.celttv.com.ar\/index.php\/2019\/04\/24\/tribunal-de-penas-de-la-liga-regional-de-futbol-13-fechas-de-suspension-a-luciano-belaunzaran\/","name":"Tribunal de Penas de la Liga Regional de F\u00fatbol: 13 fechas de suspensi\u00f3n a Luciano Belaunzar\u00e1n - CELTTV","isPartOf":{"@id":"https:\/\/www.celttv.com.ar\/#website"},"datePublished":"2019-04-24T14:38:38+00:00","dateModified":"2019-04-24T14:38:38+00:00","description":"Sitio web de noticias de la localidad de Tornquist, provincia de Buenos Aires, Rep\u00fablica Argentina. Contenido propio originado por periodistas de CELTTV, el canal de TV local de la Cooperativa El\u00e9ctrica de Tornquist. Turismo, Pol\u00edtica, Sociedad, Deporte, Cultura y todo el contenido de inter\u00e9s general que la gente del pueblo y la regi\u00f3n debe conocer.","breadcrumb":{"@id":"https:\/\/www.celttv.com.ar\/index.php\/2019\/04\/24\/tribunal-de-penas-de-la-liga-regional-de-futbol-13-fechas-de-suspension-a-luciano-belaunzaran\/#breadcrumb"},"inLanguage":"es","potentialAction":[{"@type":"ReadAction","target":["https:\/\/www.celttv.com.ar\/index.php\/2019\/04\/24\/tribunal-de-penas-de-la-liga-regional-de-futbol-13-fechas-de-suspension-a-luciano-belaunzaran\/"]}]},{"@type":"BreadcrumbList","@id":"https:\/\/www.celttv.com.ar\/index.php\/2019\/04\/24\/tribunal-de-penas-de-la-liga-regional-de-futbol-13-fechas-de-suspension-a-luciano-belaunzaran\/#breadcrumb","itemListElement":[{"@type":"ListItem","position":1,"name":"Inicio","item":"https:\/\/www.celttv.com.ar\/"},{"@type":"ListItem","position":2,"name":"Tribunal de Penas de la Liga Regional de F\u00fatbol: 13 fechas de suspensi\u00f3n a Luciano Belaunzar\u00e1n"}]},{"@type":"WebSite","@id":"https:\/\/www.celttv.com.ar\/#website","url":"https:\/\/www.celttv.com.ar\/","name":"CELTTV","description":"Cooperativa El\u00e9ctrica de Tornquist","publisher":{"@id":"https:\/\/www.celttv.com.ar\/#organization"},"potentialAction":[{"@type":"SearchAction","target":{"@type":"EntryPoint","urlTemplate":"https:\/\/www.celttv.com.ar\/?s={search_term_string}"},"query-input":"required name=search_term_string"}],"inLanguage":"es"},{"@type":"Organization","@id":"https:\/\/www.celttv.com.ar\/#organization","name":"CELTTV","url":"https:\/\/www.celttv.com.ar\/","sameAs":["https:\/\/www.youtube.com\/channel\/UCz_oIt8Hig64Ub-EmcNPIhg","https:\/\/www.facebook.com\/celtTV\/"],"logo":{"@type":"ImageObject","inLanguage":"es","@id":"https:\/\/www.celttv.com.ar\/#\/schema\/logo\/image\/","url":"http:\/\/www.celttv.com.ar\/wp-content\/uploads\/2022\/08\/logo-1.png","contentUrl":"http:\/\/www.celttv.com.ar\/wp-content\/uploads\/2022\/08\/logo-1.png","width":461,"height":159,"caption":"CELTTV"},"image":{"@id":"https:\/\/www.celttv.com.ar\/#\/schema\/logo\/image\/"}},{"@type":"Person","@id":"https:\/\/www.celttv.com.ar\/#\/schema\/person\/6d99c072dba59953809c81446e9d0ace","name":"ulises","image":{"@type":"ImageObject","inLanguage":"es","@id":"https:\/\/www.celttv.com.ar\/#\/schema\/person\/image\/","url":"https:\/\/secure.gravatar.com\/avatar\/7f2c48bdc33b30088f941fb6082e555f2874c98e20cb159d7b92b50eadfce793?s=96&d=mm&r=g","contentUrl":"https:\/\/secure.gravatar.com\/avatar\/7f2c48bdc33b30088f941fb6082e555f2874c98e20cb159d7b92b50eadfce793?s=96&d=mm&r=g","caption":"ulises"},"sameAs":["http:\/\/www.celttv.com.ar"]}]}},"_links":{"self":[{"href":"https:\/\/www.celttv.com.ar\/index.php\/wp-json\/wp\/v2\/posts\/41176","targetHints":{"allow":["GET"]}}],"collection":[{"href":"https:\/\/www.celttv.com.ar\/index.php\/wp-json\/wp\/v2\/posts"}],"about":[{"href":"https:\/\/www.celttv.com.ar\/index.php\/wp-json\/wp\/v2\/types\/post"}],"author":[{"embeddable":true,"href":"https:\/\/www.celttv.com.ar\/index.php\/wp-json\/wp\/v2\/users\/1"}],"replies":[{"embeddable":true,"href":"https:\/\/www.celttv.com.ar\/index.php\/wp-json\/wp\/v2\/comments?post=41176"}],"version-history":[{"count":0,"href":"https:\/\/www.celttv.com.ar\/index.php\/wp-json\/wp\/v2\/posts\/41176\/revisions"}],"wp:featuredmedia":[{"embeddable":true,"href":"https:\/\/www.celttv.com.ar\/index.php\/wp-json\/wp\/v2\/media\/41177"}],"wp:attachment":[{"href":"https:\/\/www.celttv.com.ar\/index.php\/wp-json\/wp\/v2\/media?parent=41176"}],"wp:term":[{"taxonomy":"category","embeddable":true,"href":"https:\/\/www.celttv.com.ar\/index.php\/wp-json\/wp\/v2\/categories?post=41176"},{"taxonomy":"post_tag","embeddable":true,"href":"https:\/\/www.celttv.com.ar\/index.php\/wp-json\/wp\/v2\/tags?post=41176"}],"curies":[{"name":"wp","href":"https:\/\/api.w.org\/{rel}","templated":true}]}}