{"id":4118,"date":"2011-12-27T18:57:16","date_gmt":"2011-12-27T18:57:16","guid":{"rendered":"http:\/\/www.tvcnoticias.com.ar\/?p=4118"},"modified":"2011-12-27T18:57:16","modified_gmt":"2011-12-27T18:57:16","slug":"que-la-crisis-no-la-pague-el-pueblo-bahiense-por-nestor-conte-ex-candidato-a-intendente-del-frente-de-izquierda","status":"publish","type":"post","link":"https:\/\/www.celttv.com.ar\/index.php\/2011\/12\/27\/que-la-crisis-no-la-pague-el-pueblo-bahiense-por-nestor-conte-ex-candidato-a-intendente-del-frente-de-izquierda\/","title":{"rendered":"QUE LA CRISIS NO LA PAGUE EL PUEBLO BAHIENSE!! por N\u00e9stor Conte (ex candidato a Intendente del Frente de Izquierda)"},"content":{"rendered":"<p>NO AL AUMENTO DEL ABL. POR IMPUESTOS ESPECIALES Y PROGRESIVOS A LAS GRANDES EMPRESAS DEL POLO PETROQU\u00cdMICO<br \/>\nQue la crisis no la pague el pueblo bahiense!!<br \/>\nEl intendente interino Bevilacqua \u2013que se autodefine \u201cdiferente\u201d de Breitenstein- ha dejado trascender el proyecto de presupuesto 2012 que implica un aumento del 40% en el ABL y el no cobro de los incrementos de la tasa de seguridad e higiene a las empresas\u2026 \u00a1que no despidan!.<br \/>\nEl presupuesto contin\u00faa la pol\u00edtica de un aporte irrisorio de las empresas del PPBB que se enriquecen a costa del trabajo y las instalaciones bahienses, tienen tercerizado y precarizado a la mayor\u00eda de su personal, y fugan la mayor parte de la riqueza. Erogar\u00e1n de sus abultados balances algo menos de dos millones de d\u00f3lares para poder seguir contaminando el medio ambiente.<br \/>\nLo de Bevilacqua es una l\u00ednea pol\u00edtica que complementa el tarifazo del gobierno nacional y el impuestazo de Scioli. El \u201cdiferente\u201d es un muleto que se parece como dos gotas de agua a todos los que buscan descargar la crisis en el pueblo trabajador.\u00a0<br \/>\nLa lucha para enfrentar los ajustes, tarifazos, impuestazos y el aumento del ABL, es una lucha para que los capitalistas paguen la crisis. Para enfrentar la precarizaci\u00f3n laboral en la Municipalidad, en las fabricas y en los comercios;\u00a0 para enfrentar el tarifazo en curso, y decirle NO al dragado, es necesario que fortalezcamos la deliberaci\u00f3n popular y el Frente de Izquierda, desarrollando una alternativa pol\u00edtica de los trabajadores opuesta a la de los ajustadores.<br \/>\nN\u00e9stor Conte (ex candidato a Intendente del Frente de Izquierda)<br \/>\nPartido Obrero en el Frente de Izquierda<\/p>\n","protected":false},"excerpt":{"rendered":"<p>NO AL AUMENTO DEL ABL. POR IMPUESTOS ESPECIALES Y PROGRESIVOS A LAS GRANDES EMPRESAS DEL POLO PETROQU\u00cdMICO Que la crisis no la pague el pueblo bahiense!! El intendente interino Bevilacqua \u2013que se autodefine \u201cdiferente\u201d de Breitenstein- ha dejado trascender el proyecto de presupuesto 2012 que implica un aumento del 40% en el ABL y el [&hellip;]<\/p>\n","protected":false},"author":1,"featured_media":0,"comment_status":"closed","ping_status":"open","sticky":false,"template":"","format":"standard","meta":{"footnotes":""},"categories":[95],"tags":[],"class_list":["post-4118","post","type-post","status-publish","format-standard","hentry","category-opiniones"],"yoast_head":"<!-- This site is optimized with the Yoast SEO plugin v19.7.1 - https:\/\/yoast.com\/wordpress\/plugins\/seo\/ -->\n<title>QUE LA CRISIS NO LA PAGUE EL PUEBLO BAHIENSE!! por N\u00e9stor Conte (ex candidato a Intendente del Frente de Izquierda) - CELTTV<\/title>\n<meta name=\"description\" content=\"Sitio web de noticias de la localidad de Tornquist, provincia de Buenos Aires, Rep\u00fablica Argentina. Contenido propio originado por periodistas de CELTTV, el canal de TV local de la Cooperativa El\u00e9ctrica de Tornquist. Turismo, Pol\u00edtica, Sociedad, Deporte, Cultura y todo el contenido de inter\u00e9s general que la gente del pueblo y la regi\u00f3n debe conocer.\" \/>\n<meta name=\"robots\" content=\"index, follow, max-snippet:-1, max-image-preview:large, max-video-preview:-1\" \/>\n<link rel=\"canonical\" href=\"https:\/\/www.celttv.com.ar\/index.php\/2011\/12\/27\/que-la-crisis-no-la-pague-el-pueblo-bahiense-por-nestor-conte-ex-candidato-a-intendente-del-frente-de-izquierda\/\" \/>\n<meta property=\"og:locale\" content=\"es_ES\" \/>\n<meta property=\"og:type\" content=\"article\" \/>\n<meta property=\"og:title\" content=\"QUE LA CRISIS NO LA PAGUE EL PUEBLO BAHIENSE!! por N\u00e9stor Conte (ex candidato a Intendente del Frente de Izquierda) - CELTTV\" \/>\n<meta property=\"og:description\" content=\"Sitio web de noticias de la localidad de Tornquist, provincia de Buenos Aires, Rep\u00fablica Argentina. Contenido propio originado por periodistas de CELTTV, el canal de TV local de la Cooperativa El\u00e9ctrica de Tornquist. Turismo, Pol\u00edtica, Sociedad, Deporte, Cultura y todo el contenido de inter\u00e9s general que la gente del pueblo y la regi\u00f3n debe conocer.\" \/>\n<meta property=\"og:url\" content=\"https:\/\/www.celttv.com.ar\/index.php\/2011\/12\/27\/que-la-crisis-no-la-pague-el-pueblo-bahiense-por-nestor-conte-ex-candidato-a-intendente-del-frente-de-izquierda\/\" \/>\n<meta property=\"og:site_name\" content=\"CELTTV\" \/>\n<meta property=\"article:publisher\" content=\"https:\/\/www.facebook.com\/celtTV\/\" \/>\n<meta property=\"article:published_time\" content=\"2011-12-27T18:57:16+00:00\" \/>\n<meta name=\"author\" content=\"ulises\" \/>\n<meta name=\"twitter:card\" content=\"summary_large_image\" \/>\n<meta name=\"twitter:label1\" content=\"Escrito por\" \/>\n\t<meta name=\"twitter:data1\" content=\"ulises\" \/>\n\t<meta name=\"twitter:label2\" content=\"Tiempo de lectura\" \/>\n\t<meta name=\"twitter:data2\" content=\"1 minuto\" \/>\n<script type=\"application\/ld+json\" class=\"yoast-schema-graph\">{\"@context\":\"https:\/\/schema.org\",\"@graph\":[{\"@type\":\"NewsArticle\",\"@id\":\"https:\/\/www.celttv.com.ar\/index.php\/2011\/12\/27\/que-la-crisis-no-la-pague-el-pueblo-bahiense-por-nestor-conte-ex-candidato-a-intendente-del-frente-de-izquierda\/#article\",\"isPartOf\":{\"@id\":\"https:\/\/www.celttv.com.ar\/index.php\/2011\/12\/27\/que-la-crisis-no-la-pague-el-pueblo-bahiense-por-nestor-conte-ex-candidato-a-intendente-del-frente-de-izquierda\/\"},\"author\":{\"name\":\"ulises\",\"@id\":\"https:\/\/www.celttv.com.ar\/#\/schema\/person\/6d99c072dba59953809c81446e9d0ace\"},\"headline\":\"QUE LA CRISIS NO LA PAGUE EL PUEBLO BAHIENSE!! por N\u00e9stor Conte (ex candidato a Intendente del Frente de Izquierda)\",\"datePublished\":\"2011-12-27T18:57:16+00:00\",\"dateModified\":\"2011-12-27T18:57:16+00:00\",\"mainEntityOfPage\":{\"@id\":\"https:\/\/www.celttv.com.ar\/index.php\/2011\/12\/27\/que-la-crisis-no-la-pague-el-pueblo-bahiense-por-nestor-conte-ex-candidato-a-intendente-del-frente-de-izquierda\/\"},\"wordCount\":301,\"publisher\":{\"@id\":\"https:\/\/www.celttv.com.ar\/#organization\"},\"articleSection\":[\"Opiniones\"],\"inLanguage\":\"es\"},{\"@type\":\"WebPage\",\"@id\":\"https:\/\/www.celttv.com.ar\/index.php\/2011\/12\/27\/que-la-crisis-no-la-pague-el-pueblo-bahiense-por-nestor-conte-ex-candidato-a-intendente-del-frente-de-izquierda\/\",\"url\":\"https:\/\/www.celttv.com.ar\/index.php\/2011\/12\/27\/que-la-crisis-no-la-pague-el-pueblo-bahiense-por-nestor-conte-ex-candidato-a-intendente-del-frente-de-izquierda\/\",\"name\":\"QUE LA CRISIS NO LA PAGUE EL PUEBLO BAHIENSE!! por N\u00e9stor Conte (ex candidato a Intendente del Frente de Izquierda) - CELTTV\",\"isPartOf\":{\"@id\":\"https:\/\/www.celttv.com.ar\/#website\"},\"datePublished\":\"2011-12-27T18:57:16+00:00\",\"dateModified\":\"2011-12-27T18:57:16+00:00\",\"description\":\"Sitio web de noticias de la localidad de Tornquist, provincia de Buenos Aires, Rep\u00fablica Argentina. Contenido propio originado por periodistas de CELTTV, el canal de TV local de la Cooperativa El\u00e9ctrica de Tornquist. Turismo, Pol\u00edtica, Sociedad, Deporte, Cultura y todo el contenido de inter\u00e9s general que la gente del pueblo y la regi\u00f3n debe conocer.\",\"breadcrumb\":{\"@id\":\"https:\/\/www.celttv.com.ar\/index.php\/2011\/12\/27\/que-la-crisis-no-la-pague-el-pueblo-bahiense-por-nestor-conte-ex-candidato-a-intendente-del-frente-de-izquierda\/#breadcrumb\"},\"inLanguage\":\"es\",\"potentialAction\":[{\"@type\":\"ReadAction\",\"target\":[\"https:\/\/www.celttv.com.ar\/index.php\/2011\/12\/27\/que-la-crisis-no-la-pague-el-pueblo-bahiense-por-nestor-conte-ex-candidato-a-intendente-del-frente-de-izquierda\/\"]}]},{\"@type\":\"BreadcrumbList\",\"@id\":\"https:\/\/www.celttv.com.ar\/index.php\/2011\/12\/27\/que-la-crisis-no-la-pague-el-pueblo-bahiense-por-nestor-conte-ex-candidato-a-intendente-del-frente-de-izquierda\/#breadcrumb\",\"itemListElement\":[{\"@type\":\"ListItem\",\"position\":1,\"name\":\"Inicio\",\"item\":\"https:\/\/www.celttv.com.ar\/\"},{\"@type\":\"ListItem\",\"position\":2,\"name\":\"QUE LA CRISIS NO LA PAGUE EL PUEBLO BAHIENSE!! por N\u00e9stor Conte (ex candidato a Intendente del Frente de Izquierda)\"}]},{\"@type\":\"WebSite\",\"@id\":\"https:\/\/www.celttv.com.ar\/#website\",\"url\":\"https:\/\/www.celttv.com.ar\/\",\"name\":\"CELTTV\",\"description\":\"Cooperativa El\u00e9ctrica de Tornquist\",\"publisher\":{\"@id\":\"https:\/\/www.celttv.com.ar\/#organization\"},\"potentialAction\":[{\"@type\":\"SearchAction\",\"target\":{\"@type\":\"EntryPoint\",\"urlTemplate\":\"https:\/\/www.celttv.com.ar\/?s={search_term_string}\"},\"query-input\":\"required name=search_term_string\"}],\"inLanguage\":\"es\"},{\"@type\":\"Organization\",\"@id\":\"https:\/\/www.celttv.com.ar\/#organization\",\"name\":\"CELTTV\",\"url\":\"https:\/\/www.celttv.com.ar\/\",\"sameAs\":[\"https:\/\/www.youtube.com\/channel\/UCz_oIt8Hig64Ub-EmcNPIhg\",\"https:\/\/www.facebook.com\/celtTV\/\"],\"logo\":{\"@type\":\"ImageObject\",\"inLanguage\":\"es\",\"@id\":\"https:\/\/www.celttv.com.ar\/#\/schema\/logo\/image\/\",\"url\":\"http:\/\/www.celttv.com.ar\/wp-content\/uploads\/2022\/08\/logo-1.png\",\"contentUrl\":\"http:\/\/www.celttv.com.ar\/wp-content\/uploads\/2022\/08\/logo-1.png\",\"width\":461,\"height\":159,\"caption\":\"CELTTV\"},\"image\":{\"@id\":\"https:\/\/www.celttv.com.ar\/#\/schema\/logo\/image\/\"}},{\"@type\":\"Person\",\"@id\":\"https:\/\/www.celttv.com.ar\/#\/schema\/person\/6d99c072dba59953809c81446e9d0ace\",\"name\":\"ulises\",\"image\":{\"@type\":\"ImageObject\",\"inLanguage\":\"es\",\"@id\":\"https:\/\/www.celttv.com.ar\/#\/schema\/person\/image\/\",\"url\":\"https:\/\/secure.gravatar.com\/avatar\/7f2c48bdc33b30088f941fb6082e555f2874c98e20cb159d7b92b50eadfce793?s=96&d=mm&r=g\",\"contentUrl\":\"https:\/\/secure.gravatar.com\/avatar\/7f2c48bdc33b30088f941fb6082e555f2874c98e20cb159d7b92b50eadfce793?s=96&d=mm&r=g\",\"caption\":\"ulises\"},\"sameAs\":[\"http:\/\/www.celttv.com.ar\"]}]}<\/script>\n<!-- \/ Yoast SEO plugin. -->","yoast_head_json":{"title":"QUE LA CRISIS NO LA PAGUE EL PUEBLO BAHIENSE!! por N\u00e9stor Conte (ex candidato a Intendente del Frente de Izquierda) - CELTTV","description":"Sitio web de noticias de la localidad de Tornquist, provincia de Buenos Aires, Rep\u00fablica Argentina. Contenido propio originado por periodistas de CELTTV, el canal de TV local de la Cooperativa El\u00e9ctrica de Tornquist. Turismo, Pol\u00edtica, Sociedad, Deporte, Cultura y todo el contenido de inter\u00e9s general que la gente del pueblo y la regi\u00f3n debe conocer.","robots":{"index":"index","follow":"follow","max-snippet":"max-snippet:-1","max-image-preview":"max-image-preview:large","max-video-preview":"max-video-preview:-1"},"canonical":"https:\/\/www.celttv.com.ar\/index.php\/2011\/12\/27\/que-la-crisis-no-la-pague-el-pueblo-bahiense-por-nestor-conte-ex-candidato-a-intendente-del-frente-de-izquierda\/","og_locale":"es_ES","og_type":"article","og_title":"QUE LA CRISIS NO LA PAGUE EL PUEBLO BAHIENSE!! por N\u00e9stor Conte (ex candidato a Intendente del Frente de Izquierda) - CELTTV","og_description":"Sitio web de noticias de la localidad de Tornquist, provincia de Buenos Aires, Rep\u00fablica Argentina. Contenido propio originado por periodistas de CELTTV, el canal de TV local de la Cooperativa El\u00e9ctrica de Tornquist. Turismo, Pol\u00edtica, Sociedad, Deporte, Cultura y todo el contenido de inter\u00e9s general que la gente del pueblo y la regi\u00f3n debe conocer.","og_url":"https:\/\/www.celttv.com.ar\/index.php\/2011\/12\/27\/que-la-crisis-no-la-pague-el-pueblo-bahiense-por-nestor-conte-ex-candidato-a-intendente-del-frente-de-izquierda\/","og_site_name":"CELTTV","article_publisher":"https:\/\/www.facebook.com\/celtTV\/","article_published_time":"2011-12-27T18:57:16+00:00","author":"ulises","twitter_card":"summary_large_image","twitter_misc":{"Escrito por":"ulises","Tiempo de lectura":"1 minuto"},"schema":{"@context":"https:\/\/schema.org","@graph":[{"@type":"NewsArticle","@id":"https:\/\/www.celttv.com.ar\/index.php\/2011\/12\/27\/que-la-crisis-no-la-pague-el-pueblo-bahiense-por-nestor-conte-ex-candidato-a-intendente-del-frente-de-izquierda\/#article","isPartOf":{"@id":"https:\/\/www.celttv.com.ar\/index.php\/2011\/12\/27\/que-la-crisis-no-la-pague-el-pueblo-bahiense-por-nestor-conte-ex-candidato-a-intendente-del-frente-de-izquierda\/"},"author":{"name":"ulises","@id":"https:\/\/www.celttv.com.ar\/#\/schema\/person\/6d99c072dba59953809c81446e9d0ace"},"headline":"QUE LA CRISIS NO LA PAGUE EL PUEBLO BAHIENSE!! por N\u00e9stor Conte (ex candidato a Intendente del Frente de Izquierda)","datePublished":"2011-12-27T18:57:16+00:00","dateModified":"2011-12-27T18:57:16+00:00","mainEntityOfPage":{"@id":"https:\/\/www.celttv.com.ar\/index.php\/2011\/12\/27\/que-la-crisis-no-la-pague-el-pueblo-bahiense-por-nestor-conte-ex-candidato-a-intendente-del-frente-de-izquierda\/"},"wordCount":301,"publisher":{"@id":"https:\/\/www.celttv.com.ar\/#organization"},"articleSection":["Opiniones"],"inLanguage":"es"},{"@type":"WebPage","@id":"https:\/\/www.celttv.com.ar\/index.php\/2011\/12\/27\/que-la-crisis-no-la-pague-el-pueblo-bahiense-por-nestor-conte-ex-candidato-a-intendente-del-frente-de-izquierda\/","url":"https:\/\/www.celttv.com.ar\/index.php\/2011\/12\/27\/que-la-crisis-no-la-pague-el-pueblo-bahiense-por-nestor-conte-ex-candidato-a-intendente-del-frente-de-izquierda\/","name":"QUE LA CRISIS NO LA PAGUE EL PUEBLO BAHIENSE!! por N\u00e9stor Conte (ex candidato a Intendente del Frente de Izquierda) - CELTTV","isPartOf":{"@id":"https:\/\/www.celttv.com.ar\/#website"},"datePublished":"2011-12-27T18:57:16+00:00","dateModified":"2011-12-27T18:57:16+00:00","description":"Sitio web de noticias de la localidad de Tornquist, provincia de Buenos Aires, Rep\u00fablica Argentina. Contenido propio originado por periodistas de CELTTV, el canal de TV local de la Cooperativa El\u00e9ctrica de Tornquist. Turismo, Pol\u00edtica, Sociedad, Deporte, Cultura y todo el contenido de inter\u00e9s general que la gente del pueblo y la regi\u00f3n debe conocer.","breadcrumb":{"@id":"https:\/\/www.celttv.com.ar\/index.php\/2011\/12\/27\/que-la-crisis-no-la-pague-el-pueblo-bahiense-por-nestor-conte-ex-candidato-a-intendente-del-frente-de-izquierda\/#breadcrumb"},"inLanguage":"es","potentialAction":[{"@type":"ReadAction","target":["https:\/\/www.celttv.com.ar\/index.php\/2011\/12\/27\/que-la-crisis-no-la-pague-el-pueblo-bahiense-por-nestor-conte-ex-candidato-a-intendente-del-frente-de-izquierda\/"]}]},{"@type":"BreadcrumbList","@id":"https:\/\/www.celttv.com.ar\/index.php\/2011\/12\/27\/que-la-crisis-no-la-pague-el-pueblo-bahiense-por-nestor-conte-ex-candidato-a-intendente-del-frente-de-izquierda\/#breadcrumb","itemListElement":[{"@type":"ListItem","position":1,"name":"Inicio","item":"https:\/\/www.celttv.com.ar\/"},{"@type":"ListItem","position":2,"name":"QUE LA CRISIS NO LA PAGUE EL PUEBLO BAHIENSE!! por N\u00e9stor Conte (ex candidato a Intendente del Frente de Izquierda)"}]},{"@type":"WebSite","@id":"https:\/\/www.celttv.com.ar\/#website","url":"https:\/\/www.celttv.com.ar\/","name":"CELTTV","description":"Cooperativa El\u00e9ctrica de Tornquist","publisher":{"@id":"https:\/\/www.celttv.com.ar\/#organization"},"potentialAction":[{"@type":"SearchAction","target":{"@type":"EntryPoint","urlTemplate":"https:\/\/www.celttv.com.ar\/?s={search_term_string}"},"query-input":"required name=search_term_string"}],"inLanguage":"es"},{"@type":"Organization","@id":"https:\/\/www.celttv.com.ar\/#organization","name":"CELTTV","url":"https:\/\/www.celttv.com.ar\/","sameAs":["https:\/\/www.youtube.com\/channel\/UCz_oIt8Hig64Ub-EmcNPIhg","https:\/\/www.facebook.com\/celtTV\/"],"logo":{"@type":"ImageObject","inLanguage":"es","@id":"https:\/\/www.celttv.com.ar\/#\/schema\/logo\/image\/","url":"http:\/\/www.celttv.com.ar\/wp-content\/uploads\/2022\/08\/logo-1.png","contentUrl":"http:\/\/www.celttv.com.ar\/wp-content\/uploads\/2022\/08\/logo-1.png","width":461,"height":159,"caption":"CELTTV"},"image":{"@id":"https:\/\/www.celttv.com.ar\/#\/schema\/logo\/image\/"}},{"@type":"Person","@id":"https:\/\/www.celttv.com.ar\/#\/schema\/person\/6d99c072dba59953809c81446e9d0ace","name":"ulises","image":{"@type":"ImageObject","inLanguage":"es","@id":"https:\/\/www.celttv.com.ar\/#\/schema\/person\/image\/","url":"https:\/\/secure.gravatar.com\/avatar\/7f2c48bdc33b30088f941fb6082e555f2874c98e20cb159d7b92b50eadfce793?s=96&d=mm&r=g","contentUrl":"https:\/\/secure.gravatar.com\/avatar\/7f2c48bdc33b30088f941fb6082e555f2874c98e20cb159d7b92b50eadfce793?s=96&d=mm&r=g","caption":"ulises"},"sameAs":["http:\/\/www.celttv.com.ar"]}]}},"_links":{"self":[{"href":"https:\/\/www.celttv.com.ar\/index.php\/wp-json\/wp\/v2\/posts\/4118","targetHints":{"allow":["GET"]}}],"collection":[{"href":"https:\/\/www.celttv.com.ar\/index.php\/wp-json\/wp\/v2\/posts"}],"about":[{"href":"https:\/\/www.celttv.com.ar\/index.php\/wp-json\/wp\/v2\/types\/post"}],"author":[{"embeddable":true,"href":"https:\/\/www.celttv.com.ar\/index.php\/wp-json\/wp\/v2\/users\/1"}],"replies":[{"embeddable":true,"href":"https:\/\/www.celttv.com.ar\/index.php\/wp-json\/wp\/v2\/comments?post=4118"}],"version-history":[{"count":0,"href":"https:\/\/www.celttv.com.ar\/index.php\/wp-json\/wp\/v2\/posts\/4118\/revisions"}],"wp:attachment":[{"href":"https:\/\/www.celttv.com.ar\/index.php\/wp-json\/wp\/v2\/media?parent=4118"}],"wp:term":[{"taxonomy":"category","embeddable":true,"href":"https:\/\/www.celttv.com.ar\/index.php\/wp-json\/wp\/v2\/categories?post=4118"},{"taxonomy":"post_tag","embeddable":true,"href":"https:\/\/www.celttv.com.ar\/index.php\/wp-json\/wp\/v2\/tags?post=4118"}],"curies":[{"name":"wp","href":"https:\/\/api.w.org\/{rel}","templated":true}]}}