{"id":41217,"date":"2019-04-28T23:35:35","date_gmt":"2019-04-28T23:35:35","guid":{"rendered":"http:\/\/www.celttv.com.ar\/?p=41217"},"modified":"2019-04-28T23:35:35","modified_gmt":"2019-04-28T23:35:35","slug":"clasico-verde","status":"publish","type":"post","link":"https:\/\/www.celttv.com.ar\/index.php\/2019\/04\/28\/clasico-verde\/","title":{"rendered":"CLASICO VERDE"},"content":{"rendered":"<p>Uni\u00f3n venci\u00f3 a Automoto como visitante por 2 a 0 y qued\u00f3 a un punto del l\u00edder Blanco y Negro en la Zona A. Ezequiel Schmidt y \u00c1ngelo Grassi marcaron los goles del elenco del \u201cColo\u201d Schumacher. Ram\u00f3n Aller y Tom\u00e1s Terrugi se fueron expulsados en el primer tiempo. Los del \u201cChapi\u201d Araneta pese a la derrota, siguen en la cima de la Zona B.<\/p>\n<p>Un cl\u00e1sico con todos los condimentos. Goles, penales, expulsados y obviamente la fiesta en las tribunas de los equipos de Tornquist.<\/p>\n<p>El primer tiempo se inclin\u00f3 para el lado azulgrana, que pese a jugar un rato con un jugador menos, supo manejar mejor la pelota.<\/p>\n<p>A los 15\u2019 se fue expulsado Aller en el local, por un codazo (se\u00f1a que hizo el \u00e1rbitro al expulsarlo) y diez minutos despu\u00e9s Tom\u00e1s Terrugi vio la roja por una falta donde vio la segunda amarilla (la primera se la mostr\u00f3 Deber luego del tumulto donde se fue expulsado Aller).<\/p>\n<p>Hasta ese momento solo hab\u00eda habido insinuaciones en los arcos. Mill\u00e1n hab\u00eda intentado para el local y Biondo para la visita, ambos muy desviados.<\/p>\n<p>Previo a los \u00faltimos minutos de partido, donde Stefanof comienza a convertirse en figura, Salas hab\u00eda probado de lejos rematando cerca y N\u00fa\u00f1ez tambi\u00e9n intent\u00f3 pero desviado.<\/p>\n<p>A los 42\u2019 el \u00e1rbitro ve mano de Teysseyre en el \u00e1rea y marca penal. Nicol\u00e1s Mill\u00e1n fue el encargado de patearlo, y arroj\u00e1ndose a su izquierda Juan Manuel Stefanof se queda con el disparo.<\/p>\n<p>En el segundo tiempo, Uni\u00f3n golpe\u00f3 r\u00e1pido y quebr\u00f3 el partido. En el inicio Mill\u00e1n se quer\u00eda sacar la espina del penal y remat\u00f3 de zurda cerca y Heiland que ven\u00eda convirtiendo en los partidos previos, probaba tambi\u00e9n con la pierna menos h\u00e1bil encontrando bien parado a F\u00f3gel. Pero segundos despu\u00e9s de esa jugada, un pelotazo a espalda de los centrales de Automoto, <strong>Ezequiel Schmidt<\/strong> corre y antes de que la saque Sandoval o la agarre F\u00f3gel, la alcanza a puntear para ponerla por arriba del arquero y desate el delirio de la parcialidad visitante.<\/p>\n<p>Ah\u00ed nom\u00e1s lo tuvo para empatar Automoto con un cabezazo de Pollio que se fue cerca del horizontal y luego un remate de Mill\u00e1n que contuvo Stefanof.<\/p>\n<p>A los 15\u2019 el arquero visitante volvi\u00f3 a lucirse y terminar de convertirse en figura cuando le tapa muy bien un mano a mano a Reynoso que hab\u00eda quedado solo para definir. Tres minutos despu\u00e9s nuevamente el \u201cgordo\u201d se luce ante un disparo de Salas desde afuera que control\u00f3 el \u201c1\u201d en dos tiempos ante la arremetida de Piedrabuena.<\/p>\n<p>Sobre los 24\u2019 lleg\u00f3 el segundo. Tiro de esquina desde la derecha que se cierra y aparece <strong>\u00c1ngelo Grassi<\/strong> para meter el cabezazo y mandarla al fondo del arco. 2 a 0 y tranquilidad en el verde.<\/p>\n<p>En los quince minutos finales, Automoto fue a los ponchazos, por momentos intentando abrir la cancha y desbordar pero con el resultado en contra fue todo cuesta arriba. Uni\u00f3n se par\u00f3 bien defensivamente y sac\u00f3 casi todo. Y decimos casi porque a los 45\u2019 cabece\u00f3 Gim\u00e9nez cerca del horizontal y dos minutos despu\u00e9s con otra atajada notable, Stefanof le ahog\u00f3 el grito de gol a Roque que hab\u00eda ganado tambi\u00e9n en lo alto.<\/p>\n<p>Despu\u00e9s de los cinco adicionados, Adri\u00e1n Deber de regular arbitraje marco el final. Uni\u00f3n se qued\u00f3 con tres puntos important\u00edsimos de cara a los pr\u00f3ximos compromisos y sobre todo por ser un cl\u00e1sico. Ahora tendr\u00e1 que enfrentar a Uni\u00f3n de Pig\u00fc\u00e9 con quien comparte el segundo puesto. Automoto, aprovecho los resultados en los otros partidos y contin\u00faa siendo l\u00edder. Tendr\u00e1 que visitar nada m\u00e1s y nada menos que a su inmediato perseguidor.<\/p>\n<p><strong>Automoto:<\/strong> Maximiliano F\u00f3gel; Ram\u00f3n Aller, Lucas Gim\u00e9nez, Gast\u00f3n Pollio, Emiliano Sandoval; Ayrton N\u00fa\u00f1ez, Mat\u00edas Salas, Arturo Peralta, Agust\u00edn Reynoso; Marcos Piedrabuena, Nicol\u00e1s Mill\u00e1n. DT: Octavio Araneta.<\/p>\n<p><u>Cambios:<\/u> ST: 20\u2019 Facundo Villar por Reynoso, 25\u2019 Marcos Quiroga por Salas, 39\u2019 Nicol\u00e1s Roque por Mill\u00e1n.<\/p>\n<p><u>Supl:<\/u> Facundo Jim\u00e9nez, Mat\u00edas Sonzini.<\/p>\n<p><strong>Uni\u00f3n:<\/strong> Juan Manuel Stefanof; Federico Franco, Jos\u00e9 Luis Teysseyre, Sebasti\u00e1n Callava, Dylan Kloster; \u00c1ngelo Grassi, Lucas Sotelo, Tom\u00e1s Terrugi, Lucas Biondo; Ezequiel Schmidt, Juan Jos\u00e9 Heiland. DT: Horacio Schumacher.<\/p>\n<p><u>Cambios:<\/u> ST: 15\u2019 Mat\u00edas Fritz por Heiland, Hern\u00e1n Delgado por Kloster, 20\u2019 Juli\u00e1n Sarrat por Sotelo.<\/p>\n<p><u>Supl:<\/u> Lautaro Eckardt, Joaqu\u00edn Romero.<\/p>\n<p><u>Goles:<\/u> ST: 6\u2019 Ezequiel Schmidt (U), 24\u2019 \u00c1ngelo Grassi (U).<\/p>\n<p><u>Expulsados:<\/u> PT: 15\u2019 Ram\u00f3n Aller (A), 24\u2019 Tom\u00e1s Terrugi (U).<\/p>\n<p><u>\u00c1rbitro:<\/u> Adri\u00e1n Deber (5)<\/p>\n<p><u>Cancha:<\/u> Estadio Agust\u00edn Ruppel<\/p>\n<p><u>Reserva:<\/u> Automoto 1 &#8211; Uni\u00f3n 3<\/p>\n<p><a href=\"http:\/\/www.celttv.com.ar\/?attachment_id=41218\" rel=\"attachment wp-att-41218\"><img loading=\"lazy\" decoding=\"async\" class=\"alignleft size-full wp-image-41218\" src=\"http:\/\/www.celttv.com.ar\/wp-content\/uploads\/2019\/04\/DSC_0431.jpg\" alt=\"\" width=\"960\" height=\"640\" srcset=\"https:\/\/www.celttv.com.ar\/wp-content\/uploads\/2019\/04\/DSC_0431.jpg 960w, https:\/\/www.celttv.com.ar\/wp-content\/uploads\/2019\/04\/DSC_0431-300x200.jpg 300w, https:\/\/www.celttv.com.ar\/wp-content\/uploads\/2019\/04\/DSC_0431-768x512.jpg 768w, https:\/\/www.celttv.com.ar\/wp-content\/uploads\/2019\/04\/DSC_0431-750x500.jpg 750w\" sizes=\"auto, (max-width: 960px) 100vw, 960px\" \/><\/a> <a href=\"http:\/\/www.celttv.com.ar\/?attachment_id=41219\" rel=\"attachment wp-att-41219\"><img loading=\"lazy\" decoding=\"async\" class=\"alignleft size-medium wp-image-41219\" src=\"http:\/\/www.celttv.com.ar\/wp-content\/uploads\/2019\/04\/DSC_0467.jpg\" alt=\"\" width=\"780\" height=\"520\" srcset=\"https:\/\/www.celttv.com.ar\/wp-content\/uploads\/2019\/04\/DSC_0467.jpg 960w, https:\/\/www.celttv.com.ar\/wp-content\/uploads\/2019\/04\/DSC_0467-300x200.jpg 300w, https:\/\/www.celttv.com.ar\/wp-content\/uploads\/2019\/04\/DSC_0467-768x512.jpg 768w, https:\/\/www.celttv.com.ar\/wp-content\/uploads\/2019\/04\/DSC_0467-750x500.jpg 750w\" sizes=\"auto, (max-width: 780px) 100vw, 780px\" \/><\/a> <a href=\"http:\/\/www.celttv.com.ar\/?attachment_id=41220\" rel=\"attachment wp-att-41220\"><img loading=\"lazy\" decoding=\"async\" class=\"alignleft size-medium wp-image-41220\" src=\"http:\/\/www.celttv.com.ar\/wp-content\/uploads\/2019\/04\/DSC_0501.jpg\" alt=\"\" width=\"780\" height=\"520\" srcset=\"https:\/\/www.celttv.com.ar\/wp-content\/uploads\/2019\/04\/DSC_0501.jpg 960w, https:\/\/www.celttv.com.ar\/wp-content\/uploads\/2019\/04\/DSC_0501-300x200.jpg 300w, https:\/\/www.celttv.com.ar\/wp-content\/uploads\/2019\/04\/DSC_0501-768x512.jpg 768w, https:\/\/www.celttv.com.ar\/wp-content\/uploads\/2019\/04\/DSC_0501-750x500.jpg 750w\" sizes=\"auto, (max-width: 780px) 100vw, 780px\" \/><\/a><\/p>\n","protected":false},"excerpt":{"rendered":"<p>Uni\u00f3n venci\u00f3 a Automoto como visitante por 2 a 0 y qued\u00f3 a un punto del l\u00edder Blanco y Negro en la Zona A. Ezequiel Schmidt y \u00c1ngelo Grassi marcaron los goles del elenco del \u201cColo\u201d Schumacher. Ram\u00f3n Aller y Tom\u00e1s Terrugi se fueron expulsados en el primer tiempo. Los del \u201cChapi\u201d Araneta pese a [&hellip;]<\/p>\n","protected":false},"author":1,"featured_media":41220,"comment_status":"closed","ping_status":"open","sticky":false,"template":"","format":"standard","meta":{"footnotes":""},"categories":[60,52,76],"tags":[],"class_list":["post-41217","post","type-post","status-publish","format-standard","has-post-thumbnail","hentry","category-deporte","category-destacadas","category-solo-futbol"],"yoast_head":"<!-- This site is optimized with the Yoast SEO plugin v19.7.1 - https:\/\/yoast.com\/wordpress\/plugins\/seo\/ -->\n<title>CLASICO VERDE - CELTTV<\/title>\n<meta name=\"description\" content=\"Sitio web de noticias de la localidad de Tornquist, provincia de Buenos Aires, Rep\u00fablica Argentina. Contenido propio originado por periodistas de CELTTV, el canal de TV local de la Cooperativa El\u00e9ctrica de Tornquist. Turismo, Pol\u00edtica, Sociedad, Deporte, Cultura y todo el contenido de inter\u00e9s general que la gente del pueblo y la regi\u00f3n debe conocer.\" \/>\n<meta name=\"robots\" content=\"index, follow, max-snippet:-1, max-image-preview:large, max-video-preview:-1\" \/>\n<link rel=\"canonical\" href=\"https:\/\/www.celttv.com.ar\/index.php\/2019\/04\/28\/clasico-verde\/\" \/>\n<meta property=\"og:locale\" content=\"es_ES\" \/>\n<meta property=\"og:type\" content=\"article\" \/>\n<meta property=\"og:title\" content=\"CLASICO VERDE - CELTTV\" \/>\n<meta property=\"og:description\" content=\"Sitio web de noticias de la localidad de Tornquist, provincia de Buenos Aires, Rep\u00fablica Argentina. Contenido propio originado por periodistas de CELTTV, el canal de TV local de la Cooperativa El\u00e9ctrica de Tornquist. Turismo, Pol\u00edtica, Sociedad, Deporte, Cultura y todo el contenido de inter\u00e9s general que la gente del pueblo y la regi\u00f3n debe conocer.\" \/>\n<meta property=\"og:url\" content=\"https:\/\/www.celttv.com.ar\/index.php\/2019\/04\/28\/clasico-verde\/\" \/>\n<meta property=\"og:site_name\" content=\"CELTTV\" \/>\n<meta property=\"article:publisher\" content=\"https:\/\/www.facebook.com\/celtTV\/\" \/>\n<meta property=\"article:published_time\" content=\"2019-04-28T23:35:35+00:00\" \/>\n<meta property=\"og:image\" content=\"https:\/\/www.celttv.com.ar\/wp-content\/uploads\/2019\/04\/DSC_0501.jpg\" \/>\n\t<meta property=\"og:image:width\" content=\"960\" \/>\n\t<meta property=\"og:image:height\" content=\"640\" \/>\n\t<meta property=\"og:image:type\" content=\"image\/jpeg\" \/>\n<meta name=\"author\" content=\"ulises\" \/>\n<meta name=\"twitter:card\" content=\"summary_large_image\" \/>\n<meta name=\"twitter:label1\" content=\"Escrito por\" \/>\n\t<meta name=\"twitter:data1\" content=\"ulises\" \/>\n\t<meta name=\"twitter:label2\" content=\"Tiempo de lectura\" \/>\n\t<meta name=\"twitter:data2\" content=\"4 minutos\" \/>\n<script type=\"application\/ld+json\" class=\"yoast-schema-graph\">{\"@context\":\"https:\/\/schema.org\",\"@graph\":[{\"@type\":\"NewsArticle\",\"@id\":\"https:\/\/www.celttv.com.ar\/index.php\/2019\/04\/28\/clasico-verde\/#article\",\"isPartOf\":{\"@id\":\"https:\/\/www.celttv.com.ar\/index.php\/2019\/04\/28\/clasico-verde\/\"},\"author\":{\"name\":\"ulises\",\"@id\":\"https:\/\/www.celttv.com.ar\/#\/schema\/person\/6d99c072dba59953809c81446e9d0ace\"},\"headline\":\"CLASICO VERDE\",\"datePublished\":\"2019-04-28T23:35:35+00:00\",\"dateModified\":\"2019-04-28T23:35:35+00:00\",\"mainEntityOfPage\":{\"@id\":\"https:\/\/www.celttv.com.ar\/index.php\/2019\/04\/28\/clasico-verde\/\"},\"wordCount\":793,\"publisher\":{\"@id\":\"https:\/\/www.celttv.com.ar\/#organization\"},\"articleSection\":[\"Deporte\",\"Destacadas\",\"Solo Futbol\"],\"inLanguage\":\"es\"},{\"@type\":\"WebPage\",\"@id\":\"https:\/\/www.celttv.com.ar\/index.php\/2019\/04\/28\/clasico-verde\/\",\"url\":\"https:\/\/www.celttv.com.ar\/index.php\/2019\/04\/28\/clasico-verde\/\",\"name\":\"CLASICO VERDE - CELTTV\",\"isPartOf\":{\"@id\":\"https:\/\/www.celttv.com.ar\/#website\"},\"datePublished\":\"2019-04-28T23:35:35+00:00\",\"dateModified\":\"2019-04-28T23:35:35+00:00\",\"description\":\"Sitio web de noticias de la localidad de Tornquist, provincia de Buenos Aires, Rep\u00fablica Argentina. Contenido propio originado por periodistas de CELTTV, el canal de TV local de la Cooperativa El\u00e9ctrica de Tornquist. Turismo, Pol\u00edtica, Sociedad, Deporte, Cultura y todo el contenido de inter\u00e9s general que la gente del pueblo y la regi\u00f3n debe conocer.\",\"breadcrumb\":{\"@id\":\"https:\/\/www.celttv.com.ar\/index.php\/2019\/04\/28\/clasico-verde\/#breadcrumb\"},\"inLanguage\":\"es\",\"potentialAction\":[{\"@type\":\"ReadAction\",\"target\":[\"https:\/\/www.celttv.com.ar\/index.php\/2019\/04\/28\/clasico-verde\/\"]}]},{\"@type\":\"BreadcrumbList\",\"@id\":\"https:\/\/www.celttv.com.ar\/index.php\/2019\/04\/28\/clasico-verde\/#breadcrumb\",\"itemListElement\":[{\"@type\":\"ListItem\",\"position\":1,\"name\":\"Inicio\",\"item\":\"https:\/\/www.celttv.com.ar\/\"},{\"@type\":\"ListItem\",\"position\":2,\"name\":\"CLASICO VERDE\"}]},{\"@type\":\"WebSite\",\"@id\":\"https:\/\/www.celttv.com.ar\/#website\",\"url\":\"https:\/\/www.celttv.com.ar\/\",\"name\":\"CELTTV\",\"description\":\"Cooperativa El\u00e9ctrica de Tornquist\",\"publisher\":{\"@id\":\"https:\/\/www.celttv.com.ar\/#organization\"},\"potentialAction\":[{\"@type\":\"SearchAction\",\"target\":{\"@type\":\"EntryPoint\",\"urlTemplate\":\"https:\/\/www.celttv.com.ar\/?s={search_term_string}\"},\"query-input\":\"required name=search_term_string\"}],\"inLanguage\":\"es\"},{\"@type\":\"Organization\",\"@id\":\"https:\/\/www.celttv.com.ar\/#organization\",\"name\":\"CELTTV\",\"url\":\"https:\/\/www.celttv.com.ar\/\",\"sameAs\":[\"https:\/\/www.youtube.com\/channel\/UCz_oIt8Hig64Ub-EmcNPIhg\",\"https:\/\/www.facebook.com\/celtTV\/\"],\"logo\":{\"@type\":\"ImageObject\",\"inLanguage\":\"es\",\"@id\":\"https:\/\/www.celttv.com.ar\/#\/schema\/logo\/image\/\",\"url\":\"http:\/\/www.celttv.com.ar\/wp-content\/uploads\/2022\/08\/logo-1.png\",\"contentUrl\":\"http:\/\/www.celttv.com.ar\/wp-content\/uploads\/2022\/08\/logo-1.png\",\"width\":461,\"height\":159,\"caption\":\"CELTTV\"},\"image\":{\"@id\":\"https:\/\/www.celttv.com.ar\/#\/schema\/logo\/image\/\"}},{\"@type\":\"Person\",\"@id\":\"https:\/\/www.celttv.com.ar\/#\/schema\/person\/6d99c072dba59953809c81446e9d0ace\",\"name\":\"ulises\",\"image\":{\"@type\":\"ImageObject\",\"inLanguage\":\"es\",\"@id\":\"https:\/\/www.celttv.com.ar\/#\/schema\/person\/image\/\",\"url\":\"https:\/\/secure.gravatar.com\/avatar\/7f2c48bdc33b30088f941fb6082e555f2874c98e20cb159d7b92b50eadfce793?s=96&d=mm&r=g\",\"contentUrl\":\"https:\/\/secure.gravatar.com\/avatar\/7f2c48bdc33b30088f941fb6082e555f2874c98e20cb159d7b92b50eadfce793?s=96&d=mm&r=g\",\"caption\":\"ulises\"},\"sameAs\":[\"http:\/\/www.celttv.com.ar\"]}]}<\/script>\n<!-- \/ Yoast SEO plugin. -->","yoast_head_json":{"title":"CLASICO VERDE - CELTTV","description":"Sitio web de noticias de la localidad de Tornquist, provincia de Buenos Aires, Rep\u00fablica Argentina. Contenido propio originado por periodistas de CELTTV, el canal de TV local de la Cooperativa El\u00e9ctrica de Tornquist. Turismo, Pol\u00edtica, Sociedad, Deporte, Cultura y todo el contenido de inter\u00e9s general que la gente del pueblo y la regi\u00f3n debe conocer.","robots":{"index":"index","follow":"follow","max-snippet":"max-snippet:-1","max-image-preview":"max-image-preview:large","max-video-preview":"max-video-preview:-1"},"canonical":"https:\/\/www.celttv.com.ar\/index.php\/2019\/04\/28\/clasico-verde\/","og_locale":"es_ES","og_type":"article","og_title":"CLASICO VERDE - CELTTV","og_description":"Sitio web de noticias de la localidad de Tornquist, provincia de Buenos Aires, Rep\u00fablica Argentina. Contenido propio originado por periodistas de CELTTV, el canal de TV local de la Cooperativa El\u00e9ctrica de Tornquist. Turismo, Pol\u00edtica, Sociedad, Deporte, Cultura y todo el contenido de inter\u00e9s general que la gente del pueblo y la regi\u00f3n debe conocer.","og_url":"https:\/\/www.celttv.com.ar\/index.php\/2019\/04\/28\/clasico-verde\/","og_site_name":"CELTTV","article_publisher":"https:\/\/www.facebook.com\/celtTV\/","article_published_time":"2019-04-28T23:35:35+00:00","og_image":[{"width":960,"height":640,"url":"https:\/\/www.celttv.com.ar\/wp-content\/uploads\/2019\/04\/DSC_0501.jpg","type":"image\/jpeg"}],"author":"ulises","twitter_card":"summary_large_image","twitter_misc":{"Escrito por":"ulises","Tiempo de lectura":"4 minutos"},"schema":{"@context":"https:\/\/schema.org","@graph":[{"@type":"NewsArticle","@id":"https:\/\/www.celttv.com.ar\/index.php\/2019\/04\/28\/clasico-verde\/#article","isPartOf":{"@id":"https:\/\/www.celttv.com.ar\/index.php\/2019\/04\/28\/clasico-verde\/"},"author":{"name":"ulises","@id":"https:\/\/www.celttv.com.ar\/#\/schema\/person\/6d99c072dba59953809c81446e9d0ace"},"headline":"CLASICO VERDE","datePublished":"2019-04-28T23:35:35+00:00","dateModified":"2019-04-28T23:35:35+00:00","mainEntityOfPage":{"@id":"https:\/\/www.celttv.com.ar\/index.php\/2019\/04\/28\/clasico-verde\/"},"wordCount":793,"publisher":{"@id":"https:\/\/www.celttv.com.ar\/#organization"},"articleSection":["Deporte","Destacadas","Solo Futbol"],"inLanguage":"es"},{"@type":"WebPage","@id":"https:\/\/www.celttv.com.ar\/index.php\/2019\/04\/28\/clasico-verde\/","url":"https:\/\/www.celttv.com.ar\/index.php\/2019\/04\/28\/clasico-verde\/","name":"CLASICO VERDE - CELTTV","isPartOf":{"@id":"https:\/\/www.celttv.com.ar\/#website"},"datePublished":"2019-04-28T23:35:35+00:00","dateModified":"2019-04-28T23:35:35+00:00","description":"Sitio web de noticias de la localidad de Tornquist, provincia de Buenos Aires, Rep\u00fablica Argentina. Contenido propio originado por periodistas de CELTTV, el canal de TV local de la Cooperativa El\u00e9ctrica de Tornquist. Turismo, Pol\u00edtica, Sociedad, Deporte, Cultura y todo el contenido de inter\u00e9s general que la gente del pueblo y la regi\u00f3n debe conocer.","breadcrumb":{"@id":"https:\/\/www.celttv.com.ar\/index.php\/2019\/04\/28\/clasico-verde\/#breadcrumb"},"inLanguage":"es","potentialAction":[{"@type":"ReadAction","target":["https:\/\/www.celttv.com.ar\/index.php\/2019\/04\/28\/clasico-verde\/"]}]},{"@type":"BreadcrumbList","@id":"https:\/\/www.celttv.com.ar\/index.php\/2019\/04\/28\/clasico-verde\/#breadcrumb","itemListElement":[{"@type":"ListItem","position":1,"name":"Inicio","item":"https:\/\/www.celttv.com.ar\/"},{"@type":"ListItem","position":2,"name":"CLASICO VERDE"}]},{"@type":"WebSite","@id":"https:\/\/www.celttv.com.ar\/#website","url":"https:\/\/www.celttv.com.ar\/","name":"CELTTV","description":"Cooperativa El\u00e9ctrica de Tornquist","publisher":{"@id":"https:\/\/www.celttv.com.ar\/#organization"},"potentialAction":[{"@type":"SearchAction","target":{"@type":"EntryPoint","urlTemplate":"https:\/\/www.celttv.com.ar\/?s={search_term_string}"},"query-input":"required name=search_term_string"}],"inLanguage":"es"},{"@type":"Organization","@id":"https:\/\/www.celttv.com.ar\/#organization","name":"CELTTV","url":"https:\/\/www.celttv.com.ar\/","sameAs":["https:\/\/www.youtube.com\/channel\/UCz_oIt8Hig64Ub-EmcNPIhg","https:\/\/www.facebook.com\/celtTV\/"],"logo":{"@type":"ImageObject","inLanguage":"es","@id":"https:\/\/www.celttv.com.ar\/#\/schema\/logo\/image\/","url":"http:\/\/www.celttv.com.ar\/wp-content\/uploads\/2022\/08\/logo-1.png","contentUrl":"http:\/\/www.celttv.com.ar\/wp-content\/uploads\/2022\/08\/logo-1.png","width":461,"height":159,"caption":"CELTTV"},"image":{"@id":"https:\/\/www.celttv.com.ar\/#\/schema\/logo\/image\/"}},{"@type":"Person","@id":"https:\/\/www.celttv.com.ar\/#\/schema\/person\/6d99c072dba59953809c81446e9d0ace","name":"ulises","image":{"@type":"ImageObject","inLanguage":"es","@id":"https:\/\/www.celttv.com.ar\/#\/schema\/person\/image\/","url":"https:\/\/secure.gravatar.com\/avatar\/7f2c48bdc33b30088f941fb6082e555f2874c98e20cb159d7b92b50eadfce793?s=96&d=mm&r=g","contentUrl":"https:\/\/secure.gravatar.com\/avatar\/7f2c48bdc33b30088f941fb6082e555f2874c98e20cb159d7b92b50eadfce793?s=96&d=mm&r=g","caption":"ulises"},"sameAs":["http:\/\/www.celttv.com.ar"]}]}},"_links":{"self":[{"href":"https:\/\/www.celttv.com.ar\/index.php\/wp-json\/wp\/v2\/posts\/41217","targetHints":{"allow":["GET"]}}],"collection":[{"href":"https:\/\/www.celttv.com.ar\/index.php\/wp-json\/wp\/v2\/posts"}],"about":[{"href":"https:\/\/www.celttv.com.ar\/index.php\/wp-json\/wp\/v2\/types\/post"}],"author":[{"embeddable":true,"href":"https:\/\/www.celttv.com.ar\/index.php\/wp-json\/wp\/v2\/users\/1"}],"replies":[{"embeddable":true,"href":"https:\/\/www.celttv.com.ar\/index.php\/wp-json\/wp\/v2\/comments?post=41217"}],"version-history":[{"count":0,"href":"https:\/\/www.celttv.com.ar\/index.php\/wp-json\/wp\/v2\/posts\/41217\/revisions"}],"wp:featuredmedia":[{"embeddable":true,"href":"https:\/\/www.celttv.com.ar\/index.php\/wp-json\/wp\/v2\/media\/41220"}],"wp:attachment":[{"href":"https:\/\/www.celttv.com.ar\/index.php\/wp-json\/wp\/v2\/media?parent=41217"}],"wp:term":[{"taxonomy":"category","embeddable":true,"href":"https:\/\/www.celttv.com.ar\/index.php\/wp-json\/wp\/v2\/categories?post=41217"},{"taxonomy":"post_tag","embeddable":true,"href":"https:\/\/www.celttv.com.ar\/index.php\/wp-json\/wp\/v2\/tags?post=41217"}],"curies":[{"name":"wp","href":"https:\/\/api.w.org\/{rel}","templated":true}]}}