{"id":41246,"date":"2019-05-01T14:08:00","date_gmt":"2019-05-01T14:08:00","guid":{"rendered":"http:\/\/www.celttv.com.ar\/?p=41246"},"modified":"2019-05-01T14:08:00","modified_gmt":"2019-05-01T14:08:00","slug":"liga-regional-de-futbol-el-tribunal-de-penas-aplico-36-suspensiones","status":"publish","type":"post","link":"https:\/\/www.celttv.com.ar\/index.php\/2019\/05\/01\/liga-regional-de-futbol-el-tribunal-de-penas-aplico-36-suspensiones\/","title":{"rendered":"Liga Regional de F\u00fatbol: El Tribunal de Penas aplic\u00f3 36 suspensiones"},"content":{"rendered":"<p>Mucho trabajo tuvo en la reuni\u00f3n de este martes el Tribunal de Penas de la Liga Regional de F\u00fatbol de Coronel Su\u00e1rez. Al t\u00e9rmino de las deliberaciones en el recinto de Las Heras 1.062, el cuerpo que preside Osvaldo Delgado dio a conocer 36 suspensiones en la suma de todas las categor\u00edas.<\/p>\n<p>En Primera divisi\u00f3n le aplic\u00f3 3 partidos a Axel Orona (Empleados de Comercio), 2 cotejos a Carlos Navarro (Racing Club) y Paulo Aguirre (Tiro Federal de Villa Belgrano) y\u00a0<strong>1 a Ram\u00f3n Aller (Automoto)<\/strong>,\u00a0<strong>Tom\u00e1s Terrugi (Uni\u00f3n de Tornquist)<\/strong>, Leonardo Belo (Independiente), William Taryano (El Progreso), Kevin Aguirre (Boca Juniors), Sebasti\u00e1n Tesei (Atl\u00e9tico Huanguel\u00e9n) y Braian Olmedo (Tiro Federal de Villa Belgrano).<\/p>\n<p>Por arribar al l\u00edmite de 5 tarjetas amarillas no podr\u00e1n estar en el pr\u00f3ximo compromiso de sus respectivos clubes los jugadores Joaqu\u00edn Guti\u00e9rrez (Pe\u00f1arol de Guamin\u00ed), Lautaro Zapata (Racing Club), Bruno Koller (Puan F. Club) y Santiago Fern\u00e1ndez (Deportivo Sarmiento).<\/p>\n<p>Con inhabilitaci\u00f3n provisoria quedaron Mart\u00edn Schmidt y Emiliano Santos (ambos de San Mart\u00edn de Carhu\u00e9), Alex Saraiva (Puan F. Club), Luis Andino (kinesi\u00f3logo de Puan F. Club), Juan Manuel Ibarra (Puan F. Club) y Julio Vadillo (director t\u00e9cnico de Pe\u00f1arol de Guamin\u00ed), estos dos \u00faltimos por haber sido informados.<\/p>\n<p>Tambi\u00e9n merecieron suspensi\u00f3n provisoria Jonathan Puga y Lautaro Zapata\u00a0\u00a0(los dos de Racing Club), en este caso luego de que se recibiese un informe del comisario de la Estaci\u00f3n de Polic\u00eda Carhu\u00e9, Eric Lobato, en el que comunic\u00f3 que se les inici\u00f3 actuaciones contravencionales por la Ley del Deporte (11929) por incitar a la pelea y producir disturbios hacia simpatizantes del club rival. Se les solicit\u00f3 descargo de los hechos a ambos futbolistas.<\/p>\n<p><strong>Reserva e inferiores<\/strong><\/p>\n<p>En Reserva el cuerpo disciplinario sancion\u00f3 por 2 encuentros a Axel Gallinger (Deportivo Argentino) y por 1 a Facundo Burgos (Empleados de Comercio), Lois De la Canal (Pe\u00f1arol de Guamin\u00ed), Nahuel Clark (Deportivo Sarmiento) y Valent\u00edn Alazard (Tiro Federal de Puan).<\/p>\n<p><strong>En forma provisoria<\/strong>\u00a0resultaron suspendidos\u00a0<strong>Mat\u00edas Cornelio (Automoto)<\/strong>\u00a0y Maximiliano Pacheco (Tiro Federal de Puan).<\/p>\n<p>En divisiones inferiores el Tribunal le aplic\u00f3 5 partidos a Joaqu\u00edn Arzer (5\u00aa de Independiente), 3 fechas a Lucas Zapata (5\u00aa de Empleados de Comercio), Mateo Orsi (5\u00aa de Club Sarmiento) y Alan G\u00f3mez (5\u00aa de Pe\u00f1arol de Pig\u00fc\u00e9).<\/p>\n<p>Adem\u00e1s 2 cotejos a Ignacio Cledou (5\u00aa de Club Sarmiento) y 1 partido a David Barreneche (5\u00aa de Blanco y Negro), Aldo Toledo (6\u00aa de Atl\u00e9tico Huanguel\u00e9n) y David Bisgarra (7\u00aa de Racing Club).<\/p>\n<p><strong>Claudio Meier<\/strong><\/p>\n","protected":false},"excerpt":{"rendered":"<p>Mucho trabajo tuvo en la reuni\u00f3n de este martes el Tribunal de Penas de la Liga Regional de F\u00fatbol de Coronel Su\u00e1rez. Al t\u00e9rmino de las deliberaciones en el recinto de Las Heras 1.062, el cuerpo que preside Osvaldo Delgado dio a conocer 36 suspensiones en la suma de todas las categor\u00edas. En Primera divisi\u00f3n [&hellip;]<\/p>\n","protected":false},"author":1,"featured_media":41247,"comment_status":"closed","ping_status":"open","sticky":false,"template":"","format":"standard","meta":{"footnotes":""},"categories":[55,60,52,63],"tags":[],"class_list":["post-41246","post","type-post","status-publish","format-standard","has-post-thumbnail","hentry","category-celt-tv-noticias","category-deporte","category-destacadas","category-magazine-sport"],"yoast_head":"<!-- This site is optimized with the Yoast SEO plugin v19.7.1 - https:\/\/yoast.com\/wordpress\/plugins\/seo\/ -->\n<title>Liga Regional de F\u00fatbol: El Tribunal de Penas aplic\u00f3 36 suspensiones - CELTTV<\/title>\n<meta name=\"description\" content=\"Sitio web de noticias de la localidad de Tornquist, provincia de Buenos Aires, Rep\u00fablica Argentina. Contenido propio originado por periodistas de CELTTV, el canal de TV local de la Cooperativa El\u00e9ctrica de Tornquist. Turismo, Pol\u00edtica, Sociedad, Deporte, Cultura y todo el contenido de inter\u00e9s general que la gente del pueblo y la regi\u00f3n debe conocer.\" \/>\n<meta name=\"robots\" content=\"index, follow, max-snippet:-1, max-image-preview:large, max-video-preview:-1\" \/>\n<link rel=\"canonical\" href=\"https:\/\/www.celttv.com.ar\/index.php\/2019\/05\/01\/liga-regional-de-futbol-el-tribunal-de-penas-aplico-36-suspensiones\/\" \/>\n<meta property=\"og:locale\" content=\"es_ES\" \/>\n<meta property=\"og:type\" content=\"article\" \/>\n<meta property=\"og:title\" content=\"Liga Regional de F\u00fatbol: El Tribunal de Penas aplic\u00f3 36 suspensiones - CELTTV\" \/>\n<meta property=\"og:description\" content=\"Sitio web de noticias de la localidad de Tornquist, provincia de Buenos Aires, Rep\u00fablica Argentina. Contenido propio originado por periodistas de CELTTV, el canal de TV local de la Cooperativa El\u00e9ctrica de Tornquist. Turismo, Pol\u00edtica, Sociedad, Deporte, Cultura y todo el contenido de inter\u00e9s general que la gente del pueblo y la regi\u00f3n debe conocer.\" \/>\n<meta property=\"og:url\" content=\"https:\/\/www.celttv.com.ar\/index.php\/2019\/05\/01\/liga-regional-de-futbol-el-tribunal-de-penas-aplico-36-suspensiones\/\" \/>\n<meta property=\"og:site_name\" content=\"CELTTV\" \/>\n<meta property=\"article:publisher\" content=\"https:\/\/www.facebook.com\/celtTV\/\" \/>\n<meta property=\"article:published_time\" content=\"2019-05-01T14:08:00+00:00\" \/>\n<meta property=\"og:image\" content=\"https:\/\/www.celttv.com.ar\/wp-content\/uploads\/2019\/05\/PUAN_TIRO_HUANGUELEN-scaled.jpg\" \/>\n\t<meta property=\"og:image:width\" content=\"2560\" \/>\n\t<meta property=\"og:image:height\" content=\"1920\" \/>\n\t<meta property=\"og:image:type\" content=\"image\/jpeg\" \/>\n<meta name=\"author\" content=\"ulises\" \/>\n<meta name=\"twitter:card\" content=\"summary_large_image\" \/>\n<meta name=\"twitter:label1\" content=\"Escrito por\" \/>\n\t<meta name=\"twitter:data1\" content=\"ulises\" \/>\n\t<meta name=\"twitter:label2\" content=\"Tiempo de lectura\" \/>\n\t<meta name=\"twitter:data2\" content=\"2 minutos\" \/>\n<script type=\"application\/ld+json\" class=\"yoast-schema-graph\">{\"@context\":\"https:\/\/schema.org\",\"@graph\":[{\"@type\":\"NewsArticle\",\"@id\":\"https:\/\/www.celttv.com.ar\/index.php\/2019\/05\/01\/liga-regional-de-futbol-el-tribunal-de-penas-aplico-36-suspensiones\/#article\",\"isPartOf\":{\"@id\":\"https:\/\/www.celttv.com.ar\/index.php\/2019\/05\/01\/liga-regional-de-futbol-el-tribunal-de-penas-aplico-36-suspensiones\/\"},\"author\":{\"name\":\"ulises\",\"@id\":\"https:\/\/www.celttv.com.ar\/#\/schema\/person\/6d99c072dba59953809c81446e9d0ace\"},\"headline\":\"Liga Regional de F\u00fatbol: El Tribunal de Penas aplic\u00f3 36 suspensiones\",\"datePublished\":\"2019-05-01T14:08:00+00:00\",\"dateModified\":\"2019-05-01T14:08:00+00:00\",\"mainEntityOfPage\":{\"@id\":\"https:\/\/www.celttv.com.ar\/index.php\/2019\/05\/01\/liga-regional-de-futbol-el-tribunal-de-penas-aplico-36-suspensiones\/\"},\"wordCount\":438,\"publisher\":{\"@id\":\"https:\/\/www.celttv.com.ar\/#organization\"},\"articleSection\":[\"Celt TV Noticias\",\"Deporte\",\"Destacadas\",\"Magazine Sport\"],\"inLanguage\":\"es\"},{\"@type\":\"WebPage\",\"@id\":\"https:\/\/www.celttv.com.ar\/index.php\/2019\/05\/01\/liga-regional-de-futbol-el-tribunal-de-penas-aplico-36-suspensiones\/\",\"url\":\"https:\/\/www.celttv.com.ar\/index.php\/2019\/05\/01\/liga-regional-de-futbol-el-tribunal-de-penas-aplico-36-suspensiones\/\",\"name\":\"Liga Regional de F\u00fatbol: El Tribunal de Penas aplic\u00f3 36 suspensiones - CELTTV\",\"isPartOf\":{\"@id\":\"https:\/\/www.celttv.com.ar\/#website\"},\"datePublished\":\"2019-05-01T14:08:00+00:00\",\"dateModified\":\"2019-05-01T14:08:00+00:00\",\"description\":\"Sitio web de noticias de la localidad de Tornquist, provincia de Buenos Aires, Rep\u00fablica Argentina. Contenido propio originado por periodistas de CELTTV, el canal de TV local de la Cooperativa El\u00e9ctrica de Tornquist. Turismo, Pol\u00edtica, Sociedad, Deporte, Cultura y todo el contenido de inter\u00e9s general que la gente del pueblo y la regi\u00f3n debe conocer.\",\"breadcrumb\":{\"@id\":\"https:\/\/www.celttv.com.ar\/index.php\/2019\/05\/01\/liga-regional-de-futbol-el-tribunal-de-penas-aplico-36-suspensiones\/#breadcrumb\"},\"inLanguage\":\"es\",\"potentialAction\":[{\"@type\":\"ReadAction\",\"target\":[\"https:\/\/www.celttv.com.ar\/index.php\/2019\/05\/01\/liga-regional-de-futbol-el-tribunal-de-penas-aplico-36-suspensiones\/\"]}]},{\"@type\":\"BreadcrumbList\",\"@id\":\"https:\/\/www.celttv.com.ar\/index.php\/2019\/05\/01\/liga-regional-de-futbol-el-tribunal-de-penas-aplico-36-suspensiones\/#breadcrumb\",\"itemListElement\":[{\"@type\":\"ListItem\",\"position\":1,\"name\":\"Inicio\",\"item\":\"https:\/\/www.celttv.com.ar\/\"},{\"@type\":\"ListItem\",\"position\":2,\"name\":\"Liga Regional de F\u00fatbol: El Tribunal de Penas aplic\u00f3 36 suspensiones\"}]},{\"@type\":\"WebSite\",\"@id\":\"https:\/\/www.celttv.com.ar\/#website\",\"url\":\"https:\/\/www.celttv.com.ar\/\",\"name\":\"CELTTV\",\"description\":\"Cooperativa El\u00e9ctrica de Tornquist\",\"publisher\":{\"@id\":\"https:\/\/www.celttv.com.ar\/#organization\"},\"potentialAction\":[{\"@type\":\"SearchAction\",\"target\":{\"@type\":\"EntryPoint\",\"urlTemplate\":\"https:\/\/www.celttv.com.ar\/?s={search_term_string}\"},\"query-input\":\"required name=search_term_string\"}],\"inLanguage\":\"es\"},{\"@type\":\"Organization\",\"@id\":\"https:\/\/www.celttv.com.ar\/#organization\",\"name\":\"CELTTV\",\"url\":\"https:\/\/www.celttv.com.ar\/\",\"sameAs\":[\"https:\/\/www.youtube.com\/channel\/UCz_oIt8Hig64Ub-EmcNPIhg\",\"https:\/\/www.facebook.com\/celtTV\/\"],\"logo\":{\"@type\":\"ImageObject\",\"inLanguage\":\"es\",\"@id\":\"https:\/\/www.celttv.com.ar\/#\/schema\/logo\/image\/\",\"url\":\"http:\/\/www.celttv.com.ar\/wp-content\/uploads\/2022\/08\/logo-1.png\",\"contentUrl\":\"http:\/\/www.celttv.com.ar\/wp-content\/uploads\/2022\/08\/logo-1.png\",\"width\":461,\"height\":159,\"caption\":\"CELTTV\"},\"image\":{\"@id\":\"https:\/\/www.celttv.com.ar\/#\/schema\/logo\/image\/\"}},{\"@type\":\"Person\",\"@id\":\"https:\/\/www.celttv.com.ar\/#\/schema\/person\/6d99c072dba59953809c81446e9d0ace\",\"name\":\"ulises\",\"image\":{\"@type\":\"ImageObject\",\"inLanguage\":\"es\",\"@id\":\"https:\/\/www.celttv.com.ar\/#\/schema\/person\/image\/\",\"url\":\"https:\/\/secure.gravatar.com\/avatar\/7f2c48bdc33b30088f941fb6082e555f2874c98e20cb159d7b92b50eadfce793?s=96&d=mm&r=g\",\"contentUrl\":\"https:\/\/secure.gravatar.com\/avatar\/7f2c48bdc33b30088f941fb6082e555f2874c98e20cb159d7b92b50eadfce793?s=96&d=mm&r=g\",\"caption\":\"ulises\"},\"sameAs\":[\"http:\/\/www.celttv.com.ar\"]}]}<\/script>\n<!-- \/ Yoast SEO plugin. -->","yoast_head_json":{"title":"Liga Regional de F\u00fatbol: El Tribunal de Penas aplic\u00f3 36 suspensiones - CELTTV","description":"Sitio web de noticias de la localidad de Tornquist, provincia de Buenos Aires, Rep\u00fablica Argentina. Contenido propio originado por periodistas de CELTTV, el canal de TV local de la Cooperativa El\u00e9ctrica de Tornquist. Turismo, Pol\u00edtica, Sociedad, Deporte, Cultura y todo el contenido de inter\u00e9s general que la gente del pueblo y la regi\u00f3n debe conocer.","robots":{"index":"index","follow":"follow","max-snippet":"max-snippet:-1","max-image-preview":"max-image-preview:large","max-video-preview":"max-video-preview:-1"},"canonical":"https:\/\/www.celttv.com.ar\/index.php\/2019\/05\/01\/liga-regional-de-futbol-el-tribunal-de-penas-aplico-36-suspensiones\/","og_locale":"es_ES","og_type":"article","og_title":"Liga Regional de F\u00fatbol: El Tribunal de Penas aplic\u00f3 36 suspensiones - CELTTV","og_description":"Sitio web de noticias de la localidad de Tornquist, provincia de Buenos Aires, Rep\u00fablica Argentina. Contenido propio originado por periodistas de CELTTV, el canal de TV local de la Cooperativa El\u00e9ctrica de Tornquist. Turismo, Pol\u00edtica, Sociedad, Deporte, Cultura y todo el contenido de inter\u00e9s general que la gente del pueblo y la regi\u00f3n debe conocer.","og_url":"https:\/\/www.celttv.com.ar\/index.php\/2019\/05\/01\/liga-regional-de-futbol-el-tribunal-de-penas-aplico-36-suspensiones\/","og_site_name":"CELTTV","article_publisher":"https:\/\/www.facebook.com\/celtTV\/","article_published_time":"2019-05-01T14:08:00+00:00","og_image":[{"width":2560,"height":1920,"url":"https:\/\/www.celttv.com.ar\/wp-content\/uploads\/2019\/05\/PUAN_TIRO_HUANGUELEN-scaled.jpg","type":"image\/jpeg"}],"author":"ulises","twitter_card":"summary_large_image","twitter_misc":{"Escrito por":"ulises","Tiempo de lectura":"2 minutos"},"schema":{"@context":"https:\/\/schema.org","@graph":[{"@type":"NewsArticle","@id":"https:\/\/www.celttv.com.ar\/index.php\/2019\/05\/01\/liga-regional-de-futbol-el-tribunal-de-penas-aplico-36-suspensiones\/#article","isPartOf":{"@id":"https:\/\/www.celttv.com.ar\/index.php\/2019\/05\/01\/liga-regional-de-futbol-el-tribunal-de-penas-aplico-36-suspensiones\/"},"author":{"name":"ulises","@id":"https:\/\/www.celttv.com.ar\/#\/schema\/person\/6d99c072dba59953809c81446e9d0ace"},"headline":"Liga Regional de F\u00fatbol: El Tribunal de Penas aplic\u00f3 36 suspensiones","datePublished":"2019-05-01T14:08:00+00:00","dateModified":"2019-05-01T14:08:00+00:00","mainEntityOfPage":{"@id":"https:\/\/www.celttv.com.ar\/index.php\/2019\/05\/01\/liga-regional-de-futbol-el-tribunal-de-penas-aplico-36-suspensiones\/"},"wordCount":438,"publisher":{"@id":"https:\/\/www.celttv.com.ar\/#organization"},"articleSection":["Celt TV Noticias","Deporte","Destacadas","Magazine Sport"],"inLanguage":"es"},{"@type":"WebPage","@id":"https:\/\/www.celttv.com.ar\/index.php\/2019\/05\/01\/liga-regional-de-futbol-el-tribunal-de-penas-aplico-36-suspensiones\/","url":"https:\/\/www.celttv.com.ar\/index.php\/2019\/05\/01\/liga-regional-de-futbol-el-tribunal-de-penas-aplico-36-suspensiones\/","name":"Liga Regional de F\u00fatbol: El Tribunal de Penas aplic\u00f3 36 suspensiones - CELTTV","isPartOf":{"@id":"https:\/\/www.celttv.com.ar\/#website"},"datePublished":"2019-05-01T14:08:00+00:00","dateModified":"2019-05-01T14:08:00+00:00","description":"Sitio web de noticias de la localidad de Tornquist, provincia de Buenos Aires, Rep\u00fablica Argentina. Contenido propio originado por periodistas de CELTTV, el canal de TV local de la Cooperativa El\u00e9ctrica de Tornquist. Turismo, Pol\u00edtica, Sociedad, Deporte, Cultura y todo el contenido de inter\u00e9s general que la gente del pueblo y la regi\u00f3n debe conocer.","breadcrumb":{"@id":"https:\/\/www.celttv.com.ar\/index.php\/2019\/05\/01\/liga-regional-de-futbol-el-tribunal-de-penas-aplico-36-suspensiones\/#breadcrumb"},"inLanguage":"es","potentialAction":[{"@type":"ReadAction","target":["https:\/\/www.celttv.com.ar\/index.php\/2019\/05\/01\/liga-regional-de-futbol-el-tribunal-de-penas-aplico-36-suspensiones\/"]}]},{"@type":"BreadcrumbList","@id":"https:\/\/www.celttv.com.ar\/index.php\/2019\/05\/01\/liga-regional-de-futbol-el-tribunal-de-penas-aplico-36-suspensiones\/#breadcrumb","itemListElement":[{"@type":"ListItem","position":1,"name":"Inicio","item":"https:\/\/www.celttv.com.ar\/"},{"@type":"ListItem","position":2,"name":"Liga Regional de F\u00fatbol: El Tribunal de Penas aplic\u00f3 36 suspensiones"}]},{"@type":"WebSite","@id":"https:\/\/www.celttv.com.ar\/#website","url":"https:\/\/www.celttv.com.ar\/","name":"CELTTV","description":"Cooperativa El\u00e9ctrica de Tornquist","publisher":{"@id":"https:\/\/www.celttv.com.ar\/#organization"},"potentialAction":[{"@type":"SearchAction","target":{"@type":"EntryPoint","urlTemplate":"https:\/\/www.celttv.com.ar\/?s={search_term_string}"},"query-input":"required name=search_term_string"}],"inLanguage":"es"},{"@type":"Organization","@id":"https:\/\/www.celttv.com.ar\/#organization","name":"CELTTV","url":"https:\/\/www.celttv.com.ar\/","sameAs":["https:\/\/www.youtube.com\/channel\/UCz_oIt8Hig64Ub-EmcNPIhg","https:\/\/www.facebook.com\/celtTV\/"],"logo":{"@type":"ImageObject","inLanguage":"es","@id":"https:\/\/www.celttv.com.ar\/#\/schema\/logo\/image\/","url":"http:\/\/www.celttv.com.ar\/wp-content\/uploads\/2022\/08\/logo-1.png","contentUrl":"http:\/\/www.celttv.com.ar\/wp-content\/uploads\/2022\/08\/logo-1.png","width":461,"height":159,"caption":"CELTTV"},"image":{"@id":"https:\/\/www.celttv.com.ar\/#\/schema\/logo\/image\/"}},{"@type":"Person","@id":"https:\/\/www.celttv.com.ar\/#\/schema\/person\/6d99c072dba59953809c81446e9d0ace","name":"ulises","image":{"@type":"ImageObject","inLanguage":"es","@id":"https:\/\/www.celttv.com.ar\/#\/schema\/person\/image\/","url":"https:\/\/secure.gravatar.com\/avatar\/7f2c48bdc33b30088f941fb6082e555f2874c98e20cb159d7b92b50eadfce793?s=96&d=mm&r=g","contentUrl":"https:\/\/secure.gravatar.com\/avatar\/7f2c48bdc33b30088f941fb6082e555f2874c98e20cb159d7b92b50eadfce793?s=96&d=mm&r=g","caption":"ulises"},"sameAs":["http:\/\/www.celttv.com.ar"]}]}},"_links":{"self":[{"href":"https:\/\/www.celttv.com.ar\/index.php\/wp-json\/wp\/v2\/posts\/41246","targetHints":{"allow":["GET"]}}],"collection":[{"href":"https:\/\/www.celttv.com.ar\/index.php\/wp-json\/wp\/v2\/posts"}],"about":[{"href":"https:\/\/www.celttv.com.ar\/index.php\/wp-json\/wp\/v2\/types\/post"}],"author":[{"embeddable":true,"href":"https:\/\/www.celttv.com.ar\/index.php\/wp-json\/wp\/v2\/users\/1"}],"replies":[{"embeddable":true,"href":"https:\/\/www.celttv.com.ar\/index.php\/wp-json\/wp\/v2\/comments?post=41246"}],"version-history":[{"count":0,"href":"https:\/\/www.celttv.com.ar\/index.php\/wp-json\/wp\/v2\/posts\/41246\/revisions"}],"wp:featuredmedia":[{"embeddable":true,"href":"https:\/\/www.celttv.com.ar\/index.php\/wp-json\/wp\/v2\/media\/41247"}],"wp:attachment":[{"href":"https:\/\/www.celttv.com.ar\/index.php\/wp-json\/wp\/v2\/media?parent=41246"}],"wp:term":[{"taxonomy":"category","embeddable":true,"href":"https:\/\/www.celttv.com.ar\/index.php\/wp-json\/wp\/v2\/categories?post=41246"},{"taxonomy":"post_tag","embeddable":true,"href":"https:\/\/www.celttv.com.ar\/index.php\/wp-json\/wp\/v2\/tags?post=41246"}],"curies":[{"name":"wp","href":"https:\/\/api.w.org\/{rel}","templated":true}]}}