{"id":41251,"date":"2019-05-01T16:31:42","date_gmt":"2019-05-01T16:31:42","guid":{"rendered":"http:\/\/www.celttv.com.ar\/?p=41251"},"modified":"2019-05-01T16:31:42","modified_gmt":"2019-05-01T16:31:42","slug":"importante-encuentro-de-escuelitas-de-futbol-en-el-club-automoto-fotos","status":"publish","type":"post","link":"https:\/\/www.celttv.com.ar\/index.php\/2019\/05\/01\/importante-encuentro-de-escuelitas-de-futbol-en-el-club-automoto-fotos\/","title":{"rendered":"Importante encuentro de escuelitas de f\u00fatbol en el Club Automoto (Fotos)"},"content":{"rendered":"<p>Un importante marco de p\u00fablico colm\u00f3 las instalaciones del estadio &#8220;Agust\u00edn Ruppel&#8221;, donde Automoto fue sede del primer encuentro de escuelitas de f\u00fatbol de la temporada 2019.<\/p>\n<p>La jornada, cont\u00f3 con la participaci\u00f3n de Uni\u00f3n, Club Sarmiento, Pe\u00f1arol y Deportivo Argentino, todos de Pig\u00fc\u00e9, San Mart\u00edn de Saavedra, Uni\u00f3n de nuestra ciudad y el propio Automoto.<\/p>\n<p>Pr\u00f3ximamente notas e im\u00e1genes en el programa <strong>MAGAZINE SPORT<\/strong> de <strong>Canal<\/strong> 2 por <strong>CELT TV.<\/strong><\/p>\n<p><a href=\"http:\/\/www.celttv.com.ar\/?attachment_id=41252\" rel=\"attachment wp-att-41252\"><img loading=\"lazy\" decoding=\"async\" class=\"alignleft size-full wp-image-41252\" src=\"http:\/\/www.celttv.com.ar\/wp-content\/uploads\/2019\/05\/20190501_112329.jpg\" alt=\"\" width=\"2048\" height=\"1536\" srcset=\"https:\/\/www.celttv.com.ar\/wp-content\/uploads\/2019\/05\/20190501_112329.jpg 2048w, https:\/\/www.celttv.com.ar\/wp-content\/uploads\/2019\/05\/20190501_112329-300x225.jpg 300w, https:\/\/www.celttv.com.ar\/wp-content\/uploads\/2019\/05\/20190501_112329-1024x768.jpg 1024w, https:\/\/www.celttv.com.ar\/wp-content\/uploads\/2019\/05\/20190501_112329-768x576.jpg 768w, https:\/\/www.celttv.com.ar\/wp-content\/uploads\/2019\/05\/20190501_112329-1536x1152.jpg 1536w, https:\/\/www.celttv.com.ar\/wp-content\/uploads\/2019\/05\/20190501_112329-750x563.jpg 750w, https:\/\/www.celttv.com.ar\/wp-content\/uploads\/2019\/05\/20190501_112329-1140x855.jpg 1140w\" sizes=\"auto, (max-width: 2048px) 100vw, 2048px\" \/><\/a> <a href=\"http:\/\/www.celttv.com.ar\/?attachment_id=41253\" rel=\"attachment wp-att-41253\"><img loading=\"lazy\" decoding=\"async\" class=\"alignleft size-medium wp-image-41253\" src=\"http:\/\/www.celttv.com.ar\/wp-content\/uploads\/2019\/05\/20190501_112331.jpg\" alt=\"\" width=\"780\" height=\"585\" srcset=\"https:\/\/www.celttv.com.ar\/wp-content\/uploads\/2019\/05\/20190501_112331.jpg 2048w, https:\/\/www.celttv.com.ar\/wp-content\/uploads\/2019\/05\/20190501_112331-300x225.jpg 300w, https:\/\/www.celttv.com.ar\/wp-content\/uploads\/2019\/05\/20190501_112331-1024x768.jpg 1024w, https:\/\/www.celttv.com.ar\/wp-content\/uploads\/2019\/05\/20190501_112331-768x576.jpg 768w, https:\/\/www.celttv.com.ar\/wp-content\/uploads\/2019\/05\/20190501_112331-1536x1152.jpg 1536w, https:\/\/www.celttv.com.ar\/wp-content\/uploads\/2019\/05\/20190501_112331-750x563.jpg 750w, https:\/\/www.celttv.com.ar\/wp-content\/uploads\/2019\/05\/20190501_112331-1140x855.jpg 1140w\" sizes=\"auto, (max-width: 780px) 100vw, 780px\" \/><\/a> <a href=\"http:\/\/www.celttv.com.ar\/?attachment_id=41254\" rel=\"attachment wp-att-41254\"><img loading=\"lazy\" decoding=\"async\" class=\"alignleft size-medium wp-image-41254\" src=\"http:\/\/www.celttv.com.ar\/wp-content\/uploads\/2019\/05\/20190501_112334.jpg\" alt=\"\" width=\"780\" height=\"585\" srcset=\"https:\/\/www.celttv.com.ar\/wp-content\/uploads\/2019\/05\/20190501_112334.jpg 2048w, https:\/\/www.celttv.com.ar\/wp-content\/uploads\/2019\/05\/20190501_112334-300x225.jpg 300w, https:\/\/www.celttv.com.ar\/wp-content\/uploads\/2019\/05\/20190501_112334-1024x768.jpg 1024w, https:\/\/www.celttv.com.ar\/wp-content\/uploads\/2019\/05\/20190501_112334-768x576.jpg 768w, https:\/\/www.celttv.com.ar\/wp-content\/uploads\/2019\/05\/20190501_112334-1536x1152.jpg 1536w, https:\/\/www.celttv.com.ar\/wp-content\/uploads\/2019\/05\/20190501_112334-750x563.jpg 750w, https:\/\/www.celttv.com.ar\/wp-content\/uploads\/2019\/05\/20190501_112334-1140x855.jpg 1140w\" sizes=\"auto, (max-width: 780px) 100vw, 780px\" \/><\/a> <a href=\"http:\/\/www.celttv.com.ar\/?attachment_id=41255\" rel=\"attachment wp-att-41255\"><img loading=\"lazy\" decoding=\"async\" class=\"alignleft size-medium wp-image-41255\" src=\"http:\/\/www.celttv.com.ar\/wp-content\/uploads\/2019\/05\/20190501_112343.jpg\" alt=\"\" width=\"780\" height=\"585\" srcset=\"https:\/\/www.celttv.com.ar\/wp-content\/uploads\/2019\/05\/20190501_112343.jpg 2048w, https:\/\/www.celttv.com.ar\/wp-content\/uploads\/2019\/05\/20190501_112343-300x225.jpg 300w, https:\/\/www.celttv.com.ar\/wp-content\/uploads\/2019\/05\/20190501_112343-1024x768.jpg 1024w, https:\/\/www.celttv.com.ar\/wp-content\/uploads\/2019\/05\/20190501_112343-768x576.jpg 768w, https:\/\/www.celttv.com.ar\/wp-content\/uploads\/2019\/05\/20190501_112343-1536x1152.jpg 1536w, https:\/\/www.celttv.com.ar\/wp-content\/uploads\/2019\/05\/20190501_112343-750x563.jpg 750w, https:\/\/www.celttv.com.ar\/wp-content\/uploads\/2019\/05\/20190501_112343-1140x855.jpg 1140w\" sizes=\"auto, (max-width: 780px) 100vw, 780px\" \/><\/a> <a href=\"http:\/\/www.celttv.com.ar\/?attachment_id=41256\" rel=\"attachment wp-att-41256\"><img loading=\"lazy\" decoding=\"async\" class=\"alignleft size-medium wp-image-41256\" src=\"http:\/\/www.celttv.com.ar\/wp-content\/uploads\/2019\/05\/20190501_112349.jpg\" alt=\"\" width=\"780\" height=\"585\" srcset=\"https:\/\/www.celttv.com.ar\/wp-content\/uploads\/2019\/05\/20190501_112349.jpg 2048w, https:\/\/www.celttv.com.ar\/wp-content\/uploads\/2019\/05\/20190501_112349-300x225.jpg 300w, https:\/\/www.celttv.com.ar\/wp-content\/uploads\/2019\/05\/20190501_112349-1024x768.jpg 1024w, https:\/\/www.celttv.com.ar\/wp-content\/uploads\/2019\/05\/20190501_112349-768x576.jpg 768w, https:\/\/www.celttv.com.ar\/wp-content\/uploads\/2019\/05\/20190501_112349-1536x1152.jpg 1536w, https:\/\/www.celttv.com.ar\/wp-content\/uploads\/2019\/05\/20190501_112349-750x563.jpg 750w, https:\/\/www.celttv.com.ar\/wp-content\/uploads\/2019\/05\/20190501_112349-1140x855.jpg 1140w\" sizes=\"auto, (max-width: 780px) 100vw, 780px\" \/><\/a> <a href=\"http:\/\/www.celttv.com.ar\/?attachment_id=41257\" rel=\"attachment wp-att-41257\"><img loading=\"lazy\" decoding=\"async\" class=\"alignleft size-medium wp-image-41257\" src=\"http:\/\/www.celttv.com.ar\/wp-content\/uploads\/2019\/05\/20190501_112419.jpg\" alt=\"\" width=\"780\" height=\"585\" srcset=\"https:\/\/www.celttv.com.ar\/wp-content\/uploads\/2019\/05\/20190501_112419.jpg 2048w, https:\/\/www.celttv.com.ar\/wp-content\/uploads\/2019\/05\/20190501_112419-300x225.jpg 300w, https:\/\/www.celttv.com.ar\/wp-content\/uploads\/2019\/05\/20190501_112419-1024x768.jpg 1024w, https:\/\/www.celttv.com.ar\/wp-content\/uploads\/2019\/05\/20190501_112419-768x576.jpg 768w, https:\/\/www.celttv.com.ar\/wp-content\/uploads\/2019\/05\/20190501_112419-1536x1152.jpg 1536w, https:\/\/www.celttv.com.ar\/wp-content\/uploads\/2019\/05\/20190501_112419-750x563.jpg 750w, https:\/\/www.celttv.com.ar\/wp-content\/uploads\/2019\/05\/20190501_112419-1140x855.jpg 1140w\" sizes=\"auto, (max-width: 780px) 100vw, 780px\" \/><\/a> <a href=\"http:\/\/www.celttv.com.ar\/?attachment_id=41258\" rel=\"attachment wp-att-41258\"><img loading=\"lazy\" decoding=\"async\" class=\"alignleft size-medium wp-image-41258\" src=\"http:\/\/www.celttv.com.ar\/wp-content\/uploads\/2019\/05\/20190501_112428.jpg\" alt=\"\" width=\"780\" height=\"585\" srcset=\"https:\/\/www.celttv.com.ar\/wp-content\/uploads\/2019\/05\/20190501_112428.jpg 2048w, https:\/\/www.celttv.com.ar\/wp-content\/uploads\/2019\/05\/20190501_112428-300x225.jpg 300w, https:\/\/www.celttv.com.ar\/wp-content\/uploads\/2019\/05\/20190501_112428-1024x768.jpg 1024w, https:\/\/www.celttv.com.ar\/wp-content\/uploads\/2019\/05\/20190501_112428-768x576.jpg 768w, https:\/\/www.celttv.com.ar\/wp-content\/uploads\/2019\/05\/20190501_112428-1536x1152.jpg 1536w, https:\/\/www.celttv.com.ar\/wp-content\/uploads\/2019\/05\/20190501_112428-750x563.jpg 750w, https:\/\/www.celttv.com.ar\/wp-content\/uploads\/2019\/05\/20190501_112428-1140x855.jpg 1140w\" sizes=\"auto, (max-width: 780px) 100vw, 780px\" \/><\/a> <a href=\"http:\/\/www.celttv.com.ar\/?attachment_id=41259\" rel=\"attachment wp-att-41259\"><img loading=\"lazy\" decoding=\"async\" class=\"alignleft size-medium wp-image-41259\" src=\"http:\/\/www.celttv.com.ar\/wp-content\/uploads\/2019\/05\/20190501_113527.jpg\" alt=\"\" width=\"780\" height=\"585\" srcset=\"https:\/\/www.celttv.com.ar\/wp-content\/uploads\/2019\/05\/20190501_113527.jpg 2048w, https:\/\/www.celttv.com.ar\/wp-content\/uploads\/2019\/05\/20190501_113527-300x225.jpg 300w, https:\/\/www.celttv.com.ar\/wp-content\/uploads\/2019\/05\/20190501_113527-1024x768.jpg 1024w, https:\/\/www.celttv.com.ar\/wp-content\/uploads\/2019\/05\/20190501_113527-768x576.jpg 768w, https:\/\/www.celttv.com.ar\/wp-content\/uploads\/2019\/05\/20190501_113527-1536x1152.jpg 1536w, https:\/\/www.celttv.com.ar\/wp-content\/uploads\/2019\/05\/20190501_113527-750x563.jpg 750w, https:\/\/www.celttv.com.ar\/wp-content\/uploads\/2019\/05\/20190501_113527-1140x855.jpg 1140w\" sizes=\"auto, (max-width: 780px) 100vw, 780px\" \/><\/a> <a href=\"http:\/\/www.celttv.com.ar\/?attachment_id=41260\" rel=\"attachment wp-att-41260\"><img loading=\"lazy\" decoding=\"async\" class=\"alignleft size-medium wp-image-41260\" src=\"http:\/\/www.celttv.com.ar\/wp-content\/uploads\/2019\/05\/20190501_113533.jpg\" alt=\"\" width=\"780\" height=\"585\" srcset=\"https:\/\/www.celttv.com.ar\/wp-content\/uploads\/2019\/05\/20190501_113533.jpg 2048w, https:\/\/www.celttv.com.ar\/wp-content\/uploads\/2019\/05\/20190501_113533-300x225.jpg 300w, https:\/\/www.celttv.com.ar\/wp-content\/uploads\/2019\/05\/20190501_113533-1024x768.jpg 1024w, https:\/\/www.celttv.com.ar\/wp-content\/uploads\/2019\/05\/20190501_113533-768x576.jpg 768w, https:\/\/www.celttv.com.ar\/wp-content\/uploads\/2019\/05\/20190501_113533-1536x1152.jpg 1536w, https:\/\/www.celttv.com.ar\/wp-content\/uploads\/2019\/05\/20190501_113533-750x563.jpg 750w, https:\/\/www.celttv.com.ar\/wp-content\/uploads\/2019\/05\/20190501_113533-1140x855.jpg 1140w\" sizes=\"auto, (max-width: 780px) 100vw, 780px\" \/><\/a><\/p>\n","protected":false},"excerpt":{"rendered":"<p>Un importante marco de p\u00fablico colm\u00f3 las instalaciones del estadio &#8220;Agust\u00edn Ruppel&#8221;, donde Automoto fue sede del primer encuentro de escuelitas de f\u00fatbol de la temporada 2019. La jornada, cont\u00f3 con la participaci\u00f3n de Uni\u00f3n, Club Sarmiento, Pe\u00f1arol y Deportivo Argentino, todos de Pig\u00fc\u00e9, San Mart\u00edn de Saavedra, Uni\u00f3n de nuestra ciudad y el propio [&hellip;]<\/p>\n","protected":false},"author":1,"featured_media":41253,"comment_status":"closed","ping_status":"open","sticky":false,"template":"","format":"standard","meta":{"footnotes":""},"categories":[55,60,52,63],"tags":[],"class_list":["post-41251","post","type-post","status-publish","format-standard","has-post-thumbnail","hentry","category-celt-tv-noticias","category-deporte","category-destacadas","category-magazine-sport"],"yoast_head":"<!-- This site is optimized with the Yoast SEO plugin v19.7.1 - https:\/\/yoast.com\/wordpress\/plugins\/seo\/ -->\n<title>Importante encuentro de escuelitas de f\u00fatbol en el Club Automoto (Fotos) - CELTTV<\/title>\n<meta name=\"description\" content=\"Sitio web de noticias de la localidad de Tornquist, provincia de Buenos Aires, Rep\u00fablica Argentina. Contenido propio originado por periodistas de CELTTV, el canal de TV local de la Cooperativa El\u00e9ctrica de Tornquist. Turismo, Pol\u00edtica, Sociedad, Deporte, Cultura y todo el contenido de inter\u00e9s general que la gente del pueblo y la regi\u00f3n debe conocer.\" \/>\n<meta name=\"robots\" content=\"index, follow, max-snippet:-1, max-image-preview:large, max-video-preview:-1\" \/>\n<link rel=\"canonical\" href=\"https:\/\/www.celttv.com.ar\/index.php\/2019\/05\/01\/importante-encuentro-de-escuelitas-de-futbol-en-el-club-automoto-fotos\/\" \/>\n<meta property=\"og:locale\" content=\"es_ES\" \/>\n<meta property=\"og:type\" content=\"article\" \/>\n<meta property=\"og:title\" content=\"Importante encuentro de escuelitas de f\u00fatbol en el Club Automoto (Fotos) - CELTTV\" \/>\n<meta property=\"og:description\" content=\"Sitio web de noticias de la localidad de Tornquist, provincia de Buenos Aires, Rep\u00fablica Argentina. Contenido propio originado por periodistas de CELTTV, el canal de TV local de la Cooperativa El\u00e9ctrica de Tornquist. Turismo, Pol\u00edtica, Sociedad, Deporte, Cultura y todo el contenido de inter\u00e9s general que la gente del pueblo y la regi\u00f3n debe conocer.\" \/>\n<meta property=\"og:url\" content=\"https:\/\/www.celttv.com.ar\/index.php\/2019\/05\/01\/importante-encuentro-de-escuelitas-de-futbol-en-el-club-automoto-fotos\/\" \/>\n<meta property=\"og:site_name\" content=\"CELTTV\" \/>\n<meta property=\"article:publisher\" content=\"https:\/\/www.facebook.com\/celtTV\/\" \/>\n<meta property=\"article:published_time\" content=\"2019-05-01T16:31:42+00:00\" \/>\n<meta property=\"og:image\" content=\"https:\/\/www.celttv.com.ar\/wp-content\/uploads\/2019\/05\/20190501_112331.jpg\" \/>\n\t<meta property=\"og:image:width\" content=\"2048\" \/>\n\t<meta property=\"og:image:height\" content=\"1536\" \/>\n\t<meta property=\"og:image:type\" content=\"image\/jpeg\" \/>\n<meta name=\"author\" content=\"ulises\" \/>\n<meta name=\"twitter:card\" content=\"summary_large_image\" \/>\n<meta name=\"twitter:label1\" content=\"Escrito por\" \/>\n\t<meta name=\"twitter:data1\" content=\"ulises\" \/>\n<script type=\"application\/ld+json\" class=\"yoast-schema-graph\">{\"@context\":\"https:\/\/schema.org\",\"@graph\":[{\"@type\":\"NewsArticle\",\"@id\":\"https:\/\/www.celttv.com.ar\/index.php\/2019\/05\/01\/importante-encuentro-de-escuelitas-de-futbol-en-el-club-automoto-fotos\/#article\",\"isPartOf\":{\"@id\":\"https:\/\/www.celttv.com.ar\/index.php\/2019\/05\/01\/importante-encuentro-de-escuelitas-de-futbol-en-el-club-automoto-fotos\/\"},\"author\":{\"name\":\"ulises\",\"@id\":\"https:\/\/www.celttv.com.ar\/#\/schema\/person\/6d99c072dba59953809c81446e9d0ace\"},\"headline\":\"Importante encuentro de escuelitas de f\u00fatbol en el Club Automoto (Fotos)\",\"datePublished\":\"2019-05-01T16:31:42+00:00\",\"dateModified\":\"2019-05-01T16:31:42+00:00\",\"mainEntityOfPage\":{\"@id\":\"https:\/\/www.celttv.com.ar\/index.php\/2019\/05\/01\/importante-encuentro-de-escuelitas-de-futbol-en-el-club-automoto-fotos\/\"},\"wordCount\":91,\"publisher\":{\"@id\":\"https:\/\/www.celttv.com.ar\/#organization\"},\"articleSection\":[\"Celt TV Noticias\",\"Deporte\",\"Destacadas\",\"Magazine Sport\"],\"inLanguage\":\"es\"},{\"@type\":\"WebPage\",\"@id\":\"https:\/\/www.celttv.com.ar\/index.php\/2019\/05\/01\/importante-encuentro-de-escuelitas-de-futbol-en-el-club-automoto-fotos\/\",\"url\":\"https:\/\/www.celttv.com.ar\/index.php\/2019\/05\/01\/importante-encuentro-de-escuelitas-de-futbol-en-el-club-automoto-fotos\/\",\"name\":\"Importante encuentro de escuelitas de f\u00fatbol en el Club Automoto (Fotos) - CELTTV\",\"isPartOf\":{\"@id\":\"https:\/\/www.celttv.com.ar\/#website\"},\"datePublished\":\"2019-05-01T16:31:42+00:00\",\"dateModified\":\"2019-05-01T16:31:42+00:00\",\"description\":\"Sitio web de noticias de la localidad de Tornquist, provincia de Buenos Aires, Rep\u00fablica Argentina. Contenido propio originado por periodistas de CELTTV, el canal de TV local de la Cooperativa El\u00e9ctrica de Tornquist. Turismo, Pol\u00edtica, Sociedad, Deporte, Cultura y todo el contenido de inter\u00e9s general que la gente del pueblo y la regi\u00f3n debe conocer.\",\"breadcrumb\":{\"@id\":\"https:\/\/www.celttv.com.ar\/index.php\/2019\/05\/01\/importante-encuentro-de-escuelitas-de-futbol-en-el-club-automoto-fotos\/#breadcrumb\"},\"inLanguage\":\"es\",\"potentialAction\":[{\"@type\":\"ReadAction\",\"target\":[\"https:\/\/www.celttv.com.ar\/index.php\/2019\/05\/01\/importante-encuentro-de-escuelitas-de-futbol-en-el-club-automoto-fotos\/\"]}]},{\"@type\":\"BreadcrumbList\",\"@id\":\"https:\/\/www.celttv.com.ar\/index.php\/2019\/05\/01\/importante-encuentro-de-escuelitas-de-futbol-en-el-club-automoto-fotos\/#breadcrumb\",\"itemListElement\":[{\"@type\":\"ListItem\",\"position\":1,\"name\":\"Inicio\",\"item\":\"https:\/\/www.celttv.com.ar\/\"},{\"@type\":\"ListItem\",\"position\":2,\"name\":\"Importante encuentro de escuelitas de f\u00fatbol en el Club Automoto (Fotos)\"}]},{\"@type\":\"WebSite\",\"@id\":\"https:\/\/www.celttv.com.ar\/#website\",\"url\":\"https:\/\/www.celttv.com.ar\/\",\"name\":\"CELTTV\",\"description\":\"Cooperativa El\u00e9ctrica de Tornquist\",\"publisher\":{\"@id\":\"https:\/\/www.celttv.com.ar\/#organization\"},\"potentialAction\":[{\"@type\":\"SearchAction\",\"target\":{\"@type\":\"EntryPoint\",\"urlTemplate\":\"https:\/\/www.celttv.com.ar\/?s={search_term_string}\"},\"query-input\":\"required name=search_term_string\"}],\"inLanguage\":\"es\"},{\"@type\":\"Organization\",\"@id\":\"https:\/\/www.celttv.com.ar\/#organization\",\"name\":\"CELTTV\",\"url\":\"https:\/\/www.celttv.com.ar\/\",\"sameAs\":[\"https:\/\/www.youtube.com\/channel\/UCz_oIt8Hig64Ub-EmcNPIhg\",\"https:\/\/www.facebook.com\/celtTV\/\"],\"logo\":{\"@type\":\"ImageObject\",\"inLanguage\":\"es\",\"@id\":\"https:\/\/www.celttv.com.ar\/#\/schema\/logo\/image\/\",\"url\":\"http:\/\/www.celttv.com.ar\/wp-content\/uploads\/2022\/08\/logo-1.png\",\"contentUrl\":\"http:\/\/www.celttv.com.ar\/wp-content\/uploads\/2022\/08\/logo-1.png\",\"width\":461,\"height\":159,\"caption\":\"CELTTV\"},\"image\":{\"@id\":\"https:\/\/www.celttv.com.ar\/#\/schema\/logo\/image\/\"}},{\"@type\":\"Person\",\"@id\":\"https:\/\/www.celttv.com.ar\/#\/schema\/person\/6d99c072dba59953809c81446e9d0ace\",\"name\":\"ulises\",\"image\":{\"@type\":\"ImageObject\",\"inLanguage\":\"es\",\"@id\":\"https:\/\/www.celttv.com.ar\/#\/schema\/person\/image\/\",\"url\":\"https:\/\/secure.gravatar.com\/avatar\/7f2c48bdc33b30088f941fb6082e555f2874c98e20cb159d7b92b50eadfce793?s=96&d=mm&r=g\",\"contentUrl\":\"https:\/\/secure.gravatar.com\/avatar\/7f2c48bdc33b30088f941fb6082e555f2874c98e20cb159d7b92b50eadfce793?s=96&d=mm&r=g\",\"caption\":\"ulises\"},\"sameAs\":[\"http:\/\/www.celttv.com.ar\"]}]}<\/script>\n<!-- \/ Yoast SEO plugin. -->","yoast_head_json":{"title":"Importante encuentro de escuelitas de f\u00fatbol en el Club Automoto (Fotos) - CELTTV","description":"Sitio web de noticias de la localidad de Tornquist, provincia de Buenos Aires, Rep\u00fablica Argentina. Contenido propio originado por periodistas de CELTTV, el canal de TV local de la Cooperativa El\u00e9ctrica de Tornquist. Turismo, Pol\u00edtica, Sociedad, Deporte, Cultura y todo el contenido de inter\u00e9s general que la gente del pueblo y la regi\u00f3n debe conocer.","robots":{"index":"index","follow":"follow","max-snippet":"max-snippet:-1","max-image-preview":"max-image-preview:large","max-video-preview":"max-video-preview:-1"},"canonical":"https:\/\/www.celttv.com.ar\/index.php\/2019\/05\/01\/importante-encuentro-de-escuelitas-de-futbol-en-el-club-automoto-fotos\/","og_locale":"es_ES","og_type":"article","og_title":"Importante encuentro de escuelitas de f\u00fatbol en el Club Automoto (Fotos) - CELTTV","og_description":"Sitio web de noticias de la localidad de Tornquist, provincia de Buenos Aires, Rep\u00fablica Argentina. Contenido propio originado por periodistas de CELTTV, el canal de TV local de la Cooperativa El\u00e9ctrica de Tornquist. Turismo, Pol\u00edtica, Sociedad, Deporte, Cultura y todo el contenido de inter\u00e9s general que la gente del pueblo y la regi\u00f3n debe conocer.","og_url":"https:\/\/www.celttv.com.ar\/index.php\/2019\/05\/01\/importante-encuentro-de-escuelitas-de-futbol-en-el-club-automoto-fotos\/","og_site_name":"CELTTV","article_publisher":"https:\/\/www.facebook.com\/celtTV\/","article_published_time":"2019-05-01T16:31:42+00:00","og_image":[{"width":2048,"height":1536,"url":"https:\/\/www.celttv.com.ar\/wp-content\/uploads\/2019\/05\/20190501_112331.jpg","type":"image\/jpeg"}],"author":"ulises","twitter_card":"summary_large_image","twitter_misc":{"Escrito por":"ulises"},"schema":{"@context":"https:\/\/schema.org","@graph":[{"@type":"NewsArticle","@id":"https:\/\/www.celttv.com.ar\/index.php\/2019\/05\/01\/importante-encuentro-de-escuelitas-de-futbol-en-el-club-automoto-fotos\/#article","isPartOf":{"@id":"https:\/\/www.celttv.com.ar\/index.php\/2019\/05\/01\/importante-encuentro-de-escuelitas-de-futbol-en-el-club-automoto-fotos\/"},"author":{"name":"ulises","@id":"https:\/\/www.celttv.com.ar\/#\/schema\/person\/6d99c072dba59953809c81446e9d0ace"},"headline":"Importante encuentro de escuelitas de f\u00fatbol en el Club Automoto (Fotos)","datePublished":"2019-05-01T16:31:42+00:00","dateModified":"2019-05-01T16:31:42+00:00","mainEntityOfPage":{"@id":"https:\/\/www.celttv.com.ar\/index.php\/2019\/05\/01\/importante-encuentro-de-escuelitas-de-futbol-en-el-club-automoto-fotos\/"},"wordCount":91,"publisher":{"@id":"https:\/\/www.celttv.com.ar\/#organization"},"articleSection":["Celt TV Noticias","Deporte","Destacadas","Magazine Sport"],"inLanguage":"es"},{"@type":"WebPage","@id":"https:\/\/www.celttv.com.ar\/index.php\/2019\/05\/01\/importante-encuentro-de-escuelitas-de-futbol-en-el-club-automoto-fotos\/","url":"https:\/\/www.celttv.com.ar\/index.php\/2019\/05\/01\/importante-encuentro-de-escuelitas-de-futbol-en-el-club-automoto-fotos\/","name":"Importante encuentro de escuelitas de f\u00fatbol en el Club Automoto (Fotos) - CELTTV","isPartOf":{"@id":"https:\/\/www.celttv.com.ar\/#website"},"datePublished":"2019-05-01T16:31:42+00:00","dateModified":"2019-05-01T16:31:42+00:00","description":"Sitio web de noticias de la localidad de Tornquist, provincia de Buenos Aires, Rep\u00fablica Argentina. Contenido propio originado por periodistas de CELTTV, el canal de TV local de la Cooperativa El\u00e9ctrica de Tornquist. Turismo, Pol\u00edtica, Sociedad, Deporte, Cultura y todo el contenido de inter\u00e9s general que la gente del pueblo y la regi\u00f3n debe conocer.","breadcrumb":{"@id":"https:\/\/www.celttv.com.ar\/index.php\/2019\/05\/01\/importante-encuentro-de-escuelitas-de-futbol-en-el-club-automoto-fotos\/#breadcrumb"},"inLanguage":"es","potentialAction":[{"@type":"ReadAction","target":["https:\/\/www.celttv.com.ar\/index.php\/2019\/05\/01\/importante-encuentro-de-escuelitas-de-futbol-en-el-club-automoto-fotos\/"]}]},{"@type":"BreadcrumbList","@id":"https:\/\/www.celttv.com.ar\/index.php\/2019\/05\/01\/importante-encuentro-de-escuelitas-de-futbol-en-el-club-automoto-fotos\/#breadcrumb","itemListElement":[{"@type":"ListItem","position":1,"name":"Inicio","item":"https:\/\/www.celttv.com.ar\/"},{"@type":"ListItem","position":2,"name":"Importante encuentro de escuelitas de f\u00fatbol en el Club Automoto (Fotos)"}]},{"@type":"WebSite","@id":"https:\/\/www.celttv.com.ar\/#website","url":"https:\/\/www.celttv.com.ar\/","name":"CELTTV","description":"Cooperativa El\u00e9ctrica de Tornquist","publisher":{"@id":"https:\/\/www.celttv.com.ar\/#organization"},"potentialAction":[{"@type":"SearchAction","target":{"@type":"EntryPoint","urlTemplate":"https:\/\/www.celttv.com.ar\/?s={search_term_string}"},"query-input":"required name=search_term_string"}],"inLanguage":"es"},{"@type":"Organization","@id":"https:\/\/www.celttv.com.ar\/#organization","name":"CELTTV","url":"https:\/\/www.celttv.com.ar\/","sameAs":["https:\/\/www.youtube.com\/channel\/UCz_oIt8Hig64Ub-EmcNPIhg","https:\/\/www.facebook.com\/celtTV\/"],"logo":{"@type":"ImageObject","inLanguage":"es","@id":"https:\/\/www.celttv.com.ar\/#\/schema\/logo\/image\/","url":"http:\/\/www.celttv.com.ar\/wp-content\/uploads\/2022\/08\/logo-1.png","contentUrl":"http:\/\/www.celttv.com.ar\/wp-content\/uploads\/2022\/08\/logo-1.png","width":461,"height":159,"caption":"CELTTV"},"image":{"@id":"https:\/\/www.celttv.com.ar\/#\/schema\/logo\/image\/"}},{"@type":"Person","@id":"https:\/\/www.celttv.com.ar\/#\/schema\/person\/6d99c072dba59953809c81446e9d0ace","name":"ulises","image":{"@type":"ImageObject","inLanguage":"es","@id":"https:\/\/www.celttv.com.ar\/#\/schema\/person\/image\/","url":"https:\/\/secure.gravatar.com\/avatar\/7f2c48bdc33b30088f941fb6082e555f2874c98e20cb159d7b92b50eadfce793?s=96&d=mm&r=g","contentUrl":"https:\/\/secure.gravatar.com\/avatar\/7f2c48bdc33b30088f941fb6082e555f2874c98e20cb159d7b92b50eadfce793?s=96&d=mm&r=g","caption":"ulises"},"sameAs":["http:\/\/www.celttv.com.ar"]}]}},"_links":{"self":[{"href":"https:\/\/www.celttv.com.ar\/index.php\/wp-json\/wp\/v2\/posts\/41251","targetHints":{"allow":["GET"]}}],"collection":[{"href":"https:\/\/www.celttv.com.ar\/index.php\/wp-json\/wp\/v2\/posts"}],"about":[{"href":"https:\/\/www.celttv.com.ar\/index.php\/wp-json\/wp\/v2\/types\/post"}],"author":[{"embeddable":true,"href":"https:\/\/www.celttv.com.ar\/index.php\/wp-json\/wp\/v2\/users\/1"}],"replies":[{"embeddable":true,"href":"https:\/\/www.celttv.com.ar\/index.php\/wp-json\/wp\/v2\/comments?post=41251"}],"version-history":[{"count":0,"href":"https:\/\/www.celttv.com.ar\/index.php\/wp-json\/wp\/v2\/posts\/41251\/revisions"}],"wp:featuredmedia":[{"embeddable":true,"href":"https:\/\/www.celttv.com.ar\/index.php\/wp-json\/wp\/v2\/media\/41253"}],"wp:attachment":[{"href":"https:\/\/www.celttv.com.ar\/index.php\/wp-json\/wp\/v2\/media?parent=41251"}],"wp:term":[{"taxonomy":"category","embeddable":true,"href":"https:\/\/www.celttv.com.ar\/index.php\/wp-json\/wp\/v2\/categories?post=41251"},{"taxonomy":"post_tag","embeddable":true,"href":"https:\/\/www.celttv.com.ar\/index.php\/wp-json\/wp\/v2\/tags?post=41251"}],"curies":[{"name":"wp","href":"https:\/\/api.w.org\/{rel}","templated":true}]}}