{"id":41262,"date":"2019-05-01T16:46:06","date_gmt":"2019-05-01T16:46:06","guid":{"rendered":"http:\/\/www.celttv.com.ar\/?p=41262"},"modified":"2019-05-01T16:46:06","modified_gmt":"2019-05-01T16:46:06","slug":"automoto-voley-fue-local-en-una-fecha-fecha-de-la-asociacion-bahiense-de-voleibol-fotos","status":"publish","type":"post","link":"https:\/\/www.celttv.com.ar\/index.php\/2019\/05\/01\/automoto-voley-fue-local-en-una-fecha-fecha-de-la-asociacion-bahiense-de-voleibol-fotos\/","title":{"rendered":"Automoto Voley fue local en una nueva fecha de la Asociaci\u00f3n Bahiense de Voleibol (Fotos y resultados)"},"content":{"rendered":"<div class=\"adelanto\">\n<p>En el marco de una nueva fecha del certamen que organiza la Asociaci\u00f3n Bahiense de V\u00f3leibol, Automoto Voley fue local ante Liniers y Club Universitario de Bah\u00eda Blanca.<\/p>\n<\/div>\n<div class=\"text\">\n<p>Los encuentros, se desarrollaron en el Polideportivo \u201cMario Gandini\u201d de la entidad con las categor\u00edas Sub 12, Sub 16 B y Sub 18 B.<\/p>\n<p><strong>RESULTADOS:<\/strong><\/p>\n<p>Automoto consigui\u00f3 cuatro triunfos en cinco partidos, en una jornada en la cual recibi\u00f3 a Club Universitario y Liniers!<\/p>\n<p><span class=\"_5mfr\"><span class=\"_6qdm\">\u2714\ufe0f<\/span><\/span>\u00a0Sub 18 B vs Universitario: 2 a 0.\u00a0<span class=\"_5mfr\"><span class=\"_6qdm\">&#x1f3d0;<\/span><\/span>\u00a025-17 y 25-11.<br \/>\n<span class=\"_5mfr\"><span class=\"_6qdm\">\u2714\ufe0f<\/span><\/span>\u00a0Sub 18 B vs Liniers: 2-1.\u00a0<span class=\"_5mfr\"><span class=\"_6qdm\">&#x1f3d0;<\/span><\/span>\u00a021-25, 25-15 y 15-5.<br \/>\n<span class=\"_5mfr\"><span class=\"_6qdm\">\u2714\ufe0f<\/span><\/span>\u00a0Sub 16 B vs Universitario: 2-0.\u00a0<span class=\"_5mfr\"><span class=\"_6qdm\">&#x1f3d0;<\/span><\/span>\u00a025-20 y 27-25.<span class=\"text_exposed_show\"><br \/>\n<span class=\"_5mfr\"><span class=\"_6qdm\">\u2714\ufe0f<\/span><\/span>\u00a0Sub 16 B vs Liniers: 0-2.\u00a0<span class=\"_5mfr\"><span class=\"_6qdm\">&#x1f3d0;<\/span><\/span>\u00a012-25 y 21-25.<br \/>\n<span class=\"_5mfr\"><span class=\"_6qdm\">\u2714\ufe0f<\/span><\/span>\u00a0Sub 12 vs Universitario: 3-0.\u00a0<span class=\"_5mfr\"><span class=\"_6qdm\">&#x1f3d0;<\/span><\/span>\u00a025-5, 25-14 y 26-24.<\/span><\/p>\n<p>Pr\u00f3ximamente notas e im\u00e1genes en el programa <strong>MAGAZINE SPORT<\/strong> de Canal 2 por <strong>CELT TV.<\/strong><\/p>\n<p><a href=\"http:\/\/www.celttv.com.ar\/?attachment_id=41263\" rel=\"attachment wp-att-41263\"><img loading=\"lazy\" decoding=\"async\" class=\"alignleft size-full wp-image-41263\" src=\"http:\/\/www.celttv.com.ar\/wp-content\/uploads\/2019\/05\/20190501_121917.jpg\" alt=\"\" width=\"2048\" height=\"1536\" srcset=\"https:\/\/www.celttv.com.ar\/wp-content\/uploads\/2019\/05\/20190501_121917.jpg 2048w, https:\/\/www.celttv.com.ar\/wp-content\/uploads\/2019\/05\/20190501_121917-300x225.jpg 300w, https:\/\/www.celttv.com.ar\/wp-content\/uploads\/2019\/05\/20190501_121917-1024x768.jpg 1024w, https:\/\/www.celttv.com.ar\/wp-content\/uploads\/2019\/05\/20190501_121917-768x576.jpg 768w, https:\/\/www.celttv.com.ar\/wp-content\/uploads\/2019\/05\/20190501_121917-1536x1152.jpg 1536w, https:\/\/www.celttv.com.ar\/wp-content\/uploads\/2019\/05\/20190501_121917-750x563.jpg 750w, https:\/\/www.celttv.com.ar\/wp-content\/uploads\/2019\/05\/20190501_121917-1140x855.jpg 1140w\" sizes=\"auto, (max-width: 2048px) 100vw, 2048px\" \/><\/a> <a href=\"http:\/\/www.celttv.com.ar\/?attachment_id=41264\" rel=\"attachment wp-att-41264\"><img loading=\"lazy\" decoding=\"async\" class=\"alignleft size-medium wp-image-41264\" src=\"http:\/\/www.celttv.com.ar\/wp-content\/uploads\/2019\/05\/20190501_122009.jpg\" alt=\"\" width=\"780\" height=\"585\" srcset=\"https:\/\/www.celttv.com.ar\/wp-content\/uploads\/2019\/05\/20190501_122009.jpg 2048w, https:\/\/www.celttv.com.ar\/wp-content\/uploads\/2019\/05\/20190501_122009-300x225.jpg 300w, https:\/\/www.celttv.com.ar\/wp-content\/uploads\/2019\/05\/20190501_122009-1024x768.jpg 1024w, https:\/\/www.celttv.com.ar\/wp-content\/uploads\/2019\/05\/20190501_122009-768x576.jpg 768w, https:\/\/www.celttv.com.ar\/wp-content\/uploads\/2019\/05\/20190501_122009-1536x1152.jpg 1536w, https:\/\/www.celttv.com.ar\/wp-content\/uploads\/2019\/05\/20190501_122009-750x563.jpg 750w, https:\/\/www.celttv.com.ar\/wp-content\/uploads\/2019\/05\/20190501_122009-1140x855.jpg 1140w\" sizes=\"auto, (max-width: 780px) 100vw, 780px\" \/><\/a> <a href=\"http:\/\/www.celttv.com.ar\/?attachment_id=41265\" rel=\"attachment wp-att-41265\"><img loading=\"lazy\" decoding=\"async\" class=\"alignleft size-medium wp-image-41265\" src=\"http:\/\/www.celttv.com.ar\/wp-content\/uploads\/2019\/05\/20190501_122037.jpg\" alt=\"\" width=\"780\" height=\"585\" srcset=\"https:\/\/www.celttv.com.ar\/wp-content\/uploads\/2019\/05\/20190501_122037.jpg 2048w, https:\/\/www.celttv.com.ar\/wp-content\/uploads\/2019\/05\/20190501_122037-300x225.jpg 300w, https:\/\/www.celttv.com.ar\/wp-content\/uploads\/2019\/05\/20190501_122037-1024x768.jpg 1024w, https:\/\/www.celttv.com.ar\/wp-content\/uploads\/2019\/05\/20190501_122037-768x576.jpg 768w, https:\/\/www.celttv.com.ar\/wp-content\/uploads\/2019\/05\/20190501_122037-1536x1152.jpg 1536w, https:\/\/www.celttv.com.ar\/wp-content\/uploads\/2019\/05\/20190501_122037-750x563.jpg 750w, https:\/\/www.celttv.com.ar\/wp-content\/uploads\/2019\/05\/20190501_122037-1140x855.jpg 1140w\" sizes=\"auto, (max-width: 780px) 100vw, 780px\" \/><\/a> <a href=\"http:\/\/www.celttv.com.ar\/?attachment_id=41266\" rel=\"attachment wp-att-41266\"><img loading=\"lazy\" decoding=\"async\" class=\"alignleft size-medium wp-image-41266\" src=\"http:\/\/www.celttv.com.ar\/wp-content\/uploads\/2019\/05\/20190501_122048.jpg\" alt=\"\" width=\"780\" height=\"585\" srcset=\"https:\/\/www.celttv.com.ar\/wp-content\/uploads\/2019\/05\/20190501_122048.jpg 2048w, https:\/\/www.celttv.com.ar\/wp-content\/uploads\/2019\/05\/20190501_122048-300x225.jpg 300w, https:\/\/www.celttv.com.ar\/wp-content\/uploads\/2019\/05\/20190501_122048-1024x768.jpg 1024w, https:\/\/www.celttv.com.ar\/wp-content\/uploads\/2019\/05\/20190501_122048-768x576.jpg 768w, https:\/\/www.celttv.com.ar\/wp-content\/uploads\/2019\/05\/20190501_122048-1536x1152.jpg 1536w, https:\/\/www.celttv.com.ar\/wp-content\/uploads\/2019\/05\/20190501_122048-750x563.jpg 750w, https:\/\/www.celttv.com.ar\/wp-content\/uploads\/2019\/05\/20190501_122048-1140x855.jpg 1140w\" sizes=\"auto, (max-width: 780px) 100vw, 780px\" \/><\/a><\/p>\n<\/div>\n","protected":false},"excerpt":{"rendered":"<p>En el marco de una nueva fecha del certamen que organiza la Asociaci\u00f3n Bahiense de V\u00f3leibol, Automoto Voley fue local ante Liniers y Club Universitario de Bah\u00eda Blanca. Los encuentros, se desarrollaron en el Polideportivo \u201cMario Gandini\u201d de la entidad con las categor\u00edas Sub 12, Sub 16 B y Sub 18 B. RESULTADOS: Automoto consigui\u00f3 [&hellip;]<\/p>\n","protected":false},"author":1,"featured_media":41264,"comment_status":"closed","ping_status":"open","sticky":false,"template":"","format":"standard","meta":{"footnotes":""},"categories":[55,60,52,63],"tags":[],"class_list":["post-41262","post","type-post","status-publish","format-standard","has-post-thumbnail","hentry","category-celt-tv-noticias","category-deporte","category-destacadas","category-magazine-sport"],"yoast_head":"<!-- This site is optimized with the Yoast SEO plugin v19.7.1 - https:\/\/yoast.com\/wordpress\/plugins\/seo\/ -->\n<title>Automoto Voley fue local en una nueva fecha de la Asociaci\u00f3n Bahiense de Voleibol (Fotos y resultados) - CELTTV<\/title>\n<meta name=\"description\" content=\"Sitio web de noticias de la localidad de Tornquist, provincia de Buenos Aires, Rep\u00fablica Argentina. Contenido propio originado por periodistas de CELTTV, el canal de TV local de la Cooperativa El\u00e9ctrica de Tornquist. Turismo, Pol\u00edtica, Sociedad, Deporte, Cultura y todo el contenido de inter\u00e9s general que la gente del pueblo y la regi\u00f3n debe conocer.\" \/>\n<meta name=\"robots\" content=\"index, follow, max-snippet:-1, max-image-preview:large, max-video-preview:-1\" \/>\n<link rel=\"canonical\" href=\"https:\/\/www.celttv.com.ar\/index.php\/2019\/05\/01\/automoto-voley-fue-local-en-una-fecha-fecha-de-la-asociacion-bahiense-de-voleibol-fotos\/\" \/>\n<meta property=\"og:locale\" content=\"es_ES\" \/>\n<meta property=\"og:type\" content=\"article\" \/>\n<meta property=\"og:title\" content=\"Automoto Voley fue local en una nueva fecha de la Asociaci\u00f3n Bahiense de Voleibol (Fotos y resultados) - CELTTV\" \/>\n<meta property=\"og:description\" content=\"Sitio web de noticias de la localidad de Tornquist, provincia de Buenos Aires, Rep\u00fablica Argentina. Contenido propio originado por periodistas de CELTTV, el canal de TV local de la Cooperativa El\u00e9ctrica de Tornquist. Turismo, Pol\u00edtica, Sociedad, Deporte, Cultura y todo el contenido de inter\u00e9s general que la gente del pueblo y la regi\u00f3n debe conocer.\" \/>\n<meta property=\"og:url\" content=\"https:\/\/www.celttv.com.ar\/index.php\/2019\/05\/01\/automoto-voley-fue-local-en-una-fecha-fecha-de-la-asociacion-bahiense-de-voleibol-fotos\/\" \/>\n<meta property=\"og:site_name\" content=\"CELTTV\" \/>\n<meta property=\"article:publisher\" content=\"https:\/\/www.facebook.com\/celtTV\/\" \/>\n<meta property=\"article:published_time\" content=\"2019-05-01T16:46:06+00:00\" \/>\n<meta property=\"og:image\" content=\"https:\/\/www.celttv.com.ar\/wp-content\/uploads\/2019\/05\/20190501_122009.jpg\" \/>\n\t<meta property=\"og:image:width\" content=\"2048\" \/>\n\t<meta property=\"og:image:height\" content=\"1536\" \/>\n\t<meta property=\"og:image:type\" content=\"image\/jpeg\" \/>\n<meta name=\"author\" content=\"ulises\" \/>\n<meta name=\"twitter:card\" content=\"summary_large_image\" \/>\n<meta name=\"twitter:label1\" content=\"Escrito por\" \/>\n\t<meta name=\"twitter:data1\" content=\"ulises\" \/>\n\t<meta name=\"twitter:label2\" content=\"Tiempo de lectura\" \/>\n\t<meta name=\"twitter:data2\" content=\"1 minuto\" \/>\n<script type=\"application\/ld+json\" class=\"yoast-schema-graph\">{\"@context\":\"https:\/\/schema.org\",\"@graph\":[{\"@type\":\"NewsArticle\",\"@id\":\"https:\/\/www.celttv.com.ar\/index.php\/2019\/05\/01\/automoto-voley-fue-local-en-una-fecha-fecha-de-la-asociacion-bahiense-de-voleibol-fotos\/#article\",\"isPartOf\":{\"@id\":\"https:\/\/www.celttv.com.ar\/index.php\/2019\/05\/01\/automoto-voley-fue-local-en-una-fecha-fecha-de-la-asociacion-bahiense-de-voleibol-fotos\/\"},\"author\":{\"name\":\"ulises\",\"@id\":\"https:\/\/www.celttv.com.ar\/#\/schema\/person\/6d99c072dba59953809c81446e9d0ace\"},\"headline\":\"Automoto Voley fue local en una nueva fecha de la Asociaci\u00f3n Bahiense de Voleibol (Fotos y resultados)\",\"datePublished\":\"2019-05-01T16:46:06+00:00\",\"dateModified\":\"2019-05-01T16:46:06+00:00\",\"mainEntityOfPage\":{\"@id\":\"https:\/\/www.celttv.com.ar\/index.php\/2019\/05\/01\/automoto-voley-fue-local-en-una-fecha-fecha-de-la-asociacion-bahiense-de-voleibol-fotos\/\"},\"wordCount\":163,\"publisher\":{\"@id\":\"https:\/\/www.celttv.com.ar\/#organization\"},\"articleSection\":[\"Celt TV Noticias\",\"Deporte\",\"Destacadas\",\"Magazine Sport\"],\"inLanguage\":\"es\"},{\"@type\":\"WebPage\",\"@id\":\"https:\/\/www.celttv.com.ar\/index.php\/2019\/05\/01\/automoto-voley-fue-local-en-una-fecha-fecha-de-la-asociacion-bahiense-de-voleibol-fotos\/\",\"url\":\"https:\/\/www.celttv.com.ar\/index.php\/2019\/05\/01\/automoto-voley-fue-local-en-una-fecha-fecha-de-la-asociacion-bahiense-de-voleibol-fotos\/\",\"name\":\"Automoto Voley fue local en una nueva fecha de la Asociaci\u00f3n Bahiense de Voleibol (Fotos y resultados) - CELTTV\",\"isPartOf\":{\"@id\":\"https:\/\/www.celttv.com.ar\/#website\"},\"datePublished\":\"2019-05-01T16:46:06+00:00\",\"dateModified\":\"2019-05-01T16:46:06+00:00\",\"description\":\"Sitio web de noticias de la localidad de Tornquist, provincia de Buenos Aires, Rep\u00fablica Argentina. Contenido propio originado por periodistas de CELTTV, el canal de TV local de la Cooperativa El\u00e9ctrica de Tornquist. Turismo, Pol\u00edtica, Sociedad, Deporte, Cultura y todo el contenido de inter\u00e9s general que la gente del pueblo y la regi\u00f3n debe conocer.\",\"breadcrumb\":{\"@id\":\"https:\/\/www.celttv.com.ar\/index.php\/2019\/05\/01\/automoto-voley-fue-local-en-una-fecha-fecha-de-la-asociacion-bahiense-de-voleibol-fotos\/#breadcrumb\"},\"inLanguage\":\"es\",\"potentialAction\":[{\"@type\":\"ReadAction\",\"target\":[\"https:\/\/www.celttv.com.ar\/index.php\/2019\/05\/01\/automoto-voley-fue-local-en-una-fecha-fecha-de-la-asociacion-bahiense-de-voleibol-fotos\/\"]}]},{\"@type\":\"BreadcrumbList\",\"@id\":\"https:\/\/www.celttv.com.ar\/index.php\/2019\/05\/01\/automoto-voley-fue-local-en-una-fecha-fecha-de-la-asociacion-bahiense-de-voleibol-fotos\/#breadcrumb\",\"itemListElement\":[{\"@type\":\"ListItem\",\"position\":1,\"name\":\"Inicio\",\"item\":\"https:\/\/www.celttv.com.ar\/\"},{\"@type\":\"ListItem\",\"position\":2,\"name\":\"Automoto Voley fue local en una nueva fecha de la Asociaci\u00f3n Bahiense de Voleibol (Fotos y resultados)\"}]},{\"@type\":\"WebSite\",\"@id\":\"https:\/\/www.celttv.com.ar\/#website\",\"url\":\"https:\/\/www.celttv.com.ar\/\",\"name\":\"CELTTV\",\"description\":\"Cooperativa El\u00e9ctrica de Tornquist\",\"publisher\":{\"@id\":\"https:\/\/www.celttv.com.ar\/#organization\"},\"potentialAction\":[{\"@type\":\"SearchAction\",\"target\":{\"@type\":\"EntryPoint\",\"urlTemplate\":\"https:\/\/www.celttv.com.ar\/?s={search_term_string}\"},\"query-input\":\"required name=search_term_string\"}],\"inLanguage\":\"es\"},{\"@type\":\"Organization\",\"@id\":\"https:\/\/www.celttv.com.ar\/#organization\",\"name\":\"CELTTV\",\"url\":\"https:\/\/www.celttv.com.ar\/\",\"sameAs\":[\"https:\/\/www.youtube.com\/channel\/UCz_oIt8Hig64Ub-EmcNPIhg\",\"https:\/\/www.facebook.com\/celtTV\/\"],\"logo\":{\"@type\":\"ImageObject\",\"inLanguage\":\"es\",\"@id\":\"https:\/\/www.celttv.com.ar\/#\/schema\/logo\/image\/\",\"url\":\"http:\/\/www.celttv.com.ar\/wp-content\/uploads\/2022\/08\/logo-1.png\",\"contentUrl\":\"http:\/\/www.celttv.com.ar\/wp-content\/uploads\/2022\/08\/logo-1.png\",\"width\":461,\"height\":159,\"caption\":\"CELTTV\"},\"image\":{\"@id\":\"https:\/\/www.celttv.com.ar\/#\/schema\/logo\/image\/\"}},{\"@type\":\"Person\",\"@id\":\"https:\/\/www.celttv.com.ar\/#\/schema\/person\/6d99c072dba59953809c81446e9d0ace\",\"name\":\"ulises\",\"image\":{\"@type\":\"ImageObject\",\"inLanguage\":\"es\",\"@id\":\"https:\/\/www.celttv.com.ar\/#\/schema\/person\/image\/\",\"url\":\"https:\/\/secure.gravatar.com\/avatar\/7f2c48bdc33b30088f941fb6082e555f2874c98e20cb159d7b92b50eadfce793?s=96&d=mm&r=g\",\"contentUrl\":\"https:\/\/secure.gravatar.com\/avatar\/7f2c48bdc33b30088f941fb6082e555f2874c98e20cb159d7b92b50eadfce793?s=96&d=mm&r=g\",\"caption\":\"ulises\"},\"sameAs\":[\"http:\/\/www.celttv.com.ar\"]}]}<\/script>\n<!-- \/ Yoast SEO plugin. -->","yoast_head_json":{"title":"Automoto Voley fue local en una nueva fecha de la Asociaci\u00f3n Bahiense de Voleibol (Fotos y resultados) - CELTTV","description":"Sitio web de noticias de la localidad de Tornquist, provincia de Buenos Aires, Rep\u00fablica Argentina. Contenido propio originado por periodistas de CELTTV, el canal de TV local de la Cooperativa El\u00e9ctrica de Tornquist. Turismo, Pol\u00edtica, Sociedad, Deporte, Cultura y todo el contenido de inter\u00e9s general que la gente del pueblo y la regi\u00f3n debe conocer.","robots":{"index":"index","follow":"follow","max-snippet":"max-snippet:-1","max-image-preview":"max-image-preview:large","max-video-preview":"max-video-preview:-1"},"canonical":"https:\/\/www.celttv.com.ar\/index.php\/2019\/05\/01\/automoto-voley-fue-local-en-una-fecha-fecha-de-la-asociacion-bahiense-de-voleibol-fotos\/","og_locale":"es_ES","og_type":"article","og_title":"Automoto Voley fue local en una nueva fecha de la Asociaci\u00f3n Bahiense de Voleibol (Fotos y resultados) - CELTTV","og_description":"Sitio web de noticias de la localidad de Tornquist, provincia de Buenos Aires, Rep\u00fablica Argentina. Contenido propio originado por periodistas de CELTTV, el canal de TV local de la Cooperativa El\u00e9ctrica de Tornquist. Turismo, Pol\u00edtica, Sociedad, Deporte, Cultura y todo el contenido de inter\u00e9s general que la gente del pueblo y la regi\u00f3n debe conocer.","og_url":"https:\/\/www.celttv.com.ar\/index.php\/2019\/05\/01\/automoto-voley-fue-local-en-una-fecha-fecha-de-la-asociacion-bahiense-de-voleibol-fotos\/","og_site_name":"CELTTV","article_publisher":"https:\/\/www.facebook.com\/celtTV\/","article_published_time":"2019-05-01T16:46:06+00:00","og_image":[{"width":2048,"height":1536,"url":"https:\/\/www.celttv.com.ar\/wp-content\/uploads\/2019\/05\/20190501_122009.jpg","type":"image\/jpeg"}],"author":"ulises","twitter_card":"summary_large_image","twitter_misc":{"Escrito por":"ulises","Tiempo de lectura":"1 minuto"},"schema":{"@context":"https:\/\/schema.org","@graph":[{"@type":"NewsArticle","@id":"https:\/\/www.celttv.com.ar\/index.php\/2019\/05\/01\/automoto-voley-fue-local-en-una-fecha-fecha-de-la-asociacion-bahiense-de-voleibol-fotos\/#article","isPartOf":{"@id":"https:\/\/www.celttv.com.ar\/index.php\/2019\/05\/01\/automoto-voley-fue-local-en-una-fecha-fecha-de-la-asociacion-bahiense-de-voleibol-fotos\/"},"author":{"name":"ulises","@id":"https:\/\/www.celttv.com.ar\/#\/schema\/person\/6d99c072dba59953809c81446e9d0ace"},"headline":"Automoto Voley fue local en una nueva fecha de la Asociaci\u00f3n Bahiense de Voleibol (Fotos y resultados)","datePublished":"2019-05-01T16:46:06+00:00","dateModified":"2019-05-01T16:46:06+00:00","mainEntityOfPage":{"@id":"https:\/\/www.celttv.com.ar\/index.php\/2019\/05\/01\/automoto-voley-fue-local-en-una-fecha-fecha-de-la-asociacion-bahiense-de-voleibol-fotos\/"},"wordCount":163,"publisher":{"@id":"https:\/\/www.celttv.com.ar\/#organization"},"articleSection":["Celt TV Noticias","Deporte","Destacadas","Magazine Sport"],"inLanguage":"es"},{"@type":"WebPage","@id":"https:\/\/www.celttv.com.ar\/index.php\/2019\/05\/01\/automoto-voley-fue-local-en-una-fecha-fecha-de-la-asociacion-bahiense-de-voleibol-fotos\/","url":"https:\/\/www.celttv.com.ar\/index.php\/2019\/05\/01\/automoto-voley-fue-local-en-una-fecha-fecha-de-la-asociacion-bahiense-de-voleibol-fotos\/","name":"Automoto Voley fue local en una nueva fecha de la Asociaci\u00f3n Bahiense de Voleibol (Fotos y resultados) - CELTTV","isPartOf":{"@id":"https:\/\/www.celttv.com.ar\/#website"},"datePublished":"2019-05-01T16:46:06+00:00","dateModified":"2019-05-01T16:46:06+00:00","description":"Sitio web de noticias de la localidad de Tornquist, provincia de Buenos Aires, Rep\u00fablica Argentina. Contenido propio originado por periodistas de CELTTV, el canal de TV local de la Cooperativa El\u00e9ctrica de Tornquist. Turismo, Pol\u00edtica, Sociedad, Deporte, Cultura y todo el contenido de inter\u00e9s general que la gente del pueblo y la regi\u00f3n debe conocer.","breadcrumb":{"@id":"https:\/\/www.celttv.com.ar\/index.php\/2019\/05\/01\/automoto-voley-fue-local-en-una-fecha-fecha-de-la-asociacion-bahiense-de-voleibol-fotos\/#breadcrumb"},"inLanguage":"es","potentialAction":[{"@type":"ReadAction","target":["https:\/\/www.celttv.com.ar\/index.php\/2019\/05\/01\/automoto-voley-fue-local-en-una-fecha-fecha-de-la-asociacion-bahiense-de-voleibol-fotos\/"]}]},{"@type":"BreadcrumbList","@id":"https:\/\/www.celttv.com.ar\/index.php\/2019\/05\/01\/automoto-voley-fue-local-en-una-fecha-fecha-de-la-asociacion-bahiense-de-voleibol-fotos\/#breadcrumb","itemListElement":[{"@type":"ListItem","position":1,"name":"Inicio","item":"https:\/\/www.celttv.com.ar\/"},{"@type":"ListItem","position":2,"name":"Automoto Voley fue local en una nueva fecha de la Asociaci\u00f3n Bahiense de Voleibol (Fotos y resultados)"}]},{"@type":"WebSite","@id":"https:\/\/www.celttv.com.ar\/#website","url":"https:\/\/www.celttv.com.ar\/","name":"CELTTV","description":"Cooperativa El\u00e9ctrica de Tornquist","publisher":{"@id":"https:\/\/www.celttv.com.ar\/#organization"},"potentialAction":[{"@type":"SearchAction","target":{"@type":"EntryPoint","urlTemplate":"https:\/\/www.celttv.com.ar\/?s={search_term_string}"},"query-input":"required name=search_term_string"}],"inLanguage":"es"},{"@type":"Organization","@id":"https:\/\/www.celttv.com.ar\/#organization","name":"CELTTV","url":"https:\/\/www.celttv.com.ar\/","sameAs":["https:\/\/www.youtube.com\/channel\/UCz_oIt8Hig64Ub-EmcNPIhg","https:\/\/www.facebook.com\/celtTV\/"],"logo":{"@type":"ImageObject","inLanguage":"es","@id":"https:\/\/www.celttv.com.ar\/#\/schema\/logo\/image\/","url":"http:\/\/www.celttv.com.ar\/wp-content\/uploads\/2022\/08\/logo-1.png","contentUrl":"http:\/\/www.celttv.com.ar\/wp-content\/uploads\/2022\/08\/logo-1.png","width":461,"height":159,"caption":"CELTTV"},"image":{"@id":"https:\/\/www.celttv.com.ar\/#\/schema\/logo\/image\/"}},{"@type":"Person","@id":"https:\/\/www.celttv.com.ar\/#\/schema\/person\/6d99c072dba59953809c81446e9d0ace","name":"ulises","image":{"@type":"ImageObject","inLanguage":"es","@id":"https:\/\/www.celttv.com.ar\/#\/schema\/person\/image\/","url":"https:\/\/secure.gravatar.com\/avatar\/7f2c48bdc33b30088f941fb6082e555f2874c98e20cb159d7b92b50eadfce793?s=96&d=mm&r=g","contentUrl":"https:\/\/secure.gravatar.com\/avatar\/7f2c48bdc33b30088f941fb6082e555f2874c98e20cb159d7b92b50eadfce793?s=96&d=mm&r=g","caption":"ulises"},"sameAs":["http:\/\/www.celttv.com.ar"]}]}},"_links":{"self":[{"href":"https:\/\/www.celttv.com.ar\/index.php\/wp-json\/wp\/v2\/posts\/41262","targetHints":{"allow":["GET"]}}],"collection":[{"href":"https:\/\/www.celttv.com.ar\/index.php\/wp-json\/wp\/v2\/posts"}],"about":[{"href":"https:\/\/www.celttv.com.ar\/index.php\/wp-json\/wp\/v2\/types\/post"}],"author":[{"embeddable":true,"href":"https:\/\/www.celttv.com.ar\/index.php\/wp-json\/wp\/v2\/users\/1"}],"replies":[{"embeddable":true,"href":"https:\/\/www.celttv.com.ar\/index.php\/wp-json\/wp\/v2\/comments?post=41262"}],"version-history":[{"count":0,"href":"https:\/\/www.celttv.com.ar\/index.php\/wp-json\/wp\/v2\/posts\/41262\/revisions"}],"wp:featuredmedia":[{"embeddable":true,"href":"https:\/\/www.celttv.com.ar\/index.php\/wp-json\/wp\/v2\/media\/41264"}],"wp:attachment":[{"href":"https:\/\/www.celttv.com.ar\/index.php\/wp-json\/wp\/v2\/media?parent=41262"}],"wp:term":[{"taxonomy":"category","embeddable":true,"href":"https:\/\/www.celttv.com.ar\/index.php\/wp-json\/wp\/v2\/categories?post=41262"},{"taxonomy":"post_tag","embeddable":true,"href":"https:\/\/www.celttv.com.ar\/index.php\/wp-json\/wp\/v2\/tags?post=41262"}],"curies":[{"name":"wp","href":"https:\/\/api.w.org\/{rel}","templated":true}]}}