{"id":41273,"date":"2019-05-02T20:25:33","date_gmt":"2019-05-02T20:25:33","guid":{"rendered":"http:\/\/www.celttv.com.ar\/?p=41273"},"modified":"2019-05-02T20:25:33","modified_gmt":"2019-05-02T20:25:33","slug":"cuatro-aprehendidos-en-villa-ventana-por-tenencia-de-drogas","status":"publish","type":"post","link":"https:\/\/www.celttv.com.ar\/index.php\/2019\/05\/02\/cuatro-aprehendidos-en-villa-ventana-por-tenencia-de-drogas\/","title":{"rendered":"Cuatro aprehendidos en Villa Ventana por tenencia de drogas"},"content":{"rendered":"<p style=\"font-weight: 400;\">Se lleva a conocimiento de la poblaci\u00f3n que en el marco a las tareas investigativas que se vienen llevando a cabo por parte del personal policial dependiente de la Jefatura de Polic\u00eda Comunal Tornquist tendientes a la represi\u00f3n de la compra-venta de estupefacientes, con fecha 1 de Mayo del corriente mes y a\u00f1o personal policial del Puesto de Vigilancia Villa Ventana procedi\u00f3 a la aprehensi\u00f3n de cuatro sujetos identificados como\u00a0<strong>Castillo Mariano Andr\u00e9s<\/strong>\u00a0de actuales 39 a\u00f1os de edad, oriundo de la localidad Bonaerense de Quilmes,\u00a0<strong>Reim Santiago Ezequiel<\/strong>\u00a0de 25 a\u00f1os,\u00a0<strong>Reim Yamila Soledad<\/strong>\u00a0de 18 a\u00f1os y\u00a0<strong>una menor de edad<\/strong>\u00a0que por razones legales no se aportan circunstancias personales, estos \u00faltimos oriundos de Coronel Suarez, quienes se movilizaban a bordo de un Chevrolet Prisma \u00faltimo modelo, siendo los malvivientes interceptados y sorprendidos por los uniformados cuyos efectivos policiales en el interior del habit\u00e1culo de dicho veh\u00edculo procedieron al secuestro de 54,4 gms. de sustancia en polvo s\u00edmil a la coca\u00edna, 33,32 gms, de sustancia en yerba s\u00edmil a la marihuana, dos cigarrillos armados en textura y aloma a la marihuana por un pesaje de 0,53 gms, y tambi\u00e9n se constat\u00f3 la cantidad de\u00a051,96, gms. en polvo de pastillas utilizadas para el corte de la coca\u00edna.<\/p>\n<p style=\"font-weight: 400;\">\u00a0 Tambi\u00e9n los uniformados se sorprendieron al constatar la existencia de balanzas de precisi\u00f3n, (las que com\u00fanmente se utilizan para el pesaje de la coca\u00edna y marihuana) y elementos de corte para la confecci\u00f3n de los estupefacientes, como tambi\u00e9n la cantidad de $ 45.750 argentinos, vinculados a la comercializaci\u00f3n de las drogas il\u00edcitas, no obstante a lo detallado se secuestr\u00f3 diversa cantidad de plaquetas de pastillas como Clonazepam, Betemetasona, Risperidona, Pridinol, Blokiom, y Refrianex, medicaci\u00f3n que tambi\u00e9n se hallaban en poder de los malvivientes.-<\/p>\n<p style=\"font-weight: 400;\">\u00a0 Se solicit\u00f3 la colaboraci\u00f3n a la Delegaci\u00f3n Departamental del Trafico de Drogas Il\u00edcitas Bah\u00eda Blanca para la realizaci\u00f3n de los test de orientaci\u00f3n en reactivos determinando y finalizando que est\u00e1bamos ante la presencia de\u00a0<strong>COCAINA Y MARIHUANA, Y POLVO DE PASTILLAS UTILIZADAS PARA EL CORTE DE LA COCAINA<\/strong>.- Por lo detallado en marras se Instruyen actuaciones prevencionales que pesan sobre estos sujetos caratulas\u00a0<strong>INFRACCION A LA LEY 23.737<\/strong>, (Ley de Estupefacientes) con intervenci\u00f3n de la Unidad Funcional de Instrucci\u00f3n y Juicio nro. 19 y de la Unidad de Instrucci\u00f3n y Juicio de Fuero de Responsabilidad Juvenil en turno del Departamento Judicial Bah\u00eda Blanca, quedando los imputados ut-supra nombrados\u00a0\u00a0alojados en los calabozos de la Estaci\u00f3n de Polic\u00eda Comunal Tornquist a excepci\u00f3n de la menor.-<\/p>\n<p style=\"font-weight: 400;\">Desde esta Secretaria de Seguridad queremos felicitar al personal policial de la comarca por las tareas tanto preventivas como investigativas que vienen llevando a cabo en el transcurso de nuestra gesti\u00f3n trabajando para garantizar los bienes jur\u00eddicos de la gente.-<\/p>\n<p style=\"font-weight: 400;\">\n","protected":false},"excerpt":{"rendered":"<p>Se lleva a conocimiento de la poblaci\u00f3n que en el marco a las tareas investigativas que se vienen llevando a cabo por parte del personal policial dependiente de la Jefatura de Polic\u00eda Comunal Tornquist tendientes a la represi\u00f3n de la compra-venta de estupefacientes, con fecha 1 de Mayo del corriente mes y a\u00f1o personal policial [&hellip;]<\/p>\n","protected":false},"author":1,"featured_media":41274,"comment_status":"closed","ping_status":"open","sticky":false,"template":"","format":"standard","meta":{"footnotes":""},"categories":[52,61],"tags":[],"class_list":["post-41273","post","type-post","status-publish","format-standard","has-post-thumbnail","hentry","category-destacadas","category-policiales"],"yoast_head":"<!-- This site is optimized with the Yoast SEO plugin v19.7.1 - https:\/\/yoast.com\/wordpress\/plugins\/seo\/ -->\n<title>Cuatro aprehendidos en Villa Ventana por tenencia de drogas - CELTTV<\/title>\n<meta name=\"description\" content=\"Sitio web de noticias de la localidad de Tornquist, provincia de Buenos Aires, Rep\u00fablica Argentina. Contenido propio originado por periodistas de CELTTV, el canal de TV local de la Cooperativa El\u00e9ctrica de Tornquist. Turismo, Pol\u00edtica, Sociedad, Deporte, Cultura y todo el contenido de inter\u00e9s general que la gente del pueblo y la regi\u00f3n debe conocer.\" \/>\n<meta name=\"robots\" content=\"index, follow, max-snippet:-1, max-image-preview:large, max-video-preview:-1\" \/>\n<link rel=\"canonical\" href=\"https:\/\/www.celttv.com.ar\/index.php\/2019\/05\/02\/cuatro-aprehendidos-en-villa-ventana-por-tenencia-de-drogas\/\" \/>\n<meta property=\"og:locale\" content=\"es_ES\" \/>\n<meta property=\"og:type\" content=\"article\" \/>\n<meta property=\"og:title\" content=\"Cuatro aprehendidos en Villa Ventana por tenencia de drogas - CELTTV\" \/>\n<meta property=\"og:description\" content=\"Sitio web de noticias de la localidad de Tornquist, provincia de Buenos Aires, Rep\u00fablica Argentina. Contenido propio originado por periodistas de CELTTV, el canal de TV local de la Cooperativa El\u00e9ctrica de Tornquist. Turismo, Pol\u00edtica, Sociedad, Deporte, Cultura y todo el contenido de inter\u00e9s general que la gente del pueblo y la regi\u00f3n debe conocer.\" \/>\n<meta property=\"og:url\" content=\"https:\/\/www.celttv.com.ar\/index.php\/2019\/05\/02\/cuatro-aprehendidos-en-villa-ventana-por-tenencia-de-drogas\/\" \/>\n<meta property=\"og:site_name\" content=\"CELTTV\" \/>\n<meta property=\"article:publisher\" content=\"https:\/\/www.facebook.com\/celtTV\/\" \/>\n<meta property=\"article:published_time\" content=\"2019-05-02T20:25:33+00:00\" \/>\n<meta property=\"og:image\" content=\"https:\/\/www.celttv.com.ar\/wp-content\/uploads\/2019\/05\/DROGAS-Small.jpg\" \/>\n\t<meta property=\"og:image:width\" content=\"854\" \/>\n\t<meta property=\"og:image:height\" content=\"461\" \/>\n\t<meta property=\"og:image:type\" content=\"image\/jpeg\" \/>\n<meta name=\"author\" content=\"ulises\" \/>\n<meta name=\"twitter:card\" content=\"summary_large_image\" \/>\n<meta name=\"twitter:label1\" content=\"Escrito por\" \/>\n\t<meta name=\"twitter:data1\" content=\"ulises\" \/>\n\t<meta name=\"twitter:label2\" content=\"Tiempo de lectura\" \/>\n\t<meta name=\"twitter:data2\" content=\"2 minutos\" \/>\n<script type=\"application\/ld+json\" class=\"yoast-schema-graph\">{\"@context\":\"https:\/\/schema.org\",\"@graph\":[{\"@type\":\"NewsArticle\",\"@id\":\"https:\/\/www.celttv.com.ar\/index.php\/2019\/05\/02\/cuatro-aprehendidos-en-villa-ventana-por-tenencia-de-drogas\/#article\",\"isPartOf\":{\"@id\":\"https:\/\/www.celttv.com.ar\/index.php\/2019\/05\/02\/cuatro-aprehendidos-en-villa-ventana-por-tenencia-de-drogas\/\"},\"author\":{\"name\":\"ulises\",\"@id\":\"https:\/\/www.celttv.com.ar\/#\/schema\/person\/6d99c072dba59953809c81446e9d0ace\"},\"headline\":\"Cuatro aprehendidos en Villa Ventana por tenencia de drogas\",\"datePublished\":\"2019-05-02T20:25:33+00:00\",\"dateModified\":\"2019-05-02T20:25:33+00:00\",\"mainEntityOfPage\":{\"@id\":\"https:\/\/www.celttv.com.ar\/index.php\/2019\/05\/02\/cuatro-aprehendidos-en-villa-ventana-por-tenencia-de-drogas\/\"},\"wordCount\":498,\"publisher\":{\"@id\":\"https:\/\/www.celttv.com.ar\/#organization\"},\"articleSection\":[\"Destacadas\",\"Policiales\"],\"inLanguage\":\"es\"},{\"@type\":\"WebPage\",\"@id\":\"https:\/\/www.celttv.com.ar\/index.php\/2019\/05\/02\/cuatro-aprehendidos-en-villa-ventana-por-tenencia-de-drogas\/\",\"url\":\"https:\/\/www.celttv.com.ar\/index.php\/2019\/05\/02\/cuatro-aprehendidos-en-villa-ventana-por-tenencia-de-drogas\/\",\"name\":\"Cuatro aprehendidos en Villa Ventana por tenencia de drogas - CELTTV\",\"isPartOf\":{\"@id\":\"https:\/\/www.celttv.com.ar\/#website\"},\"datePublished\":\"2019-05-02T20:25:33+00:00\",\"dateModified\":\"2019-05-02T20:25:33+00:00\",\"description\":\"Sitio web de noticias de la localidad de Tornquist, provincia de Buenos Aires, Rep\u00fablica Argentina. Contenido propio originado por periodistas de CELTTV, el canal de TV local de la Cooperativa El\u00e9ctrica de Tornquist. Turismo, Pol\u00edtica, Sociedad, Deporte, Cultura y todo el contenido de inter\u00e9s general que la gente del pueblo y la regi\u00f3n debe conocer.\",\"breadcrumb\":{\"@id\":\"https:\/\/www.celttv.com.ar\/index.php\/2019\/05\/02\/cuatro-aprehendidos-en-villa-ventana-por-tenencia-de-drogas\/#breadcrumb\"},\"inLanguage\":\"es\",\"potentialAction\":[{\"@type\":\"ReadAction\",\"target\":[\"https:\/\/www.celttv.com.ar\/index.php\/2019\/05\/02\/cuatro-aprehendidos-en-villa-ventana-por-tenencia-de-drogas\/\"]}]},{\"@type\":\"BreadcrumbList\",\"@id\":\"https:\/\/www.celttv.com.ar\/index.php\/2019\/05\/02\/cuatro-aprehendidos-en-villa-ventana-por-tenencia-de-drogas\/#breadcrumb\",\"itemListElement\":[{\"@type\":\"ListItem\",\"position\":1,\"name\":\"Inicio\",\"item\":\"https:\/\/www.celttv.com.ar\/\"},{\"@type\":\"ListItem\",\"position\":2,\"name\":\"Cuatro aprehendidos en Villa Ventana por tenencia de drogas\"}]},{\"@type\":\"WebSite\",\"@id\":\"https:\/\/www.celttv.com.ar\/#website\",\"url\":\"https:\/\/www.celttv.com.ar\/\",\"name\":\"CELTTV\",\"description\":\"Cooperativa El\u00e9ctrica de Tornquist\",\"publisher\":{\"@id\":\"https:\/\/www.celttv.com.ar\/#organization\"},\"potentialAction\":[{\"@type\":\"SearchAction\",\"target\":{\"@type\":\"EntryPoint\",\"urlTemplate\":\"https:\/\/www.celttv.com.ar\/?s={search_term_string}\"},\"query-input\":\"required name=search_term_string\"}],\"inLanguage\":\"es\"},{\"@type\":\"Organization\",\"@id\":\"https:\/\/www.celttv.com.ar\/#organization\",\"name\":\"CELTTV\",\"url\":\"https:\/\/www.celttv.com.ar\/\",\"sameAs\":[\"https:\/\/www.youtube.com\/channel\/UCz_oIt8Hig64Ub-EmcNPIhg\",\"https:\/\/www.facebook.com\/celtTV\/\"],\"logo\":{\"@type\":\"ImageObject\",\"inLanguage\":\"es\",\"@id\":\"https:\/\/www.celttv.com.ar\/#\/schema\/logo\/image\/\",\"url\":\"http:\/\/www.celttv.com.ar\/wp-content\/uploads\/2022\/08\/logo-1.png\",\"contentUrl\":\"http:\/\/www.celttv.com.ar\/wp-content\/uploads\/2022\/08\/logo-1.png\",\"width\":461,\"height\":159,\"caption\":\"CELTTV\"},\"image\":{\"@id\":\"https:\/\/www.celttv.com.ar\/#\/schema\/logo\/image\/\"}},{\"@type\":\"Person\",\"@id\":\"https:\/\/www.celttv.com.ar\/#\/schema\/person\/6d99c072dba59953809c81446e9d0ace\",\"name\":\"ulises\",\"image\":{\"@type\":\"ImageObject\",\"inLanguage\":\"es\",\"@id\":\"https:\/\/www.celttv.com.ar\/#\/schema\/person\/image\/\",\"url\":\"https:\/\/secure.gravatar.com\/avatar\/7f2c48bdc33b30088f941fb6082e555f2874c98e20cb159d7b92b50eadfce793?s=96&d=mm&r=g\",\"contentUrl\":\"https:\/\/secure.gravatar.com\/avatar\/7f2c48bdc33b30088f941fb6082e555f2874c98e20cb159d7b92b50eadfce793?s=96&d=mm&r=g\",\"caption\":\"ulises\"},\"sameAs\":[\"http:\/\/www.celttv.com.ar\"]}]}<\/script>\n<!-- \/ Yoast SEO plugin. -->","yoast_head_json":{"title":"Cuatro aprehendidos en Villa Ventana por tenencia de drogas - CELTTV","description":"Sitio web de noticias de la localidad de Tornquist, provincia de Buenos Aires, Rep\u00fablica Argentina. Contenido propio originado por periodistas de CELTTV, el canal de TV local de la Cooperativa El\u00e9ctrica de Tornquist. Turismo, Pol\u00edtica, Sociedad, Deporte, Cultura y todo el contenido de inter\u00e9s general que la gente del pueblo y la regi\u00f3n debe conocer.","robots":{"index":"index","follow":"follow","max-snippet":"max-snippet:-1","max-image-preview":"max-image-preview:large","max-video-preview":"max-video-preview:-1"},"canonical":"https:\/\/www.celttv.com.ar\/index.php\/2019\/05\/02\/cuatro-aprehendidos-en-villa-ventana-por-tenencia-de-drogas\/","og_locale":"es_ES","og_type":"article","og_title":"Cuatro aprehendidos en Villa Ventana por tenencia de drogas - CELTTV","og_description":"Sitio web de noticias de la localidad de Tornquist, provincia de Buenos Aires, Rep\u00fablica Argentina. Contenido propio originado por periodistas de CELTTV, el canal de TV local de la Cooperativa El\u00e9ctrica de Tornquist. Turismo, Pol\u00edtica, Sociedad, Deporte, Cultura y todo el contenido de inter\u00e9s general que la gente del pueblo y la regi\u00f3n debe conocer.","og_url":"https:\/\/www.celttv.com.ar\/index.php\/2019\/05\/02\/cuatro-aprehendidos-en-villa-ventana-por-tenencia-de-drogas\/","og_site_name":"CELTTV","article_publisher":"https:\/\/www.facebook.com\/celtTV\/","article_published_time":"2019-05-02T20:25:33+00:00","og_image":[{"width":854,"height":461,"url":"https:\/\/www.celttv.com.ar\/wp-content\/uploads\/2019\/05\/DROGAS-Small.jpg","type":"image\/jpeg"}],"author":"ulises","twitter_card":"summary_large_image","twitter_misc":{"Escrito por":"ulises","Tiempo de lectura":"2 minutos"},"schema":{"@context":"https:\/\/schema.org","@graph":[{"@type":"NewsArticle","@id":"https:\/\/www.celttv.com.ar\/index.php\/2019\/05\/02\/cuatro-aprehendidos-en-villa-ventana-por-tenencia-de-drogas\/#article","isPartOf":{"@id":"https:\/\/www.celttv.com.ar\/index.php\/2019\/05\/02\/cuatro-aprehendidos-en-villa-ventana-por-tenencia-de-drogas\/"},"author":{"name":"ulises","@id":"https:\/\/www.celttv.com.ar\/#\/schema\/person\/6d99c072dba59953809c81446e9d0ace"},"headline":"Cuatro aprehendidos en Villa Ventana por tenencia de drogas","datePublished":"2019-05-02T20:25:33+00:00","dateModified":"2019-05-02T20:25:33+00:00","mainEntityOfPage":{"@id":"https:\/\/www.celttv.com.ar\/index.php\/2019\/05\/02\/cuatro-aprehendidos-en-villa-ventana-por-tenencia-de-drogas\/"},"wordCount":498,"publisher":{"@id":"https:\/\/www.celttv.com.ar\/#organization"},"articleSection":["Destacadas","Policiales"],"inLanguage":"es"},{"@type":"WebPage","@id":"https:\/\/www.celttv.com.ar\/index.php\/2019\/05\/02\/cuatro-aprehendidos-en-villa-ventana-por-tenencia-de-drogas\/","url":"https:\/\/www.celttv.com.ar\/index.php\/2019\/05\/02\/cuatro-aprehendidos-en-villa-ventana-por-tenencia-de-drogas\/","name":"Cuatro aprehendidos en Villa Ventana por tenencia de drogas - CELTTV","isPartOf":{"@id":"https:\/\/www.celttv.com.ar\/#website"},"datePublished":"2019-05-02T20:25:33+00:00","dateModified":"2019-05-02T20:25:33+00:00","description":"Sitio web de noticias de la localidad de Tornquist, provincia de Buenos Aires, Rep\u00fablica Argentina. Contenido propio originado por periodistas de CELTTV, el canal de TV local de la Cooperativa El\u00e9ctrica de Tornquist. Turismo, Pol\u00edtica, Sociedad, Deporte, Cultura y todo el contenido de inter\u00e9s general que la gente del pueblo y la regi\u00f3n debe conocer.","breadcrumb":{"@id":"https:\/\/www.celttv.com.ar\/index.php\/2019\/05\/02\/cuatro-aprehendidos-en-villa-ventana-por-tenencia-de-drogas\/#breadcrumb"},"inLanguage":"es","potentialAction":[{"@type":"ReadAction","target":["https:\/\/www.celttv.com.ar\/index.php\/2019\/05\/02\/cuatro-aprehendidos-en-villa-ventana-por-tenencia-de-drogas\/"]}]},{"@type":"BreadcrumbList","@id":"https:\/\/www.celttv.com.ar\/index.php\/2019\/05\/02\/cuatro-aprehendidos-en-villa-ventana-por-tenencia-de-drogas\/#breadcrumb","itemListElement":[{"@type":"ListItem","position":1,"name":"Inicio","item":"https:\/\/www.celttv.com.ar\/"},{"@type":"ListItem","position":2,"name":"Cuatro aprehendidos en Villa Ventana por tenencia de drogas"}]},{"@type":"WebSite","@id":"https:\/\/www.celttv.com.ar\/#website","url":"https:\/\/www.celttv.com.ar\/","name":"CELTTV","description":"Cooperativa El\u00e9ctrica de Tornquist","publisher":{"@id":"https:\/\/www.celttv.com.ar\/#organization"},"potentialAction":[{"@type":"SearchAction","target":{"@type":"EntryPoint","urlTemplate":"https:\/\/www.celttv.com.ar\/?s={search_term_string}"},"query-input":"required name=search_term_string"}],"inLanguage":"es"},{"@type":"Organization","@id":"https:\/\/www.celttv.com.ar\/#organization","name":"CELTTV","url":"https:\/\/www.celttv.com.ar\/","sameAs":["https:\/\/www.youtube.com\/channel\/UCz_oIt8Hig64Ub-EmcNPIhg","https:\/\/www.facebook.com\/celtTV\/"],"logo":{"@type":"ImageObject","inLanguage":"es","@id":"https:\/\/www.celttv.com.ar\/#\/schema\/logo\/image\/","url":"http:\/\/www.celttv.com.ar\/wp-content\/uploads\/2022\/08\/logo-1.png","contentUrl":"http:\/\/www.celttv.com.ar\/wp-content\/uploads\/2022\/08\/logo-1.png","width":461,"height":159,"caption":"CELTTV"},"image":{"@id":"https:\/\/www.celttv.com.ar\/#\/schema\/logo\/image\/"}},{"@type":"Person","@id":"https:\/\/www.celttv.com.ar\/#\/schema\/person\/6d99c072dba59953809c81446e9d0ace","name":"ulises","image":{"@type":"ImageObject","inLanguage":"es","@id":"https:\/\/www.celttv.com.ar\/#\/schema\/person\/image\/","url":"https:\/\/secure.gravatar.com\/avatar\/7f2c48bdc33b30088f941fb6082e555f2874c98e20cb159d7b92b50eadfce793?s=96&d=mm&r=g","contentUrl":"https:\/\/secure.gravatar.com\/avatar\/7f2c48bdc33b30088f941fb6082e555f2874c98e20cb159d7b92b50eadfce793?s=96&d=mm&r=g","caption":"ulises"},"sameAs":["http:\/\/www.celttv.com.ar"]}]}},"_links":{"self":[{"href":"https:\/\/www.celttv.com.ar\/index.php\/wp-json\/wp\/v2\/posts\/41273","targetHints":{"allow":["GET"]}}],"collection":[{"href":"https:\/\/www.celttv.com.ar\/index.php\/wp-json\/wp\/v2\/posts"}],"about":[{"href":"https:\/\/www.celttv.com.ar\/index.php\/wp-json\/wp\/v2\/types\/post"}],"author":[{"embeddable":true,"href":"https:\/\/www.celttv.com.ar\/index.php\/wp-json\/wp\/v2\/users\/1"}],"replies":[{"embeddable":true,"href":"https:\/\/www.celttv.com.ar\/index.php\/wp-json\/wp\/v2\/comments?post=41273"}],"version-history":[{"count":0,"href":"https:\/\/www.celttv.com.ar\/index.php\/wp-json\/wp\/v2\/posts\/41273\/revisions"}],"wp:featuredmedia":[{"embeddable":true,"href":"https:\/\/www.celttv.com.ar\/index.php\/wp-json\/wp\/v2\/media\/41274"}],"wp:attachment":[{"href":"https:\/\/www.celttv.com.ar\/index.php\/wp-json\/wp\/v2\/media?parent=41273"}],"wp:term":[{"taxonomy":"category","embeddable":true,"href":"https:\/\/www.celttv.com.ar\/index.php\/wp-json\/wp\/v2\/categories?post=41273"},{"taxonomy":"post_tag","embeddable":true,"href":"https:\/\/www.celttv.com.ar\/index.php\/wp-json\/wp\/v2\/tags?post=41273"}],"curies":[{"name":"wp","href":"https:\/\/api.w.org\/{rel}","templated":true}]}}