{"id":4131,"date":"2011-12-27T20:23:09","date_gmt":"2011-12-27T20:23:09","guid":{"rendered":"http:\/\/www.tvcnoticias.com.ar\/?p=4131"},"modified":"2011-12-27T20:23:09","modified_gmt":"2011-12-27T20:23:09","slug":"el-hcd-se-reunio-con-los-responsables-de-obras-publicas-y-salud","status":"publish","type":"post","link":"https:\/\/www.celttv.com.ar\/index.php\/2011\/12\/27\/el-hcd-se-reunio-con-los-responsables-de-obras-publicas-y-salud\/","title":{"rendered":"EL HCD. SE REUNIO CON LOS RESPONSABLES DE OBRAS PUBLICAS Y SALUD"},"content":{"rendered":"<p>Analizaron la problem\u00e1tica del agua, el funcionamiento del hospital municipal y los avances en la construcci\u00f3n de la ampliaci\u00f3n de la Unidad Sanitaria de Sierra de la Ventana<br \/>\nSeg\u00fan lo solicitado por el Concejal Horacio Buitrago en la Primer Sesi\u00f3n de Pr\u00f3rroga que se llevara a cabo el d\u00eda 12 de diciembre, el martes 20 del corriente se reunieron los Concejales con la Directora de Salud y Bromatolog\u00eda del municipio para conversar sobre temas relacionados a su \u00e1rea.<br \/>\nPrevia a esta reuni\u00f3n, los Concejales tuvieron una charla con la Secretaria de Obras y Servicios P\u00fablicos, Arq. Anabella Madue\u00f1a, y el Subsecretario Sr. Cristian Trankels, para consultarle sobre los avances de la obra que se est\u00e1 realizando en la Unidad Sanitaria de Sierra de la Ventana.\u00a0 En esta oportunidad, la Arquitecta Madue\u00f1a manifest\u00f3 que de seguir al ritmo que se est\u00e1 manteniendo hasta ahora en dos meses podr\u00eda concluir la obra iniciada, con la salvedad que al comenzar la temporada estival, y acrecentarse la demanda, esto podr\u00eda atrasar un poco la conclusi\u00f3n de obra. Acuerdan una reuni\u00f3n para el mi\u00e9rcoles a partir de las 8 hs. donde se trate el tema de la escasez h\u00eddrica.<br \/>\nEn relaci\u00f3n a la charla mantenida con la Secretaria de Salud y Bromatolog\u00eda, la Sra. Mirta \u00c1vila inform\u00f3 a los presentes el resultado de la aparatolog\u00eda adquirida para el \u00e1rea de salud en los \u00faltimos tiempos. Convers\u00f3 sobre el desempe\u00f1o de los m\u00e9dicos estables y los que hacen guardias en el hospital y en las salas m\u00e9dicas. Inform\u00f3 que lo recaudado por la tasa de salud ha sido de mucha utilidad para adquirir implementos necesarios, como la compra de una camilla automatizada, de mucha utilidad para evitar la manipulaci\u00f3n de elementos no esterilizados. Ante la inquietud en relaci\u00f3n a un registro del los principales motivos de consultas m\u00e9dicas, se respondi\u00f3 que no hay un registro clasificando los motivos, pero si se ha notado una menor demanda de consultas en el hospital, lo que demuestra que se est\u00e1 trabajando mejor en las salas m\u00e9dicas, es decir que ha mejorado la descentralizaci\u00f3n de la atenci\u00f3n.<br \/>\nEl mi\u00e9rcoles a partir de las 8:30 hs. dio comienzo la reuni\u00f3n en la que se analiz\u00f3 el tema de la falta de agua en ciertos sectores de la ciudad de Tornquist, y\u00a0 el proyecto de ordenanza de escasez h\u00eddrica. En la misma se hicieron presentes Concejales, el Secretario Legislativo Ezequiel Gabella, la Secretaria de Obras y Servicios P\u00fablicos Anabella Madue\u00f1a, el Subsecretario Cristian Trankels, y el jefe del \u00e1rea de aguas corrientes Juan Salazar. Durante su desarrollo se convers\u00f3 sobre la posibilidad de sancionar la ordenanza donde se plantee el tema del cuidado del agua potable. Se consult\u00f3 sobre una soluci\u00f3n r\u00e1pida para solucionar el tema del desabastecimiento de agua, ya que el recurso no falta. Desde Obras P\u00fablicas se inform\u00f3 que el 19 de enero se abren los sobres para licitar la obra del pozo N\u00ba 7\u00a0 a realizarse en Tornquist, con lo que se prev\u00e9 solucionar en gran parte el abastecimiento de agua. Tambi\u00e9n se convers\u00f3 sobre el recambio de medidores que ya se encuentran obsoletos, y desde el \u00e1rea reconocieron sectores de p\u00e9rdidas de agua que deben solucionar.<br \/>\nPrensa\u00a0 HCD<br \/>\n<img loading=\"lazy\" decoding=\"async\" class=\"aligncenter size-full wp-image-4132\" title=\"HCD 3 (Small)\" src=\"http:\/\/www.tvcnoticias.com.ar\/wp-content\/uploads\/2011\/12\/HCD-3-Small.jpg\" alt=\"\" width=\"640\" height=\"480\" \/><img loading=\"lazy\" decoding=\"async\" class=\"aligncenter size-full wp-image-4133\" title=\"HCD 1 (Small)\" src=\"http:\/\/www.tvcnoticias.com.ar\/wp-content\/uploads\/2011\/12\/HCD-1-Small.jpg\" alt=\"\" width=\"640\" height=\"480\" \/><img loading=\"lazy\" decoding=\"async\" class=\"aligncenter size-full wp-image-4132\" title=\"HCD 3 (Small)\" src=\"http:\/\/www.tvcnoticias.com.ar\/wp-content\/uploads\/2011\/12\/HCD-3-Small.jpg\" alt=\"\" width=\"640\" height=\"480\" \/><\/p>\n","protected":false},"excerpt":{"rendered":"<p>Analizaron la problem\u00e1tica del agua, el funcionamiento del hospital municipal y los avances en la construcci\u00f3n de la ampliaci\u00f3n de la Unidad Sanitaria de Sierra de la Ventana Seg\u00fan lo solicitado por el Concejal Horacio Buitrago en la Primer Sesi\u00f3n de Pr\u00f3rroga que se llevara a cabo el d\u00eda 12 de diciembre, el martes 20 [&hellip;]<\/p>\n","protected":false},"author":1,"featured_media":0,"comment_status":"closed","ping_status":"open","sticky":false,"template":"","format":"standard","meta":{"footnotes":""},"categories":[51,52,53],"tags":[],"class_list":["post-4131","post","type-post","status-publish","format-standard","hentry","category-comunidad","category-destacadas","category-politica"],"yoast_head":"<!-- This site is optimized with the Yoast SEO plugin v19.7.1 - https:\/\/yoast.com\/wordpress\/plugins\/seo\/ -->\n<title>EL HCD. SE REUNIO CON LOS RESPONSABLES DE OBRAS PUBLICAS Y SALUD - CELTTV<\/title>\n<meta name=\"description\" content=\"Sitio web de noticias de la localidad de Tornquist, provincia de Buenos Aires, Rep\u00fablica Argentina. Contenido propio originado por periodistas de CELTTV, el canal de TV local de la Cooperativa El\u00e9ctrica de Tornquist. Turismo, Pol\u00edtica, Sociedad, Deporte, Cultura y todo el contenido de inter\u00e9s general que la gente del pueblo y la regi\u00f3n debe conocer.\" \/>\n<meta name=\"robots\" content=\"index, follow, max-snippet:-1, max-image-preview:large, max-video-preview:-1\" \/>\n<link rel=\"canonical\" href=\"https:\/\/www.celttv.com.ar\/index.php\/2011\/12\/27\/el-hcd-se-reunio-con-los-responsables-de-obras-publicas-y-salud\/\" \/>\n<meta property=\"og:locale\" content=\"es_ES\" \/>\n<meta property=\"og:type\" content=\"article\" \/>\n<meta property=\"og:title\" content=\"EL HCD. SE REUNIO CON LOS RESPONSABLES DE OBRAS PUBLICAS Y SALUD - CELTTV\" \/>\n<meta property=\"og:description\" content=\"Sitio web de noticias de la localidad de Tornquist, provincia de Buenos Aires, Rep\u00fablica Argentina. Contenido propio originado por periodistas de CELTTV, el canal de TV local de la Cooperativa El\u00e9ctrica de Tornquist. Turismo, Pol\u00edtica, Sociedad, Deporte, Cultura y todo el contenido de inter\u00e9s general que la gente del pueblo y la regi\u00f3n debe conocer.\" \/>\n<meta property=\"og:url\" content=\"https:\/\/www.celttv.com.ar\/index.php\/2011\/12\/27\/el-hcd-se-reunio-con-los-responsables-de-obras-publicas-y-salud\/\" \/>\n<meta property=\"og:site_name\" content=\"CELTTV\" \/>\n<meta property=\"article:publisher\" content=\"https:\/\/www.facebook.com\/celtTV\/\" \/>\n<meta property=\"article:published_time\" content=\"2011-12-27T20:23:09+00:00\" \/>\n<meta property=\"og:image\" content=\"http:\/\/www.tvcnoticias.com.ar\/wp-content\/uploads\/2011\/12\/HCD-3-Small.jpg\" \/>\n<meta name=\"author\" content=\"ulises\" \/>\n<meta name=\"twitter:card\" content=\"summary_large_image\" \/>\n<meta name=\"twitter:label1\" content=\"Escrito por\" \/>\n\t<meta name=\"twitter:data1\" content=\"ulises\" \/>\n\t<meta name=\"twitter:label2\" content=\"Tiempo de lectura\" \/>\n\t<meta name=\"twitter:data2\" content=\"3 minutos\" \/>\n<script type=\"application\/ld+json\" class=\"yoast-schema-graph\">{\"@context\":\"https:\/\/schema.org\",\"@graph\":[{\"@type\":\"NewsArticle\",\"@id\":\"https:\/\/www.celttv.com.ar\/index.php\/2011\/12\/27\/el-hcd-se-reunio-con-los-responsables-de-obras-publicas-y-salud\/#article\",\"isPartOf\":{\"@id\":\"https:\/\/www.celttv.com.ar\/index.php\/2011\/12\/27\/el-hcd-se-reunio-con-los-responsables-de-obras-publicas-y-salud\/\"},\"author\":{\"name\":\"ulises\",\"@id\":\"https:\/\/www.celttv.com.ar\/#\/schema\/person\/6d99c072dba59953809c81446e9d0ace\"},\"headline\":\"EL HCD. SE REUNIO CON LOS RESPONSABLES DE OBRAS PUBLICAS Y SALUD\",\"datePublished\":\"2011-12-27T20:23:09+00:00\",\"dateModified\":\"2011-12-27T20:23:09+00:00\",\"mainEntityOfPage\":{\"@id\":\"https:\/\/www.celttv.com.ar\/index.php\/2011\/12\/27\/el-hcd-se-reunio-con-los-responsables-de-obras-publicas-y-salud\/\"},\"wordCount\":577,\"publisher\":{\"@id\":\"https:\/\/www.celttv.com.ar\/#organization\"},\"articleSection\":[\"Comunidad\",\"Destacadas\",\"Pol\u00edtica\"],\"inLanguage\":\"es\"},{\"@type\":\"WebPage\",\"@id\":\"https:\/\/www.celttv.com.ar\/index.php\/2011\/12\/27\/el-hcd-se-reunio-con-los-responsables-de-obras-publicas-y-salud\/\",\"url\":\"https:\/\/www.celttv.com.ar\/index.php\/2011\/12\/27\/el-hcd-se-reunio-con-los-responsables-de-obras-publicas-y-salud\/\",\"name\":\"EL HCD. SE REUNIO CON LOS RESPONSABLES DE OBRAS PUBLICAS Y SALUD - CELTTV\",\"isPartOf\":{\"@id\":\"https:\/\/www.celttv.com.ar\/#website\"},\"datePublished\":\"2011-12-27T20:23:09+00:00\",\"dateModified\":\"2011-12-27T20:23:09+00:00\",\"description\":\"Sitio web de noticias de la localidad de Tornquist, provincia de Buenos Aires, Rep\u00fablica Argentina. Contenido propio originado por periodistas de CELTTV, el canal de TV local de la Cooperativa El\u00e9ctrica de Tornquist. Turismo, Pol\u00edtica, Sociedad, Deporte, Cultura y todo el contenido de inter\u00e9s general que la gente del pueblo y la regi\u00f3n debe conocer.\",\"breadcrumb\":{\"@id\":\"https:\/\/www.celttv.com.ar\/index.php\/2011\/12\/27\/el-hcd-se-reunio-con-los-responsables-de-obras-publicas-y-salud\/#breadcrumb\"},\"inLanguage\":\"es\",\"potentialAction\":[{\"@type\":\"ReadAction\",\"target\":[\"https:\/\/www.celttv.com.ar\/index.php\/2011\/12\/27\/el-hcd-se-reunio-con-los-responsables-de-obras-publicas-y-salud\/\"]}]},{\"@type\":\"BreadcrumbList\",\"@id\":\"https:\/\/www.celttv.com.ar\/index.php\/2011\/12\/27\/el-hcd-se-reunio-con-los-responsables-de-obras-publicas-y-salud\/#breadcrumb\",\"itemListElement\":[{\"@type\":\"ListItem\",\"position\":1,\"name\":\"Inicio\",\"item\":\"https:\/\/www.celttv.com.ar\/\"},{\"@type\":\"ListItem\",\"position\":2,\"name\":\"EL HCD. SE REUNIO CON LOS RESPONSABLES DE OBRAS PUBLICAS Y SALUD\"}]},{\"@type\":\"WebSite\",\"@id\":\"https:\/\/www.celttv.com.ar\/#website\",\"url\":\"https:\/\/www.celttv.com.ar\/\",\"name\":\"CELTTV\",\"description\":\"Cooperativa El\u00e9ctrica de Tornquist\",\"publisher\":{\"@id\":\"https:\/\/www.celttv.com.ar\/#organization\"},\"potentialAction\":[{\"@type\":\"SearchAction\",\"target\":{\"@type\":\"EntryPoint\",\"urlTemplate\":\"https:\/\/www.celttv.com.ar\/?s={search_term_string}\"},\"query-input\":\"required name=search_term_string\"}],\"inLanguage\":\"es\"},{\"@type\":\"Organization\",\"@id\":\"https:\/\/www.celttv.com.ar\/#organization\",\"name\":\"CELTTV\",\"url\":\"https:\/\/www.celttv.com.ar\/\",\"sameAs\":[\"https:\/\/www.youtube.com\/channel\/UCz_oIt8Hig64Ub-EmcNPIhg\",\"https:\/\/www.facebook.com\/celtTV\/\"],\"logo\":{\"@type\":\"ImageObject\",\"inLanguage\":\"es\",\"@id\":\"https:\/\/www.celttv.com.ar\/#\/schema\/logo\/image\/\",\"url\":\"http:\/\/www.celttv.com.ar\/wp-content\/uploads\/2022\/08\/logo-1.png\",\"contentUrl\":\"http:\/\/www.celttv.com.ar\/wp-content\/uploads\/2022\/08\/logo-1.png\",\"width\":461,\"height\":159,\"caption\":\"CELTTV\"},\"image\":{\"@id\":\"https:\/\/www.celttv.com.ar\/#\/schema\/logo\/image\/\"}},{\"@type\":\"Person\",\"@id\":\"https:\/\/www.celttv.com.ar\/#\/schema\/person\/6d99c072dba59953809c81446e9d0ace\",\"name\":\"ulises\",\"image\":{\"@type\":\"ImageObject\",\"inLanguage\":\"es\",\"@id\":\"https:\/\/www.celttv.com.ar\/#\/schema\/person\/image\/\",\"url\":\"https:\/\/secure.gravatar.com\/avatar\/7f2c48bdc33b30088f941fb6082e555f2874c98e20cb159d7b92b50eadfce793?s=96&d=mm&r=g\",\"contentUrl\":\"https:\/\/secure.gravatar.com\/avatar\/7f2c48bdc33b30088f941fb6082e555f2874c98e20cb159d7b92b50eadfce793?s=96&d=mm&r=g\",\"caption\":\"ulises\"},\"sameAs\":[\"http:\/\/www.celttv.com.ar\"]}]}<\/script>\n<!-- \/ Yoast SEO plugin. -->","yoast_head_json":{"title":"EL HCD. SE REUNIO CON LOS RESPONSABLES DE OBRAS PUBLICAS Y SALUD - CELTTV","description":"Sitio web de noticias de la localidad de Tornquist, provincia de Buenos Aires, Rep\u00fablica Argentina. Contenido propio originado por periodistas de CELTTV, el canal de TV local de la Cooperativa El\u00e9ctrica de Tornquist. Turismo, Pol\u00edtica, Sociedad, Deporte, Cultura y todo el contenido de inter\u00e9s general que la gente del pueblo y la regi\u00f3n debe conocer.","robots":{"index":"index","follow":"follow","max-snippet":"max-snippet:-1","max-image-preview":"max-image-preview:large","max-video-preview":"max-video-preview:-1"},"canonical":"https:\/\/www.celttv.com.ar\/index.php\/2011\/12\/27\/el-hcd-se-reunio-con-los-responsables-de-obras-publicas-y-salud\/","og_locale":"es_ES","og_type":"article","og_title":"EL HCD. SE REUNIO CON LOS RESPONSABLES DE OBRAS PUBLICAS Y SALUD - CELTTV","og_description":"Sitio web de noticias de la localidad de Tornquist, provincia de Buenos Aires, Rep\u00fablica Argentina. Contenido propio originado por periodistas de CELTTV, el canal de TV local de la Cooperativa El\u00e9ctrica de Tornquist. Turismo, Pol\u00edtica, Sociedad, Deporte, Cultura y todo el contenido de inter\u00e9s general que la gente del pueblo y la regi\u00f3n debe conocer.","og_url":"https:\/\/www.celttv.com.ar\/index.php\/2011\/12\/27\/el-hcd-se-reunio-con-los-responsables-de-obras-publicas-y-salud\/","og_site_name":"CELTTV","article_publisher":"https:\/\/www.facebook.com\/celtTV\/","article_published_time":"2011-12-27T20:23:09+00:00","og_image":[{"url":"http:\/\/www.tvcnoticias.com.ar\/wp-content\/uploads\/2011\/12\/HCD-3-Small.jpg"}],"author":"ulises","twitter_card":"summary_large_image","twitter_misc":{"Escrito por":"ulises","Tiempo de lectura":"3 minutos"},"schema":{"@context":"https:\/\/schema.org","@graph":[{"@type":"NewsArticle","@id":"https:\/\/www.celttv.com.ar\/index.php\/2011\/12\/27\/el-hcd-se-reunio-con-los-responsables-de-obras-publicas-y-salud\/#article","isPartOf":{"@id":"https:\/\/www.celttv.com.ar\/index.php\/2011\/12\/27\/el-hcd-se-reunio-con-los-responsables-de-obras-publicas-y-salud\/"},"author":{"name":"ulises","@id":"https:\/\/www.celttv.com.ar\/#\/schema\/person\/6d99c072dba59953809c81446e9d0ace"},"headline":"EL HCD. SE REUNIO CON LOS RESPONSABLES DE OBRAS PUBLICAS Y SALUD","datePublished":"2011-12-27T20:23:09+00:00","dateModified":"2011-12-27T20:23:09+00:00","mainEntityOfPage":{"@id":"https:\/\/www.celttv.com.ar\/index.php\/2011\/12\/27\/el-hcd-se-reunio-con-los-responsables-de-obras-publicas-y-salud\/"},"wordCount":577,"publisher":{"@id":"https:\/\/www.celttv.com.ar\/#organization"},"articleSection":["Comunidad","Destacadas","Pol\u00edtica"],"inLanguage":"es"},{"@type":"WebPage","@id":"https:\/\/www.celttv.com.ar\/index.php\/2011\/12\/27\/el-hcd-se-reunio-con-los-responsables-de-obras-publicas-y-salud\/","url":"https:\/\/www.celttv.com.ar\/index.php\/2011\/12\/27\/el-hcd-se-reunio-con-los-responsables-de-obras-publicas-y-salud\/","name":"EL HCD. SE REUNIO CON LOS RESPONSABLES DE OBRAS PUBLICAS Y SALUD - CELTTV","isPartOf":{"@id":"https:\/\/www.celttv.com.ar\/#website"},"datePublished":"2011-12-27T20:23:09+00:00","dateModified":"2011-12-27T20:23:09+00:00","description":"Sitio web de noticias de la localidad de Tornquist, provincia de Buenos Aires, Rep\u00fablica Argentina. Contenido propio originado por periodistas de CELTTV, el canal de TV local de la Cooperativa El\u00e9ctrica de Tornquist. Turismo, Pol\u00edtica, Sociedad, Deporte, Cultura y todo el contenido de inter\u00e9s general que la gente del pueblo y la regi\u00f3n debe conocer.","breadcrumb":{"@id":"https:\/\/www.celttv.com.ar\/index.php\/2011\/12\/27\/el-hcd-se-reunio-con-los-responsables-de-obras-publicas-y-salud\/#breadcrumb"},"inLanguage":"es","potentialAction":[{"@type":"ReadAction","target":["https:\/\/www.celttv.com.ar\/index.php\/2011\/12\/27\/el-hcd-se-reunio-con-los-responsables-de-obras-publicas-y-salud\/"]}]},{"@type":"BreadcrumbList","@id":"https:\/\/www.celttv.com.ar\/index.php\/2011\/12\/27\/el-hcd-se-reunio-con-los-responsables-de-obras-publicas-y-salud\/#breadcrumb","itemListElement":[{"@type":"ListItem","position":1,"name":"Inicio","item":"https:\/\/www.celttv.com.ar\/"},{"@type":"ListItem","position":2,"name":"EL HCD. SE REUNIO CON LOS RESPONSABLES DE OBRAS PUBLICAS Y SALUD"}]},{"@type":"WebSite","@id":"https:\/\/www.celttv.com.ar\/#website","url":"https:\/\/www.celttv.com.ar\/","name":"CELTTV","description":"Cooperativa El\u00e9ctrica de Tornquist","publisher":{"@id":"https:\/\/www.celttv.com.ar\/#organization"},"potentialAction":[{"@type":"SearchAction","target":{"@type":"EntryPoint","urlTemplate":"https:\/\/www.celttv.com.ar\/?s={search_term_string}"},"query-input":"required name=search_term_string"}],"inLanguage":"es"},{"@type":"Organization","@id":"https:\/\/www.celttv.com.ar\/#organization","name":"CELTTV","url":"https:\/\/www.celttv.com.ar\/","sameAs":["https:\/\/www.youtube.com\/channel\/UCz_oIt8Hig64Ub-EmcNPIhg","https:\/\/www.facebook.com\/celtTV\/"],"logo":{"@type":"ImageObject","inLanguage":"es","@id":"https:\/\/www.celttv.com.ar\/#\/schema\/logo\/image\/","url":"http:\/\/www.celttv.com.ar\/wp-content\/uploads\/2022\/08\/logo-1.png","contentUrl":"http:\/\/www.celttv.com.ar\/wp-content\/uploads\/2022\/08\/logo-1.png","width":461,"height":159,"caption":"CELTTV"},"image":{"@id":"https:\/\/www.celttv.com.ar\/#\/schema\/logo\/image\/"}},{"@type":"Person","@id":"https:\/\/www.celttv.com.ar\/#\/schema\/person\/6d99c072dba59953809c81446e9d0ace","name":"ulises","image":{"@type":"ImageObject","inLanguage":"es","@id":"https:\/\/www.celttv.com.ar\/#\/schema\/person\/image\/","url":"https:\/\/secure.gravatar.com\/avatar\/7f2c48bdc33b30088f941fb6082e555f2874c98e20cb159d7b92b50eadfce793?s=96&d=mm&r=g","contentUrl":"https:\/\/secure.gravatar.com\/avatar\/7f2c48bdc33b30088f941fb6082e555f2874c98e20cb159d7b92b50eadfce793?s=96&d=mm&r=g","caption":"ulises"},"sameAs":["http:\/\/www.celttv.com.ar"]}]}},"_links":{"self":[{"href":"https:\/\/www.celttv.com.ar\/index.php\/wp-json\/wp\/v2\/posts\/4131","targetHints":{"allow":["GET"]}}],"collection":[{"href":"https:\/\/www.celttv.com.ar\/index.php\/wp-json\/wp\/v2\/posts"}],"about":[{"href":"https:\/\/www.celttv.com.ar\/index.php\/wp-json\/wp\/v2\/types\/post"}],"author":[{"embeddable":true,"href":"https:\/\/www.celttv.com.ar\/index.php\/wp-json\/wp\/v2\/users\/1"}],"replies":[{"embeddable":true,"href":"https:\/\/www.celttv.com.ar\/index.php\/wp-json\/wp\/v2\/comments?post=4131"}],"version-history":[{"count":0,"href":"https:\/\/www.celttv.com.ar\/index.php\/wp-json\/wp\/v2\/posts\/4131\/revisions"}],"wp:attachment":[{"href":"https:\/\/www.celttv.com.ar\/index.php\/wp-json\/wp\/v2\/media?parent=4131"}],"wp:term":[{"taxonomy":"category","embeddable":true,"href":"https:\/\/www.celttv.com.ar\/index.php\/wp-json\/wp\/v2\/categories?post=4131"},{"taxonomy":"post_tag","embeddable":true,"href":"https:\/\/www.celttv.com.ar\/index.php\/wp-json\/wp\/v2\/tags?post=4131"}],"curies":[{"name":"wp","href":"https:\/\/api.w.org\/{rel}","templated":true}]}}