{"id":41351,"date":"2019-05-08T14:23:45","date_gmt":"2019-05-08T14:23:45","guid":{"rendered":"http:\/\/www.celttv.com.ar\/?p=41351"},"modified":"2019-05-08T14:23:45","modified_gmt":"2019-05-08T14:23:45","slug":"semillero-verde-realizo-un-encuentro-de-escuelitas-junto-a-efuba-y-patio-recreativo-videos","status":"publish","type":"post","link":"https:\/\/www.celttv.com.ar\/index.php\/2019\/05\/08\/semillero-verde-realizo-un-encuentro-de-escuelitas-junto-a-efuba-y-patio-recreativo-videos\/","title":{"rendered":"&#8220;SEMILLERO VERDE&#8221; REALIZ\u00d3 UN ENCUENTRO DE ESCUELITAS JUNTO A EFUBA Y PATIO RECREATIVO (VIDEOS)"},"content":{"rendered":"<p>El &#8220;Semillero Verde&#8221; del Club Uni\u00f3n, realiz\u00f3 un encuentro de escuelitas de f\u00fatbol con la participaci\u00f3n de EFUBA y Patio Recreativo.<\/p>\n<div class=\"jeg_video_container jeg_video_content\"><iframe loading=\"lazy\" title=\"2019 05 07 \/\/ MAGAZINE SPORT: ENCUENTRO DE ESCUELITAS EN EL CLUB UNI\u00d3N (CLIP DE IM\u00c1GENES)\" width=\"500\" height=\"375\" src=\"https:\/\/www.youtube.com\/embed\/NvJSmfNOhuk?feature=oembed\" frameborder=\"0\" allow=\"accelerometer; autoplay; clipboard-write; encrypted-media; gyroscope; picture-in-picture; web-share\" referrerpolicy=\"strict-origin-when-cross-origin\" allowfullscreen><\/iframe><\/div>\n<div class=\"jeg_video_container jeg_video_content\"><iframe loading=\"lazy\" title=\"2019 05 07 \/\/ MAGAZINE SPORT: CACHO FRANCANI (EFUBA)\" width=\"500\" height=\"375\" src=\"https:\/\/www.youtube.com\/embed\/Jdvgq9gCBXw?feature=oembed\" frameborder=\"0\" allow=\"accelerometer; autoplay; clipboard-write; encrypted-media; gyroscope; picture-in-picture; web-share\" referrerpolicy=\"strict-origin-when-cross-origin\" allowfullscreen><\/iframe><\/div>\n<div class=\"jeg_video_container jeg_video_content\"><iframe loading=\"lazy\" title=\"2019 05 07 \/\/ MAGAZINE SPORT: PROF. PABLO ROMANO (CLUB UNI\u00d3N)\" width=\"500\" height=\"375\" src=\"https:\/\/www.youtube.com\/embed\/ql91E5IF9FA?feature=oembed\" frameborder=\"0\" allow=\"accelerometer; autoplay; clipboard-write; encrypted-media; gyroscope; picture-in-picture; web-share\" referrerpolicy=\"strict-origin-when-cross-origin\" allowfullscreen><\/iframe><\/div>\n","protected":false},"excerpt":{"rendered":"<p>El &#8220;Semillero Verde&#8221; del Club Uni\u00f3n, realiz\u00f3 un encuentro de escuelitas de f\u00fatbol con la participaci\u00f3n de EFUBA y Patio Recreativo.<\/p>\n","protected":false},"author":1,"featured_media":41352,"comment_status":"closed","ping_status":"open","sticky":false,"template":"","format":"standard","meta":{"footnotes":""},"categories":[55,60,52,63],"tags":[],"class_list":["post-41351","post","type-post","status-publish","format-standard","has-post-thumbnail","hentry","category-celt-tv-noticias","category-deporte","category-destacadas","category-magazine-sport"],"yoast_head":"<!-- This site is optimized with the Yoast SEO plugin v19.7.1 - https:\/\/yoast.com\/wordpress\/plugins\/seo\/ -->\n<title>&quot;SEMILLERO VERDE&quot; REALIZ\u00d3 UN ENCUENTRO DE ESCUELITAS JUNTO A EFUBA Y PATIO RECREATIVO (VIDEOS) - CELTTV<\/title>\n<meta name=\"description\" content=\"Sitio web de noticias de la localidad de Tornquist, provincia de Buenos Aires, Rep\u00fablica Argentina. Contenido propio originado por periodistas de CELTTV, el canal de TV local de la Cooperativa El\u00e9ctrica de Tornquist. Turismo, Pol\u00edtica, Sociedad, Deporte, Cultura y todo el contenido de inter\u00e9s general que la gente del pueblo y la regi\u00f3n debe conocer.\" \/>\n<meta name=\"robots\" content=\"index, follow, max-snippet:-1, max-image-preview:large, max-video-preview:-1\" \/>\n<link rel=\"canonical\" href=\"https:\/\/www.celttv.com.ar\/index.php\/2019\/05\/08\/semillero-verde-realizo-un-encuentro-de-escuelitas-junto-a-efuba-y-patio-recreativo-videos\/\" \/>\n<meta property=\"og:locale\" content=\"es_ES\" \/>\n<meta property=\"og:type\" content=\"article\" \/>\n<meta property=\"og:title\" content=\"&quot;SEMILLERO VERDE&quot; REALIZ\u00d3 UN ENCUENTRO DE ESCUELITAS JUNTO A EFUBA Y PATIO RECREATIVO (VIDEOS) - CELTTV\" \/>\n<meta property=\"og:description\" content=\"Sitio web de noticias de la localidad de Tornquist, provincia de Buenos Aires, Rep\u00fablica Argentina. Contenido propio originado por periodistas de CELTTV, el canal de TV local de la Cooperativa El\u00e9ctrica de Tornquist. Turismo, Pol\u00edtica, Sociedad, Deporte, Cultura y todo el contenido de inter\u00e9s general que la gente del pueblo y la regi\u00f3n debe conocer.\" \/>\n<meta property=\"og:url\" content=\"https:\/\/www.celttv.com.ar\/index.php\/2019\/05\/08\/semillero-verde-realizo-un-encuentro-de-escuelitas-junto-a-efuba-y-patio-recreativo-videos\/\" \/>\n<meta property=\"og:site_name\" content=\"CELTTV\" \/>\n<meta property=\"article:publisher\" content=\"https:\/\/www.facebook.com\/celtTV\/\" \/>\n<meta property=\"article:published_time\" content=\"2019-05-08T14:23:45+00:00\" \/>\n<meta property=\"og:image\" content=\"https:\/\/www.celttv.com.ar\/wp-content\/uploads\/2019\/05\/59183190_2656868524385048_3362602399381323776_n.jpg\" \/>\n\t<meta property=\"og:image:width\" content=\"960\" \/>\n\t<meta property=\"og:image:height\" content=\"640\" \/>\n\t<meta property=\"og:image:type\" content=\"image\/jpeg\" \/>\n<meta name=\"author\" content=\"ulises\" \/>\n<meta name=\"twitter:card\" content=\"summary_large_image\" \/>\n<meta name=\"twitter:label1\" content=\"Escrito por\" \/>\n\t<meta name=\"twitter:data1\" content=\"ulises\" \/>\n<script type=\"application\/ld+json\" class=\"yoast-schema-graph\">{\"@context\":\"https:\/\/schema.org\",\"@graph\":[{\"@type\":\"NewsArticle\",\"@id\":\"https:\/\/www.celttv.com.ar\/index.php\/2019\/05\/08\/semillero-verde-realizo-un-encuentro-de-escuelitas-junto-a-efuba-y-patio-recreativo-videos\/#article\",\"isPartOf\":{\"@id\":\"https:\/\/www.celttv.com.ar\/index.php\/2019\/05\/08\/semillero-verde-realizo-un-encuentro-de-escuelitas-junto-a-efuba-y-patio-recreativo-videos\/\"},\"author\":{\"name\":\"ulises\",\"@id\":\"https:\/\/www.celttv.com.ar\/#\/schema\/person\/6d99c072dba59953809c81446e9d0ace\"},\"headline\":\"&#8220;SEMILLERO VERDE&#8221; REALIZ\u00d3 UN ENCUENTRO DE ESCUELITAS JUNTO A EFUBA Y PATIO RECREATIVO (VIDEOS)\",\"datePublished\":\"2019-05-08T14:23:45+00:00\",\"dateModified\":\"2019-05-08T14:23:45+00:00\",\"mainEntityOfPage\":{\"@id\":\"https:\/\/www.celttv.com.ar\/index.php\/2019\/05\/08\/semillero-verde-realizo-un-encuentro-de-escuelitas-junto-a-efuba-y-patio-recreativo-videos\/\"},\"wordCount\":63,\"publisher\":{\"@id\":\"https:\/\/www.celttv.com.ar\/#organization\"},\"articleSection\":[\"Celt TV Noticias\",\"Deporte\",\"Destacadas\",\"Magazine Sport\"],\"inLanguage\":\"es\"},{\"@type\":\"WebPage\",\"@id\":\"https:\/\/www.celttv.com.ar\/index.php\/2019\/05\/08\/semillero-verde-realizo-un-encuentro-de-escuelitas-junto-a-efuba-y-patio-recreativo-videos\/\",\"url\":\"https:\/\/www.celttv.com.ar\/index.php\/2019\/05\/08\/semillero-verde-realizo-un-encuentro-de-escuelitas-junto-a-efuba-y-patio-recreativo-videos\/\",\"name\":\"\\\"SEMILLERO VERDE\\\" REALIZ\u00d3 UN ENCUENTRO DE ESCUELITAS JUNTO A EFUBA Y PATIO RECREATIVO (VIDEOS) - CELTTV\",\"isPartOf\":{\"@id\":\"https:\/\/www.celttv.com.ar\/#website\"},\"datePublished\":\"2019-05-08T14:23:45+00:00\",\"dateModified\":\"2019-05-08T14:23:45+00:00\",\"description\":\"Sitio web de noticias de la localidad de Tornquist, provincia de Buenos Aires, Rep\u00fablica Argentina. Contenido propio originado por periodistas de CELTTV, el canal de TV local de la Cooperativa El\u00e9ctrica de Tornquist. Turismo, Pol\u00edtica, Sociedad, Deporte, Cultura y todo el contenido de inter\u00e9s general que la gente del pueblo y la regi\u00f3n debe conocer.\",\"breadcrumb\":{\"@id\":\"https:\/\/www.celttv.com.ar\/index.php\/2019\/05\/08\/semillero-verde-realizo-un-encuentro-de-escuelitas-junto-a-efuba-y-patio-recreativo-videos\/#breadcrumb\"},\"inLanguage\":\"es\",\"potentialAction\":[{\"@type\":\"ReadAction\",\"target\":[\"https:\/\/www.celttv.com.ar\/index.php\/2019\/05\/08\/semillero-verde-realizo-un-encuentro-de-escuelitas-junto-a-efuba-y-patio-recreativo-videos\/\"]}]},{\"@type\":\"BreadcrumbList\",\"@id\":\"https:\/\/www.celttv.com.ar\/index.php\/2019\/05\/08\/semillero-verde-realizo-un-encuentro-de-escuelitas-junto-a-efuba-y-patio-recreativo-videos\/#breadcrumb\",\"itemListElement\":[{\"@type\":\"ListItem\",\"position\":1,\"name\":\"Inicio\",\"item\":\"https:\/\/www.celttv.com.ar\/\"},{\"@type\":\"ListItem\",\"position\":2,\"name\":\"&#8220;SEMILLERO VERDE&#8221; REALIZ\u00d3 UN ENCUENTRO DE ESCUELITAS JUNTO A EFUBA Y PATIO RECREATIVO (VIDEOS)\"}]},{\"@type\":\"WebSite\",\"@id\":\"https:\/\/www.celttv.com.ar\/#website\",\"url\":\"https:\/\/www.celttv.com.ar\/\",\"name\":\"CELTTV\",\"description\":\"Cooperativa El\u00e9ctrica de Tornquist\",\"publisher\":{\"@id\":\"https:\/\/www.celttv.com.ar\/#organization\"},\"potentialAction\":[{\"@type\":\"SearchAction\",\"target\":{\"@type\":\"EntryPoint\",\"urlTemplate\":\"https:\/\/www.celttv.com.ar\/?s={search_term_string}\"},\"query-input\":\"required name=search_term_string\"}],\"inLanguage\":\"es\"},{\"@type\":\"Organization\",\"@id\":\"https:\/\/www.celttv.com.ar\/#organization\",\"name\":\"CELTTV\",\"url\":\"https:\/\/www.celttv.com.ar\/\",\"sameAs\":[\"https:\/\/www.youtube.com\/channel\/UCz_oIt8Hig64Ub-EmcNPIhg\",\"https:\/\/www.facebook.com\/celtTV\/\"],\"logo\":{\"@type\":\"ImageObject\",\"inLanguage\":\"es\",\"@id\":\"https:\/\/www.celttv.com.ar\/#\/schema\/logo\/image\/\",\"url\":\"http:\/\/www.celttv.com.ar\/wp-content\/uploads\/2022\/08\/logo-1.png\",\"contentUrl\":\"http:\/\/www.celttv.com.ar\/wp-content\/uploads\/2022\/08\/logo-1.png\",\"width\":461,\"height\":159,\"caption\":\"CELTTV\"},\"image\":{\"@id\":\"https:\/\/www.celttv.com.ar\/#\/schema\/logo\/image\/\"}},{\"@type\":\"Person\",\"@id\":\"https:\/\/www.celttv.com.ar\/#\/schema\/person\/6d99c072dba59953809c81446e9d0ace\",\"name\":\"ulises\",\"image\":{\"@type\":\"ImageObject\",\"inLanguage\":\"es\",\"@id\":\"https:\/\/www.celttv.com.ar\/#\/schema\/person\/image\/\",\"url\":\"https:\/\/secure.gravatar.com\/avatar\/7f2c48bdc33b30088f941fb6082e555f2874c98e20cb159d7b92b50eadfce793?s=96&d=mm&r=g\",\"contentUrl\":\"https:\/\/secure.gravatar.com\/avatar\/7f2c48bdc33b30088f941fb6082e555f2874c98e20cb159d7b92b50eadfce793?s=96&d=mm&r=g\",\"caption\":\"ulises\"},\"sameAs\":[\"http:\/\/www.celttv.com.ar\"]}]}<\/script>\n<!-- \/ Yoast SEO plugin. -->","yoast_head_json":{"title":"\"SEMILLERO VERDE\" REALIZ\u00d3 UN ENCUENTRO DE ESCUELITAS JUNTO A EFUBA Y PATIO RECREATIVO (VIDEOS) - CELTTV","description":"Sitio web de noticias de la localidad de Tornquist, provincia de Buenos Aires, Rep\u00fablica Argentina. Contenido propio originado por periodistas de CELTTV, el canal de TV local de la Cooperativa El\u00e9ctrica de Tornquist. Turismo, Pol\u00edtica, Sociedad, Deporte, Cultura y todo el contenido de inter\u00e9s general que la gente del pueblo y la regi\u00f3n debe conocer.","robots":{"index":"index","follow":"follow","max-snippet":"max-snippet:-1","max-image-preview":"max-image-preview:large","max-video-preview":"max-video-preview:-1"},"canonical":"https:\/\/www.celttv.com.ar\/index.php\/2019\/05\/08\/semillero-verde-realizo-un-encuentro-de-escuelitas-junto-a-efuba-y-patio-recreativo-videos\/","og_locale":"es_ES","og_type":"article","og_title":"\"SEMILLERO VERDE\" REALIZ\u00d3 UN ENCUENTRO DE ESCUELITAS JUNTO A EFUBA Y PATIO RECREATIVO (VIDEOS) - CELTTV","og_description":"Sitio web de noticias de la localidad de Tornquist, provincia de Buenos Aires, Rep\u00fablica Argentina. Contenido propio originado por periodistas de CELTTV, el canal de TV local de la Cooperativa El\u00e9ctrica de Tornquist. Turismo, Pol\u00edtica, Sociedad, Deporte, Cultura y todo el contenido de inter\u00e9s general que la gente del pueblo y la regi\u00f3n debe conocer.","og_url":"https:\/\/www.celttv.com.ar\/index.php\/2019\/05\/08\/semillero-verde-realizo-un-encuentro-de-escuelitas-junto-a-efuba-y-patio-recreativo-videos\/","og_site_name":"CELTTV","article_publisher":"https:\/\/www.facebook.com\/celtTV\/","article_published_time":"2019-05-08T14:23:45+00:00","og_image":[{"width":960,"height":640,"url":"https:\/\/www.celttv.com.ar\/wp-content\/uploads\/2019\/05\/59183190_2656868524385048_3362602399381323776_n.jpg","type":"image\/jpeg"}],"author":"ulises","twitter_card":"summary_large_image","twitter_misc":{"Escrito por":"ulises"},"schema":{"@context":"https:\/\/schema.org","@graph":[{"@type":"NewsArticle","@id":"https:\/\/www.celttv.com.ar\/index.php\/2019\/05\/08\/semillero-verde-realizo-un-encuentro-de-escuelitas-junto-a-efuba-y-patio-recreativo-videos\/#article","isPartOf":{"@id":"https:\/\/www.celttv.com.ar\/index.php\/2019\/05\/08\/semillero-verde-realizo-un-encuentro-de-escuelitas-junto-a-efuba-y-patio-recreativo-videos\/"},"author":{"name":"ulises","@id":"https:\/\/www.celttv.com.ar\/#\/schema\/person\/6d99c072dba59953809c81446e9d0ace"},"headline":"&#8220;SEMILLERO VERDE&#8221; REALIZ\u00d3 UN ENCUENTRO DE ESCUELITAS JUNTO A EFUBA Y PATIO RECREATIVO (VIDEOS)","datePublished":"2019-05-08T14:23:45+00:00","dateModified":"2019-05-08T14:23:45+00:00","mainEntityOfPage":{"@id":"https:\/\/www.celttv.com.ar\/index.php\/2019\/05\/08\/semillero-verde-realizo-un-encuentro-de-escuelitas-junto-a-efuba-y-patio-recreativo-videos\/"},"wordCount":63,"publisher":{"@id":"https:\/\/www.celttv.com.ar\/#organization"},"articleSection":["Celt TV Noticias","Deporte","Destacadas","Magazine Sport"],"inLanguage":"es"},{"@type":"WebPage","@id":"https:\/\/www.celttv.com.ar\/index.php\/2019\/05\/08\/semillero-verde-realizo-un-encuentro-de-escuelitas-junto-a-efuba-y-patio-recreativo-videos\/","url":"https:\/\/www.celttv.com.ar\/index.php\/2019\/05\/08\/semillero-verde-realizo-un-encuentro-de-escuelitas-junto-a-efuba-y-patio-recreativo-videos\/","name":"\"SEMILLERO VERDE\" REALIZ\u00d3 UN ENCUENTRO DE ESCUELITAS JUNTO A EFUBA Y PATIO RECREATIVO (VIDEOS) - CELTTV","isPartOf":{"@id":"https:\/\/www.celttv.com.ar\/#website"},"datePublished":"2019-05-08T14:23:45+00:00","dateModified":"2019-05-08T14:23:45+00:00","description":"Sitio web de noticias de la localidad de Tornquist, provincia de Buenos Aires, Rep\u00fablica Argentina. Contenido propio originado por periodistas de CELTTV, el canal de TV local de la Cooperativa El\u00e9ctrica de Tornquist. Turismo, Pol\u00edtica, Sociedad, Deporte, Cultura y todo el contenido de inter\u00e9s general que la gente del pueblo y la regi\u00f3n debe conocer.","breadcrumb":{"@id":"https:\/\/www.celttv.com.ar\/index.php\/2019\/05\/08\/semillero-verde-realizo-un-encuentro-de-escuelitas-junto-a-efuba-y-patio-recreativo-videos\/#breadcrumb"},"inLanguage":"es","potentialAction":[{"@type":"ReadAction","target":["https:\/\/www.celttv.com.ar\/index.php\/2019\/05\/08\/semillero-verde-realizo-un-encuentro-de-escuelitas-junto-a-efuba-y-patio-recreativo-videos\/"]}]},{"@type":"BreadcrumbList","@id":"https:\/\/www.celttv.com.ar\/index.php\/2019\/05\/08\/semillero-verde-realizo-un-encuentro-de-escuelitas-junto-a-efuba-y-patio-recreativo-videos\/#breadcrumb","itemListElement":[{"@type":"ListItem","position":1,"name":"Inicio","item":"https:\/\/www.celttv.com.ar\/"},{"@type":"ListItem","position":2,"name":"&#8220;SEMILLERO VERDE&#8221; REALIZ\u00d3 UN ENCUENTRO DE ESCUELITAS JUNTO A EFUBA Y PATIO RECREATIVO (VIDEOS)"}]},{"@type":"WebSite","@id":"https:\/\/www.celttv.com.ar\/#website","url":"https:\/\/www.celttv.com.ar\/","name":"CELTTV","description":"Cooperativa El\u00e9ctrica de Tornquist","publisher":{"@id":"https:\/\/www.celttv.com.ar\/#organization"},"potentialAction":[{"@type":"SearchAction","target":{"@type":"EntryPoint","urlTemplate":"https:\/\/www.celttv.com.ar\/?s={search_term_string}"},"query-input":"required name=search_term_string"}],"inLanguage":"es"},{"@type":"Organization","@id":"https:\/\/www.celttv.com.ar\/#organization","name":"CELTTV","url":"https:\/\/www.celttv.com.ar\/","sameAs":["https:\/\/www.youtube.com\/channel\/UCz_oIt8Hig64Ub-EmcNPIhg","https:\/\/www.facebook.com\/celtTV\/"],"logo":{"@type":"ImageObject","inLanguage":"es","@id":"https:\/\/www.celttv.com.ar\/#\/schema\/logo\/image\/","url":"http:\/\/www.celttv.com.ar\/wp-content\/uploads\/2022\/08\/logo-1.png","contentUrl":"http:\/\/www.celttv.com.ar\/wp-content\/uploads\/2022\/08\/logo-1.png","width":461,"height":159,"caption":"CELTTV"},"image":{"@id":"https:\/\/www.celttv.com.ar\/#\/schema\/logo\/image\/"}},{"@type":"Person","@id":"https:\/\/www.celttv.com.ar\/#\/schema\/person\/6d99c072dba59953809c81446e9d0ace","name":"ulises","image":{"@type":"ImageObject","inLanguage":"es","@id":"https:\/\/www.celttv.com.ar\/#\/schema\/person\/image\/","url":"https:\/\/secure.gravatar.com\/avatar\/7f2c48bdc33b30088f941fb6082e555f2874c98e20cb159d7b92b50eadfce793?s=96&d=mm&r=g","contentUrl":"https:\/\/secure.gravatar.com\/avatar\/7f2c48bdc33b30088f941fb6082e555f2874c98e20cb159d7b92b50eadfce793?s=96&d=mm&r=g","caption":"ulises"},"sameAs":["http:\/\/www.celttv.com.ar"]}]}},"_links":{"self":[{"href":"https:\/\/www.celttv.com.ar\/index.php\/wp-json\/wp\/v2\/posts\/41351","targetHints":{"allow":["GET"]}}],"collection":[{"href":"https:\/\/www.celttv.com.ar\/index.php\/wp-json\/wp\/v2\/posts"}],"about":[{"href":"https:\/\/www.celttv.com.ar\/index.php\/wp-json\/wp\/v2\/types\/post"}],"author":[{"embeddable":true,"href":"https:\/\/www.celttv.com.ar\/index.php\/wp-json\/wp\/v2\/users\/1"}],"replies":[{"embeddable":true,"href":"https:\/\/www.celttv.com.ar\/index.php\/wp-json\/wp\/v2\/comments?post=41351"}],"version-history":[{"count":0,"href":"https:\/\/www.celttv.com.ar\/index.php\/wp-json\/wp\/v2\/posts\/41351\/revisions"}],"wp:featuredmedia":[{"embeddable":true,"href":"https:\/\/www.celttv.com.ar\/index.php\/wp-json\/wp\/v2\/media\/41352"}],"wp:attachment":[{"href":"https:\/\/www.celttv.com.ar\/index.php\/wp-json\/wp\/v2\/media?parent=41351"}],"wp:term":[{"taxonomy":"category","embeddable":true,"href":"https:\/\/www.celttv.com.ar\/index.php\/wp-json\/wp\/v2\/categories?post=41351"},{"taxonomy":"post_tag","embeddable":true,"href":"https:\/\/www.celttv.com.ar\/index.php\/wp-json\/wp\/v2\/tags?post=41351"}],"curies":[{"name":"wp","href":"https:\/\/api.w.org\/{rel}","templated":true}]}}