{"id":41428,"date":"2019-05-11T00:22:22","date_gmt":"2019-05-11T00:22:22","guid":{"rendered":"http:\/\/www.celttv.com.ar\/?p=41428"},"modified":"2019-05-11T00:22:22","modified_gmt":"2019-05-11T00:22:22","slug":"juanchi-torres-vuelve-al-tn-c-2-en-nuequen-info-apat","status":"publish","type":"post","link":"https:\/\/www.celttv.com.ar\/index.php\/2019\/05\/11\/juanchi-torres-vuelve-al-tn-c-2-en-nuequen-info-apat\/","title":{"rendered":"&#8220;JUANCHI&#8221; TORRES VUELVE AL TN C-2 EN NEUQU\u00c9N (INFO APAT)"},"content":{"rendered":"<p>El tornquistense Juan Ignacio Torres, vuelve al Turismo Nacional Clase 2 como piloto del Chevrolet Corsa (N\u00ba 110), el mismo que le dio varias alegrias dentro de la categor\u00eda.<\/p>\n<p><strong>Ever Franetovich<\/strong>\u00a0obtuvo su segunda pole position consecutiva en el\u00a0<strong>Campeonato Argentino de Turismo Nacional 2019 de Clase 2 \u2013 Copa Fiat 100 a\u00f1os<\/strong>, en el primer d\u00eda de actividad v\u00e1lido por la cuarta fecha del Campeonato Argentino 2019 que tendr\u00e1, en el d\u00eda de ma\u00f1ana, la disputa de las series de la divisional. Sobre el\u00a0<strong>Fiat Palio<\/strong>\u00a0del equipo\u00a0<strong>Fiat Racing Team<\/strong>, super\u00f3 a\u00a0<strong>Nicol\u00e1s Posco<\/strong>\u00a0por 0s206 y a\u00a0<strong>Gast\u00f3n Iansa<\/strong>\u00a0por 0s485, en las principales posiciones de la cronometrada.<\/p>\n<p>El santafesino, ganador del\u00a0<strong>#TNenSanJuan<\/strong>\u00a0el pasado 21 de abril, llev\u00f3 al\u00a0<strong>Fiat Palio<\/strong>\u00a0del equipo\u00a0<strong>Fiat Racing Team<\/strong>\u00a0a su segunda pole position anual, descontando un punto m\u00e1s al olavarriense\u00a0<strong>Agust\u00edn Herrera<\/strong>, que clasific\u00f3 en la und\u00e9cima posici\u00f3n de la tanda.\u00a0<strong>Nicol\u00e1s Posco<\/strong>, Campe\u00f3n Argentino 2018 de Turismo Nacional, se ubic\u00f3 en la segunda posici\u00f3n a 0s204 del l\u00edder, mientras que\u00a0<strong>Gast\u00f3n Iansa<\/strong>\u00a0se ubic\u00f3 en el tercer puesto, a 0s485. Ger\u00f3nimo Nu\u00f1ez y Marcos Fern\u00e1ndez completaron las cinco primeras posiciones de la exigencia clasificatoria que form\u00f3 las grillas de partida para las series clasificatorias, que se largar\u00e1n a partir de las 15,00 horas.<\/p>\n<p><strong>Ever Franetovich, Gast\u00f3n Iansa, Marcos Fern\u00e1ndez, Gabriel Scordia, Walter L\u00f3pez y Agust\u00edn Herrera<\/strong>\u00a0formar\u00e1n las tres primeras filas de la primera serie que se largar\u00e1 a las 15,00 horas, mientras que a las 15,30 horas ser\u00e1\u00a0<strong>Nicol\u00e1s Posco<\/strong>\u00a0el l\u00edder de la grilla de partida, por delante de\u00a0<strong>Geronimo Nu\u00f1ez, Alejandro Weimann, Maximiliano Bestani, Juan Ignacio Torres<\/strong>, en su regreso al Campeonato Argentino de Turismo Nacional, y\u00a0<strong>Fernando Ayala<\/strong>, este \u00faltimo, en su primera experiencia con el equipo JCB Motorsport.<\/p>\n<p><strong>FUENTE: APAT\u00a0<\/strong><\/p>\n<p><a href=\"http:\/\/www.celttv.com.ar\/?attachment_id=41429\" rel=\"attachment wp-att-41429\"><img loading=\"lazy\" decoding=\"async\" class=\"alignleft size-full wp-image-41429\" src=\"http:\/\/www.celttv.com.ar\/wp-content\/uploads\/2019\/05\/IMG-20190510-WA0002.jpg\" alt=\"\" width=\"637\" height=\"474\" srcset=\"https:\/\/www.celttv.com.ar\/wp-content\/uploads\/2019\/05\/IMG-20190510-WA0002.jpg 637w, https:\/\/www.celttv.com.ar\/wp-content\/uploads\/2019\/05\/IMG-20190510-WA0002-300x223.jpg 300w\" sizes=\"auto, (max-width: 637px) 100vw, 637px\" \/><\/a><\/p>\n","protected":false},"excerpt":{"rendered":"<p>El tornquistense Juan Ignacio Torres, vuelve al Turismo Nacional Clase 2 como piloto del Chevrolet Corsa (N\u00ba 110), el mismo que le dio varias alegrias dentro de la categor\u00eda. Ever Franetovich\u00a0obtuvo su segunda pole position consecutiva en el\u00a0Campeonato Argentino de Turismo Nacional 2019 de Clase 2 \u2013 Copa Fiat 100 a\u00f1os, en el primer d\u00eda [&hellip;]<\/p>\n","protected":false},"author":1,"featured_media":41429,"comment_status":"closed","ping_status":"open","sticky":false,"template":"","format":"standard","meta":{"footnotes":""},"categories":[55,60,52,63],"tags":[],"class_list":["post-41428","post","type-post","status-publish","format-standard","has-post-thumbnail","hentry","category-celt-tv-noticias","category-deporte","category-destacadas","category-magazine-sport"],"yoast_head":"<!-- This site is optimized with the Yoast SEO plugin v19.7.1 - https:\/\/yoast.com\/wordpress\/plugins\/seo\/ -->\n<title>&quot;JUANCHI&quot; TORRES VUELVE AL TN C-2 EN NEUQU\u00c9N (INFO APAT) - CELTTV<\/title>\n<meta name=\"description\" content=\"Sitio web de noticias de la localidad de Tornquist, provincia de Buenos Aires, Rep\u00fablica Argentina. Contenido propio originado por periodistas de CELTTV, el canal de TV local de la Cooperativa El\u00e9ctrica de Tornquist. Turismo, Pol\u00edtica, Sociedad, Deporte, Cultura y todo el contenido de inter\u00e9s general que la gente del pueblo y la regi\u00f3n debe conocer.\" \/>\n<meta name=\"robots\" content=\"index, follow, max-snippet:-1, max-image-preview:large, max-video-preview:-1\" \/>\n<link rel=\"canonical\" href=\"https:\/\/www.celttv.com.ar\/index.php\/2019\/05\/11\/juanchi-torres-vuelve-al-tn-c-2-en-nuequen-info-apat\/\" \/>\n<meta property=\"og:locale\" content=\"es_ES\" \/>\n<meta property=\"og:type\" content=\"article\" \/>\n<meta property=\"og:title\" content=\"&quot;JUANCHI&quot; TORRES VUELVE AL TN C-2 EN NEUQU\u00c9N (INFO APAT) - CELTTV\" \/>\n<meta property=\"og:description\" content=\"Sitio web de noticias de la localidad de Tornquist, provincia de Buenos Aires, Rep\u00fablica Argentina. Contenido propio originado por periodistas de CELTTV, el canal de TV local de la Cooperativa El\u00e9ctrica de Tornquist. Turismo, Pol\u00edtica, Sociedad, Deporte, Cultura y todo el contenido de inter\u00e9s general que la gente del pueblo y la regi\u00f3n debe conocer.\" \/>\n<meta property=\"og:url\" content=\"https:\/\/www.celttv.com.ar\/index.php\/2019\/05\/11\/juanchi-torres-vuelve-al-tn-c-2-en-nuequen-info-apat\/\" \/>\n<meta property=\"og:site_name\" content=\"CELTTV\" \/>\n<meta property=\"article:publisher\" content=\"https:\/\/www.facebook.com\/celtTV\/\" \/>\n<meta property=\"article:published_time\" content=\"2019-05-11T00:22:22+00:00\" \/>\n<meta property=\"og:image\" content=\"https:\/\/www.celttv.com.ar\/wp-content\/uploads\/2019\/05\/IMG-20190510-WA0002.jpg\" \/>\n\t<meta property=\"og:image:width\" content=\"637\" \/>\n\t<meta property=\"og:image:height\" content=\"474\" \/>\n\t<meta property=\"og:image:type\" content=\"image\/jpeg\" \/>\n<meta name=\"author\" content=\"ulises\" \/>\n<meta name=\"twitter:card\" content=\"summary_large_image\" \/>\n<meta name=\"twitter:label1\" content=\"Escrito por\" \/>\n\t<meta name=\"twitter:data1\" content=\"ulises\" \/>\n\t<meta name=\"twitter:label2\" content=\"Tiempo de lectura\" \/>\n\t<meta name=\"twitter:data2\" content=\"2 minutos\" \/>\n<script type=\"application\/ld+json\" class=\"yoast-schema-graph\">{\"@context\":\"https:\/\/schema.org\",\"@graph\":[{\"@type\":\"NewsArticle\",\"@id\":\"https:\/\/www.celttv.com.ar\/index.php\/2019\/05\/11\/juanchi-torres-vuelve-al-tn-c-2-en-nuequen-info-apat\/#article\",\"isPartOf\":{\"@id\":\"https:\/\/www.celttv.com.ar\/index.php\/2019\/05\/11\/juanchi-torres-vuelve-al-tn-c-2-en-nuequen-info-apat\/\"},\"author\":{\"name\":\"ulises\",\"@id\":\"https:\/\/www.celttv.com.ar\/#\/schema\/person\/6d99c072dba59953809c81446e9d0ace\"},\"headline\":\"&#8220;JUANCHI&#8221; TORRES VUELVE AL TN C-2 EN NEUQU\u00c9N (INFO APAT)\",\"datePublished\":\"2019-05-11T00:22:22+00:00\",\"dateModified\":\"2019-05-11T00:22:22+00:00\",\"mainEntityOfPage\":{\"@id\":\"https:\/\/www.celttv.com.ar\/index.php\/2019\/05\/11\/juanchi-torres-vuelve-al-tn-c-2-en-nuequen-info-apat\/\"},\"wordCount\":326,\"publisher\":{\"@id\":\"https:\/\/www.celttv.com.ar\/#organization\"},\"articleSection\":[\"Celt TV Noticias\",\"Deporte\",\"Destacadas\",\"Magazine Sport\"],\"inLanguage\":\"es\"},{\"@type\":\"WebPage\",\"@id\":\"https:\/\/www.celttv.com.ar\/index.php\/2019\/05\/11\/juanchi-torres-vuelve-al-tn-c-2-en-nuequen-info-apat\/\",\"url\":\"https:\/\/www.celttv.com.ar\/index.php\/2019\/05\/11\/juanchi-torres-vuelve-al-tn-c-2-en-nuequen-info-apat\/\",\"name\":\"\\\"JUANCHI\\\" TORRES VUELVE AL TN C-2 EN NEUQU\u00c9N (INFO APAT) - CELTTV\",\"isPartOf\":{\"@id\":\"https:\/\/www.celttv.com.ar\/#website\"},\"datePublished\":\"2019-05-11T00:22:22+00:00\",\"dateModified\":\"2019-05-11T00:22:22+00:00\",\"description\":\"Sitio web de noticias de la localidad de Tornquist, provincia de Buenos Aires, Rep\u00fablica Argentina. Contenido propio originado por periodistas de CELTTV, el canal de TV local de la Cooperativa El\u00e9ctrica de Tornquist. Turismo, Pol\u00edtica, Sociedad, Deporte, Cultura y todo el contenido de inter\u00e9s general que la gente del pueblo y la regi\u00f3n debe conocer.\",\"breadcrumb\":{\"@id\":\"https:\/\/www.celttv.com.ar\/index.php\/2019\/05\/11\/juanchi-torres-vuelve-al-tn-c-2-en-nuequen-info-apat\/#breadcrumb\"},\"inLanguage\":\"es\",\"potentialAction\":[{\"@type\":\"ReadAction\",\"target\":[\"https:\/\/www.celttv.com.ar\/index.php\/2019\/05\/11\/juanchi-torres-vuelve-al-tn-c-2-en-nuequen-info-apat\/\"]}]},{\"@type\":\"BreadcrumbList\",\"@id\":\"https:\/\/www.celttv.com.ar\/index.php\/2019\/05\/11\/juanchi-torres-vuelve-al-tn-c-2-en-nuequen-info-apat\/#breadcrumb\",\"itemListElement\":[{\"@type\":\"ListItem\",\"position\":1,\"name\":\"Inicio\",\"item\":\"https:\/\/www.celttv.com.ar\/\"},{\"@type\":\"ListItem\",\"position\":2,\"name\":\"&#8220;JUANCHI&#8221; TORRES VUELVE AL TN C-2 EN NEUQU\u00c9N (INFO APAT)\"}]},{\"@type\":\"WebSite\",\"@id\":\"https:\/\/www.celttv.com.ar\/#website\",\"url\":\"https:\/\/www.celttv.com.ar\/\",\"name\":\"CELTTV\",\"description\":\"Cooperativa El\u00e9ctrica de Tornquist\",\"publisher\":{\"@id\":\"https:\/\/www.celttv.com.ar\/#organization\"},\"potentialAction\":[{\"@type\":\"SearchAction\",\"target\":{\"@type\":\"EntryPoint\",\"urlTemplate\":\"https:\/\/www.celttv.com.ar\/?s={search_term_string}\"},\"query-input\":\"required name=search_term_string\"}],\"inLanguage\":\"es\"},{\"@type\":\"Organization\",\"@id\":\"https:\/\/www.celttv.com.ar\/#organization\",\"name\":\"CELTTV\",\"url\":\"https:\/\/www.celttv.com.ar\/\",\"sameAs\":[\"https:\/\/www.youtube.com\/channel\/UCz_oIt8Hig64Ub-EmcNPIhg\",\"https:\/\/www.facebook.com\/celtTV\/\"],\"logo\":{\"@type\":\"ImageObject\",\"inLanguage\":\"es\",\"@id\":\"https:\/\/www.celttv.com.ar\/#\/schema\/logo\/image\/\",\"url\":\"http:\/\/www.celttv.com.ar\/wp-content\/uploads\/2022\/08\/logo-1.png\",\"contentUrl\":\"http:\/\/www.celttv.com.ar\/wp-content\/uploads\/2022\/08\/logo-1.png\",\"width\":461,\"height\":159,\"caption\":\"CELTTV\"},\"image\":{\"@id\":\"https:\/\/www.celttv.com.ar\/#\/schema\/logo\/image\/\"}},{\"@type\":\"Person\",\"@id\":\"https:\/\/www.celttv.com.ar\/#\/schema\/person\/6d99c072dba59953809c81446e9d0ace\",\"name\":\"ulises\",\"image\":{\"@type\":\"ImageObject\",\"inLanguage\":\"es\",\"@id\":\"https:\/\/www.celttv.com.ar\/#\/schema\/person\/image\/\",\"url\":\"https:\/\/secure.gravatar.com\/avatar\/7f2c48bdc33b30088f941fb6082e555f2874c98e20cb159d7b92b50eadfce793?s=96&d=mm&r=g\",\"contentUrl\":\"https:\/\/secure.gravatar.com\/avatar\/7f2c48bdc33b30088f941fb6082e555f2874c98e20cb159d7b92b50eadfce793?s=96&d=mm&r=g\",\"caption\":\"ulises\"},\"sameAs\":[\"http:\/\/www.celttv.com.ar\"]}]}<\/script>\n<!-- \/ Yoast SEO plugin. -->","yoast_head_json":{"title":"\"JUANCHI\" TORRES VUELVE AL TN C-2 EN NEUQU\u00c9N (INFO APAT) - CELTTV","description":"Sitio web de noticias de la localidad de Tornquist, provincia de Buenos Aires, Rep\u00fablica Argentina. Contenido propio originado por periodistas de CELTTV, el canal de TV local de la Cooperativa El\u00e9ctrica de Tornquist. Turismo, Pol\u00edtica, Sociedad, Deporte, Cultura y todo el contenido de inter\u00e9s general que la gente del pueblo y la regi\u00f3n debe conocer.","robots":{"index":"index","follow":"follow","max-snippet":"max-snippet:-1","max-image-preview":"max-image-preview:large","max-video-preview":"max-video-preview:-1"},"canonical":"https:\/\/www.celttv.com.ar\/index.php\/2019\/05\/11\/juanchi-torres-vuelve-al-tn-c-2-en-nuequen-info-apat\/","og_locale":"es_ES","og_type":"article","og_title":"\"JUANCHI\" TORRES VUELVE AL TN C-2 EN NEUQU\u00c9N (INFO APAT) - CELTTV","og_description":"Sitio web de noticias de la localidad de Tornquist, provincia de Buenos Aires, Rep\u00fablica Argentina. Contenido propio originado por periodistas de CELTTV, el canal de TV local de la Cooperativa El\u00e9ctrica de Tornquist. Turismo, Pol\u00edtica, Sociedad, Deporte, Cultura y todo el contenido de inter\u00e9s general que la gente del pueblo y la regi\u00f3n debe conocer.","og_url":"https:\/\/www.celttv.com.ar\/index.php\/2019\/05\/11\/juanchi-torres-vuelve-al-tn-c-2-en-nuequen-info-apat\/","og_site_name":"CELTTV","article_publisher":"https:\/\/www.facebook.com\/celtTV\/","article_published_time":"2019-05-11T00:22:22+00:00","og_image":[{"width":637,"height":474,"url":"https:\/\/www.celttv.com.ar\/wp-content\/uploads\/2019\/05\/IMG-20190510-WA0002.jpg","type":"image\/jpeg"}],"author":"ulises","twitter_card":"summary_large_image","twitter_misc":{"Escrito por":"ulises","Tiempo de lectura":"2 minutos"},"schema":{"@context":"https:\/\/schema.org","@graph":[{"@type":"NewsArticle","@id":"https:\/\/www.celttv.com.ar\/index.php\/2019\/05\/11\/juanchi-torres-vuelve-al-tn-c-2-en-nuequen-info-apat\/#article","isPartOf":{"@id":"https:\/\/www.celttv.com.ar\/index.php\/2019\/05\/11\/juanchi-torres-vuelve-al-tn-c-2-en-nuequen-info-apat\/"},"author":{"name":"ulises","@id":"https:\/\/www.celttv.com.ar\/#\/schema\/person\/6d99c072dba59953809c81446e9d0ace"},"headline":"&#8220;JUANCHI&#8221; TORRES VUELVE AL TN C-2 EN NEUQU\u00c9N (INFO APAT)","datePublished":"2019-05-11T00:22:22+00:00","dateModified":"2019-05-11T00:22:22+00:00","mainEntityOfPage":{"@id":"https:\/\/www.celttv.com.ar\/index.php\/2019\/05\/11\/juanchi-torres-vuelve-al-tn-c-2-en-nuequen-info-apat\/"},"wordCount":326,"publisher":{"@id":"https:\/\/www.celttv.com.ar\/#organization"},"articleSection":["Celt TV Noticias","Deporte","Destacadas","Magazine Sport"],"inLanguage":"es"},{"@type":"WebPage","@id":"https:\/\/www.celttv.com.ar\/index.php\/2019\/05\/11\/juanchi-torres-vuelve-al-tn-c-2-en-nuequen-info-apat\/","url":"https:\/\/www.celttv.com.ar\/index.php\/2019\/05\/11\/juanchi-torres-vuelve-al-tn-c-2-en-nuequen-info-apat\/","name":"\"JUANCHI\" TORRES VUELVE AL TN C-2 EN NEUQU\u00c9N (INFO APAT) - CELTTV","isPartOf":{"@id":"https:\/\/www.celttv.com.ar\/#website"},"datePublished":"2019-05-11T00:22:22+00:00","dateModified":"2019-05-11T00:22:22+00:00","description":"Sitio web de noticias de la localidad de Tornquist, provincia de Buenos Aires, Rep\u00fablica Argentina. Contenido propio originado por periodistas de CELTTV, el canal de TV local de la Cooperativa El\u00e9ctrica de Tornquist. Turismo, Pol\u00edtica, Sociedad, Deporte, Cultura y todo el contenido de inter\u00e9s general que la gente del pueblo y la regi\u00f3n debe conocer.","breadcrumb":{"@id":"https:\/\/www.celttv.com.ar\/index.php\/2019\/05\/11\/juanchi-torres-vuelve-al-tn-c-2-en-nuequen-info-apat\/#breadcrumb"},"inLanguage":"es","potentialAction":[{"@type":"ReadAction","target":["https:\/\/www.celttv.com.ar\/index.php\/2019\/05\/11\/juanchi-torres-vuelve-al-tn-c-2-en-nuequen-info-apat\/"]}]},{"@type":"BreadcrumbList","@id":"https:\/\/www.celttv.com.ar\/index.php\/2019\/05\/11\/juanchi-torres-vuelve-al-tn-c-2-en-nuequen-info-apat\/#breadcrumb","itemListElement":[{"@type":"ListItem","position":1,"name":"Inicio","item":"https:\/\/www.celttv.com.ar\/"},{"@type":"ListItem","position":2,"name":"&#8220;JUANCHI&#8221; TORRES VUELVE AL TN C-2 EN NEUQU\u00c9N (INFO APAT)"}]},{"@type":"WebSite","@id":"https:\/\/www.celttv.com.ar\/#website","url":"https:\/\/www.celttv.com.ar\/","name":"CELTTV","description":"Cooperativa El\u00e9ctrica de Tornquist","publisher":{"@id":"https:\/\/www.celttv.com.ar\/#organization"},"potentialAction":[{"@type":"SearchAction","target":{"@type":"EntryPoint","urlTemplate":"https:\/\/www.celttv.com.ar\/?s={search_term_string}"},"query-input":"required name=search_term_string"}],"inLanguage":"es"},{"@type":"Organization","@id":"https:\/\/www.celttv.com.ar\/#organization","name":"CELTTV","url":"https:\/\/www.celttv.com.ar\/","sameAs":["https:\/\/www.youtube.com\/channel\/UCz_oIt8Hig64Ub-EmcNPIhg","https:\/\/www.facebook.com\/celtTV\/"],"logo":{"@type":"ImageObject","inLanguage":"es","@id":"https:\/\/www.celttv.com.ar\/#\/schema\/logo\/image\/","url":"http:\/\/www.celttv.com.ar\/wp-content\/uploads\/2022\/08\/logo-1.png","contentUrl":"http:\/\/www.celttv.com.ar\/wp-content\/uploads\/2022\/08\/logo-1.png","width":461,"height":159,"caption":"CELTTV"},"image":{"@id":"https:\/\/www.celttv.com.ar\/#\/schema\/logo\/image\/"}},{"@type":"Person","@id":"https:\/\/www.celttv.com.ar\/#\/schema\/person\/6d99c072dba59953809c81446e9d0ace","name":"ulises","image":{"@type":"ImageObject","inLanguage":"es","@id":"https:\/\/www.celttv.com.ar\/#\/schema\/person\/image\/","url":"https:\/\/secure.gravatar.com\/avatar\/7f2c48bdc33b30088f941fb6082e555f2874c98e20cb159d7b92b50eadfce793?s=96&d=mm&r=g","contentUrl":"https:\/\/secure.gravatar.com\/avatar\/7f2c48bdc33b30088f941fb6082e555f2874c98e20cb159d7b92b50eadfce793?s=96&d=mm&r=g","caption":"ulises"},"sameAs":["http:\/\/www.celttv.com.ar"]}]}},"_links":{"self":[{"href":"https:\/\/www.celttv.com.ar\/index.php\/wp-json\/wp\/v2\/posts\/41428","targetHints":{"allow":["GET"]}}],"collection":[{"href":"https:\/\/www.celttv.com.ar\/index.php\/wp-json\/wp\/v2\/posts"}],"about":[{"href":"https:\/\/www.celttv.com.ar\/index.php\/wp-json\/wp\/v2\/types\/post"}],"author":[{"embeddable":true,"href":"https:\/\/www.celttv.com.ar\/index.php\/wp-json\/wp\/v2\/users\/1"}],"replies":[{"embeddable":true,"href":"https:\/\/www.celttv.com.ar\/index.php\/wp-json\/wp\/v2\/comments?post=41428"}],"version-history":[{"count":0,"href":"https:\/\/www.celttv.com.ar\/index.php\/wp-json\/wp\/v2\/posts\/41428\/revisions"}],"wp:featuredmedia":[{"embeddable":true,"href":"https:\/\/www.celttv.com.ar\/index.php\/wp-json\/wp\/v2\/media\/41429"}],"wp:attachment":[{"href":"https:\/\/www.celttv.com.ar\/index.php\/wp-json\/wp\/v2\/media?parent=41428"}],"wp:term":[{"taxonomy":"category","embeddable":true,"href":"https:\/\/www.celttv.com.ar\/index.php\/wp-json\/wp\/v2\/categories?post=41428"},{"taxonomy":"post_tag","embeddable":true,"href":"https:\/\/www.celttv.com.ar\/index.php\/wp-json\/wp\/v2\/tags?post=41428"}],"curies":[{"name":"wp","href":"https:\/\/api.w.org\/{rel}","templated":true}]}}