{"id":41438,"date":"2019-05-11T15:47:13","date_gmt":"2019-05-11T15:47:13","guid":{"rendered":"http:\/\/www.celttv.com.ar\/?p=41438"},"modified":"2019-05-11T15:47:13","modified_gmt":"2019-05-11T15:47:13","slug":"se-realiza-a-partir-de-hoy-la-33o-peregrinacion-al-santuario-de-fatima","status":"publish","type":"post","link":"https:\/\/www.celttv.com.ar\/index.php\/2019\/05\/11\/se-realiza-a-partir-de-hoy-la-33o-peregrinacion-al-santuario-de-fatima\/","title":{"rendered":"Se realiza a partir de hoy la 33\u00ba Peregrinaci\u00f3n al Santuario de F\u00e1tima (fotos)"},"content":{"rendered":"<p>La Comisi\u00f3n Directiva de la Sociedad de Fomento y Turismo de Villa Serrana La Gruta, invita a los vecinos del distrito a participar de la Peregrinaci\u00f3n al Santuario Nuestra Se\u00f1ora de Fatima, previsto para los d\u00edas 11 y 12 de mayo del 2019. Habr\u00e1 ademas, como todos los a\u00f1os, paseo de artesanos y oferta gastron\u00f3mica para disfrutar en familia.<\/p>\n<p>Puede verse en im\u00e1genes todos los preparativos para recibir, como todos los a\u00f1os, a una importante cantidad de peregrinos provenientes de distintos puntos de la provincia y el pa\u00eds.<\/p>\n<p>Fotos: gentileza Jorge Spossatto<\/p>\n<div id='gallery_1' class='gallery galleryid-41438 gallery-columns-3 gallery-size-medium'><figure class='gallery-item'>\n            <div class='gallery-icon landscape'>\n                <a href='https:\/\/www.celttv.com.ar\/wp-content\/uploads\/2019\/05\/4c6bb0d0-d96c-4ddc-9fed-7a4c5d371fee.jpg'><img loading=\"lazy\" decoding=\"async\" width=\"300\" height=\"225\" src=\"\" class=\"attachment-medium size-medium lazyload\" alt=\"\" data-src=\"https:\/\/www.celttv.com.ar\/wp-content\/uploads\/2019\/05\/4c6bb0d0-d96c-4ddc-9fed-7a4c5d371fee-300x225.jpg\" data-sizes=\"auto\" data-srcset=\"https:\/\/www.celttv.com.ar\/wp-content\/uploads\/2019\/05\/4c6bb0d0-d96c-4ddc-9fed-7a4c5d371fee-300x225.jpg 300w, https:\/\/www.celttv.com.ar\/wp-content\/uploads\/2019\/05\/4c6bb0d0-d96c-4ddc-9fed-7a4c5d371fee-1024x768.jpg 1024w, https:\/\/www.celttv.com.ar\/wp-content\/uploads\/2019\/05\/4c6bb0d0-d96c-4ddc-9fed-7a4c5d371fee-768x576.jpg 768w, https:\/\/www.celttv.com.ar\/wp-content\/uploads\/2019\/05\/4c6bb0d0-d96c-4ddc-9fed-7a4c5d371fee-750x563.jpg 750w, https:\/\/www.celttv.com.ar\/wp-content\/uploads\/2019\/05\/4c6bb0d0-d96c-4ddc-9fed-7a4c5d371fee-1140x855.jpg 1140w, https:\/\/www.celttv.com.ar\/wp-content\/uploads\/2019\/05\/4c6bb0d0-d96c-4ddc-9fed-7a4c5d371fee.jpg 1280w\" data-expand=\"700\" \/><\/a>\n            <\/div><\/figure><figure class='gallery-item'>\n            <div class='gallery-icon landscape'>\n                <a href='https:\/\/www.celttv.com.ar\/wp-content\/uploads\/2019\/05\/72b55d21-1b5a-4a91-8407-1b9df3be29c1.jpg'><img loading=\"lazy\" decoding=\"async\" width=\"300\" height=\"225\" src=\"\" class=\"attachment-medium size-medium lazyload\" alt=\"\" data-src=\"https:\/\/www.celttv.com.ar\/wp-content\/uploads\/2019\/05\/72b55d21-1b5a-4a91-8407-1b9df3be29c1-300x225.jpg\" data-sizes=\"auto\" data-srcset=\"https:\/\/www.celttv.com.ar\/wp-content\/uploads\/2019\/05\/72b55d21-1b5a-4a91-8407-1b9df3be29c1-300x225.jpg 300w, https:\/\/www.celttv.com.ar\/wp-content\/uploads\/2019\/05\/72b55d21-1b5a-4a91-8407-1b9df3be29c1-1024x768.jpg 1024w, https:\/\/www.celttv.com.ar\/wp-content\/uploads\/2019\/05\/72b55d21-1b5a-4a91-8407-1b9df3be29c1-768x576.jpg 768w, https:\/\/www.celttv.com.ar\/wp-content\/uploads\/2019\/05\/72b55d21-1b5a-4a91-8407-1b9df3be29c1-750x563.jpg 750w, https:\/\/www.celttv.com.ar\/wp-content\/uploads\/2019\/05\/72b55d21-1b5a-4a91-8407-1b9df3be29c1-1140x855.jpg 1140w, https:\/\/www.celttv.com.ar\/wp-content\/uploads\/2019\/05\/72b55d21-1b5a-4a91-8407-1b9df3be29c1.jpg 1280w\" data-expand=\"700\" \/><\/a>\n            <\/div><\/figure><figure class='gallery-item'>\n            <div class='gallery-icon landscape'>\n                <a href='https:\/\/www.celttv.com.ar\/wp-content\/uploads\/2019\/05\/81c8f83b-a76e-4d67-bcd6-011b603e98ba.jpg'><img loading=\"lazy\" decoding=\"async\" width=\"300\" height=\"225\" src=\"\" class=\"attachment-medium size-medium lazyload\" alt=\"\" data-src=\"https:\/\/www.celttv.com.ar\/wp-content\/uploads\/2019\/05\/81c8f83b-a76e-4d67-bcd6-011b603e98ba-300x225.jpg\" data-sizes=\"auto\" data-srcset=\"https:\/\/www.celttv.com.ar\/wp-content\/uploads\/2019\/05\/81c8f83b-a76e-4d67-bcd6-011b603e98ba-300x225.jpg 300w, https:\/\/www.celttv.com.ar\/wp-content\/uploads\/2019\/05\/81c8f83b-a76e-4d67-bcd6-011b603e98ba-1024x768.jpg 1024w, https:\/\/www.celttv.com.ar\/wp-content\/uploads\/2019\/05\/81c8f83b-a76e-4d67-bcd6-011b603e98ba-768x576.jpg 768w, https:\/\/www.celttv.com.ar\/wp-content\/uploads\/2019\/05\/81c8f83b-a76e-4d67-bcd6-011b603e98ba-750x563.jpg 750w, https:\/\/www.celttv.com.ar\/wp-content\/uploads\/2019\/05\/81c8f83b-a76e-4d67-bcd6-011b603e98ba-1140x855.jpg 1140w, https:\/\/www.celttv.com.ar\/wp-content\/uploads\/2019\/05\/81c8f83b-a76e-4d67-bcd6-011b603e98ba.jpg 1280w\" data-expand=\"700\" \/><\/a>\n            <\/div><\/figure><br style=\"clear: both\" \/><figure class='gallery-item'>\n            <div class='gallery-icon landscape'>\n                <a href='https:\/\/www.celttv.com.ar\/wp-content\/uploads\/2019\/05\/374c248a-b2cf-4149-8505-ba4e6ba1d858.jpg'><img loading=\"lazy\" decoding=\"async\" width=\"300\" height=\"225\" src=\"\" class=\"attachment-medium size-medium lazyload\" alt=\"\" data-src=\"https:\/\/www.celttv.com.ar\/wp-content\/uploads\/2019\/05\/374c248a-b2cf-4149-8505-ba4e6ba1d858-300x225.jpg\" data-sizes=\"auto\" data-srcset=\"https:\/\/www.celttv.com.ar\/wp-content\/uploads\/2019\/05\/374c248a-b2cf-4149-8505-ba4e6ba1d858-300x225.jpg 300w, https:\/\/www.celttv.com.ar\/wp-content\/uploads\/2019\/05\/374c248a-b2cf-4149-8505-ba4e6ba1d858-1024x768.jpg 1024w, https:\/\/www.celttv.com.ar\/wp-content\/uploads\/2019\/05\/374c248a-b2cf-4149-8505-ba4e6ba1d858-768x576.jpg 768w, https:\/\/www.celttv.com.ar\/wp-content\/uploads\/2019\/05\/374c248a-b2cf-4149-8505-ba4e6ba1d858-750x563.jpg 750w, https:\/\/www.celttv.com.ar\/wp-content\/uploads\/2019\/05\/374c248a-b2cf-4149-8505-ba4e6ba1d858-1140x855.jpg 1140w, https:\/\/www.celttv.com.ar\/wp-content\/uploads\/2019\/05\/374c248a-b2cf-4149-8505-ba4e6ba1d858.jpg 1280w\" data-expand=\"700\" \/><\/a>\n            <\/div><\/figure><figure class='gallery-item'>\n            <div class='gallery-icon landscape'>\n                <a href='https:\/\/www.celttv.com.ar\/wp-content\/uploads\/2019\/05\/1862fba4-08de-4d27-b440-04e0d44f214d.jpg'><img loading=\"lazy\" decoding=\"async\" width=\"300\" height=\"225\" src=\"\" class=\"attachment-medium size-medium lazyload\" alt=\"\" data-src=\"https:\/\/www.celttv.com.ar\/wp-content\/uploads\/2019\/05\/1862fba4-08de-4d27-b440-04e0d44f214d-300x225.jpg\" data-sizes=\"auto\" data-srcset=\"https:\/\/www.celttv.com.ar\/wp-content\/uploads\/2019\/05\/1862fba4-08de-4d27-b440-04e0d44f214d-300x225.jpg 300w, https:\/\/www.celttv.com.ar\/wp-content\/uploads\/2019\/05\/1862fba4-08de-4d27-b440-04e0d44f214d-1024x768.jpg 1024w, https:\/\/www.celttv.com.ar\/wp-content\/uploads\/2019\/05\/1862fba4-08de-4d27-b440-04e0d44f214d-768x576.jpg 768w, https:\/\/www.celttv.com.ar\/wp-content\/uploads\/2019\/05\/1862fba4-08de-4d27-b440-04e0d44f214d-750x563.jpg 750w, https:\/\/www.celttv.com.ar\/wp-content\/uploads\/2019\/05\/1862fba4-08de-4d27-b440-04e0d44f214d-1140x855.jpg 1140w, https:\/\/www.celttv.com.ar\/wp-content\/uploads\/2019\/05\/1862fba4-08de-4d27-b440-04e0d44f214d.jpg 1280w\" data-expand=\"700\" \/><\/a>\n            <\/div><\/figure><figure class='gallery-item'>\n            <div class='gallery-icon landscape'>\n                <a href='https:\/\/www.celttv.com.ar\/wp-content\/uploads\/2019\/05\/9737bfc3-616b-4765-a369-36a11f7f61bf.jpg'><img loading=\"lazy\" decoding=\"async\" width=\"300\" height=\"225\" src=\"\" class=\"attachment-medium size-medium lazyload\" alt=\"\" data-src=\"https:\/\/www.celttv.com.ar\/wp-content\/uploads\/2019\/05\/9737bfc3-616b-4765-a369-36a11f7f61bf-300x225.jpg\" data-sizes=\"auto\" data-srcset=\"https:\/\/www.celttv.com.ar\/wp-content\/uploads\/2019\/05\/9737bfc3-616b-4765-a369-36a11f7f61bf-300x225.jpg 300w, https:\/\/www.celttv.com.ar\/wp-content\/uploads\/2019\/05\/9737bfc3-616b-4765-a369-36a11f7f61bf-1024x768.jpg 1024w, https:\/\/www.celttv.com.ar\/wp-content\/uploads\/2019\/05\/9737bfc3-616b-4765-a369-36a11f7f61bf-768x576.jpg 768w, https:\/\/www.celttv.com.ar\/wp-content\/uploads\/2019\/05\/9737bfc3-616b-4765-a369-36a11f7f61bf-750x563.jpg 750w, https:\/\/www.celttv.com.ar\/wp-content\/uploads\/2019\/05\/9737bfc3-616b-4765-a369-36a11f7f61bf-1140x855.jpg 1140w, https:\/\/www.celttv.com.ar\/wp-content\/uploads\/2019\/05\/9737bfc3-616b-4765-a369-36a11f7f61bf.jpg 1280w\" data-expand=\"700\" \/><\/a>\n            <\/div><\/figure><br style=\"clear: both\" \/><figure class='gallery-item'>\n            <div class='gallery-icon landscape'>\n                <a href='https:\/\/www.celttv.com.ar\/wp-content\/uploads\/2019\/05\/78081a7a-8451-4eb1-9c48-3a8683a21512.jpg'><img loading=\"lazy\" decoding=\"async\" width=\"300\" height=\"225\" src=\"\" class=\"attachment-medium size-medium lazyload\" alt=\"\" data-src=\"https:\/\/www.celttv.com.ar\/wp-content\/uploads\/2019\/05\/78081a7a-8451-4eb1-9c48-3a8683a21512-300x225.jpg\" data-sizes=\"auto\" data-srcset=\"https:\/\/www.celttv.com.ar\/wp-content\/uploads\/2019\/05\/78081a7a-8451-4eb1-9c48-3a8683a21512-300x225.jpg 300w, https:\/\/www.celttv.com.ar\/wp-content\/uploads\/2019\/05\/78081a7a-8451-4eb1-9c48-3a8683a21512-1024x768.jpg 1024w, https:\/\/www.celttv.com.ar\/wp-content\/uploads\/2019\/05\/78081a7a-8451-4eb1-9c48-3a8683a21512-768x576.jpg 768w, https:\/\/www.celttv.com.ar\/wp-content\/uploads\/2019\/05\/78081a7a-8451-4eb1-9c48-3a8683a21512-750x563.jpg 750w, https:\/\/www.celttv.com.ar\/wp-content\/uploads\/2019\/05\/78081a7a-8451-4eb1-9c48-3a8683a21512-1140x855.jpg 1140w, https:\/\/www.celttv.com.ar\/wp-content\/uploads\/2019\/05\/78081a7a-8451-4eb1-9c48-3a8683a21512.jpg 1280w\" data-expand=\"700\" \/><\/a>\n            <\/div><\/figure><figure class='gallery-item'>\n            <div class='gallery-icon portrait'>\n                <a href='https:\/\/www.celttv.com.ar\/wp-content\/uploads\/2019\/05\/764982b2-9bba-4bd6-90be-087c3d15d151.jpg'><img loading=\"lazy\" decoding=\"async\" width=\"225\" height=\"300\" src=\"\" class=\"attachment-medium size-medium lazyload\" alt=\"\" data-src=\"https:\/\/www.celttv.com.ar\/wp-content\/uploads\/2019\/05\/764982b2-9bba-4bd6-90be-087c3d15d151-225x300.jpg\" data-sizes=\"auto\" data-srcset=\"https:\/\/www.celttv.com.ar\/wp-content\/uploads\/2019\/05\/764982b2-9bba-4bd6-90be-087c3d15d151-225x300.jpg 225w, https:\/\/www.celttv.com.ar\/wp-content\/uploads\/2019\/05\/764982b2-9bba-4bd6-90be-087c3d15d151-768x1024.jpg 768w, https:\/\/www.celttv.com.ar\/wp-content\/uploads\/2019\/05\/764982b2-9bba-4bd6-90be-087c3d15d151-750x1000.jpg 750w, https:\/\/www.celttv.com.ar\/wp-content\/uploads\/2019\/05\/764982b2-9bba-4bd6-90be-087c3d15d151.jpg 960w\" data-expand=\"700\" \/><\/a>\n            <\/div><\/figure><figure class='gallery-item'>\n            <div class='gallery-icon landscape'>\n                <a href='https:\/\/www.celttv.com.ar\/wp-content\/uploads\/2019\/05\/a4e6a794-1d49-4a06-afc3-10998512f092.jpg'><img loading=\"lazy\" decoding=\"async\" width=\"300\" height=\"225\" src=\"\" class=\"attachment-medium size-medium lazyload\" alt=\"\" data-src=\"https:\/\/www.celttv.com.ar\/wp-content\/uploads\/2019\/05\/a4e6a794-1d49-4a06-afc3-10998512f092-300x225.jpg\" data-sizes=\"auto\" data-srcset=\"https:\/\/www.celttv.com.ar\/wp-content\/uploads\/2019\/05\/a4e6a794-1d49-4a06-afc3-10998512f092-300x225.jpg 300w, https:\/\/www.celttv.com.ar\/wp-content\/uploads\/2019\/05\/a4e6a794-1d49-4a06-afc3-10998512f092-1024x768.jpg 1024w, https:\/\/www.celttv.com.ar\/wp-content\/uploads\/2019\/05\/a4e6a794-1d49-4a06-afc3-10998512f092-768x576.jpg 768w, https:\/\/www.celttv.com.ar\/wp-content\/uploads\/2019\/05\/a4e6a794-1d49-4a06-afc3-10998512f092-750x563.jpg 750w, https:\/\/www.celttv.com.ar\/wp-content\/uploads\/2019\/05\/a4e6a794-1d49-4a06-afc3-10998512f092-1140x855.jpg 1140w, https:\/\/www.celttv.com.ar\/wp-content\/uploads\/2019\/05\/a4e6a794-1d49-4a06-afc3-10998512f092.jpg 1280w\" data-expand=\"700\" \/><\/a>\n            <\/div><\/figure><br style=\"clear: both\" \/><figure class='gallery-item'>\n            <div class='gallery-icon landscape'>\n                <a href='https:\/\/www.celttv.com.ar\/wp-content\/uploads\/2019\/05\/cc5ac5f3-7219-4301-a03b-288aae6a4a8e.jpg'><img loading=\"lazy\" decoding=\"async\" width=\"300\" height=\"225\" src=\"\" class=\"attachment-medium size-medium lazyload\" alt=\"\" data-src=\"https:\/\/www.celttv.com.ar\/wp-content\/uploads\/2019\/05\/cc5ac5f3-7219-4301-a03b-288aae6a4a8e-300x225.jpg\" data-sizes=\"auto\" data-srcset=\"https:\/\/www.celttv.com.ar\/wp-content\/uploads\/2019\/05\/cc5ac5f3-7219-4301-a03b-288aae6a4a8e-300x225.jpg 300w, https:\/\/www.celttv.com.ar\/wp-content\/uploads\/2019\/05\/cc5ac5f3-7219-4301-a03b-288aae6a4a8e-1024x768.jpg 1024w, https:\/\/www.celttv.com.ar\/wp-content\/uploads\/2019\/05\/cc5ac5f3-7219-4301-a03b-288aae6a4a8e-768x576.jpg 768w, https:\/\/www.celttv.com.ar\/wp-content\/uploads\/2019\/05\/cc5ac5f3-7219-4301-a03b-288aae6a4a8e-750x563.jpg 750w, https:\/\/www.celttv.com.ar\/wp-content\/uploads\/2019\/05\/cc5ac5f3-7219-4301-a03b-288aae6a4a8e-1140x855.jpg 1140w, https:\/\/www.celttv.com.ar\/wp-content\/uploads\/2019\/05\/cc5ac5f3-7219-4301-a03b-288aae6a4a8e.jpg 1280w\" data-expand=\"700\" \/><\/a>\n            <\/div><\/figure><figure class='gallery-item'>\n            <div class='gallery-icon landscape'>\n                <a href='https:\/\/www.celttv.com.ar\/wp-content\/uploads\/2019\/05\/d6d8bd49-d019-40a2-bfcd-70e9150b3278.jpg'><img loading=\"lazy\" decoding=\"async\" width=\"300\" height=\"225\" src=\"\" class=\"attachment-medium size-medium lazyload\" alt=\"\" data-src=\"https:\/\/www.celttv.com.ar\/wp-content\/uploads\/2019\/05\/d6d8bd49-d019-40a2-bfcd-70e9150b3278-300x225.jpg\" data-sizes=\"auto\" data-srcset=\"https:\/\/www.celttv.com.ar\/wp-content\/uploads\/2019\/05\/d6d8bd49-d019-40a2-bfcd-70e9150b3278-300x225.jpg 300w, https:\/\/www.celttv.com.ar\/wp-content\/uploads\/2019\/05\/d6d8bd49-d019-40a2-bfcd-70e9150b3278-1024x768.jpg 1024w, https:\/\/www.celttv.com.ar\/wp-content\/uploads\/2019\/05\/d6d8bd49-d019-40a2-bfcd-70e9150b3278-768x576.jpg 768w, https:\/\/www.celttv.com.ar\/wp-content\/uploads\/2019\/05\/d6d8bd49-d019-40a2-bfcd-70e9150b3278-750x563.jpg 750w, https:\/\/www.celttv.com.ar\/wp-content\/uploads\/2019\/05\/d6d8bd49-d019-40a2-bfcd-70e9150b3278-1140x855.jpg 1140w, https:\/\/www.celttv.com.ar\/wp-content\/uploads\/2019\/05\/d6d8bd49-d019-40a2-bfcd-70e9150b3278.jpg 1280w\" data-expand=\"700\" \/><\/a>\n            <\/div><\/figure><figure class='gallery-item'>\n            <div class='gallery-icon portrait'>\n                <a href='https:\/\/www.celttv.com.ar\/wp-content\/uploads\/2019\/05\/d100ff24-fd9d-49a5-8224-d9e8e54fb3f5.jpg'><img loading=\"lazy\" decoding=\"async\" width=\"225\" height=\"300\" src=\"\" class=\"attachment-medium size-medium lazyload\" alt=\"\" data-src=\"https:\/\/www.celttv.com.ar\/wp-content\/uploads\/2019\/05\/d100ff24-fd9d-49a5-8224-d9e8e54fb3f5-225x300.jpg\" data-sizes=\"auto\" data-srcset=\"https:\/\/www.celttv.com.ar\/wp-content\/uploads\/2019\/05\/d100ff24-fd9d-49a5-8224-d9e8e54fb3f5-225x300.jpg 225w, https:\/\/www.celttv.com.ar\/wp-content\/uploads\/2019\/05\/d100ff24-fd9d-49a5-8224-d9e8e54fb3f5-768x1024.jpg 768w, https:\/\/www.celttv.com.ar\/wp-content\/uploads\/2019\/05\/d100ff24-fd9d-49a5-8224-d9e8e54fb3f5-750x1000.jpg 750w, https:\/\/www.celttv.com.ar\/wp-content\/uploads\/2019\/05\/d100ff24-fd9d-49a5-8224-d9e8e54fb3f5.jpg 960w\" data-expand=\"700\" \/><\/a>\n            <\/div><\/figure><br style=\"clear: both\" \/><figure class='gallery-item'>\n            <div class='gallery-icon landscape'>\n                <a href='https:\/\/www.celttv.com.ar\/wp-content\/uploads\/2019\/05\/d965ffd9-fd33-49b7-bb17-6e705e57fb14.jpg'><img loading=\"lazy\" decoding=\"async\" width=\"300\" height=\"225\" src=\"\" class=\"attachment-medium size-medium lazyload\" alt=\"\" data-src=\"https:\/\/www.celttv.com.ar\/wp-content\/uploads\/2019\/05\/d965ffd9-fd33-49b7-bb17-6e705e57fb14-300x225.jpg\" data-sizes=\"auto\" data-srcset=\"https:\/\/www.celttv.com.ar\/wp-content\/uploads\/2019\/05\/d965ffd9-fd33-49b7-bb17-6e705e57fb14-300x225.jpg 300w, https:\/\/www.celttv.com.ar\/wp-content\/uploads\/2019\/05\/d965ffd9-fd33-49b7-bb17-6e705e57fb14-1024x768.jpg 1024w, https:\/\/www.celttv.com.ar\/wp-content\/uploads\/2019\/05\/d965ffd9-fd33-49b7-bb17-6e705e57fb14-768x576.jpg 768w, https:\/\/www.celttv.com.ar\/wp-content\/uploads\/2019\/05\/d965ffd9-fd33-49b7-bb17-6e705e57fb14-750x563.jpg 750w, https:\/\/www.celttv.com.ar\/wp-content\/uploads\/2019\/05\/d965ffd9-fd33-49b7-bb17-6e705e57fb14-1140x855.jpg 1140w, https:\/\/www.celttv.com.ar\/wp-content\/uploads\/2019\/05\/d965ffd9-fd33-49b7-bb17-6e705e57fb14.jpg 1280w\" data-expand=\"700\" \/><\/a>\n            <\/div><\/figure><figure class='gallery-item'>\n            <div class='gallery-icon landscape'>\n                <a href='https:\/\/www.celttv.com.ar\/wp-content\/uploads\/2019\/05\/ee5d5c98-1a46-4ce4-87d7-3f5cb37ee789.jpg'><img loading=\"lazy\" decoding=\"async\" width=\"300\" height=\"225\" src=\"\" class=\"attachment-medium size-medium lazyload\" alt=\"\" data-src=\"https:\/\/www.celttv.com.ar\/wp-content\/uploads\/2019\/05\/ee5d5c98-1a46-4ce4-87d7-3f5cb37ee789-300x225.jpg\" data-sizes=\"auto\" data-srcset=\"https:\/\/www.celttv.com.ar\/wp-content\/uploads\/2019\/05\/ee5d5c98-1a46-4ce4-87d7-3f5cb37ee789-300x225.jpg 300w, https:\/\/www.celttv.com.ar\/wp-content\/uploads\/2019\/05\/ee5d5c98-1a46-4ce4-87d7-3f5cb37ee789-1024x768.jpg 1024w, https:\/\/www.celttv.com.ar\/wp-content\/uploads\/2019\/05\/ee5d5c98-1a46-4ce4-87d7-3f5cb37ee789-768x576.jpg 768w, https:\/\/www.celttv.com.ar\/wp-content\/uploads\/2019\/05\/ee5d5c98-1a46-4ce4-87d7-3f5cb37ee789-750x563.jpg 750w, https:\/\/www.celttv.com.ar\/wp-content\/uploads\/2019\/05\/ee5d5c98-1a46-4ce4-87d7-3f5cb37ee789-1140x855.jpg 1140w, https:\/\/www.celttv.com.ar\/wp-content\/uploads\/2019\/05\/ee5d5c98-1a46-4ce4-87d7-3f5cb37ee789.jpg 1280w\" data-expand=\"700\" \/><\/a>\n            <\/div><\/figure>\n            <br style='clear: both' \/>\n        <\/div>\n\n<p><a href=\"http:\/\/www.celttv.com.ar\/?attachment_id=41456\" rel=\"attachment wp-att-41456\"><img loading=\"lazy\" decoding=\"async\" class=\"alignleft size-full wp-image-41456\" src=\"http:\/\/www.celttv.com.ar\/wp-content\/uploads\/2019\/05\/110_88ab_fatima_1557496696.jpg_962.jpg\" alt=\"\" width=\"962\" height=\"1360\" srcset=\"https:\/\/www.celttv.com.ar\/wp-content\/uploads\/2019\/05\/110_88ab_fatima_1557496696.jpg_962.jpg 962w, https:\/\/www.celttv.com.ar\/wp-content\/uploads\/2019\/05\/110_88ab_fatima_1557496696.jpg_962-212x300.jpg 212w, https:\/\/www.celttv.com.ar\/wp-content\/uploads\/2019\/05\/110_88ab_fatima_1557496696.jpg_962-724x1024.jpg 724w, https:\/\/www.celttv.com.ar\/wp-content\/uploads\/2019\/05\/110_88ab_fatima_1557496696.jpg_962-768x1086.jpg 768w, https:\/\/www.celttv.com.ar\/wp-content\/uploads\/2019\/05\/110_88ab_fatima_1557496696.jpg_962-750x1060.jpg 750w\" sizes=\"auto, (max-width: 962px) 100vw, 962px\" \/><\/a><\/p>\n","protected":false},"excerpt":{"rendered":"<p>La Comisi\u00f3n Directiva de la Sociedad de Fomento y Turismo de Villa Serrana La Gruta, invita a los vecinos del distrito a participar de la Peregrinaci\u00f3n al Santuario Nuestra Se\u00f1ora de Fatima, previsto para los d\u00edas 11 y 12 de mayo del 2019. Habr\u00e1 ademas, como todos los a\u00f1os, paseo de artesanos y oferta gastron\u00f3mica [&hellip;]<\/p>\n","protected":false},"author":1,"featured_media":41443,"comment_status":"closed","ping_status":"open","sticky":false,"template":"","format":"standard","meta":{"footnotes":""},"categories":[51,52],"tags":[],"class_list":["post-41438","post","type-post","status-publish","format-standard","has-post-thumbnail","hentry","category-comunidad","category-destacadas"],"yoast_head":"<!-- This site is optimized with the Yoast SEO plugin v19.7.1 - https:\/\/yoast.com\/wordpress\/plugins\/seo\/ -->\n<title>Se realiza a partir de hoy la 33\u00ba Peregrinaci\u00f3n al Santuario de F\u00e1tima (fotos) - CELTTV<\/title>\n<meta name=\"description\" content=\"Sitio web de noticias de la localidad de Tornquist, provincia de Buenos Aires, Rep\u00fablica Argentina. Contenido propio originado por periodistas de CELTTV, el canal de TV local de la Cooperativa El\u00e9ctrica de Tornquist. Turismo, Pol\u00edtica, Sociedad, Deporte, Cultura y todo el contenido de inter\u00e9s general que la gente del pueblo y la regi\u00f3n debe conocer.\" \/>\n<meta name=\"robots\" content=\"index, follow, max-snippet:-1, max-image-preview:large, max-video-preview:-1\" \/>\n<link rel=\"canonical\" href=\"https:\/\/www.celttv.com.ar\/index.php\/2019\/05\/11\/se-realiza-a-partir-de-hoy-la-33o-peregrinacion-al-santuario-de-fatima\/\" \/>\n<meta property=\"og:locale\" content=\"es_ES\" \/>\n<meta property=\"og:type\" content=\"article\" \/>\n<meta property=\"og:title\" content=\"Se realiza a partir de hoy la 33\u00ba Peregrinaci\u00f3n al Santuario de F\u00e1tima (fotos) - CELTTV\" \/>\n<meta property=\"og:description\" content=\"Sitio web de noticias de la localidad de Tornquist, provincia de Buenos Aires, Rep\u00fablica Argentina. Contenido propio originado por periodistas de CELTTV, el canal de TV local de la Cooperativa El\u00e9ctrica de Tornquist. Turismo, Pol\u00edtica, Sociedad, Deporte, Cultura y todo el contenido de inter\u00e9s general que la gente del pueblo y la regi\u00f3n debe conocer.\" \/>\n<meta property=\"og:url\" content=\"https:\/\/www.celttv.com.ar\/index.php\/2019\/05\/11\/se-realiza-a-partir-de-hoy-la-33o-peregrinacion-al-santuario-de-fatima\/\" \/>\n<meta property=\"og:site_name\" content=\"CELTTV\" \/>\n<meta property=\"article:publisher\" content=\"https:\/\/www.facebook.com\/celtTV\/\" \/>\n<meta property=\"article:published_time\" content=\"2019-05-11T15:47:13+00:00\" \/>\n<meta property=\"og:image\" content=\"https:\/\/www.celttv.com.ar\/wp-content\/uploads\/2019\/05\/81c8f83b-a76e-4d67-bcd6-011b603e98ba.jpg\" \/>\n\t<meta property=\"og:image:width\" content=\"1280\" \/>\n\t<meta property=\"og:image:height\" content=\"960\" \/>\n\t<meta property=\"og:image:type\" content=\"image\/jpeg\" \/>\n<meta name=\"author\" content=\"ulises\" \/>\n<meta name=\"twitter:card\" content=\"summary_large_image\" \/>\n<meta name=\"twitter:label1\" content=\"Escrito por\" \/>\n\t<meta name=\"twitter:data1\" content=\"ulises\" \/>\n\t<meta name=\"twitter:label2\" content=\"Tiempo de lectura\" \/>\n\t<meta name=\"twitter:data2\" content=\"1 minuto\" \/>\n<script type=\"application\/ld+json\" class=\"yoast-schema-graph\">{\"@context\":\"https:\/\/schema.org\",\"@graph\":[{\"@type\":\"NewsArticle\",\"@id\":\"https:\/\/www.celttv.com.ar\/index.php\/2019\/05\/11\/se-realiza-a-partir-de-hoy-la-33o-peregrinacion-al-santuario-de-fatima\/#article\",\"isPartOf\":{\"@id\":\"https:\/\/www.celttv.com.ar\/index.php\/2019\/05\/11\/se-realiza-a-partir-de-hoy-la-33o-peregrinacion-al-santuario-de-fatima\/\"},\"author\":{\"name\":\"ulises\",\"@id\":\"https:\/\/www.celttv.com.ar\/#\/schema\/person\/6d99c072dba59953809c81446e9d0ace\"},\"headline\":\"Se realiza a partir de hoy la 33\u00ba Peregrinaci\u00f3n al Santuario de F\u00e1tima (fotos)\",\"datePublished\":\"2019-05-11T15:47:13+00:00\",\"dateModified\":\"2019-05-11T15:47:13+00:00\",\"mainEntityOfPage\":{\"@id\":\"https:\/\/www.celttv.com.ar\/index.php\/2019\/05\/11\/se-realiza-a-partir-de-hoy-la-33o-peregrinacion-al-santuario-de-fatima\/\"},\"wordCount\":117,\"publisher\":{\"@id\":\"https:\/\/www.celttv.com.ar\/#organization\"},\"articleSection\":[\"Comunidad\",\"Destacadas\"],\"inLanguage\":\"es\"},{\"@type\":\"WebPage\",\"@id\":\"https:\/\/www.celttv.com.ar\/index.php\/2019\/05\/11\/se-realiza-a-partir-de-hoy-la-33o-peregrinacion-al-santuario-de-fatima\/\",\"url\":\"https:\/\/www.celttv.com.ar\/index.php\/2019\/05\/11\/se-realiza-a-partir-de-hoy-la-33o-peregrinacion-al-santuario-de-fatima\/\",\"name\":\"Se realiza a partir de hoy la 33\u00ba Peregrinaci\u00f3n al Santuario de F\u00e1tima (fotos) - CELTTV\",\"isPartOf\":{\"@id\":\"https:\/\/www.celttv.com.ar\/#website\"},\"datePublished\":\"2019-05-11T15:47:13+00:00\",\"dateModified\":\"2019-05-11T15:47:13+00:00\",\"description\":\"Sitio web de noticias de la localidad de Tornquist, provincia de Buenos Aires, Rep\u00fablica Argentina. Contenido propio originado por periodistas de CELTTV, el canal de TV local de la Cooperativa El\u00e9ctrica de Tornquist. Turismo, Pol\u00edtica, Sociedad, Deporte, Cultura y todo el contenido de inter\u00e9s general que la gente del pueblo y la regi\u00f3n debe conocer.\",\"breadcrumb\":{\"@id\":\"https:\/\/www.celttv.com.ar\/index.php\/2019\/05\/11\/se-realiza-a-partir-de-hoy-la-33o-peregrinacion-al-santuario-de-fatima\/#breadcrumb\"},\"inLanguage\":\"es\",\"potentialAction\":[{\"@type\":\"ReadAction\",\"target\":[\"https:\/\/www.celttv.com.ar\/index.php\/2019\/05\/11\/se-realiza-a-partir-de-hoy-la-33o-peregrinacion-al-santuario-de-fatima\/\"]}]},{\"@type\":\"BreadcrumbList\",\"@id\":\"https:\/\/www.celttv.com.ar\/index.php\/2019\/05\/11\/se-realiza-a-partir-de-hoy-la-33o-peregrinacion-al-santuario-de-fatima\/#breadcrumb\",\"itemListElement\":[{\"@type\":\"ListItem\",\"position\":1,\"name\":\"Inicio\",\"item\":\"https:\/\/www.celttv.com.ar\/\"},{\"@type\":\"ListItem\",\"position\":2,\"name\":\"Se realiza a partir de hoy la 33\u00ba Peregrinaci\u00f3n al Santuario de F\u00e1tima (fotos)\"}]},{\"@type\":\"WebSite\",\"@id\":\"https:\/\/www.celttv.com.ar\/#website\",\"url\":\"https:\/\/www.celttv.com.ar\/\",\"name\":\"CELTTV\",\"description\":\"Cooperativa El\u00e9ctrica de Tornquist\",\"publisher\":{\"@id\":\"https:\/\/www.celttv.com.ar\/#organization\"},\"potentialAction\":[{\"@type\":\"SearchAction\",\"target\":{\"@type\":\"EntryPoint\",\"urlTemplate\":\"https:\/\/www.celttv.com.ar\/?s={search_term_string}\"},\"query-input\":\"required name=search_term_string\"}],\"inLanguage\":\"es\"},{\"@type\":\"Organization\",\"@id\":\"https:\/\/www.celttv.com.ar\/#organization\",\"name\":\"CELTTV\",\"url\":\"https:\/\/www.celttv.com.ar\/\",\"sameAs\":[\"https:\/\/www.youtube.com\/channel\/UCz_oIt8Hig64Ub-EmcNPIhg\",\"https:\/\/www.facebook.com\/celtTV\/\"],\"logo\":{\"@type\":\"ImageObject\",\"inLanguage\":\"es\",\"@id\":\"https:\/\/www.celttv.com.ar\/#\/schema\/logo\/image\/\",\"url\":\"http:\/\/www.celttv.com.ar\/wp-content\/uploads\/2022\/08\/logo-1.png\",\"contentUrl\":\"http:\/\/www.celttv.com.ar\/wp-content\/uploads\/2022\/08\/logo-1.png\",\"width\":461,\"height\":159,\"caption\":\"CELTTV\"},\"image\":{\"@id\":\"https:\/\/www.celttv.com.ar\/#\/schema\/logo\/image\/\"}},{\"@type\":\"Person\",\"@id\":\"https:\/\/www.celttv.com.ar\/#\/schema\/person\/6d99c072dba59953809c81446e9d0ace\",\"name\":\"ulises\",\"image\":{\"@type\":\"ImageObject\",\"inLanguage\":\"es\",\"@id\":\"https:\/\/www.celttv.com.ar\/#\/schema\/person\/image\/\",\"url\":\"https:\/\/secure.gravatar.com\/avatar\/7f2c48bdc33b30088f941fb6082e555f2874c98e20cb159d7b92b50eadfce793?s=96&d=mm&r=g\",\"contentUrl\":\"https:\/\/secure.gravatar.com\/avatar\/7f2c48bdc33b30088f941fb6082e555f2874c98e20cb159d7b92b50eadfce793?s=96&d=mm&r=g\",\"caption\":\"ulises\"},\"sameAs\":[\"http:\/\/www.celttv.com.ar\"]}]}<\/script>\n<!-- \/ Yoast SEO plugin. -->","yoast_head_json":{"title":"Se realiza a partir de hoy la 33\u00ba Peregrinaci\u00f3n al Santuario de F\u00e1tima (fotos) - CELTTV","description":"Sitio web de noticias de la localidad de Tornquist, provincia de Buenos Aires, Rep\u00fablica Argentina. Contenido propio originado por periodistas de CELTTV, el canal de TV local de la Cooperativa El\u00e9ctrica de Tornquist. Turismo, Pol\u00edtica, Sociedad, Deporte, Cultura y todo el contenido de inter\u00e9s general que la gente del pueblo y la regi\u00f3n debe conocer.","robots":{"index":"index","follow":"follow","max-snippet":"max-snippet:-1","max-image-preview":"max-image-preview:large","max-video-preview":"max-video-preview:-1"},"canonical":"https:\/\/www.celttv.com.ar\/index.php\/2019\/05\/11\/se-realiza-a-partir-de-hoy-la-33o-peregrinacion-al-santuario-de-fatima\/","og_locale":"es_ES","og_type":"article","og_title":"Se realiza a partir de hoy la 33\u00ba Peregrinaci\u00f3n al Santuario de F\u00e1tima (fotos) - CELTTV","og_description":"Sitio web de noticias de la localidad de Tornquist, provincia de Buenos Aires, Rep\u00fablica Argentina. Contenido propio originado por periodistas de CELTTV, el canal de TV local de la Cooperativa El\u00e9ctrica de Tornquist. Turismo, Pol\u00edtica, Sociedad, Deporte, Cultura y todo el contenido de inter\u00e9s general que la gente del pueblo y la regi\u00f3n debe conocer.","og_url":"https:\/\/www.celttv.com.ar\/index.php\/2019\/05\/11\/se-realiza-a-partir-de-hoy-la-33o-peregrinacion-al-santuario-de-fatima\/","og_site_name":"CELTTV","article_publisher":"https:\/\/www.facebook.com\/celtTV\/","article_published_time":"2019-05-11T15:47:13+00:00","og_image":[{"width":1280,"height":960,"url":"https:\/\/www.celttv.com.ar\/wp-content\/uploads\/2019\/05\/81c8f83b-a76e-4d67-bcd6-011b603e98ba.jpg","type":"image\/jpeg"}],"author":"ulises","twitter_card":"summary_large_image","twitter_misc":{"Escrito por":"ulises","Tiempo de lectura":"1 minuto"},"schema":{"@context":"https:\/\/schema.org","@graph":[{"@type":"NewsArticle","@id":"https:\/\/www.celttv.com.ar\/index.php\/2019\/05\/11\/se-realiza-a-partir-de-hoy-la-33o-peregrinacion-al-santuario-de-fatima\/#article","isPartOf":{"@id":"https:\/\/www.celttv.com.ar\/index.php\/2019\/05\/11\/se-realiza-a-partir-de-hoy-la-33o-peregrinacion-al-santuario-de-fatima\/"},"author":{"name":"ulises","@id":"https:\/\/www.celttv.com.ar\/#\/schema\/person\/6d99c072dba59953809c81446e9d0ace"},"headline":"Se realiza a partir de hoy la 33\u00ba Peregrinaci\u00f3n al Santuario de F\u00e1tima (fotos)","datePublished":"2019-05-11T15:47:13+00:00","dateModified":"2019-05-11T15:47:13+00:00","mainEntityOfPage":{"@id":"https:\/\/www.celttv.com.ar\/index.php\/2019\/05\/11\/se-realiza-a-partir-de-hoy-la-33o-peregrinacion-al-santuario-de-fatima\/"},"wordCount":117,"publisher":{"@id":"https:\/\/www.celttv.com.ar\/#organization"},"articleSection":["Comunidad","Destacadas"],"inLanguage":"es"},{"@type":"WebPage","@id":"https:\/\/www.celttv.com.ar\/index.php\/2019\/05\/11\/se-realiza-a-partir-de-hoy-la-33o-peregrinacion-al-santuario-de-fatima\/","url":"https:\/\/www.celttv.com.ar\/index.php\/2019\/05\/11\/se-realiza-a-partir-de-hoy-la-33o-peregrinacion-al-santuario-de-fatima\/","name":"Se realiza a partir de hoy la 33\u00ba Peregrinaci\u00f3n al Santuario de F\u00e1tima (fotos) - CELTTV","isPartOf":{"@id":"https:\/\/www.celttv.com.ar\/#website"},"datePublished":"2019-05-11T15:47:13+00:00","dateModified":"2019-05-11T15:47:13+00:00","description":"Sitio web de noticias de la localidad de Tornquist, provincia de Buenos Aires, Rep\u00fablica Argentina. Contenido propio originado por periodistas de CELTTV, el canal de TV local de la Cooperativa El\u00e9ctrica de Tornquist. Turismo, Pol\u00edtica, Sociedad, Deporte, Cultura y todo el contenido de inter\u00e9s general que la gente del pueblo y la regi\u00f3n debe conocer.","breadcrumb":{"@id":"https:\/\/www.celttv.com.ar\/index.php\/2019\/05\/11\/se-realiza-a-partir-de-hoy-la-33o-peregrinacion-al-santuario-de-fatima\/#breadcrumb"},"inLanguage":"es","potentialAction":[{"@type":"ReadAction","target":["https:\/\/www.celttv.com.ar\/index.php\/2019\/05\/11\/se-realiza-a-partir-de-hoy-la-33o-peregrinacion-al-santuario-de-fatima\/"]}]},{"@type":"BreadcrumbList","@id":"https:\/\/www.celttv.com.ar\/index.php\/2019\/05\/11\/se-realiza-a-partir-de-hoy-la-33o-peregrinacion-al-santuario-de-fatima\/#breadcrumb","itemListElement":[{"@type":"ListItem","position":1,"name":"Inicio","item":"https:\/\/www.celttv.com.ar\/"},{"@type":"ListItem","position":2,"name":"Se realiza a partir de hoy la 33\u00ba Peregrinaci\u00f3n al Santuario de F\u00e1tima (fotos)"}]},{"@type":"WebSite","@id":"https:\/\/www.celttv.com.ar\/#website","url":"https:\/\/www.celttv.com.ar\/","name":"CELTTV","description":"Cooperativa El\u00e9ctrica de Tornquist","publisher":{"@id":"https:\/\/www.celttv.com.ar\/#organization"},"potentialAction":[{"@type":"SearchAction","target":{"@type":"EntryPoint","urlTemplate":"https:\/\/www.celttv.com.ar\/?s={search_term_string}"},"query-input":"required name=search_term_string"}],"inLanguage":"es"},{"@type":"Organization","@id":"https:\/\/www.celttv.com.ar\/#organization","name":"CELTTV","url":"https:\/\/www.celttv.com.ar\/","sameAs":["https:\/\/www.youtube.com\/channel\/UCz_oIt8Hig64Ub-EmcNPIhg","https:\/\/www.facebook.com\/celtTV\/"],"logo":{"@type":"ImageObject","inLanguage":"es","@id":"https:\/\/www.celttv.com.ar\/#\/schema\/logo\/image\/","url":"http:\/\/www.celttv.com.ar\/wp-content\/uploads\/2022\/08\/logo-1.png","contentUrl":"http:\/\/www.celttv.com.ar\/wp-content\/uploads\/2022\/08\/logo-1.png","width":461,"height":159,"caption":"CELTTV"},"image":{"@id":"https:\/\/www.celttv.com.ar\/#\/schema\/logo\/image\/"}},{"@type":"Person","@id":"https:\/\/www.celttv.com.ar\/#\/schema\/person\/6d99c072dba59953809c81446e9d0ace","name":"ulises","image":{"@type":"ImageObject","inLanguage":"es","@id":"https:\/\/www.celttv.com.ar\/#\/schema\/person\/image\/","url":"https:\/\/secure.gravatar.com\/avatar\/7f2c48bdc33b30088f941fb6082e555f2874c98e20cb159d7b92b50eadfce793?s=96&d=mm&r=g","contentUrl":"https:\/\/secure.gravatar.com\/avatar\/7f2c48bdc33b30088f941fb6082e555f2874c98e20cb159d7b92b50eadfce793?s=96&d=mm&r=g","caption":"ulises"},"sameAs":["http:\/\/www.celttv.com.ar"]}]}},"_links":{"self":[{"href":"https:\/\/www.celttv.com.ar\/index.php\/wp-json\/wp\/v2\/posts\/41438","targetHints":{"allow":["GET"]}}],"collection":[{"href":"https:\/\/www.celttv.com.ar\/index.php\/wp-json\/wp\/v2\/posts"}],"about":[{"href":"https:\/\/www.celttv.com.ar\/index.php\/wp-json\/wp\/v2\/types\/post"}],"author":[{"embeddable":true,"href":"https:\/\/www.celttv.com.ar\/index.php\/wp-json\/wp\/v2\/users\/1"}],"replies":[{"embeddable":true,"href":"https:\/\/www.celttv.com.ar\/index.php\/wp-json\/wp\/v2\/comments?post=41438"}],"version-history":[{"count":0,"href":"https:\/\/www.celttv.com.ar\/index.php\/wp-json\/wp\/v2\/posts\/41438\/revisions"}],"wp:featuredmedia":[{"embeddable":true,"href":"https:\/\/www.celttv.com.ar\/index.php\/wp-json\/wp\/v2\/media\/41443"}],"wp:attachment":[{"href":"https:\/\/www.celttv.com.ar\/index.php\/wp-json\/wp\/v2\/media?parent=41438"}],"wp:term":[{"taxonomy":"category","embeddable":true,"href":"https:\/\/www.celttv.com.ar\/index.php\/wp-json\/wp\/v2\/categories?post=41438"},{"taxonomy":"post_tag","embeddable":true,"href":"https:\/\/www.celttv.com.ar\/index.php\/wp-json\/wp\/v2\/tags?post=41438"}],"curies":[{"name":"wp","href":"https:\/\/api.w.org\/{rel}","templated":true}]}}