{"id":41545,"date":"2019-05-19T23:00:56","date_gmt":"2019-05-19T23:00:56","guid":{"rendered":"http:\/\/www.celttv.com.ar\/?p=41545"},"modified":"2019-05-19T23:00:56","modified_gmt":"2019-05-19T23:00:56","slug":"se-saco-la-mufa","status":"publish","type":"post","link":"https:\/\/www.celttv.com.ar\/index.php\/2019\/05\/19\/se-saco-la-mufa\/","title":{"rendered":"SE SACO LA MUFA"},"content":{"rendered":"<p>Automoto volvi\u00f3 a ganar despu\u00e9s de tres derrotas seguidas. Lo hizo por 1 a 0 frente a Independiente con gol de Nicol\u00e1s Mill\u00e1n. Ahora por las semifinales de zonas, el equipo de Araneta jugar\u00e1 el cl\u00e1sico frente a Uni\u00f3n en cancha del Verde.<\/p>\n<p>El partido en Tornquist no fue de lo mejor. Mucha fricci\u00f3n, desaciertos y pocas jugadas colectivas, ser\u00eda un resumen de lo que se pudo ver. As\u00ed y todo, Automoto fue quien m\u00e1s intent\u00f3 y propuso (quiz\u00e1s por necesidad), y justific\u00f3 el resultado en el segundo tiempo.<\/p>\n<p>Los primeros 45 minutos tuvieron escaso vuelo futbol\u00edstico. Mucho remate de media distancia y m\u00e1s insinuaciones que llegadas claras. Y las pocas situaciones claras las tuvo el local.<\/p>\n<p>Quiroga de media distancia y de pelota parada, sac\u00f3 un disparo violento al que el arquero rechazo con un rebote corto y no pudieron definir los jugadores azulgranas.<\/p>\n<p>Luego con una buena jugada colectiva, Reynoso lleg\u00f3 hasta el fondo por la izquierda, sac\u00f3 un muy buen centro que no pudo definir Roque rematando de zurda. Nuevamente Roque fue quien intent\u00f3 minutos despu\u00e9s y Rogel contuvo el disparo.<\/p>\n<p>La m\u00e1s clarita de la visita fue en el final con un disparo cruzado y desviado de Bongiorno.<\/p>\n<p>En el segundo tiempo todo parec\u00eda que iba a ser igual, pero la apertura del marcador a los 18 minutos, solt\u00f3 al azulgrana y se pudo ver lo mejor de Automoto en la tarde.<\/p>\n<p>En la primera del complemento Quiroga hace lucir a Rogel que le sac\u00f3 el remate con una volada espectacular.<\/p>\n<p>A los 18\u2019 la apertura del marcador. Pase por lo alto de Quiroga a la espalda de la defensa para que <strong>Nicol\u00e1s Mill\u00e1n<\/strong> controle a su favor, encare y remate cruzado abajo, dejando nula la estirada de Rogel.<\/p>\n<p>Automoto ah\u00ed se solt\u00f3, se sac\u00f3 la mufa de varios partidos sin convertir y tom\u00f3 confianza. Cuatro minutos despu\u00e9s del gol, una hermosa jugada colectiva termin\u00f3 con el disparo de Quiroga que se fue al lado del \u00e1ngulo derecho de Rogel.<\/p>\n<p>Un ratito despu\u00e9s, una jugada calcada a la del gol, termina con el arquero del Rojo de San Jos\u00e9, sac\u00e1ndole el disparo a Mill\u00e1n.<\/p>\n<p>A los 31 minutos lo pudo haber liquidado Automoto, pero incre\u00edblemente Villar (a quien le entregaron un reconocimiento por los 200 partidos con la camiseta de Automoto) se lo perdi\u00f3 debajo del arco. El delantero azulgrana pens\u00f3 que el defensor que lo marcaba la iba a despejar pero no pudo y la pelota lo sorprendi\u00f3 dej\u00e1ndolo casi sin reacci\u00f3n para definir ante el arco solo.<\/p>\n<p>Independiente tuvo una de las pocas a los 32, con un disparo de Cansinos que se fue cerca.<\/p>\n<p>En el final la visita arremeti\u00f3 con centros y pelotazos pero la mala punter\u00eda de Holzmann y Monclus privaron a Independiente de llevarse algo de Tornquist.<\/p>\n<p>Automoto se sac\u00f3 la mufa. Volvi\u00f3 a ganar y a convertir despu\u00e9s de tres partidos consecutivos. Ahora tendr\u00e1 que jugar el cl\u00e1sico frente a Uni\u00f3n en el Juan Jos\u00e9 Bolletta por la semifinal de zonas.<\/p>\n<p><strong>Automoto:<\/strong> Maximiliano F\u00f3gel; Ayrton N\u00fa\u00f1ez, Emiliano Sandoval, Mat\u00edas Salas, Ram\u00f3n Aller; Agust\u00edn Reynoso, Marcos Quiroga, Nicol\u00e1s Roque; Marcos Piedrabuena, Nicol\u00e1s Mill\u00e1n, Facundo Villar. DT: Octavio Araneta.<\/p>\n<p><u>Cambios:<\/u> ST: 26\u2019Gast\u00f3n Pollio por Roque, 38\u2019 Lautaro Alchao por Villar<\/p>\n<p><u>Supl:<\/u> Joaqu\u00edn Castelli, Laureano Chuliver, Maximiliano Gonz\u00e1lez.<\/p>\n<p><strong>Independiente:<\/strong> Juli\u00e1n Rogel; Mart\u00edn Holzmann, Lucas Diel, Dino Morel, Emiliano Lezica; Juan Cruz Seewald, Mart\u00edn Aliberti, Rancisco Monclus, Blas Bongiorno; Pablo Cansinos, Emiliano Aliberti. DT: Marcos Sauco.<\/p>\n<p><u>Cambios:<\/u> ST: 29\u2019 Juan Manuel Lezica por Morel, 43\u2019 Agust\u00edn Bender por Monclus.<\/p>\n<p><u>Supl:<\/u> Enrique Bustos, Marcos Waigel, Mirco Polak.<\/p>\n<p><u>Gol:<\/u> ST: 18\u2019 Nicol\u00e1s Mill\u00e1n (A)<\/p>\n<p><u>\u00c1rbitro:<\/u> Andr\u00e9s Prendel (5)<\/p>\n<p><u>Cancha:<\/u> Estadio Agust\u00edn Ruppel<\/p>\n<p><u>Reserva:<\/u> Automoto 3 &#8211; Independiente 4<\/p>\n<p><a href=\"https:\/\/www.facebook.com\/pg\/solofutbolcanal2\/photos\/?tab=album&amp;album_id=1063393933869796\" target=\"_blank\" rel=\"noopener\">\u00c1lbum de Fotos: Solo F\u00fatbol<\/a><\/p>\n<p><a href=\"http:\/\/www.celttv.com.ar\/?attachment_id=41546\" rel=\"attachment wp-att-41546\"><img loading=\"lazy\" decoding=\"async\" class=\"alignleft size-full wp-image-41546\" src=\"http:\/\/www.celttv.com.ar\/wp-content\/uploads\/2019\/05\/DSC_0162.jpg\" alt=\"\" width=\"960\" height=\"640\" srcset=\"https:\/\/www.celttv.com.ar\/wp-content\/uploads\/2019\/05\/DSC_0162.jpg 960w, https:\/\/www.celttv.com.ar\/wp-content\/uploads\/2019\/05\/DSC_0162-300x200.jpg 300w, https:\/\/www.celttv.com.ar\/wp-content\/uploads\/2019\/05\/DSC_0162-768x512.jpg 768w, https:\/\/www.celttv.com.ar\/wp-content\/uploads\/2019\/05\/DSC_0162-750x500.jpg 750w\" sizes=\"auto, (max-width: 960px) 100vw, 960px\" \/><\/a> <a href=\"http:\/\/www.celttv.com.ar\/?attachment_id=41547\" rel=\"attachment wp-att-41547\"><img loading=\"lazy\" decoding=\"async\" class=\"alignleft size-medium wp-image-41547\" src=\"http:\/\/www.celttv.com.ar\/wp-content\/uploads\/2019\/05\/DSC_0164.jpg\" alt=\"\" width=\"780\" height=\"520\" srcset=\"https:\/\/www.celttv.com.ar\/wp-content\/uploads\/2019\/05\/DSC_0164.jpg 960w, https:\/\/www.celttv.com.ar\/wp-content\/uploads\/2019\/05\/DSC_0164-300x200.jpg 300w, https:\/\/www.celttv.com.ar\/wp-content\/uploads\/2019\/05\/DSC_0164-768x512.jpg 768w, https:\/\/www.celttv.com.ar\/wp-content\/uploads\/2019\/05\/DSC_0164-750x500.jpg 750w\" sizes=\"auto, (max-width: 780px) 100vw, 780px\" \/><\/a><\/p>\n","protected":false},"excerpt":{"rendered":"<p>Automoto volvi\u00f3 a ganar despu\u00e9s de tres derrotas seguidas. Lo hizo por 1 a 0 frente a Independiente con gol de Nicol\u00e1s Mill\u00e1n. Ahora por las semifinales de zonas, el equipo de Araneta jugar\u00e1 el cl\u00e1sico frente a Uni\u00f3n en cancha del Verde. El partido en Tornquist no fue de lo mejor. Mucha fricci\u00f3n, desaciertos [&hellip;]<\/p>\n","protected":false},"author":1,"featured_media":41546,"comment_status":"closed","ping_status":"open","sticky":false,"template":"","format":"standard","meta":{"footnotes":""},"categories":[60,52,76],"tags":[],"class_list":["post-41545","post","type-post","status-publish","format-standard","has-post-thumbnail","hentry","category-deporte","category-destacadas","category-solo-futbol"],"yoast_head":"<!-- This site is optimized with the Yoast SEO plugin v19.7.1 - https:\/\/yoast.com\/wordpress\/plugins\/seo\/ -->\n<title>SE SACO LA MUFA - CELTTV<\/title>\n<meta name=\"description\" content=\"Sitio web de noticias de la localidad de Tornquist, provincia de Buenos Aires, Rep\u00fablica Argentina. Contenido propio originado por periodistas de CELTTV, el canal de TV local de la Cooperativa El\u00e9ctrica de Tornquist. Turismo, Pol\u00edtica, Sociedad, Deporte, Cultura y todo el contenido de inter\u00e9s general que la gente del pueblo y la regi\u00f3n debe conocer.\" \/>\n<meta name=\"robots\" content=\"index, follow, max-snippet:-1, max-image-preview:large, max-video-preview:-1\" \/>\n<link rel=\"canonical\" href=\"https:\/\/www.celttv.com.ar\/index.php\/2019\/05\/19\/se-saco-la-mufa\/\" \/>\n<meta property=\"og:locale\" content=\"es_ES\" \/>\n<meta property=\"og:type\" content=\"article\" \/>\n<meta property=\"og:title\" content=\"SE SACO LA MUFA - CELTTV\" \/>\n<meta property=\"og:description\" content=\"Sitio web de noticias de la localidad de Tornquist, provincia de Buenos Aires, Rep\u00fablica Argentina. Contenido propio originado por periodistas de CELTTV, el canal de TV local de la Cooperativa El\u00e9ctrica de Tornquist. Turismo, Pol\u00edtica, Sociedad, Deporte, Cultura y todo el contenido de inter\u00e9s general que la gente del pueblo y la regi\u00f3n debe conocer.\" \/>\n<meta property=\"og:url\" content=\"https:\/\/www.celttv.com.ar\/index.php\/2019\/05\/19\/se-saco-la-mufa\/\" \/>\n<meta property=\"og:site_name\" content=\"CELTTV\" \/>\n<meta property=\"article:publisher\" content=\"https:\/\/www.facebook.com\/celtTV\/\" \/>\n<meta property=\"article:published_time\" content=\"2019-05-19T23:00:56+00:00\" \/>\n<meta property=\"og:image\" content=\"https:\/\/www.celttv.com.ar\/wp-content\/uploads\/2019\/05\/DSC_0162.jpg\" \/>\n\t<meta property=\"og:image:width\" content=\"960\" \/>\n\t<meta property=\"og:image:height\" content=\"640\" \/>\n\t<meta property=\"og:image:type\" content=\"image\/jpeg\" \/>\n<meta name=\"author\" content=\"ulises\" \/>\n<meta name=\"twitter:card\" content=\"summary_large_image\" \/>\n<meta name=\"twitter:label1\" content=\"Escrito por\" \/>\n\t<meta name=\"twitter:data1\" content=\"ulises\" \/>\n\t<meta name=\"twitter:label2\" content=\"Tiempo de lectura\" \/>\n\t<meta name=\"twitter:data2\" content=\"3 minutos\" \/>\n<script type=\"application\/ld+json\" class=\"yoast-schema-graph\">{\"@context\":\"https:\/\/schema.org\",\"@graph\":[{\"@type\":\"NewsArticle\",\"@id\":\"https:\/\/www.celttv.com.ar\/index.php\/2019\/05\/19\/se-saco-la-mufa\/#article\",\"isPartOf\":{\"@id\":\"https:\/\/www.celttv.com.ar\/index.php\/2019\/05\/19\/se-saco-la-mufa\/\"},\"author\":{\"name\":\"ulises\",\"@id\":\"https:\/\/www.celttv.com.ar\/#\/schema\/person\/6d99c072dba59953809c81446e9d0ace\"},\"headline\":\"SE SACO LA MUFA\",\"datePublished\":\"2019-05-19T23:00:56+00:00\",\"dateModified\":\"2019-05-19T23:00:56+00:00\",\"mainEntityOfPage\":{\"@id\":\"https:\/\/www.celttv.com.ar\/index.php\/2019\/05\/19\/se-saco-la-mufa\/\"},\"wordCount\":654,\"publisher\":{\"@id\":\"https:\/\/www.celttv.com.ar\/#organization\"},\"articleSection\":[\"Deporte\",\"Destacadas\",\"Solo Futbol\"],\"inLanguage\":\"es\"},{\"@type\":\"WebPage\",\"@id\":\"https:\/\/www.celttv.com.ar\/index.php\/2019\/05\/19\/se-saco-la-mufa\/\",\"url\":\"https:\/\/www.celttv.com.ar\/index.php\/2019\/05\/19\/se-saco-la-mufa\/\",\"name\":\"SE SACO LA MUFA - CELTTV\",\"isPartOf\":{\"@id\":\"https:\/\/www.celttv.com.ar\/#website\"},\"datePublished\":\"2019-05-19T23:00:56+00:00\",\"dateModified\":\"2019-05-19T23:00:56+00:00\",\"description\":\"Sitio web de noticias de la localidad de Tornquist, provincia de Buenos Aires, Rep\u00fablica Argentina. Contenido propio originado por periodistas de CELTTV, el canal de TV local de la Cooperativa El\u00e9ctrica de Tornquist. Turismo, Pol\u00edtica, Sociedad, Deporte, Cultura y todo el contenido de inter\u00e9s general que la gente del pueblo y la regi\u00f3n debe conocer.\",\"breadcrumb\":{\"@id\":\"https:\/\/www.celttv.com.ar\/index.php\/2019\/05\/19\/se-saco-la-mufa\/#breadcrumb\"},\"inLanguage\":\"es\",\"potentialAction\":[{\"@type\":\"ReadAction\",\"target\":[\"https:\/\/www.celttv.com.ar\/index.php\/2019\/05\/19\/se-saco-la-mufa\/\"]}]},{\"@type\":\"BreadcrumbList\",\"@id\":\"https:\/\/www.celttv.com.ar\/index.php\/2019\/05\/19\/se-saco-la-mufa\/#breadcrumb\",\"itemListElement\":[{\"@type\":\"ListItem\",\"position\":1,\"name\":\"Inicio\",\"item\":\"https:\/\/www.celttv.com.ar\/\"},{\"@type\":\"ListItem\",\"position\":2,\"name\":\"SE SACO LA MUFA\"}]},{\"@type\":\"WebSite\",\"@id\":\"https:\/\/www.celttv.com.ar\/#website\",\"url\":\"https:\/\/www.celttv.com.ar\/\",\"name\":\"CELTTV\",\"description\":\"Cooperativa El\u00e9ctrica de Tornquist\",\"publisher\":{\"@id\":\"https:\/\/www.celttv.com.ar\/#organization\"},\"potentialAction\":[{\"@type\":\"SearchAction\",\"target\":{\"@type\":\"EntryPoint\",\"urlTemplate\":\"https:\/\/www.celttv.com.ar\/?s={search_term_string}\"},\"query-input\":\"required name=search_term_string\"}],\"inLanguage\":\"es\"},{\"@type\":\"Organization\",\"@id\":\"https:\/\/www.celttv.com.ar\/#organization\",\"name\":\"CELTTV\",\"url\":\"https:\/\/www.celttv.com.ar\/\",\"sameAs\":[\"https:\/\/www.youtube.com\/channel\/UCz_oIt8Hig64Ub-EmcNPIhg\",\"https:\/\/www.facebook.com\/celtTV\/\"],\"logo\":{\"@type\":\"ImageObject\",\"inLanguage\":\"es\",\"@id\":\"https:\/\/www.celttv.com.ar\/#\/schema\/logo\/image\/\",\"url\":\"http:\/\/www.celttv.com.ar\/wp-content\/uploads\/2022\/08\/logo-1.png\",\"contentUrl\":\"http:\/\/www.celttv.com.ar\/wp-content\/uploads\/2022\/08\/logo-1.png\",\"width\":461,\"height\":159,\"caption\":\"CELTTV\"},\"image\":{\"@id\":\"https:\/\/www.celttv.com.ar\/#\/schema\/logo\/image\/\"}},{\"@type\":\"Person\",\"@id\":\"https:\/\/www.celttv.com.ar\/#\/schema\/person\/6d99c072dba59953809c81446e9d0ace\",\"name\":\"ulises\",\"image\":{\"@type\":\"ImageObject\",\"inLanguage\":\"es\",\"@id\":\"https:\/\/www.celttv.com.ar\/#\/schema\/person\/image\/\",\"url\":\"https:\/\/secure.gravatar.com\/avatar\/7f2c48bdc33b30088f941fb6082e555f2874c98e20cb159d7b92b50eadfce793?s=96&d=mm&r=g\",\"contentUrl\":\"https:\/\/secure.gravatar.com\/avatar\/7f2c48bdc33b30088f941fb6082e555f2874c98e20cb159d7b92b50eadfce793?s=96&d=mm&r=g\",\"caption\":\"ulises\"},\"sameAs\":[\"http:\/\/www.celttv.com.ar\"]}]}<\/script>\n<!-- \/ Yoast SEO plugin. -->","yoast_head_json":{"title":"SE SACO LA MUFA - CELTTV","description":"Sitio web de noticias de la localidad de Tornquist, provincia de Buenos Aires, Rep\u00fablica Argentina. Contenido propio originado por periodistas de CELTTV, el canal de TV local de la Cooperativa El\u00e9ctrica de Tornquist. Turismo, Pol\u00edtica, Sociedad, Deporte, Cultura y todo el contenido de inter\u00e9s general que la gente del pueblo y la regi\u00f3n debe conocer.","robots":{"index":"index","follow":"follow","max-snippet":"max-snippet:-1","max-image-preview":"max-image-preview:large","max-video-preview":"max-video-preview:-1"},"canonical":"https:\/\/www.celttv.com.ar\/index.php\/2019\/05\/19\/se-saco-la-mufa\/","og_locale":"es_ES","og_type":"article","og_title":"SE SACO LA MUFA - CELTTV","og_description":"Sitio web de noticias de la localidad de Tornquist, provincia de Buenos Aires, Rep\u00fablica Argentina. Contenido propio originado por periodistas de CELTTV, el canal de TV local de la Cooperativa El\u00e9ctrica de Tornquist. Turismo, Pol\u00edtica, Sociedad, Deporte, Cultura y todo el contenido de inter\u00e9s general que la gente del pueblo y la regi\u00f3n debe conocer.","og_url":"https:\/\/www.celttv.com.ar\/index.php\/2019\/05\/19\/se-saco-la-mufa\/","og_site_name":"CELTTV","article_publisher":"https:\/\/www.facebook.com\/celtTV\/","article_published_time":"2019-05-19T23:00:56+00:00","og_image":[{"width":960,"height":640,"url":"https:\/\/www.celttv.com.ar\/wp-content\/uploads\/2019\/05\/DSC_0162.jpg","type":"image\/jpeg"}],"author":"ulises","twitter_card":"summary_large_image","twitter_misc":{"Escrito por":"ulises","Tiempo de lectura":"3 minutos"},"schema":{"@context":"https:\/\/schema.org","@graph":[{"@type":"NewsArticle","@id":"https:\/\/www.celttv.com.ar\/index.php\/2019\/05\/19\/se-saco-la-mufa\/#article","isPartOf":{"@id":"https:\/\/www.celttv.com.ar\/index.php\/2019\/05\/19\/se-saco-la-mufa\/"},"author":{"name":"ulises","@id":"https:\/\/www.celttv.com.ar\/#\/schema\/person\/6d99c072dba59953809c81446e9d0ace"},"headline":"SE SACO LA MUFA","datePublished":"2019-05-19T23:00:56+00:00","dateModified":"2019-05-19T23:00:56+00:00","mainEntityOfPage":{"@id":"https:\/\/www.celttv.com.ar\/index.php\/2019\/05\/19\/se-saco-la-mufa\/"},"wordCount":654,"publisher":{"@id":"https:\/\/www.celttv.com.ar\/#organization"},"articleSection":["Deporte","Destacadas","Solo Futbol"],"inLanguage":"es"},{"@type":"WebPage","@id":"https:\/\/www.celttv.com.ar\/index.php\/2019\/05\/19\/se-saco-la-mufa\/","url":"https:\/\/www.celttv.com.ar\/index.php\/2019\/05\/19\/se-saco-la-mufa\/","name":"SE SACO LA MUFA - CELTTV","isPartOf":{"@id":"https:\/\/www.celttv.com.ar\/#website"},"datePublished":"2019-05-19T23:00:56+00:00","dateModified":"2019-05-19T23:00:56+00:00","description":"Sitio web de noticias de la localidad de Tornquist, provincia de Buenos Aires, Rep\u00fablica Argentina. Contenido propio originado por periodistas de CELTTV, el canal de TV local de la Cooperativa El\u00e9ctrica de Tornquist. Turismo, Pol\u00edtica, Sociedad, Deporte, Cultura y todo el contenido de inter\u00e9s general que la gente del pueblo y la regi\u00f3n debe conocer.","breadcrumb":{"@id":"https:\/\/www.celttv.com.ar\/index.php\/2019\/05\/19\/se-saco-la-mufa\/#breadcrumb"},"inLanguage":"es","potentialAction":[{"@type":"ReadAction","target":["https:\/\/www.celttv.com.ar\/index.php\/2019\/05\/19\/se-saco-la-mufa\/"]}]},{"@type":"BreadcrumbList","@id":"https:\/\/www.celttv.com.ar\/index.php\/2019\/05\/19\/se-saco-la-mufa\/#breadcrumb","itemListElement":[{"@type":"ListItem","position":1,"name":"Inicio","item":"https:\/\/www.celttv.com.ar\/"},{"@type":"ListItem","position":2,"name":"SE SACO LA MUFA"}]},{"@type":"WebSite","@id":"https:\/\/www.celttv.com.ar\/#website","url":"https:\/\/www.celttv.com.ar\/","name":"CELTTV","description":"Cooperativa El\u00e9ctrica de Tornquist","publisher":{"@id":"https:\/\/www.celttv.com.ar\/#organization"},"potentialAction":[{"@type":"SearchAction","target":{"@type":"EntryPoint","urlTemplate":"https:\/\/www.celttv.com.ar\/?s={search_term_string}"},"query-input":"required name=search_term_string"}],"inLanguage":"es"},{"@type":"Organization","@id":"https:\/\/www.celttv.com.ar\/#organization","name":"CELTTV","url":"https:\/\/www.celttv.com.ar\/","sameAs":["https:\/\/www.youtube.com\/channel\/UCz_oIt8Hig64Ub-EmcNPIhg","https:\/\/www.facebook.com\/celtTV\/"],"logo":{"@type":"ImageObject","inLanguage":"es","@id":"https:\/\/www.celttv.com.ar\/#\/schema\/logo\/image\/","url":"http:\/\/www.celttv.com.ar\/wp-content\/uploads\/2022\/08\/logo-1.png","contentUrl":"http:\/\/www.celttv.com.ar\/wp-content\/uploads\/2022\/08\/logo-1.png","width":461,"height":159,"caption":"CELTTV"},"image":{"@id":"https:\/\/www.celttv.com.ar\/#\/schema\/logo\/image\/"}},{"@type":"Person","@id":"https:\/\/www.celttv.com.ar\/#\/schema\/person\/6d99c072dba59953809c81446e9d0ace","name":"ulises","image":{"@type":"ImageObject","inLanguage":"es","@id":"https:\/\/www.celttv.com.ar\/#\/schema\/person\/image\/","url":"https:\/\/secure.gravatar.com\/avatar\/7f2c48bdc33b30088f941fb6082e555f2874c98e20cb159d7b92b50eadfce793?s=96&d=mm&r=g","contentUrl":"https:\/\/secure.gravatar.com\/avatar\/7f2c48bdc33b30088f941fb6082e555f2874c98e20cb159d7b92b50eadfce793?s=96&d=mm&r=g","caption":"ulises"},"sameAs":["http:\/\/www.celttv.com.ar"]}]}},"_links":{"self":[{"href":"https:\/\/www.celttv.com.ar\/index.php\/wp-json\/wp\/v2\/posts\/41545","targetHints":{"allow":["GET"]}}],"collection":[{"href":"https:\/\/www.celttv.com.ar\/index.php\/wp-json\/wp\/v2\/posts"}],"about":[{"href":"https:\/\/www.celttv.com.ar\/index.php\/wp-json\/wp\/v2\/types\/post"}],"author":[{"embeddable":true,"href":"https:\/\/www.celttv.com.ar\/index.php\/wp-json\/wp\/v2\/users\/1"}],"replies":[{"embeddable":true,"href":"https:\/\/www.celttv.com.ar\/index.php\/wp-json\/wp\/v2\/comments?post=41545"}],"version-history":[{"count":0,"href":"https:\/\/www.celttv.com.ar\/index.php\/wp-json\/wp\/v2\/posts\/41545\/revisions"}],"wp:featuredmedia":[{"embeddable":true,"href":"https:\/\/www.celttv.com.ar\/index.php\/wp-json\/wp\/v2\/media\/41546"}],"wp:attachment":[{"href":"https:\/\/www.celttv.com.ar\/index.php\/wp-json\/wp\/v2\/media?parent=41545"}],"wp:term":[{"taxonomy":"category","embeddable":true,"href":"https:\/\/www.celttv.com.ar\/index.php\/wp-json\/wp\/v2\/categories?post=41545"},{"taxonomy":"post_tag","embeddable":true,"href":"https:\/\/www.celttv.com.ar\/index.php\/wp-json\/wp\/v2\/tags?post=41545"}],"curies":[{"name":"wp","href":"https:\/\/api.w.org\/{rel}","templated":true}]}}