{"id":41549,"date":"2019-05-12T20:08:17","date_gmt":"2019-05-12T20:08:17","guid":{"rendered":"http:\/\/www.celttv.com.ar\/?p=41549"},"modified":"2019-05-12T20:08:17","modified_gmt":"2019-05-12T20:08:17","slug":"el-verde-le-puso-color-a-la-zona-a","status":"publish","type":"post","link":"https:\/\/www.celttv.com.ar\/index.php\/2019\/05\/12\/el-verde-le-puso-color-a-la-zona-a\/","title":{"rendered":"EL VERDE LE PUSO COLOR A LA ZONA A"},"content":{"rendered":"<p>Uni\u00f3n venci\u00f3 a Blanco y Negro por 2 a 0 y es el nuevo l\u00edder de la Zona A. Mat\u00edas Fritz y Joaqu\u00edn Romeo marcaron los goles del elenco tornquistense. En los de Su\u00e1rez se fue expulsado Mart\u00edn Wagner.<\/p>\n<p>Uni\u00f3n lo gan\u00f3 bien. Fue mejor que Blanco y Negro y no solo justifica el resultado en la red, sino tambi\u00e9n en la intenci\u00f3n de ganar el partido desde el comienzo y en la cantidad de llegadas a los arcos.<\/p>\n<p>Desde el inicio se vieron las intenciones de cada equipo, dadas las necesidades tambi\u00e9n de cada uno. Blanco y Negro estaba arriba en la tabla y sab\u00eda que si Uni\u00f3n no le ganaba, segu\u00eda vi\u00e9ndolo de atr\u00e1s. Por eso, los primeros minutos la paciencia (a la hora de manejar la pelota y de reanudar el juego) fue lo que rein\u00f3 en la visita.<\/p>\n<p>El local lejos estuvo del nerviosismo en el que lo quiso poner Blanco y Negro. Intent\u00f3 jugar (pese al estado del campo de juego) y busc\u00f3 abrir con Grassi y Biondo para tener profundidad sobre las bandas.<\/p>\n<p>Terrugi ni bien arranc\u00f3 el partido la mand\u00f3 cerca del \u00e1ngulo derecho de Gonz\u00e1lez, y Biondo de tiro libre, la mand\u00f3 cerca cuando nadie lleg\u00f3 a empujar.<\/p>\n<p>La m\u00e1s clara para la visita estuvo a los 20\u2019 cuando Pecotche recibe dentro del \u00e1rea, se perfila y saca un derechazo que despeja Stefanof al c\u00f3rner.<\/p>\n<p>A los 23\u2019 la apertura del marcador. Schmidt encara por el centro, saca un zurdazo fuerte que Gonz\u00e1lez saca dando rebote para arriba, y\u00a0<strong>Mat\u00edas Fritz<\/strong>\u00a0que no la dio por perdida, gan\u00f3 en lo alto y de cabeza la mand\u00f3 dentro del corralito de piolas cuando el arquero pig\u00fcense se revolcaba para despejar.<\/p>\n<p>All\u00ed Uni\u00f3n tom\u00f3 confianza y las riendas del partido. No dej\u00f3 que Blanco y Negro pueda manejar la pelota y casi la visita no se acerc\u00f3 al arco, salvo un remate de Acosta que se fue cerca. Por el otro lado Schmidt intent\u00f3 tambi\u00e9n desviado y el propio \u201cRuso\u201d, ejecut\u00f3 un tiro libre que peg\u00f3 en el \u00e1ngulo, y en el rebote Biondo la mand\u00f3 afuera.<\/p>\n<p>En el segundo tiempo, la visita necesitada de aunque sea empatar, sali\u00f3 a buscar el gol. Y esa b\u00fasqueda le dej\u00f3 espacios a un Uni\u00f3n que no los pudo aprovechar hasta el final.<\/p>\n<p>La primera del ep\u00edlogo fue para Kraft que hizo lucir a Stefanof. Ah\u00ed nom\u00e1s Schmidt se escap\u00f3 por izquierda, tir\u00f3 el centro al medio para la llegada de dos compa\u00f1eros pero Jones salv\u00f3 con lo justo. Biondo prob\u00f3 de tiro libre y Gonz\u00e1lez ahora se luci\u00f3 para sacarla del \u00e1ngulo, a los 16 minutos.<\/p>\n<p>Lo \u00faltimo de cierto riesgo para el arco de Uni\u00f3n fue un cabezazo d\u00e9bil de Acosta que control\u00f3 Stefanof a los 28, y tres minutos despu\u00e9s lleg\u00f3 la expulsi\u00f3n de Wagner por doble amarilla, que termin\u00f3 de dar por tierra toda la posibilidad de Blanco y Negro de empatar. Sobre todo, porque el elenco de Schumacher pudo hacer valer el jugador de m\u00e1s y casi borr\u00f3 del campo a los de D\u00edaz.<\/p>\n<p>As\u00ed el verde pudo haberlo definido, con Terrugi (sac\u00f3 Gonz\u00e1lez) y Biondo (desviado) en la misma jugada luego de un tiro libre de Sotelo, luego nuevamente Terrugi dispar\u00f3, la pelota se desvi\u00f3 en un defensor, dio en el palo y sali\u00f3. En el final, Banegas la mand\u00f3 por arriba, Romeo y Fritz encontraron a Gonz\u00e1les y en la \u00faltima, a los 50\u2019\u00a0<strong>Joaqu\u00edn Romeo<\/strong>\u00a0recibe de Lascalea en el \u00e1rea, dispara fuerte y seco, y diferente a lo de Terrugi, ahora dio en el palo y entr\u00f3, para desatar el delirio y el alivio en la gente de Uni\u00f3n.<\/p>\n<p>Los de Tornquist le pusieron color a la punta de la tabla, le sacaron el Blanco y Negro y la ti\u00f1eron de verde.<\/p>\n<p>&nbsp;<\/p>\n<p><strong>Uni\u00f3n:<\/strong>\u00a0Juan Manuel Stefanof; Federico Franco, Jos\u00e9 Luis Teysseyre, Sebasti\u00e1n Callava, Hern\u00e1n Delgado; \u00c1ngelo Grassi, Lucas Sotelo, Tom\u00e1s Terrugi, Lucas Biondo; Ezequiel Schmidt, Mat\u00edas Fritz. DT: Horacio Schumacher.<\/p>\n<p><u>Cambios:<\/u>\u00a0ST: 26\u2019 Maximiliano Banegas por Grassi, 32\u2019 Joaqu\u00edn Romeo por Schmidt, 49\u2019 Brian Lascalea por Fritz.<\/p>\n<p><u>Supl<\/u>. Lautaro Eckardt, Diego Piedrabuena.<\/p>\n<p><strong>Blanco y Negro:<\/strong>\u00a0Alejandro Gonz\u00e1lez; Francisco L\u00e1zaro, Jonathan Tello, Kevin Jones, Luciano Roson; Jesuan Heritier, Mart\u00edn Wagner, Maximiliano Pecotche; Braian Resch; Joaqu\u00edn Kraft, Luciano Acosta. DT: Javier D\u00edaz.<\/p>\n<p><u>Cambios:<\/u>\u00a0ST: 19\u2019 Maximiliano Balvidares por Roson, 41\u2019 Ulises N\u00f3zares por Acosta, Gino Brucceri por Tello.<\/p>\n<p><u>Supl:<\/u>\u00a0Juan Pablo Vera, Braian Arata.<\/p>\n<p><u>Goles:<\/u>\u00a0PT: 23\u2019 Mat\u00edas Fritz (U). ST: 50\u2019 Joaqu\u00edn Romeo (U).<\/p>\n<p><u>Expulsado:<\/u>\u00a0ST: 31\u2019 Mart\u00edn Wagner (ByN)<\/p>\n<p><u>\u00c1rbitro:<\/u>\u00a0Lucas Jara (7)<\/p>\n<p><u>Cancha:<\/u>\u00a0Estadio Juan Jos\u00e9 Bolletta<\/p>\n<p><u>Reserva:<\/u>\u00a0Uni\u00f3n 0 \u2013 Blanco y Negro 2<\/p>\n<p><a href=\"https:\/\/www.facebook.com\/pg\/solofutbolcanal2\/photos\/?tab=album&amp;album_id=1058413617701161\" target=\"_blank\" rel=\"noopener\">\u00c1lbum de Fotos: Solo F\u00fatbol<\/a><\/p>\n<p><a href=\"http:\/\/www.celttv.com.ar\/?attachment_id=41550\" rel=\"attachment wp-att-41550\"><img loading=\"lazy\" decoding=\"async\" class=\"alignleft size-full wp-image-41550\" src=\"http:\/\/www.celttv.com.ar\/wp-content\/uploads\/2019\/05\/60261682_1058416244367565_6654826738800918528_n.jpg\" alt=\"\" width=\"960\" height=\"640\" srcset=\"https:\/\/www.celttv.com.ar\/wp-content\/uploads\/2019\/05\/60261682_1058416244367565_6654826738800918528_n.jpg 960w, https:\/\/www.celttv.com.ar\/wp-content\/uploads\/2019\/05\/60261682_1058416244367565_6654826738800918528_n-300x200.jpg 300w, https:\/\/www.celttv.com.ar\/wp-content\/uploads\/2019\/05\/60261682_1058416244367565_6654826738800918528_n-768x512.jpg 768w, https:\/\/www.celttv.com.ar\/wp-content\/uploads\/2019\/05\/60261682_1058416244367565_6654826738800918528_n-750x500.jpg 750w\" sizes=\"auto, (max-width: 960px) 100vw, 960px\" \/><\/a> <a href=\"http:\/\/www.celttv.com.ar\/?attachment_id=41551\" rel=\"attachment wp-att-41551\"><img loading=\"lazy\" decoding=\"async\" class=\"alignleft size-medium wp-image-41551\" src=\"http:\/\/www.celttv.com.ar\/wp-content\/uploads\/2019\/05\/60343472_1058415351034321_5769522760917188608_n.jpg\" alt=\"\" width=\"780\" height=\"520\" srcset=\"https:\/\/www.celttv.com.ar\/wp-content\/uploads\/2019\/05\/60343472_1058415351034321_5769522760917188608_n.jpg 960w, https:\/\/www.celttv.com.ar\/wp-content\/uploads\/2019\/05\/60343472_1058415351034321_5769522760917188608_n-300x200.jpg 300w, https:\/\/www.celttv.com.ar\/wp-content\/uploads\/2019\/05\/60343472_1058415351034321_5769522760917188608_n-768x512.jpg 768w, https:\/\/www.celttv.com.ar\/wp-content\/uploads\/2019\/05\/60343472_1058415351034321_5769522760917188608_n-750x500.jpg 750w\" sizes=\"auto, (max-width: 780px) 100vw, 780px\" \/><\/a><\/p>\n","protected":false},"excerpt":{"rendered":"<p>Uni\u00f3n venci\u00f3 a Blanco y Negro por 2 a 0 y es el nuevo l\u00edder de la Zona A. Mat\u00edas Fritz y Joaqu\u00edn Romeo marcaron los goles del elenco tornquistense. En los de Su\u00e1rez se fue expulsado Mart\u00edn Wagner. Uni\u00f3n lo gan\u00f3 bien. Fue mejor que Blanco y Negro y no solo justifica el resultado [&hellip;]<\/p>\n","protected":false},"author":1,"featured_media":41551,"comment_status":"closed","ping_status":"open","sticky":false,"template":"","format":"standard","meta":{"footnotes":""},"categories":[60,76],"tags":[],"class_list":["post-41549","post","type-post","status-publish","format-standard","has-post-thumbnail","hentry","category-deporte","category-solo-futbol"],"yoast_head":"<!-- This site is optimized with the Yoast SEO plugin v19.7.1 - https:\/\/yoast.com\/wordpress\/plugins\/seo\/ -->\n<title>EL VERDE LE PUSO COLOR A LA ZONA A - CELTTV<\/title>\n<meta name=\"description\" content=\"Sitio web de noticias de la localidad de Tornquist, provincia de Buenos Aires, Rep\u00fablica Argentina. Contenido propio originado por periodistas de CELTTV, el canal de TV local de la Cooperativa El\u00e9ctrica de Tornquist. Turismo, Pol\u00edtica, Sociedad, Deporte, Cultura y todo el contenido de inter\u00e9s general que la gente del pueblo y la regi\u00f3n debe conocer.\" \/>\n<meta name=\"robots\" content=\"index, follow, max-snippet:-1, max-image-preview:large, max-video-preview:-1\" \/>\n<link rel=\"canonical\" href=\"https:\/\/www.celttv.com.ar\/index.php\/2019\/05\/12\/el-verde-le-puso-color-a-la-zona-a\/\" \/>\n<meta property=\"og:locale\" content=\"es_ES\" \/>\n<meta property=\"og:type\" content=\"article\" \/>\n<meta property=\"og:title\" content=\"EL VERDE LE PUSO COLOR A LA ZONA A - CELTTV\" \/>\n<meta property=\"og:description\" content=\"Sitio web de noticias de la localidad de Tornquist, provincia de Buenos Aires, Rep\u00fablica Argentina. Contenido propio originado por periodistas de CELTTV, el canal de TV local de la Cooperativa El\u00e9ctrica de Tornquist. Turismo, Pol\u00edtica, Sociedad, Deporte, Cultura y todo el contenido de inter\u00e9s general que la gente del pueblo y la regi\u00f3n debe conocer.\" \/>\n<meta property=\"og:url\" content=\"https:\/\/www.celttv.com.ar\/index.php\/2019\/05\/12\/el-verde-le-puso-color-a-la-zona-a\/\" \/>\n<meta property=\"og:site_name\" content=\"CELTTV\" \/>\n<meta property=\"article:publisher\" content=\"https:\/\/www.facebook.com\/celtTV\/\" \/>\n<meta property=\"article:published_time\" content=\"2019-05-12T20:08:17+00:00\" \/>\n<meta property=\"og:image\" content=\"https:\/\/www.celttv.com.ar\/wp-content\/uploads\/2019\/05\/60343472_1058415351034321_5769522760917188608_n.jpg\" \/>\n\t<meta property=\"og:image:width\" content=\"960\" \/>\n\t<meta property=\"og:image:height\" content=\"640\" \/>\n\t<meta property=\"og:image:type\" content=\"image\/jpeg\" \/>\n<meta name=\"author\" content=\"ulises\" \/>\n<meta name=\"twitter:card\" content=\"summary_large_image\" \/>\n<meta name=\"twitter:label1\" content=\"Escrito por\" \/>\n\t<meta name=\"twitter:data1\" content=\"ulises\" \/>\n\t<meta name=\"twitter:label2\" content=\"Tiempo de lectura\" \/>\n\t<meta name=\"twitter:data2\" content=\"4 minutos\" \/>\n<script type=\"application\/ld+json\" class=\"yoast-schema-graph\">{\"@context\":\"https:\/\/schema.org\",\"@graph\":[{\"@type\":\"NewsArticle\",\"@id\":\"https:\/\/www.celttv.com.ar\/index.php\/2019\/05\/12\/el-verde-le-puso-color-a-la-zona-a\/#article\",\"isPartOf\":{\"@id\":\"https:\/\/www.celttv.com.ar\/index.php\/2019\/05\/12\/el-verde-le-puso-color-a-la-zona-a\/\"},\"author\":{\"name\":\"ulises\",\"@id\":\"https:\/\/www.celttv.com.ar\/#\/schema\/person\/6d99c072dba59953809c81446e9d0ace\"},\"headline\":\"EL VERDE LE PUSO COLOR A LA ZONA A\",\"datePublished\":\"2019-05-12T20:08:17+00:00\",\"dateModified\":\"2019-05-12T20:08:17+00:00\",\"mainEntityOfPage\":{\"@id\":\"https:\/\/www.celttv.com.ar\/index.php\/2019\/05\/12\/el-verde-le-puso-color-a-la-zona-a\/\"},\"wordCount\":821,\"publisher\":{\"@id\":\"https:\/\/www.celttv.com.ar\/#organization\"},\"articleSection\":[\"Deporte\",\"Solo Futbol\"],\"inLanguage\":\"es\"},{\"@type\":\"WebPage\",\"@id\":\"https:\/\/www.celttv.com.ar\/index.php\/2019\/05\/12\/el-verde-le-puso-color-a-la-zona-a\/\",\"url\":\"https:\/\/www.celttv.com.ar\/index.php\/2019\/05\/12\/el-verde-le-puso-color-a-la-zona-a\/\",\"name\":\"EL VERDE LE PUSO COLOR A LA ZONA A - CELTTV\",\"isPartOf\":{\"@id\":\"https:\/\/www.celttv.com.ar\/#website\"},\"datePublished\":\"2019-05-12T20:08:17+00:00\",\"dateModified\":\"2019-05-12T20:08:17+00:00\",\"description\":\"Sitio web de noticias de la localidad de Tornquist, provincia de Buenos Aires, Rep\u00fablica Argentina. Contenido propio originado por periodistas de CELTTV, el canal de TV local de la Cooperativa El\u00e9ctrica de Tornquist. Turismo, Pol\u00edtica, Sociedad, Deporte, Cultura y todo el contenido de inter\u00e9s general que la gente del pueblo y la regi\u00f3n debe conocer.\",\"breadcrumb\":{\"@id\":\"https:\/\/www.celttv.com.ar\/index.php\/2019\/05\/12\/el-verde-le-puso-color-a-la-zona-a\/#breadcrumb\"},\"inLanguage\":\"es\",\"potentialAction\":[{\"@type\":\"ReadAction\",\"target\":[\"https:\/\/www.celttv.com.ar\/index.php\/2019\/05\/12\/el-verde-le-puso-color-a-la-zona-a\/\"]}]},{\"@type\":\"BreadcrumbList\",\"@id\":\"https:\/\/www.celttv.com.ar\/index.php\/2019\/05\/12\/el-verde-le-puso-color-a-la-zona-a\/#breadcrumb\",\"itemListElement\":[{\"@type\":\"ListItem\",\"position\":1,\"name\":\"Inicio\",\"item\":\"https:\/\/www.celttv.com.ar\/\"},{\"@type\":\"ListItem\",\"position\":2,\"name\":\"EL VERDE LE PUSO COLOR A LA ZONA A\"}]},{\"@type\":\"WebSite\",\"@id\":\"https:\/\/www.celttv.com.ar\/#website\",\"url\":\"https:\/\/www.celttv.com.ar\/\",\"name\":\"CELTTV\",\"description\":\"Cooperativa El\u00e9ctrica de Tornquist\",\"publisher\":{\"@id\":\"https:\/\/www.celttv.com.ar\/#organization\"},\"potentialAction\":[{\"@type\":\"SearchAction\",\"target\":{\"@type\":\"EntryPoint\",\"urlTemplate\":\"https:\/\/www.celttv.com.ar\/?s={search_term_string}\"},\"query-input\":\"required name=search_term_string\"}],\"inLanguage\":\"es\"},{\"@type\":\"Organization\",\"@id\":\"https:\/\/www.celttv.com.ar\/#organization\",\"name\":\"CELTTV\",\"url\":\"https:\/\/www.celttv.com.ar\/\",\"sameAs\":[\"https:\/\/www.youtube.com\/channel\/UCz_oIt8Hig64Ub-EmcNPIhg\",\"https:\/\/www.facebook.com\/celtTV\/\"],\"logo\":{\"@type\":\"ImageObject\",\"inLanguage\":\"es\",\"@id\":\"https:\/\/www.celttv.com.ar\/#\/schema\/logo\/image\/\",\"url\":\"http:\/\/www.celttv.com.ar\/wp-content\/uploads\/2022\/08\/logo-1.png\",\"contentUrl\":\"http:\/\/www.celttv.com.ar\/wp-content\/uploads\/2022\/08\/logo-1.png\",\"width\":461,\"height\":159,\"caption\":\"CELTTV\"},\"image\":{\"@id\":\"https:\/\/www.celttv.com.ar\/#\/schema\/logo\/image\/\"}},{\"@type\":\"Person\",\"@id\":\"https:\/\/www.celttv.com.ar\/#\/schema\/person\/6d99c072dba59953809c81446e9d0ace\",\"name\":\"ulises\",\"image\":{\"@type\":\"ImageObject\",\"inLanguage\":\"es\",\"@id\":\"https:\/\/www.celttv.com.ar\/#\/schema\/person\/image\/\",\"url\":\"https:\/\/secure.gravatar.com\/avatar\/7f2c48bdc33b30088f941fb6082e555f2874c98e20cb159d7b92b50eadfce793?s=96&d=mm&r=g\",\"contentUrl\":\"https:\/\/secure.gravatar.com\/avatar\/7f2c48bdc33b30088f941fb6082e555f2874c98e20cb159d7b92b50eadfce793?s=96&d=mm&r=g\",\"caption\":\"ulises\"},\"sameAs\":[\"http:\/\/www.celttv.com.ar\"]}]}<\/script>\n<!-- \/ Yoast SEO plugin. -->","yoast_head_json":{"title":"EL VERDE LE PUSO COLOR A LA ZONA A - CELTTV","description":"Sitio web de noticias de la localidad de Tornquist, provincia de Buenos Aires, Rep\u00fablica Argentina. Contenido propio originado por periodistas de CELTTV, el canal de TV local de la Cooperativa El\u00e9ctrica de Tornquist. Turismo, Pol\u00edtica, Sociedad, Deporte, Cultura y todo el contenido de inter\u00e9s general que la gente del pueblo y la regi\u00f3n debe conocer.","robots":{"index":"index","follow":"follow","max-snippet":"max-snippet:-1","max-image-preview":"max-image-preview:large","max-video-preview":"max-video-preview:-1"},"canonical":"https:\/\/www.celttv.com.ar\/index.php\/2019\/05\/12\/el-verde-le-puso-color-a-la-zona-a\/","og_locale":"es_ES","og_type":"article","og_title":"EL VERDE LE PUSO COLOR A LA ZONA A - CELTTV","og_description":"Sitio web de noticias de la localidad de Tornquist, provincia de Buenos Aires, Rep\u00fablica Argentina. Contenido propio originado por periodistas de CELTTV, el canal de TV local de la Cooperativa El\u00e9ctrica de Tornquist. Turismo, Pol\u00edtica, Sociedad, Deporte, Cultura y todo el contenido de inter\u00e9s general que la gente del pueblo y la regi\u00f3n debe conocer.","og_url":"https:\/\/www.celttv.com.ar\/index.php\/2019\/05\/12\/el-verde-le-puso-color-a-la-zona-a\/","og_site_name":"CELTTV","article_publisher":"https:\/\/www.facebook.com\/celtTV\/","article_published_time":"2019-05-12T20:08:17+00:00","og_image":[{"width":960,"height":640,"url":"https:\/\/www.celttv.com.ar\/wp-content\/uploads\/2019\/05\/60343472_1058415351034321_5769522760917188608_n.jpg","type":"image\/jpeg"}],"author":"ulises","twitter_card":"summary_large_image","twitter_misc":{"Escrito por":"ulises","Tiempo de lectura":"4 minutos"},"schema":{"@context":"https:\/\/schema.org","@graph":[{"@type":"NewsArticle","@id":"https:\/\/www.celttv.com.ar\/index.php\/2019\/05\/12\/el-verde-le-puso-color-a-la-zona-a\/#article","isPartOf":{"@id":"https:\/\/www.celttv.com.ar\/index.php\/2019\/05\/12\/el-verde-le-puso-color-a-la-zona-a\/"},"author":{"name":"ulises","@id":"https:\/\/www.celttv.com.ar\/#\/schema\/person\/6d99c072dba59953809c81446e9d0ace"},"headline":"EL VERDE LE PUSO COLOR A LA ZONA A","datePublished":"2019-05-12T20:08:17+00:00","dateModified":"2019-05-12T20:08:17+00:00","mainEntityOfPage":{"@id":"https:\/\/www.celttv.com.ar\/index.php\/2019\/05\/12\/el-verde-le-puso-color-a-la-zona-a\/"},"wordCount":821,"publisher":{"@id":"https:\/\/www.celttv.com.ar\/#organization"},"articleSection":["Deporte","Solo Futbol"],"inLanguage":"es"},{"@type":"WebPage","@id":"https:\/\/www.celttv.com.ar\/index.php\/2019\/05\/12\/el-verde-le-puso-color-a-la-zona-a\/","url":"https:\/\/www.celttv.com.ar\/index.php\/2019\/05\/12\/el-verde-le-puso-color-a-la-zona-a\/","name":"EL VERDE LE PUSO COLOR A LA ZONA A - CELTTV","isPartOf":{"@id":"https:\/\/www.celttv.com.ar\/#website"},"datePublished":"2019-05-12T20:08:17+00:00","dateModified":"2019-05-12T20:08:17+00:00","description":"Sitio web de noticias de la localidad de Tornquist, provincia de Buenos Aires, Rep\u00fablica Argentina. Contenido propio originado por periodistas de CELTTV, el canal de TV local de la Cooperativa El\u00e9ctrica de Tornquist. Turismo, Pol\u00edtica, Sociedad, Deporte, Cultura y todo el contenido de inter\u00e9s general que la gente del pueblo y la regi\u00f3n debe conocer.","breadcrumb":{"@id":"https:\/\/www.celttv.com.ar\/index.php\/2019\/05\/12\/el-verde-le-puso-color-a-la-zona-a\/#breadcrumb"},"inLanguage":"es","potentialAction":[{"@type":"ReadAction","target":["https:\/\/www.celttv.com.ar\/index.php\/2019\/05\/12\/el-verde-le-puso-color-a-la-zona-a\/"]}]},{"@type":"BreadcrumbList","@id":"https:\/\/www.celttv.com.ar\/index.php\/2019\/05\/12\/el-verde-le-puso-color-a-la-zona-a\/#breadcrumb","itemListElement":[{"@type":"ListItem","position":1,"name":"Inicio","item":"https:\/\/www.celttv.com.ar\/"},{"@type":"ListItem","position":2,"name":"EL VERDE LE PUSO COLOR A LA ZONA A"}]},{"@type":"WebSite","@id":"https:\/\/www.celttv.com.ar\/#website","url":"https:\/\/www.celttv.com.ar\/","name":"CELTTV","description":"Cooperativa El\u00e9ctrica de Tornquist","publisher":{"@id":"https:\/\/www.celttv.com.ar\/#organization"},"potentialAction":[{"@type":"SearchAction","target":{"@type":"EntryPoint","urlTemplate":"https:\/\/www.celttv.com.ar\/?s={search_term_string}"},"query-input":"required name=search_term_string"}],"inLanguage":"es"},{"@type":"Organization","@id":"https:\/\/www.celttv.com.ar\/#organization","name":"CELTTV","url":"https:\/\/www.celttv.com.ar\/","sameAs":["https:\/\/www.youtube.com\/channel\/UCz_oIt8Hig64Ub-EmcNPIhg","https:\/\/www.facebook.com\/celtTV\/"],"logo":{"@type":"ImageObject","inLanguage":"es","@id":"https:\/\/www.celttv.com.ar\/#\/schema\/logo\/image\/","url":"http:\/\/www.celttv.com.ar\/wp-content\/uploads\/2022\/08\/logo-1.png","contentUrl":"http:\/\/www.celttv.com.ar\/wp-content\/uploads\/2022\/08\/logo-1.png","width":461,"height":159,"caption":"CELTTV"},"image":{"@id":"https:\/\/www.celttv.com.ar\/#\/schema\/logo\/image\/"}},{"@type":"Person","@id":"https:\/\/www.celttv.com.ar\/#\/schema\/person\/6d99c072dba59953809c81446e9d0ace","name":"ulises","image":{"@type":"ImageObject","inLanguage":"es","@id":"https:\/\/www.celttv.com.ar\/#\/schema\/person\/image\/","url":"https:\/\/secure.gravatar.com\/avatar\/7f2c48bdc33b30088f941fb6082e555f2874c98e20cb159d7b92b50eadfce793?s=96&d=mm&r=g","contentUrl":"https:\/\/secure.gravatar.com\/avatar\/7f2c48bdc33b30088f941fb6082e555f2874c98e20cb159d7b92b50eadfce793?s=96&d=mm&r=g","caption":"ulises"},"sameAs":["http:\/\/www.celttv.com.ar"]}]}},"_links":{"self":[{"href":"https:\/\/www.celttv.com.ar\/index.php\/wp-json\/wp\/v2\/posts\/41549","targetHints":{"allow":["GET"]}}],"collection":[{"href":"https:\/\/www.celttv.com.ar\/index.php\/wp-json\/wp\/v2\/posts"}],"about":[{"href":"https:\/\/www.celttv.com.ar\/index.php\/wp-json\/wp\/v2\/types\/post"}],"author":[{"embeddable":true,"href":"https:\/\/www.celttv.com.ar\/index.php\/wp-json\/wp\/v2\/users\/1"}],"replies":[{"embeddable":true,"href":"https:\/\/www.celttv.com.ar\/index.php\/wp-json\/wp\/v2\/comments?post=41549"}],"version-history":[{"count":0,"href":"https:\/\/www.celttv.com.ar\/index.php\/wp-json\/wp\/v2\/posts\/41549\/revisions"}],"wp:featuredmedia":[{"embeddable":true,"href":"https:\/\/www.celttv.com.ar\/index.php\/wp-json\/wp\/v2\/media\/41551"}],"wp:attachment":[{"href":"https:\/\/www.celttv.com.ar\/index.php\/wp-json\/wp\/v2\/media?parent=41549"}],"wp:term":[{"taxonomy":"category","embeddable":true,"href":"https:\/\/www.celttv.com.ar\/index.php\/wp-json\/wp\/v2\/categories?post=41549"},{"taxonomy":"post_tag","embeddable":true,"href":"https:\/\/www.celttv.com.ar\/index.php\/wp-json\/wp\/v2\/tags?post=41549"}],"curies":[{"name":"wp","href":"https:\/\/api.w.org\/{rel}","templated":true}]}}