{"id":41555,"date":"2019-05-20T17:58:27","date_gmt":"2019-05-20T17:58:27","guid":{"rendered":"http:\/\/www.celttv.com.ar\/?p=41555"},"modified":"2019-05-20T17:58:27","modified_gmt":"2019-05-20T17:58:27","slug":"bordoni-asistio-a-la-presentacion-de-la-herramienta-cuenta-dni","status":"publish","type":"post","link":"https:\/\/www.celttv.com.ar\/index.php\/2019\/05\/20\/bordoni-asistio-a-la-presentacion-de-la-herramienta-cuenta-dni\/","title":{"rendered":"Bordoni asisti\u00f3 a la presentaci\u00f3n de la herramienta \u201cCuenta DNI\u201d"},"content":{"rendered":"<p>El intendente municipal, Sergio Bordoni, acompa\u00f1ado por el Secretario de Gobierno y el Director de Turismo, Ezequiel Gabella y Mart\u00edn Olhaberry respectivamente, particip\u00f3 de la presentaci\u00f3n de \u201cCuenta DNI\u201d, un nuevo programa lanzado por el Banco Provincia y que cont\u00f3 con la presencia del presidente de la mencionada entidad, Dr. Juan Curutchet.<\/p>\n<p>Con esta nueva herramienta el celular podr\u00e1 oficiar de \u201cbilletera virtual\u201d y\u00a0se podr\u00e1 abonar a trav\u00e9s de un\u00a0<strong>n\u00famero de token<\/strong>,\u00a0<strong>c\u00f3digo de barras<\/strong>\u00a0o\u00a0<strong>c\u00f3digo QR<\/strong>\u00a0(\u00e9ste \u00faltimo solo de persona a persona), seg\u00fan la particularidad de cada comercio. Este nuevo desarrollo busca brindar mayor comodidad y alternativas de pago a los clientes.<\/p>\n<p>Participaron del lanzamiento m\u00e1s de 120 empresarios y comerciantes de la regi\u00f3n.<\/p>\n<p><a href=\"http:\/\/www.celttv.com.ar\/?attachment_id=41559\" rel=\"attachment wp-att-41559\"><img loading=\"lazy\" decoding=\"async\" class=\"alignleft size-full wp-image-41559\" src=\"http:\/\/www.celttv.com.ar\/wp-content\/uploads\/2019\/05\/WhatsApp-Image-2019-05-20-at-12.54.30.jpeg\" alt=\"\" width=\"1280\" height=\"659\" srcset=\"https:\/\/www.celttv.com.ar\/wp-content\/uploads\/2019\/05\/WhatsApp-Image-2019-05-20-at-12.54.30.jpeg 1280w, https:\/\/www.celttv.com.ar\/wp-content\/uploads\/2019\/05\/WhatsApp-Image-2019-05-20-at-12.54.30-300x154.jpeg 300w, https:\/\/www.celttv.com.ar\/wp-content\/uploads\/2019\/05\/WhatsApp-Image-2019-05-20-at-12.54.30-1024x527.jpeg 1024w, https:\/\/www.celttv.com.ar\/wp-content\/uploads\/2019\/05\/WhatsApp-Image-2019-05-20-at-12.54.30-768x395.jpeg 768w, https:\/\/www.celttv.com.ar\/wp-content\/uploads\/2019\/05\/WhatsApp-Image-2019-05-20-at-12.54.30-750x386.jpeg 750w, https:\/\/www.celttv.com.ar\/wp-content\/uploads\/2019\/05\/WhatsApp-Image-2019-05-20-at-12.54.30-1140x587.jpeg 1140w\" sizes=\"auto, (max-width: 1280px) 100vw, 1280px\" \/><\/a> <a href=\"http:\/\/www.celttv.com.ar\/?attachment_id=41558\" rel=\"attachment wp-att-41558\"><img loading=\"lazy\" decoding=\"async\" class=\"alignleft size-full wp-image-41558\" src=\"http:\/\/www.celttv.com.ar\/wp-content\/uploads\/2019\/05\/WhatsApp-Image-2019-05-20-at-12.54.30-1.jpeg\" alt=\"\" width=\"1280\" height=\"960\" srcset=\"https:\/\/www.celttv.com.ar\/wp-content\/uploads\/2019\/05\/WhatsApp-Image-2019-05-20-at-12.54.30-1.jpeg 1280w, https:\/\/www.celttv.com.ar\/wp-content\/uploads\/2019\/05\/WhatsApp-Image-2019-05-20-at-12.54.30-1-300x225.jpeg 300w, https:\/\/www.celttv.com.ar\/wp-content\/uploads\/2019\/05\/WhatsApp-Image-2019-05-20-at-12.54.30-1-1024x768.jpeg 1024w, https:\/\/www.celttv.com.ar\/wp-content\/uploads\/2019\/05\/WhatsApp-Image-2019-05-20-at-12.54.30-1-768x576.jpeg 768w, https:\/\/www.celttv.com.ar\/wp-content\/uploads\/2019\/05\/WhatsApp-Image-2019-05-20-at-12.54.30-1-750x563.jpeg 750w, https:\/\/www.celttv.com.ar\/wp-content\/uploads\/2019\/05\/WhatsApp-Image-2019-05-20-at-12.54.30-1-1140x855.jpeg 1140w\" sizes=\"auto, (max-width: 1280px) 100vw, 1280px\" \/><\/a> <a href=\"http:\/\/www.celttv.com.ar\/?attachment_id=41557\" rel=\"attachment wp-att-41557\"><img loading=\"lazy\" decoding=\"async\" class=\"alignleft size-full wp-image-41557\" src=\"http:\/\/www.celttv.com.ar\/wp-content\/uploads\/2019\/05\/WhatsApp-Image-2019-05-20-at-12.54.29.jpeg\" alt=\"\" width=\"1024\" height=\"730\" srcset=\"https:\/\/www.celttv.com.ar\/wp-content\/uploads\/2019\/05\/WhatsApp-Image-2019-05-20-at-12.54.29.jpeg 1024w, https:\/\/www.celttv.com.ar\/wp-content\/uploads\/2019\/05\/WhatsApp-Image-2019-05-20-at-12.54.29-300x214.jpeg 300w, https:\/\/www.celttv.com.ar\/wp-content\/uploads\/2019\/05\/WhatsApp-Image-2019-05-20-at-12.54.29-768x548.jpeg 768w, https:\/\/www.celttv.com.ar\/wp-content\/uploads\/2019\/05\/WhatsApp-Image-2019-05-20-at-12.54.29-120x86.jpeg 120w, https:\/\/www.celttv.com.ar\/wp-content\/uploads\/2019\/05\/WhatsApp-Image-2019-05-20-at-12.54.29-350x250.jpeg 350w, https:\/\/www.celttv.com.ar\/wp-content\/uploads\/2019\/05\/WhatsApp-Image-2019-05-20-at-12.54.29-750x535.jpeg 750w\" sizes=\"auto, (max-width: 1024px) 100vw, 1024px\" \/><\/a><\/p>\n","protected":false},"excerpt":{"rendered":"<p>El intendente municipal, Sergio Bordoni, acompa\u00f1ado por el Secretario de Gobierno y el Director de Turismo, Ezequiel Gabella y Mart\u00edn Olhaberry respectivamente, particip\u00f3 de la presentaci\u00f3n de \u201cCuenta DNI\u201d, un nuevo programa lanzado por el Banco Provincia y que cont\u00f3 con la presencia del presidente de la mencionada entidad, Dr. Juan Curutchet. Con esta nueva [&hellip;]<\/p>\n","protected":false},"author":1,"featured_media":41559,"comment_status":"closed","ping_status":"open","sticky":false,"template":"","format":"standard","meta":{"footnotes":""},"categories":[51,52],"tags":[],"class_list":["post-41555","post","type-post","status-publish","format-standard","has-post-thumbnail","hentry","category-comunidad","category-destacadas"],"yoast_head":"<!-- This site is optimized with the Yoast SEO plugin v19.7.1 - https:\/\/yoast.com\/wordpress\/plugins\/seo\/ -->\n<title>Bordoni asisti\u00f3 a la presentaci\u00f3n de la herramienta \u201cCuenta DNI\u201d - CELTTV<\/title>\n<meta name=\"description\" content=\"Sitio web de noticias de la localidad de Tornquist, provincia de Buenos Aires, Rep\u00fablica Argentina. Contenido propio originado por periodistas de CELTTV, el canal de TV local de la Cooperativa El\u00e9ctrica de Tornquist. Turismo, Pol\u00edtica, Sociedad, Deporte, Cultura y todo el contenido de inter\u00e9s general que la gente del pueblo y la regi\u00f3n debe conocer.\" \/>\n<meta name=\"robots\" content=\"index, follow, max-snippet:-1, max-image-preview:large, max-video-preview:-1\" \/>\n<link rel=\"canonical\" href=\"https:\/\/www.celttv.com.ar\/index.php\/2019\/05\/20\/bordoni-asistio-a-la-presentacion-de-la-herramienta-cuenta-dni\/\" \/>\n<meta property=\"og:locale\" content=\"es_ES\" \/>\n<meta property=\"og:type\" content=\"article\" \/>\n<meta property=\"og:title\" content=\"Bordoni asisti\u00f3 a la presentaci\u00f3n de la herramienta \u201cCuenta DNI\u201d - CELTTV\" \/>\n<meta property=\"og:description\" content=\"Sitio web de noticias de la localidad de Tornquist, provincia de Buenos Aires, Rep\u00fablica Argentina. Contenido propio originado por periodistas de CELTTV, el canal de TV local de la Cooperativa El\u00e9ctrica de Tornquist. Turismo, Pol\u00edtica, Sociedad, Deporte, Cultura y todo el contenido de inter\u00e9s general que la gente del pueblo y la regi\u00f3n debe conocer.\" \/>\n<meta property=\"og:url\" content=\"https:\/\/www.celttv.com.ar\/index.php\/2019\/05\/20\/bordoni-asistio-a-la-presentacion-de-la-herramienta-cuenta-dni\/\" \/>\n<meta property=\"og:site_name\" content=\"CELTTV\" \/>\n<meta property=\"article:publisher\" content=\"https:\/\/www.facebook.com\/celtTV\/\" \/>\n<meta property=\"article:published_time\" content=\"2019-05-20T17:58:27+00:00\" \/>\n<meta property=\"og:image\" content=\"https:\/\/www.celttv.com.ar\/wp-content\/uploads\/2019\/05\/WhatsApp-Image-2019-05-20-at-12.54.30.jpeg\" \/>\n\t<meta property=\"og:image:width\" content=\"1280\" \/>\n\t<meta property=\"og:image:height\" content=\"659\" \/>\n\t<meta property=\"og:image:type\" content=\"image\/jpeg\" \/>\n<meta name=\"author\" content=\"ulises\" \/>\n<meta name=\"twitter:card\" content=\"summary_large_image\" \/>\n<meta name=\"twitter:label1\" content=\"Escrito por\" \/>\n\t<meta name=\"twitter:data1\" content=\"ulises\" \/>\n\t<meta name=\"twitter:label2\" content=\"Tiempo de lectura\" \/>\n\t<meta name=\"twitter:data2\" content=\"1 minuto\" \/>\n<script type=\"application\/ld+json\" class=\"yoast-schema-graph\">{\"@context\":\"https:\/\/schema.org\",\"@graph\":[{\"@type\":\"NewsArticle\",\"@id\":\"https:\/\/www.celttv.com.ar\/index.php\/2019\/05\/20\/bordoni-asistio-a-la-presentacion-de-la-herramienta-cuenta-dni\/#article\",\"isPartOf\":{\"@id\":\"https:\/\/www.celttv.com.ar\/index.php\/2019\/05\/20\/bordoni-asistio-a-la-presentacion-de-la-herramienta-cuenta-dni\/\"},\"author\":{\"name\":\"ulises\",\"@id\":\"https:\/\/www.celttv.com.ar\/#\/schema\/person\/6d99c072dba59953809c81446e9d0ace\"},\"headline\":\"Bordoni asisti\u00f3 a la presentaci\u00f3n de la herramienta \u201cCuenta DNI\u201d\",\"datePublished\":\"2019-05-20T17:58:27+00:00\",\"dateModified\":\"2019-05-20T17:58:27+00:00\",\"mainEntityOfPage\":{\"@id\":\"https:\/\/www.celttv.com.ar\/index.php\/2019\/05\/20\/bordoni-asistio-a-la-presentacion-de-la-herramienta-cuenta-dni\/\"},\"wordCount\":139,\"publisher\":{\"@id\":\"https:\/\/www.celttv.com.ar\/#organization\"},\"articleSection\":[\"Comunidad\",\"Destacadas\"],\"inLanguage\":\"es\"},{\"@type\":\"WebPage\",\"@id\":\"https:\/\/www.celttv.com.ar\/index.php\/2019\/05\/20\/bordoni-asistio-a-la-presentacion-de-la-herramienta-cuenta-dni\/\",\"url\":\"https:\/\/www.celttv.com.ar\/index.php\/2019\/05\/20\/bordoni-asistio-a-la-presentacion-de-la-herramienta-cuenta-dni\/\",\"name\":\"Bordoni asisti\u00f3 a la presentaci\u00f3n de la herramienta \u201cCuenta DNI\u201d - CELTTV\",\"isPartOf\":{\"@id\":\"https:\/\/www.celttv.com.ar\/#website\"},\"datePublished\":\"2019-05-20T17:58:27+00:00\",\"dateModified\":\"2019-05-20T17:58:27+00:00\",\"description\":\"Sitio web de noticias de la localidad de Tornquist, provincia de Buenos Aires, Rep\u00fablica Argentina. Contenido propio originado por periodistas de CELTTV, el canal de TV local de la Cooperativa El\u00e9ctrica de Tornquist. Turismo, Pol\u00edtica, Sociedad, Deporte, Cultura y todo el contenido de inter\u00e9s general que la gente del pueblo y la regi\u00f3n debe conocer.\",\"breadcrumb\":{\"@id\":\"https:\/\/www.celttv.com.ar\/index.php\/2019\/05\/20\/bordoni-asistio-a-la-presentacion-de-la-herramienta-cuenta-dni\/#breadcrumb\"},\"inLanguage\":\"es\",\"potentialAction\":[{\"@type\":\"ReadAction\",\"target\":[\"https:\/\/www.celttv.com.ar\/index.php\/2019\/05\/20\/bordoni-asistio-a-la-presentacion-de-la-herramienta-cuenta-dni\/\"]}]},{\"@type\":\"BreadcrumbList\",\"@id\":\"https:\/\/www.celttv.com.ar\/index.php\/2019\/05\/20\/bordoni-asistio-a-la-presentacion-de-la-herramienta-cuenta-dni\/#breadcrumb\",\"itemListElement\":[{\"@type\":\"ListItem\",\"position\":1,\"name\":\"Inicio\",\"item\":\"https:\/\/www.celttv.com.ar\/\"},{\"@type\":\"ListItem\",\"position\":2,\"name\":\"Bordoni asisti\u00f3 a la presentaci\u00f3n de la herramienta \u201cCuenta DNI\u201d\"}]},{\"@type\":\"WebSite\",\"@id\":\"https:\/\/www.celttv.com.ar\/#website\",\"url\":\"https:\/\/www.celttv.com.ar\/\",\"name\":\"CELTTV\",\"description\":\"Cooperativa El\u00e9ctrica de Tornquist\",\"publisher\":{\"@id\":\"https:\/\/www.celttv.com.ar\/#organization\"},\"potentialAction\":[{\"@type\":\"SearchAction\",\"target\":{\"@type\":\"EntryPoint\",\"urlTemplate\":\"https:\/\/www.celttv.com.ar\/?s={search_term_string}\"},\"query-input\":\"required name=search_term_string\"}],\"inLanguage\":\"es\"},{\"@type\":\"Organization\",\"@id\":\"https:\/\/www.celttv.com.ar\/#organization\",\"name\":\"CELTTV\",\"url\":\"https:\/\/www.celttv.com.ar\/\",\"sameAs\":[\"https:\/\/www.youtube.com\/channel\/UCz_oIt8Hig64Ub-EmcNPIhg\",\"https:\/\/www.facebook.com\/celtTV\/\"],\"logo\":{\"@type\":\"ImageObject\",\"inLanguage\":\"es\",\"@id\":\"https:\/\/www.celttv.com.ar\/#\/schema\/logo\/image\/\",\"url\":\"http:\/\/www.celttv.com.ar\/wp-content\/uploads\/2022\/08\/logo-1.png\",\"contentUrl\":\"http:\/\/www.celttv.com.ar\/wp-content\/uploads\/2022\/08\/logo-1.png\",\"width\":461,\"height\":159,\"caption\":\"CELTTV\"},\"image\":{\"@id\":\"https:\/\/www.celttv.com.ar\/#\/schema\/logo\/image\/\"}},{\"@type\":\"Person\",\"@id\":\"https:\/\/www.celttv.com.ar\/#\/schema\/person\/6d99c072dba59953809c81446e9d0ace\",\"name\":\"ulises\",\"image\":{\"@type\":\"ImageObject\",\"inLanguage\":\"es\",\"@id\":\"https:\/\/www.celttv.com.ar\/#\/schema\/person\/image\/\",\"url\":\"https:\/\/secure.gravatar.com\/avatar\/7f2c48bdc33b30088f941fb6082e555f2874c98e20cb159d7b92b50eadfce793?s=96&d=mm&r=g\",\"contentUrl\":\"https:\/\/secure.gravatar.com\/avatar\/7f2c48bdc33b30088f941fb6082e555f2874c98e20cb159d7b92b50eadfce793?s=96&d=mm&r=g\",\"caption\":\"ulises\"},\"sameAs\":[\"http:\/\/www.celttv.com.ar\"]}]}<\/script>\n<!-- \/ Yoast SEO plugin. -->","yoast_head_json":{"title":"Bordoni asisti\u00f3 a la presentaci\u00f3n de la herramienta \u201cCuenta DNI\u201d - CELTTV","description":"Sitio web de noticias de la localidad de Tornquist, provincia de Buenos Aires, Rep\u00fablica Argentina. Contenido propio originado por periodistas de CELTTV, el canal de TV local de la Cooperativa El\u00e9ctrica de Tornquist. Turismo, Pol\u00edtica, Sociedad, Deporte, Cultura y todo el contenido de inter\u00e9s general que la gente del pueblo y la regi\u00f3n debe conocer.","robots":{"index":"index","follow":"follow","max-snippet":"max-snippet:-1","max-image-preview":"max-image-preview:large","max-video-preview":"max-video-preview:-1"},"canonical":"https:\/\/www.celttv.com.ar\/index.php\/2019\/05\/20\/bordoni-asistio-a-la-presentacion-de-la-herramienta-cuenta-dni\/","og_locale":"es_ES","og_type":"article","og_title":"Bordoni asisti\u00f3 a la presentaci\u00f3n de la herramienta \u201cCuenta DNI\u201d - CELTTV","og_description":"Sitio web de noticias de la localidad de Tornquist, provincia de Buenos Aires, Rep\u00fablica Argentina. Contenido propio originado por periodistas de CELTTV, el canal de TV local de la Cooperativa El\u00e9ctrica de Tornquist. Turismo, Pol\u00edtica, Sociedad, Deporte, Cultura y todo el contenido de inter\u00e9s general que la gente del pueblo y la regi\u00f3n debe conocer.","og_url":"https:\/\/www.celttv.com.ar\/index.php\/2019\/05\/20\/bordoni-asistio-a-la-presentacion-de-la-herramienta-cuenta-dni\/","og_site_name":"CELTTV","article_publisher":"https:\/\/www.facebook.com\/celtTV\/","article_published_time":"2019-05-20T17:58:27+00:00","og_image":[{"width":1280,"height":659,"url":"https:\/\/www.celttv.com.ar\/wp-content\/uploads\/2019\/05\/WhatsApp-Image-2019-05-20-at-12.54.30.jpeg","type":"image\/jpeg"}],"author":"ulises","twitter_card":"summary_large_image","twitter_misc":{"Escrito por":"ulises","Tiempo de lectura":"1 minuto"},"schema":{"@context":"https:\/\/schema.org","@graph":[{"@type":"NewsArticle","@id":"https:\/\/www.celttv.com.ar\/index.php\/2019\/05\/20\/bordoni-asistio-a-la-presentacion-de-la-herramienta-cuenta-dni\/#article","isPartOf":{"@id":"https:\/\/www.celttv.com.ar\/index.php\/2019\/05\/20\/bordoni-asistio-a-la-presentacion-de-la-herramienta-cuenta-dni\/"},"author":{"name":"ulises","@id":"https:\/\/www.celttv.com.ar\/#\/schema\/person\/6d99c072dba59953809c81446e9d0ace"},"headline":"Bordoni asisti\u00f3 a la presentaci\u00f3n de la herramienta \u201cCuenta DNI\u201d","datePublished":"2019-05-20T17:58:27+00:00","dateModified":"2019-05-20T17:58:27+00:00","mainEntityOfPage":{"@id":"https:\/\/www.celttv.com.ar\/index.php\/2019\/05\/20\/bordoni-asistio-a-la-presentacion-de-la-herramienta-cuenta-dni\/"},"wordCount":139,"publisher":{"@id":"https:\/\/www.celttv.com.ar\/#organization"},"articleSection":["Comunidad","Destacadas"],"inLanguage":"es"},{"@type":"WebPage","@id":"https:\/\/www.celttv.com.ar\/index.php\/2019\/05\/20\/bordoni-asistio-a-la-presentacion-de-la-herramienta-cuenta-dni\/","url":"https:\/\/www.celttv.com.ar\/index.php\/2019\/05\/20\/bordoni-asistio-a-la-presentacion-de-la-herramienta-cuenta-dni\/","name":"Bordoni asisti\u00f3 a la presentaci\u00f3n de la herramienta \u201cCuenta DNI\u201d - CELTTV","isPartOf":{"@id":"https:\/\/www.celttv.com.ar\/#website"},"datePublished":"2019-05-20T17:58:27+00:00","dateModified":"2019-05-20T17:58:27+00:00","description":"Sitio web de noticias de la localidad de Tornquist, provincia de Buenos Aires, Rep\u00fablica Argentina. Contenido propio originado por periodistas de CELTTV, el canal de TV local de la Cooperativa El\u00e9ctrica de Tornquist. Turismo, Pol\u00edtica, Sociedad, Deporte, Cultura y todo el contenido de inter\u00e9s general que la gente del pueblo y la regi\u00f3n debe conocer.","breadcrumb":{"@id":"https:\/\/www.celttv.com.ar\/index.php\/2019\/05\/20\/bordoni-asistio-a-la-presentacion-de-la-herramienta-cuenta-dni\/#breadcrumb"},"inLanguage":"es","potentialAction":[{"@type":"ReadAction","target":["https:\/\/www.celttv.com.ar\/index.php\/2019\/05\/20\/bordoni-asistio-a-la-presentacion-de-la-herramienta-cuenta-dni\/"]}]},{"@type":"BreadcrumbList","@id":"https:\/\/www.celttv.com.ar\/index.php\/2019\/05\/20\/bordoni-asistio-a-la-presentacion-de-la-herramienta-cuenta-dni\/#breadcrumb","itemListElement":[{"@type":"ListItem","position":1,"name":"Inicio","item":"https:\/\/www.celttv.com.ar\/"},{"@type":"ListItem","position":2,"name":"Bordoni asisti\u00f3 a la presentaci\u00f3n de la herramienta \u201cCuenta DNI\u201d"}]},{"@type":"WebSite","@id":"https:\/\/www.celttv.com.ar\/#website","url":"https:\/\/www.celttv.com.ar\/","name":"CELTTV","description":"Cooperativa El\u00e9ctrica de Tornquist","publisher":{"@id":"https:\/\/www.celttv.com.ar\/#organization"},"potentialAction":[{"@type":"SearchAction","target":{"@type":"EntryPoint","urlTemplate":"https:\/\/www.celttv.com.ar\/?s={search_term_string}"},"query-input":"required name=search_term_string"}],"inLanguage":"es"},{"@type":"Organization","@id":"https:\/\/www.celttv.com.ar\/#organization","name":"CELTTV","url":"https:\/\/www.celttv.com.ar\/","sameAs":["https:\/\/www.youtube.com\/channel\/UCz_oIt8Hig64Ub-EmcNPIhg","https:\/\/www.facebook.com\/celtTV\/"],"logo":{"@type":"ImageObject","inLanguage":"es","@id":"https:\/\/www.celttv.com.ar\/#\/schema\/logo\/image\/","url":"http:\/\/www.celttv.com.ar\/wp-content\/uploads\/2022\/08\/logo-1.png","contentUrl":"http:\/\/www.celttv.com.ar\/wp-content\/uploads\/2022\/08\/logo-1.png","width":461,"height":159,"caption":"CELTTV"},"image":{"@id":"https:\/\/www.celttv.com.ar\/#\/schema\/logo\/image\/"}},{"@type":"Person","@id":"https:\/\/www.celttv.com.ar\/#\/schema\/person\/6d99c072dba59953809c81446e9d0ace","name":"ulises","image":{"@type":"ImageObject","inLanguage":"es","@id":"https:\/\/www.celttv.com.ar\/#\/schema\/person\/image\/","url":"https:\/\/secure.gravatar.com\/avatar\/7f2c48bdc33b30088f941fb6082e555f2874c98e20cb159d7b92b50eadfce793?s=96&d=mm&r=g","contentUrl":"https:\/\/secure.gravatar.com\/avatar\/7f2c48bdc33b30088f941fb6082e555f2874c98e20cb159d7b92b50eadfce793?s=96&d=mm&r=g","caption":"ulises"},"sameAs":["http:\/\/www.celttv.com.ar"]}]}},"_links":{"self":[{"href":"https:\/\/www.celttv.com.ar\/index.php\/wp-json\/wp\/v2\/posts\/41555","targetHints":{"allow":["GET"]}}],"collection":[{"href":"https:\/\/www.celttv.com.ar\/index.php\/wp-json\/wp\/v2\/posts"}],"about":[{"href":"https:\/\/www.celttv.com.ar\/index.php\/wp-json\/wp\/v2\/types\/post"}],"author":[{"embeddable":true,"href":"https:\/\/www.celttv.com.ar\/index.php\/wp-json\/wp\/v2\/users\/1"}],"replies":[{"embeddable":true,"href":"https:\/\/www.celttv.com.ar\/index.php\/wp-json\/wp\/v2\/comments?post=41555"}],"version-history":[{"count":0,"href":"https:\/\/www.celttv.com.ar\/index.php\/wp-json\/wp\/v2\/posts\/41555\/revisions"}],"wp:featuredmedia":[{"embeddable":true,"href":"https:\/\/www.celttv.com.ar\/index.php\/wp-json\/wp\/v2\/media\/41559"}],"wp:attachment":[{"href":"https:\/\/www.celttv.com.ar\/index.php\/wp-json\/wp\/v2\/media?parent=41555"}],"wp:term":[{"taxonomy":"category","embeddable":true,"href":"https:\/\/www.celttv.com.ar\/index.php\/wp-json\/wp\/v2\/categories?post=41555"},{"taxonomy":"post_tag","embeddable":true,"href":"https:\/\/www.celttv.com.ar\/index.php\/wp-json\/wp\/v2\/tags?post=41555"}],"curies":[{"name":"wp","href":"https:\/\/api.w.org\/{rel}","templated":true}]}}