{"id":41587,"date":"2019-05-20T18:45:10","date_gmt":"2019-05-20T18:45:10","guid":{"rendered":"http:\/\/www.celttv.com.ar\/?p=41587"},"modified":"2019-05-20T18:45:10","modified_gmt":"2019-05-20T18:45:10","slug":"beneplacito-del-pro-tornquist-por-la-continuidad-de-la-ucr-en-cambiemos","status":"publish","type":"post","link":"https:\/\/www.celttv.com.ar\/index.php\/2019\/05\/20\/beneplacito-del-pro-tornquist-por-la-continuidad-de-la-ucr-en-cambiemos\/","title":{"rendered":"Benepl\u00e0cito del PRO Tornquist por la continuidad de la UCR. en Cambiemos"},"content":{"rendered":"<p>Desde la Junta Promotora del Pro Tornquist, miramos con sumo benepl\u00e1cito la decisi\u00f3n de dar continuidad en su participaci\u00f3n al espacio Cambiemos, tomada por las autoridades de la UCR provincia de Buenos Aires, en la Convenci\u00f3n celebrada el pasdo 18 de mayo .<\/p>\n<div>Sostenemos nuestros ideales. Este es el camino sin lugar a dudas.<\/div>\n<div>Somos los protagonistas que ya logramos poner al pa\u00eds en el rumbo que quer\u00edamos. Somos la fuerza de un cambio que hizo mucho y que todav\u00eda tiene mucho por hacer. Somos los que tenemos que defender el cambio ahora para que millones de argentinos no tengan que volver atr\u00e1s.<\/div>\n<div><\/div>\n<div>Elisabet Nori<\/div>\n<div>Presidente<\/div>\n<div><\/div>\n<div>Eduardo Ferace<\/div>\n<div>Vice Presidente<\/div>\n<div><\/div>\n<div>Junta Promotora Pro Tornquist<\/div>\n<div><\/div>\n<div><\/div>\n","protected":false},"excerpt":{"rendered":"<p>Desde la Junta Promotora del Pro Tornquist, miramos con sumo benepl\u00e1cito la decisi\u00f3n de dar continuidad en su participaci\u00f3n al espacio Cambiemos, tomada por las autoridades de la UCR provincia de Buenos Aires, en la Convenci\u00f3n celebrada el pasdo 18 de mayo . Sostenemos nuestros ideales. Este es el camino sin lugar a dudas. Somos [&hellip;]<\/p>\n","protected":false},"author":1,"featured_media":41589,"comment_status":"closed","ping_status":"open","sticky":false,"template":"","format":"standard","meta":{"footnotes":""},"categories":[51,52,53],"tags":[],"class_list":["post-41587","post","type-post","status-publish","format-standard","has-post-thumbnail","hentry","category-comunidad","category-destacadas","category-politica"],"yoast_head":"<!-- This site is optimized with the Yoast SEO plugin v19.7.1 - https:\/\/yoast.com\/wordpress\/plugins\/seo\/ -->\n<title>Benepl\u00e0cito del PRO Tornquist por la continuidad de la UCR. en Cambiemos - CELTTV<\/title>\n<meta name=\"description\" content=\"Sitio web de noticias de la localidad de Tornquist, provincia de Buenos Aires, Rep\u00fablica Argentina. Contenido propio originado por periodistas de CELTTV, el canal de TV local de la Cooperativa El\u00e9ctrica de Tornquist. Turismo, Pol\u00edtica, Sociedad, Deporte, Cultura y todo el contenido de inter\u00e9s general que la gente del pueblo y la regi\u00f3n debe conocer.\" \/>\n<meta name=\"robots\" content=\"index, follow, max-snippet:-1, max-image-preview:large, max-video-preview:-1\" \/>\n<link rel=\"canonical\" href=\"https:\/\/www.celttv.com.ar\/index.php\/2019\/05\/20\/beneplacito-del-pro-tornquist-por-la-continuidad-de-la-ucr-en-cambiemos\/\" \/>\n<meta property=\"og:locale\" content=\"es_ES\" \/>\n<meta property=\"og:type\" content=\"article\" \/>\n<meta property=\"og:title\" content=\"Benepl\u00e0cito del PRO Tornquist por la continuidad de la UCR. en Cambiemos - CELTTV\" \/>\n<meta property=\"og:description\" content=\"Sitio web de noticias de la localidad de Tornquist, provincia de Buenos Aires, Rep\u00fablica Argentina. Contenido propio originado por periodistas de CELTTV, el canal de TV local de la Cooperativa El\u00e9ctrica de Tornquist. Turismo, Pol\u00edtica, Sociedad, Deporte, Cultura y todo el contenido de inter\u00e9s general que la gente del pueblo y la regi\u00f3n debe conocer.\" \/>\n<meta property=\"og:url\" content=\"https:\/\/www.celttv.com.ar\/index.php\/2019\/05\/20\/beneplacito-del-pro-tornquist-por-la-continuidad-de-la-ucr-en-cambiemos\/\" \/>\n<meta property=\"og:site_name\" content=\"CELTTV\" \/>\n<meta property=\"article:publisher\" content=\"https:\/\/www.facebook.com\/celtTV\/\" \/>\n<meta property=\"article:published_time\" content=\"2019-05-20T18:45:10+00:00\" \/>\n<meta property=\"og:image\" content=\"https:\/\/www.celttv.com.ar\/wp-content\/uploads\/2019\/05\/pro.jpg\" \/>\n\t<meta property=\"og:image:width\" content=\"225\" \/>\n\t<meta property=\"og:image:height\" content=\"225\" \/>\n\t<meta property=\"og:image:type\" content=\"image\/jpeg\" \/>\n<meta name=\"author\" content=\"ulises\" \/>\n<meta name=\"twitter:card\" content=\"summary_large_image\" \/>\n<meta name=\"twitter:label1\" content=\"Escrito por\" \/>\n\t<meta name=\"twitter:data1\" content=\"ulises\" \/>\n\t<meta name=\"twitter:label2\" content=\"Tiempo de lectura\" \/>\n\t<meta name=\"twitter:data2\" content=\"1 minuto\" \/>\n<script type=\"application\/ld+json\" class=\"yoast-schema-graph\">{\"@context\":\"https:\/\/schema.org\",\"@graph\":[{\"@type\":\"NewsArticle\",\"@id\":\"https:\/\/www.celttv.com.ar\/index.php\/2019\/05\/20\/beneplacito-del-pro-tornquist-por-la-continuidad-de-la-ucr-en-cambiemos\/#article\",\"isPartOf\":{\"@id\":\"https:\/\/www.celttv.com.ar\/index.php\/2019\/05\/20\/beneplacito-del-pro-tornquist-por-la-continuidad-de-la-ucr-en-cambiemos\/\"},\"author\":{\"name\":\"ulises\",\"@id\":\"https:\/\/www.celttv.com.ar\/#\/schema\/person\/6d99c072dba59953809c81446e9d0ace\"},\"headline\":\"Benepl\u00e0cito del PRO Tornquist por la continuidad de la UCR. en Cambiemos\",\"datePublished\":\"2019-05-20T18:45:10+00:00\",\"dateModified\":\"2019-05-20T18:45:10+00:00\",\"mainEntityOfPage\":{\"@id\":\"https:\/\/www.celttv.com.ar\/index.php\/2019\/05\/20\/beneplacito-del-pro-tornquist-por-la-continuidad-de-la-ucr-en-cambiemos\/\"},\"wordCount\":133,\"publisher\":{\"@id\":\"https:\/\/www.celttv.com.ar\/#organization\"},\"articleSection\":[\"Comunidad\",\"Destacadas\",\"Pol\u00edtica\"],\"inLanguage\":\"es\"},{\"@type\":\"WebPage\",\"@id\":\"https:\/\/www.celttv.com.ar\/index.php\/2019\/05\/20\/beneplacito-del-pro-tornquist-por-la-continuidad-de-la-ucr-en-cambiemos\/\",\"url\":\"https:\/\/www.celttv.com.ar\/index.php\/2019\/05\/20\/beneplacito-del-pro-tornquist-por-la-continuidad-de-la-ucr-en-cambiemos\/\",\"name\":\"Benepl\u00e0cito del PRO Tornquist por la continuidad de la UCR. en Cambiemos - CELTTV\",\"isPartOf\":{\"@id\":\"https:\/\/www.celttv.com.ar\/#website\"},\"datePublished\":\"2019-05-20T18:45:10+00:00\",\"dateModified\":\"2019-05-20T18:45:10+00:00\",\"description\":\"Sitio web de noticias de la localidad de Tornquist, provincia de Buenos Aires, Rep\u00fablica Argentina. Contenido propio originado por periodistas de CELTTV, el canal de TV local de la Cooperativa El\u00e9ctrica de Tornquist. Turismo, Pol\u00edtica, Sociedad, Deporte, Cultura y todo el contenido de inter\u00e9s general que la gente del pueblo y la regi\u00f3n debe conocer.\",\"breadcrumb\":{\"@id\":\"https:\/\/www.celttv.com.ar\/index.php\/2019\/05\/20\/beneplacito-del-pro-tornquist-por-la-continuidad-de-la-ucr-en-cambiemos\/#breadcrumb\"},\"inLanguage\":\"es\",\"potentialAction\":[{\"@type\":\"ReadAction\",\"target\":[\"https:\/\/www.celttv.com.ar\/index.php\/2019\/05\/20\/beneplacito-del-pro-tornquist-por-la-continuidad-de-la-ucr-en-cambiemos\/\"]}]},{\"@type\":\"BreadcrumbList\",\"@id\":\"https:\/\/www.celttv.com.ar\/index.php\/2019\/05\/20\/beneplacito-del-pro-tornquist-por-la-continuidad-de-la-ucr-en-cambiemos\/#breadcrumb\",\"itemListElement\":[{\"@type\":\"ListItem\",\"position\":1,\"name\":\"Inicio\",\"item\":\"https:\/\/www.celttv.com.ar\/\"},{\"@type\":\"ListItem\",\"position\":2,\"name\":\"Benepl\u00e0cito del PRO Tornquist por la continuidad de la UCR. en Cambiemos\"}]},{\"@type\":\"WebSite\",\"@id\":\"https:\/\/www.celttv.com.ar\/#website\",\"url\":\"https:\/\/www.celttv.com.ar\/\",\"name\":\"CELTTV\",\"description\":\"Cooperativa El\u00e9ctrica de Tornquist\",\"publisher\":{\"@id\":\"https:\/\/www.celttv.com.ar\/#organization\"},\"potentialAction\":[{\"@type\":\"SearchAction\",\"target\":{\"@type\":\"EntryPoint\",\"urlTemplate\":\"https:\/\/www.celttv.com.ar\/?s={search_term_string}\"},\"query-input\":\"required name=search_term_string\"}],\"inLanguage\":\"es\"},{\"@type\":\"Organization\",\"@id\":\"https:\/\/www.celttv.com.ar\/#organization\",\"name\":\"CELTTV\",\"url\":\"https:\/\/www.celttv.com.ar\/\",\"sameAs\":[\"https:\/\/www.youtube.com\/channel\/UCz_oIt8Hig64Ub-EmcNPIhg\",\"https:\/\/www.facebook.com\/celtTV\/\"],\"logo\":{\"@type\":\"ImageObject\",\"inLanguage\":\"es\",\"@id\":\"https:\/\/www.celttv.com.ar\/#\/schema\/logo\/image\/\",\"url\":\"http:\/\/www.celttv.com.ar\/wp-content\/uploads\/2022\/08\/logo-1.png\",\"contentUrl\":\"http:\/\/www.celttv.com.ar\/wp-content\/uploads\/2022\/08\/logo-1.png\",\"width\":461,\"height\":159,\"caption\":\"CELTTV\"},\"image\":{\"@id\":\"https:\/\/www.celttv.com.ar\/#\/schema\/logo\/image\/\"}},{\"@type\":\"Person\",\"@id\":\"https:\/\/www.celttv.com.ar\/#\/schema\/person\/6d99c072dba59953809c81446e9d0ace\",\"name\":\"ulises\",\"image\":{\"@type\":\"ImageObject\",\"inLanguage\":\"es\",\"@id\":\"https:\/\/www.celttv.com.ar\/#\/schema\/person\/image\/\",\"url\":\"https:\/\/secure.gravatar.com\/avatar\/7f2c48bdc33b30088f941fb6082e555f2874c98e20cb159d7b92b50eadfce793?s=96&d=mm&r=g\",\"contentUrl\":\"https:\/\/secure.gravatar.com\/avatar\/7f2c48bdc33b30088f941fb6082e555f2874c98e20cb159d7b92b50eadfce793?s=96&d=mm&r=g\",\"caption\":\"ulises\"},\"sameAs\":[\"http:\/\/www.celttv.com.ar\"]}]}<\/script>\n<!-- \/ Yoast SEO plugin. -->","yoast_head_json":{"title":"Benepl\u00e0cito del PRO Tornquist por la continuidad de la UCR. en Cambiemos - CELTTV","description":"Sitio web de noticias de la localidad de Tornquist, provincia de Buenos Aires, Rep\u00fablica Argentina. Contenido propio originado por periodistas de CELTTV, el canal de TV local de la Cooperativa El\u00e9ctrica de Tornquist. Turismo, Pol\u00edtica, Sociedad, Deporte, Cultura y todo el contenido de inter\u00e9s general que la gente del pueblo y la regi\u00f3n debe conocer.","robots":{"index":"index","follow":"follow","max-snippet":"max-snippet:-1","max-image-preview":"max-image-preview:large","max-video-preview":"max-video-preview:-1"},"canonical":"https:\/\/www.celttv.com.ar\/index.php\/2019\/05\/20\/beneplacito-del-pro-tornquist-por-la-continuidad-de-la-ucr-en-cambiemos\/","og_locale":"es_ES","og_type":"article","og_title":"Benepl\u00e0cito del PRO Tornquist por la continuidad de la UCR. en Cambiemos - CELTTV","og_description":"Sitio web de noticias de la localidad de Tornquist, provincia de Buenos Aires, Rep\u00fablica Argentina. Contenido propio originado por periodistas de CELTTV, el canal de TV local de la Cooperativa El\u00e9ctrica de Tornquist. Turismo, Pol\u00edtica, Sociedad, Deporte, Cultura y todo el contenido de inter\u00e9s general que la gente del pueblo y la regi\u00f3n debe conocer.","og_url":"https:\/\/www.celttv.com.ar\/index.php\/2019\/05\/20\/beneplacito-del-pro-tornquist-por-la-continuidad-de-la-ucr-en-cambiemos\/","og_site_name":"CELTTV","article_publisher":"https:\/\/www.facebook.com\/celtTV\/","article_published_time":"2019-05-20T18:45:10+00:00","og_image":[{"width":225,"height":225,"url":"https:\/\/www.celttv.com.ar\/wp-content\/uploads\/2019\/05\/pro.jpg","type":"image\/jpeg"}],"author":"ulises","twitter_card":"summary_large_image","twitter_misc":{"Escrito por":"ulises","Tiempo de lectura":"1 minuto"},"schema":{"@context":"https:\/\/schema.org","@graph":[{"@type":"NewsArticle","@id":"https:\/\/www.celttv.com.ar\/index.php\/2019\/05\/20\/beneplacito-del-pro-tornquist-por-la-continuidad-de-la-ucr-en-cambiemos\/#article","isPartOf":{"@id":"https:\/\/www.celttv.com.ar\/index.php\/2019\/05\/20\/beneplacito-del-pro-tornquist-por-la-continuidad-de-la-ucr-en-cambiemos\/"},"author":{"name":"ulises","@id":"https:\/\/www.celttv.com.ar\/#\/schema\/person\/6d99c072dba59953809c81446e9d0ace"},"headline":"Benepl\u00e0cito del PRO Tornquist por la continuidad de la UCR. en Cambiemos","datePublished":"2019-05-20T18:45:10+00:00","dateModified":"2019-05-20T18:45:10+00:00","mainEntityOfPage":{"@id":"https:\/\/www.celttv.com.ar\/index.php\/2019\/05\/20\/beneplacito-del-pro-tornquist-por-la-continuidad-de-la-ucr-en-cambiemos\/"},"wordCount":133,"publisher":{"@id":"https:\/\/www.celttv.com.ar\/#organization"},"articleSection":["Comunidad","Destacadas","Pol\u00edtica"],"inLanguage":"es"},{"@type":"WebPage","@id":"https:\/\/www.celttv.com.ar\/index.php\/2019\/05\/20\/beneplacito-del-pro-tornquist-por-la-continuidad-de-la-ucr-en-cambiemos\/","url":"https:\/\/www.celttv.com.ar\/index.php\/2019\/05\/20\/beneplacito-del-pro-tornquist-por-la-continuidad-de-la-ucr-en-cambiemos\/","name":"Benepl\u00e0cito del PRO Tornquist por la continuidad de la UCR. en Cambiemos - CELTTV","isPartOf":{"@id":"https:\/\/www.celttv.com.ar\/#website"},"datePublished":"2019-05-20T18:45:10+00:00","dateModified":"2019-05-20T18:45:10+00:00","description":"Sitio web de noticias de la localidad de Tornquist, provincia de Buenos Aires, Rep\u00fablica Argentina. Contenido propio originado por periodistas de CELTTV, el canal de TV local de la Cooperativa El\u00e9ctrica de Tornquist. Turismo, Pol\u00edtica, Sociedad, Deporte, Cultura y todo el contenido de inter\u00e9s general que la gente del pueblo y la regi\u00f3n debe conocer.","breadcrumb":{"@id":"https:\/\/www.celttv.com.ar\/index.php\/2019\/05\/20\/beneplacito-del-pro-tornquist-por-la-continuidad-de-la-ucr-en-cambiemos\/#breadcrumb"},"inLanguage":"es","potentialAction":[{"@type":"ReadAction","target":["https:\/\/www.celttv.com.ar\/index.php\/2019\/05\/20\/beneplacito-del-pro-tornquist-por-la-continuidad-de-la-ucr-en-cambiemos\/"]}]},{"@type":"BreadcrumbList","@id":"https:\/\/www.celttv.com.ar\/index.php\/2019\/05\/20\/beneplacito-del-pro-tornquist-por-la-continuidad-de-la-ucr-en-cambiemos\/#breadcrumb","itemListElement":[{"@type":"ListItem","position":1,"name":"Inicio","item":"https:\/\/www.celttv.com.ar\/"},{"@type":"ListItem","position":2,"name":"Benepl\u00e0cito del PRO Tornquist por la continuidad de la UCR. en Cambiemos"}]},{"@type":"WebSite","@id":"https:\/\/www.celttv.com.ar\/#website","url":"https:\/\/www.celttv.com.ar\/","name":"CELTTV","description":"Cooperativa El\u00e9ctrica de Tornquist","publisher":{"@id":"https:\/\/www.celttv.com.ar\/#organization"},"potentialAction":[{"@type":"SearchAction","target":{"@type":"EntryPoint","urlTemplate":"https:\/\/www.celttv.com.ar\/?s={search_term_string}"},"query-input":"required name=search_term_string"}],"inLanguage":"es"},{"@type":"Organization","@id":"https:\/\/www.celttv.com.ar\/#organization","name":"CELTTV","url":"https:\/\/www.celttv.com.ar\/","sameAs":["https:\/\/www.youtube.com\/channel\/UCz_oIt8Hig64Ub-EmcNPIhg","https:\/\/www.facebook.com\/celtTV\/"],"logo":{"@type":"ImageObject","inLanguage":"es","@id":"https:\/\/www.celttv.com.ar\/#\/schema\/logo\/image\/","url":"http:\/\/www.celttv.com.ar\/wp-content\/uploads\/2022\/08\/logo-1.png","contentUrl":"http:\/\/www.celttv.com.ar\/wp-content\/uploads\/2022\/08\/logo-1.png","width":461,"height":159,"caption":"CELTTV"},"image":{"@id":"https:\/\/www.celttv.com.ar\/#\/schema\/logo\/image\/"}},{"@type":"Person","@id":"https:\/\/www.celttv.com.ar\/#\/schema\/person\/6d99c072dba59953809c81446e9d0ace","name":"ulises","image":{"@type":"ImageObject","inLanguage":"es","@id":"https:\/\/www.celttv.com.ar\/#\/schema\/person\/image\/","url":"https:\/\/secure.gravatar.com\/avatar\/7f2c48bdc33b30088f941fb6082e555f2874c98e20cb159d7b92b50eadfce793?s=96&d=mm&r=g","contentUrl":"https:\/\/secure.gravatar.com\/avatar\/7f2c48bdc33b30088f941fb6082e555f2874c98e20cb159d7b92b50eadfce793?s=96&d=mm&r=g","caption":"ulises"},"sameAs":["http:\/\/www.celttv.com.ar"]}]}},"_links":{"self":[{"href":"https:\/\/www.celttv.com.ar\/index.php\/wp-json\/wp\/v2\/posts\/41587","targetHints":{"allow":["GET"]}}],"collection":[{"href":"https:\/\/www.celttv.com.ar\/index.php\/wp-json\/wp\/v2\/posts"}],"about":[{"href":"https:\/\/www.celttv.com.ar\/index.php\/wp-json\/wp\/v2\/types\/post"}],"author":[{"embeddable":true,"href":"https:\/\/www.celttv.com.ar\/index.php\/wp-json\/wp\/v2\/users\/1"}],"replies":[{"embeddable":true,"href":"https:\/\/www.celttv.com.ar\/index.php\/wp-json\/wp\/v2\/comments?post=41587"}],"version-history":[{"count":0,"href":"https:\/\/www.celttv.com.ar\/index.php\/wp-json\/wp\/v2\/posts\/41587\/revisions"}],"wp:featuredmedia":[{"embeddable":true,"href":"https:\/\/www.celttv.com.ar\/index.php\/wp-json\/wp\/v2\/media\/41589"}],"wp:attachment":[{"href":"https:\/\/www.celttv.com.ar\/index.php\/wp-json\/wp\/v2\/media?parent=41587"}],"wp:term":[{"taxonomy":"category","embeddable":true,"href":"https:\/\/www.celttv.com.ar\/index.php\/wp-json\/wp\/v2\/categories?post=41587"},{"taxonomy":"post_tag","embeddable":true,"href":"https:\/\/www.celttv.com.ar\/index.php\/wp-json\/wp\/v2\/tags?post=41587"}],"curies":[{"name":"wp","href":"https:\/\/api.w.org\/{rel}","templated":true}]}}