{"id":4160,"date":"2011-12-30T02:10:51","date_gmt":"2011-12-30T02:10:51","guid":{"rendered":"http:\/\/www.tvcnoticias.com.ar\/?p=4160"},"modified":"2011-12-30T02:10:51","modified_gmt":"2011-12-30T02:10:51","slug":"el-hcd-aprobo-la-ordenanza-sobre-el-cuidado-del-agua-el-contenido-de-la-ordenanza-y-la-opinion-de-los-concejales","status":"publish","type":"post","link":"https:\/\/www.celttv.com.ar\/index.php\/2011\/12\/30\/el-hcd-aprobo-la-ordenanza-sobre-el-cuidado-del-agua-el-contenido-de-la-ordenanza-y-la-opinion-de-los-concejales\/","title":{"rendered":"EL HCD. APROBO LA ORDENANZA SOBRE EL CUIDADO DEL AGUA (EL CONTENIDO DE  LA ORDENANZA Y LA OPINION DE LOS CONCEJALES)"},"content":{"rendered":"<p><img loading=\"lazy\" decoding=\"async\" class=\"aligncenter size-full wp-image-4161\" title=\"HCD 1 (Small)\" src=\"http:\/\/www.tvcnoticias.com.ar\/wp-content\/uploads\/2011\/12\/HCD-1-Small1.jpg\" alt=\"\" width=\"640\" height=\"480\" \/><br \/>\n<a href=\"http:\/\/www.youtube.com\/watch?v=x3_exngNAws\">httpv:\/\/www.youtube.com\/watch?v=x3_exngNAws<\/a><br \/>\n<a href=\"http:\/\/www.youtube.com\/watch?v=xwKmtqTJm1w\">httpv:\/\/www.youtube.com\/watch?v=xwKmtqTJm1w<\/a><br \/>\n<a href=\"http:\/\/www.youtube.com\/watch?v=D4KekJOYh5c\">httpv:\/\/www.youtube.com\/watch?v=D4KekJOYh5c<\/a><br \/>\n<a>httpv:\/\/www.youtube.com\/watch?v=8gsW8ynXbE0<\/a><br \/>\nEn el considerando advierte que el sistema de la red es precaria y faculta al ejecutivo para que se sancione a quien no cumpla con la norma. Las veredas\u00a0 y los autos se podr\u00e1n lavar desde las doce de la noche<br \/>\nLa ordenanza sobre el cuidado del agua y la aplicaci\u00f3n de sanciones para aquellos que no cumplan con la normativa fue el tema central tratado en la sesi\u00f3n del Honorable Concejo Deliberante de este martes<br \/>\n\u00a0La misma deber\u00e1 ser puesta en vigencia por el departamento ejecutivo y fue aprobada por unanimidad<br \/>\n\u00a0Dentro de los considerando, advierten que en algunas localidades como el caso de nuestra ciudad la red es muy precaria y eso aumenta la deficiencia de la distribuci\u00f3n del recurso.<br \/>\n\u00a0En el articulado, el ejecutivo queda facultado para llevar adelante una masiva campa\u00f1a de concientizaci\u00f3n en el cuidado del recurso.Por otro lado prohiben el regado de parques y jardines(Sector c\u00e9sped).Tambi\u00e9n afirma que las plantas se podr\u00e1n regar pero en horario nocturno y el lavado de autos y veredas solo se podr\u00e1 hacer desde las doce de la noche a las ocho de la ma\u00f1ana.<br \/>\n\u00a0Las multas que se aplicar\u00e1n si no se cumple con la normativa llegan al 100% de un sueldo m\u00ednimo municipal.<br \/>\n\u00a0 Dentro de lo tratado en el recinto se procedi\u00f3 a tomar juramento al concejal Daniel Etcheber de Saldungaray que reemplaza a Guillermo Loffler.Por otro lado solicit\u00f3 una licencia por razones personales el concejal de la UCR Manuel Picado que ser\u00e1 reemplazado hasta el mes de marzo por Fabio Martinez.<br \/>\nEL CONTENIDO DE LA ORDENANZA<br \/>\nVISTO:<br \/>\n\u00a0\u00a0\u00a0 La problem\u00e1tica en la que se encuentran algunos vecinos del Distrito de Tornquist que no cuentan con el debido suministro de agua potable en sus viviendas y;<br \/>\nCONSIDERANDO:<br \/>\n\u00a0\u00a0\u00a0\u00a0\u00a0\u00a0\u00a0\u00a0\u00a0\u00a0 Que los medios de extracci\u00f3n de agua, no se comportan con su m\u00e1ximo caudal;<br \/>\n\u00a0\u00a0\u00a0\u00a0\u00a0\u00a0\u00a0\u00a0\u00a0\u00a0\u00a0 Que como consecuencia de ello, se inserta menor cantidad de metros c\u00fabicos a la red de distribuci\u00f3n de agua potable;<br \/>\n\u00a0\u00a0\u00a0\u00a0\u00a0\u00a0\u00a0\u00a0\u00a0\u00a0\u00a0 Que en algunas de las localidades las redes del sistema se encuentran en estado precario aumentando la deficiencia de distribuci\u00f3n del recurso;<br \/>\n\u00a0\u00a0\u00a0\u00a0\u00a0\u00a0\u00a0\u00a0\u00a0\u00a0 Que al margen de posibles lluvias a futuro el uso del recurso del agua debe realizarse a conciencia, priorizando la misma para consumo humano;<br \/>\n\u00a0\u00a0\u00a0\u00a0\u00a0\u00a0\u00a0\u00a0\u00a0\u00a0\u00a0 Que dado el Poder de Polic\u00eda con que cuenta el Estado Municipal, otorgado por el art\u00edculo 123 de la Constituci\u00f3n Nacional \u2013 Autonom\u00eda de las Municipalidades y adem\u00e1s por el art\u00edculo 14 de la mencionada Normativa, el cual establece \u201c\u2026conforme a las leyes que reglamenten en su ejercicio\u2026\u201d y as\u00ed tambi\u00e9n la Constituci\u00f3n Provincial art\u00edculos 190, 191- inciso 4 establece \u201c\u2026la administraci\u00f3n de los intereses y servicios locales\u2026\u201d la Suprema Corte de Justicia Provincial en sus fallos ha pronunciado:<br \/>\nCivil y comercial<br \/>\nB853804<br \/>\n\u201cPoder de Polic\u00eda \u2013 Alcance\/Poder de polic\u00eda Municipal- facultades del municipio<br \/>\nEl poder de Polic\u00eda es la potestad del estado para limitar derechos individuales en procura de la consecuci\u00f3n de los fines que le son propios, es decir, para alcanzar el bien com\u00fan\u2026\u201d<br \/>\nCC0100 SN930623 RSD-32-94\u00a0 S\u00a0 15-3-1994. Juez CIVILOTTI (SD) CARATULA: Zacharski Ana c\/Municipalidad de San pedro s\/Da\u00f1os y perjuicios MAG VOTANTES CIVILOTTI-VALLILENGUA-MAGGI<br \/>\nTRIB. DE ORIGEN: 1-1<br \/>\n\u00a0\u00a0\u00a0\u00a0\u00a0\u00a0\u00a0\u00a0\u00a0\u00a0\u00a0\u00a0 Que el citado Poder de Polic\u00eda se forma en el art\u00edculo 28 de la Constituci\u00f3n Nacional en cuanto a reglamentar los derechos (en este caso el uso del agua);<br \/>\n\u00a0\u00a0\u00a0\u00a0\u00a0\u00a0\u00a0\u00a0\u00a0\u00a0\u00a0\u00a0 Que habi\u00e9ndose detectado una conducta recurrente en el sentido contrario al cuidado del elemento vital;<br \/>\n\u00a0\u00a0\u00a0\u00a0\u00a0\u00a0\u00a0\u00a0\u00a0\u00a0\u00a0 Que\u00a0 la sanci\u00f3n de la presente ordenanza de ning\u00fan modo conllevar\u00e1 a que no se realice un seguimiento exhaustivo de las obras proyectadas como as\u00ed tambi\u00e9n del mantenimiento necesario a los fines de mejorar la calidad de la distribuci\u00f3n del vital recurso;<br \/>\n4<br \/>\nPOR ELLO:<br \/>\nEL HONORABLE CONCEJO DELIBERANTE<br \/>\nEn uso de sus facultades, propone el siguiente<br \/>\nPROYECTO DE ORDENANZA<br \/>\nART\u00cdCULO 1\u00ba: Fac\u00faltese al Departamento Ejecutivo a llevar adelante una exhaustiva publicidad, tanto en medios radiales, gr\u00e1ficos, televisivos y radiof\u00f3nicos, etc., en cuanto a la importancia que implica extremar las medidas que signifiquen la preservaci\u00f3n del recurso h\u00eddrico.<br \/>\nART\u00cdCULO 2\u00ba: Prior\u00edcese la utilizaci\u00f3n del agua para consumo humano.-<br \/>\nART\u00cdCULO 3\u00ba: Proh\u00edbase el riego de parques y jardines (definiendo como tal, el sector de c\u00e9sped de esas superficies).-<br \/>\nART\u00cdCULO 4\u00ba: El regado de plantas deber\u00e1 realizarse exclusivamente en horario nocturno. Queda prohibido el uso de sistemas automatizados de riego (a excepci\u00f3n de riego por goteo).-<br \/>\nART\u00cdCULO 5\u00ba: El lavado de veredas y autos, deber\u00e1 efectuarse en el rango horario de\u00a0 00.00 a 8.00 hs. Quedan exceptuados los lavaderos de autom\u00f3viles, cuyos responsables deber\u00e1n informar al Municipio respecto de las prevenciones adoptadas para garantizar la optimizaci\u00f3n del recurso.-<br \/>\nART\u00cdCULO 6\u00ba: Las piscinas podr\u00e1n ser llenadas una vez por temporada y mantenida la limpieza de sus aguas a trav\u00e9s de sistemas de filtros, depuradores, reciclados, etc., de acuerdo a las especificaciones t\u00e9cnicas que correspondan. Queda prohibido arrojar las aguas de limpieza a la v\u00eda p\u00fablica.-<br \/>\nART\u00cdCULO 7\u00ba: Aquellos que poseen perforaci\u00f3n propia deber\u00e1n declararla ante la Secretar\u00eda de Obras y Servicios P\u00fablicos de la Municipalidad de Tornquist, dentro de los diez d\u00edas posteriores a la puesta en vigencia de la presente Ordenanza.-<br \/>\nART\u00cdCULO 8\u00ba: En contravenci\u00f3n de la presente, son responsables todas las personas de existencia f\u00edsica o jur\u00eddica cuya omisi\u00f3n en la falta fuere consecuencia directa de su acci\u00f3n u omisi\u00f3n, o que las consintieren o fueren negligentes en su vigilancia.<br \/>\nLas personas de existencia jur\u00eddica, podr\u00e1n ser responsabilizadas por las faltas que cometen sus agentes o personas que act\u00faen en sus nombres con autorizaci\u00f3n o en su beneficio, sin perjuicio de la responsabilidad que a \u00e9stos puede corresponderle.<br \/>\nLas personas que pueden ser responsabilizadas por las faltas que cometen sus agentes o quienes act\u00faen en su nombre, o bajo su amparo con la autorizaci\u00f3n o su beneficio, sin perjuicio de la responsabilidad que pudiere corresponderles personalmente.-<br \/>\nART\u00cdCULO 9\u00ba: Una vez cumplimentado el Art. 1\u00ba, fac\u00faltese al Departamento Ejecutivo Municipal a realizar las inspecciones pertinentes e imponer sanciones ante infracciones a las normas de racionalizaci\u00f3n del uso del agua que prev\u00e9 la presente Ordenanza. Las multas a aplicar ser\u00e1n pecuniarias y los montos oscilar\u00e1n desde el 50% del sueldo m\u00ednimo de la administraci\u00f3n p\u00fablica hasta el 100% del mismo, dependiendo el monto de los antecedentes de los hechos (por ej.: reincidencia).-<br \/>\nART\u00cdCULO 10\u00ba: El cobro de dicha infracci\u00f3n ser\u00e1 llevado adelante por la oficina de faltas Municipales del Distrito.-<br \/>\nART\u00cdCULO 11\u00ba: La presente Ordenanza tendr\u00e1 vigencia por un per\u00edodo de 90 (noventa) d\u00edas, contando a partir de la promulgaci\u00f3n de la misma.-<br \/>\nART\u00cdCULO 12\u00ba: Fac\u00faltese al Departamento Ejecutivo a prorrogar la misma mientras perdure la problem\u00e1tica h\u00eddrica, Ad Refer\u00e9ndum del Honorable Concejo Deliberante.-<br \/>\nART\u00cdCULO 13\u00ba: Fac\u00faltese al Departamento Ejecutivo Municipal a reglamentar la presente en todo aquello que no est\u00e9 espec\u00edficamente normado.-<br \/>\n\u00a0<br \/>\nART\u00cdCULO 14\u00ba: De forma.-<\/p>\n","protected":false},"excerpt":{"rendered":"<p>httpv:\/\/www.youtube.com\/watch?v=x3_exngNAws httpv:\/\/www.youtube.com\/watch?v=xwKmtqTJm1w httpv:\/\/www.youtube.com\/watch?v=D4KekJOYh5c httpv:\/\/www.youtube.com\/watch?v=8gsW8ynXbE0 En el considerando advierte que el sistema de la red es precaria y faculta al ejecutivo para que se sancione a quien no cumpla con la norma. Las veredas\u00a0 y los autos se podr\u00e1n lavar desde las doce de la noche La ordenanza sobre el cuidado del agua y la aplicaci\u00f3n [&hellip;]<\/p>\n","protected":false},"author":1,"featured_media":0,"comment_status":"closed","ping_status":"open","sticky":false,"template":"","format":"standard","meta":{"footnotes":""},"categories":[52,53,64],"tags":[],"class_list":["post-4160","post","type-post","status-publish","format-standard","hentry","category-destacadas","category-politica","category-videos-destacados"],"yoast_head":"<!-- This site is optimized with the Yoast SEO plugin v19.7.1 - https:\/\/yoast.com\/wordpress\/plugins\/seo\/ -->\n<title>EL HCD. APROBO LA ORDENANZA SOBRE EL CUIDADO DEL AGUA (EL CONTENIDO DE LA ORDENANZA Y LA OPINION DE LOS CONCEJALES) - CELTTV<\/title>\n<meta name=\"description\" content=\"Sitio web de noticias de la localidad de Tornquist, provincia de Buenos Aires, Rep\u00fablica Argentina. Contenido propio originado por periodistas de CELTTV, el canal de TV local de la Cooperativa El\u00e9ctrica de Tornquist. Turismo, Pol\u00edtica, Sociedad, Deporte, Cultura y todo el contenido de inter\u00e9s general que la gente del pueblo y la regi\u00f3n debe conocer.\" \/>\n<meta name=\"robots\" content=\"index, follow, max-snippet:-1, max-image-preview:large, max-video-preview:-1\" \/>\n<link rel=\"canonical\" href=\"https:\/\/www.celttv.com.ar\/index.php\/2011\/12\/30\/el-hcd-aprobo-la-ordenanza-sobre-el-cuidado-del-agua-el-contenido-de-la-ordenanza-y-la-opinion-de-los-concejales\/\" \/>\n<meta property=\"og:locale\" content=\"es_ES\" \/>\n<meta property=\"og:type\" content=\"article\" \/>\n<meta property=\"og:title\" content=\"EL HCD. APROBO LA ORDENANZA SOBRE EL CUIDADO DEL AGUA (EL CONTENIDO DE LA ORDENANZA Y LA OPINION DE LOS CONCEJALES) - CELTTV\" \/>\n<meta property=\"og:description\" content=\"Sitio web de noticias de la localidad de Tornquist, provincia de Buenos Aires, Rep\u00fablica Argentina. Contenido propio originado por periodistas de CELTTV, el canal de TV local de la Cooperativa El\u00e9ctrica de Tornquist. Turismo, Pol\u00edtica, Sociedad, Deporte, Cultura y todo el contenido de inter\u00e9s general que la gente del pueblo y la regi\u00f3n debe conocer.\" \/>\n<meta property=\"og:url\" content=\"https:\/\/www.celttv.com.ar\/index.php\/2011\/12\/30\/el-hcd-aprobo-la-ordenanza-sobre-el-cuidado-del-agua-el-contenido-de-la-ordenanza-y-la-opinion-de-los-concejales\/\" \/>\n<meta property=\"og:site_name\" content=\"CELTTV\" \/>\n<meta property=\"article:publisher\" content=\"https:\/\/www.facebook.com\/celtTV\/\" \/>\n<meta property=\"article:published_time\" content=\"2011-12-30T02:10:51+00:00\" \/>\n<meta property=\"og:image\" content=\"http:\/\/www.tvcnoticias.com.ar\/wp-content\/uploads\/2011\/12\/HCD-1-Small1.jpg\" \/>\n<meta name=\"author\" content=\"ulises\" \/>\n<meta name=\"twitter:card\" content=\"summary_large_image\" \/>\n<meta name=\"twitter:label1\" content=\"Escrito por\" \/>\n\t<meta name=\"twitter:data1\" content=\"ulises\" \/>\n\t<meta name=\"twitter:label2\" content=\"Tiempo de lectura\" \/>\n\t<meta name=\"twitter:data2\" content=\"6 minutos\" \/>\n<script type=\"application\/ld+json\" class=\"yoast-schema-graph\">{\"@context\":\"https:\/\/schema.org\",\"@graph\":[{\"@type\":\"NewsArticle\",\"@id\":\"https:\/\/www.celttv.com.ar\/index.php\/2011\/12\/30\/el-hcd-aprobo-la-ordenanza-sobre-el-cuidado-del-agua-el-contenido-de-la-ordenanza-y-la-opinion-de-los-concejales\/#article\",\"isPartOf\":{\"@id\":\"https:\/\/www.celttv.com.ar\/index.php\/2011\/12\/30\/el-hcd-aprobo-la-ordenanza-sobre-el-cuidado-del-agua-el-contenido-de-la-ordenanza-y-la-opinion-de-los-concejales\/\"},\"author\":{\"name\":\"ulises\",\"@id\":\"https:\/\/www.celttv.com.ar\/#\/schema\/person\/6d99c072dba59953809c81446e9d0ace\"},\"headline\":\"EL HCD. APROBO LA ORDENANZA SOBRE EL CUIDADO DEL AGUA (EL CONTENIDO DE LA ORDENANZA Y LA OPINION DE LOS CONCEJALES)\",\"datePublished\":\"2011-12-30T02:10:51+00:00\",\"dateModified\":\"2011-12-30T02:10:51+00:00\",\"mainEntityOfPage\":{\"@id\":\"https:\/\/www.celttv.com.ar\/index.php\/2011\/12\/30\/el-hcd-aprobo-la-ordenanza-sobre-el-cuidado-del-agua-el-contenido-de-la-ordenanza-y-la-opinion-de-los-concejales\/\"},\"wordCount\":1272,\"publisher\":{\"@id\":\"https:\/\/www.celttv.com.ar\/#organization\"},\"articleSection\":[\"Destacadas\",\"Pol\u00edtica\",\"Videos Destacados\"],\"inLanguage\":\"es\"},{\"@type\":\"WebPage\",\"@id\":\"https:\/\/www.celttv.com.ar\/index.php\/2011\/12\/30\/el-hcd-aprobo-la-ordenanza-sobre-el-cuidado-del-agua-el-contenido-de-la-ordenanza-y-la-opinion-de-los-concejales\/\",\"url\":\"https:\/\/www.celttv.com.ar\/index.php\/2011\/12\/30\/el-hcd-aprobo-la-ordenanza-sobre-el-cuidado-del-agua-el-contenido-de-la-ordenanza-y-la-opinion-de-los-concejales\/\",\"name\":\"EL HCD. APROBO LA ORDENANZA SOBRE EL CUIDADO DEL AGUA (EL CONTENIDO DE LA ORDENANZA Y LA OPINION DE LOS CONCEJALES) - CELTTV\",\"isPartOf\":{\"@id\":\"https:\/\/www.celttv.com.ar\/#website\"},\"datePublished\":\"2011-12-30T02:10:51+00:00\",\"dateModified\":\"2011-12-30T02:10:51+00:00\",\"description\":\"Sitio web de noticias de la localidad de Tornquist, provincia de Buenos Aires, Rep\u00fablica Argentina. Contenido propio originado por periodistas de CELTTV, el canal de TV local de la Cooperativa El\u00e9ctrica de Tornquist. Turismo, Pol\u00edtica, Sociedad, Deporte, Cultura y todo el contenido de inter\u00e9s general que la gente del pueblo y la regi\u00f3n debe conocer.\",\"breadcrumb\":{\"@id\":\"https:\/\/www.celttv.com.ar\/index.php\/2011\/12\/30\/el-hcd-aprobo-la-ordenanza-sobre-el-cuidado-del-agua-el-contenido-de-la-ordenanza-y-la-opinion-de-los-concejales\/#breadcrumb\"},\"inLanguage\":\"es\",\"potentialAction\":[{\"@type\":\"ReadAction\",\"target\":[\"https:\/\/www.celttv.com.ar\/index.php\/2011\/12\/30\/el-hcd-aprobo-la-ordenanza-sobre-el-cuidado-del-agua-el-contenido-de-la-ordenanza-y-la-opinion-de-los-concejales\/\"]}]},{\"@type\":\"BreadcrumbList\",\"@id\":\"https:\/\/www.celttv.com.ar\/index.php\/2011\/12\/30\/el-hcd-aprobo-la-ordenanza-sobre-el-cuidado-del-agua-el-contenido-de-la-ordenanza-y-la-opinion-de-los-concejales\/#breadcrumb\",\"itemListElement\":[{\"@type\":\"ListItem\",\"position\":1,\"name\":\"Inicio\",\"item\":\"https:\/\/www.celttv.com.ar\/\"},{\"@type\":\"ListItem\",\"position\":2,\"name\":\"EL HCD. APROBO LA ORDENANZA SOBRE EL CUIDADO DEL AGUA (EL CONTENIDO DE LA ORDENANZA Y LA OPINION DE LOS CONCEJALES)\"}]},{\"@type\":\"WebSite\",\"@id\":\"https:\/\/www.celttv.com.ar\/#website\",\"url\":\"https:\/\/www.celttv.com.ar\/\",\"name\":\"CELTTV\",\"description\":\"Cooperativa El\u00e9ctrica de Tornquist\",\"publisher\":{\"@id\":\"https:\/\/www.celttv.com.ar\/#organization\"},\"potentialAction\":[{\"@type\":\"SearchAction\",\"target\":{\"@type\":\"EntryPoint\",\"urlTemplate\":\"https:\/\/www.celttv.com.ar\/?s={search_term_string}\"},\"query-input\":\"required name=search_term_string\"}],\"inLanguage\":\"es\"},{\"@type\":\"Organization\",\"@id\":\"https:\/\/www.celttv.com.ar\/#organization\",\"name\":\"CELTTV\",\"url\":\"https:\/\/www.celttv.com.ar\/\",\"sameAs\":[\"https:\/\/www.youtube.com\/channel\/UCz_oIt8Hig64Ub-EmcNPIhg\",\"https:\/\/www.facebook.com\/celtTV\/\"],\"logo\":{\"@type\":\"ImageObject\",\"inLanguage\":\"es\",\"@id\":\"https:\/\/www.celttv.com.ar\/#\/schema\/logo\/image\/\",\"url\":\"http:\/\/www.celttv.com.ar\/wp-content\/uploads\/2022\/08\/logo-1.png\",\"contentUrl\":\"http:\/\/www.celttv.com.ar\/wp-content\/uploads\/2022\/08\/logo-1.png\",\"width\":461,\"height\":159,\"caption\":\"CELTTV\"},\"image\":{\"@id\":\"https:\/\/www.celttv.com.ar\/#\/schema\/logo\/image\/\"}},{\"@type\":\"Person\",\"@id\":\"https:\/\/www.celttv.com.ar\/#\/schema\/person\/6d99c072dba59953809c81446e9d0ace\",\"name\":\"ulises\",\"image\":{\"@type\":\"ImageObject\",\"inLanguage\":\"es\",\"@id\":\"https:\/\/www.celttv.com.ar\/#\/schema\/person\/image\/\",\"url\":\"https:\/\/secure.gravatar.com\/avatar\/7f2c48bdc33b30088f941fb6082e555f2874c98e20cb159d7b92b50eadfce793?s=96&d=mm&r=g\",\"contentUrl\":\"https:\/\/secure.gravatar.com\/avatar\/7f2c48bdc33b30088f941fb6082e555f2874c98e20cb159d7b92b50eadfce793?s=96&d=mm&r=g\",\"caption\":\"ulises\"},\"sameAs\":[\"http:\/\/www.celttv.com.ar\"]}]}<\/script>\n<!-- \/ Yoast SEO plugin. -->","yoast_head_json":{"title":"EL HCD. APROBO LA ORDENANZA SOBRE EL CUIDADO DEL AGUA (EL CONTENIDO DE LA ORDENANZA Y LA OPINION DE LOS CONCEJALES) - CELTTV","description":"Sitio web de noticias de la localidad de Tornquist, provincia de Buenos Aires, Rep\u00fablica Argentina. Contenido propio originado por periodistas de CELTTV, el canal de TV local de la Cooperativa El\u00e9ctrica de Tornquist. Turismo, Pol\u00edtica, Sociedad, Deporte, Cultura y todo el contenido de inter\u00e9s general que la gente del pueblo y la regi\u00f3n debe conocer.","robots":{"index":"index","follow":"follow","max-snippet":"max-snippet:-1","max-image-preview":"max-image-preview:large","max-video-preview":"max-video-preview:-1"},"canonical":"https:\/\/www.celttv.com.ar\/index.php\/2011\/12\/30\/el-hcd-aprobo-la-ordenanza-sobre-el-cuidado-del-agua-el-contenido-de-la-ordenanza-y-la-opinion-de-los-concejales\/","og_locale":"es_ES","og_type":"article","og_title":"EL HCD. APROBO LA ORDENANZA SOBRE EL CUIDADO DEL AGUA (EL CONTENIDO DE LA ORDENANZA Y LA OPINION DE LOS CONCEJALES) - CELTTV","og_description":"Sitio web de noticias de la localidad de Tornquist, provincia de Buenos Aires, Rep\u00fablica Argentina. Contenido propio originado por periodistas de CELTTV, el canal de TV local de la Cooperativa El\u00e9ctrica de Tornquist. Turismo, Pol\u00edtica, Sociedad, Deporte, Cultura y todo el contenido de inter\u00e9s general que la gente del pueblo y la regi\u00f3n debe conocer.","og_url":"https:\/\/www.celttv.com.ar\/index.php\/2011\/12\/30\/el-hcd-aprobo-la-ordenanza-sobre-el-cuidado-del-agua-el-contenido-de-la-ordenanza-y-la-opinion-de-los-concejales\/","og_site_name":"CELTTV","article_publisher":"https:\/\/www.facebook.com\/celtTV\/","article_published_time":"2011-12-30T02:10:51+00:00","og_image":[{"url":"http:\/\/www.tvcnoticias.com.ar\/wp-content\/uploads\/2011\/12\/HCD-1-Small1.jpg"}],"author":"ulises","twitter_card":"summary_large_image","twitter_misc":{"Escrito por":"ulises","Tiempo de lectura":"6 minutos"},"schema":{"@context":"https:\/\/schema.org","@graph":[{"@type":"NewsArticle","@id":"https:\/\/www.celttv.com.ar\/index.php\/2011\/12\/30\/el-hcd-aprobo-la-ordenanza-sobre-el-cuidado-del-agua-el-contenido-de-la-ordenanza-y-la-opinion-de-los-concejales\/#article","isPartOf":{"@id":"https:\/\/www.celttv.com.ar\/index.php\/2011\/12\/30\/el-hcd-aprobo-la-ordenanza-sobre-el-cuidado-del-agua-el-contenido-de-la-ordenanza-y-la-opinion-de-los-concejales\/"},"author":{"name":"ulises","@id":"https:\/\/www.celttv.com.ar\/#\/schema\/person\/6d99c072dba59953809c81446e9d0ace"},"headline":"EL HCD. APROBO LA ORDENANZA SOBRE EL CUIDADO DEL AGUA (EL CONTENIDO DE LA ORDENANZA Y LA OPINION DE LOS CONCEJALES)","datePublished":"2011-12-30T02:10:51+00:00","dateModified":"2011-12-30T02:10:51+00:00","mainEntityOfPage":{"@id":"https:\/\/www.celttv.com.ar\/index.php\/2011\/12\/30\/el-hcd-aprobo-la-ordenanza-sobre-el-cuidado-del-agua-el-contenido-de-la-ordenanza-y-la-opinion-de-los-concejales\/"},"wordCount":1272,"publisher":{"@id":"https:\/\/www.celttv.com.ar\/#organization"},"articleSection":["Destacadas","Pol\u00edtica","Videos Destacados"],"inLanguage":"es"},{"@type":"WebPage","@id":"https:\/\/www.celttv.com.ar\/index.php\/2011\/12\/30\/el-hcd-aprobo-la-ordenanza-sobre-el-cuidado-del-agua-el-contenido-de-la-ordenanza-y-la-opinion-de-los-concejales\/","url":"https:\/\/www.celttv.com.ar\/index.php\/2011\/12\/30\/el-hcd-aprobo-la-ordenanza-sobre-el-cuidado-del-agua-el-contenido-de-la-ordenanza-y-la-opinion-de-los-concejales\/","name":"EL HCD. APROBO LA ORDENANZA SOBRE EL CUIDADO DEL AGUA (EL CONTENIDO DE LA ORDENANZA Y LA OPINION DE LOS CONCEJALES) - CELTTV","isPartOf":{"@id":"https:\/\/www.celttv.com.ar\/#website"},"datePublished":"2011-12-30T02:10:51+00:00","dateModified":"2011-12-30T02:10:51+00:00","description":"Sitio web de noticias de la localidad de Tornquist, provincia de Buenos Aires, Rep\u00fablica Argentina. Contenido propio originado por periodistas de CELTTV, el canal de TV local de la Cooperativa El\u00e9ctrica de Tornquist. Turismo, Pol\u00edtica, Sociedad, Deporte, Cultura y todo el contenido de inter\u00e9s general que la gente del pueblo y la regi\u00f3n debe conocer.","breadcrumb":{"@id":"https:\/\/www.celttv.com.ar\/index.php\/2011\/12\/30\/el-hcd-aprobo-la-ordenanza-sobre-el-cuidado-del-agua-el-contenido-de-la-ordenanza-y-la-opinion-de-los-concejales\/#breadcrumb"},"inLanguage":"es","potentialAction":[{"@type":"ReadAction","target":["https:\/\/www.celttv.com.ar\/index.php\/2011\/12\/30\/el-hcd-aprobo-la-ordenanza-sobre-el-cuidado-del-agua-el-contenido-de-la-ordenanza-y-la-opinion-de-los-concejales\/"]}]},{"@type":"BreadcrumbList","@id":"https:\/\/www.celttv.com.ar\/index.php\/2011\/12\/30\/el-hcd-aprobo-la-ordenanza-sobre-el-cuidado-del-agua-el-contenido-de-la-ordenanza-y-la-opinion-de-los-concejales\/#breadcrumb","itemListElement":[{"@type":"ListItem","position":1,"name":"Inicio","item":"https:\/\/www.celttv.com.ar\/"},{"@type":"ListItem","position":2,"name":"EL HCD. APROBO LA ORDENANZA SOBRE EL CUIDADO DEL AGUA (EL CONTENIDO DE LA ORDENANZA Y LA OPINION DE LOS CONCEJALES)"}]},{"@type":"WebSite","@id":"https:\/\/www.celttv.com.ar\/#website","url":"https:\/\/www.celttv.com.ar\/","name":"CELTTV","description":"Cooperativa El\u00e9ctrica de Tornquist","publisher":{"@id":"https:\/\/www.celttv.com.ar\/#organization"},"potentialAction":[{"@type":"SearchAction","target":{"@type":"EntryPoint","urlTemplate":"https:\/\/www.celttv.com.ar\/?s={search_term_string}"},"query-input":"required name=search_term_string"}],"inLanguage":"es"},{"@type":"Organization","@id":"https:\/\/www.celttv.com.ar\/#organization","name":"CELTTV","url":"https:\/\/www.celttv.com.ar\/","sameAs":["https:\/\/www.youtube.com\/channel\/UCz_oIt8Hig64Ub-EmcNPIhg","https:\/\/www.facebook.com\/celtTV\/"],"logo":{"@type":"ImageObject","inLanguage":"es","@id":"https:\/\/www.celttv.com.ar\/#\/schema\/logo\/image\/","url":"http:\/\/www.celttv.com.ar\/wp-content\/uploads\/2022\/08\/logo-1.png","contentUrl":"http:\/\/www.celttv.com.ar\/wp-content\/uploads\/2022\/08\/logo-1.png","width":461,"height":159,"caption":"CELTTV"},"image":{"@id":"https:\/\/www.celttv.com.ar\/#\/schema\/logo\/image\/"}},{"@type":"Person","@id":"https:\/\/www.celttv.com.ar\/#\/schema\/person\/6d99c072dba59953809c81446e9d0ace","name":"ulises","image":{"@type":"ImageObject","inLanguage":"es","@id":"https:\/\/www.celttv.com.ar\/#\/schema\/person\/image\/","url":"https:\/\/secure.gravatar.com\/avatar\/7f2c48bdc33b30088f941fb6082e555f2874c98e20cb159d7b92b50eadfce793?s=96&d=mm&r=g","contentUrl":"https:\/\/secure.gravatar.com\/avatar\/7f2c48bdc33b30088f941fb6082e555f2874c98e20cb159d7b92b50eadfce793?s=96&d=mm&r=g","caption":"ulises"},"sameAs":["http:\/\/www.celttv.com.ar"]}]}},"_links":{"self":[{"href":"https:\/\/www.celttv.com.ar\/index.php\/wp-json\/wp\/v2\/posts\/4160","targetHints":{"allow":["GET"]}}],"collection":[{"href":"https:\/\/www.celttv.com.ar\/index.php\/wp-json\/wp\/v2\/posts"}],"about":[{"href":"https:\/\/www.celttv.com.ar\/index.php\/wp-json\/wp\/v2\/types\/post"}],"author":[{"embeddable":true,"href":"https:\/\/www.celttv.com.ar\/index.php\/wp-json\/wp\/v2\/users\/1"}],"replies":[{"embeddable":true,"href":"https:\/\/www.celttv.com.ar\/index.php\/wp-json\/wp\/v2\/comments?post=4160"}],"version-history":[{"count":0,"href":"https:\/\/www.celttv.com.ar\/index.php\/wp-json\/wp\/v2\/posts\/4160\/revisions"}],"wp:attachment":[{"href":"https:\/\/www.celttv.com.ar\/index.php\/wp-json\/wp\/v2\/media?parent=4160"}],"wp:term":[{"taxonomy":"category","embeddable":true,"href":"https:\/\/www.celttv.com.ar\/index.php\/wp-json\/wp\/v2\/categories?post=4160"},{"taxonomy":"post_tag","embeddable":true,"href":"https:\/\/www.celttv.com.ar\/index.php\/wp-json\/wp\/v2\/tags?post=4160"}],"curies":[{"name":"wp","href":"https:\/\/api.w.org\/{rel}","templated":true}]}}