{"id":41818,"date":"2019-05-30T21:37:18","date_gmt":"2019-05-30T21:37:18","guid":{"rendered":"http:\/\/www.celttv.com.ar\/?p=41818"},"modified":"2019-05-30T21:37:18","modified_gmt":"2019-05-30T21:37:18","slug":"coopersive-inauguro-su-nueva-subestacion-transformadora-en-sierra-de-la-ventana-12-videos","status":"publish","type":"post","link":"https:\/\/www.celttv.com.ar\/index.php\/2019\/05\/30\/coopersive-inauguro-su-nueva-subestacion-transformadora-en-sierra-de-la-ventana-12-videos\/","title":{"rendered":"Coopersive inaugur\u00f3 su nueva subestaci\u00f3n transformadora en Sierra de la Ventana (12 Videos)"},"content":{"rendered":"<div class=\"adelanto\">\n<p>Con un transformador de 5 megavatios y tecnolog\u00eda de \u00faltima generaci\u00f3n, permitir\u00e1 atender la demanda de nuevos usuarios por los pr\u00f3ximos 10 o 15 a\u00f1os.<\/p>\n<\/div>\n<div class=\"text\">\n<p>Una jornada brillante en lo clim\u00e1tico permiti\u00f3 desarrollar el acto de inauguraci\u00f3n oficial de la nueva Subestaci\u00f3n Transformadora de energ\u00eda de 33 Kva. que Coopersive Ltda y la Empresa Edes SA constituyeron en Sierra de la Ventana.<\/p>\n<p>Un importante marco de p\u00fablico acompa\u00f1\u00f3 el evento, que tuvo el corte de cintas a cargo del presidente de Coopersive, Mario Sensini; del Gerente de EDES SA, Cr. Roberto Grioli; la delegada de Villa La Arcadia, Denis Pascal; y el Delegado de Sierra de la Ventana, Hugo Polvara.<\/p>\n<p>La importancia que esa nueva subestaci\u00f3n tiene en el desarrollo de la localidad, qued\u00f3 demostrada con la nutrida presencia de autoridades de todos los \u00e1mbitos que acompa\u00f1aron el momento. Con un transformador de 5 megavatios y tecnolog\u00eda de \u00faltima generaci\u00f3n, la obra inaugurada\u00a0este viernes permitir\u00e1 atender la demanda de nuevos usuarios por los pr\u00f3ximos 10 o 15 a\u00f1os, pensando en un crecimiento de\u00a0tres\u00a0veces a la dimensi\u00f3n actual de la localidad.<\/p>\n<p>El predio de la Subestaci\u00f3n se ubica en la Calle Camino de las Carretas y cuneta con moderna tecnolog\u00eda.<\/p>\n<p>El presidente de Coopersive LTDA, Mario Sensini, as\u00ed lo destac\u00f3 en el uso de la palabra durante el acto y de la misma forma, lo afirm\u00f3 el Cr. Roberto Grioli.<\/p>\n<p>De la jornada tambi\u00e9n participaron autoridades municipales, provinciales y de la empresa EDES SA, cooperativas del distrito, instituciones locales, directivos del Banco Provincia y Banco Credicoop, empleados de la cooperativa, ex empleados y vecinos de la localidad.<\/p>\n<p>Arnaldo Botto &#8211;\u00a0<a href=\"http:\/\/www.noticiasradioreflejos.com.ar\/\">www.noticiasradioreflejos.com.ar<\/a><\/p>\n<div class=\"jeg_video_container jeg_video_content\"><iframe loading=\"lazy\" title=\"2019 05 24 INAUGURACION SUBESTACION 1 MARIO SENSINI   ALOCUCION\" width=\"500\" height=\"375\" src=\"https:\/\/www.youtube.com\/embed\/A7Ct_uj9NG4?feature=oembed\" frameborder=\"0\" allow=\"accelerometer; autoplay; clipboard-write; encrypted-media; gyroscope; picture-in-picture; web-share\" referrerpolicy=\"strict-origin-when-cross-origin\" allowfullscreen><\/iframe><\/div>\n<div class=\"jeg_video_container jeg_video_content\"><iframe loading=\"lazy\" title=\"2019 05 24 INAUGURACION SUBESTACION 2 ROBERTO GRIOLI   ALOCUCION\" width=\"500\" height=\"375\" src=\"https:\/\/www.youtube.com\/embed\/MefXAHI81eE?feature=oembed\" frameborder=\"0\" allow=\"accelerometer; autoplay; clipboard-write; encrypted-media; gyroscope; picture-in-picture; web-share\" referrerpolicy=\"strict-origin-when-cross-origin\" allowfullscreen><\/iframe><\/div>\n<div class=\"jeg_video_container jeg_video_content\"><iframe loading=\"lazy\" title=\"2019 05 24 INAUGURACION SUBESTACION 3 MARIO SENSINI\" width=\"500\" height=\"375\" src=\"https:\/\/www.youtube.com\/embed\/YlU8-y1Z1Jw?feature=oembed\" frameborder=\"0\" allow=\"accelerometer; autoplay; clipboard-write; encrypted-media; gyroscope; picture-in-picture; web-share\" referrerpolicy=\"strict-origin-when-cross-origin\" allowfullscreen><\/iframe><\/div>\n<div class=\"jeg_video_container jeg_video_content\"><iframe loading=\"lazy\" title=\"2019 05 24 INAUGURACION SUBESTACION 4 ROBERTO GRIOLI\" width=\"500\" height=\"375\" src=\"https:\/\/www.youtube.com\/embed\/dVwhHElP8bA?feature=oembed\" frameborder=\"0\" allow=\"accelerometer; autoplay; clipboard-write; encrypted-media; gyroscope; picture-in-picture; web-share\" referrerpolicy=\"strict-origin-when-cross-origin\" allowfullscreen><\/iframe><\/div>\n<div class=\"jeg_video_container jeg_video_content\"><iframe loading=\"lazy\" title=\"2019 05 24 INAUGURACION SUBESTACION 5 HUGO POLVARA\" width=\"500\" height=\"375\" src=\"https:\/\/www.youtube.com\/embed\/Gjf68vvmNcQ?feature=oembed\" frameborder=\"0\" allow=\"accelerometer; autoplay; clipboard-write; encrypted-media; gyroscope; picture-in-picture; web-share\" referrerpolicy=\"strict-origin-when-cross-origin\" allowfullscreen><\/iframe><\/div>\n<div class=\"jeg_video_container jeg_video_content\"><iframe loading=\"lazy\" title=\"2019 05 24 INAUGURACION SUBESTACION 6 MICAELA COSTA\" width=\"500\" height=\"375\" src=\"https:\/\/www.youtube.com\/embed\/GF4MSxXt7yo?feature=oembed\" frameborder=\"0\" allow=\"accelerometer; autoplay; clipboard-write; encrypted-media; gyroscope; picture-in-picture; web-share\" referrerpolicy=\"strict-origin-when-cross-origin\" allowfullscreen><\/iframe><\/div>\n<div class=\"jeg_video_container jeg_video_content\"><iframe loading=\"lazy\" title=\"2019 05 24 INAUGURACION SUBESTACION 7 GUILLERMO BECK\" width=\"500\" height=\"375\" src=\"https:\/\/www.youtube.com\/embed\/vnVeBXRwKvM?feature=oembed\" frameborder=\"0\" allow=\"accelerometer; autoplay; clipboard-write; encrypted-media; gyroscope; picture-in-picture; web-share\" referrerpolicy=\"strict-origin-when-cross-origin\" allowfullscreen><\/iframe><\/div>\n<div class=\"jeg_video_container jeg_video_content\"><iframe loading=\"lazy\" title=\"2019 05 24 INAUGURACION SUBESTACION 8 FABIAN DELGADO\" width=\"500\" height=\"375\" src=\"https:\/\/www.youtube.com\/embed\/aie_BdLeD6E?feature=oembed\" frameborder=\"0\" allow=\"accelerometer; autoplay; clipboard-write; encrypted-media; gyroscope; picture-in-picture; web-share\" referrerpolicy=\"strict-origin-when-cross-origin\" allowfullscreen><\/iframe><\/div>\n<div class=\"jeg_video_container jeg_video_content\"><iframe loading=\"lazy\" title=\"2019 05 24 INAUGURACION SUBESTACION 10 ALBERTO RUBIO\" width=\"500\" height=\"375\" src=\"https:\/\/www.youtube.com\/embed\/RyPlG92Am3U?feature=oembed\" frameborder=\"0\" allow=\"accelerometer; autoplay; clipboard-write; encrypted-media; gyroscope; picture-in-picture; web-share\" referrerpolicy=\"strict-origin-when-cross-origin\" allowfullscreen><\/iframe><\/div>\n<div class=\"jeg_video_container jeg_video_content\"><iframe loading=\"lazy\" title=\"2019 05 24 INAUGURACION SUBESTACION 11 JULIO OVIEDO\" width=\"500\" height=\"375\" src=\"https:\/\/www.youtube.com\/embed\/sDmQexWyo5w?feature=oembed\" frameborder=\"0\" allow=\"accelerometer; autoplay; clipboard-write; encrypted-media; gyroscope; picture-in-picture; web-share\" referrerpolicy=\"strict-origin-when-cross-origin\" allowfullscreen><\/iframe><\/div>\n<div class=\"jeg_video_container jeg_video_content\"><iframe loading=\"lazy\" title=\"2019 05 24 INAUGURACION SUBESTACION 12 HUGO DE LARENA\" width=\"500\" height=\"375\" src=\"https:\/\/www.youtube.com\/embed\/xFi1na-ChGU?feature=oembed\" frameborder=\"0\" allow=\"accelerometer; autoplay; clipboard-write; encrypted-media; gyroscope; picture-in-picture; web-share\" referrerpolicy=\"strict-origin-when-cross-origin\" allowfullscreen><\/iframe><\/div>\n<div class=\"jeg_video_container jeg_video_content\"><iframe loading=\"lazy\" title=\"2019 05 24 INAUGURACION SUBESTACION 9 GUSTAVO TRANKELS 1\" width=\"500\" height=\"375\" src=\"https:\/\/www.youtube.com\/embed\/jDQYPBNcdbU?feature=oembed\" frameborder=\"0\" allow=\"accelerometer; autoplay; clipboard-write; encrypted-media; gyroscope; picture-in-picture; web-share\" referrerpolicy=\"strict-origin-when-cross-origin\" allowfullscreen><\/iframe><\/div>\n<\/div>\n","protected":false},"excerpt":{"rendered":"<p>Con un transformador de 5 megavatios y tecnolog\u00eda de \u00faltima generaci\u00f3n, permitir\u00e1 atender la demanda de nuevos usuarios por los pr\u00f3ximos 10 o 15 a\u00f1os. Una jornada brillante en lo clim\u00e1tico permiti\u00f3 desarrollar el acto de inauguraci\u00f3n oficial de la nueva Subestaci\u00f3n Transformadora de energ\u00eda de 33 Kva. que Coopersive Ltda y la Empresa Edes [&hellip;]<\/p>\n","protected":false},"author":1,"featured_media":41820,"comment_status":"closed","ping_status":"open","sticky":false,"template":"","format":"standard","meta":{"footnotes":""},"categories":[55,51,52,66],"tags":[],"class_list":["post-41818","post","type-post","status-publish","format-standard","has-post-thumbnail","hentry","category-celt-tv-noticias","category-comunidad","category-destacadas","category-informacion-cooperativa"],"yoast_head":"<!-- This site is optimized with the Yoast SEO plugin v19.7.1 - https:\/\/yoast.com\/wordpress\/plugins\/seo\/ -->\n<title>Coopersive inaugur\u00f3 su nueva subestaci\u00f3n transformadora en Sierra de la Ventana (12 Videos) - CELTTV<\/title>\n<meta name=\"description\" content=\"Sitio web de noticias de la localidad de Tornquist, provincia de Buenos Aires, Rep\u00fablica Argentina. Contenido propio originado por periodistas de CELTTV, el canal de TV local de la Cooperativa El\u00e9ctrica de Tornquist. Turismo, Pol\u00edtica, Sociedad, Deporte, Cultura y todo el contenido de inter\u00e9s general que la gente del pueblo y la regi\u00f3n debe conocer.\" \/>\n<meta name=\"robots\" content=\"index, follow, max-snippet:-1, max-image-preview:large, max-video-preview:-1\" \/>\n<link rel=\"canonical\" href=\"https:\/\/www.celttv.com.ar\/index.php\/2019\/05\/30\/coopersive-inauguro-su-nueva-subestacion-transformadora-en-sierra-de-la-ventana-12-videos\/\" \/>\n<meta property=\"og:locale\" content=\"es_ES\" \/>\n<meta property=\"og:type\" content=\"article\" \/>\n<meta property=\"og:title\" content=\"Coopersive inaugur\u00f3 su nueva subestaci\u00f3n transformadora en Sierra de la Ventana (12 Videos) - CELTTV\" \/>\n<meta property=\"og:description\" content=\"Sitio web de noticias de la localidad de Tornquist, provincia de Buenos Aires, Rep\u00fablica Argentina. Contenido propio originado por periodistas de CELTTV, el canal de TV local de la Cooperativa El\u00e9ctrica de Tornquist. Turismo, Pol\u00edtica, Sociedad, Deporte, Cultura y todo el contenido de inter\u00e9s general que la gente del pueblo y la regi\u00f3n debe conocer.\" \/>\n<meta property=\"og:url\" content=\"https:\/\/www.celttv.com.ar\/index.php\/2019\/05\/30\/coopersive-inauguro-su-nueva-subestacion-transformadora-en-sierra-de-la-ventana-12-videos\/\" \/>\n<meta property=\"og:site_name\" content=\"CELTTV\" \/>\n<meta property=\"article:publisher\" content=\"https:\/\/www.facebook.com\/celtTV\/\" \/>\n<meta property=\"article:published_time\" content=\"2019-05-30T21:37:18+00:00\" \/>\n<meta property=\"og:image\" content=\"https:\/\/www.celttv.com.ar\/wp-content\/uploads\/2019\/05\/imagen.jpg\" \/>\n\t<meta property=\"og:image:width\" content=\"500\" \/>\n\t<meta property=\"og:image:height\" content=\"281\" \/>\n\t<meta property=\"og:image:type\" content=\"image\/jpeg\" \/>\n<meta name=\"author\" content=\"ulises\" \/>\n<meta name=\"twitter:card\" content=\"summary_large_image\" \/>\n<meta name=\"twitter:label1\" content=\"Escrito por\" \/>\n\t<meta name=\"twitter:data1\" content=\"ulises\" \/>\n\t<meta name=\"twitter:label2\" content=\"Tiempo de lectura\" \/>\n\t<meta name=\"twitter:data2\" content=\"2 minutos\" \/>\n<script type=\"application\/ld+json\" class=\"yoast-schema-graph\">{\"@context\":\"https:\/\/schema.org\",\"@graph\":[{\"@type\":\"NewsArticle\",\"@id\":\"https:\/\/www.celttv.com.ar\/index.php\/2019\/05\/30\/coopersive-inauguro-su-nueva-subestacion-transformadora-en-sierra-de-la-ventana-12-videos\/#article\",\"isPartOf\":{\"@id\":\"https:\/\/www.celttv.com.ar\/index.php\/2019\/05\/30\/coopersive-inauguro-su-nueva-subestacion-transformadora-en-sierra-de-la-ventana-12-videos\/\"},\"author\":{\"name\":\"ulises\",\"@id\":\"https:\/\/www.celttv.com.ar\/#\/schema\/person\/6d99c072dba59953809c81446e9d0ace\"},\"headline\":\"Coopersive inaugur\u00f3 su nueva subestaci\u00f3n transformadora en Sierra de la Ventana (12 Videos)\",\"datePublished\":\"2019-05-30T21:37:18+00:00\",\"dateModified\":\"2019-05-30T21:37:18+00:00\",\"mainEntityOfPage\":{\"@id\":\"https:\/\/www.celttv.com.ar\/index.php\/2019\/05\/30\/coopersive-inauguro-su-nueva-subestacion-transformadora-en-sierra-de-la-ventana-12-videos\/\"},\"wordCount\":402,\"publisher\":{\"@id\":\"https:\/\/www.celttv.com.ar\/#organization\"},\"articleSection\":[\"Celt TV Noticias\",\"Comunidad\",\"Destacadas\",\"Informaci\u00f3n Cooperativa\"],\"inLanguage\":\"es\"},{\"@type\":\"WebPage\",\"@id\":\"https:\/\/www.celttv.com.ar\/index.php\/2019\/05\/30\/coopersive-inauguro-su-nueva-subestacion-transformadora-en-sierra-de-la-ventana-12-videos\/\",\"url\":\"https:\/\/www.celttv.com.ar\/index.php\/2019\/05\/30\/coopersive-inauguro-su-nueva-subestacion-transformadora-en-sierra-de-la-ventana-12-videos\/\",\"name\":\"Coopersive inaugur\u00f3 su nueva subestaci\u00f3n transformadora en Sierra de la Ventana (12 Videos) - CELTTV\",\"isPartOf\":{\"@id\":\"https:\/\/www.celttv.com.ar\/#website\"},\"datePublished\":\"2019-05-30T21:37:18+00:00\",\"dateModified\":\"2019-05-30T21:37:18+00:00\",\"description\":\"Sitio web de noticias de la localidad de Tornquist, provincia de Buenos Aires, Rep\u00fablica Argentina. Contenido propio originado por periodistas de CELTTV, el canal de TV local de la Cooperativa El\u00e9ctrica de Tornquist. Turismo, Pol\u00edtica, Sociedad, Deporte, Cultura y todo el contenido de inter\u00e9s general que la gente del pueblo y la regi\u00f3n debe conocer.\",\"breadcrumb\":{\"@id\":\"https:\/\/www.celttv.com.ar\/index.php\/2019\/05\/30\/coopersive-inauguro-su-nueva-subestacion-transformadora-en-sierra-de-la-ventana-12-videos\/#breadcrumb\"},\"inLanguage\":\"es\",\"potentialAction\":[{\"@type\":\"ReadAction\",\"target\":[\"https:\/\/www.celttv.com.ar\/index.php\/2019\/05\/30\/coopersive-inauguro-su-nueva-subestacion-transformadora-en-sierra-de-la-ventana-12-videos\/\"]}]},{\"@type\":\"BreadcrumbList\",\"@id\":\"https:\/\/www.celttv.com.ar\/index.php\/2019\/05\/30\/coopersive-inauguro-su-nueva-subestacion-transformadora-en-sierra-de-la-ventana-12-videos\/#breadcrumb\",\"itemListElement\":[{\"@type\":\"ListItem\",\"position\":1,\"name\":\"Inicio\",\"item\":\"https:\/\/www.celttv.com.ar\/\"},{\"@type\":\"ListItem\",\"position\":2,\"name\":\"Coopersive inaugur\u00f3 su nueva subestaci\u00f3n transformadora en Sierra de la Ventana (12 Videos)\"}]},{\"@type\":\"WebSite\",\"@id\":\"https:\/\/www.celttv.com.ar\/#website\",\"url\":\"https:\/\/www.celttv.com.ar\/\",\"name\":\"CELTTV\",\"description\":\"Cooperativa El\u00e9ctrica de Tornquist\",\"publisher\":{\"@id\":\"https:\/\/www.celttv.com.ar\/#organization\"},\"potentialAction\":[{\"@type\":\"SearchAction\",\"target\":{\"@type\":\"EntryPoint\",\"urlTemplate\":\"https:\/\/www.celttv.com.ar\/?s={search_term_string}\"},\"query-input\":\"required name=search_term_string\"}],\"inLanguage\":\"es\"},{\"@type\":\"Organization\",\"@id\":\"https:\/\/www.celttv.com.ar\/#organization\",\"name\":\"CELTTV\",\"url\":\"https:\/\/www.celttv.com.ar\/\",\"sameAs\":[\"https:\/\/www.youtube.com\/channel\/UCz_oIt8Hig64Ub-EmcNPIhg\",\"https:\/\/www.facebook.com\/celtTV\/\"],\"logo\":{\"@type\":\"ImageObject\",\"inLanguage\":\"es\",\"@id\":\"https:\/\/www.celttv.com.ar\/#\/schema\/logo\/image\/\",\"url\":\"http:\/\/www.celttv.com.ar\/wp-content\/uploads\/2022\/08\/logo-1.png\",\"contentUrl\":\"http:\/\/www.celttv.com.ar\/wp-content\/uploads\/2022\/08\/logo-1.png\",\"width\":461,\"height\":159,\"caption\":\"CELTTV\"},\"image\":{\"@id\":\"https:\/\/www.celttv.com.ar\/#\/schema\/logo\/image\/\"}},{\"@type\":\"Person\",\"@id\":\"https:\/\/www.celttv.com.ar\/#\/schema\/person\/6d99c072dba59953809c81446e9d0ace\",\"name\":\"ulises\",\"image\":{\"@type\":\"ImageObject\",\"inLanguage\":\"es\",\"@id\":\"https:\/\/www.celttv.com.ar\/#\/schema\/person\/image\/\",\"url\":\"https:\/\/secure.gravatar.com\/avatar\/7f2c48bdc33b30088f941fb6082e555f2874c98e20cb159d7b92b50eadfce793?s=96&d=mm&r=g\",\"contentUrl\":\"https:\/\/secure.gravatar.com\/avatar\/7f2c48bdc33b30088f941fb6082e555f2874c98e20cb159d7b92b50eadfce793?s=96&d=mm&r=g\",\"caption\":\"ulises\"},\"sameAs\":[\"http:\/\/www.celttv.com.ar\"]}]}<\/script>\n<!-- \/ Yoast SEO plugin. -->","yoast_head_json":{"title":"Coopersive inaugur\u00f3 su nueva subestaci\u00f3n transformadora en Sierra de la Ventana (12 Videos) - CELTTV","description":"Sitio web de noticias de la localidad de Tornquist, provincia de Buenos Aires, Rep\u00fablica Argentina. Contenido propio originado por periodistas de CELTTV, el canal de TV local de la Cooperativa El\u00e9ctrica de Tornquist. Turismo, Pol\u00edtica, Sociedad, Deporte, Cultura y todo el contenido de inter\u00e9s general que la gente del pueblo y la regi\u00f3n debe conocer.","robots":{"index":"index","follow":"follow","max-snippet":"max-snippet:-1","max-image-preview":"max-image-preview:large","max-video-preview":"max-video-preview:-1"},"canonical":"https:\/\/www.celttv.com.ar\/index.php\/2019\/05\/30\/coopersive-inauguro-su-nueva-subestacion-transformadora-en-sierra-de-la-ventana-12-videos\/","og_locale":"es_ES","og_type":"article","og_title":"Coopersive inaugur\u00f3 su nueva subestaci\u00f3n transformadora en Sierra de la Ventana (12 Videos) - CELTTV","og_description":"Sitio web de noticias de la localidad de Tornquist, provincia de Buenos Aires, Rep\u00fablica Argentina. Contenido propio originado por periodistas de CELTTV, el canal de TV local de la Cooperativa El\u00e9ctrica de Tornquist. Turismo, Pol\u00edtica, Sociedad, Deporte, Cultura y todo el contenido de inter\u00e9s general que la gente del pueblo y la regi\u00f3n debe conocer.","og_url":"https:\/\/www.celttv.com.ar\/index.php\/2019\/05\/30\/coopersive-inauguro-su-nueva-subestacion-transformadora-en-sierra-de-la-ventana-12-videos\/","og_site_name":"CELTTV","article_publisher":"https:\/\/www.facebook.com\/celtTV\/","article_published_time":"2019-05-30T21:37:18+00:00","og_image":[{"width":500,"height":281,"url":"https:\/\/www.celttv.com.ar\/wp-content\/uploads\/2019\/05\/imagen.jpg","type":"image\/jpeg"}],"author":"ulises","twitter_card":"summary_large_image","twitter_misc":{"Escrito por":"ulises","Tiempo de lectura":"2 minutos"},"schema":{"@context":"https:\/\/schema.org","@graph":[{"@type":"NewsArticle","@id":"https:\/\/www.celttv.com.ar\/index.php\/2019\/05\/30\/coopersive-inauguro-su-nueva-subestacion-transformadora-en-sierra-de-la-ventana-12-videos\/#article","isPartOf":{"@id":"https:\/\/www.celttv.com.ar\/index.php\/2019\/05\/30\/coopersive-inauguro-su-nueva-subestacion-transformadora-en-sierra-de-la-ventana-12-videos\/"},"author":{"name":"ulises","@id":"https:\/\/www.celttv.com.ar\/#\/schema\/person\/6d99c072dba59953809c81446e9d0ace"},"headline":"Coopersive inaugur\u00f3 su nueva subestaci\u00f3n transformadora en Sierra de la Ventana (12 Videos)","datePublished":"2019-05-30T21:37:18+00:00","dateModified":"2019-05-30T21:37:18+00:00","mainEntityOfPage":{"@id":"https:\/\/www.celttv.com.ar\/index.php\/2019\/05\/30\/coopersive-inauguro-su-nueva-subestacion-transformadora-en-sierra-de-la-ventana-12-videos\/"},"wordCount":402,"publisher":{"@id":"https:\/\/www.celttv.com.ar\/#organization"},"articleSection":["Celt TV Noticias","Comunidad","Destacadas","Informaci\u00f3n Cooperativa"],"inLanguage":"es"},{"@type":"WebPage","@id":"https:\/\/www.celttv.com.ar\/index.php\/2019\/05\/30\/coopersive-inauguro-su-nueva-subestacion-transformadora-en-sierra-de-la-ventana-12-videos\/","url":"https:\/\/www.celttv.com.ar\/index.php\/2019\/05\/30\/coopersive-inauguro-su-nueva-subestacion-transformadora-en-sierra-de-la-ventana-12-videos\/","name":"Coopersive inaugur\u00f3 su nueva subestaci\u00f3n transformadora en Sierra de la Ventana (12 Videos) - CELTTV","isPartOf":{"@id":"https:\/\/www.celttv.com.ar\/#website"},"datePublished":"2019-05-30T21:37:18+00:00","dateModified":"2019-05-30T21:37:18+00:00","description":"Sitio web de noticias de la localidad de Tornquist, provincia de Buenos Aires, Rep\u00fablica Argentina. Contenido propio originado por periodistas de CELTTV, el canal de TV local de la Cooperativa El\u00e9ctrica de Tornquist. Turismo, Pol\u00edtica, Sociedad, Deporte, Cultura y todo el contenido de inter\u00e9s general que la gente del pueblo y la regi\u00f3n debe conocer.","breadcrumb":{"@id":"https:\/\/www.celttv.com.ar\/index.php\/2019\/05\/30\/coopersive-inauguro-su-nueva-subestacion-transformadora-en-sierra-de-la-ventana-12-videos\/#breadcrumb"},"inLanguage":"es","potentialAction":[{"@type":"ReadAction","target":["https:\/\/www.celttv.com.ar\/index.php\/2019\/05\/30\/coopersive-inauguro-su-nueva-subestacion-transformadora-en-sierra-de-la-ventana-12-videos\/"]}]},{"@type":"BreadcrumbList","@id":"https:\/\/www.celttv.com.ar\/index.php\/2019\/05\/30\/coopersive-inauguro-su-nueva-subestacion-transformadora-en-sierra-de-la-ventana-12-videos\/#breadcrumb","itemListElement":[{"@type":"ListItem","position":1,"name":"Inicio","item":"https:\/\/www.celttv.com.ar\/"},{"@type":"ListItem","position":2,"name":"Coopersive inaugur\u00f3 su nueva subestaci\u00f3n transformadora en Sierra de la Ventana (12 Videos)"}]},{"@type":"WebSite","@id":"https:\/\/www.celttv.com.ar\/#website","url":"https:\/\/www.celttv.com.ar\/","name":"CELTTV","description":"Cooperativa El\u00e9ctrica de Tornquist","publisher":{"@id":"https:\/\/www.celttv.com.ar\/#organization"},"potentialAction":[{"@type":"SearchAction","target":{"@type":"EntryPoint","urlTemplate":"https:\/\/www.celttv.com.ar\/?s={search_term_string}"},"query-input":"required name=search_term_string"}],"inLanguage":"es"},{"@type":"Organization","@id":"https:\/\/www.celttv.com.ar\/#organization","name":"CELTTV","url":"https:\/\/www.celttv.com.ar\/","sameAs":["https:\/\/www.youtube.com\/channel\/UCz_oIt8Hig64Ub-EmcNPIhg","https:\/\/www.facebook.com\/celtTV\/"],"logo":{"@type":"ImageObject","inLanguage":"es","@id":"https:\/\/www.celttv.com.ar\/#\/schema\/logo\/image\/","url":"http:\/\/www.celttv.com.ar\/wp-content\/uploads\/2022\/08\/logo-1.png","contentUrl":"http:\/\/www.celttv.com.ar\/wp-content\/uploads\/2022\/08\/logo-1.png","width":461,"height":159,"caption":"CELTTV"},"image":{"@id":"https:\/\/www.celttv.com.ar\/#\/schema\/logo\/image\/"}},{"@type":"Person","@id":"https:\/\/www.celttv.com.ar\/#\/schema\/person\/6d99c072dba59953809c81446e9d0ace","name":"ulises","image":{"@type":"ImageObject","inLanguage":"es","@id":"https:\/\/www.celttv.com.ar\/#\/schema\/person\/image\/","url":"https:\/\/secure.gravatar.com\/avatar\/7f2c48bdc33b30088f941fb6082e555f2874c98e20cb159d7b92b50eadfce793?s=96&d=mm&r=g","contentUrl":"https:\/\/secure.gravatar.com\/avatar\/7f2c48bdc33b30088f941fb6082e555f2874c98e20cb159d7b92b50eadfce793?s=96&d=mm&r=g","caption":"ulises"},"sameAs":["http:\/\/www.celttv.com.ar"]}]}},"_links":{"self":[{"href":"https:\/\/www.celttv.com.ar\/index.php\/wp-json\/wp\/v2\/posts\/41818","targetHints":{"allow":["GET"]}}],"collection":[{"href":"https:\/\/www.celttv.com.ar\/index.php\/wp-json\/wp\/v2\/posts"}],"about":[{"href":"https:\/\/www.celttv.com.ar\/index.php\/wp-json\/wp\/v2\/types\/post"}],"author":[{"embeddable":true,"href":"https:\/\/www.celttv.com.ar\/index.php\/wp-json\/wp\/v2\/users\/1"}],"replies":[{"embeddable":true,"href":"https:\/\/www.celttv.com.ar\/index.php\/wp-json\/wp\/v2\/comments?post=41818"}],"version-history":[{"count":0,"href":"https:\/\/www.celttv.com.ar\/index.php\/wp-json\/wp\/v2\/posts\/41818\/revisions"}],"wp:featuredmedia":[{"embeddable":true,"href":"https:\/\/www.celttv.com.ar\/index.php\/wp-json\/wp\/v2\/media\/41820"}],"wp:attachment":[{"href":"https:\/\/www.celttv.com.ar\/index.php\/wp-json\/wp\/v2\/media?parent=41818"}],"wp:term":[{"taxonomy":"category","embeddable":true,"href":"https:\/\/www.celttv.com.ar\/index.php\/wp-json\/wp\/v2\/categories?post=41818"},{"taxonomy":"post_tag","embeddable":true,"href":"https:\/\/www.celttv.com.ar\/index.php\/wp-json\/wp\/v2\/tags?post=41818"}],"curies":[{"name":"wp","href":"https:\/\/api.w.org\/{rel}","templated":true}]}}