{"id":41836,"date":"2019-05-31T20:03:40","date_gmt":"2019-05-31T20:03:40","guid":{"rendered":"http:\/\/www.celttv.com.ar\/?p=41836"},"modified":"2019-05-31T20:03:40","modified_gmt":"2019-05-31T20:03:40","slug":"la-obra-del-edificio-donde-funcionan-las-escuelas-5-y-21-de-villa-ventana-presenta-un-avance-de-obra-del-45","status":"publish","type":"post","link":"https:\/\/www.celttv.com.ar\/index.php\/2019\/05\/31\/la-obra-del-edificio-donde-funcionan-las-escuelas-5-y-21-de-villa-ventana-presenta-un-avance-de-obra-del-45\/","title":{"rendered":"La obra del edificio donde funcionan las escuelas 5 y 21 de Villa Ventana presenta un avance de obra del 45%"},"content":{"rendered":"<p>La remodelaci\u00f3n y ampliaci\u00f3n del edificio donde funcionan las escuelas EP n\u00ba 21 y EES n\u00ba 5 de Villa Ventana, cuenta con un avance de obra del 45 %.<\/p>\n<p>El plan de trabajos contempla la ampliaci\u00f3n del edificio escolar en m\u00e1s 658,78 metros cuadrados cubiertos, 30,7 m2 semi-cubierto y 250,89 m2.de patios y vereda, y prev\u00e9 una serie de adecuaciones y mejoras tales como: terminaci\u00f3n de Acceso Semicubierto, Hall, pasillos, Aulas, Porter\u00eda, Secretaria, Preceptor\u00eda, ba\u00f1os, Vicedirecci\u00f3n, Direcci\u00f3n, SUM, Cocina, Dep\u00f3sito, Aula Multifunci\u00f3n, Acceso de servicio, Patio y vereda exterior reglamentaria.<\/p>\n<p>Se recuerda que la obra se realiza a trav\u00e9s de la Direcci\u00f3n General de Cultura y\u00a0Educaci\u00f3n\u00a0de la Provincia\u00a0de\u00a0Buenos Aires.<\/p>\n<p>Es importante destacar que la actual gesti\u00f3n retom\u00f3 las tareas de ejecuci\u00f3n de dicha obra, tan esperada por la comunidad de Villa Ventana.<\/p>\n<p><a href=\"http:\/\/www.celttv.com.ar\/?attachment_id=41837\" rel=\"attachment wp-att-41837\"><img loading=\"lazy\" decoding=\"async\" class=\"alignleft size-full wp-image-41837\" src=\"http:\/\/www.celttv.com.ar\/wp-content\/uploads\/2019\/05\/WhatsApp-Image-2019-05-31-at-13.02.56-1.jpeg\" alt=\"\" width=\"1080\" height=\"1080\" srcset=\"https:\/\/www.celttv.com.ar\/wp-content\/uploads\/2019\/05\/WhatsApp-Image-2019-05-31-at-13.02.56-1.jpeg 1080w, https:\/\/www.celttv.com.ar\/wp-content\/uploads\/2019\/05\/WhatsApp-Image-2019-05-31-at-13.02.56-1-300x300.jpeg 300w, https:\/\/www.celttv.com.ar\/wp-content\/uploads\/2019\/05\/WhatsApp-Image-2019-05-31-at-13.02.56-1-1024x1024.jpeg 1024w, https:\/\/www.celttv.com.ar\/wp-content\/uploads\/2019\/05\/WhatsApp-Image-2019-05-31-at-13.02.56-1-150x150.jpeg 150w, https:\/\/www.celttv.com.ar\/wp-content\/uploads\/2019\/05\/WhatsApp-Image-2019-05-31-at-13.02.56-1-768x768.jpeg 768w, https:\/\/www.celttv.com.ar\/wp-content\/uploads\/2019\/05\/WhatsApp-Image-2019-05-31-at-13.02.56-1-75x75.jpeg 75w, https:\/\/www.celttv.com.ar\/wp-content\/uploads\/2019\/05\/WhatsApp-Image-2019-05-31-at-13.02.56-1-750x750.jpeg 750w\" sizes=\"auto, (max-width: 1080px) 100vw, 1080px\" \/><\/a> <a href=\"http:\/\/www.celttv.com.ar\/?attachment_id=41838\" rel=\"attachment wp-att-41838\"><img loading=\"lazy\" decoding=\"async\" class=\"alignleft size-medium wp-image-41838\" src=\"http:\/\/www.celttv.com.ar\/wp-content\/uploads\/2019\/05\/WhatsApp-Image-2019-05-31-at-13.03.00-1.jpeg\" alt=\"\" width=\"780\" height=\"780\" srcset=\"https:\/\/www.celttv.com.ar\/wp-content\/uploads\/2019\/05\/WhatsApp-Image-2019-05-31-at-13.03.00-1.jpeg 1080w, https:\/\/www.celttv.com.ar\/wp-content\/uploads\/2019\/05\/WhatsApp-Image-2019-05-31-at-13.03.00-1-300x300.jpeg 300w, https:\/\/www.celttv.com.ar\/wp-content\/uploads\/2019\/05\/WhatsApp-Image-2019-05-31-at-13.03.00-1-1024x1024.jpeg 1024w, https:\/\/www.celttv.com.ar\/wp-content\/uploads\/2019\/05\/WhatsApp-Image-2019-05-31-at-13.03.00-1-150x150.jpeg 150w, https:\/\/www.celttv.com.ar\/wp-content\/uploads\/2019\/05\/WhatsApp-Image-2019-05-31-at-13.03.00-1-768x768.jpeg 768w, https:\/\/www.celttv.com.ar\/wp-content\/uploads\/2019\/05\/WhatsApp-Image-2019-05-31-at-13.03.00-1-75x75.jpeg 75w, https:\/\/www.celttv.com.ar\/wp-content\/uploads\/2019\/05\/WhatsApp-Image-2019-05-31-at-13.03.00-1-750x750.jpeg 750w\" sizes=\"auto, (max-width: 780px) 100vw, 780px\" \/><\/a><\/p>\n","protected":false},"excerpt":{"rendered":"<p>La remodelaci\u00f3n y ampliaci\u00f3n del edificio donde funcionan las escuelas EP n\u00ba 21 y EES n\u00ba 5 de Villa Ventana, cuenta con un avance de obra del 45 %. El plan de trabajos contempla la ampliaci\u00f3n del edificio escolar en m\u00e1s 658,78 metros cuadrados cubiertos, 30,7 m2 semi-cubierto y 250,89 m2.de patios y vereda, y [&hellip;]<\/p>\n","protected":false},"author":1,"featured_media":41837,"comment_status":"closed","ping_status":"open","sticky":false,"template":"","format":"standard","meta":{"footnotes":""},"categories":[55,52],"tags":[],"class_list":["post-41836","post","type-post","status-publish","format-standard","has-post-thumbnail","hentry","category-celt-tv-noticias","category-destacadas"],"yoast_head":"<!-- This site is optimized with the Yoast SEO plugin v19.7.1 - https:\/\/yoast.com\/wordpress\/plugins\/seo\/ -->\n<title>La obra del edificio donde funcionan las escuelas 5 y 21 de Villa Ventana presenta un avance de obra del 45% - CELTTV<\/title>\n<meta name=\"description\" content=\"Sitio web de noticias de la localidad de Tornquist, provincia de Buenos Aires, Rep\u00fablica Argentina. Contenido propio originado por periodistas de CELTTV, el canal de TV local de la Cooperativa El\u00e9ctrica de Tornquist. Turismo, Pol\u00edtica, Sociedad, Deporte, Cultura y todo el contenido de inter\u00e9s general que la gente del pueblo y la regi\u00f3n debe conocer.\" \/>\n<meta name=\"robots\" content=\"index, follow, max-snippet:-1, max-image-preview:large, max-video-preview:-1\" \/>\n<link rel=\"canonical\" href=\"https:\/\/www.celttv.com.ar\/index.php\/2019\/05\/31\/la-obra-del-edificio-donde-funcionan-las-escuelas-5-y-21-de-villa-ventana-presenta-un-avance-de-obra-del-45\/\" \/>\n<meta property=\"og:locale\" content=\"es_ES\" \/>\n<meta property=\"og:type\" content=\"article\" \/>\n<meta property=\"og:title\" content=\"La obra del edificio donde funcionan las escuelas 5 y 21 de Villa Ventana presenta un avance de obra del 45% - CELTTV\" \/>\n<meta property=\"og:description\" content=\"Sitio web de noticias de la localidad de Tornquist, provincia de Buenos Aires, Rep\u00fablica Argentina. Contenido propio originado por periodistas de CELTTV, el canal de TV local de la Cooperativa El\u00e9ctrica de Tornquist. Turismo, Pol\u00edtica, Sociedad, Deporte, Cultura y todo el contenido de inter\u00e9s general que la gente del pueblo y la regi\u00f3n debe conocer.\" \/>\n<meta property=\"og:url\" content=\"https:\/\/www.celttv.com.ar\/index.php\/2019\/05\/31\/la-obra-del-edificio-donde-funcionan-las-escuelas-5-y-21-de-villa-ventana-presenta-un-avance-de-obra-del-45\/\" \/>\n<meta property=\"og:site_name\" content=\"CELTTV\" \/>\n<meta property=\"article:publisher\" content=\"https:\/\/www.facebook.com\/celtTV\/\" \/>\n<meta property=\"article:published_time\" content=\"2019-05-31T20:03:40+00:00\" \/>\n<meta property=\"og:image\" content=\"https:\/\/www.celttv.com.ar\/wp-content\/uploads\/2019\/05\/WhatsApp-Image-2019-05-31-at-13.02.56-1.jpeg\" \/>\n\t<meta property=\"og:image:width\" content=\"1080\" \/>\n\t<meta property=\"og:image:height\" content=\"1080\" \/>\n\t<meta property=\"og:image:type\" content=\"image\/jpeg\" \/>\n<meta name=\"author\" content=\"ulises\" \/>\n<meta name=\"twitter:card\" content=\"summary_large_image\" \/>\n<meta name=\"twitter:label1\" content=\"Escrito por\" \/>\n\t<meta name=\"twitter:data1\" content=\"ulises\" \/>\n\t<meta name=\"twitter:label2\" content=\"Tiempo de lectura\" \/>\n\t<meta name=\"twitter:data2\" content=\"1 minuto\" \/>\n<script type=\"application\/ld+json\" class=\"yoast-schema-graph\">{\"@context\":\"https:\/\/schema.org\",\"@graph\":[{\"@type\":\"NewsArticle\",\"@id\":\"https:\/\/www.celttv.com.ar\/index.php\/2019\/05\/31\/la-obra-del-edificio-donde-funcionan-las-escuelas-5-y-21-de-villa-ventana-presenta-un-avance-de-obra-del-45\/#article\",\"isPartOf\":{\"@id\":\"https:\/\/www.celttv.com.ar\/index.php\/2019\/05\/31\/la-obra-del-edificio-donde-funcionan-las-escuelas-5-y-21-de-villa-ventana-presenta-un-avance-de-obra-del-45\/\"},\"author\":{\"name\":\"ulises\",\"@id\":\"https:\/\/www.celttv.com.ar\/#\/schema\/person\/6d99c072dba59953809c81446e9d0ace\"},\"headline\":\"La obra del edificio donde funcionan las escuelas 5 y 21 de Villa Ventana presenta un avance de obra del 45%\",\"datePublished\":\"2019-05-31T20:03:40+00:00\",\"dateModified\":\"2019-05-31T20:03:40+00:00\",\"mainEntityOfPage\":{\"@id\":\"https:\/\/www.celttv.com.ar\/index.php\/2019\/05\/31\/la-obra-del-edificio-donde-funcionan-las-escuelas-5-y-21-de-villa-ventana-presenta-un-avance-de-obra-del-45\/\"},\"wordCount\":165,\"publisher\":{\"@id\":\"https:\/\/www.celttv.com.ar\/#organization\"},\"articleSection\":[\"Celt TV Noticias\",\"Destacadas\"],\"inLanguage\":\"es\"},{\"@type\":\"WebPage\",\"@id\":\"https:\/\/www.celttv.com.ar\/index.php\/2019\/05\/31\/la-obra-del-edificio-donde-funcionan-las-escuelas-5-y-21-de-villa-ventana-presenta-un-avance-de-obra-del-45\/\",\"url\":\"https:\/\/www.celttv.com.ar\/index.php\/2019\/05\/31\/la-obra-del-edificio-donde-funcionan-las-escuelas-5-y-21-de-villa-ventana-presenta-un-avance-de-obra-del-45\/\",\"name\":\"La obra del edificio donde funcionan las escuelas 5 y 21 de Villa Ventana presenta un avance de obra del 45% - CELTTV\",\"isPartOf\":{\"@id\":\"https:\/\/www.celttv.com.ar\/#website\"},\"datePublished\":\"2019-05-31T20:03:40+00:00\",\"dateModified\":\"2019-05-31T20:03:40+00:00\",\"description\":\"Sitio web de noticias de la localidad de Tornquist, provincia de Buenos Aires, Rep\u00fablica Argentina. Contenido propio originado por periodistas de CELTTV, el canal de TV local de la Cooperativa El\u00e9ctrica de Tornquist. Turismo, Pol\u00edtica, Sociedad, Deporte, Cultura y todo el contenido de inter\u00e9s general que la gente del pueblo y la regi\u00f3n debe conocer.\",\"breadcrumb\":{\"@id\":\"https:\/\/www.celttv.com.ar\/index.php\/2019\/05\/31\/la-obra-del-edificio-donde-funcionan-las-escuelas-5-y-21-de-villa-ventana-presenta-un-avance-de-obra-del-45\/#breadcrumb\"},\"inLanguage\":\"es\",\"potentialAction\":[{\"@type\":\"ReadAction\",\"target\":[\"https:\/\/www.celttv.com.ar\/index.php\/2019\/05\/31\/la-obra-del-edificio-donde-funcionan-las-escuelas-5-y-21-de-villa-ventana-presenta-un-avance-de-obra-del-45\/\"]}]},{\"@type\":\"BreadcrumbList\",\"@id\":\"https:\/\/www.celttv.com.ar\/index.php\/2019\/05\/31\/la-obra-del-edificio-donde-funcionan-las-escuelas-5-y-21-de-villa-ventana-presenta-un-avance-de-obra-del-45\/#breadcrumb\",\"itemListElement\":[{\"@type\":\"ListItem\",\"position\":1,\"name\":\"Inicio\",\"item\":\"https:\/\/www.celttv.com.ar\/\"},{\"@type\":\"ListItem\",\"position\":2,\"name\":\"La obra del edificio donde funcionan las escuelas 5 y 21 de Villa Ventana presenta un avance de obra del 45%\"}]},{\"@type\":\"WebSite\",\"@id\":\"https:\/\/www.celttv.com.ar\/#website\",\"url\":\"https:\/\/www.celttv.com.ar\/\",\"name\":\"CELTTV\",\"description\":\"Cooperativa El\u00e9ctrica de Tornquist\",\"publisher\":{\"@id\":\"https:\/\/www.celttv.com.ar\/#organization\"},\"potentialAction\":[{\"@type\":\"SearchAction\",\"target\":{\"@type\":\"EntryPoint\",\"urlTemplate\":\"https:\/\/www.celttv.com.ar\/?s={search_term_string}\"},\"query-input\":\"required name=search_term_string\"}],\"inLanguage\":\"es\"},{\"@type\":\"Organization\",\"@id\":\"https:\/\/www.celttv.com.ar\/#organization\",\"name\":\"CELTTV\",\"url\":\"https:\/\/www.celttv.com.ar\/\",\"sameAs\":[\"https:\/\/www.youtube.com\/channel\/UCz_oIt8Hig64Ub-EmcNPIhg\",\"https:\/\/www.facebook.com\/celtTV\/\"],\"logo\":{\"@type\":\"ImageObject\",\"inLanguage\":\"es\",\"@id\":\"https:\/\/www.celttv.com.ar\/#\/schema\/logo\/image\/\",\"url\":\"http:\/\/www.celttv.com.ar\/wp-content\/uploads\/2022\/08\/logo-1.png\",\"contentUrl\":\"http:\/\/www.celttv.com.ar\/wp-content\/uploads\/2022\/08\/logo-1.png\",\"width\":461,\"height\":159,\"caption\":\"CELTTV\"},\"image\":{\"@id\":\"https:\/\/www.celttv.com.ar\/#\/schema\/logo\/image\/\"}},{\"@type\":\"Person\",\"@id\":\"https:\/\/www.celttv.com.ar\/#\/schema\/person\/6d99c072dba59953809c81446e9d0ace\",\"name\":\"ulises\",\"image\":{\"@type\":\"ImageObject\",\"inLanguage\":\"es\",\"@id\":\"https:\/\/www.celttv.com.ar\/#\/schema\/person\/image\/\",\"url\":\"https:\/\/secure.gravatar.com\/avatar\/7f2c48bdc33b30088f941fb6082e555f2874c98e20cb159d7b92b50eadfce793?s=96&d=mm&r=g\",\"contentUrl\":\"https:\/\/secure.gravatar.com\/avatar\/7f2c48bdc33b30088f941fb6082e555f2874c98e20cb159d7b92b50eadfce793?s=96&d=mm&r=g\",\"caption\":\"ulises\"},\"sameAs\":[\"http:\/\/www.celttv.com.ar\"]}]}<\/script>\n<!-- \/ Yoast SEO plugin. -->","yoast_head_json":{"title":"La obra del edificio donde funcionan las escuelas 5 y 21 de Villa Ventana presenta un avance de obra del 45% - CELTTV","description":"Sitio web de noticias de la localidad de Tornquist, provincia de Buenos Aires, Rep\u00fablica Argentina. Contenido propio originado por periodistas de CELTTV, el canal de TV local de la Cooperativa El\u00e9ctrica de Tornquist. Turismo, Pol\u00edtica, Sociedad, Deporte, Cultura y todo el contenido de inter\u00e9s general que la gente del pueblo y la regi\u00f3n debe conocer.","robots":{"index":"index","follow":"follow","max-snippet":"max-snippet:-1","max-image-preview":"max-image-preview:large","max-video-preview":"max-video-preview:-1"},"canonical":"https:\/\/www.celttv.com.ar\/index.php\/2019\/05\/31\/la-obra-del-edificio-donde-funcionan-las-escuelas-5-y-21-de-villa-ventana-presenta-un-avance-de-obra-del-45\/","og_locale":"es_ES","og_type":"article","og_title":"La obra del edificio donde funcionan las escuelas 5 y 21 de Villa Ventana presenta un avance de obra del 45% - CELTTV","og_description":"Sitio web de noticias de la localidad de Tornquist, provincia de Buenos Aires, Rep\u00fablica Argentina. Contenido propio originado por periodistas de CELTTV, el canal de TV local de la Cooperativa El\u00e9ctrica de Tornquist. Turismo, Pol\u00edtica, Sociedad, Deporte, Cultura y todo el contenido de inter\u00e9s general que la gente del pueblo y la regi\u00f3n debe conocer.","og_url":"https:\/\/www.celttv.com.ar\/index.php\/2019\/05\/31\/la-obra-del-edificio-donde-funcionan-las-escuelas-5-y-21-de-villa-ventana-presenta-un-avance-de-obra-del-45\/","og_site_name":"CELTTV","article_publisher":"https:\/\/www.facebook.com\/celtTV\/","article_published_time":"2019-05-31T20:03:40+00:00","og_image":[{"width":1080,"height":1080,"url":"https:\/\/www.celttv.com.ar\/wp-content\/uploads\/2019\/05\/WhatsApp-Image-2019-05-31-at-13.02.56-1.jpeg","type":"image\/jpeg"}],"author":"ulises","twitter_card":"summary_large_image","twitter_misc":{"Escrito por":"ulises","Tiempo de lectura":"1 minuto"},"schema":{"@context":"https:\/\/schema.org","@graph":[{"@type":"NewsArticle","@id":"https:\/\/www.celttv.com.ar\/index.php\/2019\/05\/31\/la-obra-del-edificio-donde-funcionan-las-escuelas-5-y-21-de-villa-ventana-presenta-un-avance-de-obra-del-45\/#article","isPartOf":{"@id":"https:\/\/www.celttv.com.ar\/index.php\/2019\/05\/31\/la-obra-del-edificio-donde-funcionan-las-escuelas-5-y-21-de-villa-ventana-presenta-un-avance-de-obra-del-45\/"},"author":{"name":"ulises","@id":"https:\/\/www.celttv.com.ar\/#\/schema\/person\/6d99c072dba59953809c81446e9d0ace"},"headline":"La obra del edificio donde funcionan las escuelas 5 y 21 de Villa Ventana presenta un avance de obra del 45%","datePublished":"2019-05-31T20:03:40+00:00","dateModified":"2019-05-31T20:03:40+00:00","mainEntityOfPage":{"@id":"https:\/\/www.celttv.com.ar\/index.php\/2019\/05\/31\/la-obra-del-edificio-donde-funcionan-las-escuelas-5-y-21-de-villa-ventana-presenta-un-avance-de-obra-del-45\/"},"wordCount":165,"publisher":{"@id":"https:\/\/www.celttv.com.ar\/#organization"},"articleSection":["Celt TV Noticias","Destacadas"],"inLanguage":"es"},{"@type":"WebPage","@id":"https:\/\/www.celttv.com.ar\/index.php\/2019\/05\/31\/la-obra-del-edificio-donde-funcionan-las-escuelas-5-y-21-de-villa-ventana-presenta-un-avance-de-obra-del-45\/","url":"https:\/\/www.celttv.com.ar\/index.php\/2019\/05\/31\/la-obra-del-edificio-donde-funcionan-las-escuelas-5-y-21-de-villa-ventana-presenta-un-avance-de-obra-del-45\/","name":"La obra del edificio donde funcionan las escuelas 5 y 21 de Villa Ventana presenta un avance de obra del 45% - CELTTV","isPartOf":{"@id":"https:\/\/www.celttv.com.ar\/#website"},"datePublished":"2019-05-31T20:03:40+00:00","dateModified":"2019-05-31T20:03:40+00:00","description":"Sitio web de noticias de la localidad de Tornquist, provincia de Buenos Aires, Rep\u00fablica Argentina. Contenido propio originado por periodistas de CELTTV, el canal de TV local de la Cooperativa El\u00e9ctrica de Tornquist. Turismo, Pol\u00edtica, Sociedad, Deporte, Cultura y todo el contenido de inter\u00e9s general que la gente del pueblo y la regi\u00f3n debe conocer.","breadcrumb":{"@id":"https:\/\/www.celttv.com.ar\/index.php\/2019\/05\/31\/la-obra-del-edificio-donde-funcionan-las-escuelas-5-y-21-de-villa-ventana-presenta-un-avance-de-obra-del-45\/#breadcrumb"},"inLanguage":"es","potentialAction":[{"@type":"ReadAction","target":["https:\/\/www.celttv.com.ar\/index.php\/2019\/05\/31\/la-obra-del-edificio-donde-funcionan-las-escuelas-5-y-21-de-villa-ventana-presenta-un-avance-de-obra-del-45\/"]}]},{"@type":"BreadcrumbList","@id":"https:\/\/www.celttv.com.ar\/index.php\/2019\/05\/31\/la-obra-del-edificio-donde-funcionan-las-escuelas-5-y-21-de-villa-ventana-presenta-un-avance-de-obra-del-45\/#breadcrumb","itemListElement":[{"@type":"ListItem","position":1,"name":"Inicio","item":"https:\/\/www.celttv.com.ar\/"},{"@type":"ListItem","position":2,"name":"La obra del edificio donde funcionan las escuelas 5 y 21 de Villa Ventana presenta un avance de obra del 45%"}]},{"@type":"WebSite","@id":"https:\/\/www.celttv.com.ar\/#website","url":"https:\/\/www.celttv.com.ar\/","name":"CELTTV","description":"Cooperativa El\u00e9ctrica de Tornquist","publisher":{"@id":"https:\/\/www.celttv.com.ar\/#organization"},"potentialAction":[{"@type":"SearchAction","target":{"@type":"EntryPoint","urlTemplate":"https:\/\/www.celttv.com.ar\/?s={search_term_string}"},"query-input":"required name=search_term_string"}],"inLanguage":"es"},{"@type":"Organization","@id":"https:\/\/www.celttv.com.ar\/#organization","name":"CELTTV","url":"https:\/\/www.celttv.com.ar\/","sameAs":["https:\/\/www.youtube.com\/channel\/UCz_oIt8Hig64Ub-EmcNPIhg","https:\/\/www.facebook.com\/celtTV\/"],"logo":{"@type":"ImageObject","inLanguage":"es","@id":"https:\/\/www.celttv.com.ar\/#\/schema\/logo\/image\/","url":"http:\/\/www.celttv.com.ar\/wp-content\/uploads\/2022\/08\/logo-1.png","contentUrl":"http:\/\/www.celttv.com.ar\/wp-content\/uploads\/2022\/08\/logo-1.png","width":461,"height":159,"caption":"CELTTV"},"image":{"@id":"https:\/\/www.celttv.com.ar\/#\/schema\/logo\/image\/"}},{"@type":"Person","@id":"https:\/\/www.celttv.com.ar\/#\/schema\/person\/6d99c072dba59953809c81446e9d0ace","name":"ulises","image":{"@type":"ImageObject","inLanguage":"es","@id":"https:\/\/www.celttv.com.ar\/#\/schema\/person\/image\/","url":"https:\/\/secure.gravatar.com\/avatar\/7f2c48bdc33b30088f941fb6082e555f2874c98e20cb159d7b92b50eadfce793?s=96&d=mm&r=g","contentUrl":"https:\/\/secure.gravatar.com\/avatar\/7f2c48bdc33b30088f941fb6082e555f2874c98e20cb159d7b92b50eadfce793?s=96&d=mm&r=g","caption":"ulises"},"sameAs":["http:\/\/www.celttv.com.ar"]}]}},"_links":{"self":[{"href":"https:\/\/www.celttv.com.ar\/index.php\/wp-json\/wp\/v2\/posts\/41836","targetHints":{"allow":["GET"]}}],"collection":[{"href":"https:\/\/www.celttv.com.ar\/index.php\/wp-json\/wp\/v2\/posts"}],"about":[{"href":"https:\/\/www.celttv.com.ar\/index.php\/wp-json\/wp\/v2\/types\/post"}],"author":[{"embeddable":true,"href":"https:\/\/www.celttv.com.ar\/index.php\/wp-json\/wp\/v2\/users\/1"}],"replies":[{"embeddable":true,"href":"https:\/\/www.celttv.com.ar\/index.php\/wp-json\/wp\/v2\/comments?post=41836"}],"version-history":[{"count":0,"href":"https:\/\/www.celttv.com.ar\/index.php\/wp-json\/wp\/v2\/posts\/41836\/revisions"}],"wp:featuredmedia":[{"embeddable":true,"href":"https:\/\/www.celttv.com.ar\/index.php\/wp-json\/wp\/v2\/media\/41837"}],"wp:attachment":[{"href":"https:\/\/www.celttv.com.ar\/index.php\/wp-json\/wp\/v2\/media?parent=41836"}],"wp:term":[{"taxonomy":"category","embeddable":true,"href":"https:\/\/www.celttv.com.ar\/index.php\/wp-json\/wp\/v2\/categories?post=41836"},{"taxonomy":"post_tag","embeddable":true,"href":"https:\/\/www.celttv.com.ar\/index.php\/wp-json\/wp\/v2\/tags?post=41836"}],"curies":[{"name":"wp","href":"https:\/\/api.w.org\/{rel}","templated":true}]}}